{"id":209124,"date":"2026-03-16T11:45:00","date_gmt":"2026-03-16T14:45:00","guid":{"rendered":"https:\/\/www.correiobraziliense.com.br\/cbradar\/?p=209124"},"modified":"2026-03-16T15:39:34","modified_gmt":"2026-03-16T18:39:34","slug":"a-vila-historica-com-ruas-de-pedra-e-8-mil-habitantes-que-virou-o-destino-gastronomico-no-1-do-mundo-em-2026","status":"publish","type":"post","link":"https:\/\/www.correiobraziliense.com.br\/cbradar\/a-vila-historica-com-ruas-de-pedra-e-8-mil-habitantes-que-virou-o-destino-gastronomico-no-1-do-mundo-em-2026\/","title":{"rendered":"A vila hist\u00f3rica com ruas de pedra e 8 mil habitantes que virou o destino gastron\u00f4mico n\u00ba 1 do mundo em 2026"},"content":{"rendered":"\n<p>No sop\u00e9 da <strong>Serra de S\u00e3o Jos\u00e9<\/strong>, uma cidade de ruas de pedra e menos de oito mil habitantes recebe visitantes o ano inteiro. <strong>Tiradentes<\/strong>, em <strong>Minas Gerais<\/strong>, tem cerca de 8 mil leitos em pousadas e hot\u00e9is, n\u00famero que supera a popula\u00e7\u00e3o fixa. Fundada por volta de <strong>1702<\/strong> durante a corrida do ouro, a vila hist\u00f3rica foi tombada pelo <strong>IPHAN<\/strong> em <strong>1938<\/strong> e hoje combina patrim\u00f4nio barroco, gastronomia premiada e trilhas serranas a 190 km de <strong>Belo Horizonte<\/strong>.<\/p>\n\n\n\n<h2 class=\"wp-block-heading\">Do ouro \u00e0 alforria: a hist\u00f3ria nas pedras do Largo das Forras<\/h2>\n\n\n\n<p>Bandeirantes paulistas encontraram ouro nas encostas da serra e ergueram o povoado que primeiro se chamou <strong>Santo Ant\u00f4nio do Rio das Mortes<\/strong>. Em 1718, virou <strong>Vila de S\u00e3o Jos\u00e9<\/strong>. Com a Proclama\u00e7\u00e3o da Rep\u00fablica em 1889, ganhou o nome do inconfidente <strong>Joaquim Jos\u00e9 da Silva Xavier<\/strong>. O <strong>Largo das Forras<\/strong>, pra\u00e7a central redesenhada pelo paisagista <strong>Roberto Burle Marx<\/strong>, carrega no nome a mem\u00f3ria do local onde escravos recebiam cartas de alforria.<\/p>\n\n\n\n<p>O isolamento econ\u00f4mico ap\u00f3s o fim do ciclo minerador preservou o casario colonial quase intacto. Na d\u00e9cada de 1970, artistas e intelectuais redescobriram a cidade e iniciaram um processo de restaura\u00e7\u00e3o que transformou Tiradentes num dos conjuntos barrocos mais bem conservados do pa\u00eds.<\/p>\n\n\n<div class=\"wp-block-image\">\n<figure class=\"aligncenter size-full\"><img decoding=\"async\" width=\"1280\" height=\"720\" src=\"https:\/\/www.correiobraziliense.com.br\/cbradar\/wp-content\/uploads\/2026\/03\/Tiradentes_1773639272122.jpg\" alt=\"\" class=\"wp-image-209186\" srcset=\"https:\/\/www.correiobraziliense.com.br\/cbradar\/wp-content\/uploads\/2026\/03\/Tiradentes_1773639272122.jpg 1280w, https:\/\/www.correiobraziliense.com.br\/cbradar\/wp-content\/uploads\/2026\/03\/Tiradentes_1773639272122-300x169.jpg 300w, https:\/\/www.correiobraziliense.com.br\/cbradar\/wp-content\/uploads\/2026\/03\/Tiradentes_1773639272122-768x432.jpg 768w, https:\/\/www.correiobraziliense.com.br\/cbradar\/wp-content\/uploads\/2026\/03\/Tiradentes_1773639272122-750x422.jpg 750w, https:\/\/www.correiobraziliense.com.br\/cbradar\/wp-content\/uploads\/2026\/03\/Tiradentes_1773639272122-1140x641.jpg 1140w\" sizes=\"(max-width: 1280px) 100vw, 1280px\" \/><figcaption class=\"wp-element-caption\">Tiradentes prova que preservar o passado pode ser o melhor investimento para o futuro. \/ Cr\u00e9ditos: depositphotos.com \/ brunomartins246<\/figcaption><\/figure><\/div>\n\n\n<h2 class=\"wp-block-heading\">O que visitar no centro hist\u00f3rico a p\u00e9?<\/h2>\n\n\n\n<p>Tiradentes \u00e9 uma cidade para se explorar sem pressa. Em um dia inteiro, d\u00e1 para percorrer as principais atra\u00e7\u00f5es caminhando a partir do Largo das Forras.<\/p>\n\n\n\n<ul class=\"wp-block-list\">\n<li><strong>Igreja Matriz de Santo Ant\u00f4nio<\/strong>: constru\u00edda no s\u00e9culo XVIII, tem fachada com risco atribu\u00eddo a <strong>Aleijadinho<\/strong> e interior revestido de talha dourada. \u00c9 considerada a segunda igreja em quantidade de ouro do Brasil.<\/li>\n\n\n\n<li><strong>Chafariz de S\u00e3o Jos\u00e9<\/strong>: erguido em <strong>1749<\/strong> pela C\u00e2mara Municipal, com carrancas em pedra e elementos barrocos. Um dos exemplares coloniais mais preservados de <strong>Minas<\/strong>.<\/li>\n\n\n\n<li><strong>Museu Casa do Padre Toledo<\/strong>: solar do padre inconfidente, com pinturas no forro que retratam frutas brasileiras e cenas campestres. Abriga o Centro de Estudos de Hist\u00f3ria Brasileira.<\/li>\n\n\n\n<li><strong>Museu de Sant&#8217;Ana<\/strong>: instalado na antiga cadeia p\u00fablica, re\u00fane mais de 290 imagens da santa protetora dos lares, produzidas entre os s\u00e9culos XVII e XIX.<\/li>\n\n\n\n<li><strong>Santu\u00e1rio da Sant\u00edssima Trindade<\/strong>: palco do Jubileu da Sant\u00edssima em junho, uma das maiores festas religiosas da regi\u00e3o.<\/li>\n<\/ul>\n\n\n\n<h2 class=\"wp-block-heading\">Como \u00e9 o passeio de Maria Fuma\u00e7a at\u00e9 S\u00e3o Jo\u00e3o del-Rei?<\/h2>\n\n\n\n<p>Inaugurada em <strong>1881<\/strong> por <strong>Dom Pedro II<\/strong>, a <a href=\"https:\/\/tiradentes.net\/01\/pontos-turisticos-de-tiradentes-mg\/\" target=\"_blank\" rel=\"noreferrer noopener\"><strong>Maria Fuma\u00e7a<\/strong><\/a> percorre 12 km entre Tiradentes e <strong>S\u00e3o Jo\u00e3o del-Rei<\/strong> em cerca de 35 minutos. O trecho pertencia \u00e0 antiga <strong>Estrada de Ferro Oeste de Minas<\/strong> e margeia o <strong>Rio das Mortes<\/strong> por uma paisagem de morros e mata. Na esta\u00e7\u00e3o de Tiradentes, \u00e9 poss\u00edvel acompanhar o giro manual da locomotiva na rotunda, um espet\u00e1culo \u00e0 parte para os visitantes.<\/p>\n\n\n<div class=\"wp-block-image\">\n<figure class=\"aligncenter size-large\"><img decoding=\"async\" width=\"1024\" height=\"576\" src=\"https:\/\/www.correiobraziliense.com.br\/cbradar\/wp-content\/uploads\/2025\/04\/Edicoes-51-1024x576.png\" alt=\"A cidade hist\u00f3rica conhecida por transportar seus visitantes ao passado com sua beleza colonial\" class=\"wp-image-23970\" srcset=\"https:\/\/www.correiobraziliense.com.br\/cbradar\/wp-content\/uploads\/2025\/04\/Edicoes-51-1024x576.png 1024w, https:\/\/www.correiobraziliense.com.br\/cbradar\/wp-content\/uploads\/2025\/04\/Edicoes-51-300x169.png 300w, https:\/\/www.correiobraziliense.com.br\/cbradar\/wp-content\/uploads\/2025\/04\/Edicoes-51-768x432.png 768w, https:\/\/www.correiobraziliense.com.br\/cbradar\/wp-content\/uploads\/2025\/04\/Edicoes-51-750x422.png 750w, https:\/\/www.correiobraziliense.com.br\/cbradar\/wp-content\/uploads\/2025\/04\/Edicoes-51-1140x641.png 1140w, https:\/\/www.correiobraziliense.com.br\/cbradar\/wp-content\/uploads\/2025\/04\/Edicoes-51.png 1280w\" sizes=\"(max-width: 1024px) 100vw, 1024px\" \/><figcaption class=\"wp-element-caption\">Pequena cidade com foco em turismo de alto impacto, infraestrutura hoteleira em desenvolvimento e conserva\u00e7\u00e3o de seu conjunto arquitet\u00f4nico. \/\/ Reprodu\u00e7\u00e3o: Wikimedia Commons<\/figcaption><\/figure><\/div>\n\n\n<h2 class=\"wp-block-heading\">Por que a Cond\u00e9 Nast Traveller indicou Tiradentes para comer em 2026?<\/h2>\n\n\n\n<p>O <a href=\"https:\/\/www.farturabrasil.com.br\/festivais-fartura\/festival-cultura-e-gastronomia-de-tiradentes-e-eleito-um-dos-melhores-destinos-para-comer-no-mundo-em-2026-pela-conde-nast-traveller-2\/\" target=\"_blank\" rel=\"noreferrer noopener\"><strong>Festival de Cultura e Gastronomia de Tiradentes<\/strong><\/a>, criado em <strong>1998<\/strong>, foi o primeiro evento gastron\u00f4mico do Brasil. Em quase tr\u00eas d\u00e9cadas, transformou uma cidade com poucos restaurantes num dos destinos de cozinha mais reconhecidos do pa\u00eds. A revista brit\u00e2nica <strong>Cond\u00e9 Nast Traveller<\/strong> incluiu o festival entre os melhores lugares para comer no mundo em 2026. A edi\u00e7\u00e3o de 2026 acontece entre 21 e 30 de agosto.<\/p>\n\n\n\n<p>Fora do festival, a cena gastron\u00f4mica mant\u00e9m o n\u00edvel. O <strong>Tragaluz<\/strong> mistura tradi\u00e7\u00e3o e modernidade, o <strong>Virada&#8217;s do Largo<\/strong> elevou o padr\u00e3o da cozinha mineira, e o <strong>Pacco e Bacco<\/strong> se destaca pela carta de vinhos. Nos arredores, o <strong>Engenho Boa Vista<\/strong>, em <strong>Coronel Xavier Chaves<\/strong>, produz a cacha\u00e7a <strong>S\u00e9culo XVIII<\/strong> num alambique que pertenceu \u00e0 fam\u00edlia de Tiradentes e pode ser o mais antigo do Brasil ainda em atividade.<\/p>\n\n\n\n<p><strong>A hist\u00f3ria do Brasil colonial ganha vida entre as montanhas e casar\u00f5es preservados desta joia mineira.<\/strong> O v\u00eddeo \u00e9 do canal <strong>Napoleao Paulo<\/strong>, com dicas pr\u00e1ticas de roteiro, e apresenta a Igreja Matriz, o passeio de Maria Fuma\u00e7a e a culin\u00e1ria local:<\/p>\n\n\n\n<figure class=\"wp-block-embed aligncenter is-type-video is-provider-youtube wp-block-embed-youtube wp-embed-aspect-16-9 wp-has-aspect-ratio\"><div class=\"wp-block-embed__wrapper\">\n<div class=\"jeg_video_container jeg_video_content\"><iframe loading=\"lazy\" title=\"TIRADENTES MG: O que fazer em 3 dias na cidade mais charmosa de Minas e S\u00e3o Jo\u00e3o del Rei\" width=\"500\" height=\"281\" src=\"https:\/\/www.youtube.com\/embed\/g5urbhyjfHg?feature=oembed\" frameborder=\"0\" allow=\"accelerometer; autoplay; clipboard-write; encrypted-media; gyroscope; picture-in-picture; web-share\" referrerpolicy=\"strict-origin-when-cross-origin\" allowfullscreen><\/iframe><\/div>\n<\/div><\/figure>\n\n\n\n<h2 class=\"wp-block-heading\">O que fazer al\u00e9m do centro hist\u00f3rico?<\/h2>\n\n\n\n<p>A Serra de S\u00e3o Jos\u00e9, com altitude m\u00e9dia de 1.100 metros e cerca de 15 km de extens\u00e3o, oferece trilhas, cachoeiras e mirantes acess\u00edveis a partir da cidade.<\/p>\n\n\n\n<ul class=\"wp-block-list\">\n<li><strong>Cachoeira do Mangue<\/strong>: trilha de 30 minutos pela Mata Atl\u00e2ntica at\u00e9 uma piscina natural de \u00e1guas cristalinas entre a serra e o Morro de Santa Luzia.<\/li>\n\n\n\n<li><strong>\u00c1guas Santas<\/strong>: balne\u00e1rio com piscinas naturais de \u00e1guas termais a 27,5\u00b0C, acess\u00edvel por trilha pela <strong>Estrada Real<\/strong>.<\/li>\n\n\n\n<li><strong>Bichinho (Vitoriano Veloso)<\/strong>: vilarejo a 7 km com ateli\u00eas de arte, a famosa <strong>Casa Torta<\/strong> e o <strong>Museu do Autom\u00f3vel da Estrada Real<\/strong>.<\/li>\n<\/ul>\n\n\n\n<p><strong>Leia tamb\u00e9m: <a href=\"https:\/\/www.correiobraziliense.com.br\/cbradar\/a-quarta-cidade-mais-antiga-do-brasil-tem-um-cristo-redentor-anterior-ao-do-rio-de-janeiro\/\" target=\"_blank\" rel=\"noreferrer noopener\">A quarta cidade mais antiga do Brasil tem um Cristo Redentor anterior ao do Rio de Janeiro.<\/a><\/strong><\/p>\n\n\n\n<h2 class=\"wp-block-heading\">Quando o clima favorece a visita \u00e0 cidade hist\u00f3rica?<\/h2>\n\n\n\n<p>O clima tropical de altitude garante noites frescas o ano inteiro. A altitude de 927 metros produz manh\u00e3s de neblina no outono que d\u00e3o um ar po\u00e9tico ao casario.<\/p>\n\n\n\n<div class=\"google-auto-ads-ignore\" style=\"font-family: 'Segoe UI', Roboto, -apple-system, sans-serif; max-width: 850px; margin: 20px auto; box-sizing: border-box; background-color: #ffffff; -webkit-font-smoothing: antialiased; text-rendering: optimizeLegibility;\">\n    \n    <div style=\"background: #fffcfc; border-radius: 20px; overflow: hidden; border: 1px solid #bae6fd; display: flex; flex-direction: column; box-shadow: 0 4px 15px rgba(2, 132, 199, 0.05);\">\n        \n        <div style=\"background: linear-gradient(135deg, #38bdf8 0%, #0284c7 100%); padding: 20px 30px; text-align: left;\">\n            <div style=\"font-size: 24px; font-weight: 800; color: #ffffff; letter-spacing: -0.5px; line-height: 1.2;\">\n                Sazonalidade e condi\u00e7\u00f5es para atividades\n            <\/div>\n            <div style=\"font-size: 14px; color: #e0f2fe; margin-top: 4px; font-weight: 500; opacity: 0.9;\">\n                An\u00e1lise clim\u00e1tica detalhada para planejamento de viagem e roteiros hist\u00f3ricos, naturais e gastron\u00f4micos\n            <\/div>\n        <\/div>\n\n        <div style=\"padding: 15px;\">\n            <div style=\"display: grid; width: 100%; grid-template-columns: 0.8fr 0.7fr 1fr 0.7fr 1.8fr; gap: 1px; background-color: #7dd3fc; border-radius: 12px; border: 1px solid #7dd3fc; overflow: hidden;\">\n                \n                <div style=\"background: #f0f9ff; padding: 10px; font-weight: 800; font-size: 11px; text-transform: uppercase; color: #0c4a6e; text-align: center;\">Esta\u00e7\u00e3o<\/div>\n                <div style=\"background: #f0f9ff; padding: 10px; font-weight: 800; font-size: 11px; text-transform: uppercase; color: #0c4a6e; text-align: center;\">Meses<\/div>\n                <div style=\"background: #f0f9ff; padding: 10px; font-weight: 800; font-size: 11px; text-transform: uppercase; color: #0c4a6e; text-align: center;\">Temperatura<\/div>\n                <div style=\"background: #f0f9ff; padding: 10px; font-weight: 800; font-size: 11px; text-transform: uppercase; color: #0c4a6e; text-align: center;\">Chuva<\/div>\n                <div style=\"background: #f0f9ff; padding: 10px; font-weight: 800; font-size: 11px; text-transform: uppercase; color: #0c4a6e; text-align: center;\">O que fazer<\/div>\n\n                <div style=\"background: #ffffff; padding: 12px; font-weight: 800; color: #0284c7; font-size: 14px; display: flex; align-items: center; justify-content: center; gap: 5px;\">\u2600\ufe0f Ver\u00e3o<\/div>\n                <div style=\"background: #ffffff; padding: 12px; font-size: 13px; color: #1e293b; font-weight: 600; display: flex; align-items: center; justify-content: center;\">Dez-Fev<\/div>\n                <div style=\"background: #ffffff; padding: 12px; display: flex; align-items: center; justify-content: center; gap: 6px;\">\n                    <span style=\"font-size: 13px; font-weight: 700; color: #1e293b;\">17-28\u00b0C<\/span>\n                <\/div>\n                <div style=\"background: #ffffff; padding: 12px; font-size: 13px; color: #ef4444; font-weight: 600; display: flex; align-items: center; justify-content: center;\">Alta<\/div>\n                <div style=\"background: #ffffff; padding: 12px; font-size: 13px; line-height: 1.4; color: #1e293b; display: flex; align-items: center;\">Cachoeiras com volume m\u00e1ximo e trilhas refrescantes pela manh\u00e3.<\/div>\n\n                <div style=\"background: #f8fafc; padding: 12px; font-weight: 800; color: #0284c7; font-size: 14px; display: flex; align-items: center; justify-content: center; gap: 5px;\">\ud83c\udf42 Outono<\/div>\n                <div style=\"background: #f8fafc; padding: 12px; font-size: 13px; color: #1e293b; font-weight: 600; display: flex; align-items: center; justify-content: center;\">Mar-Mai<\/div>\n                <div style=\"background: #f8fafc; padding: 12px; display: flex; align-items: center; justify-content: center; gap: 6px;\">\n                    <span style=\"font-size: 13px; font-weight: 700; color: #1e293b;\">14-25\u00b0C<\/span>\n                <\/div>\n                <div style=\"background: #f8fafc; padding: 12px; font-size: 13px; color: #4b5563; font-weight: 600; display: flex; align-items: center; justify-content: center;\">M\u00e9dia<\/div>\n                <div style=\"background: #f8fafc; padding: 12px; font-size: 13px; line-height: 1.4; color: #1e293b; display: flex; align-items: center;\">Passeio de Maria Fuma\u00e7a emoldurado por paisagens floridas.<\/div>\n\n                <div style=\"background: #ffffff; padding: 12px; font-weight: 800; color: #0284c7; font-size: 14px; display: flex; align-items: center; justify-content: center; gap: 5px;\">\u2744\ufe0f Inverno<\/div>\n                <div style=\"background: #ffffff; padding: 12px; font-size: 13px; color: #1e293b; font-weight: 600; display: flex; align-items: center; justify-content: center;\">Jun-Ago<\/div>\n                <div style=\"background: #ffffff; padding: 12px; display: flex; align-items: center; justify-content: center; gap: 6px;\">\n                    <span style=\"font-size: 13px; font-weight: 700; color: #1e293b;\">8-22\u00b0C<\/span>\n                <\/div>\n                <div style=\"background: #ffffff; padding: 12px; font-size: 13px; color: #4b5563; font-weight: 600; display: flex; align-items: center; justify-content: center;\">Baixa<\/div>\n                <div style=\"background: #ffffff; padding: 12px; font-size: 13px; line-height: 1.4; color: #1e293b; display: flex; align-items: center;\">Festival Gastron\u00f4mico, caldos e fondue no clima serrano.<\/div>\n\n                <div style=\"background: #f8fafc; padding: 12px; font-weight: 800; color: #0284c7; font-size: 14px; display: flex; align-items: center; justify-content: center; gap: 5px;\">\u26ea Primavera<\/div>\n                <div style=\"background: #f8fafc; padding: 12px; font-size: 13px; color: #1e293b; font-weight: 600; display: flex; align-items: center; justify-content: center;\">Set-Nov<\/div>\n                <div style=\"background: #f8fafc; padding: 12px; display: flex; align-items: center; justify-content: center; gap: 6px;\">\n                    <span style=\"font-size: 13px; font-weight: 700; color: #1e293b;\">14-27\u00b0C<\/span>\n                <\/div>\n                <div style=\"background: #f8fafc; padding: 12px; font-size: 13px; color: #4b5563; font-weight: 600; display: flex; align-items: center; justify-content: center;\">M\u00e9dia<\/div>\n                <div style=\"background: #f8fafc; padding: 12px; font-size: 13px; line-height: 1.4; color: #1e293b; display: flex; align-items: center;\">Mirantes, visitas a igrejas centen\u00e1rias e compras de artesanato.<\/div>\n            <\/div>\n        <\/div>\n\n        <div style=\"padding: 10px 30px; background: #f0f9ff; border-top: 1px solid #bae6fd; font-size: 12px; color: #0c4a6e; font-style: italic; display: flex; align-items: center; gap: 8px; font-weight: 600;\">\n            <div style=\"width: 6px; height: 6px; background: #0284c7; border-radius: 50%;\"><\/div>\n            Informa\u00e7\u00e3o: O inverno \u00e9 a \u00e9poca de ouro para a gastronomia, com o tradicional Festival Gastron\u00f4mico atraindo visitantes sob o c\u00e9u limpo de Minas.\n        <\/div>\n        \n    <\/div>\n<\/div>\n\n\n\n<p><em>Temperaturas aproximadas. Consulte a previs\u00e3o atualizada no <a href=\"https:\/\/www.climatempo.com.br\/previsao-do-tempo\/cidade\/197\/tiradentes-mg\" target=\"_blank\" rel=\"noreferrer noopener\"><strong>Climatempo<\/strong><\/a>.<\/em><\/p>\n\n\n<div class=\"wp-block-image\">\n<figure class=\"aligncenter size-full\"><img decoding=\"async\" width=\"1280\" height=\"720\" src=\"https:\/\/www.correiobraziliense.com.br\/cbradar\/wp-content\/uploads\/2026\/03\/Tiradentes_1773639455001.jpg\" alt=\"\" class=\"wp-image-209189\" srcset=\"https:\/\/www.correiobraziliense.com.br\/cbradar\/wp-content\/uploads\/2026\/03\/Tiradentes_1773639455001.jpg 1280w, https:\/\/www.correiobraziliense.com.br\/cbradar\/wp-content\/uploads\/2026\/03\/Tiradentes_1773639455001-300x169.jpg 300w, https:\/\/www.correiobraziliense.com.br\/cbradar\/wp-content\/uploads\/2026\/03\/Tiradentes_1773639455001-768x432.jpg 768w, https:\/\/www.correiobraziliense.com.br\/cbradar\/wp-content\/uploads\/2026\/03\/Tiradentes_1773639455001-750x422.jpg 750w, https:\/\/www.correiobraziliense.com.br\/cbradar\/wp-content\/uploads\/2026\/03\/Tiradentes_1773639455001-1140x641.jpg 1140w\" sizes=\"(max-width: 1280px) 100vw, 1280px\" \/><figcaption class=\"wp-element-caption\">Tiradentes prova que preservar o passado pode ser o melhor investimento para o futuro. \/ Cr\u00e9ditos: depositphotos.com \/ Ukrolenochka<\/figcaption><\/figure><\/div>\n\n\n<h2 class=\"wp-block-heading\">Como chegar a Tiradentes saindo de BH ou do Rio?<\/h2>\n\n\n\n<p>Tiradentes fica a 190 km de <strong>Belo Horizonte<\/strong> (cerca de 2h30 pela <strong>BR-040<\/strong> e <strong>BR-265<\/strong>) e a 300 km do <strong>Rio de Janeiro<\/strong> (pela <strong>BR-040<\/strong> at\u00e9 Barbacena e depois BR-265). A cidade vizinha <strong>S\u00e3o Jo\u00e3o del-Rei<\/strong>, a 12 km, tem aeroporto regional e rodovi\u00e1ria com linhas para BH e Rio. Dentro de Tiradentes, tudo se faz a p\u00e9. Para os arredores, carro pr\u00f3prio ou passeios de jipe organizados pelas ag\u00eancias locais s\u00e3o as melhores op\u00e7\u00f5es.<\/p>\n\n\n\n<h2 class=\"wp-block-heading\">A p\u00e9rola barroca onde o tempo parou na medida certa<\/h2>\n\n\n\n<p><strong>Tiradentes prova que preservar o passado pode ser o melhor investimento para o futuro. <\/strong>O tombamento de 1938 impediu que a cidade se descaracterizasse, e o isolamento que parecia condena\u00e7\u00e3o virou trunfo. Entre altares dourados, ruas de pedra e uma cozinha que a <strong>Cond\u00e9 Nast Traveller<\/strong> recomendou ao mundo, a menor das cidades hist\u00f3ricas mineiras concentra tanta riqueza cultural quanto as maiores.<\/p>\n\n\n\n<p>Voc\u00ea precisa subir as ladeiras de Tiradentes, sentar num dos restaurantes do Largo e provar por que Minas \u00e9 sin\u00f4nimo de bem receber.<\/p>\n","protected":false},"excerpt":{"rendered":"<p>No sop\u00e9 da Serra de S\u00e3o Jos\u00e9, uma cidade de ruas de pedra e menos de oito mil habitantes recebe visitantes o ano inteiro. Tiradentes, em Minas Gerais, tem cerca de 8 mil leitos em pousadas e hot\u00e9is, n\u00famero que supera a popula\u00e7\u00e3o fixa. Fundada por volta de 1702 durante a corrida do ouro, a [&hellip;]<\/p>\n","protected":false},"author":8,"featured_media":209196,"comment_status":"open","ping_status":"open","sticky":false,"template":"","format":"standard","meta":{"_yoast_wpseo_focuskw":"vila hist\u00f3rica","_yoast_wpseo_title":"","_yoast_wpseo_metadesc":"Com ruas de pedra e apenas 8 mil habitantes, essa vila hist\u00f3rica foi eleita o destino gastron\u00f4mico n\u00ba 1 do mundo em 2026.","jnews-multi-image_gallery":[],"jnews_single_post":{"format":"standard"},"jnews_primary_category":[],"jnews_social_meta":[],"jnews_override_counter":[],"footnotes":""},"categories":[108,111],"tags":[388,2757],"class_list":["post-209124","post","type-post","status-publish","format-standard","has-post-thumbnail","hentry","category-cidades","category-turismo","tag-minas-gerais","tag-tiradentes"],"yoast_head":"<!-- This site is optimized with the Yoast SEO plugin v24.6 - https:\/\/yoast.com\/wordpress\/plugins\/seo\/ -->\n<title>A vila hist\u00f3rica com ruas de pedra e 8 mil habitantes que virou o destino gastron\u00f4mico n\u00ba 1 do mundo em 2026 - Correio Braziliense - Radar<\/title>\n<meta name=\"description\" content=\"Com ruas de pedra e apenas 8 mil habitantes, essa vila hist\u00f3rica foi eleita o destino gastron\u00f4mico n\u00ba 1 do mundo em 2026.\" \/>\n<meta name=\"robots\" content=\"index, follow, max-snippet:-1, max-image-preview:large, max-video-preview:-1\" \/>\n<link rel=\"canonical\" href=\"https:\/\/www.correiobraziliense.com.br\/cbradar\/a-vila-historica-com-ruas-de-pedra-e-8-mil-habitantes-que-virou-o-destino-gastronomico-no-1-do-mundo-em-2026\/\" \/>\n<meta property=\"og:locale\" content=\"pt_BR\" \/>\n<meta property=\"og:type\" content=\"article\" \/>\n<meta property=\"og:title\" content=\"A vila hist\u00f3rica com ruas de pedra e 8 mil habitantes que virou o destino gastron\u00f4mico n\u00ba 1 do mundo em 2026 - Correio Braziliense - Radar\" \/>\n<meta property=\"og:description\" content=\"Com ruas de pedra e apenas 8 mil habitantes, essa vila hist\u00f3rica foi eleita o destino gastron\u00f4mico n\u00ba 1 do mundo em 2026.\" \/>\n<meta property=\"og:url\" content=\"https:\/\/www.correiobraziliense.com.br\/cbradar\/a-vila-historica-com-ruas-de-pedra-e-8-mil-habitantes-que-virou-o-destino-gastronomico-no-1-do-mundo-em-2026\/\" \/>\n<meta property=\"og:site_name\" content=\"Correio Braziliense - Radar\" \/>\n<meta property=\"article:published_time\" content=\"2026-03-16T14:45:00+00:00\" \/>\n<meta property=\"article:modified_time\" content=\"2026-03-16T18:39:34+00:00\" \/>\n<meta property=\"og:image\" content=\"https:\/\/www.correiobraziliense.com.br\/cbradar\/wp-content\/uploads\/2026\/03\/aaa-26.png\" \/>\n\t<meta property=\"og:image:width\" content=\"1280\" \/>\n\t<meta property=\"og:image:height\" content=\"720\" \/>\n\t<meta property=\"og:image:type\" content=\"image\/png\" \/>\n<meta name=\"author\" content=\"Maura Pereira\" \/>\n<meta name=\"twitter:card\" content=\"summary_large_image\" \/>\n<meta name=\"twitter:label1\" content=\"Escrito por\" \/>\n\t<meta name=\"twitter:data1\" content=\"Maura Pereira\" \/>\n\t<meta name=\"twitter:label2\" content=\"Est. tempo de leitura\" \/>\n\t<meta name=\"twitter:data2\" content=\"8 minutos\" \/>\n<!-- \/ Yoast SEO plugin. -->","yoast_head_json":{"title":"A vila hist\u00f3rica com ruas de pedra e 8 mil habitantes que virou o destino gastron\u00f4mico n\u00ba 1 do mundo em 2026 - Correio Braziliense - Radar","description":"Com ruas de pedra e apenas 8 mil habitantes, essa vila hist\u00f3rica foi eleita o destino gastron\u00f4mico n\u00ba 1 do mundo em 2026.","robots":{"index":"index","follow":"follow","max-snippet":"max-snippet:-1","max-image-preview":"max-image-preview:large","max-video-preview":"max-video-preview:-1"},"canonical":"https:\/\/www.correiobraziliense.com.br\/cbradar\/a-vila-historica-com-ruas-de-pedra-e-8-mil-habitantes-que-virou-o-destino-gastronomico-no-1-do-mundo-em-2026\/","og_locale":"pt_BR","og_type":"article","og_title":"A vila hist\u00f3rica com ruas de pedra e 8 mil habitantes que virou o destino gastron\u00f4mico n\u00ba 1 do mundo em 2026 - Correio Braziliense - Radar","og_description":"Com ruas de pedra e apenas 8 mil habitantes, essa vila hist\u00f3rica foi eleita o destino gastron\u00f4mico n\u00ba 1 do mundo em 2026.","og_url":"https:\/\/www.correiobraziliense.com.br\/cbradar\/a-vila-historica-com-ruas-de-pedra-e-8-mil-habitantes-que-virou-o-destino-gastronomico-no-1-do-mundo-em-2026\/","og_site_name":"Correio Braziliense - Radar","article_published_time":"2026-03-16T14:45:00+00:00","article_modified_time":"2026-03-16T18:39:34+00:00","og_image":[{"width":1280,"height":720,"url":"https:\/\/www.correiobraziliense.com.br\/cbradar\/wp-content\/uploads\/2026\/03\/aaa-26.png","type":"image\/png"}],"author":"Maura Pereira","twitter_card":"summary_large_image","twitter_misc":{"Escrito por":"Maura Pereira","Est. tempo de leitura":"8 minutos"},"schema":{"@context":"https:\/\/schema.org","@graph":[{"@type":"WebPage","@id":"https:\/\/www.correiobraziliense.com.br\/cbradar\/a-vila-historica-com-ruas-de-pedra-e-8-mil-habitantes-que-virou-o-destino-gastronomico-no-1-do-mundo-em-2026\/","url":"https:\/\/www.correiobraziliense.com.br\/cbradar\/a-vila-historica-com-ruas-de-pedra-e-8-mil-habitantes-que-virou-o-destino-gastronomico-no-1-do-mundo-em-2026\/","name":"A vila hist\u00f3rica com ruas de pedra e 8 mil habitantes que virou o destino gastron\u00f4mico n\u00ba 1 do mundo em 2026 - Correio Braziliense - Radar","isPartOf":{"@id":"https:\/\/www.correiobraziliense.com.br\/cbradar\/#website"},"primaryImageOfPage":{"@id":"https:\/\/www.correiobraziliense.com.br\/cbradar\/a-vila-historica-com-ruas-de-pedra-e-8-mil-habitantes-que-virou-o-destino-gastronomico-no-1-do-mundo-em-2026\/#primaryimage"},"image":{"@id":"https:\/\/www.correiobraziliense.com.br\/cbradar\/a-vila-historica-com-ruas-de-pedra-e-8-mil-habitantes-que-virou-o-destino-gastronomico-no-1-do-mundo-em-2026\/#primaryimage"},"thumbnailUrl":"https:\/\/www.correiobraziliense.com.br\/cbradar\/wp-content\/uploads\/2026\/03\/aaa-26.png","datePublished":"2026-03-16T14:45:00+00:00","dateModified":"2026-03-16T18:39:34+00:00","author":{"@id":"https:\/\/www.correiobraziliense.com.br\/cbradar\/#\/schema\/person\/4053c651a9bfc785afc6f4cbc9032fd3"},"description":"Com ruas de pedra e apenas 8 mil habitantes, essa vila hist\u00f3rica foi eleita o destino gastron\u00f4mico n\u00ba 1 do mundo em 2026.","breadcrumb":{"@id":"https:\/\/www.correiobraziliense.com.br\/cbradar\/a-vila-historica-com-ruas-de-pedra-e-8-mil-habitantes-que-virou-o-destino-gastronomico-no-1-do-mundo-em-2026\/#breadcrumb"},"inLanguage":"pt-BR","potentialAction":[{"@type":"ReadAction","target":["https:\/\/www.correiobraziliense.com.br\/cbradar\/a-vila-historica-com-ruas-de-pedra-e-8-mil-habitantes-que-virou-o-destino-gastronomico-no-1-do-mundo-em-2026\/"]}]},{"@type":"ImageObject","inLanguage":"pt-BR","@id":"https:\/\/www.correiobraziliense.com.br\/cbradar\/a-vila-historica-com-ruas-de-pedra-e-8-mil-habitantes-que-virou-o-destino-gastronomico-no-1-do-mundo-em-2026\/#primaryimage","url":"https:\/\/www.correiobraziliense.com.br\/cbradar\/wp-content\/uploads\/2026\/03\/aaa-26.png","contentUrl":"https:\/\/www.correiobraziliense.com.br\/cbradar\/wp-content\/uploads\/2026\/03\/aaa-26.png","width":1280,"height":720,"caption":"Tiradentes prova que preservar o passado pode ser o melhor investimento para o futuro"},{"@type":"BreadcrumbList","@id":"https:\/\/www.correiobraziliense.com.br\/cbradar\/a-vila-historica-com-ruas-de-pedra-e-8-mil-habitantes-que-virou-o-destino-gastronomico-no-1-do-mundo-em-2026\/#breadcrumb","itemListElement":[{"@type":"ListItem","position":1,"name":"In\u00edcio","item":"https:\/\/www.correiobraziliense.com.br\/cbradar\/"},{"@type":"ListItem","position":2,"name":"A vila hist\u00f3rica com ruas de pedra e 8 mil habitantes que virou o destino gastron\u00f4mico n\u00ba 1 do mundo em 2026"}]},{"@type":"WebSite","@id":"https:\/\/www.correiobraziliense.com.br\/cbradar\/#website","url":"https:\/\/www.correiobraziliense.com.br\/cbradar\/","name":"Correio Braziliense - Radar","description":"Acompanhe as \u00faltimas not\u00edcias e fique bem informado sobre tudo o que acontece no Brasil e no mundo.","potentialAction":[{"@type":"SearchAction","target":{"@type":"EntryPoint","urlTemplate":"https:\/\/www.correiobraziliense.com.br\/cbradar\/?s={search_term_string}"},"query-input":{"@type":"PropertyValueSpecification","valueRequired":true,"valueName":"search_term_string"}}],"inLanguage":"pt-BR"},{"@type":"Person","@id":"https:\/\/www.correiobraziliense.com.br\/cbradar\/#\/schema\/person\/4053c651a9bfc785afc6f4cbc9032fd3","name":"Maura Pereira","image":{"@type":"ImageObject","inLanguage":"pt-BR","@id":"https:\/\/www.correiobraziliense.com.br\/cbradar\/#\/schema\/person\/image\/","url":"https:\/\/secure.gravatar.com\/avatar\/3effd6bdadfa447f15089c7f7144eaa6?s=96&d=mm&r=g","contentUrl":"https:\/\/secure.gravatar.com\/avatar\/3effd6bdadfa447f15089c7f7144eaa6?s=96&d=mm&r=g","caption":"Maura Pereira"},"sameAs":["https:\/\/www.correiobraziliense.com.br\/"],"url":"https:\/\/www.correiobraziliense.com.br\/cbradar\/author\/mauramyth\/"}]}},"_links":{"self":[{"href":"https:\/\/www.correiobraziliense.com.br\/cbradar\/wp-json\/wp\/v2\/posts\/209124","targetHints":{"allow":["GET"]}}],"collection":[{"href":"https:\/\/www.correiobraziliense.com.br\/cbradar\/wp-json\/wp\/v2\/posts"}],"about":[{"href":"https:\/\/www.correiobraziliense.com.br\/cbradar\/wp-json\/wp\/v2\/types\/post"}],"author":[{"embeddable":true,"href":"https:\/\/www.correiobraziliense.com.br\/cbradar\/wp-json\/wp\/v2\/users\/8"}],"replies":[{"embeddable":true,"href":"https:\/\/www.correiobraziliense.com.br\/cbradar\/wp-json\/wp\/v2\/comments?post=209124"}],"version-history":[{"count":11,"href":"https:\/\/www.correiobraziliense.com.br\/cbradar\/wp-json\/wp\/v2\/posts\/209124\/revisions"}],"predecessor-version":[{"id":209195,"href":"https:\/\/www.correiobraziliense.com.br\/cbradar\/wp-json\/wp\/v2\/posts\/209124\/revisions\/209195"}],"wp:featuredmedia":[{"embeddable":true,"href":"https:\/\/www.correiobraziliense.com.br\/cbradar\/wp-json\/wp\/v2\/media\/209196"}],"wp:attachment":[{"href":"https:\/\/www.correiobraziliense.com.br\/cbradar\/wp-json\/wp\/v2\/media?parent=209124"}],"wp:term":[{"taxonomy":"category","embeddable":true,"href":"https:\/\/www.correiobraziliense.com.br\/cbradar\/wp-json\/wp\/v2\/categories?post=209124"},{"taxonomy":"post_tag","embeddable":true,"href":"https:\/\/www.correiobraziliense.com.br\/cbradar\/wp-json\/wp\/v2\/tags?post=209124"}],"curies":[{"name":"wp","href":"https:\/\/api.w.org\/{rel}","templated":true}]}}