{"id":209125,"date":"2026-03-16T12:45:00","date_gmt":"2026-03-16T15:45:00","guid":{"rendered":"https:\/\/www.correiobraziliense.com.br\/cbradar\/?p=209125"},"modified":"2026-03-16T02:58:23","modified_gmt":"2026-03-16T05:58:23","slug":"a-cidade-que-inventou-o-dia-da-arvore-em-1902-trata-100-do-esgoto-e-tem-qualidade-de-vida-invejavel-que-atrai-moradores","status":"publish","type":"post","link":"https:\/\/www.correiobraziliense.com.br\/cbradar\/a-cidade-que-inventou-o-dia-da-arvore-em-1902-trata-100-do-esgoto-e-tem-qualidade-de-vida-invejavel-que-atrai-moradores\/","title":{"rendered":"A cidade que inventou o Dia da \u00c1rvore em 1902 trata 100% do esgoto e tem qualidade de vida invej\u00e1vel que atra\u00ed moradores"},"content":{"rendered":"\n<p>Em <strong>7 de junho de 1902<\/strong>, uma comitiva saiu da Esta\u00e7\u00e3o da Luz, em <strong>S\u00e3o Paulo<\/strong>, carregando mudas e bandeiras rumo ao interior. O destino era <strong>Araras<\/strong>, onde o engenheiro <strong>Jo\u00e3o Pedro Cardoso<\/strong> organizou a <a href=\"https:\/\/araras.sp.gov.br\/noticias\/23990\" target=\"_blank\" rel=\"noreferrer noopener\"><strong>1\u00aa Festa da \u00c1rvore do Brasil<\/strong><\/a>, considerada o primeiro movimento ecol\u00f3gico do pa\u00eds. Mais de 120 anos depois, a <strong>Cidade das \u00c1rvores<\/strong> mant\u00e9m ruas sombreadas por copas generosas, esgoto integralmente tratado e um ritmo de vida que atrai fam\u00edlias de toda a regi\u00e3o de <strong>Campinas<\/strong>.<\/p>\n\n\n\n<h2 class=\"wp-block-heading\">De onde vem a voca\u00e7\u00e3o verde de Araras?<\/h2>\n\n\n\n<p>O nome homenageia as araras que habitavam as margens do <strong>Ribeir\u00e3o das Furnas<\/strong>. Em <strong>1862<\/strong>, os irm\u00e3os <strong>Bento<\/strong> e <strong>Jos\u00e9 de Lacerda Guimar\u00e3es<\/strong> doaram terras para erguer a capela de <strong>Nossa Senhora do Patroc\u00ednio<\/strong>, embri\u00e3o do povoado. A emancipa\u00e7\u00e3o veio em <strong>1871<\/strong>. Pouco antes da Lei \u00c1urea, em <strong>8 de abril de 1888<\/strong>, Araras libertou seus escravizados, tornando-se uma das primeiras cidades do pa\u00eds a antecipar a aboli\u00e7\u00e3o.<\/p>\n\n\n\n<p>A Festa das \u00c1rvores de 1902, inspirada no <strong>Arbor Day<\/strong> americano, reuniu cientistas, autoridades e 600 crian\u00e7as. Jornais como <strong>O Estado de S. Paulo<\/strong> e <strong>Jornal do Brasil<\/strong> enviaram rep\u00f3rteres para cobrir o evento. A celebra\u00e7\u00e3o <a href=\"https:\/\/semil.sp.gov.br\/educacaoambiental\/2024\/09\/dia-da-arvore-da-origem-ate-os-dias-de-hoje\/\" target=\"_blank\" rel=\"noreferrer noopener\"><strong>inspirou a cria\u00e7\u00e3o do Dia da \u00c1rvore nacional<\/strong><\/a>, institu\u00eddo oficialmente em 1965.<\/p>\n\n\n<div class=\"wp-block-image\">\n<figure class=\"aligncenter size-large\"><img decoding=\"async\" width=\"1024\" height=\"576\" src=\"https:\/\/www.correiobraziliense.com.br\/cbradar\/wp-content\/uploads\/2025\/12\/canva-2025-12-25T143938.982-1024x576.png\" alt=\"A cidade que inventou o primeiro movimento ecol\u00f3gico do Brasil em 1902 tem esgoto 100% tratado\" class=\"wp-image-166197\" srcset=\"https:\/\/www.correiobraziliense.com.br\/cbradar\/wp-content\/uploads\/2025\/12\/canva-2025-12-25T143938.982-1024x576.png 1024w, https:\/\/www.correiobraziliense.com.br\/cbradar\/wp-content\/uploads\/2025\/12\/canva-2025-12-25T143938.982-300x169.png 300w, https:\/\/www.correiobraziliense.com.br\/cbradar\/wp-content\/uploads\/2025\/12\/canva-2025-12-25T143938.982-768x432.png 768w, https:\/\/www.correiobraziliense.com.br\/cbradar\/wp-content\/uploads\/2025\/12\/canva-2025-12-25T143938.982-750x422.png 750w, https:\/\/www.correiobraziliense.com.br\/cbradar\/wp-content\/uploads\/2025\/12\/canva-2025-12-25T143938.982-1140x641.png 1140w, https:\/\/www.correiobraziliense.com.br\/cbradar\/wp-content\/uploads\/2025\/12\/canva-2025-12-25T143938.982.png 1280w\" sizes=\"(max-width: 1024px) 100vw, 1024px\" \/><figcaption class=\"wp-element-caption\">Araras SP, ber\u00e7o do caf\u00e9 e araras, onde hist\u00f3ria e modernidade inspiram novos horizontes. \/\/ Cr\u00e9ditos: Wikip\u00e9dia<\/figcaption><\/figure><\/div>\n\n\n<h2 class=\"wp-block-heading\">Qual \u00e9 a qualidade de vida de quem mora em Araras?<\/h2>\n\n\n\n<p>Segundo o <a href=\"https:\/\/www.ibge.gov.br\/cidades-e-estados\/sp\/araras.html\" target=\"_blank\" rel=\"noreferrer noopener\"><strong>IBGE<\/strong><\/a>, Araras tem 130.866 habitantes (Censo 2022), IDHM de <strong>0,781<\/strong> (alto desenvolvimento humano), PIB per capita de <strong>R$ 76.588<\/strong> (2023) e escolariza\u00e7\u00e3o de crian\u00e7as entre 6 e 14 anos de <strong>99,37%<\/strong>. O munic\u00edpio \u00e9 uma das poucas cidades paulistas com esgoto 100% tratado, segundo a C\u00e2mara Municipal.<\/p>\n\n\n\n<p>No <a href=\"https:\/\/ipsbrasil.org.br\/pt\/blog\/noticias\/9\" target=\"_blank\" rel=\"noreferrer noopener\"><strong>\u00cdndice de Progresso Social (IPS) Brasil<\/strong><\/a>, Araras aparece entre as dez melhores cidades m\u00e9dias do pa\u00eds (100 a 500 mil habitantes), ao lado de vizinhas como S\u00e3o Carlos, Piracicaba e Indaiatuba. A combina\u00e7\u00e3o de saneamento completo, economia diversificada e presen\u00e7a de universidade federal explica por que fam\u00edlias de cidades pr\u00f3ximas escolhem Araras para morar.<\/p>\n\n\n\n<p><strong>A &#8220;Cidade das \u00c1rvores&#8221; combina tranquilidade e uma localiza\u00e7\u00e3o privilegiada no interior de S\u00e3o Paulo.<\/strong> O v\u00eddeo \u00e9 do canal <strong>Fam\u00edlia Pet na Estrada \ud83d\udc9b<\/strong>, com mais de <strong>25 mil<\/strong> inscritos, e detalha o Parque Municipal, o Teatro Oscar Niemeyer e curiosidades locais:<\/p>\n\n\n\n<figure class=\"wp-block-embed aligncenter is-type-video is-provider-youtube wp-block-embed-youtube wp-embed-aspect-16-9 wp-has-aspect-ratio\"><div class=\"wp-block-embed__wrapper\">\n<div class=\"jeg_video_container jeg_video_content\"><iframe loading=\"lazy\" title=\"Conhe\u00e7a ARARAS | Cidades do Interior de S\u00e3o Paulo\" width=\"500\" height=\"281\" src=\"https:\/\/www.youtube.com\/embed\/4fGnUnFh_LI?feature=oembed\" frameborder=\"0\" allow=\"accelerometer; autoplay; clipboard-write; encrypted-media; gyroscope; picture-in-picture; web-share\" referrerpolicy=\"strict-origin-when-cross-origin\" allowfullscreen><\/iframe><\/div>\n<\/div><\/figure>\n\n\n\n<h2 class=\"wp-block-heading\">Onde os ararenses trabalham e estudam?<\/h2>\n\n\n\n<p>A base econ\u00f4mica \u00e9 diversificada. A <strong>Nestl\u00e9<\/strong> instalou em Araras, em <strong>1921<\/strong>, sua primeira f\u00e1brica no Brasil. A planta produzia o leite condensado que os consumidores apelidaram de &#8220;Leite Mo\u00e7a&#8221; e segue como uma das maiores unidades da multinacional su\u00ed\u00e7a no pa\u00eds. O <strong>Grupo Usina S\u00e3o Jo\u00e3o<\/strong>, com mais de 60 anos de atividade, ancora o setor sucroalcooleiro. Metal\u00fargicas, moveleiras e empresas de tecnologia completam o cen\u00e1rio produtivo.<\/p>\n\n\n\n<p>No ensino superior, o campus da <strong>Universidade Federal de S\u00e3o Carlos (UFSCar)<\/strong> ocupa 243 hectares desde 1991 e \u00e9 refer\u00eancia em ci\u00eancias agr\u00e1rias. A cidade conta ainda com a <strong>Funda\u00e7\u00e3o Herm\u00ednio Ometto (FHO)<\/strong>, a <strong>UNAR<\/strong>, a <strong>Faculdade S\u00e3o Leopoldo Mandic<\/strong>, al\u00e9m de unidades do <strong>SENAI<\/strong>, <strong>ETEC<\/strong> e <strong>FATEC<\/strong>. Num raio de 80 km, est\u00e3o <strong>Unicamp<\/strong>, <strong>USP<\/strong> e <strong>Unesp<\/strong>.<\/p>\n\n\n<div class=\"wp-block-image\">\n<figure class=\"aligncenter size-large\"><img decoding=\"async\" width=\"1024\" height=\"576\" src=\"https:\/\/www.correiobraziliense.com.br\/cbradar\/wp-content\/uploads\/2025\/12\/canva-2025-12-25T143920.957-1024x576.png\" alt=\"\" class=\"wp-image-166196\" srcset=\"https:\/\/www.correiobraziliense.com.br\/cbradar\/wp-content\/uploads\/2025\/12\/canva-2025-12-25T143920.957-1024x576.png 1024w, https:\/\/www.correiobraziliense.com.br\/cbradar\/wp-content\/uploads\/2025\/12\/canva-2025-12-25T143920.957-300x169.png 300w, https:\/\/www.correiobraziliense.com.br\/cbradar\/wp-content\/uploads\/2025\/12\/canva-2025-12-25T143920.957-768x432.png 768w, https:\/\/www.correiobraziliense.com.br\/cbradar\/wp-content\/uploads\/2025\/12\/canva-2025-12-25T143920.957-750x422.png 750w, https:\/\/www.correiobraziliense.com.br\/cbradar\/wp-content\/uploads\/2025\/12\/canva-2025-12-25T143920.957-1140x641.png 1140w, https:\/\/www.correiobraziliense.com.br\/cbradar\/wp-content\/uploads\/2025\/12\/canva-2025-12-25T143920.957.png 1280w\" sizes=\"(max-width: 1024px) 100vw, 1024px\" \/><figcaption class=\"wp-element-caption\"> Em Araras SP, Rio Mogi Gua\u00e7u e trilhos hist\u00f3ricos convidam para um passeio relaxante e cheio de charme. \/\/ Cr\u00e9ditos: Wikip\u00e9dia<\/figcaption><\/figure><\/div>\n\n\n<h2 class=\"wp-block-heading\">O que o morador faz no tempo livre na Cidade das \u00c1rvores?<\/h2>\n\n\n\n<p>A rotina ararense gira em torno de espa\u00e7os p\u00fablicos bem cuidados. As ciclovias planas que cortam a cidade transformam a bicicleta em transporte do cotidiano.<\/p>\n\n\n\n<ul class=\"wp-block-list\">\n<li><strong>Parque Municipal F\u00e1bio da Silva Prado (Lago Municipal)<\/strong>: mais de 90 mil m\u00b2 com lago, ciclovia, pedalinhos, pista de caminhada e Feira do Agricultor semanal. \u00c9 o point dos fins de semana.<\/li>\n\n\n\n<li><strong>Bas\u00edlica Menor Nossa Senhora do Patroc\u00ednio<\/strong>: r\u00e9plica da Arquibas\u00edlica de S\u00e3o Jo\u00e3o de Latr\u00e3o, em Roma. Inaugurada em 1881, foi elevada \u00e0 dignidade de bas\u00edlica pelo Papa <strong>Bento XVI<\/strong> em 2010. Afrescos de <strong>Francisco Pavlovic<\/strong> e vitrais coloridos no interior.<\/li>\n\n\n\n<li><strong>Teatro Estadual Maestro Francisco Paulo Russo<\/strong>: projetado por <strong>Oscar Niemeyer<\/strong>, inaugurado em 1991, com 466 lugares e programa\u00e7\u00e3o regular de espet\u00e1culos.<\/li>\n\n\n\n<li><strong>Parque Ecol\u00f3gico e Cultural Gilberto R\u00fcegger Ometto<\/strong>: trilhas, lago e \u00e1reas para piquenique em meio \u00e0 vegeta\u00e7\u00e3o nativa.<\/li>\n\n\n\n<li><strong>Pra\u00e7a Bar\u00e3o de Araras<\/strong>: feiras de artesanato e o tradicional <strong>Festival do Caf\u00e9 com Chocolate<\/strong>.<\/li>\n<\/ul>\n\n\n\n<p><strong>Leia tamb\u00e9m: <a href=\"https:\/\/www.correiobraziliense.com.br\/cbradar\/a-quarta-cidade-mais-antiga-do-brasil-tem-um-cristo-redentor-anterior-ao-do-rio-de-janeiro\/\" target=\"_blank\" rel=\"noreferrer noopener\">A quarta cidade mais antiga do Brasil tem um Cristo Redentor anterior ao do Rio de Janeiro.<\/a><\/strong><\/p>\n\n\n<div class=\"wp-block-image\">\n<figure class=\"aligncenter size-full\"><img decoding=\"async\" width=\"1280\" height=\"720\" src=\"https:\/\/www.correiobraziliense.com.br\/cbradar\/wp-content\/uploads\/2025\/12\/canva-2025-12-25T144008.521.png\" alt=\"A cidade das \u00e1rvores ganha fama e lidera ranking de sustentabilidade e preserva\u00e7\u00e3o ambiental no interior paulista\" class=\"wp-image-166199\" srcset=\"https:\/\/www.correiobraziliense.com.br\/cbradar\/wp-content\/uploads\/2025\/12\/canva-2025-12-25T144008.521.png 1280w, https:\/\/www.correiobraziliense.com.br\/cbradar\/wp-content\/uploads\/2025\/12\/canva-2025-12-25T144008.521-300x169.png 300w, https:\/\/www.correiobraziliense.com.br\/cbradar\/wp-content\/uploads\/2025\/12\/canva-2025-12-25T144008.521-1024x576.png 1024w, https:\/\/www.correiobraziliense.com.br\/cbradar\/wp-content\/uploads\/2025\/12\/canva-2025-12-25T144008.521-768x432.png 768w, https:\/\/www.correiobraziliense.com.br\/cbradar\/wp-content\/uploads\/2025\/12\/canva-2025-12-25T144008.521-750x422.png 750w, https:\/\/www.correiobraziliense.com.br\/cbradar\/wp-content\/uploads\/2025\/12\/canva-2025-12-25T144008.521-1140x641.png 1140w\" sizes=\"(max-width: 1280px) 100vw, 1280px\" \/><figcaption class=\"wp-element-caption\"> Em Araras SP, Rio Mogi Gua\u00e7u e trilhos hist\u00f3ricos convidam para um passeio relaxante e cheio de charme. \/\/ Cr\u00e9ditos: Wikip\u00e9dia<\/figcaption><\/figure><\/div>\n\n\n<h2 class=\"wp-block-heading\">Quando o clima favorece o dia a dia em Araras?<\/h2>\n\n\n\n<p>O clima tropical de altitude garante esta\u00e7\u00f5es bem definidas. A altitude de 646 metros contribui para noites mais amenas que nas cidades da baixada paulista.<\/p>\n\n\n\n<div class=\"google-auto-ads-ignore\" style=\"font-family: 'Segoe UI', Roboto, -apple-system, sans-serif; max-width: 850px; margin: 20px auto; box-sizing: border-box; background-color: #ffffff; -webkit-font-smoothing: antialiased; text-rendering: optimizeLegibility;\">\n    \n    <div style=\"background: #fffcfc; border-radius: 20px; overflow: hidden; border: 1px solid #bae6fd; display: flex; flex-direction: column; box-shadow: 0 4px 15px rgba(2, 132, 199, 0.05);\">\n        \n        <div style=\"background: linear-gradient(135deg, #38bdf8 0%, #0284c7 100%); padding: 20px 30px; text-align: left;\">\n            <div style=\"font-size: 24px; font-weight: 800; color: #ffffff; letter-spacing: -0.5px; line-height: 1.2;\">\n                Sazonalidade e condi\u00e7\u00f5es para atividades\n            <\/div>\n            <div style=\"font-size: 14px; color: #e0f2fe; margin-top: 4px; font-weight: 500; opacity: 0.9;\">\n                An\u00e1lise clim\u00e1tica detalhada para planejamento de roteiros urbanos, naturais e eventos locais\n            <\/div>\n        <\/div>\n\n        <div style=\"padding: 15px;\">\n            <div style=\"display: grid; width: 100%; grid-template-columns: 0.8fr 0.7fr 1fr 0.7fr 1.8fr; gap: 1px; background-color: #7dd3fc; border-radius: 12px; border: 1px solid #7dd3fc; overflow: hidden;\">\n                \n                <div style=\"background: #f0f9ff; padding: 10px; font-weight: 800; font-size: 11px; text-transform: uppercase; color: #0c4a6e; text-align: center;\">Esta\u00e7\u00e3o<\/div>\n                <div style=\"background: #f0f9ff; padding: 10px; font-weight: 800; font-size: 11px; text-transform: uppercase; color: #0c4a6e; text-align: center;\">Meses<\/div>\n                <div style=\"background: #f0f9ff; padding: 10px; font-weight: 800; font-size: 11px; text-transform: uppercase; color: #0c4a6e; text-align: center;\">Temperatura<\/div>\n                <div style=\"background: #f0f9ff; padding: 10px; font-weight: 800; font-size: 11px; text-transform: uppercase; color: #0c4a6e; text-align: center;\">Chuva<\/div>\n                <div style=\"background: #f0f9ff; padding: 10px; font-weight: 800; font-size: 11px; text-transform: uppercase; color: #0c4a6e; text-align: center;\">O que fazer<\/div>\n\n                <div style=\"background: #ffffff; padding: 12px; font-weight: 800; color: #0284c7; font-size: 14px; display: flex; align-items: center; justify-content: center; gap: 5px;\">\u2600\ufe0f Ver\u00e3o<\/div>\n                <div style=\"background: #ffffff; padding: 12px; font-size: 13px; color: #1e293b; font-weight: 600; display: flex; align-items: center; justify-content: center;\">Dez-Fev<\/div>\n                <div style=\"background: #ffffff; padding: 12px; display: flex; align-items: center; justify-content: center; gap: 6px;\">\n                    <span style=\"font-size: 13px; font-weight: 700; color: #1e293b;\">19-32\u00b0C<\/span>\n                <\/div>\n                <div style=\"background: #ffffff; padding: 12px; font-size: 13px; color: #ef4444; font-weight: 600; display: flex; align-items: center; justify-content: center;\">Alta<\/div>\n                <div style=\"background: #ffffff; padding: 12px; font-size: 13px; line-height: 1.4; color: #1e293b; display: flex; align-items: center;\">Lago Municipal pela manh\u00e3 e feiras gastron\u00f4micas ao entardecer.<\/div>\n\n                <div style=\"background: #f8fafc; padding: 12px; font-weight: 800; color: #0284c7; font-size: 14px; display: flex; align-items: center; justify-content: center; gap: 5px;\">\ud83c\udf42 Outono<\/div>\n                <div style=\"background: #f8fafc; padding: 12px; font-size: 13px; color: #1e293b; font-weight: 600; display: flex; align-items: center; justify-content: center;\">Mar-Mai<\/div>\n                <div style=\"background: #f8fafc; padding: 12px; display: flex; align-items: center; justify-content: center; gap: 6px;\">\n                    <span style=\"font-size: 13px; font-weight: 700; color: #1e293b;\">15-28\u00b0C<\/span>\n                <\/div>\n                <div style=\"background: #f8fafc; padding: 12px; font-size: 13px; color: #4b5563; font-weight: 600; display: flex; align-items: center; justify-content: center;\">M\u00e9dia<\/div>\n                <div style=\"background: #f8fafc; padding: 12px; font-size: 13px; line-height: 1.4; color: #1e293b; display: flex; align-items: center;\">Caminhadas nos parques e aproveitamento de festivais culturais.<\/div>\n\n                <div style=\"background: #ffffff; padding: 12px; font-weight: 800; color: #0284c7; font-size: 14px; display: flex; align-items: center; justify-content: center; gap: 5px;\">\u2744\ufe0f Inverno<\/div>\n                <div style=\"background: #ffffff; padding: 12px; font-size: 13px; color: #1e293b; font-weight: 600; display: flex; align-items: center; justify-content: center;\">Jun-Ago<\/div>\n                <div style=\"background: #ffffff; padding: 12px; display: flex; align-items: center; justify-content: center; gap: 6px;\">\n                    <span style=\"font-size: 13px; font-weight: 700; color: #1e293b;\">10-25\u00b0C<\/span>\n                <\/div>\n                <div style=\"background: #ffffff; padding: 12px; font-size: 13px; color: #4b5563; font-weight: 600; display: flex; align-items: center; justify-content: center;\">Baixa<\/div>\n                <div style=\"background: #ffffff; padding: 12px; font-size: 13px; line-height: 1.4; color: #1e293b; display: flex; align-items: center;\">Festa das \u00c1rvores (junho), teatro e o tradicional caf\u00e9 colonial.<\/div>\n\n                <div style=\"background: #f8fafc; padding: 12px; font-weight: 800; color: #0284c7; font-size: 14px; display: flex; align-items: center; justify-content: center; gap: 5px;\">\ud83c\udf3a Primavera<\/div>\n                <div style=\"background: #f8fafc; padding: 12px; font-size: 13px; color: #1e293b; font-weight: 600; display: flex; align-items: center; justify-content: center;\">Set-Nov<\/div>\n                <div style=\"background: #f8fafc; padding: 12px; display: flex; align-items: center; justify-content: center; gap: 6px;\">\n                    <span style=\"font-size: 13px; font-weight: 700; color: #1e293b;\">15-30\u00b0C<\/span>\n                <\/div>\n                <div style=\"background: #f8fafc; padding: 12px; font-size: 13px; color: #4b5563; font-weight: 600; display: flex; align-items: center; justify-content: center;\">M\u00e9dia<\/div>\n                <div style=\"background: #f8fafc; padding: 12px; font-size: 13px; line-height: 1.4; color: #1e293b; display: flex; align-items: center;\">Ciclismo, explora\u00e7\u00e3o do Parque Ecol\u00f3gico e trilhas rurais.<\/div>\n            <\/div>\n        <\/div>\n\n        <div style=\"padding: 10px 30px; background: #f0f9ff; border-top: 1px solid #bae6fd; font-size: 12px; color: #0c4a6e; font-style: italic; display: flex; align-items: center; gap: 8px; font-weight: 600;\">\n            <div style=\"width: 6px; height: 6px; background: #0284c7; border-radius: 50%;\"><\/div>\n            Informa\u00e7\u00e3o: O inverno \u00e9 marcado pelo c\u00e9u limpo e clima seco, sendo ideal para eventos culturais e a gastronomia serrana.\n        <\/div>\n        \n    <\/div>\n<\/div>\n\n\n\n<p><em>Temperaturas aproximadas. Consulte a previs\u00e3o atualizada no <a href=\"https:\/\/www.climatempo.com.br\/previsao-do-tempo\/cidade\/795\/araras-sp\" target=\"_blank\" rel=\"noreferrer noopener\"><strong>Climatempo<\/strong><\/a>.<\/em><\/p>\n\n\n\n<h2 class=\"wp-block-heading\">Como chegar e se locomover em Araras?<\/h2>\n\n\n\n<p>Araras fica a 170 km de <strong>S\u00e3o Paulo<\/strong> e a 75 km de <strong>Campinas<\/strong> pela <strong>Rodovia Anhanguera (SP-330)<\/strong>, uma das melhores do estado. O trajeto desde a capital leva cerca de 2 horas. A cidade disp\u00f5e de aeroporto municipal para avia\u00e7\u00e3o geral e rodovi\u00e1ria com linhas para S\u00e3o Paulo, Limeira, Rio Claro e Piracicaba. Dentro do munic\u00edpio, as avenidas largas e as ciclovias planas facilitam o deslocamento di\u00e1rio.<\/p>\n\n\n\n<h2 class=\"wp-block-heading\">A cidade onde plantar \u00e1rvore virou modo de vida<\/h2>\n\n\n\n<p>Araras entrega mais do que promete. Saneamento completo, universidade federal, um teatro de <strong>Niemeyer<\/strong>, uma bas\u00edlica que lembra Roma e ruas onde a sombra das \u00e1rvores acompanha cada quarteir\u00e3o. O primeiro movimento ecol\u00f3gico brasileiro nasceu aqui, e o respeito pelo verde continua moldando o cotidiano de quem escolheu essa cidade do interior paulista para morar.<\/p>\n\n\n\n<p>Voc\u00ea precisa conhecer Araras e entender por que uma cidade que parou para plantar \u00e1rvores em 1902 nunca mais deixou de crescer \u00e0 sombra delas.<\/p>\n","protected":false},"excerpt":{"rendered":"<p>Em 7 de junho de 1902, uma comitiva saiu da Esta\u00e7\u00e3o da Luz, em S\u00e3o Paulo, carregando mudas e bandeiras rumo ao interior. O destino era Araras, onde o engenheiro Jo\u00e3o Pedro Cardoso organizou a 1\u00aa Festa da \u00c1rvore do Brasil, considerada o primeiro movimento ecol\u00f3gico do pa\u00eds. Mais de 120 anos depois, a Cidade [&hellip;]<\/p>\n","protected":false},"author":8,"featured_media":203423,"comment_status":"open","ping_status":"open","sticky":false,"template":"","format":"standard","meta":{"_yoast_wpseo_focuskw":"Dia da \u00c1rvore","_yoast_wpseo_title":"","_yoast_wpseo_metadesc":"A cidade que criou o Dia da \u00c1rvore em 1902 trata 100% do esgoto e hoje se destaca pela qualidade de vida que atrai moradores.","jnews-multi-image_gallery":[],"jnews_single_post":{"format":"standard"},"jnews_primary_category":[],"jnews_social_meta":[],"jnews_override_counter":[],"footnotes":""},"categories":[108,111],"tags":[12504,278],"class_list":["post-209125","post","type-post","status-publish","format-standard","has-post-thumbnail","hentry","category-cidades","category-turismo","tag-araras","tag-sao-paulo"],"yoast_head":"<!-- This site is optimized with the Yoast SEO plugin v24.6 - https:\/\/yoast.com\/wordpress\/plugins\/seo\/ -->\n<title>A cidade que inventou o Dia da \u00c1rvore em 1902 trata 100% do esgoto e tem qualidade de vida invej\u00e1vel que atra\u00ed moradores - Correio Braziliense - Radar<\/title>\n<meta name=\"description\" content=\"A cidade que criou o Dia da \u00c1rvore em 1902 trata 100% do esgoto e hoje se destaca pela qualidade de vida que atrai moradores.\" \/>\n<meta name=\"robots\" content=\"index, follow, max-snippet:-1, max-image-preview:large, max-video-preview:-1\" \/>\n<link rel=\"canonical\" href=\"https:\/\/www.correiobraziliense.com.br\/cbradar\/a-cidade-que-inventou-o-dia-da-arvore-em-1902-trata-100-do-esgoto-e-tem-qualidade-de-vida-invejavel-que-atrai-moradores\/\" \/>\n<meta property=\"og:locale\" content=\"pt_BR\" \/>\n<meta property=\"og:type\" content=\"article\" \/>\n<meta property=\"og:title\" content=\"A cidade que inventou o Dia da \u00c1rvore em 1902 trata 100% do esgoto e tem qualidade de vida invej\u00e1vel que atra\u00ed moradores - Correio Braziliense - Radar\" \/>\n<meta property=\"og:description\" content=\"A cidade que criou o Dia da \u00c1rvore em 1902 trata 100% do esgoto e hoje se destaca pela qualidade de vida que atrai moradores.\" \/>\n<meta property=\"og:url\" content=\"https:\/\/www.correiobraziliense.com.br\/cbradar\/a-cidade-que-inventou-o-dia-da-arvore-em-1902-trata-100-do-esgoto-e-tem-qualidade-de-vida-invejavel-que-atrai-moradores\/\" \/>\n<meta property=\"og:site_name\" content=\"Correio Braziliense - Radar\" \/>\n<meta property=\"article:published_time\" content=\"2026-03-16T15:45:00+00:00\" \/>\n<meta property=\"og:image\" content=\"https:\/\/www.correiobraziliense.com.br\/cbradar\/wp-content\/uploads\/2026\/03\/aaa-2026-03-05T083442.354.png\" \/>\n\t<meta property=\"og:image:width\" content=\"1280\" \/>\n\t<meta property=\"og:image:height\" content=\"720\" \/>\n\t<meta property=\"og:image:type\" content=\"image\/png\" \/>\n<meta name=\"author\" content=\"Maura Pereira\" \/>\n<meta name=\"twitter:card\" content=\"summary_large_image\" \/>\n<meta name=\"twitter:label1\" content=\"Escrito por\" \/>\n\t<meta name=\"twitter:data1\" content=\"Maura Pereira\" \/>\n\t<meta name=\"twitter:label2\" content=\"Est. tempo de leitura\" \/>\n\t<meta name=\"twitter:data2\" content=\"7 minutos\" \/>\n<!-- \/ Yoast SEO plugin. -->","yoast_head_json":{"title":"A cidade que inventou o Dia da \u00c1rvore em 1902 trata 100% do esgoto e tem qualidade de vida invej\u00e1vel que atra\u00ed moradores - Correio Braziliense - Radar","description":"A cidade que criou o Dia da \u00c1rvore em 1902 trata 100% do esgoto e hoje se destaca pela qualidade de vida que atrai moradores.","robots":{"index":"index","follow":"follow","max-snippet":"max-snippet:-1","max-image-preview":"max-image-preview:large","max-video-preview":"max-video-preview:-1"},"canonical":"https:\/\/www.correiobraziliense.com.br\/cbradar\/a-cidade-que-inventou-o-dia-da-arvore-em-1902-trata-100-do-esgoto-e-tem-qualidade-de-vida-invejavel-que-atrai-moradores\/","og_locale":"pt_BR","og_type":"article","og_title":"A cidade que inventou o Dia da \u00c1rvore em 1902 trata 100% do esgoto e tem qualidade de vida invej\u00e1vel que atra\u00ed moradores - Correio Braziliense - Radar","og_description":"A cidade que criou o Dia da \u00c1rvore em 1902 trata 100% do esgoto e hoje se destaca pela qualidade de vida que atrai moradores.","og_url":"https:\/\/www.correiobraziliense.com.br\/cbradar\/a-cidade-que-inventou-o-dia-da-arvore-em-1902-trata-100-do-esgoto-e-tem-qualidade-de-vida-invejavel-que-atrai-moradores\/","og_site_name":"Correio Braziliense - Radar","article_published_time":"2026-03-16T15:45:00+00:00","og_image":[{"width":1280,"height":720,"url":"https:\/\/www.correiobraziliense.com.br\/cbradar\/wp-content\/uploads\/2026\/03\/aaa-2026-03-05T083442.354.png","type":"image\/png"}],"author":"Maura Pereira","twitter_card":"summary_large_image","twitter_misc":{"Escrito por":"Maura Pereira","Est. tempo de leitura":"7 minutos"},"schema":{"@context":"https:\/\/schema.org","@graph":[{"@type":"WebPage","@id":"https:\/\/www.correiobraziliense.com.br\/cbradar\/a-cidade-que-inventou-o-dia-da-arvore-em-1902-trata-100-do-esgoto-e-tem-qualidade-de-vida-invejavel-que-atrai-moradores\/","url":"https:\/\/www.correiobraziliense.com.br\/cbradar\/a-cidade-que-inventou-o-dia-da-arvore-em-1902-trata-100-do-esgoto-e-tem-qualidade-de-vida-invejavel-que-atrai-moradores\/","name":"A cidade que inventou o Dia da \u00c1rvore em 1902 trata 100% do esgoto e tem qualidade de vida invej\u00e1vel que atra\u00ed moradores - Correio Braziliense - Radar","isPartOf":{"@id":"https:\/\/www.correiobraziliense.com.br\/cbradar\/#website"},"primaryImageOfPage":{"@id":"https:\/\/www.correiobraziliense.com.br\/cbradar\/a-cidade-que-inventou-o-dia-da-arvore-em-1902-trata-100-do-esgoto-e-tem-qualidade-de-vida-invejavel-que-atrai-moradores\/#primaryimage"},"image":{"@id":"https:\/\/www.correiobraziliense.com.br\/cbradar\/a-cidade-que-inventou-o-dia-da-arvore-em-1902-trata-100-do-esgoto-e-tem-qualidade-de-vida-invejavel-que-atrai-moradores\/#primaryimage"},"thumbnailUrl":"https:\/\/www.correiobraziliense.com.br\/cbradar\/wp-content\/uploads\/2026\/03\/aaa-2026-03-05T083442.354.png","datePublished":"2026-03-16T15:45:00+00:00","author":{"@id":"https:\/\/www.correiobraziliense.com.br\/cbradar\/#\/schema\/person\/4053c651a9bfc785afc6f4cbc9032fd3"},"description":"A cidade que criou o Dia da \u00c1rvore em 1902 trata 100% do esgoto e hoje se destaca pela qualidade de vida que atrai moradores.","breadcrumb":{"@id":"https:\/\/www.correiobraziliense.com.br\/cbradar\/a-cidade-que-inventou-o-dia-da-arvore-em-1902-trata-100-do-esgoto-e-tem-qualidade-de-vida-invejavel-que-atrai-moradores\/#breadcrumb"},"inLanguage":"pt-BR","potentialAction":[{"@type":"ReadAction","target":["https:\/\/www.correiobraziliense.com.br\/cbradar\/a-cidade-que-inventou-o-dia-da-arvore-em-1902-trata-100-do-esgoto-e-tem-qualidade-de-vida-invejavel-que-atrai-moradores\/"]}]},{"@type":"ImageObject","inLanguage":"pt-BR","@id":"https:\/\/www.correiobraziliense.com.br\/cbradar\/a-cidade-que-inventou-o-dia-da-arvore-em-1902-trata-100-do-esgoto-e-tem-qualidade-de-vida-invejavel-que-atrai-moradores\/#primaryimage","url":"https:\/\/www.correiobraziliense.com.br\/cbradar\/wp-content\/uploads\/2026\/03\/aaa-2026-03-05T083442.354.png","contentUrl":"https:\/\/www.correiobraziliense.com.br\/cbradar\/wp-content\/uploads\/2026\/03\/aaa-2026-03-05T083442.354.png","width":1280,"height":720,"caption":"Araras combina emprego industrial, universidades de peso e um cotidiano em que parques, museus e o canto das araras-canind\u00e9 fazem parte da rotina. \/ Imagem ilustrativa"},{"@type":"BreadcrumbList","@id":"https:\/\/www.correiobraziliense.com.br\/cbradar\/a-cidade-que-inventou-o-dia-da-arvore-em-1902-trata-100-do-esgoto-e-tem-qualidade-de-vida-invejavel-que-atrai-moradores\/#breadcrumb","itemListElement":[{"@type":"ListItem","position":1,"name":"In\u00edcio","item":"https:\/\/www.correiobraziliense.com.br\/cbradar\/"},{"@type":"ListItem","position":2,"name":"A cidade que inventou o Dia da \u00c1rvore em 1902 trata 100% do esgoto e tem qualidade de vida invej\u00e1vel que atra\u00ed moradores"}]},{"@type":"WebSite","@id":"https:\/\/www.correiobraziliense.com.br\/cbradar\/#website","url":"https:\/\/www.correiobraziliense.com.br\/cbradar\/","name":"Correio Braziliense - Radar","description":"Acompanhe as \u00faltimas not\u00edcias e fique bem informado sobre tudo o que acontece no Brasil e no mundo.","potentialAction":[{"@type":"SearchAction","target":{"@type":"EntryPoint","urlTemplate":"https:\/\/www.correiobraziliense.com.br\/cbradar\/?s={search_term_string}"},"query-input":{"@type":"PropertyValueSpecification","valueRequired":true,"valueName":"search_term_string"}}],"inLanguage":"pt-BR"},{"@type":"Person","@id":"https:\/\/www.correiobraziliense.com.br\/cbradar\/#\/schema\/person\/4053c651a9bfc785afc6f4cbc9032fd3","name":"Maura Pereira","image":{"@type":"ImageObject","inLanguage":"pt-BR","@id":"https:\/\/www.correiobraziliense.com.br\/cbradar\/#\/schema\/person\/image\/","url":"https:\/\/secure.gravatar.com\/avatar\/3effd6bdadfa447f15089c7f7144eaa6?s=96&d=mm&r=g","contentUrl":"https:\/\/secure.gravatar.com\/avatar\/3effd6bdadfa447f15089c7f7144eaa6?s=96&d=mm&r=g","caption":"Maura Pereira"},"sameAs":["https:\/\/www.correiobraziliense.com.br\/"],"url":"https:\/\/www.correiobraziliense.com.br\/cbradar\/author\/mauramyth\/"}]}},"_links":{"self":[{"href":"https:\/\/www.correiobraziliense.com.br\/cbradar\/wp-json\/wp\/v2\/posts\/209125","targetHints":{"allow":["GET"]}}],"collection":[{"href":"https:\/\/www.correiobraziliense.com.br\/cbradar\/wp-json\/wp\/v2\/posts"}],"about":[{"href":"https:\/\/www.correiobraziliense.com.br\/cbradar\/wp-json\/wp\/v2\/types\/post"}],"author":[{"embeddable":true,"href":"https:\/\/www.correiobraziliense.com.br\/cbradar\/wp-json\/wp\/v2\/users\/8"}],"replies":[{"embeddable":true,"href":"https:\/\/www.correiobraziliense.com.br\/cbradar\/wp-json\/wp\/v2\/comments?post=209125"}],"version-history":[{"count":8,"href":"https:\/\/www.correiobraziliense.com.br\/cbradar\/wp-json\/wp\/v2\/posts\/209125\/revisions"}],"predecessor-version":[{"id":209201,"href":"https:\/\/www.correiobraziliense.com.br\/cbradar\/wp-json\/wp\/v2\/posts\/209125\/revisions\/209201"}],"wp:featuredmedia":[{"embeddable":true,"href":"https:\/\/www.correiobraziliense.com.br\/cbradar\/wp-json\/wp\/v2\/media\/203423"}],"wp:attachment":[{"href":"https:\/\/www.correiobraziliense.com.br\/cbradar\/wp-json\/wp\/v2\/media?parent=209125"}],"wp:term":[{"taxonomy":"category","embeddable":true,"href":"https:\/\/www.correiobraziliense.com.br\/cbradar\/wp-json\/wp\/v2\/categories?post=209125"},{"taxonomy":"post_tag","embeddable":true,"href":"https:\/\/www.correiobraziliense.com.br\/cbradar\/wp-json\/wp\/v2\/tags?post=209125"}],"curies":[{"name":"wp","href":"https:\/\/api.w.org\/{rel}","templated":true}]}}