{"id":209126,"date":"2026-03-16T14:05:00","date_gmt":"2026-03-16T17:05:00","guid":{"rendered":"https:\/\/www.correiobraziliense.com.br\/cbradar\/?p=209126"},"modified":"2026-03-16T15:40:11","modified_gmt":"2026-03-16T18:40:11","slug":"com-mais-de-70-ilhas-o-unico-delta-em-mar-aberto-das-americas-fica-no-litoral-do-piaui","status":"publish","type":"post","link":"https:\/\/www.correiobraziliense.com.br\/cbradar\/com-mais-de-70-ilhas-o-unico-delta-em-mar-aberto-das-americas-fica-no-litoral-do-piaui\/","title":{"rendered":"Com mais de 70 ilhas, o \u00fanico delta em mar aberto das Am\u00e9ricas fica no litoral do Piau\u00ed"},"content":{"rendered":"\n<p>Todo entardecer, milhares de guar\u00e1s de vermelho intenso cruzam o c\u00e9u e pousam nas copas dos mangues para dormir. O espet\u00e1culo acontece no <strong>Delta do Parna\u00edba<\/strong>, santu\u00e1rio ecol\u00f3gico formado por ilhas, dunas e igarap\u00e9s na divisa entre <strong>Piau\u00ed<\/strong> e <strong>Maranh\u00e3o<\/strong>. A porta de entrada para esse cen\u00e1rio \u00e9 <strong>Parna\u00edba<\/strong>, segunda maior cidade do estado, que combina um centro hist\u00f3rico colonial com a energia de quem vive entre o rio e o mar.<\/p>\n\n\n\n<h2 class=\"wp-block-heading\">O delta que se abre em cinco bocas para o Atl\u00e2ntico<\/h2>\n\n\n\n<p>O <strong>Rio Parna\u00edba<\/strong> se divide em bra\u00e7os pouco antes de encontrar o oceano, criando um labirinto fluvial com mais de 70 ilhas, lagoas de \u00e1gua doce e extensos manguezais. Segundo o <a href=\"https:\/\/www.gov.br\/turismo\/pt-br\/assuntos\/noticias\/parnaiba-pi-o-portal-do-delta-e-um-verao-inesquecivel-no-nordeste\" target=\"_blank\" rel=\"noreferrer noopener\"><strong>Minist\u00e9rio do Turismo<\/strong><\/a>, o Delta do Parna\u00edba \u00e9 o \u00fanico em mar aberto das Am\u00e9ricas e o terceiro maior do mundo, ao lado dos deltas do Nilo (\u00c1frica) e do Mekong (Vietn\u00e3).<\/p>\n\n\n\n<p>A configura\u00e7\u00e3o lembra uma m\u00e3o aberta: cada &#8220;dedo&#8221; \u00e9 uma barra por onde o rio des\u00e1gua. S\u00e3o cinco no total, da <strong>Barra de Tutoia<\/strong> \u00e0 <strong>Barra da Melancieira<\/strong>. Esse formato cria ecossistemas distintos em cada trecho e garante paisagens que mudam a cada curva do igarap\u00e9. O Delta integra a <strong>Rota das Emo\u00e7\u00f5es<\/strong>, roteiro que conecta Parna\u00edba aos <strong>Len\u00e7\u00f3is Maranhenses<\/strong> e a <strong>Jericoacoara<\/strong>, eleito o melhor roteiro tur\u00edstico do Brasil em 2009 pelo Minist\u00e9rio do Turismo.<\/p>\n\n\n<div class=\"wp-block-image\">\n<figure class=\"aligncenter size-large\"><img decoding=\"async\" width=\"1024\" height=\"576\" src=\"https:\/\/www.correiobraziliense.com.br\/cbradar\/wp-content\/uploads\/2026\/02\/aaa-2026-02-01T153832.759-1024x576.png\" alt=\"Uma cidade com charme de vila hist\u00f3rica preservada est\u00e1 construindo condom\u00ednios luxuosos no Brasil\" class=\"wp-image-185649\" srcset=\"https:\/\/www.correiobraziliense.com.br\/cbradar\/wp-content\/uploads\/2026\/02\/aaa-2026-02-01T153832.759-1024x576.png 1024w, https:\/\/www.correiobraziliense.com.br\/cbradar\/wp-content\/uploads\/2026\/02\/aaa-2026-02-01T153832.759-300x169.png 300w, https:\/\/www.correiobraziliense.com.br\/cbradar\/wp-content\/uploads\/2026\/02\/aaa-2026-02-01T153832.759-768x432.png 768w, https:\/\/www.correiobraziliense.com.br\/cbradar\/wp-content\/uploads\/2026\/02\/aaa-2026-02-01T153832.759-750x422.png 750w, https:\/\/www.correiobraziliense.com.br\/cbradar\/wp-content\/uploads\/2026\/02\/aaa-2026-02-01T153832.759-1140x641.png 1140w, https:\/\/www.correiobraziliense.com.br\/cbradar\/wp-content\/uploads\/2026\/02\/aaa-2026-02-01T153832.759.png 1280w\" sizes=\"(max-width: 1024px) 100vw, 1024px\" \/><figcaption class=\"wp-element-caption\">Santana de Parna\u00edba une charme colonial e desenvolvimento econ\u00f4mico \/\/ Cr\u00e9ditos: Wikipedia<\/figcaption><\/figure><\/div>\n\n\n<h2 class=\"wp-block-heading\">Quais s\u00e3o os melhores passeios no Delta e arredores?<\/h2>\n\n\n\n<p>Os passeios partem do <strong>Porto dos Tatus<\/strong>, na Ilha Grande, a cerca de 12 km de Parna\u00edba. Embarca\u00e7\u00f5es tradicionais ou lanchas r\u00e1pidas levam os visitantes por roteiros que variam de meio dia a dia inteiro.<\/p>\n\n\n\n<ul class=\"wp-block-list\">\n<li><strong>Delta Tradicional<\/strong>: tour de barco pelos igarap\u00e9s e mangues com parada na <strong>Ilha dos Poldros<\/strong>, onde o rio encontra o mar. Inclui almo\u00e7o com peixe, caranguejo e frutas regionais. Dura\u00e7\u00e3o de cerca de 7 horas.<\/li>\n\n\n\n<li><strong>Revoada dos Guar\u00e1s<\/strong>: passeio de lancha ao fim da tarde at\u00e9 os manguezais onde bandos de guar\u00e1s pousam para pernoitar. O c\u00e9u vermelho das aves contra o p\u00f4r do sol \u00e9 o cart\u00e3o-postal do Delta.<\/li>\n\n\n\n<li><strong>Len\u00e7\u00f3is Piauienses<\/strong>: dunas de areia branca com lagoas de \u00e1gua doce na <strong>Ilha Grande<\/strong>, acess\u00edveis por bugue ou quadriciclo. Entrada gratuita.<\/li>\n\n\n\n<li><strong>Praia da Pedra do Sal<\/strong>: a 16 km do centro, na Ilha Grande de Santa Isabel. Rochedos gran\u00edticos dividem a praia em dois lados: o manso, para fam\u00edlias, e o bravo, para surfistas e praticantes de kitesurf.<\/li>\n\n\n\n<li><strong>Ilha das Can\u00e1rias<\/strong>: comunidade ribeirinha entre o Piau\u00ed e o Maranh\u00e3o, com casas sobre palafitas e culin\u00e1ria \u00e0 base de caranguejo e peixe fresco.<\/li>\n<\/ul>\n\n\n\n<p>As dunas, manguezais e lagoas cristalinas revelam as belezas naturais deste para\u00edso escondido no Piau\u00ed. O v\u00eddeo \u00e9 do canal <strong>Hannah Reis<\/strong>, que conta com mais de <strong>10 mil<\/strong> inscritos, e apresenta o Delta do Parna\u00edba, a Lagoa do Portinho e Barra Grande:<\/p>\n\n\n\n<figure class=\"wp-block-embed aligncenter is-type-video is-provider-youtube wp-block-embed-youtube wp-embed-aspect-16-9 wp-has-aspect-ratio\"><div class=\"wp-block-embed__wrapper\">\n<div class=\"jeg_video_container jeg_video_content\"><iframe loading=\"lazy\" title=\"PARNAI\u0301BA - PIAUI\u0301 | PARAI\u0301SO ESCONDIDO NO NORDESTE - Roteiro completo com PRE\u00c7OS\" width=\"500\" height=\"281\" src=\"https:\/\/www.youtube.com\/embed\/I0gZB3xTeh8?feature=oembed\" frameborder=\"0\" allow=\"accelerometer; autoplay; clipboard-write; encrypted-media; gyroscope; picture-in-picture; web-share\" referrerpolicy=\"strict-origin-when-cross-origin\" allowfullscreen><\/iframe><\/div>\n<\/div><\/figure>\n\n\n\n<h2 class=\"wp-block-heading\">O que o centro hist\u00f3rico de Parna\u00edba guarda?<\/h2>\n\n\n\n<p>O <a href=\"https:\/\/parnaiba.pi.gov.br\/phb\/pontos-turisticos\/\" target=\"_blank\" rel=\"noreferrer noopener\"><strong>Porto das Barcas<\/strong><\/a>, tombado pelo <strong>IPHAN<\/strong>, \u00e9 o ponto de origem da cidade. Os armaz\u00e9ns de pedra e cal constru\u00eddos por escravos no in\u00edcio do s\u00e9culo XX estocavam charque e cera de carna\u00faba para exporta\u00e7\u00e3o \u00e0 Europa. Hoje abrigam lojas de artesanato, restaurantes, pousadas e ag\u00eancias de ecoturismo. \u00c0 noite, o espa\u00e7o ganha m\u00fasica ao vivo e a brisa do <strong>Rio Igara\u00e7u<\/strong>.<\/p>\n\n\n\n<p>No entorno, a <strong>Pra\u00e7a da Gra\u00e7a<\/strong> re\u00fane a <strong>Catedral de Nossa Senhora das Gra\u00e7as<\/strong> e a <strong>Igreja de Nossa Senhora do Ros\u00e1rio dos Homens Negros<\/strong>. A poucos quarteir\u00f5es, a antiga esta\u00e7\u00e3o ferrovi\u00e1ria inaugurada em 1920 abriga o <strong>Museu do Trem<\/strong>, com acervo fotogr\u00e1fico e a locomotiva Maria Fuma\u00e7a prefixo 29, \u00fanica do Piau\u00ed no invent\u00e1rio nacional de locomotivas a vapor.<\/p>\n\n\n<div class=\"wp-block-image\">\n<figure class=\"aligncenter size-large\"><img decoding=\"async\" width=\"1024\" height=\"576\" src=\"https:\/\/www.correiobraziliense.com.br\/cbradar\/wp-content\/uploads\/2025\/05\/Edicoes-19-1024x576.png\" alt=\"Um lugar surpreendente no Brasil esconde um para\u00edso \u00fanico nas Am\u00e9ricas que quase ningu\u00e9m sabia\" class=\"wp-image-40602\" srcset=\"https:\/\/www.correiobraziliense.com.br\/cbradar\/wp-content\/uploads\/2025\/05\/Edicoes-19-1024x576.png 1024w, https:\/\/www.correiobraziliense.com.br\/cbradar\/wp-content\/uploads\/2025\/05\/Edicoes-19-300x169.png 300w, https:\/\/www.correiobraziliense.com.br\/cbradar\/wp-content\/uploads\/2025\/05\/Edicoes-19-768x432.png 768w, https:\/\/www.correiobraziliense.com.br\/cbradar\/wp-content\/uploads\/2025\/05\/Edicoes-19-750x422.png 750w, https:\/\/www.correiobraziliense.com.br\/cbradar\/wp-content\/uploads\/2025\/05\/Edicoes-19-1140x641.png 1140w, https:\/\/www.correiobraziliense.com.br\/cbradar\/wp-content\/uploads\/2025\/05\/Edicoes-19.png 1280w\" sizes=\"(max-width: 1024px) 100vw, 1024px\" \/><figcaption class=\"wp-element-caption\">Descubra a beleza \u00fanica do Delta do Parna\u00edba, um para\u00edso natural no litoral do Piau\u00ed. \/\/ Reprodu\u00e7\u00e3o: Wikip\u00e9dia<\/figcaption><\/figure><\/div>\n\n\n<h2 class=\"wp-block-heading\">Onde comer entre o rio e o mar?<\/h2>\n\n\n\n<p>A gastronomia de Parna\u00edba mistura frutos do mar, tradi\u00e7\u00e3o piauiense e o frescor das frutas regionais. A <strong>Avenida Beira Rio (Na\u00e7\u00f5es Unidas)<\/strong>, no bairro do Carmo, concentra os restaurantes mais tradicionais.<\/p>\n\n\n\n<ul class=\"wp-block-list\">\n<li><strong>Torta de camar\u00e3o<\/strong>: prato s\u00edmbolo da cidade, servida nos restaurantes da Beira Rio e no Porto das Barcas.<\/li>\n\n\n\n<li><strong>Caranguejo<\/strong>: preparado de diversas formas nos passeios pelo Delta e nos restaurantes das ilhas.<\/li>\n\n\n\n<li><strong>Maria Isabel<\/strong>: arroz misturado com carne de sol, acompanhamento cl\u00e1ssico da mesa piauiense.<\/li>\n\n\n\n<li><strong>Caju\u00edna<\/strong>: bebida n\u00e3o alco\u00f3lica feita do caju, reconhecida como <strong>Patrim\u00f4nio Cultural Brasileiro<\/strong>. Acompanha qualquer refei\u00e7\u00e3o no Piau\u00ed.<\/li>\n<\/ul>\n\n\n\n<p><strong>Leia tamb\u00e9m: <a href=\"https:\/\/www.correiobraziliense.com.br\/cbradar\/a-quarta-cidade-mais-antiga-do-brasil-tem-um-cristo-redentor-anterior-ao-do-rio-de-janeiro\/\" target=\"_blank\" rel=\"noreferrer noopener\">A quarta cidade mais antiga do Brasil tem um Cristo Redentor anterior ao do Rio de Janeiro.<\/a><\/strong><\/p>\n\n\n\n<h2 class=\"wp-block-heading\">Quando o clima favorece os passeios pelo Delta?<\/h2>\n\n\n\n<p>Parna\u00edba tem sol o ano inteiro e ventos constantes que aliviam o calor. A temperatura m\u00e9dia gira em torno de 27\u00b0C. As chuvas se concentram no primeiro semestre.<\/p>\n\n\n\n<div class=\"google-auto-ads-ignore\" style=\"font-family: 'Segoe UI', Roboto, -apple-system, sans-serif; max-width: 850px; margin: 20px auto; box-sizing: border-box; background-color: #ffffff; -webkit-font-smoothing: antialiased; text-rendering: optimizeLegibility;\">\n    \n    <div style=\"background: #fffcfc; border-radius: 20px; overflow: hidden; border: 1px solid #bae6fd; display: flex; flex-direction: column; box-shadow: 0 4px 15px rgba(2, 132, 199, 0.05);\">\n        \n        <div style=\"background: linear-gradient(135deg, #38bdf8 0%, #0284c7 100%); padding: 20px 30px; text-align: left;\">\n            <div style=\"font-size: 24px; font-weight: 800; color: #ffffff; letter-spacing: -0.5px; line-height: 1.2;\">\n                Sazonalidade e condi\u00e7\u00f5es para atividades em Parna\u00edba\n            <\/div>\n            <div style=\"font-size: 14px; color: #e0f2fe; margin-top: 4px; font-weight: 500; opacity: 0.9;\">\n                An\u00e1lise clim\u00e1tica detalhada para planejamento de expedi\u00e7\u00f5es ao Delta, dunas e pr\u00e1tica de esportes n\u00e1uticos\n            <\/div>\n        <\/div>\n\n        <div style=\"padding: 15px;\">\n            <div style=\"display: grid; width: 100%; grid-template-columns: 0.8fr 0.8fr 1fr 0.7fr 1.8fr; gap: 1px; background-color: #7dd3fc; border-radius: 12px; border: 1px solid #7dd3fc; overflow: hidden;\">\n                \n                <div style=\"background: #f0f9ff; padding: 10px; font-weight: 800; font-size: 11px; text-transform: uppercase; color: #0c4a6e; text-align: center;\">Per\u00edodo<\/div>\n                <div style=\"background: #f0f9ff; padding: 10px; font-weight: 800; font-size: 11px; text-transform: uppercase; color: #0c4a6e; text-align: center;\">Meses<\/div>\n                <div style=\"background: #f0f9ff; padding: 10px; font-weight: 800; font-size: 11px; text-transform: uppercase; color: #0c4a6e; text-align: center;\">Temperatura<\/div>\n                <div style=\"background: #f0f9ff; padding: 10px; font-weight: 800; font-size: 11px; text-transform: uppercase; color: #0c4a6e; text-align: center;\">Chuva<\/div>\n                <div style=\"background: #f0f9ff; padding: 10px; font-weight: 800; font-size: 11px; text-transform: uppercase; color: #0c4a6e; text-align: center;\">O que fazer<\/div>\n\n                <div style=\"background: #ffffff; padding: 12px; font-weight: 800; color: #0284c7; font-size: 14px; display: flex; align-items: center; justify-content: center; gap: 5px;\">\u2600\ufe0f Seco<\/div>\n                <div style=\"background: #ffffff; padding: 12px; font-size: 13px; color: #1e293b; font-weight: 600; display: flex; align-items: center; justify-content: center;\">Jul-Dez<\/div>\n                <div style=\"background: #ffffff; padding: 12px; display: flex; align-items: center; justify-content: center; gap: 6px;\">\n                    <span style=\"font-size: 13px; font-weight: 700; color: #1e293b;\">25-33\u00b0C<\/span>\n                <\/div>\n                <div style=\"background: #ffffff; padding: 12px; font-size: 13px; color: #4b5563; font-weight: 600; display: flex; align-items: center; justify-content: center;\">Baixa<\/div>\n                <div style=\"background: #ffffff; padding: 12px; font-size: 13px; line-height: 1.4; color: #1e293b; display: flex; align-items: center;\">Praias, kitesurf (ventos fortes) e visita aos Len\u00e7\u00f3is Piauienses.<\/div>\n\n                <div style=\"background: #f8fafc; padding: 12px; font-weight: 800; color: #0284c7; font-size: 14px; display: flex; align-items: center; justify-content: center; gap: 5px;\">\ud83c\udf27\ufe0f Chuvoso<\/div>\n                <div style=\"background: #f8fafc; padding: 12px; font-size: 13px; color: #1e293b; font-weight: 600; display: flex; align-items: center; justify-content: center;\">Jan-Jun<\/div>\n                <div style=\"background: #f8fafc; padding: 12px; display: flex; align-items: center; justify-content: center; gap: 6px;\">\n                    <span style=\"font-size: 13px; font-weight: 700; color: #1e293b;\">24-31\u00b0C<\/span>\n                <\/div>\n                <div style=\"background: #f8fafc; padding: 12px; font-size: 13px; color: #ef4444; font-weight: 600; display: flex; align-items: center; justify-content: center;\">Alta<\/div>\n                <div style=\"background: #f8fafc; padding: 12px; font-size: 13px; line-height: 1.4; color: #1e293b; display: flex; align-items: center;\">Delta com igarap\u00e9s cheios e forma\u00e7\u00e3o de lagoas cristalinas nos Len\u00e7\u00f3is.<\/div>\n            <\/div>\n        <\/div>\n\n        <div style=\"padding: 10px 30px; background: #f0f9ff; border-top: 1px solid #bae6fd; font-size: 12px; color: #0c4a6e; font-style: italic; display: flex; align-items: center; gap: 8px; font-weight: 600;\">\n            <div style=\"min-width: 6px; height: 6px; background: #0284c7; border-radius: 50%;\"><\/div>\n            Informa\u00e7\u00e3o: A transi\u00e7\u00e3o entre o per\u00edodo chuvoso e seco (junho\/julho) \u00e9 considerada a melhor \u00e9poca para ver as lagoas dos Len\u00e7\u00f3is no n\u00edvel m\u00e1ximo com sol firme.\n        <\/div>\n        \n    <\/div>\n<\/div>\n\n\n\n<p><em>Temperaturas aproximadas. Consulte a previs\u00e3o atualizada no <a href=\"https:\/\/www.climatempo.com.br\/previsao-do-tempo\/cidade\/1292\/parnaiba-pi\" target=\"_blank\" rel=\"noreferrer noopener\"><strong>Climatempo<\/strong><\/a>.<\/em><\/p>\n\n\n\n<h2 class=\"wp-block-heading\">Como chegar a Parna\u00edba saindo de Teresina ou de outras capitais?<\/h2>\n\n\n\n<p>Parna\u00edba conta com o <strong>Aeroporto Internacional Prefeito Dr. Jo\u00e3o Silva Filho<\/strong>, que recebe voos de capitais brasileiras. De <strong>Teresina<\/strong>, o trajeto de carro ou \u00f4nibus leva cerca de 4 horas pela <strong>BR-343<\/strong>, atravessando a paisagem dos carnaubais piauienses. Para quem faz a <strong>Rota das Emo\u00e7\u00f5es<\/strong>, transfers rodovi\u00e1rios ligam Parna\u00edba a <strong>Barreirinhas<\/strong> (Len\u00e7\u00f3is Maranhenses) e a <strong>Jericoacoara<\/strong> (Cear\u00e1), com paradas em praias e vilarejos pelo caminho.<\/p>\n\n\n\n<h2 class=\"wp-block-heading\">O portal onde o rio vira mar e o c\u00e9u vira revoada<\/h2>\n\n\n\n<p><strong>Parna\u00edba \u00e9 mais do que ponto de partida.<\/strong> A cidade tem hist\u00f3ria nos armaz\u00e9ns de pedra do Porto das Barcas, sabor na torta de camar\u00e3o da Beira Rio e um p\u00f4r do sol que ganha cor quando os guar\u00e1s cruzam o horizonte. O Delta, com suas 70 ilhas e cinco bocas abertas para o Atl\u00e2ntico, oferece uma experi\u00eancia que nenhum outro lugar das Am\u00e9ricas reproduz.<\/p>\n\n\n\n<p>Voc\u00ea precisa navegar pelos igarap\u00e9s do Delta, provar a caju\u00edna gelada e entender por que esse peda\u00e7o do Piau\u00ed faz parte de uma das rotas mais emocionantes do Brasil.<\/p>\n","protected":false},"excerpt":{"rendered":"<p>Todo entardecer, milhares de guar\u00e1s de vermelho intenso cruzam o c\u00e9u e pousam nas copas dos mangues para dormir. O espet\u00e1culo acontece no Delta do Parna\u00edba, santu\u00e1rio ecol\u00f3gico formado por ilhas, dunas e igarap\u00e9s na divisa entre Piau\u00ed e Maranh\u00e3o. A porta de entrada para esse cen\u00e1rio \u00e9 Parna\u00edba, segunda maior cidade do estado, que [&hellip;]<\/p>\n","protected":false},"author":8,"featured_media":209208,"comment_status":"open","ping_status":"open","sticky":false,"template":"","format":"standard","meta":{"_yoast_wpseo_focuskw":"delta das am\u00e9ricas","_yoast_wpseo_title":"","_yoast_wpseo_metadesc":"Com mais de 70 ilhas, esse raro para\u00edso forma o \u00fanico delta em mar aberto das Am\u00e9ricas, um espet\u00e1culo natural no litoral do Piau\u00ed.","jnews-multi-image_gallery":[],"jnews_single_post":{"format":"standard"},"jnews_primary_category":[],"jnews_social_meta":[],"jnews_override_counter":[],"footnotes":""},"categories":[108,111],"post_tag":[5103,3034],"class_list":["post-209126","post","type-post","status-publish","format-standard","has-post-thumbnail","hentry","category-cidades","category-turismo","tag-parnaiba","tag-piaui"],"yoast_head":"<!-- This site is optimized with the Yoast SEO plugin v24.6 - https:\/\/yoast.com\/wordpress\/plugins\/seo\/ -->\n<title>Com mais de 70 ilhas, o \u00fanico delta em mar aberto das Am\u00e9ricas fica no litoral do Piau\u00ed - Correio Braziliense - Radar<\/title>\n<meta name=\"description\" content=\"Com mais de 70 ilhas, esse raro para\u00edso forma o \u00fanico delta em mar aberto das Am\u00e9ricas, um espet\u00e1culo natural no litoral do Piau\u00ed.\" \/>\n<meta name=\"robots\" content=\"index, follow, max-snippet:-1, max-image-preview:large, max-video-preview:-1\" \/>\n<link rel=\"canonical\" href=\"https:\/\/www.correiobraziliense.com.br\/cbradar\/com-mais-de-70-ilhas-o-unico-delta-em-mar-aberto-das-americas-fica-no-litoral-do-piaui\/\" \/>\n<meta property=\"og:locale\" content=\"pt_BR\" \/>\n<meta property=\"og:type\" content=\"article\" \/>\n<meta property=\"og:title\" content=\"Com mais de 70 ilhas, o \u00fanico delta em mar aberto das Am\u00e9ricas fica no litoral do Piau\u00ed - Correio Braziliense - Radar\" \/>\n<meta property=\"og:description\" content=\"Com mais de 70 ilhas, esse raro para\u00edso forma o \u00fanico delta em mar aberto das Am\u00e9ricas, um espet\u00e1culo natural no litoral do Piau\u00ed.\" \/>\n<meta property=\"og:url\" content=\"https:\/\/www.correiobraziliense.com.br\/cbradar\/com-mais-de-70-ilhas-o-unico-delta-em-mar-aberto-das-americas-fica-no-litoral-do-piaui\/\" \/>\n<meta property=\"og:site_name\" content=\"Correio Braziliense - Radar\" \/>\n<meta property=\"article:published_time\" content=\"2026-03-16T17:05:00+00:00\" \/>\n<meta property=\"article:modified_time\" content=\"2026-03-16T18:40:11+00:00\" \/>\n<meta property=\"og:image\" content=\"https:\/\/www.correiobraziliense.com.br\/cbradar\/wp-content\/uploads\/2026\/03\/aaa-27.png\" \/>\n\t<meta property=\"og:image:width\" content=\"1280\" \/>\n\t<meta property=\"og:image:height\" content=\"720\" \/>\n\t<meta property=\"og:image:type\" content=\"image\/png\" \/>\n<meta name=\"author\" content=\"Maura Pereira\" \/>\n<meta name=\"twitter:card\" content=\"summary_large_image\" \/>\n<meta name=\"twitter:label1\" content=\"Escrito por\" \/>\n\t<meta name=\"twitter:data1\" content=\"Maura Pereira\" \/>\n\t<meta name=\"twitter:label2\" content=\"Est. tempo de leitura\" \/>\n\t<meta name=\"twitter:data2\" content=\"7 minutos\" \/>\n<!-- \/ Yoast SEO plugin. -->","yoast_head_json":{"title":"Com mais de 70 ilhas, o \u00fanico delta em mar aberto das Am\u00e9ricas fica no litoral do Piau\u00ed - Correio Braziliense - Radar","description":"Com mais de 70 ilhas, esse raro para\u00edso forma o \u00fanico delta em mar aberto das Am\u00e9ricas, um espet\u00e1culo natural no litoral do Piau\u00ed.","robots":{"index":"index","follow":"follow","max-snippet":"max-snippet:-1","max-image-preview":"max-image-preview:large","max-video-preview":"max-video-preview:-1"},"canonical":"https:\/\/www.correiobraziliense.com.br\/cbradar\/com-mais-de-70-ilhas-o-unico-delta-em-mar-aberto-das-americas-fica-no-litoral-do-piaui\/","og_locale":"pt_BR","og_type":"article","og_title":"Com mais de 70 ilhas, o \u00fanico delta em mar aberto das Am\u00e9ricas fica no litoral do Piau\u00ed - Correio Braziliense - Radar","og_description":"Com mais de 70 ilhas, esse raro para\u00edso forma o \u00fanico delta em mar aberto das Am\u00e9ricas, um espet\u00e1culo natural no litoral do Piau\u00ed.","og_url":"https:\/\/www.correiobraziliense.com.br\/cbradar\/com-mais-de-70-ilhas-o-unico-delta-em-mar-aberto-das-americas-fica-no-litoral-do-piaui\/","og_site_name":"Correio Braziliense - Radar","article_published_time":"2026-03-16T17:05:00+00:00","article_modified_time":"2026-03-16T18:40:11+00:00","og_image":[{"width":1280,"height":720,"url":"https:\/\/www.correiobraziliense.com.br\/cbradar\/wp-content\/uploads\/2026\/03\/aaa-27.png","type":"image\/png"}],"author":"Maura Pereira","twitter_card":"summary_large_image","twitter_misc":{"Escrito por":"Maura Pereira","Est. tempo de leitura":"7 minutos"},"schema":{"@context":"https:\/\/schema.org","@graph":[{"@type":"WebPage","@id":"https:\/\/www.correiobraziliense.com.br\/cbradar\/com-mais-de-70-ilhas-o-unico-delta-em-mar-aberto-das-americas-fica-no-litoral-do-piaui\/","url":"https:\/\/www.correiobraziliense.com.br\/cbradar\/com-mais-de-70-ilhas-o-unico-delta-em-mar-aberto-das-americas-fica-no-litoral-do-piaui\/","name":"Com mais de 70 ilhas, o \u00fanico delta em mar aberto das Am\u00e9ricas fica no litoral do Piau\u00ed - Correio Braziliense - Radar","isPartOf":{"@id":"https:\/\/www.correiobraziliense.com.br\/cbradar\/#website"},"primaryImageOfPage":{"@id":"https:\/\/www.correiobraziliense.com.br\/cbradar\/com-mais-de-70-ilhas-o-unico-delta-em-mar-aberto-das-americas-fica-no-litoral-do-piaui\/#primaryimage"},"image":{"@id":"https:\/\/www.correiobraziliense.com.br\/cbradar\/com-mais-de-70-ilhas-o-unico-delta-em-mar-aberto-das-americas-fica-no-litoral-do-piaui\/#primaryimage"},"thumbnailUrl":"https:\/\/www.correiobraziliense.com.br\/cbradar\/wp-content\/uploads\/2026\/03\/aaa-27.png","datePublished":"2026-03-16T17:05:00+00:00","dateModified":"2026-03-16T18:40:11+00:00","author":{"@id":"https:\/\/www.correiobraziliense.com.br\/cbradar\/#\/schema\/person\/4053c651a9bfc785afc6f4cbc9032fd3"},"description":"Com mais de 70 ilhas, esse raro para\u00edso forma o \u00fanico delta em mar aberto das Am\u00e9ricas, um espet\u00e1culo natural no litoral do Piau\u00ed.","breadcrumb":{"@id":"https:\/\/www.correiobraziliense.com.br\/cbradar\/com-mais-de-70-ilhas-o-unico-delta-em-mar-aberto-das-americas-fica-no-litoral-do-piaui\/#breadcrumb"},"inLanguage":"pt-BR","potentialAction":[{"@type":"ReadAction","target":["https:\/\/www.correiobraziliense.com.br\/cbradar\/com-mais-de-70-ilhas-o-unico-delta-em-mar-aberto-das-americas-fica-no-litoral-do-piaui\/"]}]},{"@type":"ImageObject","inLanguage":"pt-BR","@id":"https:\/\/www.correiobraziliense.com.br\/cbradar\/com-mais-de-70-ilhas-o-unico-delta-em-mar-aberto-das-americas-fica-no-litoral-do-piaui\/#primaryimage","url":"https:\/\/www.correiobraziliense.com.br\/cbradar\/wp-content\/uploads\/2026\/03\/aaa-27.png","contentUrl":"https:\/\/www.correiobraziliense.com.br\/cbradar\/wp-content\/uploads\/2026\/03\/aaa-27.png","width":1280,"height":720,"caption":"O Delta, com suas 70 ilhas e cinco bocas abertas para o Atl\u00e2ntico, oferece uma experi\u00eancia que nenhum outro lugar das Am\u00e9ricas reproduz. \/ Imgem ilustrativa"},{"@type":"BreadcrumbList","@id":"https:\/\/www.correiobraziliense.com.br\/cbradar\/com-mais-de-70-ilhas-o-unico-delta-em-mar-aberto-das-americas-fica-no-litoral-do-piaui\/#breadcrumb","itemListElement":[{"@type":"ListItem","position":1,"name":"In\u00edcio","item":"https:\/\/www.correiobraziliense.com.br\/cbradar\/"},{"@type":"ListItem","position":2,"name":"Com mais de 70 ilhas, o \u00fanico delta em mar aberto das Am\u00e9ricas fica no litoral do Piau\u00ed"}]},{"@type":"WebSite","@id":"https:\/\/www.correiobraziliense.com.br\/cbradar\/#website","url":"https:\/\/www.correiobraziliense.com.br\/cbradar\/","name":"Correio Braziliense - Radar","description":"Acompanhe as \u00faltimas not\u00edcias e fique bem informado sobre tudo o que acontece no Brasil e no mundo.","potentialAction":[{"@type":"SearchAction","target":{"@type":"EntryPoint","urlTemplate":"https:\/\/www.correiobraziliense.com.br\/cbradar\/?s={search_term_string}"},"query-input":{"@type":"PropertyValueSpecification","valueRequired":true,"valueName":"search_term_string"}}],"inLanguage":"pt-BR"},{"@type":"Person","@id":"https:\/\/www.correiobraziliense.com.br\/cbradar\/#\/schema\/person\/4053c651a9bfc785afc6f4cbc9032fd3","name":"Maura Pereira","image":{"@type":"ImageObject","inLanguage":"pt-BR","@id":"https:\/\/www.correiobraziliense.com.br\/cbradar\/#\/schema\/person\/image\/","url":"https:\/\/secure.gravatar.com\/avatar\/3effd6bdadfa447f15089c7f7144eaa6?s=96&d=mm&r=g","contentUrl":"https:\/\/secure.gravatar.com\/avatar\/3effd6bdadfa447f15089c7f7144eaa6?s=96&d=mm&r=g","caption":"Maura Pereira"},"sameAs":["https:\/\/www.correiobraziliense.com.br\/"],"url":"https:\/\/www.correiobraziliense.com.br\/cbradar\/author\/mauramyth\/"}]}},"_links":{"self":[{"href":"https:\/\/www.correiobraziliense.com.br\/cbradar\/wp-json\/wp\/v2\/posts\/209126","targetHints":{"allow":["GET"]}}],"collection":[{"href":"https:\/\/www.correiobraziliense.com.br\/cbradar\/wp-json\/wp\/v2\/posts"}],"about":[{"href":"https:\/\/www.correiobraziliense.com.br\/cbradar\/wp-json\/wp\/v2\/types\/post"}],"author":[{"embeddable":true,"href":"https:\/\/www.correiobraziliense.com.br\/cbradar\/wp-json\/wp\/v2\/users\/8"}],"replies":[{"embeddable":true,"href":"https:\/\/www.correiobraziliense.com.br\/cbradar\/wp-json\/wp\/v2\/comments?post=209126"}],"version-history":[{"count":10,"href":"https:\/\/www.correiobraziliense.com.br\/cbradar\/wp-json\/wp\/v2\/posts\/209126\/revisions"}],"predecessor-version":[{"id":209209,"href":"https:\/\/www.correiobraziliense.com.br\/cbradar\/wp-json\/wp\/v2\/posts\/209126\/revisions\/209209"}],"wp:featuredmedia":[{"embeddable":true,"href":"https:\/\/www.correiobraziliense.com.br\/cbradar\/wp-json\/wp\/v2\/media\/209208"}],"wp:attachment":[{"href":"https:\/\/www.correiobraziliense.com.br\/cbradar\/wp-json\/wp\/v2\/media?parent=209126"}],"wp:term":[{"taxonomy":"category","embeddable":true,"href":"https:\/\/www.correiobraziliense.com.br\/cbradar\/wp-json\/wp\/v2\/categories?post=209126"},{"taxonomy":"post_tag","embeddable":true,"href":"https:\/\/www.correiobraziliense.com.br\/cbradar\/wp-json\/wp\/v2\/post_tag?post=209126"}],"curies":[{"name":"wp","href":"https:\/\/api.w.org\/{rel}","templated":true}]}}