{"id":209127,"date":"2026-03-16T15:25:00","date_gmt":"2026-03-16T18:25:00","guid":{"rendered":"https:\/\/www.correiobraziliense.com.br\/cbradar\/?p=209127"},"modified":"2026-03-16T13:55:47","modified_gmt":"2026-03-16T16:55:47","slug":"uma-opera-de-luxo-europeu-construida-com-36-mil-pecas-de-ceramica-francesa-no-meio-da-floresta-do-amazonas-conquista-quem-mora-nessa-cidade","status":"publish","type":"post","link":"https:\/\/www.correiobraziliense.com.br\/cbradar\/uma-opera-de-luxo-europeu-construida-com-36-mil-pecas-de-ceramica-francesa-no-meio-da-floresta-do-amazonas-conquista-quem-mora-nessa-cidade\/","title":{"rendered":"Uma \u00f3pera de luxo europeu constru\u00edda com 36 mil pe\u00e7as de cer\u00e2mica francesa no meio da floresta do Amazonas conquista quem mora nessa cidade"},"content":{"rendered":"\n<p>No fim do s\u00e9culo XIX, a riqueza do l\u00e1tex financiou m\u00e1rmore de Carrara, lustres de cristal e 36 mil pe\u00e7as de cer\u00e2mica francesa para construir um teatro de \u00f3pera no cora\u00e7\u00e3o da floresta. O <strong>Teatro Amazonas<\/strong>, inaugurado em <strong>1896<\/strong>, segue de p\u00e9 no <strong>Largo de S\u00e3o Sebasti\u00e3o<\/strong>, em <strong>Manaus<\/strong>, enquanto a poucos quil\u00f4metros dali dois rios correm lado a lado sem se misturar. A floresta do <strong>Amazonas <\/strong>\u00e9 o lugar onde a Belle \u00c9poque divide a paisagem com a maior floresta tropical do planeta.<\/p>\n\n\n\n<h2 class=\"wp-block-heading\">A Paris dos Tr\u00f3picos nasceu do l\u00e1tex<\/h2>\n\n\n\n<p><strong>Entre o final do s\u00e9culo XIX e o in\u00edcio do XX, a extra\u00e7\u00e3o da borracha transformou Manaus em uma das cidades mais pr\u00f3speras do mundo.<\/strong> A elite local importava moda, engenheiros e materiais da Europa para erguer pal\u00e1cios e pra\u00e7as que rivalizavam com capitais europeias. O <a href=\"https:\/\/www.gov.br\/turismo\/pt-br\/assuntos\/noticias\/manaus-os-352-anos-da-porta-de-entrada-da-amazonia-brasileira\" target=\"_blank\" rel=\"noreferrer noopener\"><strong>Teatro Amazonas<\/strong><\/a> \u00e9 o s\u00edmbolo maior dessa era: a c\u00fapula re\u00fane pe\u00e7as de cer\u00e2mica esmaltada nas cores da bandeira brasileira, as paredes de a\u00e7o vieram de Glasgow e o m\u00e1rmore das escadas, de Carrara. Tombado pelo <strong>IPHAN<\/strong> em <strong>1966<\/strong>, o teatro recebe at\u00e9 hoje \u00f3peras, concertos e o <strong>Festival Amazonas de \u00d3pera<\/strong>, realizado todo m\u00eas de maio.<\/p>\n\n\n\n<p>O cal\u00e7amento em mosaico preto e branco do Largo reproduz ondas inspiradas na Pra\u00e7a Dom Pedro IV, em Lisboa. Ao redor, casar\u00f5es restaurados abrigam caf\u00e9s, galerias e o <strong>Bar do Armando<\/strong>, reduto de m\u00fasica ao vivo e encontro de manauaras e turistas.<\/p>\n\n\n<div class=\"wp-block-image\">\n<figure class=\"aligncenter size-large\"><img decoding=\"async\" width=\"1024\" height=\"576\" src=\"https:\/\/www.correiobraziliense.com.br\/cbradar\/wp-content\/uploads\/2025\/07\/Manaus_1751672060840-1024x576.jpg\" alt=\"Uma \u00f3pera de luxo europeu constru\u00edda com 36 mil pe\u00e7as de cer\u00e2mica francesa no meio da floresta do Amazonas conquista quem mora nessa cidade\" class=\"wp-image-64789\" srcset=\"https:\/\/www.correiobraziliense.com.br\/cbradar\/wp-content\/uploads\/2025\/07\/Manaus_1751672060840-1024x576.jpg 1024w, https:\/\/www.correiobraziliense.com.br\/cbradar\/wp-content\/uploads\/2025\/07\/Manaus_1751672060840-300x169.jpg 300w, https:\/\/www.correiobraziliense.com.br\/cbradar\/wp-content\/uploads\/2025\/07\/Manaus_1751672060840-768x432.jpg 768w, https:\/\/www.correiobraziliense.com.br\/cbradar\/wp-content\/uploads\/2025\/07\/Manaus_1751672060840-750x422.jpg 750w, https:\/\/www.correiobraziliense.com.br\/cbradar\/wp-content\/uploads\/2025\/07\/Manaus_1751672060840-1140x641.jpg 1140w, https:\/\/www.correiobraziliense.com.br\/cbradar\/wp-content\/uploads\/2025\/07\/Manaus_1751672060840.jpg 1280w\" sizes=\"(max-width: 1024px) 100vw, 1024px\" \/><figcaption class=\"wp-element-caption\">Manaus \u00e9 porta de entrada para o ecoturismo na floresta amaz\u00f4nica. \/\/ Cr\u00e9ditos: depositphotos.com \/ Saaaaa<\/figcaption><\/figure><\/div>\n\n\n<h2 class=\"wp-block-heading\">O que acontece no Encontro das \u00c1guas?<\/h2>\n\n\n\n<p>As \u00e1guas escuras do <strong>Rio Negro<\/strong> e as barrentas do <strong>Rio Solim\u00f5es<\/strong> correm lado a lado por quil\u00f4metros sem se misturar. O fen\u00f4meno ocorre por diferen\u00e7as de temperatura, densidade e velocidade entre os dois rios. Quando finalmente se fundem, nasce o <strong>Rio Amazonas<\/strong>, o maior do planeta em volume de \u00e1gua. O passeio de barco at\u00e9 o Encontro sai do porto central e costuma incluir paradas em comunidades ribeirinhas, flutuantes para aproxima\u00e7\u00e3o de botos cor-de-rosa e visita a aldeias ind\u00edgenas.<\/p>\n\n\n\n<p><strong>A porta de entrada para a maior floresta tropical do mundo combina riqueza hist\u00f3rica com biodiversidade exuberante. <\/strong>O v\u00eddeo \u00e9 do canal <strong>Vamos Fugir Blog<\/strong>, refer\u00eancia com mais de <strong>160 mil<\/strong> inscritos, e apresenta o Teatro Amazonas, o Encontro das \u00c1guas e dicas de imers\u00e3o na selva<\/p>\n\n\n\n<figure class=\"wp-block-embed aligncenter is-type-video is-provider-youtube wp-block-embed-youtube wp-embed-aspect-16-9 wp-has-aspect-ratio\"><div class=\"wp-block-embed__wrapper\">\n<div class=\"jeg_video_container jeg_video_content\"><iframe loading=\"lazy\" title=\"O que fazer em Manaus, no Amazonas? - Roteiro de 4 dias + Floresta Amaz\u00f4nica e Presidente Figueiredo\" width=\"500\" height=\"281\" src=\"https:\/\/www.youtube.com\/embed\/5UKWm_tj20o?feature=oembed\" frameborder=\"0\" allow=\"accelerometer; autoplay; clipboard-write; encrypted-media; gyroscope; picture-in-picture; web-share\" referrerpolicy=\"strict-origin-when-cross-origin\" allowfullscreen><\/iframe><\/div>\n<\/div><\/figure>\n\n\n\n<h2 class=\"wp-block-heading\">O que visitar em Manaus al\u00e9m do teatro e do rio?<\/h2>\n\n\n\n<p>A cidade oferece atra\u00e7\u00f5es para roteiros de um a sete dias. O centro hist\u00f3rico se percorre a p\u00e9; os passeios fluviais e de selva exigem barco e guia.<\/p>\n\n\n\n<ul class=\"wp-block-list\">\n<li><strong>Mercado Municipal Adolpho Lisboa<\/strong>: estrutura em ferro no estilo Art Nouveau inspirada no Les Halles de Paris. Pavilh\u00f5es de peixe, carne, frutas e ervas medicinais \u00e0 beira do Rio Negro. Na \u00faltima sexta-feira do m\u00eas, abre \u00e0 noite com atra\u00e7\u00f5es culturais e gastron\u00f4micas.<\/li>\n\n\n\n<li><strong>Museu da Amaz\u00f4nia (MUSA)<\/strong>: 100 hectares dentro da <strong>Reserva Florestal Adolpho Ducke<\/strong>, com trilhas na mata, viveiros de orqu\u00eddeas, aqu\u00e1rios e uma torre de observa\u00e7\u00e3o de 42 metros acima da copa das \u00e1rvores.<\/li>\n\n\n\n<li><strong>Bosque da Ci\u00eancia (INPA)<\/strong>: \u00e1rea de visita\u00e7\u00e3o p\u00fablica do Instituto Nacional de Pesquisas da Amaz\u00f4nia, com fauna de vida livre, incluindo o sauim-de-coleira, primata end\u00eamico de Manaus.<\/li>\n\n\n\n<li><strong>Praia da Ponta Negra<\/strong>: praia urbana de \u00e1gua doce no Rio Negro, com cal\u00e7ad\u00e3o, quiosques e p\u00f4r do sol sobre a floresta. Aparece na \u00e9poca da vazante (setembro a fevereiro).<\/li>\n\n\n\n<li><a href=\"https:\/\/www.manaus.am.gov.br\/turismo\/o-que-ver-e-fazer-em-manaus\/\" target=\"_blank\" rel=\"noreferrer noopener\"><strong>Presidente Figueiredo<\/strong><\/a>: a 130 km pela BR-174, a &#8220;terra das cachoeiras&#8221; re\u00fane dezenas de quedas d&#8217;\u00e1gua, grutas e lagoas cristalinas. Ideal para bate-volta de um dia.<\/li>\n<\/ul>\n\n\n<div class=\"wp-block-image\">\n<figure class=\"aligncenter size-large\"><img decoding=\"async\" width=\"1024\" height=\"576\" src=\"https:\/\/www.correiobraziliense.com.br\/cbradar\/wp-content\/uploads\/2025\/07\/Manaus_1751672051176-1024x576.jpg\" alt=\"Uma \u00f3pera de luxo europeu constru\u00edda com 36 mil pe\u00e7as de cer\u00e2mica francesa no meio da floresta do Amazonas conquista quem mora nessa cidade\" class=\"wp-image-64790\" srcset=\"https:\/\/www.correiobraziliense.com.br\/cbradar\/wp-content\/uploads\/2025\/07\/Manaus_1751672051176-1024x576.jpg 1024w, https:\/\/www.correiobraziliense.com.br\/cbradar\/wp-content\/uploads\/2025\/07\/Manaus_1751672051176-300x169.jpg 300w, https:\/\/www.correiobraziliense.com.br\/cbradar\/wp-content\/uploads\/2025\/07\/Manaus_1751672051176-768x432.jpg 768w, https:\/\/www.correiobraziliense.com.br\/cbradar\/wp-content\/uploads\/2025\/07\/Manaus_1751672051176-750x422.jpg 750w, https:\/\/www.correiobraziliense.com.br\/cbradar\/wp-content\/uploads\/2025\/07\/Manaus_1751672051176-1140x641.jpg 1140w, https:\/\/www.correiobraziliense.com.br\/cbradar\/wp-content\/uploads\/2025\/07\/Manaus_1751672051176.jpg 1280w\" sizes=\"(max-width: 1024px) 100vw, 1024px\" \/><figcaption class=\"wp-element-caption\">Manaus, capital do Amazonas, re\u00fane floresta amaz\u00f4nica, rios gigantes e arquitetura hist\u00f3rica no cora\u00e7\u00e3o da Amaz\u00f4nia brasileira. \/\/ Cr\u00e9ditos: depositphotos.com \/ CreativeDesignNacional<\/figcaption><\/figure><\/div>\n\n\n<h2 class=\"wp-block-heading\">Quais sabores da Amaz\u00f4nia provam que Manaus \u00e9 capital gastron\u00f4mica?<\/h2>\n\n\n\n<p>A culin\u00e1ria manauara \u00e9 uma das mais genu\u00ednas do Brasil, constru\u00edda sobre peixes de rio, frutas ex\u00f3ticas e o saber dos povos origin\u00e1rios.<\/p>\n\n\n\n<ul class=\"wp-block-list\">\n<li><strong>Tambaqui assado na brasa<\/strong>: peixe-s\u00edmbolo da Amaz\u00f4nia, servido com farofa de banana e farinha do Uarini. A costela do tambaqui virou \u00edcone da cidade.<\/li>\n\n\n\n<li><strong>Pirarucu de casaca<\/strong>: camadas do maior peixe de escamas de \u00e1gua doce do mundo com banana frita, farofa e batata.<\/li>\n\n\n\n<li><strong>Tacac\u00e1<\/strong>: caldo quente de tucupi, goma de tapioca, camar\u00e3o seco e jambu, a erva que provoca formigamento na boca. Vendido em feiras e pra\u00e7as ao fim da tarde.<\/li>\n\n\n\n<li><strong>X-Caboquinho<\/strong>: sandu\u00edche de p\u00e3o franc\u00eas com tucum\u00e3, queijo coalho e banana pacov\u00e3 frita. Presen\u00e7a obrigat\u00f3ria no caf\u00e9 da manh\u00e3 manauara.<\/li>\n\n\n\n<li><strong>Frutas regionais<\/strong>: cupua\u00e7u, tapereb\u00e1, pupunha e tucum\u00e3 aparecem em sucos, sorvetes e doces em qualquer esquina.<\/li>\n<\/ul>\n\n\n\n<p><strong>Leia tamb\u00e9m: <a href=\"https:\/\/www.correiobraziliense.com.br\/cbradar\/a-quarta-cidade-mais-antiga-do-brasil-tem-um-cristo-redentor-anterior-ao-do-rio-de-janeiro\/\" target=\"_blank\" rel=\"noreferrer noopener\">A quarta cidade mais antiga do Brasil tem um Cristo Redentor anterior ao do Rio de Janeiro.<\/a><\/strong><\/p>\n\n\n\n<h2 class=\"wp-block-heading\">Quando o clima favorece cada tipo de passeio?<\/h2>\n\n\n\n<p>Manaus tem clima equatorial com calor o ano inteiro. O que muda \u00e9 o n\u00edvel dos rios, que pode variar at\u00e9 15 metros entre a cheia e a seca, transformando completamente a paisagem.<\/p>\n\n\n\n<div class=\"google-auto-ads-ignore\" style=\"font-family: 'Segoe UI', Roboto, -apple-system, sans-serif; max-width: 850px; margin: 20px auto; box-sizing: border-box; background-color: #ffffff; -webkit-font-smoothing: antialiased; text-rendering: optimizeLegibility;\">\n    \n    <div style=\"background: #fffcfc; border-radius: 20px; overflow: hidden; border: 1px solid #bae6fd; display: flex; flex-direction: column; box-shadow: 0 4px 15px rgba(2, 132, 199, 0.05);\">\n        \n        <div style=\"background: linear-gradient(135deg, #38bdf8 0%, #0284c7 100%); padding: 20px 30px; text-align: left;\">\n            <div style=\"font-size: 24px; font-weight: 800; color: #ffffff; letter-spacing: -0.5px; line-height: 1.2;\">\n                Sazonalidade e din\u00e2mica das \u00e1guas na Amaz\u00f4nia\n            <\/div>\n            <div style=\"font-size: 14px; color: #e0f2fe; margin-top: 4px; font-weight: 500; opacity: 0.9;\">\n                An\u00e1lise clim\u00e1tica detalhada para planejamento de expedi\u00e7\u00f5es fluviais, trilhas e viv\u00eancias culturais\n            <\/div>\n        <\/div>\n\n        <div style=\"padding: 15px;\">\n            <div style=\"display: grid; width: 100%; grid-template-columns: 1fr 0.8fr 1.1fr 0.7fr 2fr; gap: 1px; background-color: #7dd3fc; border-radius: 12px; border: 1px solid #7dd3fc; overflow: hidden;\">\n                \n                <div style=\"background: #f0f9ff; padding: 10px; font-weight: 800; font-size: 11px; text-transform: uppercase; color: #0c4a6e; text-align: center;\">Per\u00edodo<\/div>\n                <div style=\"background: #f0f9ff; padding: 10px; font-weight: 800; font-size: 11px; text-transform: uppercase; color: #0c4a6e; text-align: center;\">Meses<\/div>\n                <div style=\"background: #f0f9ff; padding: 10px; font-weight: 800; font-size: 11px; text-transform: uppercase; color: #0c4a6e; text-align: center;\">Temperatura<\/div>\n                <div style=\"background: #f0f9ff; padding: 10px; font-weight: 800; font-size: 11px; text-transform: uppercase; color: #0c4a6e; text-align: center;\">Chuva<\/div>\n                <div style=\"background: #f0f9ff; padding: 10px; font-weight: 800; font-size: 11px; text-transform: uppercase; color: #0c4a6e; text-align: center;\">O que fazer<\/div>\n\n                <div style=\"background: #ffffff; padding: 12px; font-weight: 800; color: #0284c7; font-size: 14px; display: flex; align-items: center; justify-content: center; gap: 5px;\">\ud83c\udf27\ufe0f Chuvoso<\/div>\n                <div style=\"background: #ffffff; padding: 12px; font-size: 13px; color: #1e293b; font-weight: 600; display: flex; align-items: center; justify-content: center;\">Dez-Mai<\/div>\n                <div style=\"background: #ffffff; padding: 12px; display: flex; align-items: center; justify-content: center; gap: 6px;\">\n                    <span style=\"font-size: 13px; font-weight: 700; color: #1e293b;\">24-31\u00b0C<\/span>\n                <\/div>\n                <div style=\"background: #ffffff; padding: 12px; font-size: 13px; color: #ef4444; font-weight: 600; display: flex; align-items: center; justify-content: center;\">Alta<\/div>\n                <div style=\"background: #ffffff; padding: 12px; font-size: 13px; line-height: 1.4; color: #1e293b; display: flex; align-items: center;\">Canoa nos igap\u00f3s, explora\u00e7\u00e3o da floresta alagada e observa\u00e7\u00e3o de fauna aqu\u00e1tica.<\/div>\n\n                <div style=\"background: #f8fafc; padding: 12px; font-weight: 800; color: #0284c7; font-size: 14px; display: flex; align-items: center; justify-content: center; gap: 5px;\">\u2600\ufe0f Seco<\/div>\n                <div style=\"background: #f8fafc; padding: 12px; font-size: 13px; color: #1e293b; font-weight: 600; display: flex; align-items: center; justify-content: center;\">Jun-Nov<\/div>\n                <div style=\"background: #f8fafc; padding: 12px; display: flex; align-items: center; justify-content: center; gap: 6px;\">\n                    <span style=\"font-size: 13px; font-weight: 700; color: #1e293b;\">26-35\u00b0C<\/span>\n                <\/div>\n                <div style=\"background: #f8fafc; padding: 12px; font-size: 13px; color: #4b5563; font-weight: 600; display: flex; align-items: center; justify-content: center;\">Baixa<\/div>\n                <div style=\"background: #f8fafc; padding: 12px; font-size: 13px; line-height: 1.4; color: #1e293b; display: flex; align-items: center;\">Praias fluviais, trilhas na mata seca e o ic\u00f4nico Festival de Parintins (junho).<\/div>\n            <\/div>\n        <\/div>\n\n        <div style=\"padding: 10px 30px; background: #f0f9ff; border-top: 1px solid #bae6fd; font-size: 12px; color: #0c4a6e; font-style: italic; display: flex; align-items: center; gap: 8px; font-weight: 600;\">\n            <div style=\"min-width: 6px; height: 6px; background: #0284c7; border-radius: 50%;\"><\/div>\n            Informa\u00e7\u00e3o: A experi\u00eancia amaz\u00f4nica muda radicalmente com o n\u00edvel dos rios; a &#8220;floresta espelhada&#8221; atinge seu auge visual entre abril e maio.\n        <\/div>\n        \n    <\/div>\n<\/div>\n\n\n\n<p><em>Temperaturas aproximadas. Consulte a previs\u00e3o atualizada no <a href=\"https:\/\/www.climatempo.com.br\/previsao-do-tempo\/cidade\/211\/manaus-am\" target=\"_blank\" rel=\"noreferrer noopener\"><strong>Climatempo<\/strong><\/a>.<\/em><\/p>\n\n\n<div class=\"wp-block-image\">\n<figure class=\"aligncenter size-large\"><img decoding=\"async\" width=\"1024\" height=\"576\" src=\"https:\/\/www.correiobraziliense.com.br\/cbradar\/wp-content\/uploads\/2025\/07\/Manaus_1751672070795-1024x576.jpg\" alt=\"Essa cidade na Amaz\u00f4nia oferece vida confort\u00e1vel e cen\u00e1rios de tirar o f\u00f4lego que encantam qualquer um\" class=\"wp-image-64792\" srcset=\"https:\/\/www.correiobraziliense.com.br\/cbradar\/wp-content\/uploads\/2025\/07\/Manaus_1751672070795-1024x576.jpg 1024w, https:\/\/www.correiobraziliense.com.br\/cbradar\/wp-content\/uploads\/2025\/07\/Manaus_1751672070795-300x169.jpg 300w, https:\/\/www.correiobraziliense.com.br\/cbradar\/wp-content\/uploads\/2025\/07\/Manaus_1751672070795-768x432.jpg 768w, https:\/\/www.correiobraziliense.com.br\/cbradar\/wp-content\/uploads\/2025\/07\/Manaus_1751672070795-750x422.jpg 750w, https:\/\/www.correiobraziliense.com.br\/cbradar\/wp-content\/uploads\/2025\/07\/Manaus_1751672070795-1140x641.jpg 1140w, https:\/\/www.correiobraziliense.com.br\/cbradar\/wp-content\/uploads\/2025\/07\/Manaus_1751672070795.jpg 1280w\" sizes=\"(max-width: 1024px) 100vw, 1024px\" \/><figcaption class=\"wp-element-caption\">Manaus destaca-se pela biodiversidade \u00fanica e centros hist\u00f3ricos preservados. \/\/ Cr\u00e9ditos: depositphotos.com \/ A.Paes<\/figcaption><\/figure><\/div>\n\n\n<h2 class=\"wp-block-heading\">Como chegar a Manaus e se locomover na cidade?<\/h2>\n\n\n\n<p>O <strong>Aeroporto Internacional Eduardo Gomes (MAO)<\/strong> recebe voos diretos de <strong>S\u00e3o Paulo<\/strong> (3h50), <strong>Bras\u00edlia<\/strong>, <strong>Bel\u00e9m<\/strong> e outras capitais. A chegada por via terrestre \u00e9 limitada, j\u00e1 que a <strong>BR-319<\/strong> tem trechos prec\u00e1rios. O transporte fluvial, por outro lado, conecta Manaus a dezenas de localidades ribeirinhas em viagens que podem durar dias. Dentro da cidade, os deslocamentos para passeios fluviais partem do porto central ou de marinas privadas. Para Presidente Figueiredo e outros destinos terrestres, o carro \u00e9 a melhor op\u00e7\u00e3o.<\/p>\n\n\n\n<h2 class=\"wp-block-heading\">A metr\u00f3pole onde a selva entra pela janela<\/h2>\n\n\n\n<p><strong>Manaus \u00e9 o raro lugar onde se pode assistir a uma \u00f3pera num pal\u00e1cio do s\u00e9culo XIX, almo\u00e7ar tambaqui na brasa num flutuante sobre o Rio Negro e terminar o dia observando botos cor-de-rosa no igarap\u00e9. <\/strong>O contraste entre o luxo da borracha e a grandiosidade da floresta cria uma experi\u00eancia que nenhuma outra capital brasileira reproduz.<\/p>\n\n\n\n<p>Voc\u00ea precisa navegar pelo Encontro das \u00c1guas, sentir o formigamento do jambu na l\u00edngua e entender por que Manaus construiu uma \u00f3pera no meio da selva sem pedir desculpas.<\/p>\n","protected":false},"excerpt":{"rendered":"<p>No fim do s\u00e9culo XIX, a riqueza do l\u00e1tex financiou m\u00e1rmore de Carrara, lustres de cristal e 36 mil pe\u00e7as de cer\u00e2mica francesa para construir um teatro de \u00f3pera no cora\u00e7\u00e3o da floresta. O Teatro Amazonas, inaugurado em 1896, segue de p\u00e9 no Largo de S\u00e3o Sebasti\u00e3o, em Manaus, enquanto a poucos quil\u00f4metros dali dois [&hellip;]<\/p>\n","protected":false},"author":8,"featured_media":209578,"comment_status":"open","ping_status":"open","sticky":false,"template":"","format":"standard","meta":{"_yoast_wpseo_focuskw":"floresta do Amazonas","_yoast_wpseo_title":"","_yoast_wpseo_metadesc":"Cercada pela floresta do Amazonas, uma luxuosa \u00f3pera com 36 mil pe\u00e7as de cer\u00e2mica francesa revela uma hist\u00f3ria surpreendente no Brasil.","jnews-multi-image_gallery":[],"jnews_single_post":{"format":"standard"},"jnews_primary_category":[],"jnews_social_meta":[],"jnews_override_counter":[],"footnotes":""},"categories":[108,111],"tags":[7978,7705],"class_list":["post-209127","post","type-post","status-publish","format-standard","has-post-thumbnail","hentry","category-cidades","category-turismo","tag-amazonas","tag-manaus"],"yoast_head":"<!-- This site is optimized with the Yoast SEO plugin v24.6 - https:\/\/yoast.com\/wordpress\/plugins\/seo\/ -->\n<title>Uma \u00f3pera de luxo europeu constru\u00edda com 36 mil pe\u00e7as de cer\u00e2mica francesa no meio da floresta do Amazonas conquista quem mora nessa cidade - Correio Braziliense - Radar<\/title>\n<meta name=\"description\" content=\"Cercada pela floresta do Amazonas, uma luxuosa \u00f3pera com 36 mil pe\u00e7as de cer\u00e2mica francesa revela uma hist\u00f3ria surpreendente no Brasil.\" \/>\n<meta name=\"robots\" content=\"index, follow, max-snippet:-1, max-image-preview:large, max-video-preview:-1\" \/>\n<link rel=\"canonical\" href=\"https:\/\/www.correiobraziliense.com.br\/cbradar\/uma-opera-de-luxo-europeu-construida-com-36-mil-pecas-de-ceramica-francesa-no-meio-da-floresta-do-amazonas-conquista-quem-mora-nessa-cidade\/\" \/>\n<meta property=\"og:locale\" content=\"pt_BR\" \/>\n<meta property=\"og:type\" content=\"article\" \/>\n<meta property=\"og:title\" content=\"Uma \u00f3pera de luxo europeu constru\u00edda com 36 mil pe\u00e7as de cer\u00e2mica francesa no meio da floresta do Amazonas conquista quem mora nessa cidade - Correio Braziliense - Radar\" \/>\n<meta property=\"og:description\" content=\"Cercada pela floresta do Amazonas, uma luxuosa \u00f3pera com 36 mil pe\u00e7as de cer\u00e2mica francesa revela uma hist\u00f3ria surpreendente no Brasil.\" \/>\n<meta property=\"og:url\" content=\"https:\/\/www.correiobraziliense.com.br\/cbradar\/uma-opera-de-luxo-europeu-construida-com-36-mil-pecas-de-ceramica-francesa-no-meio-da-floresta-do-amazonas-conquista-quem-mora-nessa-cidade\/\" \/>\n<meta property=\"og:site_name\" content=\"Correio Braziliense - Radar\" \/>\n<meta property=\"article:published_time\" content=\"2026-03-16T18:25:00+00:00\" \/>\n<meta property=\"og:image\" content=\"https:\/\/www.correiobraziliense.com.br\/cbradar\/wp-content\/uploads\/2026\/03\/aaa-29.png\" \/>\n\t<meta property=\"og:image:width\" content=\"1280\" \/>\n\t<meta property=\"og:image:height\" content=\"720\" \/>\n\t<meta property=\"og:image:type\" content=\"image\/png\" \/>\n<meta name=\"author\" content=\"Maura Pereira\" \/>\n<meta name=\"twitter:card\" content=\"summary_large_image\" \/>\n<meta name=\"twitter:label1\" content=\"Escrito por\" \/>\n\t<meta name=\"twitter:data1\" content=\"Maura Pereira\" \/>\n\t<meta name=\"twitter:label2\" content=\"Est. tempo de leitura\" \/>\n\t<meta name=\"twitter:data2\" content=\"7 minutos\" \/>\n<!-- \/ Yoast SEO plugin. -->","yoast_head_json":{"title":"Uma \u00f3pera de luxo europeu constru\u00edda com 36 mil pe\u00e7as de cer\u00e2mica francesa no meio da floresta do Amazonas conquista quem mora nessa cidade - Correio Braziliense - Radar","description":"Cercada pela floresta do Amazonas, uma luxuosa \u00f3pera com 36 mil pe\u00e7as de cer\u00e2mica francesa revela uma hist\u00f3ria surpreendente no Brasil.","robots":{"index":"index","follow":"follow","max-snippet":"max-snippet:-1","max-image-preview":"max-image-preview:large","max-video-preview":"max-video-preview:-1"},"canonical":"https:\/\/www.correiobraziliense.com.br\/cbradar\/uma-opera-de-luxo-europeu-construida-com-36-mil-pecas-de-ceramica-francesa-no-meio-da-floresta-do-amazonas-conquista-quem-mora-nessa-cidade\/","og_locale":"pt_BR","og_type":"article","og_title":"Uma \u00f3pera de luxo europeu constru\u00edda com 36 mil pe\u00e7as de cer\u00e2mica francesa no meio da floresta do Amazonas conquista quem mora nessa cidade - Correio Braziliense - Radar","og_description":"Cercada pela floresta do Amazonas, uma luxuosa \u00f3pera com 36 mil pe\u00e7as de cer\u00e2mica francesa revela uma hist\u00f3ria surpreendente no Brasil.","og_url":"https:\/\/www.correiobraziliense.com.br\/cbradar\/uma-opera-de-luxo-europeu-construida-com-36-mil-pecas-de-ceramica-francesa-no-meio-da-floresta-do-amazonas-conquista-quem-mora-nessa-cidade\/","og_site_name":"Correio Braziliense - Radar","article_published_time":"2026-03-16T18:25:00+00:00","og_image":[{"width":1280,"height":720,"url":"https:\/\/www.correiobraziliense.com.br\/cbradar\/wp-content\/uploads\/2026\/03\/aaa-29.png","type":"image\/png"}],"author":"Maura Pereira","twitter_card":"summary_large_image","twitter_misc":{"Escrito por":"Maura Pereira","Est. tempo de leitura":"7 minutos"},"schema":{"@context":"https:\/\/schema.org","@graph":[{"@type":"WebPage","@id":"https:\/\/www.correiobraziliense.com.br\/cbradar\/uma-opera-de-luxo-europeu-construida-com-36-mil-pecas-de-ceramica-francesa-no-meio-da-floresta-do-amazonas-conquista-quem-mora-nessa-cidade\/","url":"https:\/\/www.correiobraziliense.com.br\/cbradar\/uma-opera-de-luxo-europeu-construida-com-36-mil-pecas-de-ceramica-francesa-no-meio-da-floresta-do-amazonas-conquista-quem-mora-nessa-cidade\/","name":"Uma \u00f3pera de luxo europeu constru\u00edda com 36 mil pe\u00e7as de cer\u00e2mica francesa no meio da floresta do Amazonas conquista quem mora nessa cidade - Correio Braziliense - Radar","isPartOf":{"@id":"https:\/\/www.correiobraziliense.com.br\/cbradar\/#website"},"primaryImageOfPage":{"@id":"https:\/\/www.correiobraziliense.com.br\/cbradar\/uma-opera-de-luxo-europeu-construida-com-36-mil-pecas-de-ceramica-francesa-no-meio-da-floresta-do-amazonas-conquista-quem-mora-nessa-cidade\/#primaryimage"},"image":{"@id":"https:\/\/www.correiobraziliense.com.br\/cbradar\/uma-opera-de-luxo-europeu-construida-com-36-mil-pecas-de-ceramica-francesa-no-meio-da-floresta-do-amazonas-conquista-quem-mora-nessa-cidade\/#primaryimage"},"thumbnailUrl":"https:\/\/www.correiobraziliense.com.br\/cbradar\/wp-content\/uploads\/2026\/03\/aaa-29.png","datePublished":"2026-03-16T18:25:00+00:00","author":{"@id":"https:\/\/www.correiobraziliense.com.br\/cbradar\/#\/schema\/person\/4053c651a9bfc785afc6f4cbc9032fd3"},"description":"Cercada pela floresta do Amazonas, uma luxuosa \u00f3pera com 36 mil pe\u00e7as de cer\u00e2mica francesa revela uma hist\u00f3ria surpreendente no Brasil.","breadcrumb":{"@id":"https:\/\/www.correiobraziliense.com.br\/cbradar\/uma-opera-de-luxo-europeu-construida-com-36-mil-pecas-de-ceramica-francesa-no-meio-da-floresta-do-amazonas-conquista-quem-mora-nessa-cidade\/#breadcrumb"},"inLanguage":"pt-BR","potentialAction":[{"@type":"ReadAction","target":["https:\/\/www.correiobraziliense.com.br\/cbradar\/uma-opera-de-luxo-europeu-construida-com-36-mil-pecas-de-ceramica-francesa-no-meio-da-floresta-do-amazonas-conquista-quem-mora-nessa-cidade\/"]}]},{"@type":"ImageObject","inLanguage":"pt-BR","@id":"https:\/\/www.correiobraziliense.com.br\/cbradar\/uma-opera-de-luxo-europeu-construida-com-36-mil-pecas-de-ceramica-francesa-no-meio-da-floresta-do-amazonas-conquista-quem-mora-nessa-cidade\/#primaryimage","url":"https:\/\/www.correiobraziliense.com.br\/cbradar\/wp-content\/uploads\/2026\/03\/aaa-29.png","contentUrl":"https:\/\/www.correiobraziliense.com.br\/cbradar\/wp-content\/uploads\/2026\/03\/aaa-29.png","width":1280,"height":720,"caption":"A capital do Amazonas \u00e9 o lugar onde a Belle \u00c9poque divide a paisagem com a maior floresta tropical do planeta. \/ Imagem ilustrativa"},{"@type":"BreadcrumbList","@id":"https:\/\/www.correiobraziliense.com.br\/cbradar\/uma-opera-de-luxo-europeu-construida-com-36-mil-pecas-de-ceramica-francesa-no-meio-da-floresta-do-amazonas-conquista-quem-mora-nessa-cidade\/#breadcrumb","itemListElement":[{"@type":"ListItem","position":1,"name":"In\u00edcio","item":"https:\/\/www.correiobraziliense.com.br\/cbradar\/"},{"@type":"ListItem","position":2,"name":"Uma \u00f3pera de luxo europeu constru\u00edda com 36 mil pe\u00e7as de cer\u00e2mica francesa no meio da floresta do Amazonas conquista quem mora nessa cidade"}]},{"@type":"WebSite","@id":"https:\/\/www.correiobraziliense.com.br\/cbradar\/#website","url":"https:\/\/www.correiobraziliense.com.br\/cbradar\/","name":"Correio Braziliense - Radar","description":"Acompanhe as \u00faltimas not\u00edcias e fique bem informado sobre tudo o que acontece no Brasil e no mundo.","potentialAction":[{"@type":"SearchAction","target":{"@type":"EntryPoint","urlTemplate":"https:\/\/www.correiobraziliense.com.br\/cbradar\/?s={search_term_string}"},"query-input":{"@type":"PropertyValueSpecification","valueRequired":true,"valueName":"search_term_string"}}],"inLanguage":"pt-BR"},{"@type":"Person","@id":"https:\/\/www.correiobraziliense.com.br\/cbradar\/#\/schema\/person\/4053c651a9bfc785afc6f4cbc9032fd3","name":"Maura Pereira","image":{"@type":"ImageObject","inLanguage":"pt-BR","@id":"https:\/\/www.correiobraziliense.com.br\/cbradar\/#\/schema\/person\/image\/","url":"https:\/\/secure.gravatar.com\/avatar\/3effd6bdadfa447f15089c7f7144eaa6?s=96&d=mm&r=g","contentUrl":"https:\/\/secure.gravatar.com\/avatar\/3effd6bdadfa447f15089c7f7144eaa6?s=96&d=mm&r=g","caption":"Maura Pereira"},"sameAs":["https:\/\/www.correiobraziliense.com.br\/"],"url":"https:\/\/www.correiobraziliense.com.br\/cbradar\/author\/mauramyth\/"}]}},"_links":{"self":[{"href":"https:\/\/www.correiobraziliense.com.br\/cbradar\/wp-json\/wp\/v2\/posts\/209127","targetHints":{"allow":["GET"]}}],"collection":[{"href":"https:\/\/www.correiobraziliense.com.br\/cbradar\/wp-json\/wp\/v2\/posts"}],"about":[{"href":"https:\/\/www.correiobraziliense.com.br\/cbradar\/wp-json\/wp\/v2\/types\/post"}],"author":[{"embeddable":true,"href":"https:\/\/www.correiobraziliense.com.br\/cbradar\/wp-json\/wp\/v2\/users\/8"}],"replies":[{"embeddable":true,"href":"https:\/\/www.correiobraziliense.com.br\/cbradar\/wp-json\/wp\/v2\/comments?post=209127"}],"version-history":[{"count":13,"href":"https:\/\/www.correiobraziliense.com.br\/cbradar\/wp-json\/wp\/v2\/posts\/209127\/revisions"}],"predecessor-version":[{"id":209580,"href":"https:\/\/www.correiobraziliense.com.br\/cbradar\/wp-json\/wp\/v2\/posts\/209127\/revisions\/209580"}],"wp:featuredmedia":[{"embeddable":true,"href":"https:\/\/www.correiobraziliense.com.br\/cbradar\/wp-json\/wp\/v2\/media\/209578"}],"wp:attachment":[{"href":"https:\/\/www.correiobraziliense.com.br\/cbradar\/wp-json\/wp\/v2\/media?parent=209127"}],"wp:term":[{"taxonomy":"category","embeddable":true,"href":"https:\/\/www.correiobraziliense.com.br\/cbradar\/wp-json\/wp\/v2\/categories?post=209127"},{"taxonomy":"post_tag","embeddable":true,"href":"https:\/\/www.correiobraziliense.com.br\/cbradar\/wp-json\/wp\/v2\/tags?post=209127"}],"curies":[{"name":"wp","href":"https:\/\/api.w.org\/{rel}","templated":true}]}}