{"id":209128,"date":"2026-03-16T19:27:00","date_gmt":"2026-03-16T22:27:00","guid":{"rendered":"https:\/\/www.correiobraziliense.com.br\/cbradar\/?p=209128"},"modified":"2026-03-16T14:09:15","modified_gmt":"2026-03-16T17:09:15","slug":"a-capital-nacional-do-morango-e-a-2a-cidade-mais-segura-do-brasil-e-conquista-quem-deseja-viver-tranquilo","status":"publish","type":"post","link":"https:\/\/www.correiobraziliense.com.br\/cbradar\/a-capital-nacional-do-morango-e-a-2a-cidade-mais-segura-do-brasil-e-conquista-quem-deseja-viver-tranquilo\/","title":{"rendered":"A Capital Nacional do Morango \u00e9 a 2\u00aa cidade mais segura do Brasil e conquista quem deseja viver tranquilo"},"content":{"rendered":"\n<p>O rio que os ind\u00edgenas chamavam de <strong>Atubaia<\/strong>, &#8220;\u00e1gua agrad\u00e1vel ao paladar&#8221;, ainda corta a serra onde nasceu uma das cidades mais completas do interior paulista. <strong>Atibaia<\/strong> combina ar de montanha, morangos colhidos na hora e \u00edndices de seguran\u00e7a que envergonham capitais.<\/p>\n\n\n\n<h2 class=\"wp-block-heading\">De parada de bandeirantes a cidade com lei federal<\/h2>\n\n\n\n<p>Em <strong>24 de junho de 1665<\/strong>, o bandeirante <strong>Jer\u00f4nimo de Camargo<\/strong> ergueu uma capela dedicada a <strong>S\u00e3o Jo\u00e3o Batista<\/strong> no alto de uma colina banhada pelo rio. O local servia como primeiro ponto de descanso para quem partia de <strong>S\u00e3o Paulo<\/strong> rumo \u00e0s minas de ouro de <strong>Minas Gerais<\/strong>. O povoado cresceu devagar, virou vila em 1769 e s\u00f3 ganhou o nome atual em 1905.<\/p>\n\n\n\n<p>S\u00e9culos depois, imigrantes japoneses e italianos trouxeram o cultivo de flores e morangos em larga escala. Em <strong>2022<\/strong>, a <strong>Lei Federal 14.383<\/strong> conferiu a Atibaia o t\u00edtulo de <a href=\"https:\/\/www2.camara.leg.br\/legin\/fed\/lei\/2022\/lei-14383-27-junho-2022-792894-publicacaooriginal-165618-pl.html\" target=\"_blank\" rel=\"noreferrer noopener\"><strong>Capital Nacional do Morango<\/strong><\/a>. A fruta virou s\u00edmbolo oficial do munic\u00edpio e protagonista de uma festa que atrai milhares de visitantes todo setembro.<\/p>\n\n\n<div class=\"wp-block-image\">\n<figure class=\"aligncenter size-large\"><img decoding=\"async\" width=\"1024\" height=\"576\" src=\"https:\/\/www.correiobraziliense.com.br\/cbradar\/wp-content\/uploads\/2025\/12\/canva-70-1024x576.png\" alt=\"A Capital Nacional do Morango \u00e9 a 2\u00aa cidade mais segura do Brasil e conquista quem deseja viver tranquilo\" class=\"wp-image-161900\" srcset=\"https:\/\/www.correiobraziliense.com.br\/cbradar\/wp-content\/uploads\/2025\/12\/canva-70-1024x576.png 1024w, https:\/\/www.correiobraziliense.com.br\/cbradar\/wp-content\/uploads\/2025\/12\/canva-70-300x169.png 300w, https:\/\/www.correiobraziliense.com.br\/cbradar\/wp-content\/uploads\/2025\/12\/canva-70-768x432.png 768w, https:\/\/www.correiobraziliense.com.br\/cbradar\/wp-content\/uploads\/2025\/12\/canva-70-750x422.png 750w, https:\/\/www.correiobraziliense.com.br\/cbradar\/wp-content\/uploads\/2025\/12\/canva-70-1140x641.png 1140w, https:\/\/www.correiobraziliense.com.br\/cbradar\/wp-content\/uploads\/2025\/12\/canva-70.png 1280w\" sizes=\"(max-width: 1024px) 100vw, 1024px\" \/><figcaption class=\"wp-element-caption\">Atibaia bomba no turismo 2025: Festa de Flores e Morangos atrai milhares \u00e0 est\u00e2ncia segura do interior de SP! \/\/ Cr\u00e9ditos: Wikip\u00e9dia<\/figcaption><\/figure><\/div>\n\n\n<h2 class=\"wp-block-heading\">Por que Atibaia lidera rankings de qualidade de vida?<\/h2>\n\n\n\n<p>Um estudo do <strong>N\u00facleo de Estudos das Cidades (NEC)<\/strong>, com professores da <strong>USP<\/strong> e da <strong>UFSCar<\/strong>, colocou Atibaia em primeiro lugar no IDH e no IDH Verde entre munic\u00edpios paulistas com mais de 100 mil habitantes. O levantamento avaliou sa\u00fade, educa\u00e7\u00e3o, economia, seguran\u00e7a e meio ambiente. A <a href=\"https:\/\/www.atibaia.sp.gov.br\/destaques\/atibaia-e-a-cidade-mais-segura-do-estado-de-sp-e-a-2-do-brasil-segundo-atlas-da-violencia\" target=\"_blank\" rel=\"noreferrer noopener\"><strong>Prefeitura de Atibaia<\/strong><\/a> divulgou os resultados com destaque para a nota 9,73 no \u00edndice global.<\/p>\n\n\n\n<p>O <strong>Atlas da Viol\u00eancia 2024<\/strong>, do <strong>Instituto de Pesquisa Econ\u00f4mica Aplicada (Ipea)<\/strong> e do <strong>F\u00f3rum Brasileiro de Seguran\u00e7a P\u00fablica<\/strong>, refor\u00e7ou o cen\u00e1rio: Atibaia registrou taxa de 3,2 homic\u00eddios por 100 mil habitantes, a menor do estado de S\u00e3o Paulo e a segunda menor do Brasil entre munic\u00edpios com mais de 100 mil moradores.<\/p>\n\n\n\n<p><strong>A terra do morango e das flores encanta pelo clima acolhedor e pela proximidade com a capital paulista<\/strong>. O v\u00eddeo \u00e9 do canal <strong>De fora em Juiz de Fora<\/strong>, refer\u00eancia com mais de <strong>100 mil<\/strong> inscritos, e detalha o telef\u00e9rico, a Pedra Grande e a tradicional Festa do Morango<\/p>\n\n\n\n<figure class=\"wp-block-embed aligncenter is-type-video is-provider-youtube wp-block-embed-youtube wp-embed-aspect-16-9 wp-has-aspect-ratio\"><div class=\"wp-block-embed__wrapper\">\n<div class=\"jeg_video_container jeg_video_content\"><iframe loading=\"lazy\" title=\"CONHE\u00c7A ATIBAIA - SP: Terra das flores e do morango em S\u00e3o Paulo - perto de Campinas\" width=\"500\" height=\"281\" src=\"https:\/\/www.youtube.com\/embed\/5U11PXOySrM?feature=oembed\" frameborder=\"0\" allow=\"accelerometer; autoplay; clipboard-write; encrypted-media; gyroscope; picture-in-picture; web-share\" referrerpolicy=\"strict-origin-when-cross-origin\" allowfullscreen><\/iframe><\/div>\n<\/div><\/figure>\n\n\n\n<h2 class=\"wp-block-heading\">O que fazer na terra do morango e da Pedra Grande?<\/h2>\n\n\n\n<p>A serra guarda atra\u00e7\u00f5es para quem busca aventura, contempla\u00e7\u00e3o ou simplesmente um fim de semana tranquilo. Algumas op\u00e7\u00f5es ficam a menos de 20 minutos do centro.<\/p>\n\n\n\n<ul class=\"wp-block-list\">\n<li><strong>Pedra Grande<\/strong>: afloramento rochoso de mais de 600 milh\u00f5es de anos, a 1.418 m de altitude, com vista panor\u00e2mica de seis munic\u00edpios. Tombada pelo <strong>CONDEPHAAT<\/strong> em 1983, foi o primeiro tombamento espec\u00edfico de \u00e1rea natural do <strong>Brasil<\/strong>. Abriga flora end\u00eamica rara e rampa de voo livre.<\/li>\n\n\n\n<li><strong>Parque Edmundo Zanoni<\/strong>: \u00e1rea verde no centro com lago, pedalinhos e playground. Palco da tradicional <strong>Festa de Flores e Morangos<\/strong>, realizada todo setembro.<\/li>\n\n\n\n<li><strong>Telef\u00e9rico de Atibaia<\/strong>: passeio de cabine com vista da serra e do vale, conectando o parque \u00e0 parte alta da cidade.<\/li>\n\n\n\n<li><a href=\"https:\/\/santuariodeatibaia.org.br\/\" target=\"_blank\" rel=\"noreferrer noopener\"><strong>Santu\u00e1rio de Schoenstatt<\/strong><\/a>: inaugurado em 1972, \u00e9 r\u00e9plica da capela original na <strong>Alemanha<\/strong>. Com espa\u00e7o para 5 mil pessoas sentadas, \u00e9 o maior entre mais de 150 santu\u00e1rios do movimento no mundo.<\/li>\n\n\n\n<li><strong>Museu Municipal Jo\u00e3o Batista Conti<\/strong>: acervo que preserva a mem\u00f3ria da imigra\u00e7\u00e3o e da funda\u00e7\u00e3o bandeirante.<\/li>\n<\/ul>\n\n\n<div class=\"wp-block-image\">\n<figure class=\"aligncenter size-large\"><img decoding=\"async\" width=\"1024\" height=\"576\" src=\"https:\/\/www.correiobraziliense.com.br\/cbradar\/wp-content\/uploads\/2025\/12\/atibaia_1766545526851-1024x576.jpg\" alt=\"A Capital Nacional do Morango \u00e9 a 2\u00aa cidade mais segura do Brasil e conquista quem deseja viver tranquilo\" class=\"wp-image-161905\" srcset=\"https:\/\/www.correiobraziliense.com.br\/cbradar\/wp-content\/uploads\/2025\/12\/atibaia_1766545526851-1024x576.jpg 1024w, https:\/\/www.correiobraziliense.com.br\/cbradar\/wp-content\/uploads\/2025\/12\/atibaia_1766545526851-300x169.jpg 300w, https:\/\/www.correiobraziliense.com.br\/cbradar\/wp-content\/uploads\/2025\/12\/atibaia_1766545526851-768x432.jpg 768w, https:\/\/www.correiobraziliense.com.br\/cbradar\/wp-content\/uploads\/2025\/12\/atibaia_1766545526851-750x422.jpg 750w, https:\/\/www.correiobraziliense.com.br\/cbradar\/wp-content\/uploads\/2025\/12\/atibaia_1766545526851-1140x641.jpg 1140w, https:\/\/www.correiobraziliense.com.br\/cbradar\/wp-content\/uploads\/2025\/12\/atibaia_1766545526851.jpg 1280w\" sizes=\"(max-width: 1024px) 100vw, 1024px\" \/><figcaption class=\"wp-element-caption\">Atibaia oferece Parque Estadual de Itapetinga, museu hist\u00f3rico e roteiros rurais ideais para fam\u00edlias e ecoturismo. \/\/ Cr\u00e9ditos: depositphotos.com \/ Ranimiro<\/figcaption><\/figure><\/div>\n\n\n<h2 class=\"wp-block-heading\">Morango no espeto e galinhada caipira na serra<\/h2>\n\n\n\n<p>A gastronomia de Atibaia mistura heran\u00e7a caipira, italiana e japonesa. A Alameda Lucas Nogueira Garcez concentra boa parte dos restaurantes e funciona como corredor gastron\u00f4mico da cidade.<\/p>\n\n\n\n<ul class=\"wp-block-list\">\n<li><strong>Morango no espeto com chocolate<\/strong>: \u00edcone da Festa de Flores e Morangos, virou marca registrada da cidade.<\/li>\n\n\n\n<li><strong>Torta de morango<\/strong>: presente em padarias, caf\u00e9s e restaurantes o ano inteiro.<\/li>\n\n\n\n<li><strong>Frango com polenta<\/strong>: receita caipira servida em restaurantes rurais nos arredores da serra.<\/li>\n\n\n\n<li><strong>Culin\u00e1ria japonesa<\/strong>: reflexo da forte imigra\u00e7\u00e3o nip\u00f4nica que moldou a agricultura local.<\/li>\n<\/ul>\n\n\n\n<p><strong>Leia tamb\u00e9m: <a href=\"https:\/\/www.correiobraziliense.com.br\/cbradar\/a-quarta-cidade-mais-antiga-do-brasil-tem-um-cristo-redentor-anterior-ao-do-rio-de-janeiro\/\" target=\"_blank\" rel=\"noreferrer noopener\">A quarta cidade mais antiga do Brasil tem um Cristo Redentor anterior ao do Rio de Janeiro.<\/a><\/strong><\/p>\n\n\n\n<h2 class=\"wp-block-heading\">Quando o clima favorece cada tipo de passeio?<\/h2>\n\n\n\n<p>O clima tropical de altitude mant\u00e9m a temperatura m\u00e9dia anual em torno de 19 \u00b0C. O inverno seco \u00e9 ideal para trilhas, enquanto o ver\u00e3o chuvoso pede passeios pela manh\u00e3.<\/p>\n\n\n\n<div class=\"google-auto-ads-ignore\" style=\"font-family: 'Segoe UI', Roboto, -apple-system, sans-serif; max-width: 850px; margin: 20px auto; box-sizing: border-box; background-color: #ffffff; -webkit-font-smoothing: antialiased; text-rendering: optimizeLegibility;\">\n    \n    <div style=\"background: #fffcfc; border-radius: 20px; overflow: hidden; border: 1px solid #bae6fd; display: flex; flex-direction: column; box-shadow: 0 4px 15px rgba(2, 132, 199, 0.05);\">\n        \n        <div style=\"background: linear-gradient(135deg, #38bdf8 0%, #0284c7 100%); padding: 20px 30px; text-align: left;\">\n            <div style=\"font-size: 24px; font-weight: 800; color: #ffffff; letter-spacing: -0.5px; line-height: 1.2;\">\n                Sazonalidade e condi\u00e7\u00f5es para atividades em Atibaia\n            <\/div>\n            <div style=\"font-size: 14px; color: #e0f2fe; margin-top: 4px; font-weight: 500; opacity: 0.9;\">\n                An\u00e1lise clim\u00e1tica detalhada para planejamento de roteiros de aventura, lazer e eventos sazonais\n            <\/div>\n        <\/div>\n\n        <div style=\"padding: 15px;\">\n            <div style=\"display: grid; width: 100%; grid-template-columns: 0.8fr 0.7fr 1fr 0.7fr 1.8fr; gap: 1px; background-color: #7dd3fc; border-radius: 12px; border: 1px solid #7dd3fc; overflow: hidden;\">\n                \n                <div style=\"background: #f0f9ff; padding: 10px; font-weight: 800; font-size: 11px; text-transform: uppercase; color: #0c4a6e; text-align: center;\">Esta\u00e7\u00e3o<\/div>\n                <div style=\"background: #f0f9ff; padding: 10px; font-weight: 800; font-size: 11px; text-transform: uppercase; color: #0c4a6e; text-align: center;\">Meses<\/div>\n                <div style=\"background: #f0f9ff; padding: 10px; font-weight: 800; font-size: 11px; text-transform: uppercase; color: #0c4a6e; text-align: center;\">Temperatura<\/div>\n                <div style=\"background: #f0f9ff; padding: 10px; font-weight: 800; font-size: 11px; text-transform: uppercase; color: #0c4a6e; text-align: center;\">Chuva<\/div>\n                <div style=\"background: #f0f9ff; padding: 10px; font-weight: 800; font-size: 11px; text-transform: uppercase; color: #0c4a6e; text-align: center;\">O que fazer<\/div>\n\n                <div style=\"background: #ffffff; padding: 12px; font-weight: 800; color: #0284c7; font-size: 14px; display: flex; align-items: center; justify-content: center; gap: 5px;\">\u2600\ufe0f Ver\u00e3o<\/div>\n                <div style=\"background: #ffffff; padding: 12px; font-size: 13px; color: #1e293b; font-weight: 600; display: flex; align-items: center; justify-content: center;\">Dez-Fev<\/div>\n                <div style=\"background: #ffffff; padding: 12px; display: flex; align-items: center; justify-content: center; gap: 6px;\">\n                    <span style=\"font-size: 13px; font-weight: 700; color: #1e293b;\">18-28 \u00b0C<\/span>\n                <\/div>\n                <div style=\"background: #ffffff; padding: 12px; font-size: 13px; color: #ef4444; font-weight: 600; display: flex; align-items: center; justify-content: center;\">Alta<\/div>\n                <div style=\"background: #ffffff; padding: 12px; font-size: 13px; line-height: 1.4; color: #1e293b; display: flex; align-items: center;\">Cachoeiras com volume m\u00e1ximo e relaxamento em resorts.<\/div>\n\n                <div style=\"background: #f8fafc; padding: 12px; font-weight: 800; color: #0284c7; font-size: 14px; display: flex; align-items: center; justify-content: center; gap: 5px;\">\ud83c\udf42 Outono<\/div>\n                <div style=\"background: #f8fafc; padding: 12px; font-size: 13px; color: #1e293b; font-weight: 600; display: flex; align-items: center; justify-content: center;\">Mar-Mai<\/div>\n                <div style=\"background: #f8fafc; padding: 12px; display: flex; align-items: center; justify-content: center; gap: 6px;\">\n                    <span style=\"font-size: 13px; font-weight: 700; color: #1e293b;\">14-25 \u00b0C<\/span>\n                <\/div>\n                <div style=\"background: #f8fafc; padding: 12px; font-size: 13px; color: #4b5563; font-weight: 600; display: flex; align-items: center; justify-content: center;\">M\u00e9dia<\/div>\n                <div style=\"background: #f8fafc; padding: 12px; font-size: 13px; line-height: 1.4; color: #1e293b; display: flex; align-items: center;\">Trilhas autoguiadas e festivais de gastronomia local.<\/div>\n\n                <div style=\"background: #ffffff; padding: 12px; font-weight: 800; color: #0284c7; font-size: 14px; display: flex; align-items: center; justify-content: center; gap: 5px;\">\u2744\ufe0f Inverno<\/div>\n                <div style=\"background: #ffffff; padding: 12px; font-size: 13px; color: #1e293b; font-weight: 600; display: flex; align-items: center; justify-content: center;\">Jun-Ago<\/div>\n                <div style=\"background: #ffffff; padding: 12px; display: flex; align-items: center; justify-content: center; gap: 6px;\">\n                    <span style=\"font-size: 13px; font-weight: 700; color: #1e293b;\">10-22 \u00b0C<\/span>\n                <\/div>\n                <div style=\"background: #ffffff; padding: 12px; font-size: 13px; color: #4b5563; font-weight: 600; display: flex; align-items: center; justify-content: center;\">Baixa<\/div>\n                <div style=\"background: #ffffff; padding: 12px; font-size: 13px; line-height: 1.4; color: #1e293b; display: flex; align-items: center;\">P\u00f4r do sol na Pedra Grande e festivais de inverno.<\/div>\n\n                <div style=\"background: #f8fafc; padding: 12px; font-weight: 800; color: #0284c7; font-size: 14px; display: flex; align-items: center; justify-content: center; gap: 5px;\">\ud83c\udf53 Primavera<\/div>\n                <div style=\"background: #f8fafc; padding: 12px; font-size: 13px; color: #1e293b; font-weight: 600; display: flex; align-items: center; justify-content: center;\">Set-Nov<\/div>\n                <div style=\"background: #f8fafc; padding: 12px; display: flex; align-items: center; justify-content: center; gap: 6px;\">\n                    <span style=\"font-size: 13px; font-weight: 700; color: #1e293b;\">15-26 \u00b0C<\/span>\n                <\/div>\n                <div style=\"background: #f8fafc; padding: 12px; font-size: 13px; color: #4b5563; font-weight: 600; display: flex; align-items: center; justify-content: center;\">M\u00e9dia<\/div>\n                <div style=\"background: #f8fafc; padding: 12px; font-size: 13px; line-height: 1.4; color: #1e293b; display: flex; align-items: center;\">Festa de Flores e Morangos e jardins floridos.<\/div>\n            <\/div>\n        <\/div>\n\n        <div style=\"padding: 10px 30px; background: #f0f9ff; border-top: 1px solid #bae6fd; font-size: 12px; color: #0c4a6e; font-style: italic; display: flex; align-items: center; gap: 8px; font-weight: 600;\">\n            <div style=\"width: 6px; height: 6px; background: #0284c7; border-radius: 50%;\"><\/div>\n            Informa\u00e7\u00e3o: O inverno \u00e9 a \u00e9poca de ouro para o voo livre na Pedra Grande devido aos c\u00e9us limpos e correntes t\u00e9rmicas ideais.\n        <\/div>\n        \n    <\/div>\n<\/div>\n\n\n\n<p><em>Temperaturas aproximadas com base no <a href=\"https:\/\/www.climatempo.com.br\/previsao-do-tempo\/cidade\/402\/atibaia-sp\" target=\"_blank\" rel=\"noreferrer noopener\"><strong>Climatempo<\/strong><\/a>. Condi\u00e7\u00f5es podem variar.<\/em><\/p>\n\n\n\n<h2 class=\"wp-block-heading\">Como chegar \u00e0 Capital Nacional do Morango?<\/h2>\n\n\n\n<p>Atibaia fica a 65 km de S\u00e3o Paulo pela <strong>Rodovia Fern\u00e3o Dias (BR-381)<\/strong>, cerca de 1h de carro. Tamb\u00e9m \u00e9 acess\u00edvel pela <strong>Rodovia Dom Pedro I<\/strong>, que conecta a cidade a <strong>Campinas<\/strong> (80 km). O <strong>Aeroporto de Guarulhos<\/strong> est\u00e1 a aproximadamente 50 km, o que facilita a chegada de turistas de outros estados.<\/p>\n\n\n\n<h2 class=\"wp-block-heading\">A serra que tem cheiro de morango espera por voc\u00ea<\/h2>\n\n\n\n<p><strong>Atibaia re\u00fane o que poucas cidades do interior conseguem oferecer ao mesmo tempo: <\/strong>natureza de serra, seguran\u00e7a comprovada em dados, gastronomia de raiz e uma hist\u00f3ria que come\u00e7ou como parada de tropeiros e virou refer\u00eancia nacional.<\/p>\n\n\n\n<p>Voc\u00ea precisa subir a serra, pisar na Pedra Grande e provar um morango colhido na hora para entender por que tanta gente troca a capital por Atibaia.<\/p>\n","protected":false},"excerpt":{"rendered":"<p>O rio que os ind\u00edgenas chamavam de Atubaia, &#8220;\u00e1gua agrad\u00e1vel ao paladar&#8221;, ainda corta a serra onde nasceu uma das cidades mais completas do interior paulista. Atibaia combina ar de montanha, morangos colhidos na hora e \u00edndices de seguran\u00e7a que envergonham capitais. De parada de bandeirantes a cidade com lei federal Em 24 de junho [&hellip;]<\/p>\n","protected":false},"author":8,"featured_media":209586,"comment_status":"open","ping_status":"open","sticky":false,"template":"","format":"standard","meta":{"_yoast_wpseo_focuskw":"Capital Nacional do Morango","_yoast_wpseo_title":"","_yoast_wpseo_metadesc":"Conhecida como Capital Nacional do Morango, a cidade tamb\u00e9m aparece como a 2\u00aa mais segura do Brasil e atrai quem busca qualidade de vida.","jnews-multi-image_gallery":[],"jnews_single_post":{"format":"standard"},"jnews_primary_category":[],"jnews_social_meta":[],"jnews_override_counter":[],"footnotes":""},"categories":[108,111],"tags":[5963,278],"class_list":["post-209128","post","type-post","status-publish","format-standard","has-post-thumbnail","hentry","category-cidades","category-turismo","tag-atibaia","tag-sao-paulo"],"yoast_head":"<!-- This site is optimized with the Yoast SEO plugin v24.6 - https:\/\/yoast.com\/wordpress\/plugins\/seo\/ -->\n<title>A Capital Nacional do Morango \u00e9 a 2\u00aa cidade mais segura do Brasil e conquista quem deseja viver tranquilo - Correio Braziliense - Radar<\/title>\n<meta name=\"description\" content=\"Conhecida como Capital Nacional do Morango, a cidade tamb\u00e9m aparece como a 2\u00aa mais segura do Brasil e atrai quem busca qualidade de vida.\" \/>\n<meta name=\"robots\" content=\"index, follow, max-snippet:-1, max-image-preview:large, max-video-preview:-1\" \/>\n<link rel=\"canonical\" href=\"https:\/\/www.correiobraziliense.com.br\/cbradar\/a-capital-nacional-do-morango-e-a-2a-cidade-mais-segura-do-brasil-e-conquista-quem-deseja-viver-tranquilo\/\" \/>\n<meta property=\"og:locale\" content=\"pt_BR\" \/>\n<meta property=\"og:type\" content=\"article\" \/>\n<meta property=\"og:title\" content=\"A Capital Nacional do Morango \u00e9 a 2\u00aa cidade mais segura do Brasil e conquista quem deseja viver tranquilo - Correio Braziliense - Radar\" \/>\n<meta property=\"og:description\" content=\"Conhecida como Capital Nacional do Morango, a cidade tamb\u00e9m aparece como a 2\u00aa mais segura do Brasil e atrai quem busca qualidade de vida.\" \/>\n<meta property=\"og:url\" content=\"https:\/\/www.correiobraziliense.com.br\/cbradar\/a-capital-nacional-do-morango-e-a-2a-cidade-mais-segura-do-brasil-e-conquista-quem-deseja-viver-tranquilo\/\" \/>\n<meta property=\"og:site_name\" content=\"Correio Braziliense - Radar\" \/>\n<meta property=\"article:published_time\" content=\"2026-03-16T22:27:00+00:00\" \/>\n<meta property=\"og:image\" content=\"https:\/\/www.correiobraziliense.com.br\/cbradar\/wp-content\/uploads\/2026\/03\/aaa-30.png\" \/>\n\t<meta property=\"og:image:width\" content=\"1280\" \/>\n\t<meta property=\"og:image:height\" content=\"720\" \/>\n\t<meta property=\"og:image:type\" content=\"image\/png\" \/>\n<meta name=\"author\" content=\"Maura Pereira\" \/>\n<meta name=\"twitter:card\" content=\"summary_large_image\" \/>\n<meta name=\"twitter:label1\" content=\"Escrito por\" \/>\n\t<meta name=\"twitter:data1\" content=\"Maura Pereira\" \/>\n\t<meta name=\"twitter:label2\" content=\"Est. tempo de leitura\" \/>\n\t<meta name=\"twitter:data2\" content=\"6 minutos\" \/>\n<!-- \/ Yoast SEO plugin. -->","yoast_head_json":{"title":"A Capital Nacional do Morango \u00e9 a 2\u00aa cidade mais segura do Brasil e conquista quem deseja viver tranquilo - Correio Braziliense - Radar","description":"Conhecida como Capital Nacional do Morango, a cidade tamb\u00e9m aparece como a 2\u00aa mais segura do Brasil e atrai quem busca qualidade de vida.","robots":{"index":"index","follow":"follow","max-snippet":"max-snippet:-1","max-image-preview":"max-image-preview:large","max-video-preview":"max-video-preview:-1"},"canonical":"https:\/\/www.correiobraziliense.com.br\/cbradar\/a-capital-nacional-do-morango-e-a-2a-cidade-mais-segura-do-brasil-e-conquista-quem-deseja-viver-tranquilo\/","og_locale":"pt_BR","og_type":"article","og_title":"A Capital Nacional do Morango \u00e9 a 2\u00aa cidade mais segura do Brasil e conquista quem deseja viver tranquilo - Correio Braziliense - Radar","og_description":"Conhecida como Capital Nacional do Morango, a cidade tamb\u00e9m aparece como a 2\u00aa mais segura do Brasil e atrai quem busca qualidade de vida.","og_url":"https:\/\/www.correiobraziliense.com.br\/cbradar\/a-capital-nacional-do-morango-e-a-2a-cidade-mais-segura-do-brasil-e-conquista-quem-deseja-viver-tranquilo\/","og_site_name":"Correio Braziliense - Radar","article_published_time":"2026-03-16T22:27:00+00:00","og_image":[{"width":1280,"height":720,"url":"https:\/\/www.correiobraziliense.com.br\/cbradar\/wp-content\/uploads\/2026\/03\/aaa-30.png","type":"image\/png"}],"author":"Maura Pereira","twitter_card":"summary_large_image","twitter_misc":{"Escrito por":"Maura Pereira","Est. tempo de leitura":"6 minutos"},"schema":{"@context":"https:\/\/schema.org","@graph":[{"@type":"WebPage","@id":"https:\/\/www.correiobraziliense.com.br\/cbradar\/a-capital-nacional-do-morango-e-a-2a-cidade-mais-segura-do-brasil-e-conquista-quem-deseja-viver-tranquilo\/","url":"https:\/\/www.correiobraziliense.com.br\/cbradar\/a-capital-nacional-do-morango-e-a-2a-cidade-mais-segura-do-brasil-e-conquista-quem-deseja-viver-tranquilo\/","name":"A Capital Nacional do Morango \u00e9 a 2\u00aa cidade mais segura do Brasil e conquista quem deseja viver tranquilo - Correio Braziliense - Radar","isPartOf":{"@id":"https:\/\/www.correiobraziliense.com.br\/cbradar\/#website"},"primaryImageOfPage":{"@id":"https:\/\/www.correiobraziliense.com.br\/cbradar\/a-capital-nacional-do-morango-e-a-2a-cidade-mais-segura-do-brasil-e-conquista-quem-deseja-viver-tranquilo\/#primaryimage"},"image":{"@id":"https:\/\/www.correiobraziliense.com.br\/cbradar\/a-capital-nacional-do-morango-e-a-2a-cidade-mais-segura-do-brasil-e-conquista-quem-deseja-viver-tranquilo\/#primaryimage"},"thumbnailUrl":"https:\/\/www.correiobraziliense.com.br\/cbradar\/wp-content\/uploads\/2026\/03\/aaa-30.png","datePublished":"2026-03-16T22:27:00+00:00","author":{"@id":"https:\/\/www.correiobraziliense.com.br\/cbradar\/#\/schema\/person\/4053c651a9bfc785afc6f4cbc9032fd3"},"description":"Conhecida como Capital Nacional do Morango, a cidade tamb\u00e9m aparece como a 2\u00aa mais segura do Brasil e atrai quem busca qualidade de vida.","breadcrumb":{"@id":"https:\/\/www.correiobraziliense.com.br\/cbradar\/a-capital-nacional-do-morango-e-a-2a-cidade-mais-segura-do-brasil-e-conquista-quem-deseja-viver-tranquilo\/#breadcrumb"},"inLanguage":"pt-BR","potentialAction":[{"@type":"ReadAction","target":["https:\/\/www.correiobraziliense.com.br\/cbradar\/a-capital-nacional-do-morango-e-a-2a-cidade-mais-segura-do-brasil-e-conquista-quem-deseja-viver-tranquilo\/"]}]},{"@type":"ImageObject","inLanguage":"pt-BR","@id":"https:\/\/www.correiobraziliense.com.br\/cbradar\/a-capital-nacional-do-morango-e-a-2a-cidade-mais-segura-do-brasil-e-conquista-quem-deseja-viver-tranquilo\/#primaryimage","url":"https:\/\/www.correiobraziliense.com.br\/cbradar\/wp-content\/uploads\/2026\/03\/aaa-30.png","contentUrl":"https:\/\/www.correiobraziliense.com.br\/cbradar\/wp-content\/uploads\/2026\/03\/aaa-30.png","width":1280,"height":720,"caption":"A terra do morango e das flores encanta pelo clima acolhedor e pela proximidade com a capital paulista. \/ Imagem ilustrativa"},{"@type":"BreadcrumbList","@id":"https:\/\/www.correiobraziliense.com.br\/cbradar\/a-capital-nacional-do-morango-e-a-2a-cidade-mais-segura-do-brasil-e-conquista-quem-deseja-viver-tranquilo\/#breadcrumb","itemListElement":[{"@type":"ListItem","position":1,"name":"In\u00edcio","item":"https:\/\/www.correiobraziliense.com.br\/cbradar\/"},{"@type":"ListItem","position":2,"name":"A Capital Nacional do Morango \u00e9 a 2\u00aa cidade mais segura do Brasil e conquista quem deseja viver tranquilo"}]},{"@type":"WebSite","@id":"https:\/\/www.correiobraziliense.com.br\/cbradar\/#website","url":"https:\/\/www.correiobraziliense.com.br\/cbradar\/","name":"Correio Braziliense - Radar","description":"Acompanhe as \u00faltimas not\u00edcias e fique bem informado sobre tudo o que acontece no Brasil e no mundo.","potentialAction":[{"@type":"SearchAction","target":{"@type":"EntryPoint","urlTemplate":"https:\/\/www.correiobraziliense.com.br\/cbradar\/?s={search_term_string}"},"query-input":{"@type":"PropertyValueSpecification","valueRequired":true,"valueName":"search_term_string"}}],"inLanguage":"pt-BR"},{"@type":"Person","@id":"https:\/\/www.correiobraziliense.com.br\/cbradar\/#\/schema\/person\/4053c651a9bfc785afc6f4cbc9032fd3","name":"Maura Pereira","image":{"@type":"ImageObject","inLanguage":"pt-BR","@id":"https:\/\/www.correiobraziliense.com.br\/cbradar\/#\/schema\/person\/image\/","url":"https:\/\/secure.gravatar.com\/avatar\/3effd6bdadfa447f15089c7f7144eaa6?s=96&d=mm&r=g","contentUrl":"https:\/\/secure.gravatar.com\/avatar\/3effd6bdadfa447f15089c7f7144eaa6?s=96&d=mm&r=g","caption":"Maura Pereira"},"sameAs":["https:\/\/www.correiobraziliense.com.br\/"],"url":"https:\/\/www.correiobraziliense.com.br\/cbradar\/author\/mauramyth\/"}]}},"_links":{"self":[{"href":"https:\/\/www.correiobraziliense.com.br\/cbradar\/wp-json\/wp\/v2\/posts\/209128","targetHints":{"allow":["GET"]}}],"collection":[{"href":"https:\/\/www.correiobraziliense.com.br\/cbradar\/wp-json\/wp\/v2\/posts"}],"about":[{"href":"https:\/\/www.correiobraziliense.com.br\/cbradar\/wp-json\/wp\/v2\/types\/post"}],"author":[{"embeddable":true,"href":"https:\/\/www.correiobraziliense.com.br\/cbradar\/wp-json\/wp\/v2\/users\/8"}],"replies":[{"embeddable":true,"href":"https:\/\/www.correiobraziliense.com.br\/cbradar\/wp-json\/wp\/v2\/comments?post=209128"}],"version-history":[{"count":8,"href":"https:\/\/www.correiobraziliense.com.br\/cbradar\/wp-json\/wp\/v2\/posts\/209128\/revisions"}],"predecessor-version":[{"id":209587,"href":"https:\/\/www.correiobraziliense.com.br\/cbradar\/wp-json\/wp\/v2\/posts\/209128\/revisions\/209587"}],"wp:featuredmedia":[{"embeddable":true,"href":"https:\/\/www.correiobraziliense.com.br\/cbradar\/wp-json\/wp\/v2\/media\/209586"}],"wp:attachment":[{"href":"https:\/\/www.correiobraziliense.com.br\/cbradar\/wp-json\/wp\/v2\/media?parent=209128"}],"wp:term":[{"taxonomy":"category","embeddable":true,"href":"https:\/\/www.correiobraziliense.com.br\/cbradar\/wp-json\/wp\/v2\/categories?post=209128"},{"taxonomy":"post_tag","embeddable":true,"href":"https:\/\/www.correiobraziliense.com.br\/cbradar\/wp-json\/wp\/v2\/tags?post=209128"}],"curies":[{"name":"wp","href":"https:\/\/api.w.org\/{rel}","templated":true}]}}