{"id":209269,"date":"2026-03-18T20:05:00","date_gmt":"2026-03-18T23:05:00","guid":{"rendered":"https:\/\/www.correiobraziliense.com.br\/cbradar\/?p=209269"},"modified":"2026-03-16T08:30:54","modified_gmt":"2026-03-16T11:30:54","slug":"batman-nao-e-quem-eu-sou-por-dentro-mas-o-que-eu-faco-que-me-define-a-frase-de-batman-begins-que-resume-a-importancia-das-acoes-sobre-as-intencoes","status":"publish","type":"post","link":"https:\/\/www.correiobraziliense.com.br\/cbradar\/batman-nao-e-quem-eu-sou-por-dentro-mas-o-que-eu-faco-que-me-define-a-frase-de-batman-begins-que-resume-a-importancia-das-acoes-sobre-as-intencoes\/","title":{"rendered":"Batman, \u201cN\u00e3o \u00e9 quem eu sou por dentro, mas o que eu fa\u00e7o que me define.\u201d A frase de Batman Begins que resume a import\u00e2ncia das a\u00e7\u00f5es sobre as inten\u00e7\u00f5es"},"content":{"rendered":"\n<p>A c\u00e9lebre frase do <strong>Batman<\/strong> sintetiza um dilema filos\u00f3fico central sobre a constru\u00e7\u00e3o da identidade humana no mundo real. Enquanto inten\u00e7\u00f5es permanecem invis\u00edveis e subjetivas, as a\u00e7\u00f5es concretas estabelecem o verdadeiro legado de um indiv\u00edduo perante a sociedade. Compreender essa transi\u00e7\u00e3o da vontade para o ato \u00e9 fundamental para o amadurecimento.<\/p>\n\n\n\n<h2 class=\"wp-block-heading\">Por que a inten\u00e7\u00e3o sem execu\u00e7\u00e3o \u00e9 insuficiente para o car\u00e1ter?<\/h2>\n\n\n\n<p>Para a <a href=\"https:\/\/www.correiobraziliense.com.br\/cbradar\/a-psicologia-diz-que-quem-nao-se-importa-com-a-opiniao-dos-outros-nao-e-egoista-apenas-encontrou-paz-interior\/\" target=\"_blank\" rel=\"noreferrer noopener\">psicologia <\/a>comportamental, o que define a personalidade n\u00e3o s\u00e3o os desejos latentes, mas as escolhas manifestadas de forma pr\u00e1tica. <strong>Bruce Wayne<\/strong> exemplifica que a virtude interna carece de valor social se n\u00e3o for traduzida em benef\u00edcios reais para a comunidade. O mundo n\u00e3o enxerga pensamentos, ele reage apenas aos impactos tang\u00edveis de nossas decis\u00f5es e atos vivos.<\/p>\n\n\n\n<p>Diferente do que muitos acreditam, a bondade passiva n\u00e3o altera a realidade de quem sofre injusti\u00e7as ou dificuldades extremas. \u00c9 o movimento f\u00edsico e a dedica\u00e7\u00e3o de recursos que constroem a imagem p\u00fablica e privada de uma pessoa \u00edntegra. Focar apenas no &#8220;ser&#8221; interno pode levar a uma paralisia \u00e9tica perigosa e totalmente improdutiva para qualquer evolu\u00e7\u00e3o social plena.<\/p>\n\n\n\n<figure class=\"wp-block-image size-full\"><img decoding=\"async\" width=\"1280\" height=\"720\" src=\"https:\/\/www.correiobraziliense.com.br\/cbradar\/wp-content\/uploads\/2026\/03\/Gemini_Generated_Image_1dl79s1dl79s1dl7-1-1.png\" alt=\"Batman, \u201cN\u00e3o \u00e9 quem eu sou por dentro, mas o que eu fa\u00e7o que me define.\u201d A frase de Batman Begins que resume a import\u00e2ncia das a\u00e7\u00f5es sobre as inten\u00e7\u00f5es\" class=\"wp-image-209274\" srcset=\"https:\/\/www.correiobraziliense.com.br\/cbradar\/wp-content\/uploads\/2026\/03\/Gemini_Generated_Image_1dl79s1dl79s1dl7-1-1.png 1280w, https:\/\/www.correiobraziliense.com.br\/cbradar\/wp-content\/uploads\/2026\/03\/Gemini_Generated_Image_1dl79s1dl79s1dl7-1-1-300x169.png 300w, https:\/\/www.correiobraziliense.com.br\/cbradar\/wp-content\/uploads\/2026\/03\/Gemini_Generated_Image_1dl79s1dl79s1dl7-1-1-768x432.png 768w, https:\/\/www.correiobraziliense.com.br\/cbradar\/wp-content\/uploads\/2026\/03\/Gemini_Generated_Image_1dl79s1dl79s1dl7-1-1-750x422.png 750w, https:\/\/www.correiobraziliense.com.br\/cbradar\/wp-content\/uploads\/2026\/03\/Gemini_Generated_Image_1dl79s1dl79s1dl7-1-1-1140x641.png 1140w\" sizes=\"(max-width: 1280px) 100vw, 1280px\" \/><figcaption class=\"wp-element-caption\">O que voc\u00ea faz diariamente revela quem voc\u00ea realmente \u00e9 diante do mundo<\/figcaption><\/figure>\n\n\n\n<h2 class=\"wp-block-heading\">Como o comportamento molda a percep\u00e7\u00e3o alheia de forma permanente?<\/h2>\n\n\n\n<p>A percep\u00e7\u00e3o social baseia-se na const\u00e2ncia de atos observ\u00e1veis que servem como prova do car\u00e1ter individual de cada sujeito. Quando as a\u00e7\u00f5es contradizem as palavras, o c\u00e9rebro humano prioriza o que v\u00ea em detrimento do que ouve. A confian\u00e7a \u00e9 uma constru\u00e7\u00e3o arquitetada por gestos repetitivos que validam as promessas feitas anteriormente em diversos contextos espec\u00edficos de intera\u00e7\u00e3o e conv\u00edvio.<\/p>\n\n\n\n<p>Indiv\u00edduos que agem com retid\u00e3o, mesmo sob press\u00e3o, consolidam uma autoridade moral que independe de discursos ensaiados ou publicidade pessoal. A coer\u00eancia entre o que se faz e o que se prega \u00e9 a base da <strong>Integridade Humana<\/strong> reconhecida universalmente. Sem a prova cabal do gesto, a identidade permanece um mist\u00e9rio vazio de significado pr\u00e1tico concreto em qualquer esfera de atua\u00e7\u00e3o.<\/p>\n\n\n\n<h2 class=\"wp-block-heading\">De que maneira a disciplina supera o talento puramente mental?<\/h2>\n\n\n\n<p>O talento escondido ou a genialidade te\u00f3rica n\u00e3o possuem utilidade se n\u00e3o forem aplicados em projetos que gerem valor coletivo. A frase do her\u00f3i refor\u00e7a que o m\u00e9rito reside na perseveran\u00e7a do agir cotidiano, transformando potencial bruto em resultados vis\u00edveis. A disciplina \u00e9 o ve\u00edculo que transporta a identidade interna para o plano da realidade objetiva comum e social.<\/p>\n\n\n\n<p>Para entender como os h\u00e1bitos pr\u00e1ticos influenciam sua trajet\u00f3ria de sucesso e o reconhecimento que voc\u00ea recebe das pessoas ao seu redor, analise os comportamentos abaixo. Estas a\u00e7\u00f5es s\u00e3o os pilares que sustentam uma reputa\u00e7\u00e3o s\u00f3lida e permitem que sua ess\u00eancia seja percebida atrav\u00e9s de evid\u00eancias concretas e inquestion\u00e1veis por toda a sociedade organizada hoje no dia a dia:<\/p>\n\n\n\n<ul class=\"wp-block-list\">\n<li>Cumprimento rigoroso de promessas feitas a terceiros.<\/li>\n\n\n\n<li>Capacidade de admitir erros e corrigi-los prontamente.<\/li>\n\n\n\n<li>Assist\u00eancia ativa a pessoas em situa\u00e7\u00e3o de vulnerabilidade.<\/li>\n\n\n\n<li>Manuten\u00e7\u00e3o da \u00e9tica mesmo quando ningu\u00e9m est\u00e1 olhando.<\/li>\n\n\n\n<li>Investimento de tempo real em causas que defende verbalmente.<\/li>\n<\/ul>\n\n\n\n<h2 class=\"wp-block-heading\">Existe um limite entre a ess\u00eancia e o papel social?<\/h2>\n\n\n\n<p>A dicotomia entre quem somos por dentro e como agimos por fora gera um campo de tens\u00e3o psicol\u00f3gica constante. Contudo, a filosofia existencialista sugere que o homem \u00e9 o que ele faz, sem ess\u00eancias pr\u00e9vias que o justifiquem. Portanto, a a\u00e7\u00e3o n\u00e3o \u00e9 apenas uma m\u00e1scara, mas a pr\u00f3pria manifesta\u00e7\u00e3o da nossa verdade mais profunda e ineg\u00e1vel hoje neste mundo.<\/p>\n\n\n\n<p>Quando o <strong>Batman<\/strong> afirma que o que ele faz o define, ele est\u00e1 aceitando a responsabilidade total por seu legado. Nossas escolhas di\u00e1rias funcionam como pinceladas em uma tela que, ao final, revela quem fomos de verdade. A identidade \u00e9 fluida e constru\u00edda a cada novo gesto, permitindo a reden\u00e7\u00e3o e a mudan\u00e7a de rumo constante na vida de cada pessoa.<\/p>\n\n\n\n<figure class=\"wp-block-image size-full\"><img decoding=\"async\" width=\"1280\" height=\"720\" src=\"https:\/\/www.correiobraziliense.com.br\/cbradar\/wp-content\/uploads\/2026\/03\/Gemini_Generated_Image_gkdu1vgkdu1vgkdu-1-1.png\" alt=\"Batman, \u201cN\u00e3o \u00e9 quem eu sou por dentro, mas o que eu fa\u00e7o que me define.\u201d A frase de Batman Begins que resume a import\u00e2ncia das a\u00e7\u00f5es sobre as inten\u00e7\u00f5es\" class=\"wp-image-209276\" srcset=\"https:\/\/www.correiobraziliense.com.br\/cbradar\/wp-content\/uploads\/2026\/03\/Gemini_Generated_Image_gkdu1vgkdu1vgkdu-1-1.png 1280w, https:\/\/www.correiobraziliense.com.br\/cbradar\/wp-content\/uploads\/2026\/03\/Gemini_Generated_Image_gkdu1vgkdu1vgkdu-1-1-300x169.png 300w, https:\/\/www.correiobraziliense.com.br\/cbradar\/wp-content\/uploads\/2026\/03\/Gemini_Generated_Image_gkdu1vgkdu1vgkdu-1-1-768x432.png 768w, https:\/\/www.correiobraziliense.com.br\/cbradar\/wp-content\/uploads\/2026\/03\/Gemini_Generated_Image_gkdu1vgkdu1vgkdu-1-1-750x422.png 750w, https:\/\/www.correiobraziliense.com.br\/cbradar\/wp-content\/uploads\/2026\/03\/Gemini_Generated_Image_gkdu1vgkdu1vgkdu-1-1-1140x641.png 1140w\" sizes=\"(max-width: 1280px) 100vw, 1280px\" \/><figcaption class=\"wp-element-caption\">O que voc\u00ea faz diariamente revela quem voc\u00ea realmente \u00e9 diante do mundo<\/figcaption><\/figure>\n\n\n\n<h2 class=\"wp-block-heading\">Qual a relev\u00e2ncia da teoria da a\u00e7\u00e3o para a psicologia moderna?<\/h2>\n\n\n\n<p>A teoria da a\u00e7\u00e3o estuda como os processos cognitivos se transformam em movimentos intencionais com impacto direto no mundo f\u00edsico. Compreender esse mecanismo \u00e9 vital para quem busca desenvolver uma autoconsci\u00eancia funcional e voltada para resultados tang\u00edveis na carreira. A ci\u00eancia valida que o comportamento \u00e9 o melhor preditor do sucesso futuro e da estabilidade emocional plena de um indiv\u00edduo.<\/p>\n\n\n\n<p>O portal oficial da <strong>American Psychological Association<\/strong> oferece estudos detalhados sobre como os comportamentos repetitivos moldam a nossa percep\u00e7\u00e3o de autoefic\u00e1cia e car\u00e1ter. Voc\u00ea pode acessar as evid\u00eancias cient\u00edficas sobre a rela\u00e7\u00e3o entre atitudes e identidade nas publica\u00e7\u00f5es da <a target=\"_blank\" rel=\"noreferrer noopener\" href=\"https:\/\/www.apa.org\/topics\/behavioral-health\">APA<\/a> dispon\u00edveis para o p\u00fablico. A verdade reside naquilo que somos capazes de concretizar atrav\u00e9s de nossas m\u00e3os.<\/p>\n","protected":false},"excerpt":{"rendered":"<p>A c\u00e9lebre frase do Batman sintetiza um dilema filos\u00f3fico central sobre a constru\u00e7\u00e3o da identidade humana no mundo real. Enquanto inten\u00e7\u00f5es permanecem invis\u00edveis e subjetivas, as a\u00e7\u00f5es concretas estabelecem o verdadeiro legado de um indiv\u00edduo perante a sociedade. Compreender essa transi\u00e7\u00e3o da vontade para o ato \u00e9 fundamental para o amadurecimento. Por que a inten\u00e7\u00e3o [&hellip;]<\/p>\n","protected":false},"author":21,"featured_media":209280,"comment_status":"open","ping_status":"open","sticky":false,"template":"","format":"standard","meta":{"_yoast_wpseo_focuskw":"A\u00e7\u00f5es definem identidade e car\u00e1ter humano","_yoast_wpseo_title":"","_yoast_wpseo_metadesc":"Uma frase marcante do Batman revela uma verdade profunda sobre identidade humana que muitas pessoas ignoram.","jnews-multi-image_gallery":[],"jnews_single_post":{"format":"standard"},"jnews_primary_category":[],"jnews_social_meta":[],"jnews_override_counter":[],"footnotes":""},"categories":[112],"tags":[750,176,5078,10394],"class_list":["post-209269","post","type-post","status-publish","format-standard","has-post-thumbnail","hentry","category-curiosidades","tag-batman","tag-filmes","tag-filosofia","tag-frase"],"yoast_head":"<!-- This site is optimized with the Yoast SEO plugin v24.6 - https:\/\/yoast.com\/wordpress\/plugins\/seo\/ -->\n<title>Batman, \u201cN\u00e3o \u00e9 quem eu sou por dentro, mas o que eu fa\u00e7o que me define.\u201d A frase de Batman Begins que resume a import\u00e2ncia das a\u00e7\u00f5es sobre as inten\u00e7\u00f5es - Correio Braziliense - Radar<\/title>\n<meta name=\"description\" content=\"Uma frase marcante do Batman revela uma verdade profunda sobre identidade humana que muitas pessoas ignoram.\" \/>\n<meta name=\"robots\" content=\"index, follow, max-snippet:-1, max-image-preview:large, max-video-preview:-1\" \/>\n<link rel=\"canonical\" href=\"https:\/\/www.correiobraziliense.com.br\/cbradar\/batman-nao-e-quem-eu-sou-por-dentro-mas-o-que-eu-faco-que-me-define-a-frase-de-batman-begins-que-resume-a-importancia-das-acoes-sobre-as-intencoes\/\" \/>\n<meta property=\"og:locale\" content=\"pt_BR\" \/>\n<meta property=\"og:type\" content=\"article\" \/>\n<meta property=\"og:title\" content=\"Batman, \u201cN\u00e3o \u00e9 quem eu sou por dentro, mas o que eu fa\u00e7o que me define.\u201d A frase de Batman Begins que resume a import\u00e2ncia das a\u00e7\u00f5es sobre as inten\u00e7\u00f5es - Correio Braziliense - Radar\" \/>\n<meta property=\"og:description\" content=\"Uma frase marcante do Batman revela uma verdade profunda sobre identidade humana que muitas pessoas ignoram.\" \/>\n<meta property=\"og:url\" content=\"https:\/\/www.correiobraziliense.com.br\/cbradar\/batman-nao-e-quem-eu-sou-por-dentro-mas-o-que-eu-faco-que-me-define-a-frase-de-batman-begins-que-resume-a-importancia-das-acoes-sobre-as-intencoes\/\" \/>\n<meta property=\"og:site_name\" content=\"Correio Braziliense - Radar\" \/>\n<meta property=\"article:published_time\" content=\"2026-03-18T23:05:00+00:00\" \/>\n<meta property=\"og:image\" content=\"https:\/\/www.correiobraziliense.com.br\/cbradar\/wp-content\/uploads\/2026\/03\/Gemini_Generated_Image_7p0igt7p0igt7p0i-2-1.png\" \/>\n\t<meta property=\"og:image:width\" content=\"1280\" \/>\n\t<meta property=\"og:image:height\" content=\"720\" \/>\n\t<meta property=\"og:image:type\" content=\"image\/png\" \/>\n<meta name=\"author\" content=\"Patrick Silva\" \/>\n<meta name=\"twitter:card\" content=\"summary_large_image\" \/>\n<meta name=\"twitter:label1\" content=\"Escrito por\" \/>\n\t<meta name=\"twitter:data1\" content=\"Patrick Silva\" \/>\n\t<meta name=\"twitter:label2\" content=\"Est. tempo de leitura\" \/>\n\t<meta name=\"twitter:data2\" content=\"5 minutos\" \/>\n<!-- \/ Yoast SEO plugin. -->","yoast_head_json":{"title":"Batman, \u201cN\u00e3o \u00e9 quem eu sou por dentro, mas o que eu fa\u00e7o que me define.\u201d A frase de Batman Begins que resume a import\u00e2ncia das a\u00e7\u00f5es sobre as inten\u00e7\u00f5es - Correio Braziliense - Radar","description":"Uma frase marcante do Batman revela uma verdade profunda sobre identidade humana que muitas pessoas ignoram.","robots":{"index":"index","follow":"follow","max-snippet":"max-snippet:-1","max-image-preview":"max-image-preview:large","max-video-preview":"max-video-preview:-1"},"canonical":"https:\/\/www.correiobraziliense.com.br\/cbradar\/batman-nao-e-quem-eu-sou-por-dentro-mas-o-que-eu-faco-que-me-define-a-frase-de-batman-begins-que-resume-a-importancia-das-acoes-sobre-as-intencoes\/","og_locale":"pt_BR","og_type":"article","og_title":"Batman, \u201cN\u00e3o \u00e9 quem eu sou por dentro, mas o que eu fa\u00e7o que me define.\u201d A frase de Batman Begins que resume a import\u00e2ncia das a\u00e7\u00f5es sobre as inten\u00e7\u00f5es - Correio Braziliense - Radar","og_description":"Uma frase marcante do Batman revela uma verdade profunda sobre identidade humana que muitas pessoas ignoram.","og_url":"https:\/\/www.correiobraziliense.com.br\/cbradar\/batman-nao-e-quem-eu-sou-por-dentro-mas-o-que-eu-faco-que-me-define-a-frase-de-batman-begins-que-resume-a-importancia-das-acoes-sobre-as-intencoes\/","og_site_name":"Correio Braziliense - Radar","article_published_time":"2026-03-18T23:05:00+00:00","og_image":[{"width":1280,"height":720,"url":"https:\/\/www.correiobraziliense.com.br\/cbradar\/wp-content\/uploads\/2026\/03\/Gemini_Generated_Image_7p0igt7p0igt7p0i-2-1.png","type":"image\/png"}],"author":"Patrick Silva","twitter_card":"summary_large_image","twitter_misc":{"Escrito por":"Patrick Silva","Est. tempo de leitura":"5 minutos"},"schema":{"@context":"https:\/\/schema.org","@graph":[{"@type":"WebPage","@id":"https:\/\/www.correiobraziliense.com.br\/cbradar\/batman-nao-e-quem-eu-sou-por-dentro-mas-o-que-eu-faco-que-me-define-a-frase-de-batman-begins-que-resume-a-importancia-das-acoes-sobre-as-intencoes\/","url":"https:\/\/www.correiobraziliense.com.br\/cbradar\/batman-nao-e-quem-eu-sou-por-dentro-mas-o-que-eu-faco-que-me-define-a-frase-de-batman-begins-que-resume-a-importancia-das-acoes-sobre-as-intencoes\/","name":"Batman, \u201cN\u00e3o \u00e9 quem eu sou por dentro, mas o que eu fa\u00e7o que me define.\u201d A frase de Batman Begins que resume a import\u00e2ncia das a\u00e7\u00f5es sobre as inten\u00e7\u00f5es - Correio Braziliense - Radar","isPartOf":{"@id":"https:\/\/www.correiobraziliense.com.br\/cbradar\/#website"},"primaryImageOfPage":{"@id":"https:\/\/www.correiobraziliense.com.br\/cbradar\/batman-nao-e-quem-eu-sou-por-dentro-mas-o-que-eu-faco-que-me-define-a-frase-de-batman-begins-que-resume-a-importancia-das-acoes-sobre-as-intencoes\/#primaryimage"},"image":{"@id":"https:\/\/www.correiobraziliense.com.br\/cbradar\/batman-nao-e-quem-eu-sou-por-dentro-mas-o-que-eu-faco-que-me-define-a-frase-de-batman-begins-que-resume-a-importancia-das-acoes-sobre-as-intencoes\/#primaryimage"},"thumbnailUrl":"https:\/\/www.correiobraziliense.com.br\/cbradar\/wp-content\/uploads\/2026\/03\/Gemini_Generated_Image_7p0igt7p0igt7p0i-2-1.png","datePublished":"2026-03-18T23:05:00+00:00","author":{"@id":"https:\/\/www.correiobraziliense.com.br\/cbradar\/#\/schema\/person\/5440b72be9c7eb74f446c846479dc4da"},"description":"Uma frase marcante do Batman revela uma verdade profunda sobre identidade humana que muitas pessoas ignoram.","breadcrumb":{"@id":"https:\/\/www.correiobraziliense.com.br\/cbradar\/batman-nao-e-quem-eu-sou-por-dentro-mas-o-que-eu-faco-que-me-define-a-frase-de-batman-begins-que-resume-a-importancia-das-acoes-sobre-as-intencoes\/#breadcrumb"},"inLanguage":"pt-BR","potentialAction":[{"@type":"ReadAction","target":["https:\/\/www.correiobraziliense.com.br\/cbradar\/batman-nao-e-quem-eu-sou-por-dentro-mas-o-que-eu-faco-que-me-define-a-frase-de-batman-begins-que-resume-a-importancia-das-acoes-sobre-as-intencoes\/"]}]},{"@type":"ImageObject","inLanguage":"pt-BR","@id":"https:\/\/www.correiobraziliense.com.br\/cbradar\/batman-nao-e-quem-eu-sou-por-dentro-mas-o-que-eu-faco-que-me-define-a-frase-de-batman-begins-que-resume-a-importancia-das-acoes-sobre-as-intencoes\/#primaryimage","url":"https:\/\/www.correiobraziliense.com.br\/cbradar\/wp-content\/uploads\/2026\/03\/Gemini_Generated_Image_7p0igt7p0igt7p0i-2-1.png","contentUrl":"https:\/\/www.correiobraziliense.com.br\/cbradar\/wp-content\/uploads\/2026\/03\/Gemini_Generated_Image_7p0igt7p0igt7p0i-2-1.png","width":1280,"height":720,"caption":"O que voc\u00ea faz diariamente revela quem voc\u00ea realmente \u00e9 diante do mundo"},{"@type":"BreadcrumbList","@id":"https:\/\/www.correiobraziliense.com.br\/cbradar\/batman-nao-e-quem-eu-sou-por-dentro-mas-o-que-eu-faco-que-me-define-a-frase-de-batman-begins-que-resume-a-importancia-das-acoes-sobre-as-intencoes\/#breadcrumb","itemListElement":[{"@type":"ListItem","position":1,"name":"In\u00edcio","item":"https:\/\/www.correiobraziliense.com.br\/cbradar\/"},{"@type":"ListItem","position":2,"name":"Batman, \u201cN\u00e3o \u00e9 quem eu sou por dentro, mas o que eu fa\u00e7o que me define.\u201d A frase de Batman Begins que resume a import\u00e2ncia das a\u00e7\u00f5es sobre as inten\u00e7\u00f5es"}]},{"@type":"WebSite","@id":"https:\/\/www.correiobraziliense.com.br\/cbradar\/#website","url":"https:\/\/www.correiobraziliense.com.br\/cbradar\/","name":"Correio Braziliense - Radar","description":"Acompanhe as \u00faltimas not\u00edcias e fique bem informado sobre tudo o que acontece no Brasil e no mundo.","potentialAction":[{"@type":"SearchAction","target":{"@type":"EntryPoint","urlTemplate":"https:\/\/www.correiobraziliense.com.br\/cbradar\/?s={search_term_string}"},"query-input":{"@type":"PropertyValueSpecification","valueRequired":true,"valueName":"search_term_string"}}],"inLanguage":"pt-BR"},{"@type":"Person","@id":"https:\/\/www.correiobraziliense.com.br\/cbradar\/#\/schema\/person\/5440b72be9c7eb74f446c846479dc4da","name":"Patrick Silva","image":{"@type":"ImageObject","inLanguage":"pt-BR","@id":"https:\/\/www.correiobraziliense.com.br\/cbradar\/#\/schema\/person\/image\/","url":"https:\/\/secure.gravatar.com\/avatar\/944109df296fc087785c9715fd5f80b2?s=96&d=mm&r=g","contentUrl":"https:\/\/secure.gravatar.com\/avatar\/944109df296fc087785c9715fd5f80b2?s=96&d=mm&r=g","caption":"Patrick Silva"},"sameAs":["https:\/\/www.correiobraziliense.com.br\/cbradar\/"],"url":"https:\/\/www.correiobraziliense.com.br\/cbradar\/author\/patrick-silva\/"}]}},"_links":{"self":[{"href":"https:\/\/www.correiobraziliense.com.br\/cbradar\/wp-json\/wp\/v2\/posts\/209269","targetHints":{"allow":["GET"]}}],"collection":[{"href":"https:\/\/www.correiobraziliense.com.br\/cbradar\/wp-json\/wp\/v2\/posts"}],"about":[{"href":"https:\/\/www.correiobraziliense.com.br\/cbradar\/wp-json\/wp\/v2\/types\/post"}],"author":[{"embeddable":true,"href":"https:\/\/www.correiobraziliense.com.br\/cbradar\/wp-json\/wp\/v2\/users\/21"}],"replies":[{"embeddable":true,"href":"https:\/\/www.correiobraziliense.com.br\/cbradar\/wp-json\/wp\/v2\/comments?post=209269"}],"version-history":[{"count":4,"href":"https:\/\/www.correiobraziliense.com.br\/cbradar\/wp-json\/wp\/v2\/posts\/209269\/revisions"}],"predecessor-version":[{"id":209281,"href":"https:\/\/www.correiobraziliense.com.br\/cbradar\/wp-json\/wp\/v2\/posts\/209269\/revisions\/209281"}],"wp:featuredmedia":[{"embeddable":true,"href":"https:\/\/www.correiobraziliense.com.br\/cbradar\/wp-json\/wp\/v2\/media\/209280"}],"wp:attachment":[{"href":"https:\/\/www.correiobraziliense.com.br\/cbradar\/wp-json\/wp\/v2\/media?parent=209269"}],"wp:term":[{"taxonomy":"category","embeddable":true,"href":"https:\/\/www.correiobraziliense.com.br\/cbradar\/wp-json\/wp\/v2\/categories?post=209269"},{"taxonomy":"post_tag","embeddable":true,"href":"https:\/\/www.correiobraziliense.com.br\/cbradar\/wp-json\/wp\/v2\/tags?post=209269"}],"curies":[{"name":"wp","href":"https:\/\/api.w.org\/{rel}","templated":true}]}}