{"id":209347,"date":"2026-03-16T11:30:12","date_gmt":"2026-03-16T14:30:12","guid":{"rendered":"https:\/\/www.correiobraziliense.com.br\/cbradar\/?p=209347"},"modified":"2026-03-16T11:30:14","modified_gmt":"2026-03-16T14:30:14","slug":"chef-paola-carosella-o-ovo-mexido-mais-cremoso-nao-e-feito-em-fogo-alto-e-preparado-lentamente-na-manteiga","status":"publish","type":"post","link":"https:\/\/www.correiobraziliense.com.br\/cbradar\/chef-paola-carosella-o-ovo-mexido-mais-cremoso-nao-e-feito-em-fogo-alto-e-preparado-lentamente-na-manteiga\/","title":{"rendered":"Chef Paola Carosella: \u201cO ovo mexido mais cremoso n\u00e3o \u00e9 feito em fogo alto, \u00e9 preparado lentamente na manteiga\u201d"},"content":{"rendered":"\n<p>Conquistar o ovo mexido perfeito exige abandonar a pressa e focar na t\u00e9cnica correta ensinada por grandes chefs. A chef <strong>Paola Carosella<\/strong> defende que o segredo da cremosidade absoluta reside no controle rigoroso da temperatura e no uso generoso da manteiga. Entender esse processo transforma ingredientes simples em uma experi\u00eancia gastron\u00f4mica memor\u00e1vel.<\/p>\n\n\n\n<h2 class=\"wp-block-heading\">Qual \u00e9 o segredo qu\u00edmico para atingir a textura aveludada perfeita?<\/h2>\n\n\n\n<p>A estrutura das prote\u00ednas do <a href=\"https:\/\/www.correiobraziliense.com.br\/cbradar\/quais-sao-os-alimentos-vegetais-que-podem-ter-mais-proteina-que-os-ovos\/\" target=\"_blank\" rel=\"noreferrer noopener\">ovo <\/a>\u00e9 extremamente sens\u00edvel ao calor intenso, endurecendo rapidamente quando exposta a chamas muito altas. Ao cozinhar lentamente, voc\u00ea permite que as liga\u00e7\u00f5es proteicas se formem de maneira suave, mantendo a umidade natural do ingrediente intacta. O resultado \u00e9 uma massa homog\u00eanea que derrete na boca, oferecendo um sabor muito mais refinado.<\/p>\n\n\n\n<p>Manter o movimento constante na frigideira impede que grandes co\u00e1gulos de clara e gema se formem isoladamente durante o aquecimento lento. Essa agita\u00e7\u00e3o cont\u00ednua incorpora ar e distribui a gordura da manteiga por toda a mistura, criando uma emuls\u00e3o est\u00e1vel e sedosa. A paci\u00eancia no fog\u00e3o \u00e9 o ingrediente invis\u00edvel que diferencia o amador do verdadeiro especialista culin\u00e1rio.<\/p>\n\n\n\n<p>Algumas receitas simples conquistam espa\u00e7o no dia a dia justamente pelo sabor e pela praticidade, especialmente quando pequenos detalhes fazem toda a diferen\u00e7a no resultado final. Em um v\u00eddeo publicado no canal <strong>Paola Carosella<\/strong>, que re\u00fane <strong>2,67 milh\u00f5es de inscritos<\/strong>, a chef mostra t\u00e9cnicas e dicas para alcan\u00e7ar uma textura cremosa e irresist\u00edvel no preparo:<\/p>\n\n\n\n<figure class=\"wp-block-embed is-type-video is-provider-youtube wp-block-embed-youtube wp-embed-aspect-16-9 wp-has-aspect-ratio\"><div class=\"wp-block-embed__wrapper\">\n<div class=\"jeg_video_container jeg_video_content\"><iframe loading=\"lazy\" title=\"Sucesso l\u00e1 em casa! - Ovos mexidos bem molhadinhos\" width=\"500\" height=\"281\" src=\"https:\/\/www.youtube.com\/embed\/FOdUKvSOorw?feature=oembed\" frameborder=\"0\" allow=\"accelerometer; autoplay; clipboard-write; encrypted-media; gyroscope; picture-in-picture; web-share\" referrerpolicy=\"strict-origin-when-cross-origin\" allowfullscreen><\/iframe><\/div>\n<\/div><\/figure>\n\n\n\n<h2 class=\"wp-block-heading\">Por que a paci\u00eancia supera a pot\u00eancia das chamas na cozinha?<\/h2>\n\n\n\n<p>O uso do fogo baixo permite um controle total sobre o ponto de cozimento, evitando que o prato passe do ideal. Quando o calor \u00e9 excessivo, a \u00e1gua presente no ovo evapora muito r\u00e1pido, resultando em uma textura borrachosa e desagrad\u00e1vel ao paladar. Cozinhar com calma preserva as notas amanteigadas e a delicadeza dos ovos frescos colhidos no dia.<\/p>\n\n\n\n<p>Retirar a frigideira do fogo alguns segundos antes de atingir o ponto final \u00e9 uma t\u00e9cnica essencial de calor residual. O metal ret\u00e9m energia suficiente para terminar o processo enquanto voc\u00ea prepara a montagem do prato no balc\u00e3o da cozinha. Ignorar essa etapa costuma ser a principal causa de ovos mexidos secos e sem o brilho caracter\u00edstico da gastronomia.<\/p>\n\n\n\n<h2 class=\"wp-block-heading\">Como evitar os erros mais comuns no preparo matinal dom\u00e9stico?<\/h2>\n\n\n\n<p>Muitos cozinheiros falham ao temperar os ovos muito cedo, o que pode alterar a estrutura celular antes mesmo do aquecimento. O sal deve ser adicionado apenas no final do processo para garantir que a textura permane\u00e7a macia e convidativa. <\/p>\n\n\n\n<p>Para que o seu caf\u00e9 da manh\u00e3 atinja um n\u00edvel profissional de excel\u00eancia t\u00e9cnica, observe atentamente os pontos seguintes:<\/p>\n\n\n\n<figure class=\"wp-block-image size-large\"><img decoding=\"async\" width=\"1182\" height=\"720\" src=\"https:\/\/www.correiobraziliense.com.br\/cbradar\/wp-content\/uploads\/2026\/03\/convertido-8-2-1182x720.jpg\" alt=\"\" class=\"wp-image-209361\" srcset=\"https:\/\/www.correiobraziliense.com.br\/cbradar\/wp-content\/uploads\/2026\/03\/convertido-8-2-1182x720.jpg 1182w, https:\/\/www.correiobraziliense.com.br\/cbradar\/wp-content\/uploads\/2026\/03\/convertido-8-2-300x183.jpg 300w, https:\/\/www.correiobraziliense.com.br\/cbradar\/wp-content\/uploads\/2026\/03\/convertido-8-2-768x468.jpg 768w, https:\/\/www.correiobraziliense.com.br\/cbradar\/wp-content\/uploads\/2026\/03\/convertido-8-2-750x457.jpg 750w, https:\/\/www.correiobraziliense.com.br\/cbradar\/wp-content\/uploads\/2026\/03\/convertido-8-2-1140x695.jpg 1140w, https:\/\/www.correiobraziliense.com.br\/cbradar\/wp-content\/uploads\/2026\/03\/convertido-8-2.jpg 1280w\" sizes=\"(max-width: 1182px) 100vw, 1182px\" \/><\/figure>\n\n\n\n<h2 class=\"wp-block-heading\">De que maneira a gordura influencia o resultado final do prato?<\/h2>\n\n\n\n<p>A manteiga n\u00e3o atua apenas como um agente antiaderente, mas como um ve\u00edculo de sabor e um componente estrutural. As gorduras saud\u00e1veis presentes nesse latic\u00ednio envolvem as prote\u00ednas do ovo, impedindo que elas se unam com muita for\u00e7a e rigidez. O brilho final do prato depende diretamente da qualidade da gordura escolhida para iniciar o preparo lento.<\/p>\n\n\n\n<p>Substituir a manteiga por \u00f3leos vegetais pode alterar drasticamente o perfil sensorial e a cremosidade esperada pelo consumidor exigente. A gordura l\u00e1ctea possui um ponto de fus\u00e3o que combina perfeitamente com a temperatura de coagula\u00e7\u00e3o das gemas e claras. Valorizar a escolha dos ingredientes b\u00e1sicos \u00e9 o primeiro passo para dominar as t\u00e9cnicas da <strong>culin\u00e1ria cl\u00e1ssica<\/strong>.<\/p>\n\n\n\n<figure class=\"wp-block-image size-full\"><img decoding=\"async\" width=\"1280\" height=\"720\" src=\"https:\/\/www.correiobraziliense.com.br\/cbradar\/wp-content\/uploads\/2026\/03\/Gemini_Generated_Image_z9i9hez9i9hez9i9-1-1-1.png\" alt=\"Chef Paola Carosella: \u201cO ovo mexido mais cremoso n\u00e3o \u00e9 feito em fogo alto, \u00e9 preparado lentamente na manteiga\u201d\" class=\"wp-image-209360\" srcset=\"https:\/\/www.correiobraziliense.com.br\/cbradar\/wp-content\/uploads\/2026\/03\/Gemini_Generated_Image_z9i9hez9i9hez9i9-1-1-1.png 1280w, https:\/\/www.correiobraziliense.com.br\/cbradar\/wp-content\/uploads\/2026\/03\/Gemini_Generated_Image_z9i9hez9i9hez9i9-1-1-1-300x169.png 300w, https:\/\/www.correiobraziliense.com.br\/cbradar\/wp-content\/uploads\/2026\/03\/Gemini_Generated_Image_z9i9hez9i9hez9i9-1-1-1-768x432.png 768w, https:\/\/www.correiobraziliense.com.br\/cbradar\/wp-content\/uploads\/2026\/03\/Gemini_Generated_Image_z9i9hez9i9hez9i9-1-1-1-750x422.png 750w, https:\/\/www.correiobraziliense.com.br\/cbradar\/wp-content\/uploads\/2026\/03\/Gemini_Generated_Image_z9i9hez9i9hez9i9-1-1-1-1140x641.png 1140w\" sizes=\"(max-width: 1280px) 100vw, 1280px\" \/><figcaption class=\"wp-element-caption\">O detalhe no preparo que transforma ovos mexidos simples em cremosidade perfeita<\/figcaption><\/figure>\n\n\n\n<h2 class=\"wp-block-heading\">O que dizem os guias internacionais sobre a seguran\u00e7a alimentar do ovo?<\/h2>\n\n\n\n<p>Garantir a proced\u00eancia dos ovos e o armazenamento correto \u00e9 fundamental para evitar riscos de contamina\u00e7\u00e3o por microrganismos prejudiciais. Ovos frescos mantidos sob refrigera\u00e7\u00e3o preservam suas propriedades nutricionais e garantem um resultado superior em receitas que exigem cozimento parcial ou lento. A seguran\u00e7a alimentar deve ser sempre a prioridade m\u00e1xima em qualquer cozinha profissional ou dom\u00e9stica de alto n\u00edvel.<\/p>\n\n\n\n<p>O portal oficial do <strong>Food and Drug Administration<\/strong> oferece diretrizes rigorosas sobre o manuseio e o consumo seguro de produtos av\u00edcolas em todo o mundo. Voc\u00ea pode consultar as recomenda\u00e7\u00f5es t\u00e9cnicas detalhadas sobre a temperatura interna ideal e a conserva\u00e7\u00e3o de ovos na p\u00e1gina da <a target=\"_blank\" rel=\"noreferrer noopener\" href=\"https:\/\/www.fda.gov\/food\/buy-store-serve-safe-food\/what-you-need-know-about-egg-safety\">FDA<\/a> dispon\u00edvel agora. Informa\u00e7\u00e3o de qualidade protege a sua sa\u00fade.<\/p>\n","protected":false},"excerpt":{"rendered":"<p>Conquistar o ovo mexido perfeito exige abandonar a pressa e focar na t\u00e9cnica correta ensinada por grandes chefs. A chef Paola Carosella defende que o segredo da cremosidade absoluta reside no controle rigoroso da temperatura e no uso generoso da manteiga. Entender esse processo transforma ingredientes simples em uma experi\u00eancia gastron\u00f4mica memor\u00e1vel. Qual \u00e9 o [&hellip;]<\/p>\n","protected":false},"author":21,"featured_media":209359,"comment_status":"open","ping_status":"open","sticky":false,"template":"","format":"standard","meta":{"_yoast_wpseo_focuskw":"Segredo dos ovos mexidos cremosos perfeitos","_yoast_wpseo_title":"","_yoast_wpseo_metadesc":"Grandes chefs utilizam uma t\u00e9cnica simples que muda totalmente a textura dos ovos mexidos e quase ningu\u00e9m presta aten\u00e7\u00e3o nesse detalhe.","jnews-multi-image_gallery":[],"jnews_single_post":{"format":"standard"},"jnews_primary_category":[],"jnews_social_meta":[],"jnews_override_counter":[],"footnotes":""},"categories":[112],"tags":[4867,10599,16201],"class_list":["post-209347","post","type-post","status-publish","format-standard","has-post-thumbnail","hentry","category-curiosidades","tag-chef","tag-ovo-mexido","tag-paola-carosella"],"yoast_head":"<!-- This site is optimized with the Yoast SEO plugin v24.6 - https:\/\/yoast.com\/wordpress\/plugins\/seo\/ -->\n<title>Chef Paola Carosella: \u201cO ovo mexido mais cremoso n\u00e3o \u00e9 feito em fogo alto, \u00e9 preparado lentamente na manteiga\u201d - Correio Braziliense - Radar<\/title>\n<meta name=\"description\" content=\"Grandes chefs utilizam uma t\u00e9cnica simples que muda totalmente a textura dos ovos mexidos e quase ningu\u00e9m presta aten\u00e7\u00e3o nesse detalhe.\" \/>\n<meta name=\"robots\" content=\"index, follow, max-snippet:-1, max-image-preview:large, max-video-preview:-1\" \/>\n<link rel=\"canonical\" href=\"https:\/\/www.correiobraziliense.com.br\/cbradar\/chef-paola-carosella-o-ovo-mexido-mais-cremoso-nao-e-feito-em-fogo-alto-e-preparado-lentamente-na-manteiga\/\" \/>\n<meta property=\"og:locale\" content=\"pt_BR\" \/>\n<meta property=\"og:type\" content=\"article\" \/>\n<meta property=\"og:title\" content=\"Chef Paola Carosella: \u201cO ovo mexido mais cremoso n\u00e3o \u00e9 feito em fogo alto, \u00e9 preparado lentamente na manteiga\u201d - Correio Braziliense - Radar\" \/>\n<meta property=\"og:description\" content=\"Grandes chefs utilizam uma t\u00e9cnica simples que muda totalmente a textura dos ovos mexidos e quase ningu\u00e9m presta aten\u00e7\u00e3o nesse detalhe.\" \/>\n<meta property=\"og:url\" content=\"https:\/\/www.correiobraziliense.com.br\/cbradar\/chef-paola-carosella-o-ovo-mexido-mais-cremoso-nao-e-feito-em-fogo-alto-e-preparado-lentamente-na-manteiga\/\" \/>\n<meta property=\"og:site_name\" content=\"Correio Braziliense - Radar\" \/>\n<meta property=\"article:published_time\" content=\"2026-03-16T14:30:12+00:00\" \/>\n<meta property=\"article:modified_time\" content=\"2026-03-16T14:30:14+00:00\" \/>\n<meta property=\"og:image\" content=\"https:\/\/www.correiobraziliense.com.br\/cbradar\/wp-content\/uploads\/2026\/03\/Gemini_Generated_Image_3552vj3552vj3552-1-1.png\" \/>\n\t<meta property=\"og:image:width\" content=\"1280\" \/>\n\t<meta property=\"og:image:height\" content=\"720\" \/>\n\t<meta property=\"og:image:type\" content=\"image\/png\" \/>\n<meta name=\"author\" content=\"Patrick Silva\" \/>\n<meta name=\"twitter:card\" content=\"summary_large_image\" \/>\n<meta name=\"twitter:label1\" content=\"Escrito por\" \/>\n\t<meta name=\"twitter:data1\" content=\"Patrick Silva\" \/>\n\t<meta name=\"twitter:label2\" content=\"Est. tempo de leitura\" \/>\n\t<meta name=\"twitter:data2\" content=\"5 minutos\" \/>\n<!-- \/ Yoast SEO plugin. -->","yoast_head_json":{"title":"Chef Paola Carosella: \u201cO ovo mexido mais cremoso n\u00e3o \u00e9 feito em fogo alto, \u00e9 preparado lentamente na manteiga\u201d - Correio Braziliense - Radar","description":"Grandes chefs utilizam uma t\u00e9cnica simples que muda totalmente a textura dos ovos mexidos e quase ningu\u00e9m presta aten\u00e7\u00e3o nesse detalhe.","robots":{"index":"index","follow":"follow","max-snippet":"max-snippet:-1","max-image-preview":"max-image-preview:large","max-video-preview":"max-video-preview:-1"},"canonical":"https:\/\/www.correiobraziliense.com.br\/cbradar\/chef-paola-carosella-o-ovo-mexido-mais-cremoso-nao-e-feito-em-fogo-alto-e-preparado-lentamente-na-manteiga\/","og_locale":"pt_BR","og_type":"article","og_title":"Chef Paola Carosella: \u201cO ovo mexido mais cremoso n\u00e3o \u00e9 feito em fogo alto, \u00e9 preparado lentamente na manteiga\u201d - Correio Braziliense - Radar","og_description":"Grandes chefs utilizam uma t\u00e9cnica simples que muda totalmente a textura dos ovos mexidos e quase ningu\u00e9m presta aten\u00e7\u00e3o nesse detalhe.","og_url":"https:\/\/www.correiobraziliense.com.br\/cbradar\/chef-paola-carosella-o-ovo-mexido-mais-cremoso-nao-e-feito-em-fogo-alto-e-preparado-lentamente-na-manteiga\/","og_site_name":"Correio Braziliense - Radar","article_published_time":"2026-03-16T14:30:12+00:00","article_modified_time":"2026-03-16T14:30:14+00:00","og_image":[{"width":1280,"height":720,"url":"https:\/\/www.correiobraziliense.com.br\/cbradar\/wp-content\/uploads\/2026\/03\/Gemini_Generated_Image_3552vj3552vj3552-1-1.png","type":"image\/png"}],"author":"Patrick Silva","twitter_card":"summary_large_image","twitter_misc":{"Escrito por":"Patrick Silva","Est. tempo de leitura":"5 minutos"},"schema":{"@context":"https:\/\/schema.org","@graph":[{"@type":"WebPage","@id":"https:\/\/www.correiobraziliense.com.br\/cbradar\/chef-paola-carosella-o-ovo-mexido-mais-cremoso-nao-e-feito-em-fogo-alto-e-preparado-lentamente-na-manteiga\/","url":"https:\/\/www.correiobraziliense.com.br\/cbradar\/chef-paola-carosella-o-ovo-mexido-mais-cremoso-nao-e-feito-em-fogo-alto-e-preparado-lentamente-na-manteiga\/","name":"Chef Paola Carosella: \u201cO ovo mexido mais cremoso n\u00e3o \u00e9 feito em fogo alto, \u00e9 preparado lentamente na manteiga\u201d - Correio Braziliense - Radar","isPartOf":{"@id":"https:\/\/www.correiobraziliense.com.br\/cbradar\/#website"},"primaryImageOfPage":{"@id":"https:\/\/www.correiobraziliense.com.br\/cbradar\/chef-paola-carosella-o-ovo-mexido-mais-cremoso-nao-e-feito-em-fogo-alto-e-preparado-lentamente-na-manteiga\/#primaryimage"},"image":{"@id":"https:\/\/www.correiobraziliense.com.br\/cbradar\/chef-paola-carosella-o-ovo-mexido-mais-cremoso-nao-e-feito-em-fogo-alto-e-preparado-lentamente-na-manteiga\/#primaryimage"},"thumbnailUrl":"https:\/\/www.correiobraziliense.com.br\/cbradar\/wp-content\/uploads\/2026\/03\/Gemini_Generated_Image_3552vj3552vj3552-1-1.png","datePublished":"2026-03-16T14:30:12+00:00","dateModified":"2026-03-16T14:30:14+00:00","author":{"@id":"https:\/\/www.correiobraziliense.com.br\/cbradar\/#\/schema\/person\/5440b72be9c7eb74f446c846479dc4da"},"description":"Grandes chefs utilizam uma t\u00e9cnica simples que muda totalmente a textura dos ovos mexidos e quase ningu\u00e9m presta aten\u00e7\u00e3o nesse detalhe.","breadcrumb":{"@id":"https:\/\/www.correiobraziliense.com.br\/cbradar\/chef-paola-carosella-o-ovo-mexido-mais-cremoso-nao-e-feito-em-fogo-alto-e-preparado-lentamente-na-manteiga\/#breadcrumb"},"inLanguage":"pt-BR","potentialAction":[{"@type":"ReadAction","target":["https:\/\/www.correiobraziliense.com.br\/cbradar\/chef-paola-carosella-o-ovo-mexido-mais-cremoso-nao-e-feito-em-fogo-alto-e-preparado-lentamente-na-manteiga\/"]}]},{"@type":"ImageObject","inLanguage":"pt-BR","@id":"https:\/\/www.correiobraziliense.com.br\/cbradar\/chef-paola-carosella-o-ovo-mexido-mais-cremoso-nao-e-feito-em-fogo-alto-e-preparado-lentamente-na-manteiga\/#primaryimage","url":"https:\/\/www.correiobraziliense.com.br\/cbradar\/wp-content\/uploads\/2026\/03\/Gemini_Generated_Image_3552vj3552vj3552-1-1.png","contentUrl":"https:\/\/www.correiobraziliense.com.br\/cbradar\/wp-content\/uploads\/2026\/03\/Gemini_Generated_Image_3552vj3552vj3552-1-1.png","width":1280,"height":720,"caption":"O detalhe no preparo que transforma ovos mexidos simples em cremosidade perfeita"},{"@type":"BreadcrumbList","@id":"https:\/\/www.correiobraziliense.com.br\/cbradar\/chef-paola-carosella-o-ovo-mexido-mais-cremoso-nao-e-feito-em-fogo-alto-e-preparado-lentamente-na-manteiga\/#breadcrumb","itemListElement":[{"@type":"ListItem","position":1,"name":"In\u00edcio","item":"https:\/\/www.correiobraziliense.com.br\/cbradar\/"},{"@type":"ListItem","position":2,"name":"Chef Paola Carosella: \u201cO ovo mexido mais cremoso n\u00e3o \u00e9 feito em fogo alto, \u00e9 preparado lentamente na manteiga\u201d"}]},{"@type":"WebSite","@id":"https:\/\/www.correiobraziliense.com.br\/cbradar\/#website","url":"https:\/\/www.correiobraziliense.com.br\/cbradar\/","name":"Correio Braziliense - Radar","description":"Acompanhe as \u00faltimas not\u00edcias e fique bem informado sobre tudo o que acontece no Brasil e no mundo.","potentialAction":[{"@type":"SearchAction","target":{"@type":"EntryPoint","urlTemplate":"https:\/\/www.correiobraziliense.com.br\/cbradar\/?s={search_term_string}"},"query-input":{"@type":"PropertyValueSpecification","valueRequired":true,"valueName":"search_term_string"}}],"inLanguage":"pt-BR"},{"@type":"Person","@id":"https:\/\/www.correiobraziliense.com.br\/cbradar\/#\/schema\/person\/5440b72be9c7eb74f446c846479dc4da","name":"Patrick Silva","image":{"@type":"ImageObject","inLanguage":"pt-BR","@id":"https:\/\/www.correiobraziliense.com.br\/cbradar\/#\/schema\/person\/image\/","url":"https:\/\/secure.gravatar.com\/avatar\/944109df296fc087785c9715fd5f80b2?s=96&d=mm&r=g","contentUrl":"https:\/\/secure.gravatar.com\/avatar\/944109df296fc087785c9715fd5f80b2?s=96&d=mm&r=g","caption":"Patrick Silva"},"sameAs":["https:\/\/www.correiobraziliense.com.br\/cbradar\/"],"url":"https:\/\/www.correiobraziliense.com.br\/cbradar\/author\/patrick-silva\/"}]}},"_links":{"self":[{"href":"https:\/\/www.correiobraziliense.com.br\/cbradar\/wp-json\/wp\/v2\/posts\/209347","targetHints":{"allow":["GET"]}}],"collection":[{"href":"https:\/\/www.correiobraziliense.com.br\/cbradar\/wp-json\/wp\/v2\/posts"}],"about":[{"href":"https:\/\/www.correiobraziliense.com.br\/cbradar\/wp-json\/wp\/v2\/types\/post"}],"author":[{"embeddable":true,"href":"https:\/\/www.correiobraziliense.com.br\/cbradar\/wp-json\/wp\/v2\/users\/21"}],"replies":[{"embeddable":true,"href":"https:\/\/www.correiobraziliense.com.br\/cbradar\/wp-json\/wp\/v2\/comments?post=209347"}],"version-history":[{"count":5,"href":"https:\/\/www.correiobraziliense.com.br\/cbradar\/wp-json\/wp\/v2\/posts\/209347\/revisions"}],"predecessor-version":[{"id":209363,"href":"https:\/\/www.correiobraziliense.com.br\/cbradar\/wp-json\/wp\/v2\/posts\/209347\/revisions\/209363"}],"wp:featuredmedia":[{"embeddable":true,"href":"https:\/\/www.correiobraziliense.com.br\/cbradar\/wp-json\/wp\/v2\/media\/209359"}],"wp:attachment":[{"href":"https:\/\/www.correiobraziliense.com.br\/cbradar\/wp-json\/wp\/v2\/media?parent=209347"}],"wp:term":[{"taxonomy":"category","embeddable":true,"href":"https:\/\/www.correiobraziliense.com.br\/cbradar\/wp-json\/wp\/v2\/categories?post=209347"},{"taxonomy":"post_tag","embeddable":true,"href":"https:\/\/www.correiobraziliense.com.br\/cbradar\/wp-json\/wp\/v2\/tags?post=209347"}],"curies":[{"name":"wp","href":"https:\/\/api.w.org\/{rel}","templated":true}]}}