{"id":209364,"date":"2026-03-16T17:29:59","date_gmt":"2026-03-16T20:29:59","guid":{"rendered":"https:\/\/www.correiobraziliense.com.br\/cbradar\/?p=209364"},"modified":"2026-03-16T17:30:02","modified_gmt":"2026-03-16T20:30:02","slug":"nikola-tesla-inventor-e-engenheiro-eletrico-o-presente-e-deles-o-futuro-pelo-qual-realmente-trabalhei-e-meu","status":"publish","type":"post","link":"https:\/\/www.correiobraziliense.com.br\/cbradar\/nikola-tesla-inventor-e-engenheiro-eletrico-o-presente-e-deles-o-futuro-pelo-qual-realmente-trabalhei-e-meu\/","title":{"rendered":"Nikola Tesla, inventor e engenheiro el\u00e9trico: \u201cO presente \u00e9 deles; o futuro, pelo qual realmente trabalhei, \u00e9 meu.\u201d"},"content":{"rendered":"\n<p><strong>Nikola Tesla<\/strong> foi um inovador cuja vis\u00e3o superou as limita\u00e7\u00f5es tecnol\u00f3gicas do final do s\u00e9culo dezenove. Seu foco na corrente alternada e na transmiss\u00e3o de energia sem fio revolucionou a engenharia moderna. Ao priorizar o impacto futuro sobre o reconhecimento imediato, Tesla garantiu que seu legado definisse as bases el\u00e9tricas mundiais.<\/p>\n\n\n\n<h2 class=\"wp-block-heading\">Como a vis\u00e3o vision\u00e1ria de Tesla moldou a tecnologia moderna?<\/h2>\n\n\n\n<p><strong>Nikola Tesla<\/strong> percebeu que o sistema de corrente cont\u00ednua era ineficiente para grandes dist\u00e2ncias, propondo a corrente alternada como solu\u00e7\u00e3o definitiva. Sua capacidade de visualizar motores complexos e campos magn\u00e9ticos rotativos permitiu a cria\u00e7\u00e3o de m\u00e1quinas que alimentam cidades inteiras hoje. Ele trabalhava em conceitos que pareciam fic\u00e7\u00e3o cient\u00edfica para seus contempor\u00e2neos, mas eram puramente matem\u00e1ticos.<\/p>\n\n\n\n<p>A dedica\u00e7\u00e3o aos experimentos com r\u00e1dio e transmiss\u00e3o sem fio demonstra que ele antecipou a conectividade global muito antes da internet. Enquanto outros buscavam lucros r\u00e1pidos, o inventor focava em resolver problemas fundamentais da humanidade. Seu compromisso com a ci\u00eancia pura garantiu que suas patentes fossem essenciais para o desenvolvimento de sistemas de comunica\u00e7\u00e3o modernos e seguros.<\/p>\n\n\n\n<p>O nome de Nikola Tesla costuma despertar curiosidade por estar ligado a descobertas que influenciaram profundamente a ci\u00eancia e a tecnologia modernas. Em um v\u00eddeo do canal <strong>Ci\u00eancia Todo Dia<\/strong>, que re\u00fane <strong>7,66 milh\u00f5es de inscritos<\/strong>, s\u00e3o apresentados fatos hist\u00f3ricos, curiosidades e explica\u00e7\u00f5es que ajudam a entender melhor a verdadeira import\u00e2ncia desse cientista:<\/p>\n\n\n\n<figure class=\"wp-block-embed is-type-video is-provider-youtube wp-block-embed-youtube wp-embed-aspect-16-9 wp-has-aspect-ratio\"><div class=\"wp-block-embed__wrapper\">\n<div class=\"jeg_video_container jeg_video_content\"><iframe loading=\"lazy\" title=\"A Verdade Sobre Nikola Tesla\" width=\"500\" height=\"281\" src=\"https:\/\/www.youtube.com\/embed\/DEbyaW90CwU?feature=oembed\" frameborder=\"0\" allow=\"accelerometer; autoplay; clipboard-write; encrypted-media; gyroscope; picture-in-picture; web-share\" referrerpolicy=\"strict-origin-when-cross-origin\" allowfullscreen><\/iframe><\/div>\n<\/div><\/figure>\n\n\n\n<h2 class=\"wp-block-heading\">Por que a disputa com Edison foi um ponto de virada?<\/h2>\n\n\n\n<p>A famosa guerra das correntes entre <strong>Thomas Edison<\/strong> e o inventor s\u00e9rvio definiu o futuro da infraestrutura el\u00e9trica global. <strong>Edison<\/strong> defendia a corrente cont\u00ednua por interesses comerciais, enquanto seu rival provava a superioridade t\u00e9cnica da corrente alternada. Essa competi\u00e7\u00e3o intensa acelerou a inova\u00e7\u00e3o, resultando na ilumina\u00e7\u00e3o p\u00fablica eficiente e na industrializa\u00e7\u00e3o acelerada das grandes metr\u00f3poles mundiais.<\/p>\n\n\n\n<p>A vit\u00f3ria t\u00e9cnica de <strong>Nikola Tesla<\/strong> na Feira Mundial de Chicago consolidou sua reputa\u00e7\u00e3o como um g\u00eanio da engenharia pr\u00e1tica. Ele demonstrou que a energia poderia ser transmitida com seguran\u00e7a e economia, mudando a vida de milh\u00f5es de pessoas. Esse momento hist\u00f3rico marcou a transi\u00e7\u00e3o para a era moderna, onde a eletricidade tornou-se um recurso universal e acess\u00edvel.<\/p>\n\n\n\n<h2 class=\"wp-block-heading\">Quais foram as inven\u00e7\u00f5es mais disruptivas deixadas como legado?<\/h2>\n\n\n\n<p>Al\u00e9m do sistema de energia, as bobinas de alta frequ\u00eancia e os estudos sobre raios X mostram a versatilidade intelectual do engenheiro. Suas contribui\u00e7\u00f5es para a rob\u00f3tica e o controle remoto pavimentaram o caminho para a automa\u00e7\u00e3o industrial que observamos atualmente. Cada prot\u00f3tipo desenhado por ele carregava uma inten\u00e7\u00e3o clara de transformar o modo como os seres humanos interagem.<\/p>\n\n\n\n<p>Para entender a profundidade do impacto deste g\u00eanio na nossa sociedade contempor\u00e2nea, analise as tecnologias apresentadas a seguir:<\/p>\n\n\n\n<ul class=\"wp-block-list\">\n<li>Sistemas de igni\u00e7\u00e3o para motores a explos\u00e3o.<\/li>\n\n\n\n<li>Motores de indu\u00e7\u00e3o de alta efici\u00eancia energ\u00e9tica.<\/li>\n\n\n\n<li>Conceitos iniciais para radares e radares meteorol\u00f3gicos.<\/li>\n\n\n\n<li>L\u00e2mpadas de neon e sistemas de ilumina\u00e7\u00e3o fria.<\/li>\n<\/ul>\n\n\n\n<h2 class=\"wp-block-heading\">Como o isolamento pessoal contribuiu para suas grandes descobertas?<\/h2>\n\n\n\n<p>O estilo de vida solit\u00e1rio permitiu que o cientista focasse inteiramente em suas simula\u00e7\u00f5es mentais detalhadas e experimentos complexos. Sem as distra\u00e7\u00f5es da vida social comum, ele conseguia projetar m\u00e1quinas inteiras em sua mente antes de construir qualquer pe\u00e7a f\u00edsica. Essa introspec\u00e7\u00e3o profunda foi a chave para o desenvolvimento de solu\u00e7\u00f5es que desafiavam a l\u00f3gica da f\u00edsica tradicional vigente.<\/p>\n\n\n\n<p>Embora o isolamento tenha trazido dificuldades financeiras, foi o pre\u00e7o pago pela liberdade criativa total exigida por seus projetos ambiciosos. Ele valorizava a busca pela verdade cient\u00edfica acima de qualquer riqueza material passageira ou reconhecimento social imediato. Essa postura austera permitiu que ele se concentrasse no que chamava de trabalho para o futuro da civiliza\u00e7\u00e3o humana.<\/p>\n\n\n\n<figure class=\"wp-block-image size-full\"><img decoding=\"async\" width=\"1280\" height=\"720\" src=\"https:\/\/www.correiobraziliense.com.br\/cbradar\/wp-content\/uploads\/2026\/03\/Gemini_Generated_Image_9b0xm59b0xm59b0x-1-1.png\" alt=\"Nikola Tesla, inventor e engenheiro el\u00e9trico: \u201cO presente \u00e9 deles; o futuro, pelo qual realmente trabalhei, \u00e9 meu.\u201d\" class=\"wp-image-209369\" srcset=\"https:\/\/www.correiobraziliense.com.br\/cbradar\/wp-content\/uploads\/2026\/03\/Gemini_Generated_Image_9b0xm59b0xm59b0x-1-1.png 1280w, https:\/\/www.correiobraziliense.com.br\/cbradar\/wp-content\/uploads\/2026\/03\/Gemini_Generated_Image_9b0xm59b0xm59b0x-1-1-300x169.png 300w, https:\/\/www.correiobraziliense.com.br\/cbradar\/wp-content\/uploads\/2026\/03\/Gemini_Generated_Image_9b0xm59b0xm59b0x-1-1-768x432.png 768w, https:\/\/www.correiobraziliense.com.br\/cbradar\/wp-content\/uploads\/2026\/03\/Gemini_Generated_Image_9b0xm59b0xm59b0x-1-1-750x422.png 750w, https:\/\/www.correiobraziliense.com.br\/cbradar\/wp-content\/uploads\/2026\/03\/Gemini_Generated_Image_9b0xm59b0xm59b0x-1-1-1140x641.png 1140w\" sizes=\"(max-width: 1280px) 100vw, 1280px\" \/><figcaption class=\"wp-element-caption\">Nikola Tesla imaginou tecnologias que mudariam a eletricidade do mundo inteiro &#8211; imagem ilustrativa<\/figcaption><\/figure>\n\n\n\n<h2 class=\"wp-block-heading\">Qual \u00e9 a relev\u00e2ncia atual dos estudos sobre energia livre?<\/h2>\n\n\n\n<p>A busca por fontes de energia limpas e sustent\u00e1veis resgata as ideias originais do engenheiro sobre a extra\u00e7\u00e3o de eletricidade do ambiente. Pesquisadores modernos analisam suas notas sobre a <strong>Torre Wardenclyffe<\/strong> para encontrar solu\u00e7\u00f5es contra a crise clim\u00e1tica global. O sonho de fornecer energia gratuita para o mundo permanece como uma inspira\u00e7\u00e3o poderosa para engenheiros e cientistas vision\u00e1rios do presente.<\/p>\n\n\n\n<p>O <strong>Smithsonian Institution<\/strong> preserva documentos raros que detalham a trajet\u00f3ria e as contribui\u00e7\u00f5es deste g\u00eanio para a f\u00edsica aplicada e te\u00f3rica. Voc\u00ea pode consultar o acervo oficial e as pesquisas sobre sua vida e obra atrav\u00e9s do <a target=\"_blank\" rel=\"noreferrer noopener\" href=\"https:\/\/www.smithsonianmag.com\/history\/the-rise-and-fall-of-nikola-tesla-and-his-tower-11074324\/\">Smithsonian<\/a> dispon\u00edvel para estudo. Valorizar o passado \u00e9 o caminho mais seguro para construir as tecnologias disruptivas do amanh\u00e3.<\/p>\n","protected":false},"excerpt":{"rendered":"<p>Nikola Tesla foi um inovador cuja vis\u00e3o superou as limita\u00e7\u00f5es tecnol\u00f3gicas do final do s\u00e9culo dezenove. Seu foco na corrente alternada e na transmiss\u00e3o de energia sem fio revolucionou a engenharia moderna. Ao priorizar o impacto futuro sobre o reconhecimento imediato, Tesla garantiu que seu legado definisse as bases el\u00e9tricas mundiais. Como a vis\u00e3o vision\u00e1ria [&hellip;]<\/p>\n","protected":false},"author":21,"featured_media":209366,"comment_status":"open","ping_status":"open","sticky":false,"template":"","format":"standard","meta":{"_yoast_wpseo_focuskw":"Legado cient\u00edfico e inven\u00e7\u00f5es de Nikola Tesla","_yoast_wpseo_title":"","_yoast_wpseo_metadesc":"Nikola Tesla imaginou tecnologias que o mundo s\u00f3 compreenderia d\u00e9cadas depois e suas ideias ainda influenciam a energia moderna.","jnews-multi-image_gallery":[],"jnews_single_post":{"format":"standard"},"jnews_primary_category":[],"jnews_social_meta":[],"jnews_override_counter":[],"footnotes":""},"categories":[112],"tags":[5078,395,16202,185],"class_list":["post-209364","post","type-post","status-publish","format-standard","has-post-thumbnail","hentry","category-curiosidades","tag-filosofia","tag-futuro","tag-nikola-tesla","tag-trabalho"],"yoast_head":"<!-- This site is optimized with the Yoast SEO plugin v24.6 - https:\/\/yoast.com\/wordpress\/plugins\/seo\/ -->\n<title>Nikola Tesla, inventor e engenheiro el\u00e9trico: \u201cO presente \u00e9 deles; o futuro, pelo qual realmente trabalhei, \u00e9 meu.\u201d - Correio Braziliense - Radar<\/title>\n<meta name=\"description\" content=\"Nikola Tesla imaginou tecnologias que o mundo s\u00f3 compreenderia d\u00e9cadas depois e suas ideias ainda influenciam a energia moderna.\" \/>\n<meta name=\"robots\" content=\"index, follow, max-snippet:-1, max-image-preview:large, max-video-preview:-1\" \/>\n<link rel=\"canonical\" href=\"https:\/\/www.correiobraziliense.com.br\/cbradar\/nikola-tesla-inventor-e-engenheiro-eletrico-o-presente-e-deles-o-futuro-pelo-qual-realmente-trabalhei-e-meu\/\" \/>\n<meta property=\"og:locale\" content=\"pt_BR\" \/>\n<meta property=\"og:type\" content=\"article\" \/>\n<meta property=\"og:title\" content=\"Nikola Tesla, inventor e engenheiro el\u00e9trico: \u201cO presente \u00e9 deles; o futuro, pelo qual realmente trabalhei, \u00e9 meu.\u201d - Correio Braziliense - Radar\" \/>\n<meta property=\"og:description\" content=\"Nikola Tesla imaginou tecnologias que o mundo s\u00f3 compreenderia d\u00e9cadas depois e suas ideias ainda influenciam a energia moderna.\" \/>\n<meta property=\"og:url\" content=\"https:\/\/www.correiobraziliense.com.br\/cbradar\/nikola-tesla-inventor-e-engenheiro-eletrico-o-presente-e-deles-o-futuro-pelo-qual-realmente-trabalhei-e-meu\/\" \/>\n<meta property=\"og:site_name\" content=\"Correio Braziliense - Radar\" \/>\n<meta property=\"article:published_time\" content=\"2026-03-16T20:29:59+00:00\" \/>\n<meta property=\"article:modified_time\" content=\"2026-03-16T20:30:02+00:00\" \/>\n<meta property=\"og:image\" content=\"https:\/\/www.correiobraziliense.com.br\/cbradar\/wp-content\/uploads\/2026\/03\/Gemini_Generated_Image_byn3p5byn3p5byn3-1-1.png\" \/>\n\t<meta property=\"og:image:width\" content=\"1280\" \/>\n\t<meta property=\"og:image:height\" content=\"720\" \/>\n\t<meta property=\"og:image:type\" content=\"image\/png\" \/>\n<meta name=\"author\" content=\"Patrick Silva\" \/>\n<meta name=\"twitter:card\" content=\"summary_large_image\" \/>\n<meta name=\"twitter:label1\" content=\"Escrito por\" \/>\n\t<meta name=\"twitter:data1\" content=\"Patrick Silva\" \/>\n\t<meta name=\"twitter:label2\" content=\"Est. tempo de leitura\" \/>\n\t<meta name=\"twitter:data2\" content=\"5 minutos\" \/>\n<!-- \/ Yoast SEO plugin. -->","yoast_head_json":{"title":"Nikola Tesla, inventor e engenheiro el\u00e9trico: \u201cO presente \u00e9 deles; o futuro, pelo qual realmente trabalhei, \u00e9 meu.\u201d - Correio Braziliense - Radar","description":"Nikola Tesla imaginou tecnologias que o mundo s\u00f3 compreenderia d\u00e9cadas depois e suas ideias ainda influenciam a energia moderna.","robots":{"index":"index","follow":"follow","max-snippet":"max-snippet:-1","max-image-preview":"max-image-preview:large","max-video-preview":"max-video-preview:-1"},"canonical":"https:\/\/www.correiobraziliense.com.br\/cbradar\/nikola-tesla-inventor-e-engenheiro-eletrico-o-presente-e-deles-o-futuro-pelo-qual-realmente-trabalhei-e-meu\/","og_locale":"pt_BR","og_type":"article","og_title":"Nikola Tesla, inventor e engenheiro el\u00e9trico: \u201cO presente \u00e9 deles; o futuro, pelo qual realmente trabalhei, \u00e9 meu.\u201d - Correio Braziliense - Radar","og_description":"Nikola Tesla imaginou tecnologias que o mundo s\u00f3 compreenderia d\u00e9cadas depois e suas ideias ainda influenciam a energia moderna.","og_url":"https:\/\/www.correiobraziliense.com.br\/cbradar\/nikola-tesla-inventor-e-engenheiro-eletrico-o-presente-e-deles-o-futuro-pelo-qual-realmente-trabalhei-e-meu\/","og_site_name":"Correio Braziliense - Radar","article_published_time":"2026-03-16T20:29:59+00:00","article_modified_time":"2026-03-16T20:30:02+00:00","og_image":[{"width":1280,"height":720,"url":"https:\/\/www.correiobraziliense.com.br\/cbradar\/wp-content\/uploads\/2026\/03\/Gemini_Generated_Image_byn3p5byn3p5byn3-1-1.png","type":"image\/png"}],"author":"Patrick Silva","twitter_card":"summary_large_image","twitter_misc":{"Escrito por":"Patrick Silva","Est. tempo de leitura":"5 minutos"},"schema":{"@context":"https:\/\/schema.org","@graph":[{"@type":"WebPage","@id":"https:\/\/www.correiobraziliense.com.br\/cbradar\/nikola-tesla-inventor-e-engenheiro-eletrico-o-presente-e-deles-o-futuro-pelo-qual-realmente-trabalhei-e-meu\/","url":"https:\/\/www.correiobraziliense.com.br\/cbradar\/nikola-tesla-inventor-e-engenheiro-eletrico-o-presente-e-deles-o-futuro-pelo-qual-realmente-trabalhei-e-meu\/","name":"Nikola Tesla, inventor e engenheiro el\u00e9trico: \u201cO presente \u00e9 deles; o futuro, pelo qual realmente trabalhei, \u00e9 meu.\u201d - Correio Braziliense - Radar","isPartOf":{"@id":"https:\/\/www.correiobraziliense.com.br\/cbradar\/#website"},"primaryImageOfPage":{"@id":"https:\/\/www.correiobraziliense.com.br\/cbradar\/nikola-tesla-inventor-e-engenheiro-eletrico-o-presente-e-deles-o-futuro-pelo-qual-realmente-trabalhei-e-meu\/#primaryimage"},"image":{"@id":"https:\/\/www.correiobraziliense.com.br\/cbradar\/nikola-tesla-inventor-e-engenheiro-eletrico-o-presente-e-deles-o-futuro-pelo-qual-realmente-trabalhei-e-meu\/#primaryimage"},"thumbnailUrl":"https:\/\/www.correiobraziliense.com.br\/cbradar\/wp-content\/uploads\/2026\/03\/Gemini_Generated_Image_byn3p5byn3p5byn3-1-1.png","datePublished":"2026-03-16T20:29:59+00:00","dateModified":"2026-03-16T20:30:02+00:00","author":{"@id":"https:\/\/www.correiobraziliense.com.br\/cbradar\/#\/schema\/person\/5440b72be9c7eb74f446c846479dc4da"},"description":"Nikola Tesla imaginou tecnologias que o mundo s\u00f3 compreenderia d\u00e9cadas depois e suas ideias ainda influenciam a energia moderna.","breadcrumb":{"@id":"https:\/\/www.correiobraziliense.com.br\/cbradar\/nikola-tesla-inventor-e-engenheiro-eletrico-o-presente-e-deles-o-futuro-pelo-qual-realmente-trabalhei-e-meu\/#breadcrumb"},"inLanguage":"pt-BR","potentialAction":[{"@type":"ReadAction","target":["https:\/\/www.correiobraziliense.com.br\/cbradar\/nikola-tesla-inventor-e-engenheiro-eletrico-o-presente-e-deles-o-futuro-pelo-qual-realmente-trabalhei-e-meu\/"]}]},{"@type":"ImageObject","inLanguage":"pt-BR","@id":"https:\/\/www.correiobraziliense.com.br\/cbradar\/nikola-tesla-inventor-e-engenheiro-eletrico-o-presente-e-deles-o-futuro-pelo-qual-realmente-trabalhei-e-meu\/#primaryimage","url":"https:\/\/www.correiobraziliense.com.br\/cbradar\/wp-content\/uploads\/2026\/03\/Gemini_Generated_Image_byn3p5byn3p5byn3-1-1.png","contentUrl":"https:\/\/www.correiobraziliense.com.br\/cbradar\/wp-content\/uploads\/2026\/03\/Gemini_Generated_Image_byn3p5byn3p5byn3-1-1.png","width":1280,"height":720,"caption":"Nikola Tesla imaginou tecnologias que mudariam a eletricidade do mundo inteiro - imagem ilustrativa"},{"@type":"BreadcrumbList","@id":"https:\/\/www.correiobraziliense.com.br\/cbradar\/nikola-tesla-inventor-e-engenheiro-eletrico-o-presente-e-deles-o-futuro-pelo-qual-realmente-trabalhei-e-meu\/#breadcrumb","itemListElement":[{"@type":"ListItem","position":1,"name":"In\u00edcio","item":"https:\/\/www.correiobraziliense.com.br\/cbradar\/"},{"@type":"ListItem","position":2,"name":"Nikola Tesla, inventor e engenheiro el\u00e9trico: \u201cO presente \u00e9 deles; o futuro, pelo qual realmente trabalhei, \u00e9 meu.\u201d"}]},{"@type":"WebSite","@id":"https:\/\/www.correiobraziliense.com.br\/cbradar\/#website","url":"https:\/\/www.correiobraziliense.com.br\/cbradar\/","name":"Correio Braziliense - Radar","description":"Acompanhe as \u00faltimas not\u00edcias e fique bem informado sobre tudo o que acontece no Brasil e no mundo.","potentialAction":[{"@type":"SearchAction","target":{"@type":"EntryPoint","urlTemplate":"https:\/\/www.correiobraziliense.com.br\/cbradar\/?s={search_term_string}"},"query-input":{"@type":"PropertyValueSpecification","valueRequired":true,"valueName":"search_term_string"}}],"inLanguage":"pt-BR"},{"@type":"Person","@id":"https:\/\/www.correiobraziliense.com.br\/cbradar\/#\/schema\/person\/5440b72be9c7eb74f446c846479dc4da","name":"Patrick Silva","image":{"@type":"ImageObject","inLanguage":"pt-BR","@id":"https:\/\/www.correiobraziliense.com.br\/cbradar\/#\/schema\/person\/image\/","url":"https:\/\/secure.gravatar.com\/avatar\/944109df296fc087785c9715fd5f80b2?s=96&d=mm&r=g","contentUrl":"https:\/\/secure.gravatar.com\/avatar\/944109df296fc087785c9715fd5f80b2?s=96&d=mm&r=g","caption":"Patrick Silva"},"sameAs":["https:\/\/www.correiobraziliense.com.br\/cbradar\/"],"url":"https:\/\/www.correiobraziliense.com.br\/cbradar\/author\/patrick-silva\/"}]}},"_links":{"self":[{"href":"https:\/\/www.correiobraziliense.com.br\/cbradar\/wp-json\/wp\/v2\/posts\/209364","targetHints":{"allow":["GET"]}}],"collection":[{"href":"https:\/\/www.correiobraziliense.com.br\/cbradar\/wp-json\/wp\/v2\/posts"}],"about":[{"href":"https:\/\/www.correiobraziliense.com.br\/cbradar\/wp-json\/wp\/v2\/types\/post"}],"author":[{"embeddable":true,"href":"https:\/\/www.correiobraziliense.com.br\/cbradar\/wp-json\/wp\/v2\/users\/21"}],"replies":[{"embeddable":true,"href":"https:\/\/www.correiobraziliense.com.br\/cbradar\/wp-json\/wp\/v2\/comments?post=209364"}],"version-history":[{"count":3,"href":"https:\/\/www.correiobraziliense.com.br\/cbradar\/wp-json\/wp\/v2\/posts\/209364\/revisions"}],"predecessor-version":[{"id":209370,"href":"https:\/\/www.correiobraziliense.com.br\/cbradar\/wp-json\/wp\/v2\/posts\/209364\/revisions\/209370"}],"wp:featuredmedia":[{"embeddable":true,"href":"https:\/\/www.correiobraziliense.com.br\/cbradar\/wp-json\/wp\/v2\/media\/209366"}],"wp:attachment":[{"href":"https:\/\/www.correiobraziliense.com.br\/cbradar\/wp-json\/wp\/v2\/media?parent=209364"}],"wp:term":[{"taxonomy":"category","embeddable":true,"href":"https:\/\/www.correiobraziliense.com.br\/cbradar\/wp-json\/wp\/v2\/categories?post=209364"},{"taxonomy":"post_tag","embeddable":true,"href":"https:\/\/www.correiobraziliense.com.br\/cbradar\/wp-json\/wp\/v2\/tags?post=209364"}],"curies":[{"name":"wp","href":"https:\/\/api.w.org\/{rel}","templated":true}]}}