{"id":209381,"date":"2026-03-16T17:15:00","date_gmt":"2026-03-16T20:15:00","guid":{"rendered":"https:\/\/www.correiobraziliense.com.br\/cbradar\/?p=209381"},"modified":"2026-03-16T11:27:50","modified_gmt":"2026-03-16T14:27:50","slug":"novo-virus-oropouche-no-sudeste-acende-alerta-com-sintomas-fortes-e-retorno-inesperado","status":"publish","type":"post","link":"https:\/\/www.correiobraziliense.com.br\/cbradar\/novo-virus-oropouche-no-sudeste-acende-alerta-com-sintomas-fortes-e-retorno-inesperado\/","title":{"rendered":"Novo v\u00edrus Oropouche no Sudeste acende alerta com sintomas fortes e retorno inesperado"},"content":{"rendered":"\n<p>Recentemente, uma nova linhagem do v\u00edrus <strong>Oropouche <\/strong>foi identificada em circula\u00e7\u00e3o no Sudeste do Brasil. Tradicionalmente associado \u00e0 regi\u00e3o amaz\u00f4nica, este v\u00edrus agora demonstra potencial para adaptar-se a novos ambientes. O estudo, conduzido por pesquisadores da Universidade Federal Fluminense (UFF), examinou 55 pacientes infectados ao longo de seis meses entre dezembro de 2024 e maio de 2025, e foi publicado na renomada revista Open Forum Infectious Diseases.<\/p>\n\n\n\n<h2 class=\"wp-block-heading\">Quais s\u00e3o os sintomas caracter\u00edsticos do v\u00edrus Oropouche?<\/h2>\n\n\n\n<p>Os sintomas cl\u00ednicos associados ao v\u00edrus Oropouche foram investigados de maneira minuciosa, com destaque para dor de cabe\u00e7a severa, mal-estar, febre, dor muscular e erup\u00e7\u00f5es cut\u00e2neas. Esses sinais foram observados em 87% dos casos estudados, sugerindo um padr\u00e3o sintom\u00e1tico relativamente consistente entre os pacientes.<\/p>\n\n\n\n<p>Um fen\u00f4meno intrigante foi registrado em um ter\u00e7o dos pacientes, que experimentaram retorno dos sintomas ap\u00f3s aparente recupera\u00e7\u00e3o, o que ajuda a diferenciar o Oropouche de doen\u00e7as como dengue e chikungunya. Em geral, o quadro \u00e9 autolimitado, mas pode causar grande impacto na qualidade de vida durante a fase aguda.<\/p>\n\n\n\n<p>Para compreender melhor <strong>a pancreatite, incluindo sintomas, cuidados com a alimenta\u00e7\u00e3o e poss\u00edveis estrat\u00e9gias de suplementa\u00e7\u00e3o<\/strong>, assista ao v\u00eddeo a seguir, no qual o especialista explica o assunto de forma clara e did\u00e1tica no canal respons\u00e1vel pelo conte\u00fado.<\/p>\n\n\n\n<iframe loading=\"lazy\" width=\"1396\" height=\"785\" src=\"https:\/\/www.youtube.com\/embed\/fX0KeC6SCJU\" title=\"Saiba o que \u00e9 a Febre do Oropouche, doen\u00e7a transmitida por mosquitos\" frameborder=\"0\" allow=\"accelerometer; autoplay; clipboard-write; encrypted-media; gyroscope; picture-in-picture; web-share\" referrerpolicy=\"strict-origin-when-cross-origin\" allowfullscreen><\/iframe>\n\n\n\n<h2 class=\"wp-block-heading\">Como \u00e9 feita a identifica\u00e7\u00e3o e o diagn\u00f3stico da infec\u00e7\u00e3o por Oropouche?<\/h2>\n\n\n\n<p>Um achado cr\u00edtico do estudo foi que o material gen\u00e9tico do v\u00edrus Oropouche pode ser detectado na urina dos pacientes por um per\u00edodo superior a tr\u00eas semanas. Essa descoberta fornece novas diretrizes para o diagn\u00f3stico da infec\u00e7\u00e3o, especialmente quando o v\u00edrus n\u00e3o \u00e9 mais detect\u00e1vel no sangue por m\u00e9todos tradicionais.<\/p>\n\n\n\n<p>Segundo a pesquisadora Anielle Pina-Costa, da UFF, essa informa\u00e7\u00e3o pode facilitar a confirma\u00e7\u00e3o de casos suspeitos e otimizar a vigil\u00e2ncia epidemiol\u00f3gica. Testes moleculares, como o RT-PCR, tornam-se, assim, ferramentas centrais para o rastreamento e confirma\u00e7\u00e3o da doen\u00e7a.<\/p>\n\n\n\n<h2 class=\"wp-block-heading\">Como ocorre a transmiss\u00e3o do v\u00edrus Oropouche?<\/h2>\n\n\n\n<p>\u00c9 importante ressaltar que a transmiss\u00e3o do v\u00edrus Oropouche n\u00e3o ocorre atrav\u00e9s do mosquito Aedes aegypti, o mesmo vetor da dengue, zika e chikungunya. Em vez disso, este v\u00edrus \u00e9 disseminado por um inseto muito menor conhecido como maruim, que prospera em \u00e1reas \u00famidas, como margens de rios e cascatas.<\/p>\n\n\n\n<p>Essa forma distinta de transmiss\u00e3o demanda uma abordagem diferenciada nas estrat\u00e9gias de controle vetorial, voltada aos habitats naturais do maruim. Entre as principais a\u00e7\u00f5es recomendadas para reduzir o risco de transmiss\u00e3o, destacam-se:<\/p>\n\n\n\n<style>\n  .make-wrap{\n    max-width: 760px;\n    margin: 26px auto;\n    padding: 18px;\n    border-radius: 18px;\n    background: linear-gradient(135deg,#fff7fb 0%,#f6f2ff 100%);\n    border: 1px solid #f7d4ea;\n    box-shadow: 0 8px 20px rgba(236,72,153,.12);\n    font-family: system-ui, -apple-system, Segoe UI, Roboto, Helvetica, Arial, sans-serif;\n  }\n\n  .make-title{\n    display:flex; \n    align-items:center; \n    gap:10px;\n    margin:0 0 12px 4px;\n    font-size:1.2rem; \n    font-weight:900; \n    color:#9d174d;\n  }\n\n  .make-table{\n    width:100%;\n    border-collapse:separate;\n    border-spacing:0;\n    overflow:hidden;\n    border-radius:16px;\n    border:1px solid #f7d4ea;\n    background:#fff;\n    font-size:.92rem;\n  }\n\n  .make-table thead th{\n    background:linear-gradient(90deg,#fde7f3 0%,#f8e9ff 100%);\n    padding:12px;\n    color:#7a1e63;\n    font-weight:800;\n    text-align:left;\n    border-bottom:1px solid #f7d4ea;\n  }\n\n  .make-table tbody td{\n    padding:12px;\n    color:#374151;\n    vertical-align:top;\n    border-bottom:1px dashed #f7d4ea;\n  }\n\n  .make-table tbody tr:nth-child(odd){\n    background:#fffaff;\n  }\n\n  .price{\n    display:inline-flex;\n    align-items:center;\n    background:#fff7ed;\n    color:#b45309;\n    padding:6px 10px;\n    border-radius:10px;\n    border:1px solid #fed7aa;\n    font-weight:700;\n    white-space:nowrap;\n  }\n\n  .badge{\n    display:inline-block;\n    background:#fde7f3;\n    color:#c026d3;\n    border:1px solid #fecdd3;\n    padding:4px 10px;\n    border-radius:999px;\n    font-weight:700;\n    font-size:.78rem;\n  }\n\n  @media (max-width:720px){\n    .make-table thead{display:none}\n    .make-table, .make-table tbody, .make-table tr, .make-table td{\n      display:block; \n      width:100%;\n    }\n    .make-table tr{\n      margin-bottom:12px;\n      border:1px solid #f7d4ea;\n      border-radius:14px;\n      overflow:hidden;\n      background:#fff;\n    }\n    .make-table td[data-label]:before{\n      content:attr(data-label);\n      display:block;\n      font-weight:800;\n      color:#7a1e63;\n      margin-bottom:4px;\n    }\n    .make-table tbody td:last-child{border-bottom:none}\n  }\n<\/style>\n\n<div class=\"make-wrap\">\n  <h3 class=\"make-title\">\ud83e\udd9f\ud83d\udee1\ufe0f Como reduzir o contato com maruins<\/h3>\n\n  <table class=\"make-table\">\n    <thead>\n      <tr>\n        <th>Medida de preven\u00e7\u00e3o<\/th>\n      <\/tr>\n    <\/thead>\n    <tbody>\n      <tr>\n        <td data-label=\"Medida de preven\u00e7\u00e3o\">Uso de repelentes adequados e roupas que cubram bra\u00e7os e pernas em \u00e1reas de risco.<\/td>\n      <\/tr>\n      <tr>\n        <td data-label=\"Medida de preven\u00e7\u00e3o\">Instala\u00e7\u00e3o de telas em portas e janelas para diminuir a entrada de maruins.<\/td>\n      <\/tr>\n      <tr>\n        <td data-label=\"Medida de preven\u00e7\u00e3o\">Evitar perman\u00eancia prolongada em margens de rios, \u00e1reas alagadas e pr\u00f3ximas a cachoeiras.<\/td>\n      <\/tr>\n      <tr>\n        <td data-label=\"Medida de preven\u00e7\u00e3o\">Ado\u00e7\u00e3o de medidas ambientais locais, como manejo de \u00e1reas \u00famidas quando poss\u00edvel.<\/td>\n      <\/tr>\n    <\/tbody>\n  <\/table>\n\n  <p style=\"margin-top:14px; color:#6b7280; font-size:.9rem;\">\n    \ud83d\udca1 <strong>Dica:<\/strong> Essas a\u00e7\u00f5es simples ajudam a diminuir a exposi\u00e7\u00e3o aos maruins, especialmente em regi\u00f5es \u00famidas ou pr\u00f3ximas a rios.\n  <\/p>\n<\/div>\n\n\n\n<h2 class=\"wp-block-heading\">Por que a vigil\u00e2ncia cont\u00ednua do v\u00edrus Oropouche \u00e9 crucial?<\/h2>\n\n\n\n<p>A identifica\u00e7\u00e3o de uma nova linhagem viral no Sudeste do Brasil evidencia a necessidade urgente de intensificar a vigil\u00e2ncia epidemiol\u00f3gica. Essa expans\u00e3o regional sugere uma tend\u00eancia de adapta\u00e7\u00e3o do v\u00edrus a novos ecossistemas, ampliando o potencial de surtos em \u00e1reas urbanas e periurbanas.<\/p>\n\n\n\n<p>O fortalecimento da capacita\u00e7\u00e3o de profissionais de sa\u00fade, aliado \u00e0 educa\u00e7\u00e3o da popula\u00e7\u00e3o sobre sintomas e formas de preven\u00e7\u00e3o, \u00e9 fundamental para reduzir o impacto da doen\u00e7a. Desenvolver e implementar estrat\u00e9gias eficazes de controle e comunica\u00e7\u00e3o pode prevenir surtos significativos e melhorar a gest\u00e3o de sa\u00fade p\u00fablica diante da evolu\u00e7\u00e3o cont\u00ednua do v\u00edrus Oropouche.<\/p>\n\n\n<a href=\"https:\/\/www.instagram.com\/dra.annaluisabf\/\" target=\"_blank\" rel=\"noopener\" style=\"text-decoration: none; color: inherit;\">\n    <span style=\"display: inline-block; border: 1px solid #ccc; border-radius: 10px; padding: 15px; max-width: 550px; font-family: sans-serif; box-shadow: 0 2px 5px rgba(0,0,0,0.1); width: 100%;\">\n\n      <!-- T\u00edtulo -->\n      <span style=\"display: block; margin: 0 0 15px 0; font-weight: bold; color: #2c3e50; text-align: center;\">\n        Entre em contato:\n      <\/span>\n\n      <!-- Linha do perfil -->\n      <span style=\"display: flex; align-items: center; gap: 15px;\">\n        <img decoding=\"async\"\n          src=\"https:\/\/www.correiobraziliense.com.br\/cbradar\/wp-content\/uploads\/2025\/08\/dra_anna_luisa.jpeg\"\n          alt=\"Foto da Dra. Anna Lu\u00edsa\"\n          style=\"border-radius: 50%; width: 80px; height: 80px; object-fit: cover;\"\n        \/>\n        <span style=\"display: flex; flex-direction: column;\">\n          <span style=\"font-size: 18px; font-weight: 700; color: #2c3e50;\">Dra. Anna Lu\u00edsa Barbosa Fernandes<\/span>\n          <span style=\"color: #555;\">CRM-GO 33.271<\/span>\n        <\/span>\n      <\/span>\n\n      <!-- Redes -->\n      <span style=\"display: flex; align-items: center; gap: 10px; margin-top: 12px;\">\n        <img decoding=\"async\" src=\"https:\/\/cdn-icons-png.flaticon.com\/24\/1384\/1384063.png\" alt=\"Instagram\" width=\"24\" height=\"24\" \/>\n        <span style=\"text-decoration: underline; color: #2c3e50;\">@dra.annaluisabf<\/span>\n      <\/span>\n\n    <\/span>\n  <\/a>","protected":false},"excerpt":{"rendered":"<p>Recentemente, uma nova linhagem do v\u00edrus Oropouche foi identificada em circula\u00e7\u00e3o no Sudeste do Brasil. Tradicionalmente associado \u00e0 regi\u00e3o amaz\u00f4nica, este v\u00edrus agora demonstra potencial para adaptar-se a novos ambientes. O estudo, conduzido por pesquisadores da Universidade Federal Fluminense (UFF), examinou 55 pacientes infectados ao longo de seis meses entre dezembro de 2024 e maio [&hellip;]<\/p>\n","protected":false},"author":14,"featured_media":209413,"comment_status":"open","ping_status":"open","sticky":false,"template":"","format":"standard","meta":{"_yoast_wpseo_focuskw":"Oropouche","_yoast_wpseo_title":"","_yoast_wpseo_metadesc":"Nova linhagem do v\u00edrus Oropouche preocupa pesquisadores no Brasil. Entenda os sintomas e o detalhe no diagn\u00f3stico que chamou aten\u00e7\u00e3o.","jnews-multi-image_gallery":[],"jnews_single_post":{"format":"standard"},"jnews_primary_category":[],"jnews_social_meta":[],"jnews_override_counter":[],"footnotes":""},"categories":[4404],"tags":[281,120,1318,565],"class_list":["post-209381","post","type-post","status-publish","format-standard","has-post-thumbnail","hentry","category-saude","tag-alimentacao","tag-bem-estar","tag-saude-2","tag-saude"],"yoast_head":"<!-- This site is optimized with the Yoast SEO plugin v24.6 - https:\/\/yoast.com\/wordpress\/plugins\/seo\/ -->\n<title>Novo v\u00edrus Oropouche no Sudeste acende alerta com sintomas fortes e retorno inesperado - Correio Braziliense - Radar<\/title>\n<meta name=\"description\" content=\"Nova linhagem do v\u00edrus Oropouche preocupa pesquisadores no Brasil. Entenda os sintomas e o detalhe no diagn\u00f3stico que chamou aten\u00e7\u00e3o.\" \/>\n<meta name=\"robots\" content=\"index, follow, max-snippet:-1, max-image-preview:large, max-video-preview:-1\" \/>\n<link rel=\"canonical\" href=\"https:\/\/www.correiobraziliense.com.br\/cbradar\/novo-virus-oropouche-no-sudeste-acende-alerta-com-sintomas-fortes-e-retorno-inesperado\/\" \/>\n<meta property=\"og:locale\" content=\"pt_BR\" \/>\n<meta property=\"og:type\" content=\"article\" \/>\n<meta property=\"og:title\" content=\"Novo v\u00edrus Oropouche no Sudeste acende alerta com sintomas fortes e retorno inesperado - Correio Braziliense - Radar\" \/>\n<meta property=\"og:description\" content=\"Nova linhagem do v\u00edrus Oropouche preocupa pesquisadores no Brasil. Entenda os sintomas e o detalhe no diagn\u00f3stico que chamou aten\u00e7\u00e3o.\" \/>\n<meta property=\"og:url\" content=\"https:\/\/www.correiobraziliense.com.br\/cbradar\/novo-virus-oropouche-no-sudeste-acende-alerta-com-sintomas-fortes-e-retorno-inesperado\/\" \/>\n<meta property=\"og:site_name\" content=\"Correio Braziliense - Radar\" \/>\n<meta property=\"article:published_time\" content=\"2026-03-16T20:15:00+00:00\" \/>\n<meta property=\"og:image\" content=\"https:\/\/www.correiobraziliense.com.br\/cbradar\/wp-content\/uploads\/2026\/03\/Oropouche_1773671051060.jpg\" \/>\n\t<meta property=\"og:image:width\" content=\"1280\" \/>\n\t<meta property=\"og:image:height\" content=\"720\" \/>\n\t<meta property=\"og:image:type\" content=\"image\/jpeg\" \/>\n<meta name=\"author\" content=\"guilherme_saude\" \/>\n<meta name=\"twitter:card\" content=\"summary_large_image\" \/>\n<meta name=\"twitter:label1\" content=\"Escrito por\" \/>\n\t<meta name=\"twitter:data1\" content=\"guilherme_saude\" \/>\n\t<meta name=\"twitter:label2\" content=\"Est. tempo de leitura\" \/>\n\t<meta name=\"twitter:data2\" content=\"4 minutos\" \/>\n<!-- \/ Yoast SEO plugin. -->","yoast_head_json":{"title":"Novo v\u00edrus Oropouche no Sudeste acende alerta com sintomas fortes e retorno inesperado - Correio Braziliense - Radar","description":"Nova linhagem do v\u00edrus Oropouche preocupa pesquisadores no Brasil. Entenda os sintomas e o detalhe no diagn\u00f3stico que chamou aten\u00e7\u00e3o.","robots":{"index":"index","follow":"follow","max-snippet":"max-snippet:-1","max-image-preview":"max-image-preview:large","max-video-preview":"max-video-preview:-1"},"canonical":"https:\/\/www.correiobraziliense.com.br\/cbradar\/novo-virus-oropouche-no-sudeste-acende-alerta-com-sintomas-fortes-e-retorno-inesperado\/","og_locale":"pt_BR","og_type":"article","og_title":"Novo v\u00edrus Oropouche no Sudeste acende alerta com sintomas fortes e retorno inesperado - Correio Braziliense - Radar","og_description":"Nova linhagem do v\u00edrus Oropouche preocupa pesquisadores no Brasil. Entenda os sintomas e o detalhe no diagn\u00f3stico que chamou aten\u00e7\u00e3o.","og_url":"https:\/\/www.correiobraziliense.com.br\/cbradar\/novo-virus-oropouche-no-sudeste-acende-alerta-com-sintomas-fortes-e-retorno-inesperado\/","og_site_name":"Correio Braziliense - Radar","article_published_time":"2026-03-16T20:15:00+00:00","og_image":[{"width":1280,"height":720,"url":"https:\/\/www.correiobraziliense.com.br\/cbradar\/wp-content\/uploads\/2026\/03\/Oropouche_1773671051060.jpg","type":"image\/jpeg"}],"author":"guilherme_saude","twitter_card":"summary_large_image","twitter_misc":{"Escrito por":"guilherme_saude","Est. tempo de leitura":"4 minutos"},"schema":{"@context":"https:\/\/schema.org","@graph":[{"@type":"WebPage","@id":"https:\/\/www.correiobraziliense.com.br\/cbradar\/novo-virus-oropouche-no-sudeste-acende-alerta-com-sintomas-fortes-e-retorno-inesperado\/","url":"https:\/\/www.correiobraziliense.com.br\/cbradar\/novo-virus-oropouche-no-sudeste-acende-alerta-com-sintomas-fortes-e-retorno-inesperado\/","name":"Novo v\u00edrus Oropouche no Sudeste acende alerta com sintomas fortes e retorno inesperado - Correio Braziliense - Radar","isPartOf":{"@id":"https:\/\/www.correiobraziliense.com.br\/cbradar\/#website"},"primaryImageOfPage":{"@id":"https:\/\/www.correiobraziliense.com.br\/cbradar\/novo-virus-oropouche-no-sudeste-acende-alerta-com-sintomas-fortes-e-retorno-inesperado\/#primaryimage"},"image":{"@id":"https:\/\/www.correiobraziliense.com.br\/cbradar\/novo-virus-oropouche-no-sudeste-acende-alerta-com-sintomas-fortes-e-retorno-inesperado\/#primaryimage"},"thumbnailUrl":"https:\/\/www.correiobraziliense.com.br\/cbradar\/wp-content\/uploads\/2026\/03\/Oropouche_1773671051060.jpg","datePublished":"2026-03-16T20:15:00+00:00","author":{"@id":"https:\/\/www.correiobraziliense.com.br\/cbradar\/#\/schema\/person\/5aa4bf3c8fa699c267933611de12978b"},"description":"Nova linhagem do v\u00edrus Oropouche preocupa pesquisadores no Brasil. Entenda os sintomas e o detalhe no diagn\u00f3stico que chamou aten\u00e7\u00e3o.","breadcrumb":{"@id":"https:\/\/www.correiobraziliense.com.br\/cbradar\/novo-virus-oropouche-no-sudeste-acende-alerta-com-sintomas-fortes-e-retorno-inesperado\/#breadcrumb"},"inLanguage":"pt-BR","potentialAction":[{"@type":"ReadAction","target":["https:\/\/www.correiobraziliense.com.br\/cbradar\/novo-virus-oropouche-no-sudeste-acende-alerta-com-sintomas-fortes-e-retorno-inesperado\/"]}]},{"@type":"ImageObject","inLanguage":"pt-BR","@id":"https:\/\/www.correiobraziliense.com.br\/cbradar\/novo-virus-oropouche-no-sudeste-acende-alerta-com-sintomas-fortes-e-retorno-inesperado\/#primaryimage","url":"https:\/\/www.correiobraziliense.com.br\/cbradar\/wp-content\/uploads\/2026\/03\/Oropouche_1773671051060.jpg","contentUrl":"https:\/\/www.correiobraziliense.com.br\/cbradar\/wp-content\/uploads\/2026\/03\/Oropouche_1773671051060.jpg","width":1280,"height":720,"caption":"Estudo revela sinais do v\u00edrus Oropouche que confundem com dengue e preocupam especialistas - Cr\u00e9ditos: depositphotos.com \/ arvydele.gmail.com"},{"@type":"BreadcrumbList","@id":"https:\/\/www.correiobraziliense.com.br\/cbradar\/novo-virus-oropouche-no-sudeste-acende-alerta-com-sintomas-fortes-e-retorno-inesperado\/#breadcrumb","itemListElement":[{"@type":"ListItem","position":1,"name":"In\u00edcio","item":"https:\/\/www.correiobraziliense.com.br\/cbradar\/"},{"@type":"ListItem","position":2,"name":"Novo v\u00edrus Oropouche no Sudeste acende alerta com sintomas fortes e retorno inesperado"}]},{"@type":"WebSite","@id":"https:\/\/www.correiobraziliense.com.br\/cbradar\/#website","url":"https:\/\/www.correiobraziliense.com.br\/cbradar\/","name":"Correio Braziliense - Radar","description":"Acompanhe as \u00faltimas not\u00edcias e fique bem informado sobre tudo o que acontece no Brasil e no mundo.","potentialAction":[{"@type":"SearchAction","target":{"@type":"EntryPoint","urlTemplate":"https:\/\/www.correiobraziliense.com.br\/cbradar\/?s={search_term_string}"},"query-input":{"@type":"PropertyValueSpecification","valueRequired":true,"valueName":"search_term_string"}}],"inLanguage":"pt-BR"},{"@type":"Person","@id":"https:\/\/www.correiobraziliense.com.br\/cbradar\/#\/schema\/person\/5aa4bf3c8fa699c267933611de12978b","name":"guilherme_saude","image":{"@type":"ImageObject","inLanguage":"pt-BR","@id":"https:\/\/www.correiobraziliense.com.br\/cbradar\/#\/schema\/person\/image\/","url":"https:\/\/secure.gravatar.com\/avatar\/df9adfb835d344bc0af109d41756253f?s=96&d=mm&r=g","contentUrl":"https:\/\/secure.gravatar.com\/avatar\/df9adfb835d344bc0af109d41756253f?s=96&d=mm&r=g","caption":"guilherme_saude"},"url":"https:\/\/www.correiobraziliense.com.br\/cbradar\/author\/guilherme_saude\/"}]}},"_links":{"self":[{"href":"https:\/\/www.correiobraziliense.com.br\/cbradar\/wp-json\/wp\/v2\/posts\/209381","targetHints":{"allow":["GET"]}}],"collection":[{"href":"https:\/\/www.correiobraziliense.com.br\/cbradar\/wp-json\/wp\/v2\/posts"}],"about":[{"href":"https:\/\/www.correiobraziliense.com.br\/cbradar\/wp-json\/wp\/v2\/types\/post"}],"author":[{"embeddable":true,"href":"https:\/\/www.correiobraziliense.com.br\/cbradar\/wp-json\/wp\/v2\/users\/14"}],"replies":[{"embeddable":true,"href":"https:\/\/www.correiobraziliense.com.br\/cbradar\/wp-json\/wp\/v2\/comments?post=209381"}],"version-history":[{"count":1,"href":"https:\/\/www.correiobraziliense.com.br\/cbradar\/wp-json\/wp\/v2\/posts\/209381\/revisions"}],"predecessor-version":[{"id":209415,"href":"https:\/\/www.correiobraziliense.com.br\/cbradar\/wp-json\/wp\/v2\/posts\/209381\/revisions\/209415"}],"wp:featuredmedia":[{"embeddable":true,"href":"https:\/\/www.correiobraziliense.com.br\/cbradar\/wp-json\/wp\/v2\/media\/209413"}],"wp:attachment":[{"href":"https:\/\/www.correiobraziliense.com.br\/cbradar\/wp-json\/wp\/v2\/media?parent=209381"}],"wp:term":[{"taxonomy":"category","embeddable":true,"href":"https:\/\/www.correiobraziliense.com.br\/cbradar\/wp-json\/wp\/v2\/categories?post=209381"},{"taxonomy":"post_tag","embeddable":true,"href":"https:\/\/www.correiobraziliense.com.br\/cbradar\/wp-json\/wp\/v2\/tags?post=209381"}],"curies":[{"name":"wp","href":"https:\/\/api.w.org\/{rel}","templated":true}]}}