{"id":209400,"date":"2026-03-17T08:45:00","date_gmt":"2026-03-17T11:45:00","guid":{"rendered":"https:\/\/www.correiobraziliense.com.br\/cbradar\/?p=209400"},"modified":"2026-03-16T14:21:40","modified_gmt":"2026-03-16T17:21:40","slug":"qual-a-real-diferenca-e-quando-usar-ha-e-a","status":"publish","type":"post","link":"https:\/\/www.correiobraziliense.com.br\/cbradar\/qual-a-real-diferenca-e-quando-usar-ha-e-a\/","title":{"rendered":"Qual a real diferen\u00e7a e quando usar \u201cH\u00e1\u201d e \u201ca\u201d"},"content":{"rendered":"\n<p>Dominar o uso correto de &#8220;h\u00e1&#8221; e &#8220;a&#8221; \u00e9 essencial para quem busca escrever com clareza e autoridade t\u00e9cnica. Muitas pessoas confundem esses termos por possu\u00edrem sons id\u00eanticos, mas suas fun\u00e7\u00f5es gramaticais s\u00e3o completamente distintas no cotidiano. Entender essa diferen\u00e7a b\u00e1sica evita erros prim\u00e1rios que podem comprometer a imagem de qualquer profissional qualificado.<\/p>\n\n\n\n<h2 class=\"wp-block-heading\">Por que a letra &#8220;a&#8221; causa tanta confus\u00e3o no dia a dia?<\/h2>\n\n\n\n<p>A pequena letra &#8220;a&#8221; exerce m\u00faltiplos pap\u00e9is na l\u00edngua portuguesa, funcionando como artigo definido, preposi\u00e7\u00e3o ou at\u00e9 pronome pessoal obl\u00edquo em frases complexas. Essa versatilidade gramatical exige aten\u00e7\u00e3o redobrada do escritor para identificar o contexto exato da mensagem que deseja transmitir aos seus leitores. Compreender a estrutura sint\u00e1tica \u00e9 o primeiro passo para garantir uma comunica\u00e7\u00e3o impec\u00e1vel e profissional hoje.<\/p>\n\n\n\n<p>Quando utilizamos o termo como preposi\u00e7\u00e3o, ele geralmente indica uma dire\u00e7\u00e3o, destino ou uma dist\u00e2ncia f\u00edsica entre dois pontos geogr\u00e1ficos espec\u00edficos. J\u00e1 como artigo, ele define substantivos femininos, trazendo precis\u00e3o e clareza para o texto que est\u00e1 sendo produzido por voc\u00ea. Diferenciar essas aplica\u00e7\u00f5es pr\u00e1ticas ajuda a construir senten\u00e7as muito mais fluidas, l\u00f3gicas e extremamente f\u00e1ceis de ler.<\/p>\n\n\n\n<figure class=\"wp-block-image size-full\"><img decoding=\"async\" width=\"1280\" height=\"720\" src=\"https:\/\/www.correiobraziliense.com.br\/cbradar\/wp-content\/uploads\/2026\/03\/Gemini_Generated_Image_xr0xpfxr0xpfxr0x-1-1.png\" alt=\"Qual a real diferen\u00e7a e quando usar \u201cH\u00e1\u201d e \u201ca\u201d\" class=\"wp-image-209436\" srcset=\"https:\/\/www.correiobraziliense.com.br\/cbradar\/wp-content\/uploads\/2026\/03\/Gemini_Generated_Image_xr0xpfxr0xpfxr0x-1-1.png 1280w, https:\/\/www.correiobraziliense.com.br\/cbradar\/wp-content\/uploads\/2026\/03\/Gemini_Generated_Image_xr0xpfxr0xpfxr0x-1-1-300x169.png 300w, https:\/\/www.correiobraziliense.com.br\/cbradar\/wp-content\/uploads\/2026\/03\/Gemini_Generated_Image_xr0xpfxr0xpfxr0x-1-1-768x432.png 768w, https:\/\/www.correiobraziliense.com.br\/cbradar\/wp-content\/uploads\/2026\/03\/Gemini_Generated_Image_xr0xpfxr0xpfxr0x-1-1-750x422.png 750w, https:\/\/www.correiobraziliense.com.br\/cbradar\/wp-content\/uploads\/2026\/03\/Gemini_Generated_Image_xr0xpfxr0xpfxr0x-1-1-1140x641.png 1140w\" sizes=\"(max-width: 1280px) 100vw, 1280px\" \/><figcaption class=\"wp-element-caption\">H\u00e1 e a possuem sons iguais, mas fun\u00e7\u00f5es diferentes na escrita da l\u00edngua portuguesa<\/figcaption><\/figure>\n\n\n\n<h2 class=\"wp-block-heading\">Como identificar o tempo decorrido usando o verbo haver?<\/h2>\n\n\n\n<p>O termo &#8220;h\u00e1&#8221; \u00e9 uma forma conjugada do verbo haver e deve ser empregado sempre que a inten\u00e7\u00e3o for expressar tempo passado ou exist\u00eancia real. Muitas pessoas cometem o equ\u00edvoco de usar a preposi\u00e7\u00e3o simples para falar de eventos que j\u00e1 ocorreram h\u00e1 muitos anos. Corrigir esse h\u00e1bito lingu\u00edstico demonstra um dom\u00ednio superior das normas gramaticais fundamentais da escrita t\u00e9cnica contempor\u00e2nea.<\/p>\n\n\n\n<p>Uma t\u00e9cnica infal\u00edvel para validar o uso correto \u00e9 tentar substituir o &#8220;h\u00e1&#8221; pelo verbo fazer em contextos temporais espec\u00edficos da frase. Se a troca mantiver o sentido original da senten\u00e7a, o uso do &#8220;h&#8221; inicial est\u00e1 gramaticalmente correto e deve ser mantido. Essa regra pr\u00e1tica simplifica a vida de redatores que buscam agilidade sem abrir m\u00e3o da precis\u00e3o textual.<\/p>\n\n\n\n<h2 class=\"wp-block-heading\">Quais s\u00e3o as regras pr\u00e1ticas para nunca mais errar?<\/h2>\n\n\n\n<p>Aplicar as normas de forma autom\u00e1tica exige repeti\u00e7\u00e3o e o entendimento das diferen\u00e7as visuais entre o tempo que passou e o futuro. Enquanto um indica o que j\u00e1 foi vivido, o outro aponta para o que ainda est\u00e1 por vir na linha cronol\u00f3gica. Focar nesses detalhes transforma sua escrita comum em um conte\u00fado de alta qualidade t\u00e9cnica e autoridade m\u00e1xima.<\/p>\n\n\n\n<p>Observe as situa\u00e7\u00f5es espec\u00edficas onde cada termo deve ser aplicado para manter a corre\u00e7\u00e3o gramatical absoluta em seus textos:<\/p>\n\n\n\n<ul class=\"wp-block-list\">\n<li>&#8220;H\u00e1&#8221; para tempo passado (ex: h\u00e1 dois anos).<\/li>\n\n\n\n<li>&#8220;H\u00e1&#8221; com sentido de existir (ex: h\u00e1 pessoas aqui).<\/li>\n\n\n\n<li>&#8220;A&#8221; para tempo futuro (ex: daqui a pouco).<\/li>\n\n\n\n<li>&#8220;A&#8221; para dist\u00e2ncia (ex: a dez quil\u00f4metros).<\/li>\n<\/ul>\n\n\n\n<h2 class=\"wp-block-heading\">Quando o futuro exige o uso da preposi\u00e7\u00e3o simples?<\/h2>\n\n\n\n<p>Para indicar eventos que ainda v\u00e3o acontecer ou dist\u00e2ncias espaciais, a preposi\u00e7\u00e3o &#8220;a&#8221; \u00e9 a \u00fanica escolha correta e aceit\u00e1vel pela gram\u00e1tica. Express\u00f5es que projetam o leitor para o amanh\u00e3 jamais devem carregar o verbo haver, pois n\u00e3o existe sentido de exist\u00eancia ou passado nessas constru\u00e7\u00f5es. Manter essa distin\u00e7\u00e3o clara \u00e9 vital para a compreens\u00e3o l\u00f3gica de qualquer narrativa escrita hoje.<\/p>\n\n\n\n<p>Erros envolvendo o tempo futuro s\u00e3o comuns, mas podem ser facilmente evitados ao observar o sentido de movimento ou proje\u00e7\u00e3o na frase analisada. Se a senten\u00e7a indica que algo ocorrer\u00e1 ap\u00f3s o momento presente, utilize apenas a letra isolada sem o acento ou o &#8220;h&#8221;. Essa aten\u00e7\u00e3o aos detalhes eleva o n\u00edvel de clareza em documentos oficiais e acad\u00eamicos produzidos por redatores.<\/p>\n\n\n\n<p>No v\u00eddeo abaixo do TikTok <strong><em>Profamaria_eduarda<\/em><\/strong>, que conta com mais de<strong><em> 216 mil<\/em><\/strong> seguidores, ela ensina o macete de como usar o &#8220;h\u00e1&#8221; e &#8220;a&#8221;:<\/p>\n\n\n\n<blockquote class=\"tiktok-embed\" cite=\"https:\/\/www.tiktok.com\/@profamaria_eduarda\/video\/7536351989282688261\" data-video-id=\"7536351989282688261\" style=\"max-width: 605px;min-width: 325px;\" > <section> <a target=\"_blank\" title=\"@profamaria_eduarda\" href=\"https:\/\/www.tiktok.com\/@profamaria_eduarda?refer=embed\">@profamaria_eduarda<\/a> &#34;H\u00e1&#34; ou &#34;a&#34; ? Aprenda Gram\u00e1tica da L\u00edngua Portuguesa.  <a title=\"linguaportuguesa\" target=\"_blank\" href=\"https:\/\/www.tiktok.com\/tag\/linguaportuguesa?refer=embed\">#linguaportuguesa<\/a> <a title=\"gramatica\" target=\"_blank\" href=\"https:\/\/www.tiktok.com\/tag\/gramatica?refer=embed\">#gramatica<\/a> <a title=\"portugues\" target=\"_blank\" href=\"https:\/\/www.tiktok.com\/tag\/portugues?refer=embed\">#portugues<\/a> <a target=\"_blank\" title=\"\u266c Aesthetic - Tollan Kim\" href=\"https:\/\/www.tiktok.com\/music\/Aesthetic-7072513628145977346?refer=embed\">\u266c Aesthetic &#8211; Tollan Kim<\/a> <\/section> <\/blockquote> <script async src=\"https:\/\/www.tiktok.com\/embed.js\"><\/script>\n\n\n\n<p>Leia tamb\u00e9m: <a href=\"https:\/\/www.correiobraziliense.com.br\/cbradar\/como-uma-pessoa-manipuladora-escreve-a-letra-s-segundo-a-grafologia\/\" target=\"_blank\" rel=\"noreferrer noopener\">Como uma pessoa manipuladora escreve a letra \u201cS\u201d, segundo a grafologia<\/a><\/p>\n\n\n\n<h2 class=\"wp-block-heading\">O que a norma culta diz sobre essas diferen\u00e7as?<\/h2>\n\n\n\n<p>A <strong>Academia Brasileira de Letras<\/strong> refor\u00e7a que a confus\u00e3o entre esses hom\u00f3fonos \u00e9 um dos desvios mais frequentes na escrita contempor\u00e2nea de brasileiros. Seguir as diretrizes oficiais garante que sua mensagem seja interpretada corretamente por qualquer p\u00fablico, independente do n\u00edvel de escolaridade do leitor. A precis\u00e3o vocabular \u00e9 uma ferramenta poderosa para estabelecer confian\u00e7a e autoridade em portais de not\u00edcias s\u00e9rios.<\/p>\n\n\n\n<p>Consultar manuais de excel\u00eancia como o da <strong>Academia Brasileira de Letras<\/strong> permite aprofundar o conhecimento sobre a <a target=\"_blank\" rel=\"noreferrer noopener\" href=\"https:\/\/www.academia.org.br\/nossa-lingua\/busca-no-vocabulario\">reg\u00eancia e o uso de verbos impessoais<\/a> na l\u00edngua portuguesa. Manter-se atualizado com as fontes oficiais \u00e9 o diferencial de um redator que preza pela <strong>excel\u00eancia e veracidade<\/strong> em cada palavra publicada na internet brasileira hoje.<\/p>\n","protected":false},"excerpt":{"rendered":"<p>Dominar o uso correto de &#8220;h\u00e1&#8221; e &#8220;a&#8221; \u00e9 essencial para quem busca escrever com clareza e autoridade t\u00e9cnica. Muitas pessoas confundem esses termos por possu\u00edrem sons id\u00eanticos, mas suas fun\u00e7\u00f5es gramaticais s\u00e3o completamente distintas no cotidiano. Entender essa diferen\u00e7a b\u00e1sica evita erros prim\u00e1rios que podem comprometer a imagem de qualquer profissional qualificado. Por que [&hellip;]<\/p>\n","protected":false},"author":21,"featured_media":209435,"comment_status":"open","ping_status":"open","sticky":false,"template":"","format":"standard","meta":{"_yoast_wpseo_focuskw":"h\u00e1 ou a","_yoast_wpseo_title":"","_yoast_wpseo_metadesc":"H\u00e1 e A possuem a mesma pron\u00fancia, mas sentidos diferentes na escrita e costumam gerar erros frequentes em textos formais","jnews-multi-image_gallery":[],"jnews_single_post":{"format":"standard"},"jnews_primary_category":[],"jnews_social_meta":[],"jnews_override_counter":[],"footnotes":""},"categories":[112],"tags":[13378,12816,10902,6081],"class_list":["post-209400","post","type-post","status-publish","format-standard","has-post-thumbnail","hentry","category-curiosidades","tag-correcao","tag-gramatica","tag-lingua-portuguesa","tag-portugues"],"yoast_head":"<!-- This site is optimized with the Yoast SEO plugin v24.6 - https:\/\/yoast.com\/wordpress\/plugins\/seo\/ -->\n<title>Qual a real diferen\u00e7a e quando usar \u201cH\u00e1\u201d e \u201ca\u201d - Correio Braziliense - Radar<\/title>\n<meta name=\"description\" content=\"H\u00e1 e A possuem a mesma pron\u00fancia, mas sentidos diferentes na escrita e costumam gerar erros frequentes em textos formais\" \/>\n<meta name=\"robots\" content=\"index, follow, max-snippet:-1, max-image-preview:large, max-video-preview:-1\" \/>\n<link rel=\"canonical\" href=\"https:\/\/www.correiobraziliense.com.br\/cbradar\/qual-a-real-diferenca-e-quando-usar-ha-e-a\/\" \/>\n<meta property=\"og:locale\" content=\"pt_BR\" \/>\n<meta property=\"og:type\" content=\"article\" \/>\n<meta property=\"og:title\" content=\"Qual a real diferen\u00e7a e quando usar \u201cH\u00e1\u201d e \u201ca\u201d - Correio Braziliense - Radar\" \/>\n<meta property=\"og:description\" content=\"H\u00e1 e A possuem a mesma pron\u00fancia, mas sentidos diferentes na escrita e costumam gerar erros frequentes em textos formais\" \/>\n<meta property=\"og:url\" content=\"https:\/\/www.correiobraziliense.com.br\/cbradar\/qual-a-real-diferenca-e-quando-usar-ha-e-a\/\" \/>\n<meta property=\"og:site_name\" content=\"Correio Braziliense - Radar\" \/>\n<meta property=\"article:published_time\" content=\"2026-03-17T11:45:00+00:00\" \/>\n<meta property=\"og:image\" content=\"https:\/\/www.correiobraziliense.com.br\/cbradar\/wp-content\/uploads\/2026\/03\/Gemini_Generated_Image_hciuafhciuafhciu-1-1.png\" \/>\n\t<meta property=\"og:image:width\" content=\"1280\" \/>\n\t<meta property=\"og:image:height\" content=\"720\" \/>\n\t<meta property=\"og:image:type\" content=\"image\/png\" \/>\n<meta name=\"author\" content=\"Patrick Silva\" \/>\n<meta name=\"twitter:card\" content=\"summary_large_image\" \/>\n<meta name=\"twitter:label1\" content=\"Escrito por\" \/>\n\t<meta name=\"twitter:data1\" content=\"Patrick Silva\" \/>\n\t<meta name=\"twitter:label2\" content=\"Est. tempo de leitura\" \/>\n\t<meta name=\"twitter:data2\" content=\"5 minutos\" \/>\n<!-- \/ Yoast SEO plugin. -->","yoast_head_json":{"title":"Qual a real diferen\u00e7a e quando usar \u201cH\u00e1\u201d e \u201ca\u201d - Correio Braziliense - Radar","description":"H\u00e1 e A possuem a mesma pron\u00fancia, mas sentidos diferentes na escrita e costumam gerar erros frequentes em textos formais","robots":{"index":"index","follow":"follow","max-snippet":"max-snippet:-1","max-image-preview":"max-image-preview:large","max-video-preview":"max-video-preview:-1"},"canonical":"https:\/\/www.correiobraziliense.com.br\/cbradar\/qual-a-real-diferenca-e-quando-usar-ha-e-a\/","og_locale":"pt_BR","og_type":"article","og_title":"Qual a real diferen\u00e7a e quando usar \u201cH\u00e1\u201d e \u201ca\u201d - Correio Braziliense - Radar","og_description":"H\u00e1 e A possuem a mesma pron\u00fancia, mas sentidos diferentes na escrita e costumam gerar erros frequentes em textos formais","og_url":"https:\/\/www.correiobraziliense.com.br\/cbradar\/qual-a-real-diferenca-e-quando-usar-ha-e-a\/","og_site_name":"Correio Braziliense - Radar","article_published_time":"2026-03-17T11:45:00+00:00","og_image":[{"width":1280,"height":720,"url":"https:\/\/www.correiobraziliense.com.br\/cbradar\/wp-content\/uploads\/2026\/03\/Gemini_Generated_Image_hciuafhciuafhciu-1-1.png","type":"image\/png"}],"author":"Patrick Silva","twitter_card":"summary_large_image","twitter_misc":{"Escrito por":"Patrick Silva","Est. tempo de leitura":"5 minutos"},"schema":{"@context":"https:\/\/schema.org","@graph":[{"@type":"WebPage","@id":"https:\/\/www.correiobraziliense.com.br\/cbradar\/qual-a-real-diferenca-e-quando-usar-ha-e-a\/","url":"https:\/\/www.correiobraziliense.com.br\/cbradar\/qual-a-real-diferenca-e-quando-usar-ha-e-a\/","name":"Qual a real diferen\u00e7a e quando usar \u201cH\u00e1\u201d e \u201ca\u201d - Correio Braziliense - Radar","isPartOf":{"@id":"https:\/\/www.correiobraziliense.com.br\/cbradar\/#website"},"primaryImageOfPage":{"@id":"https:\/\/www.correiobraziliense.com.br\/cbradar\/qual-a-real-diferenca-e-quando-usar-ha-e-a\/#primaryimage"},"image":{"@id":"https:\/\/www.correiobraziliense.com.br\/cbradar\/qual-a-real-diferenca-e-quando-usar-ha-e-a\/#primaryimage"},"thumbnailUrl":"https:\/\/www.correiobraziliense.com.br\/cbradar\/wp-content\/uploads\/2026\/03\/Gemini_Generated_Image_hciuafhciuafhciu-1-1.png","datePublished":"2026-03-17T11:45:00+00:00","author":{"@id":"https:\/\/www.correiobraziliense.com.br\/cbradar\/#\/schema\/person\/5440b72be9c7eb74f446c846479dc4da"},"description":"H\u00e1 e A possuem a mesma pron\u00fancia, mas sentidos diferentes na escrita e costumam gerar erros frequentes em textos formais","breadcrumb":{"@id":"https:\/\/www.correiobraziliense.com.br\/cbradar\/qual-a-real-diferenca-e-quando-usar-ha-e-a\/#breadcrumb"},"inLanguage":"pt-BR","potentialAction":[{"@type":"ReadAction","target":["https:\/\/www.correiobraziliense.com.br\/cbradar\/qual-a-real-diferenca-e-quando-usar-ha-e-a\/"]}]},{"@type":"ImageObject","inLanguage":"pt-BR","@id":"https:\/\/www.correiobraziliense.com.br\/cbradar\/qual-a-real-diferenca-e-quando-usar-ha-e-a\/#primaryimage","url":"https:\/\/www.correiobraziliense.com.br\/cbradar\/wp-content\/uploads\/2026\/03\/Gemini_Generated_Image_hciuafhciuafhciu-1-1.png","contentUrl":"https:\/\/www.correiobraziliense.com.br\/cbradar\/wp-content\/uploads\/2026\/03\/Gemini_Generated_Image_hciuafhciuafhciu-1-1.png","width":1280,"height":720,"caption":"H\u00e1 e a possuem sons iguais, mas fun\u00e7\u00f5es diferentes na escrita da l\u00edngua portuguesa"},{"@type":"BreadcrumbList","@id":"https:\/\/www.correiobraziliense.com.br\/cbradar\/qual-a-real-diferenca-e-quando-usar-ha-e-a\/#breadcrumb","itemListElement":[{"@type":"ListItem","position":1,"name":"In\u00edcio","item":"https:\/\/www.correiobraziliense.com.br\/cbradar\/"},{"@type":"ListItem","position":2,"name":"Qual a real diferen\u00e7a e quando usar \u201cH\u00e1\u201d e \u201ca\u201d"}]},{"@type":"WebSite","@id":"https:\/\/www.correiobraziliense.com.br\/cbradar\/#website","url":"https:\/\/www.correiobraziliense.com.br\/cbradar\/","name":"Correio Braziliense - Radar","description":"Acompanhe as \u00faltimas not\u00edcias e fique bem informado sobre tudo o que acontece no Brasil e no mundo.","potentialAction":[{"@type":"SearchAction","target":{"@type":"EntryPoint","urlTemplate":"https:\/\/www.correiobraziliense.com.br\/cbradar\/?s={search_term_string}"},"query-input":{"@type":"PropertyValueSpecification","valueRequired":true,"valueName":"search_term_string"}}],"inLanguage":"pt-BR"},{"@type":"Person","@id":"https:\/\/www.correiobraziliense.com.br\/cbradar\/#\/schema\/person\/5440b72be9c7eb74f446c846479dc4da","name":"Patrick Silva","image":{"@type":"ImageObject","inLanguage":"pt-BR","@id":"https:\/\/www.correiobraziliense.com.br\/cbradar\/#\/schema\/person\/image\/","url":"https:\/\/secure.gravatar.com\/avatar\/944109df296fc087785c9715fd5f80b2?s=96&d=mm&r=g","contentUrl":"https:\/\/secure.gravatar.com\/avatar\/944109df296fc087785c9715fd5f80b2?s=96&d=mm&r=g","caption":"Patrick Silva"},"sameAs":["https:\/\/www.correiobraziliense.com.br\/cbradar\/"],"url":"https:\/\/www.correiobraziliense.com.br\/cbradar\/author\/patrick-silva\/"}]}},"_links":{"self":[{"href":"https:\/\/www.correiobraziliense.com.br\/cbradar\/wp-json\/wp\/v2\/posts\/209400","targetHints":{"allow":["GET"]}}],"collection":[{"href":"https:\/\/www.correiobraziliense.com.br\/cbradar\/wp-json\/wp\/v2\/posts"}],"about":[{"href":"https:\/\/www.correiobraziliense.com.br\/cbradar\/wp-json\/wp\/v2\/types\/post"}],"author":[{"embeddable":true,"href":"https:\/\/www.correiobraziliense.com.br\/cbradar\/wp-json\/wp\/v2\/users\/21"}],"replies":[{"embeddable":true,"href":"https:\/\/www.correiobraziliense.com.br\/cbradar\/wp-json\/wp\/v2\/comments?post=209400"}],"version-history":[{"count":2,"href":"https:\/\/www.correiobraziliense.com.br\/cbradar\/wp-json\/wp\/v2\/posts\/209400\/revisions"}],"predecessor-version":[{"id":209440,"href":"https:\/\/www.correiobraziliense.com.br\/cbradar\/wp-json\/wp\/v2\/posts\/209400\/revisions\/209440"}],"wp:featuredmedia":[{"embeddable":true,"href":"https:\/\/www.correiobraziliense.com.br\/cbradar\/wp-json\/wp\/v2\/media\/209435"}],"wp:attachment":[{"href":"https:\/\/www.correiobraziliense.com.br\/cbradar\/wp-json\/wp\/v2\/media?parent=209400"}],"wp:term":[{"taxonomy":"category","embeddable":true,"href":"https:\/\/www.correiobraziliense.com.br\/cbradar\/wp-json\/wp\/v2\/categories?post=209400"},{"taxonomy":"post_tag","embeddable":true,"href":"https:\/\/www.correiobraziliense.com.br\/cbradar\/wp-json\/wp\/v2\/tags?post=209400"}],"curies":[{"name":"wp","href":"https:\/\/api.w.org\/{rel}","templated":true}]}}