{"id":209414,"date":"2026-03-17T11:30:22","date_gmt":"2026-03-17T14:30:22","guid":{"rendered":"https:\/\/www.correiobraziliense.com.br\/cbradar\/?p=209414"},"modified":"2026-03-17T11:30:24","modified_gmt":"2026-03-17T14:30:24","slug":"a-vida-adulta-revela-algo-que-ninguem-explica-quando-somos-jovens-o-tempo-nao-espera-voce-se-sentir-pronto","status":"publish","type":"post","link":"https:\/\/www.correiobraziliense.com.br\/cbradar\/a-vida-adulta-revela-algo-que-ninguem-explica-quando-somos-jovens-o-tempo-nao-espera-voce-se-sentir-pronto\/","title":{"rendered":"A vida adulta revela algo que ningu\u00e9m explica quando somos jovens: o tempo n\u00e3o espera voc\u00ea se sentir pronto"},"content":{"rendered":"\n<p>A transi\u00e7\u00e3o para a maturidade traz consigo uma percep\u00e7\u00e3o avassaladora sobre a velocidade dos anos e a constante falta de prontid\u00e3o. Muitas vezes, esperamos o momento ideal para agir, ignorando que o rel\u00f3gio biol\u00f3gico e social jamais interrompe sua marcha silenciosa. Compreender essa din\u00e2mica \u00e9 fundamental para assumir o protagonismo da pr\u00f3pria jornada.<\/p>\n\n\n\n<h2 class=\"wp-block-heading\">Como lidar com a press\u00e3o da prontid\u00e3o inexistente?<\/h2>\n\n\n\n<p>A sensa\u00e7\u00e3o de despreparo costuma acompanhar as maiores decis\u00f5es que tomamos ao longo de nossa trajet\u00f3ria profissional e pessoal. Muitas pessoas paralisam diante da incerteza, acreditando que o conhecimento pleno deve preceder a a\u00e7\u00e3o pr\u00e1tica no cotidiano. No entanto, <strong>a verdadeira compet\u00eancia<\/strong> nasce justamente do confronto direto com os desafios que o destino apresenta sem aviso pr\u00e9vio.<\/p>\n\n\n\n<p>Estudos sobre comportamento humano sugerem que a procrastina\u00e7\u00e3o est\u00e1 ligada ao medo excessivo de falhar em p\u00fablico ou privadamente. Segundo a <strong>American Psychological Association<\/strong>, a ansiedade gerada pela busca da perfei\u00e7\u00e3o pode sabotar o progresso cont\u00ednuo de qualquer indiv\u00edduo talentoso. Por isso, aceitar a vulnerabilidade \u00e9 o primeiro passo para avan\u00e7ar mesmo quando o cen\u00e1rio parece incerto.<\/p>\n\n\n\n<figure class=\"wp-block-image size-full\"><img decoding=\"async\" width=\"1280\" height=\"720\" src=\"https:\/\/www.correiobraziliense.com.br\/cbradar\/wp-content\/uploads\/2026\/03\/Gemini_Generated_Image_2jb15x2jb15x2jb1-1-1.png\" alt=\"A vida adulta revela algo que ningu\u00e9m explica quando somos jovens: o tempo n\u00e3o espera voc\u00ea se sentir pronto\" class=\"wp-image-209424\" srcset=\"https:\/\/www.correiobraziliense.com.br\/cbradar\/wp-content\/uploads\/2026\/03\/Gemini_Generated_Image_2jb15x2jb15x2jb1-1-1.png 1280w, https:\/\/www.correiobraziliense.com.br\/cbradar\/wp-content\/uploads\/2026\/03\/Gemini_Generated_Image_2jb15x2jb15x2jb1-1-1-300x169.png 300w, https:\/\/www.correiobraziliense.com.br\/cbradar\/wp-content\/uploads\/2026\/03\/Gemini_Generated_Image_2jb15x2jb15x2jb1-1-1-768x432.png 768w, https:\/\/www.correiobraziliense.com.br\/cbradar\/wp-content\/uploads\/2026\/03\/Gemini_Generated_Image_2jb15x2jb15x2jb1-1-1-750x422.png 750w, https:\/\/www.correiobraziliense.com.br\/cbradar\/wp-content\/uploads\/2026\/03\/Gemini_Generated_Image_2jb15x2jb15x2jb1-1-1-1140x641.png 1140w\" sizes=\"(max-width: 1280px) 100vw, 1280px\" \/><figcaption class=\"wp-element-caption\">A maturidade revela que o tempo passa r\u00e1pido mesmo quando ainda n\u00e3o nos sentimos prontos<\/figcaption><\/figure>\n\n\n\n<h2 class=\"wp-block-heading\">Por que o rel\u00f3gio biol\u00f3gico ignora nossos planos?<\/h2>\n\n\n\n<p>O corpo humano segue ritmos circadianos e ciclos de envelhecimento que n\u00e3o se ajustam aos nossos desejos de conveni\u00eancia moment\u00e2nea. Ignorar a passagem do tempo resulta em oportunidades perdidas que raramente retornam com a mesma intensidade ou frescor original. Cultivar a disciplina di\u00e1ria permite que estejamos minimamente equipados para as reviravoltas que a vida adulta imp\u00f5e naturalmente.<\/p>\n\n\n\n<p>Muitas vezes, a juventude nos ilude com a falsa promessa de uma eternidade que simplesmente n\u00e3o existe na realidade f\u00edsica. Quando percebemos a finitude dos recursos temporais, a urg\u00eancia se torna uma aliada poderosa na busca por significado real. Priorizar o que realmente importa evita o arrependimento tardio de quem apenas observou os anos passarem sem rumo.<\/p>\n\n\n\n<h2 class=\"wp-block-heading\">Quais estrat\u00e9gias ajudam a manter o foco no agora?<\/h2>\n\n\n\n<p>Viver o presente exige um esfor\u00e7o consciente para desligar as distra\u00e7\u00f5es digitais que consomem nossas horas mais produtivas e valiosas. Implementar rotinas s\u00f3lidas cria uma estrutura de seguran\u00e7a onde a criatividade e a execu\u00e7\u00e3o podem florescer sem a press\u00e3o constante do futuro incerto. Pequenas mudan\u00e7as de h\u00e1bito s\u00e3o capazes de transformar radicalmente a percep\u00e7\u00e3o sobre o tempo dispon\u00edvel.<\/p>\n\n\n\n<p>Para otimizar sua jornada e garantir que cada segundo conte de forma positiva, observe as recomenda\u00e7\u00f5es fundamentais a seguir:<\/p>\n\n\n\n<figure class=\"wp-block-table\"><table class=\"has-fixed-layout\"><thead><tr><td><strong>Pilar Estrat\u00e9gico<\/strong><\/td><td><strong>A\u00e7\u00e3o Prim\u00e1ria<\/strong><\/td><td><strong>Impacto na Rotina<\/strong><\/td><\/tr><\/thead><tbody><tr><td><strong>Clareza Operacional<\/strong><\/td><td>Estabelecer metas claras e <strong>prazos inegoci\u00e1veis<\/strong>.<\/td><td>Elimina a paralisia da an\u00e1lise e cria uma urg\u00eancia saud\u00e1vel para a execu\u00e7\u00e3o.<\/td><\/tr><tr><td><strong>Presen\u00e7a Atenta<\/strong><\/td><td>Praticar <strong>aten\u00e7\u00e3o plena<\/strong> durante tarefas repetitivas.<\/td><td>Transforma o &#8220;tempo morto&#8221; em recupera\u00e7\u00e3o mental e reduz erros por distra\u00e7\u00e3o.<\/td><\/tr><tr><td><strong>Filtro de Valor<\/strong><\/td><td>Eliminar compromissos que <strong>n\u00e3o agregam valor real<\/strong>.<\/td><td>Libera espa\u00e7o na agenda para atividades de alto impacto e criatividade.<\/td><\/tr><tr><td><strong>Agilidade Decis\u00f3ria<\/strong><\/td><td>Investir em <strong>autoconhecimento<\/strong> profundo.<\/td><td>Reduz a fadiga de decis\u00e3o, permitindo escolhas r\u00e1pidas alinhadas aos seus valores.<\/td><\/tr><\/tbody><\/table><\/figure>\n\n\n\n<h2 class=\"wp-block-heading\">Como a maturidade transforma nossa vis\u00e3o de sucesso?<\/h2>\n\n\n\n<p>Antigamente, o sucesso era medido apenas por conquistas materiais ou t\u00edtulos pomposos exibidos em redes sociais de maneira superficial. Atualmente, a <a href=\"https:\/\/www.correiobraziliense.com.br\/cbradar\/a-psicologia-sugere-que-estabelecer-limites-claros-nas-relacoes-e-caracteristico-de-pessoas-com-alta-maturidade-emocional\/\" target=\"_blank\" rel=\"noreferrer noopener\">maturidade <\/a>revela que a paz de esp\u00edrito e o tempo livre s\u00e3o os verdadeiros luxos da vida contempor\u00e2nea. Valorizar as experi\u00eancias em detrimento das posses acumuladas redefine completamente o que significa ter uma exist\u00eancia plena.<\/p>\n\n\n\n<p>A capacidade de dizer n\u00e3o para demandas externas excessivas protege nossa energia vital para o que realmente traz felicidade genu\u00edna. Quando paramos de tentar agradar a todos, sobra espa\u00e7o para o desenvolvimento de habilidades que realmente fazem a diferen\u00e7a no mundo. Esse amadurecimento emocional \u00e9 o divisor de \u00e1guas entre a sobreviv\u00eancia e a vida plena.<\/p>\n\n\n\n<p>Desenvolver equil\u00edbrio emocional muitas vezes exige enfrentar verdades que nem sempre s\u00e3o f\u00e1ceis de aceitar, mas que ajudam no crescimento pessoal ao longo do tempo. Em um v\u00eddeo publicado no canal <strong>Gabriela Affonso<\/strong>, que re\u00fane <strong>367 mil inscritos<\/strong>, s\u00e3o apresentadas reflex\u00f5es profundas e li\u00e7\u00f5es importantes que podem mudar a forma de enxergar desafios da vida:<\/p>\n\n\n\n<figure class=\"wp-block-embed is-type-video is-provider-youtube wp-block-embed-youtube wp-embed-aspect-16-9 wp-has-aspect-ratio\"><div class=\"wp-block-embed__wrapper\">\n<div class=\"jeg_video_container jeg_video_content\"><iframe loading=\"lazy\" title=\"MATURIDADE EMOCIONAL: 6 DURAS LI\u00c7\u00d5ES\" width=\"500\" height=\"281\" src=\"https:\/\/www.youtube.com\/embed\/uCQYqjddiws?feature=oembed\" frameborder=\"0\" allow=\"accelerometer; autoplay; clipboard-write; encrypted-media; gyroscope; picture-in-picture; web-share\" referrerpolicy=\"strict-origin-when-cross-origin\" allowfullscreen><\/iframe><\/div>\n<\/div><\/figure>\n\n\n\n<h2 class=\"wp-block-heading\">Qual \u00e9 o segredo para agir sem medo do amanh\u00e3?<\/h2>\n\n\n\n<p>A motiva\u00e7\u00e3o intr\u00ednseca surge quando conectamos nossos objetivos di\u00e1rios a um prop\u00f3sito maior que transcende o ego ou interesses imediatos. Sem uma dire\u00e7\u00e3o clara, o tempo se torna um inimigo implac\u00e1vel que parece escorrer pelas m\u00e3os sem deixar qualquer rastro significativo. Encontrar fontes de inspira\u00e7\u00e3o em exemplos reais de resili\u00eancia ajuda a manter a chama da a\u00e7\u00e3o acesa.<\/p>\n\n\n\n<p>A organiza\u00e7\u00e3o <strong>Mental Health Foundation<\/strong> destaca que agir com prop\u00f3sito reduz significativamente os n\u00edveis de estresse e depress\u00e3o na popula\u00e7\u00e3o adulta. Voc\u00ea pode consultar orienta\u00e7\u00f5es detalhadas sobre <a target=\"_blank\" rel=\"noreferrer noopener\" href=\"https:\/\/www.mentalhealth.org.uk\/explore-mental-health\/a-z-topics\/stress\">sa\u00fade mental e tempo<\/a> diretamente no portal oficial para fortalecer seu equil\u00edbrio emocional hoje mesmo. N\u00e3o espere pelas condi\u00e7\u00f5es perfeitas para come\u00e7ar a construir o futuro que deseja vivenciar.<\/p>\n","protected":false},"excerpt":{"rendered":"<p>A transi\u00e7\u00e3o para a maturidade traz consigo uma percep\u00e7\u00e3o avassaladora sobre a velocidade dos anos e a constante falta de prontid\u00e3o. Muitas vezes, esperamos o momento ideal para agir, ignorando que o rel\u00f3gio biol\u00f3gico e social jamais interrompe sua marcha silenciosa. Compreender essa din\u00e2mica \u00e9 fundamental para assumir o protagonismo da pr\u00f3pria jornada. Como lidar [&hellip;]<\/p>\n","protected":false},"author":21,"featured_media":209428,"comment_status":"open","ping_status":"open","sticky":false,"template":"","format":"standard","meta":{"_yoast_wpseo_focuskw":"Press\u00e3o do tempo e amadurecimento humano","_yoast_wpseo_title":"","_yoast_wpseo_metadesc":"A maturidade revela uma verdade inquietante sobre o tempo e a sensa\u00e7\u00e3o constante de n\u00e3o estar pronto para as decis\u00f5es da vida.","jnews-multi-image_gallery":[],"jnews_single_post":{"format":"standard"},"jnews_primary_category":[],"jnews_social_meta":[],"jnews_override_counter":[],"footnotes":""},"categories":[112],"tags":[2947,16213,404,6800],"class_list":["post-209414","post","type-post","status-publish","format-standard","has-post-thumbnail","hentry","category-curiosidades","tag-jovens","tag-maturidade","tag-psicologia","tag-vida-adulta"],"yoast_head":"<!-- This site is optimized with the Yoast SEO plugin v24.6 - https:\/\/yoast.com\/wordpress\/plugins\/seo\/ -->\n<title>A vida adulta revela algo que ningu\u00e9m explica quando somos jovens: o tempo n\u00e3o espera voc\u00ea se sentir pronto - Correio Braziliense - Radar<\/title>\n<meta name=\"description\" content=\"A maturidade revela uma verdade inquietante sobre o tempo e a sensa\u00e7\u00e3o constante de n\u00e3o estar pronto para as decis\u00f5es da vida.\" \/>\n<meta name=\"robots\" content=\"index, follow, max-snippet:-1, max-image-preview:large, max-video-preview:-1\" \/>\n<link rel=\"canonical\" href=\"https:\/\/www.correiobraziliense.com.br\/cbradar\/a-vida-adulta-revela-algo-que-ninguem-explica-quando-somos-jovens-o-tempo-nao-espera-voce-se-sentir-pronto\/\" \/>\n<meta property=\"og:locale\" content=\"pt_BR\" \/>\n<meta property=\"og:type\" content=\"article\" \/>\n<meta property=\"og:title\" content=\"A vida adulta revela algo que ningu\u00e9m explica quando somos jovens: o tempo n\u00e3o espera voc\u00ea se sentir pronto - Correio Braziliense - Radar\" \/>\n<meta property=\"og:description\" content=\"A maturidade revela uma verdade inquietante sobre o tempo e a sensa\u00e7\u00e3o constante de n\u00e3o estar pronto para as decis\u00f5es da vida.\" \/>\n<meta property=\"og:url\" content=\"https:\/\/www.correiobraziliense.com.br\/cbradar\/a-vida-adulta-revela-algo-que-ninguem-explica-quando-somos-jovens-o-tempo-nao-espera-voce-se-sentir-pronto\/\" \/>\n<meta property=\"og:site_name\" content=\"Correio Braziliense - Radar\" \/>\n<meta property=\"article:published_time\" content=\"2026-03-17T14:30:22+00:00\" \/>\n<meta property=\"article:modified_time\" content=\"2026-03-17T14:30:24+00:00\" \/>\n<meta property=\"og:image\" content=\"https:\/\/www.correiobraziliense.com.br\/cbradar\/wp-content\/uploads\/2026\/03\/Gemini_Generated_Image_dyvb1ldyvb1ldyvb-1-1.png\" \/>\n\t<meta property=\"og:image:width\" content=\"1280\" \/>\n\t<meta property=\"og:image:height\" content=\"720\" \/>\n\t<meta property=\"og:image:type\" content=\"image\/png\" \/>\n<meta name=\"author\" content=\"Patrick Silva\" \/>\n<meta name=\"twitter:card\" content=\"summary_large_image\" \/>\n<meta name=\"twitter:label1\" content=\"Escrito por\" \/>\n\t<meta name=\"twitter:data1\" content=\"Patrick Silva\" \/>\n\t<meta name=\"twitter:label2\" content=\"Est. tempo de leitura\" \/>\n\t<meta name=\"twitter:data2\" content=\"5 minutos\" \/>\n<!-- \/ Yoast SEO plugin. -->","yoast_head_json":{"title":"A vida adulta revela algo que ningu\u00e9m explica quando somos jovens: o tempo n\u00e3o espera voc\u00ea se sentir pronto - Correio Braziliense - Radar","description":"A maturidade revela uma verdade inquietante sobre o tempo e a sensa\u00e7\u00e3o constante de n\u00e3o estar pronto para as decis\u00f5es da vida.","robots":{"index":"index","follow":"follow","max-snippet":"max-snippet:-1","max-image-preview":"max-image-preview:large","max-video-preview":"max-video-preview:-1"},"canonical":"https:\/\/www.correiobraziliense.com.br\/cbradar\/a-vida-adulta-revela-algo-que-ninguem-explica-quando-somos-jovens-o-tempo-nao-espera-voce-se-sentir-pronto\/","og_locale":"pt_BR","og_type":"article","og_title":"A vida adulta revela algo que ningu\u00e9m explica quando somos jovens: o tempo n\u00e3o espera voc\u00ea se sentir pronto - Correio Braziliense - Radar","og_description":"A maturidade revela uma verdade inquietante sobre o tempo e a sensa\u00e7\u00e3o constante de n\u00e3o estar pronto para as decis\u00f5es da vida.","og_url":"https:\/\/www.correiobraziliense.com.br\/cbradar\/a-vida-adulta-revela-algo-que-ninguem-explica-quando-somos-jovens-o-tempo-nao-espera-voce-se-sentir-pronto\/","og_site_name":"Correio Braziliense - Radar","article_published_time":"2026-03-17T14:30:22+00:00","article_modified_time":"2026-03-17T14:30:24+00:00","og_image":[{"width":1280,"height":720,"url":"https:\/\/www.correiobraziliense.com.br\/cbradar\/wp-content\/uploads\/2026\/03\/Gemini_Generated_Image_dyvb1ldyvb1ldyvb-1-1.png","type":"image\/png"}],"author":"Patrick Silva","twitter_card":"summary_large_image","twitter_misc":{"Escrito por":"Patrick Silva","Est. tempo de leitura":"5 minutos"},"schema":{"@context":"https:\/\/schema.org","@graph":[{"@type":"WebPage","@id":"https:\/\/www.correiobraziliense.com.br\/cbradar\/a-vida-adulta-revela-algo-que-ninguem-explica-quando-somos-jovens-o-tempo-nao-espera-voce-se-sentir-pronto\/","url":"https:\/\/www.correiobraziliense.com.br\/cbradar\/a-vida-adulta-revela-algo-que-ninguem-explica-quando-somos-jovens-o-tempo-nao-espera-voce-se-sentir-pronto\/","name":"A vida adulta revela algo que ningu\u00e9m explica quando somos jovens: o tempo n\u00e3o espera voc\u00ea se sentir pronto - Correio Braziliense - Radar","isPartOf":{"@id":"https:\/\/www.correiobraziliense.com.br\/cbradar\/#website"},"primaryImageOfPage":{"@id":"https:\/\/www.correiobraziliense.com.br\/cbradar\/a-vida-adulta-revela-algo-que-ninguem-explica-quando-somos-jovens-o-tempo-nao-espera-voce-se-sentir-pronto\/#primaryimage"},"image":{"@id":"https:\/\/www.correiobraziliense.com.br\/cbradar\/a-vida-adulta-revela-algo-que-ninguem-explica-quando-somos-jovens-o-tempo-nao-espera-voce-se-sentir-pronto\/#primaryimage"},"thumbnailUrl":"https:\/\/www.correiobraziliense.com.br\/cbradar\/wp-content\/uploads\/2026\/03\/Gemini_Generated_Image_dyvb1ldyvb1ldyvb-1-1.png","datePublished":"2026-03-17T14:30:22+00:00","dateModified":"2026-03-17T14:30:24+00:00","author":{"@id":"https:\/\/www.correiobraziliense.com.br\/cbradar\/#\/schema\/person\/5440b72be9c7eb74f446c846479dc4da"},"description":"A maturidade revela uma verdade inquietante sobre o tempo e a sensa\u00e7\u00e3o constante de n\u00e3o estar pronto para as decis\u00f5es da vida.","breadcrumb":{"@id":"https:\/\/www.correiobraziliense.com.br\/cbradar\/a-vida-adulta-revela-algo-que-ninguem-explica-quando-somos-jovens-o-tempo-nao-espera-voce-se-sentir-pronto\/#breadcrumb"},"inLanguage":"pt-BR","potentialAction":[{"@type":"ReadAction","target":["https:\/\/www.correiobraziliense.com.br\/cbradar\/a-vida-adulta-revela-algo-que-ninguem-explica-quando-somos-jovens-o-tempo-nao-espera-voce-se-sentir-pronto\/"]}]},{"@type":"ImageObject","inLanguage":"pt-BR","@id":"https:\/\/www.correiobraziliense.com.br\/cbradar\/a-vida-adulta-revela-algo-que-ninguem-explica-quando-somos-jovens-o-tempo-nao-espera-voce-se-sentir-pronto\/#primaryimage","url":"https:\/\/www.correiobraziliense.com.br\/cbradar\/wp-content\/uploads\/2026\/03\/Gemini_Generated_Image_dyvb1ldyvb1ldyvb-1-1.png","contentUrl":"https:\/\/www.correiobraziliense.com.br\/cbradar\/wp-content\/uploads\/2026\/03\/Gemini_Generated_Image_dyvb1ldyvb1ldyvb-1-1.png","width":1280,"height":720,"caption":"A maturidade revela que o tempo passa r\u00e1pido mesmo quando ainda n\u00e3o nos sentimos prontos"},{"@type":"BreadcrumbList","@id":"https:\/\/www.correiobraziliense.com.br\/cbradar\/a-vida-adulta-revela-algo-que-ninguem-explica-quando-somos-jovens-o-tempo-nao-espera-voce-se-sentir-pronto\/#breadcrumb","itemListElement":[{"@type":"ListItem","position":1,"name":"In\u00edcio","item":"https:\/\/www.correiobraziliense.com.br\/cbradar\/"},{"@type":"ListItem","position":2,"name":"A vida adulta revela algo que ningu\u00e9m explica quando somos jovens: o tempo n\u00e3o espera voc\u00ea se sentir pronto"}]},{"@type":"WebSite","@id":"https:\/\/www.correiobraziliense.com.br\/cbradar\/#website","url":"https:\/\/www.correiobraziliense.com.br\/cbradar\/","name":"Correio Braziliense - Radar","description":"Acompanhe as \u00faltimas not\u00edcias e fique bem informado sobre tudo o que acontece no Brasil e no mundo.","potentialAction":[{"@type":"SearchAction","target":{"@type":"EntryPoint","urlTemplate":"https:\/\/www.correiobraziliense.com.br\/cbradar\/?s={search_term_string}"},"query-input":{"@type":"PropertyValueSpecification","valueRequired":true,"valueName":"search_term_string"}}],"inLanguage":"pt-BR"},{"@type":"Person","@id":"https:\/\/www.correiobraziliense.com.br\/cbradar\/#\/schema\/person\/5440b72be9c7eb74f446c846479dc4da","name":"Patrick Silva","image":{"@type":"ImageObject","inLanguage":"pt-BR","@id":"https:\/\/www.correiobraziliense.com.br\/cbradar\/#\/schema\/person\/image\/","url":"https:\/\/secure.gravatar.com\/avatar\/944109df296fc087785c9715fd5f80b2?s=96&d=mm&r=g","contentUrl":"https:\/\/secure.gravatar.com\/avatar\/944109df296fc087785c9715fd5f80b2?s=96&d=mm&r=g","caption":"Patrick Silva"},"sameAs":["https:\/\/www.correiobraziliense.com.br\/cbradar\/"],"url":"https:\/\/www.correiobraziliense.com.br\/cbradar\/author\/patrick-silva\/"}]}},"_links":{"self":[{"href":"https:\/\/www.correiobraziliense.com.br\/cbradar\/wp-json\/wp\/v2\/posts\/209414","targetHints":{"allow":["GET"]}}],"collection":[{"href":"https:\/\/www.correiobraziliense.com.br\/cbradar\/wp-json\/wp\/v2\/posts"}],"about":[{"href":"https:\/\/www.correiobraziliense.com.br\/cbradar\/wp-json\/wp\/v2\/types\/post"}],"author":[{"embeddable":true,"href":"https:\/\/www.correiobraziliense.com.br\/cbradar\/wp-json\/wp\/v2\/users\/21"}],"replies":[{"embeddable":true,"href":"https:\/\/www.correiobraziliense.com.br\/cbradar\/wp-json\/wp\/v2\/comments?post=209414"}],"version-history":[{"count":3,"href":"https:\/\/www.correiobraziliense.com.br\/cbradar\/wp-json\/wp\/v2\/posts\/209414\/revisions"}],"predecessor-version":[{"id":209432,"href":"https:\/\/www.correiobraziliense.com.br\/cbradar\/wp-json\/wp\/v2\/posts\/209414\/revisions\/209432"}],"wp:featuredmedia":[{"embeddable":true,"href":"https:\/\/www.correiobraziliense.com.br\/cbradar\/wp-json\/wp\/v2\/media\/209428"}],"wp:attachment":[{"href":"https:\/\/www.correiobraziliense.com.br\/cbradar\/wp-json\/wp\/v2\/media?parent=209414"}],"wp:term":[{"taxonomy":"category","embeddable":true,"href":"https:\/\/www.correiobraziliense.com.br\/cbradar\/wp-json\/wp\/v2\/categories?post=209414"},{"taxonomy":"post_tag","embeddable":true,"href":"https:\/\/www.correiobraziliense.com.br\/cbradar\/wp-json\/wp\/v2\/tags?post=209414"}],"curies":[{"name":"wp","href":"https:\/\/api.w.org\/{rel}","templated":true}]}}