{"id":209438,"date":"2026-03-17T06:45:00","date_gmt":"2026-03-17T09:45:00","guid":{"rendered":"https:\/\/www.correiobraziliense.com.br\/cbradar\/?p=209438"},"modified":"2026-03-16T14:22:00","modified_gmt":"2026-03-16T17:22:00","slug":"esse-e-o-nome-que-vem-ganhando-forca-para-meninos-com-apenas-3-letras-e-origem-biblica","status":"publish","type":"post","link":"https:\/\/www.correiobraziliense.com.br\/cbradar\/esse-e-o-nome-que-vem-ganhando-forca-para-meninos-com-apenas-3-letras-e-origem-biblica\/","title":{"rendered":"Esse \u00e9 o nome que vem ganhando for\u00e7a para meninos, com apenas 3 letras e origem b\u00edblica"},"content":{"rendered":"\n<p>Escolher o nome perfeito para um filho exige pesquisa intensa sobre significados profundos e tend\u00eancias modernas que facilitem a pron\u00fancia no dia a dia. Atualmente, nomes curtos de origem b\u00edblica dominam as prefer\u00eancias de pais brasileiros que buscam simplicidade e for\u00e7a espiritual. O nome <strong>Eli<\/strong> surge como uma op\u00e7\u00e3o extremamente poderosa.<\/p>\n\n\n\n<h2 class=\"wp-block-heading\">Qual \u00e9 o significado profundo por tr\u00e1s desse nome curto?<\/h2>\n\n\n\n<p>O nome <strong>Eli<\/strong> carrega uma carga simb\u00f3lica imensa, significando elevado ou ascens\u00e3o nas escrituras sagradas originais. Essa escolha reflete o desejo de muitos pais por um futuro brilhante e cheio de realiza\u00e7\u00f5es espirituais para seus filhos pequenos hoje. A brevidade sil\u00e1bica ajuda na memoriza\u00e7\u00e3o r\u00e1pida e confere uma sonoridade muito suave e marcante ao mesmo tempo.<\/p>\n\n\n\n<p>Na hist\u00f3ria b\u00edblica, <strong>Eli<\/strong> foi um importante sumo sacerdote e juiz de <strong>Israel<\/strong>, sendo o mentor do profeta <strong>Samuel<\/strong>. Sua trajet\u00f3ria representa a sabedoria e a lideran\u00e7a necess\u00e1ria para guiar novas gera\u00e7\u00f5es em caminhos de retid\u00e3o e paz. Optar por esse nome \u00e9 conectar o rec\u00e9m-nascido a uma linhagem de autoridade e muita responsabilidade moral.<\/p>\n\n\n\n<figure class=\"wp-block-image size-full\"><img decoding=\"async\" width=\"1280\" height=\"720\" src=\"https:\/\/www.correiobraziliense.com.br\/cbradar\/wp-content\/uploads\/2026\/03\/Gemini_Generated_Image_wx810hwx810hwx81-1-1.png\" alt=\"Esse \u00e9 o nome que vem ganhando for\u00e7a para meninos, com apenas 3 letras e origem b\u00edblica\" class=\"wp-image-209442\" srcset=\"https:\/\/www.correiobraziliense.com.br\/cbradar\/wp-content\/uploads\/2026\/03\/Gemini_Generated_Image_wx810hwx810hwx81-1-1.png 1280w, https:\/\/www.correiobraziliense.com.br\/cbradar\/wp-content\/uploads\/2026\/03\/Gemini_Generated_Image_wx810hwx810hwx81-1-1-300x169.png 300w, https:\/\/www.correiobraziliense.com.br\/cbradar\/wp-content\/uploads\/2026\/03\/Gemini_Generated_Image_wx810hwx810hwx81-1-1-768x432.png 768w, https:\/\/www.correiobraziliense.com.br\/cbradar\/wp-content\/uploads\/2026\/03\/Gemini_Generated_Image_wx810hwx810hwx81-1-1-750x422.png 750w, https:\/\/www.correiobraziliense.com.br\/cbradar\/wp-content\/uploads\/2026\/03\/Gemini_Generated_Image_wx810hwx810hwx81-1-1-1140x641.png 1140w\" sizes=\"(max-width: 1280px) 100vw, 1280px\" \/><figcaption class=\"wp-element-caption\">Nome b\u00edblico curto, forte e cada vez mais escolhido por pais brasileiros<\/figcaption><\/figure>\n\n\n\n<h2 class=\"wp-block-heading\">Como a tend\u00eancia de nomes curtos impacta a escolha atual?<\/h2>\n\n\n\n<p>A praticidade dos nomes com apenas tr\u00eas letras facilita muito o registro civil e a alfabetiza\u00e7\u00e3o inicial das crian\u00e7as modernas. Em um mundo cada vez mais digital e r\u00e1pido, termos diretos evitam abrevia\u00e7\u00f5es desnecess\u00e1rias e garantem que a <strong>identidade visual<\/strong> seja preservada em todas as plataformas. Essa tend\u00eancia minimalista reflete uma mudan\u00e7a cultural focada na clareza absoluta e efici\u00eancia comunicativa.<\/p>\n\n\n\n<p>Nomes como <strong>Eli<\/strong> dispensam apelidos, o que agrada pais que desejam manter a forma original escolhida no momento do nascimento. Al\u00e9m disso, a facilidade de combina\u00e7\u00e3o com diversos sobrenomes brasileiros torna essa op\u00e7\u00e3o extremamente vers\u00e1til para fam\u00edlias de diferentes origens. A for\u00e7a de um nome curto reside justamente na sua capacidade de ser inesquec\u00edvel sem ser complexo.<\/p>\n\n\n\n<h2 class=\"wp-block-heading\">Quais outras op\u00e7\u00f5es b\u00edblicas curtas est\u00e3o em alta agora?<\/h2>\n\n\n\n<p>Al\u00e9m do destaque para o nome mencionado, existem outras varia\u00e7\u00f5es ricas em hist\u00f3ria e tradi\u00e7\u00e3o que seguem o mesmo padr\u00e3o minimalista desejado. Essas alternativas oferecem sonoridades distintas, mas mant\u00eam o peso cultural que apenas as ra\u00edzes hebraicas conseguem proporcionar aos novos integrantes da fam\u00edlia. Analisar essas varia\u00e7\u00f5es permite uma escolha muito mais consciente e personalizada para o beb\u00ea.<\/p>\n\n\n\n<p>Analise agora as principais sugest\u00f5es que seguem essa linha est\u00e9tica e religiosa para meninos que est\u00e3o nascendo este ano:<\/p>\n\n\n\n<ul class=\"wp-block-list\">\n<li><strong>Ben<\/strong> (filho da m\u00e3o direita).<\/li>\n\n\n\n<li><strong>Ian<\/strong> (Deus \u00e9 gracioso).<\/li>\n\n\n\n<li><strong>Ari<\/strong> (le\u00e3o de Deus).<\/li>\n\n\n\n<li><strong>No\u00e9<\/strong> (descanso ou repouso).<\/li>\n<\/ul>\n\n\n\n<h2 class=\"wp-block-heading\">Por que a origem b\u00edblica continua sendo a preferida?<\/h2>\n\n\n\n<p>A busca por nomes que possuam uma base s\u00f3lida em valores \u00e9ticos e espirituais motiva milhares de fam\u00edlias todos os anos. Conectar o nome de uma crian\u00e7a a relatos de supera\u00e7\u00e3o e f\u00e9 proporciona um senso de pertencimento e prop\u00f3sito desde os primeiros dias de vida. A b\u00edblia continua sendo a maior fonte de inspira\u00e7\u00e3o para a onom\u00e1stica ocidental contempor\u00e2nea.<\/p>\n\n\n\n<p>Mesmo em contextos seculares, os nomes de origem b\u00edblica mant\u00eam um prest\u00edgio indiscut\u00edvel devido \u00e0 sua fon\u00e9tica harmoniosa e significados atemporais. A escolha de <strong>Eli<\/strong> ou nomes similares demonstra uma valoriza\u00e7\u00e3o da ancestralidade e da cultura cl\u00e1ssica que moldou nossa sociedade. \u00c9 uma forma de garantir que o nome nunca saia de moda e mantenha sua relev\u00e2ncia.<\/p>\n\n\n\n<p>No v\u00eddeo abaixo do TikTok <em><strong>Nomes.bebes<\/strong><\/em>, que conta com mais de <strong><em>63 mil<\/em><\/strong> seguidores, cita os nomes b\u00edblicos de meninos, para voc\u00ea se inspirar:<\/p>\n\n\n\n<blockquote class=\"tiktok-embed\" cite=\"https:\/\/www.tiktok.com\/@nomes.bebes\/video\/7480988307745148165\" data-video-id=\"7480988307745148165\" style=\"max-width: 605px;min-width: 325px;\" > <section> <a target=\"_blank\" title=\"@nomes.bebes\" href=\"https:\/\/www.tiktok.com\/@nomes.bebes?refer=embed\">@nomes.bebes<\/a> <a title=\"nomes\" target=\"_blank\" href=\"https:\/\/www.tiktok.com\/tag\/nomes?refer=embed\">#nomes<\/a> <a title=\"nomesdemeninos\" target=\"_blank\" href=\"https:\/\/www.tiktok.com\/tag\/nomesdemeninos?refer=embed\">#nomesdemeninos<\/a> <a title=\"nomesbiblicos\" target=\"_blank\" href=\"https:\/\/www.tiktok.com\/tag\/nomesbiblicos?refer=embed\">#nomesbiblicos<\/a> <a title=\"maternidade\" target=\"_blank\" href=\"https:\/\/www.tiktok.com\/tag\/maternidade?refer=embed\">#maternidade<\/a> <a target=\"_blank\" title=\"\u266c som original  - Fale de vida\" href=\"https:\/\/www.tiktok.com\/music\/som-original-Fale-de-vida-7358647893442808582?refer=embed\">\u266c som original  &#8211; Fale de vida<\/a> <\/section> <\/blockquote> <script async src=\"https:\/\/www.tiktok.com\/embed.js\"><\/script>\n\n\n\n<p>Leia tamb\u00e9m: <a href=\"https:\/\/www.correiobraziliense.com.br\/cbradar\/9-nomes-inspirados-em-grandes-filosofos-que-significam-sabedoria\/\" target=\"_blank\" rel=\"noreferrer noopener\">9 nomes inspirados em grandes fil\u00f3sofos que significam sabedoria<\/a><\/p>\n\n\n\n<h2 class=\"wp-block-heading\">Quais \u00f3rg\u00e3os oficiais registram a popularidade de nomes?<\/h2>\n\n\n\n<p>Para entender quais nomes realmente est\u00e3o crescendo nas estat\u00edsticas nacionais, \u00e9 fundamental consultar bases de dados p\u00fablicas e atualizadas constantemente. No <strong>Brasil<\/strong>, o <strong>Portal da Transpar\u00eancia do Registro Civil<\/strong> oferece um panorama detalhado sobre os registros realizados em todos os cart\u00f3rios do pa\u00eds. Essas informa\u00e7\u00f5es ajudam a identificar tend\u00eancias reais e evitar nomes que estejam saturados no mercado.<\/p>\n\n\n\n<p>Consultar \u00f3rg\u00e3os internacionais tamb\u00e9m fornece uma perspectiva global sobre como nomes b\u00edblicos curtos est\u00e3o se comportando em diferentes culturas e idiomas hoje. A <strong>Social Security Administration<\/strong> nos <strong>Estados Unidos<\/strong> disponibiliza <a target=\"_blank\" rel=\"noreferrer noopener\" href=\"https:\/\/www.ssa.gov\/oact\/babynames\/\">estat\u00edsticas completas sobre a frequ\u00eancia de nomes<\/a> registrados anualmente por l\u00e1. Acompanhar esses n\u00fameros oficiais garante que sua decis\u00e3o seja baseada em <strong>fatos reais<\/strong> e n\u00e3o apenas em suposi\u00e7\u00f5es moment\u00e2neas.<\/p>\n","protected":false},"excerpt":{"rendered":"<p>Escolher o nome perfeito para um filho exige pesquisa intensa sobre significados profundos e tend\u00eancias modernas que facilitem a pron\u00fancia no dia a dia. Atualmente, nomes curtos de origem b\u00edblica dominam as prefer\u00eancias de pais brasileiros que buscam simplicidade e for\u00e7a espiritual. O nome Eli surge como uma op\u00e7\u00e3o extremamente poderosa. Qual \u00e9 o significado [&hellip;]<\/p>\n","protected":false},"author":21,"featured_media":209441,"comment_status":"open","ping_status":"open","sticky":false,"template":"","format":"standard","meta":{"_yoast_wpseo_focuskw":"Nomes masculinos com 3 letras","_yoast_wpseo_title":"","_yoast_wpseo_metadesc":"Um nome curto, b\u00edblico e cheio de significado tem conquistado muitos pais brasileiros e aparece cada vez mais nas escolhas atuais","jnews-multi-image_gallery":[],"jnews_single_post":{"format":"standard"},"jnews_primary_category":[],"jnews_social_meta":[],"jnews_override_counter":[],"footnotes":""},"categories":[112],"tags":[14128,5202,11783,11119],"class_list":["post-209438","post","type-post","status-publish","format-standard","has-post-thumbnail","hentry","category-curiosidades","tag-3-letras","tag-nomes","tag-nomes-de-bebes","tag-nomes-de-meninos"],"yoast_head":"<!-- This site is optimized with the Yoast SEO plugin v24.6 - https:\/\/yoast.com\/wordpress\/plugins\/seo\/ -->\n<title>Esse \u00e9 o nome que vem ganhando for\u00e7a para meninos, com apenas 3 letras e origem b\u00edblica - Correio Braziliense - Radar<\/title>\n<meta name=\"description\" content=\"Um nome curto, b\u00edblico e cheio de significado tem conquistado muitos pais brasileiros e aparece cada vez mais nas escolhas atuais\" \/>\n<meta name=\"robots\" content=\"index, follow, max-snippet:-1, max-image-preview:large, max-video-preview:-1\" \/>\n<link rel=\"canonical\" href=\"https:\/\/www.correiobraziliense.com.br\/cbradar\/esse-e-o-nome-que-vem-ganhando-forca-para-meninos-com-apenas-3-letras-e-origem-biblica\/\" \/>\n<meta property=\"og:locale\" content=\"pt_BR\" \/>\n<meta property=\"og:type\" content=\"article\" \/>\n<meta property=\"og:title\" content=\"Esse \u00e9 o nome que vem ganhando for\u00e7a para meninos, com apenas 3 letras e origem b\u00edblica - Correio Braziliense - Radar\" \/>\n<meta property=\"og:description\" content=\"Um nome curto, b\u00edblico e cheio de significado tem conquistado muitos pais brasileiros e aparece cada vez mais nas escolhas atuais\" \/>\n<meta property=\"og:url\" content=\"https:\/\/www.correiobraziliense.com.br\/cbradar\/esse-e-o-nome-que-vem-ganhando-forca-para-meninos-com-apenas-3-letras-e-origem-biblica\/\" \/>\n<meta property=\"og:site_name\" content=\"Correio Braziliense - Radar\" \/>\n<meta property=\"article:published_time\" content=\"2026-03-17T09:45:00+00:00\" \/>\n<meta property=\"og:image\" content=\"https:\/\/www.correiobraziliense.com.br\/cbradar\/wp-content\/uploads\/2026\/03\/Gemini_Generated_Image_h1pxzvh1pxzvh1px-1-1.png\" \/>\n\t<meta property=\"og:image:width\" content=\"1280\" \/>\n\t<meta property=\"og:image:height\" content=\"720\" \/>\n\t<meta property=\"og:image:type\" content=\"image\/png\" \/>\n<meta name=\"author\" content=\"Patrick Silva\" \/>\n<meta name=\"twitter:card\" content=\"summary_large_image\" \/>\n<meta name=\"twitter:label1\" content=\"Escrito por\" \/>\n\t<meta name=\"twitter:data1\" content=\"Patrick Silva\" \/>\n\t<meta name=\"twitter:label2\" content=\"Est. tempo de leitura\" \/>\n\t<meta name=\"twitter:data2\" content=\"5 minutos\" \/>\n<!-- \/ Yoast SEO plugin. -->","yoast_head_json":{"title":"Esse \u00e9 o nome que vem ganhando for\u00e7a para meninos, com apenas 3 letras e origem b\u00edblica - Correio Braziliense - Radar","description":"Um nome curto, b\u00edblico e cheio de significado tem conquistado muitos pais brasileiros e aparece cada vez mais nas escolhas atuais","robots":{"index":"index","follow":"follow","max-snippet":"max-snippet:-1","max-image-preview":"max-image-preview:large","max-video-preview":"max-video-preview:-1"},"canonical":"https:\/\/www.correiobraziliense.com.br\/cbradar\/esse-e-o-nome-que-vem-ganhando-forca-para-meninos-com-apenas-3-letras-e-origem-biblica\/","og_locale":"pt_BR","og_type":"article","og_title":"Esse \u00e9 o nome que vem ganhando for\u00e7a para meninos, com apenas 3 letras e origem b\u00edblica - Correio Braziliense - Radar","og_description":"Um nome curto, b\u00edblico e cheio de significado tem conquistado muitos pais brasileiros e aparece cada vez mais nas escolhas atuais","og_url":"https:\/\/www.correiobraziliense.com.br\/cbradar\/esse-e-o-nome-que-vem-ganhando-forca-para-meninos-com-apenas-3-letras-e-origem-biblica\/","og_site_name":"Correio Braziliense - Radar","article_published_time":"2026-03-17T09:45:00+00:00","og_image":[{"width":1280,"height":720,"url":"https:\/\/www.correiobraziliense.com.br\/cbradar\/wp-content\/uploads\/2026\/03\/Gemini_Generated_Image_h1pxzvh1pxzvh1px-1-1.png","type":"image\/png"}],"author":"Patrick Silva","twitter_card":"summary_large_image","twitter_misc":{"Escrito por":"Patrick Silva","Est. tempo de leitura":"5 minutos"},"schema":{"@context":"https:\/\/schema.org","@graph":[{"@type":"WebPage","@id":"https:\/\/www.correiobraziliense.com.br\/cbradar\/esse-e-o-nome-que-vem-ganhando-forca-para-meninos-com-apenas-3-letras-e-origem-biblica\/","url":"https:\/\/www.correiobraziliense.com.br\/cbradar\/esse-e-o-nome-que-vem-ganhando-forca-para-meninos-com-apenas-3-letras-e-origem-biblica\/","name":"Esse \u00e9 o nome que vem ganhando for\u00e7a para meninos, com apenas 3 letras e origem b\u00edblica - Correio Braziliense - Radar","isPartOf":{"@id":"https:\/\/www.correiobraziliense.com.br\/cbradar\/#website"},"primaryImageOfPage":{"@id":"https:\/\/www.correiobraziliense.com.br\/cbradar\/esse-e-o-nome-que-vem-ganhando-forca-para-meninos-com-apenas-3-letras-e-origem-biblica\/#primaryimage"},"image":{"@id":"https:\/\/www.correiobraziliense.com.br\/cbradar\/esse-e-o-nome-que-vem-ganhando-forca-para-meninos-com-apenas-3-letras-e-origem-biblica\/#primaryimage"},"thumbnailUrl":"https:\/\/www.correiobraziliense.com.br\/cbradar\/wp-content\/uploads\/2026\/03\/Gemini_Generated_Image_h1pxzvh1pxzvh1px-1-1.png","datePublished":"2026-03-17T09:45:00+00:00","author":{"@id":"https:\/\/www.correiobraziliense.com.br\/cbradar\/#\/schema\/person\/5440b72be9c7eb74f446c846479dc4da"},"description":"Um nome curto, b\u00edblico e cheio de significado tem conquistado muitos pais brasileiros e aparece cada vez mais nas escolhas atuais","breadcrumb":{"@id":"https:\/\/www.correiobraziliense.com.br\/cbradar\/esse-e-o-nome-que-vem-ganhando-forca-para-meninos-com-apenas-3-letras-e-origem-biblica\/#breadcrumb"},"inLanguage":"pt-BR","potentialAction":[{"@type":"ReadAction","target":["https:\/\/www.correiobraziliense.com.br\/cbradar\/esse-e-o-nome-que-vem-ganhando-forca-para-meninos-com-apenas-3-letras-e-origem-biblica\/"]}]},{"@type":"ImageObject","inLanguage":"pt-BR","@id":"https:\/\/www.correiobraziliense.com.br\/cbradar\/esse-e-o-nome-que-vem-ganhando-forca-para-meninos-com-apenas-3-letras-e-origem-biblica\/#primaryimage","url":"https:\/\/www.correiobraziliense.com.br\/cbradar\/wp-content\/uploads\/2026\/03\/Gemini_Generated_Image_h1pxzvh1pxzvh1px-1-1.png","contentUrl":"https:\/\/www.correiobraziliense.com.br\/cbradar\/wp-content\/uploads\/2026\/03\/Gemini_Generated_Image_h1pxzvh1pxzvh1px-1-1.png","width":1280,"height":720,"caption":"Nome b\u00edblico curto, forte e cada vez mais escolhido por pais brasileiros"},{"@type":"BreadcrumbList","@id":"https:\/\/www.correiobraziliense.com.br\/cbradar\/esse-e-o-nome-que-vem-ganhando-forca-para-meninos-com-apenas-3-letras-e-origem-biblica\/#breadcrumb","itemListElement":[{"@type":"ListItem","position":1,"name":"In\u00edcio","item":"https:\/\/www.correiobraziliense.com.br\/cbradar\/"},{"@type":"ListItem","position":2,"name":"Esse \u00e9 o nome que vem ganhando for\u00e7a para meninos, com apenas 3 letras e origem b\u00edblica"}]},{"@type":"WebSite","@id":"https:\/\/www.correiobraziliense.com.br\/cbradar\/#website","url":"https:\/\/www.correiobraziliense.com.br\/cbradar\/","name":"Correio Braziliense - Radar","description":"Acompanhe as \u00faltimas not\u00edcias e fique bem informado sobre tudo o que acontece no Brasil e no mundo.","potentialAction":[{"@type":"SearchAction","target":{"@type":"EntryPoint","urlTemplate":"https:\/\/www.correiobraziliense.com.br\/cbradar\/?s={search_term_string}"},"query-input":{"@type":"PropertyValueSpecification","valueRequired":true,"valueName":"search_term_string"}}],"inLanguage":"pt-BR"},{"@type":"Person","@id":"https:\/\/www.correiobraziliense.com.br\/cbradar\/#\/schema\/person\/5440b72be9c7eb74f446c846479dc4da","name":"Patrick Silva","image":{"@type":"ImageObject","inLanguage":"pt-BR","@id":"https:\/\/www.correiobraziliense.com.br\/cbradar\/#\/schema\/person\/image\/","url":"https:\/\/secure.gravatar.com\/avatar\/944109df296fc087785c9715fd5f80b2?s=96&d=mm&r=g","contentUrl":"https:\/\/secure.gravatar.com\/avatar\/944109df296fc087785c9715fd5f80b2?s=96&d=mm&r=g","caption":"Patrick Silva"},"sameAs":["https:\/\/www.correiobraziliense.com.br\/cbradar\/"],"url":"https:\/\/www.correiobraziliense.com.br\/cbradar\/author\/patrick-silva\/"}]}},"_links":{"self":[{"href":"https:\/\/www.correiobraziliense.com.br\/cbradar\/wp-json\/wp\/v2\/posts\/209438","targetHints":{"allow":["GET"]}}],"collection":[{"href":"https:\/\/www.correiobraziliense.com.br\/cbradar\/wp-json\/wp\/v2\/posts"}],"about":[{"href":"https:\/\/www.correiobraziliense.com.br\/cbradar\/wp-json\/wp\/v2\/types\/post"}],"author":[{"embeddable":true,"href":"https:\/\/www.correiobraziliense.com.br\/cbradar\/wp-json\/wp\/v2\/users\/21"}],"replies":[{"embeddable":true,"href":"https:\/\/www.correiobraziliense.com.br\/cbradar\/wp-json\/wp\/v2\/comments?post=209438"}],"version-history":[{"count":2,"href":"https:\/\/www.correiobraziliense.com.br\/cbradar\/wp-json\/wp\/v2\/posts\/209438\/revisions"}],"predecessor-version":[{"id":209445,"href":"https:\/\/www.correiobraziliense.com.br\/cbradar\/wp-json\/wp\/v2\/posts\/209438\/revisions\/209445"}],"wp:featuredmedia":[{"embeddable":true,"href":"https:\/\/www.correiobraziliense.com.br\/cbradar\/wp-json\/wp\/v2\/media\/209441"}],"wp:attachment":[{"href":"https:\/\/www.correiobraziliense.com.br\/cbradar\/wp-json\/wp\/v2\/media?parent=209438"}],"wp:term":[{"taxonomy":"category","embeddable":true,"href":"https:\/\/www.correiobraziliense.com.br\/cbradar\/wp-json\/wp\/v2\/categories?post=209438"},{"taxonomy":"post_tag","embeddable":true,"href":"https:\/\/www.correiobraziliense.com.br\/cbradar\/wp-json\/wp\/v2\/tags?post=209438"}],"curies":[{"name":"wp","href":"https:\/\/api.w.org\/{rel}","templated":true}]}}