{"id":209526,"date":"2026-03-17T06:15:37","date_gmt":"2026-03-17T09:15:37","guid":{"rendered":"https:\/\/www.correiobraziliense.com.br\/cbradar\/?p=209526"},"modified":"2026-03-16T16:34:18","modified_gmt":"2026-03-16T19:34:18","slug":"o-suco-natural-que-muita-gente-toma-depois-de-refeicoes-pesadas-para-ajudar-o-estomago-a-ficar-mais-leve","status":"publish","type":"post","link":"https:\/\/www.correiobraziliense.com.br\/cbradar\/o-suco-natural-que-muita-gente-toma-depois-de-refeicoes-pesadas-para-ajudar-o-estomago-a-ficar-mais-leve\/","title":{"rendered":"O suco natural que muita gente toma depois de refei\u00e7\u00f5es pesadas para ajudar o est\u00f4mago a ficar mais leve"},"content":{"rendered":"\n<p>Depois de uma refei\u00e7\u00e3o pesada, como um <b>churrasco<\/b> de domingo ou aquela <b>macarronada<\/b> caprichada, muita gente recorre ao suco de abacaxi com hortel\u00e3 para sentir o est\u00f4mago mais leve. Essa combina\u00e7\u00e3o simples, refrescante e f\u00e1cil de preparar acabou se tornando presen\u00e7a certa em dietas e no dia a dia de quem quer cuidar melhor da <b>digest\u00e3o<\/b> e dar uma forcinha extra para o f\u00edgado, sem abrir m\u00e3o do prazer de beber algo gostoso.<\/p>\n\n\n\n<h2 class=\"wp-block-heading\">Como o suco de abacaxi com hortel\u00e3 ajuda na digest\u00e3o<\/h2>\n\n\n\n<p>O <b>abacaxi<\/b> tem uma enzima chamada bromelina, que ajuda o corpo a \u201cquebrar\u201d melhor as <b>prote\u00ednas<\/b> dos alimentos, especialmente quando a refei\u00e7\u00e3o teve carne ou pratos mais pesados. J\u00e1 a hortel\u00e3 entra com seu aroma e \u00f3leos naturais, trazendo uma sensa\u00e7\u00e3o de frescor e <b>conforto<\/b> para o est\u00f4mago.<\/p>\n\n\n\n<p>No dia a dia, muitas pessoas sentem que a digest\u00e3o fica menos lenta quando incluem esse suco em uma alimenta\u00e7\u00e3o <b>equilibrada<\/b>. Ele tamb\u00e9m contribui para a <b>hidrata\u00e7\u00e3o<\/b>, algo essencial para o intestino funcionar bem e evitar aquela sensa\u00e7\u00e3o de incha\u00e7o e <b>peso<\/b> ap\u00f3s comer.<\/p>\n\n\n<div class=\"wp-block-image\">\n<figure class=\"aligncenter size-large\"><img decoding=\"async\" width=\"1024\" height=\"576\" src=\"https:\/\/www.correiobraziliense.com.br\/cbradar\/wp-content\/uploads\/2025\/11\/cha-de-abacaxi-com-gengibre_1763926935412-1024x576.jpg\" alt=\"\" class=\"wp-image-144011\" srcset=\"https:\/\/www.correiobraziliense.com.br\/cbradar\/wp-content\/uploads\/2025\/11\/cha-de-abacaxi-com-gengibre_1763926935412-1024x576.jpg 1024w, https:\/\/www.correiobraziliense.com.br\/cbradar\/wp-content\/uploads\/2025\/11\/cha-de-abacaxi-com-gengibre_1763926935412-300x169.jpg 300w, https:\/\/www.correiobraziliense.com.br\/cbradar\/wp-content\/uploads\/2025\/11\/cha-de-abacaxi-com-gengibre_1763926935412-768x432.jpg 768w, https:\/\/www.correiobraziliense.com.br\/cbradar\/wp-content\/uploads\/2025\/11\/cha-de-abacaxi-com-gengibre_1763926935412-750x422.jpg 750w, https:\/\/www.correiobraziliense.com.br\/cbradar\/wp-content\/uploads\/2025\/11\/cha-de-abacaxi-com-gengibre_1763926935412-1140x641.jpg 1140w, https:\/\/www.correiobraziliense.com.br\/cbradar\/wp-content\/uploads\/2025\/11\/cha-de-abacaxi-com-gengibre_1763926935412.jpg 1280w\" sizes=\"(max-width: 1024px) 100vw, 1024px\" \/><figcaption class=\"wp-element-caption\">A combina\u00e7\u00e3o de abacaxi e gengibre \u00e9 excepcionalmente eficaz para a digest\u00e3o e o combate \u00e0 inflama\u00e7\u00e3o &#8211; Cr\u00e9ditos: depositphotos.com \/ unixx.0.gmail.com<\/figcaption><\/figure><\/div>\n\n\n<p>Leia tamb\u00e9m:&nbsp;<a href=\"https:\/\/www.correiobraziliense.com.br\/cbradar\/a-receita-simples-que-muita-gente-comecou-a-usar-para-estimular-o-intestino-naturalmente-logo-pela-manha\/\" target=\"_blank\" rel=\"noopener\">A receita simples que muita gente come\u00e7ou a usar para estimular o intestino naturalmente logo pela manh\u00e3<\/a><\/p>\n\n\n\n<h2 class=\"wp-block-heading\">Por que o suco de abacaxi com hortel\u00e3 pode melhorar o funcionamento do intestino<\/h2>\n\n\n\n<p>Quando o suco \u00e9 feito aproveitando bem a polpa do abacaxi, sem coar demais, ele mant\u00e9m uma boa quantidade de <b>fibras<\/b>. Essas fibras ajudam o intestino a trabalhar de forma mais <b>regular<\/b>, o que pode reduzir constipa\u00e7\u00e3o e desconfortos <b>abdominais<\/b>.<\/p>\n\n\n\n<p>A hortel\u00e3 completa esse efeito com sua a\u00e7\u00e3o <b>refrescante<\/b>, que costuma ser associada \u00e0 redu\u00e7\u00e3o de gases e estufamento. Para quem sofre com digest\u00e3o <b>lenta<\/b>, incluir o suco ap\u00f3s o almo\u00e7o ou jantar pode ser um h\u00e1bito simples que traz <b>al\u00edvio<\/b> no dia a dia.<\/p>\n\n\n\n<h2 class=\"wp-block-heading\">O suco de abacaxi com hortel\u00e3 faz bem para o f\u00edgado<\/h2>\n\n\n\n<p>O <b>f\u00edgado<\/b> atua como um verdadeiro \u201cfiltro\u201d do corpo, ajudando a processar toxinas, medicamentos, gorduras e subst\u00e2ncias que ingerimos. O suco de abacaxi com hortel\u00e3 n\u00e3o \u00e9 rem\u00e9dio, mas pode ser um <b>aliado<\/b> dentro de um estilo de vida saud\u00e1vel, especialmente quando substitui refrigerantes e bebidas <b>a\u00e7ucaradas<\/b>.<\/p>\n\n\n\n<p>O abacaxi \u00e9 rico em vitamina C e compostos <b>antioxidantes<\/b> que ajudam a proteger as c\u00e9lulas, incluindo as do f\u00edgado, contra o excesso de radicais livres. A hortel\u00e3 costuma ser associada ao est\u00edmulo da produ\u00e7\u00e3o de <b>bile<\/b>, importante para digerir gorduras, o que, indiretamente, ajuda o f\u00edgado a trabalhar de forma mais <b>equilibrada<\/b>.<\/p>\n\n\n\n<p>Separamos esse v\u00eddeo do canal <a href=\"https:\/\/www.youtube.com\/@receitassemblablabla\" target=\"_blank\" rel=\"noreferrer noopener\">Receitas sem Bl\u00e1 Bl\u00e1 Bl\u00e1<\/a> ensinando a preparar esse delicioso suco em casa:<\/p>\n\n\n\n<figure class=\"wp-block-embed is-type-video is-provider-youtube wp-block-embed-youtube wp-embed-aspect-16-9 wp-has-aspect-ratio\"><div class=\"wp-block-embed__wrapper\">\n<div class=\"jeg_video_container jeg_video_content\"><iframe loading=\"lazy\" title=\"PRA QUE SERVE O SUCO DE ABACAXI COM HORTEL\u00c3? CONHE\u00c7A OS BENEF\u00cdCIOS E APRENDA COMO FAZER!\" width=\"500\" height=\"281\" src=\"https:\/\/www.youtube.com\/embed\/kEJf3LrcWyQ?feature=oembed\" frameborder=\"0\" allow=\"accelerometer; autoplay; clipboard-write; encrypted-media; gyroscope; picture-in-picture; web-share\" referrerpolicy=\"strict-origin-when-cross-origin\" allowfullscreen><\/iframe><\/div>\n<\/div><\/figure>\n\n\n\n<h2 class=\"wp-block-heading\">Como preparar um suco de abacaxi com hortel\u00e3 mais saud\u00e1vel<\/h2>\n\n\n\n<p>Para tirar o melhor proveito desse suco, o ideal \u00e9 usar <b>abacaxi<\/b> fresco, hortel\u00e3 bem lavada e evitar exagerar no <b>a\u00e7\u00facar<\/b>. Assim, voc\u00ea mant\u00e9m o sabor natural da fruta, reduz calorias e ainda aproveita melhor os <b>nutrientes<\/b> presentes na bebida.<\/p>\n\n\n\n<p>Veja um jeito simples de preparar em casa:<\/p>\n\n\n\n<ol class=\"wp-block-list\">\n<li><strong>Separar os ingredientes:<\/strong> cerca de 2 x\u00edcaras de <b>abacaxi<\/b> em cubos, 8 a 10 folhas de hortel\u00e3 fresca, 500 ml de <b>\u00e1gua<\/b> gelada ou \u00e1gua de coco e gelo a <b>gosto<\/b>.<\/li>\n\n\n\n<li><strong>Bater no liquidificador:<\/strong> colocar o abacaxi, a <b>hortel\u00e3<\/b> e a \u00e1gua no copo do liquidificador e bater at\u00e9 obter uma mistura <b>homog\u00eanea<\/b>.<\/li>\n\n\n\n<li><strong>Ajustar a textura:<\/strong> quem desejar mais <b>fibras<\/b> pode consumir sem coar; quem preferir um suco mais leve pode passar por uma <b>peneira<\/b>.<\/li>\n\n\n\n<li><strong>Ado\u00e7ar com modera\u00e7\u00e3o:<\/strong> se necess\u00e1rio, usar pequenas quantidades de <b>mel<\/b> ou outro ado\u00e7ante indicado por profissional de sa\u00fade, evitando excesso de <b>a\u00e7\u00facar<\/b>.<\/li>\n\n\n\n<li><strong>Servir na hora:<\/strong> consumir logo ap\u00f3s o <b>preparo<\/b> para aproveitar melhor os nutrientes e o sabor fresco da <b>hortel\u00e3<\/b>.<\/li>\n<\/ol>\n\n\n\n<figure class=\"wp-block-embed is-type-rich is-provider-pinterest wp-block-embed-pinterest\"><div class=\"wp-block-embed__wrapper\">\n<iframe loading=\"lazy\" title=\"O suco natural de abacaxi \u00e9 bastante eficiente para tratar a tosse. E tamb\u00e9m previne a queda de cabelo e at\u00e9 gripe.\" src=\"https:\/\/assets.pinterest.com\/ext\/embed.html?id=41799102784527356&#038;src=oembed\" height=\"775\" width=\"450\" frameborder=\"0\" scrolling=\"no\" ><\/iframe>\n<\/div><\/figure>\n\n\n\n<h2 class=\"wp-block-heading\">Quais h\u00e1bitos potencializam os efeitos do suco de abacaxi<\/h2>\n\n\n\n<p>Mais do que apostar em uma \u00fanica bebida, o que faz diferen\u00e7a real para a digest\u00e3o e o f\u00edgado \u00e9 o conjunto de <b>h\u00e1bitos<\/b> do dia a dia. O suco de abacaxi com hortel\u00e3 funciona melhor quando acompanha escolhas mais <b>equilibradas<\/b> ao longo da <b>semana<\/b>.<\/p>\n\n\n\n<ul class=\"wp-block-list\">\n<li><strong>Alimenta\u00e7\u00e3o equilibrada:<\/strong> dar prefer\u00eancia a <b>verduras<\/b>, legumes, frutas, gr\u00e3os integrais e boas fontes de <b>prote\u00edna<\/b>.<\/li>\n\n\n\n<li><strong>Controle de gorduras:<\/strong> reduzir frituras, embutidos e <b>ultraprocessados<\/b>, que podem sobrecarregar o <b>f\u00edgado<\/b>.<\/li>\n\n\n\n<li><strong>Hidrata\u00e7\u00e3o adequada:<\/strong> beber <b>\u00e1gua<\/b> ao longo do dia para ajudar o intestino e o f\u00edgado a funcionarem <b>bem<\/b>.<\/li>\n\n\n\n<li><strong>Modera\u00e7\u00e3o no \u00e1lcool:<\/strong> evitar exageros com bebidas <b>alco\u00f3licas<\/b>, que s\u00e3o inimigas diretas da sa\u00fade do <b>f\u00edgado<\/b>.<\/li>\n\n\n\n<li><strong>Acompanhamento profissional:<\/strong> em casos de gastrite, refluxo, diabetes ou doen\u00e7as do <b>f\u00edgado<\/b>, seguir sempre orienta\u00e7\u00e3o m\u00e9dica e <b>nutricional<\/b>.<\/li>\n<\/ul>\n\n\n\n<p>Inclu\u00eddo com consci\u00eancia na <b>rotina<\/b>, o suco de abacaxi com hortel\u00e3 pode ser um gesto simples de <b>autocuidado<\/b>, somando sabor, frescor e um empurr\u00e3ozinho extra para o bem-estar digestivo e <b>hep\u00e1tico<\/b>.<\/p>\n","protected":false},"excerpt":{"rendered":"<p>Depois de uma refei\u00e7\u00e3o pesada, como um churrasco de domingo ou aquela macarronada caprichada, muita gente recorre ao suco de abacaxi com hortel\u00e3 para sentir o est\u00f4mago mais leve. Essa combina\u00e7\u00e3o simples, refrescante e f\u00e1cil de preparar acabou se tornando presen\u00e7a certa em dietas e no dia a dia de quem quer cuidar melhor da [&hellip;]<\/p>\n","protected":false},"author":9,"featured_media":209637,"comment_status":"open","ping_status":"open","sticky":false,"template":"","format":"standard","meta":{"_yoast_wpseo_focuskw":"suco de abacaxi com hortel\u00e3","_yoast_wpseo_title":"","_yoast_wpseo_metadesc":"O suco de abacaxi com hortel\u00e3 ficou popular ap\u00f3s refei\u00e7\u00f5es pesadas. Veja por que essa combina\u00e7\u00e3o ajuda na digest\u00e3o.","jnews-multi-image_gallery":[],"jnews_single_post":{"format":"standard"},"jnews_primary_category":[],"jnews_social_meta":[],"jnews_override_counter":[],"footnotes":""},"categories":[119,4404],"tags":[3051,625,565,16228],"class_list":["post-209526","post","type-post","status-publish","format-standard","has-post-thumbnail","hentry","category-bem-estar","category-saude","tag-digestao","tag-hortela","tag-saude","tag-suco-de-abacaxi"],"yoast_head":"<!-- This site is optimized with the Yoast SEO plugin v24.6 - https:\/\/yoast.com\/wordpress\/plugins\/seo\/ -->\n<title>O suco natural que muita gente toma depois de refei\u00e7\u00f5es pesadas para ajudar o est\u00f4mago a ficar mais leve - Correio Braziliense - Radar<\/title>\n<meta name=\"description\" content=\"O suco de abacaxi com hortel\u00e3 ficou popular ap\u00f3s refei\u00e7\u00f5es pesadas. Veja por que essa combina\u00e7\u00e3o ajuda na digest\u00e3o.\" \/>\n<meta name=\"robots\" content=\"index, follow, max-snippet:-1, max-image-preview:large, max-video-preview:-1\" \/>\n<link rel=\"canonical\" href=\"https:\/\/www.correiobraziliense.com.br\/cbradar\/o-suco-natural-que-muita-gente-toma-depois-de-refeicoes-pesadas-para-ajudar-o-estomago-a-ficar-mais-leve\/\" \/>\n<meta property=\"og:locale\" content=\"pt_BR\" \/>\n<meta property=\"og:type\" content=\"article\" \/>\n<meta property=\"og:title\" content=\"O suco natural que muita gente toma depois de refei\u00e7\u00f5es pesadas para ajudar o est\u00f4mago a ficar mais leve - Correio Braziliense - Radar\" \/>\n<meta property=\"og:description\" content=\"O suco de abacaxi com hortel\u00e3 ficou popular ap\u00f3s refei\u00e7\u00f5es pesadas. Veja por que essa combina\u00e7\u00e3o ajuda na digest\u00e3o.\" \/>\n<meta property=\"og:url\" content=\"https:\/\/www.correiobraziliense.com.br\/cbradar\/o-suco-natural-que-muita-gente-toma-depois-de-refeicoes-pesadas-para-ajudar-o-estomago-a-ficar-mais-leve\/\" \/>\n<meta property=\"og:site_name\" content=\"Correio Braziliense - Radar\" \/>\n<meta property=\"article:published_time\" content=\"2026-03-17T09:15:37+00:00\" \/>\n<meta property=\"og:image\" content=\"https:\/\/www.correiobraziliense.com.br\/cbradar\/wp-content\/uploads\/2026\/03\/pets-37.jpg\" \/>\n\t<meta property=\"og:image:width\" content=\"1280\" \/>\n\t<meta property=\"og:image:height\" content=\"720\" \/>\n\t<meta property=\"og:image:type\" content=\"image\/jpeg\" \/>\n<meta name=\"author\" content=\"Daniely Cardoso\" \/>\n<meta name=\"twitter:card\" content=\"summary_large_image\" \/>\n<meta name=\"twitter:label1\" content=\"Escrito por\" \/>\n\t<meta name=\"twitter:data1\" content=\"Daniely Cardoso\" \/>\n\t<meta name=\"twitter:label2\" content=\"Est. tempo de leitura\" \/>\n\t<meta name=\"twitter:data2\" content=\"5 minutos\" \/>\n<!-- \/ Yoast SEO plugin. -->","yoast_head_json":{"title":"O suco natural que muita gente toma depois de refei\u00e7\u00f5es pesadas para ajudar o est\u00f4mago a ficar mais leve - Correio Braziliense - Radar","description":"O suco de abacaxi com hortel\u00e3 ficou popular ap\u00f3s refei\u00e7\u00f5es pesadas. Veja por que essa combina\u00e7\u00e3o ajuda na digest\u00e3o.","robots":{"index":"index","follow":"follow","max-snippet":"max-snippet:-1","max-image-preview":"max-image-preview:large","max-video-preview":"max-video-preview:-1"},"canonical":"https:\/\/www.correiobraziliense.com.br\/cbradar\/o-suco-natural-que-muita-gente-toma-depois-de-refeicoes-pesadas-para-ajudar-o-estomago-a-ficar-mais-leve\/","og_locale":"pt_BR","og_type":"article","og_title":"O suco natural que muita gente toma depois de refei\u00e7\u00f5es pesadas para ajudar o est\u00f4mago a ficar mais leve - Correio Braziliense - Radar","og_description":"O suco de abacaxi com hortel\u00e3 ficou popular ap\u00f3s refei\u00e7\u00f5es pesadas. Veja por que essa combina\u00e7\u00e3o ajuda na digest\u00e3o.","og_url":"https:\/\/www.correiobraziliense.com.br\/cbradar\/o-suco-natural-que-muita-gente-toma-depois-de-refeicoes-pesadas-para-ajudar-o-estomago-a-ficar-mais-leve\/","og_site_name":"Correio Braziliense - Radar","article_published_time":"2026-03-17T09:15:37+00:00","og_image":[{"width":1280,"height":720,"url":"https:\/\/www.correiobraziliense.com.br\/cbradar\/wp-content\/uploads\/2026\/03\/pets-37.jpg","type":"image\/jpeg"}],"author":"Daniely Cardoso","twitter_card":"summary_large_image","twitter_misc":{"Escrito por":"Daniely Cardoso","Est. tempo de leitura":"5 minutos"},"schema":{"@context":"https:\/\/schema.org","@graph":[{"@type":"WebPage","@id":"https:\/\/www.correiobraziliense.com.br\/cbradar\/o-suco-natural-que-muita-gente-toma-depois-de-refeicoes-pesadas-para-ajudar-o-estomago-a-ficar-mais-leve\/","url":"https:\/\/www.correiobraziliense.com.br\/cbradar\/o-suco-natural-que-muita-gente-toma-depois-de-refeicoes-pesadas-para-ajudar-o-estomago-a-ficar-mais-leve\/","name":"O suco natural que muita gente toma depois de refei\u00e7\u00f5es pesadas para ajudar o est\u00f4mago a ficar mais leve - Correio Braziliense - Radar","isPartOf":{"@id":"https:\/\/www.correiobraziliense.com.br\/cbradar\/#website"},"primaryImageOfPage":{"@id":"https:\/\/www.correiobraziliense.com.br\/cbradar\/o-suco-natural-que-muita-gente-toma-depois-de-refeicoes-pesadas-para-ajudar-o-estomago-a-ficar-mais-leve\/#primaryimage"},"image":{"@id":"https:\/\/www.correiobraziliense.com.br\/cbradar\/o-suco-natural-que-muita-gente-toma-depois-de-refeicoes-pesadas-para-ajudar-o-estomago-a-ficar-mais-leve\/#primaryimage"},"thumbnailUrl":"https:\/\/www.correiobraziliense.com.br\/cbradar\/wp-content\/uploads\/2026\/03\/pets-37.jpg","datePublished":"2026-03-17T09:15:37+00:00","author":{"@id":"https:\/\/www.correiobraziliense.com.br\/cbradar\/#\/schema\/person\/7356666e12ec0ee53f348ee5db227032"},"description":"O suco de abacaxi com hortel\u00e3 ficou popular ap\u00f3s refei\u00e7\u00f5es pesadas. Veja por que essa combina\u00e7\u00e3o ajuda na digest\u00e3o.","breadcrumb":{"@id":"https:\/\/www.correiobraziliense.com.br\/cbradar\/o-suco-natural-que-muita-gente-toma-depois-de-refeicoes-pesadas-para-ajudar-o-estomago-a-ficar-mais-leve\/#breadcrumb"},"inLanguage":"pt-BR","potentialAction":[{"@type":"ReadAction","target":["https:\/\/www.correiobraziliense.com.br\/cbradar\/o-suco-natural-que-muita-gente-toma-depois-de-refeicoes-pesadas-para-ajudar-o-estomago-a-ficar-mais-leve\/"]}]},{"@type":"ImageObject","inLanguage":"pt-BR","@id":"https:\/\/www.correiobraziliense.com.br\/cbradar\/o-suco-natural-que-muita-gente-toma-depois-de-refeicoes-pesadas-para-ajudar-o-estomago-a-ficar-mais-leve\/#primaryimage","url":"https:\/\/www.correiobraziliense.com.br\/cbradar\/wp-content\/uploads\/2026\/03\/pets-37.jpg","contentUrl":"https:\/\/www.correiobraziliense.com.br\/cbradar\/wp-content\/uploads\/2026\/03\/pets-37.jpg","width":1280,"height":720,"caption":"O abacaxi tem uma enzima chamada bromelina, que ajuda o corpo a \u201cquebrar\u201d melhor as prote\u00ednas dos alimentos"},{"@type":"BreadcrumbList","@id":"https:\/\/www.correiobraziliense.com.br\/cbradar\/o-suco-natural-que-muita-gente-toma-depois-de-refeicoes-pesadas-para-ajudar-o-estomago-a-ficar-mais-leve\/#breadcrumb","itemListElement":[{"@type":"ListItem","position":1,"name":"In\u00edcio","item":"https:\/\/www.correiobraziliense.com.br\/cbradar\/"},{"@type":"ListItem","position":2,"name":"O suco natural que muita gente toma depois de refei\u00e7\u00f5es pesadas para ajudar o est\u00f4mago a ficar mais leve"}]},{"@type":"WebSite","@id":"https:\/\/www.correiobraziliense.com.br\/cbradar\/#website","url":"https:\/\/www.correiobraziliense.com.br\/cbradar\/","name":"Correio Braziliense - Radar","description":"Acompanhe as \u00faltimas not\u00edcias e fique bem informado sobre tudo o que acontece no Brasil e no mundo.","potentialAction":[{"@type":"SearchAction","target":{"@type":"EntryPoint","urlTemplate":"https:\/\/www.correiobraziliense.com.br\/cbradar\/?s={search_term_string}"},"query-input":{"@type":"PropertyValueSpecification","valueRequired":true,"valueName":"search_term_string"}}],"inLanguage":"pt-BR"},{"@type":"Person","@id":"https:\/\/www.correiobraziliense.com.br\/cbradar\/#\/schema\/person\/7356666e12ec0ee53f348ee5db227032","name":"Daniely Cardoso","image":{"@type":"ImageObject","inLanguage":"pt-BR","@id":"https:\/\/www.correiobraziliense.com.br\/cbradar\/#\/schema\/person\/image\/","url":"https:\/\/secure.gravatar.com\/avatar\/4b80ddbd124d1f071b626d52d62e5dff?s=96&d=mm&r=g","contentUrl":"https:\/\/secure.gravatar.com\/avatar\/4b80ddbd124d1f071b626d52d62e5dff?s=96&d=mm&r=g","caption":"Daniely Cardoso"},"description":"Redatora nos portais CB Radar e EM Foco, formada pela Universidade Federal de Goi\u00e1s, em Goi\u00e2nia. Apaixonada por comunica\u00e7\u00e3o, arte, decora\u00e7\u00e3o e tend\u00eancias, atuo na produ\u00e7\u00e3o de conte\u00fados envolventes sobre curiosidades, moda, beleza e paisagismo, sempre com um olhar atento \u00e0s novidades do momento.","sameAs":["https:\/\/www.correiobraziliense.com.br\/cbradar"],"url":"https:\/\/www.correiobraziliense.com.br\/cbradar\/author\/danielymyth\/"}]}},"_links":{"self":[{"href":"https:\/\/www.correiobraziliense.com.br\/cbradar\/wp-json\/wp\/v2\/posts\/209526","targetHints":{"allow":["GET"]}}],"collection":[{"href":"https:\/\/www.correiobraziliense.com.br\/cbradar\/wp-json\/wp\/v2\/posts"}],"about":[{"href":"https:\/\/www.correiobraziliense.com.br\/cbradar\/wp-json\/wp\/v2\/types\/post"}],"author":[{"embeddable":true,"href":"https:\/\/www.correiobraziliense.com.br\/cbradar\/wp-json\/wp\/v2\/users\/9"}],"replies":[{"embeddable":true,"href":"https:\/\/www.correiobraziliense.com.br\/cbradar\/wp-json\/wp\/v2\/comments?post=209526"}],"version-history":[{"count":2,"href":"https:\/\/www.correiobraziliense.com.br\/cbradar\/wp-json\/wp\/v2\/posts\/209526\/revisions"}],"predecessor-version":[{"id":209555,"href":"https:\/\/www.correiobraziliense.com.br\/cbradar\/wp-json\/wp\/v2\/posts\/209526\/revisions\/209555"}],"wp:featuredmedia":[{"embeddable":true,"href":"https:\/\/www.correiobraziliense.com.br\/cbradar\/wp-json\/wp\/v2\/media\/209637"}],"wp:attachment":[{"href":"https:\/\/www.correiobraziliense.com.br\/cbradar\/wp-json\/wp\/v2\/media?parent=209526"}],"wp:term":[{"taxonomy":"category","embeddable":true,"href":"https:\/\/www.correiobraziliense.com.br\/cbradar\/wp-json\/wp\/v2\/categories?post=209526"},{"taxonomy":"post_tag","embeddable":true,"href":"https:\/\/www.correiobraziliense.com.br\/cbradar\/wp-json\/wp\/v2\/tags?post=209526"}],"curies":[{"name":"wp","href":"https:\/\/api.w.org\/{rel}","templated":true}]}}