{"id":209527,"date":"2026-03-17T10:05:42","date_gmt":"2026-03-17T13:05:42","guid":{"rendered":"https:\/\/www.correiobraziliense.com.br\/cbradar\/?p=209527"},"modified":"2026-03-16T14:49:00","modified_gmt":"2026-03-16T17:49:00","slug":"esta-e-considerada-por-muitos-a-melhor-bebida-matinal-para-pressao-alta-e-saude-do-coracao","status":"publish","type":"post","link":"https:\/\/www.correiobraziliense.com.br\/cbradar\/esta-e-considerada-por-muitos-a-melhor-bebida-matinal-para-pressao-alta-e-saude-do-coracao\/","title":{"rendered":"Esta \u00e9 considerada por muitos a melhor bebida matinal para press\u00e3o alta e sa\u00fade do cora\u00e7\u00e3o"},"content":{"rendered":"\n<p>Imagine come\u00e7ar o dia com uma bebida que, al\u00e9m de <b>refrescante<\/b>, pode dar uma <b>forcinha<\/b> para o seu cora\u00e7\u00e3o. \u00c9 assim que o <strong>suco de rom\u00e3<\/strong> tem ganhado espa\u00e7o nas manh\u00e3s de quem busca cuidar melhor da <b>sa\u00fade<\/b>, especialmente da press\u00e3o arterial. Tradicional em v\u00e1rias culturas, essa fruta passou a ser observada com mais aten\u00e7\u00e3o por causa de seus poss\u00edveis efeitos sobre o sistema cardiovascular, tornando-se uma op\u00e7\u00e3o simples e acess\u00edvel para quem quer prevenir problemas no futuro.<\/p>\n\n\n\n<h2 class=\"wp-block-heading\">Por que o suco de rom\u00e3 pode ajudar na press\u00e3o alta<\/h2>\n\n\n\n<p>Ao contr\u00e1rio de bebidas muito <b>estimulantes<\/b>, que podem bagun\u00e7ar a press\u00e3o sangu\u00ednea, o suco de rom\u00e3 costuma ser associado a uma rotina mais <b>equilibrada<\/b>. Ele n\u00e3o substitui rem\u00e9dios nem consultas m\u00e9dicas, mas pode somar pontos importantes dentro de um estilo de vida <b>saud\u00e1vel<\/b> e voltado \u00e0 preven\u00e7\u00e3o.<\/p>\n\n\n\n<p>A fruta \u00e9 rica em <b>antioxidantes<\/b>, como polifen\u00f3is e antocianinas, que ajudam a proteger os vasos sangu\u00edneos do desgaste do dia a dia. Al\u00e9m disso, cont\u00e9m <strong>pot\u00e1ssio<\/strong>, nutriente ligado ao controle da press\u00e3o e ao equil\u00edbrio de l\u00edquidos no corpo, especialmente quando o consumo de sal \u00e9 <b>moderado<\/b>.<\/p>\n\n\n<div class=\"wp-block-image\">\n<figure class=\"aligncenter size-large\"><img decoding=\"async\" width=\"1024\" height=\"576\" src=\"https:\/\/www.correiobraziliense.com.br\/cbradar\/wp-content\/uploads\/2025\/12\/Punica-granatum_1765509588333-1024x576.jpg\" alt=\"\" class=\"wp-image-154808\" srcset=\"https:\/\/www.correiobraziliense.com.br\/cbradar\/wp-content\/uploads\/2025\/12\/Punica-granatum_1765509588333-1024x576.jpg 1024w, https:\/\/www.correiobraziliense.com.br\/cbradar\/wp-content\/uploads\/2025\/12\/Punica-granatum_1765509588333-300x169.jpg 300w, https:\/\/www.correiobraziliense.com.br\/cbradar\/wp-content\/uploads\/2025\/12\/Punica-granatum_1765509588333-768x432.jpg 768w, https:\/\/www.correiobraziliense.com.br\/cbradar\/wp-content\/uploads\/2025\/12\/Punica-granatum_1765509588333-750x422.jpg 750w, https:\/\/www.correiobraziliense.com.br\/cbradar\/wp-content\/uploads\/2025\/12\/Punica-granatum_1765509588333-1140x641.jpg 1140w, https:\/\/www.correiobraziliense.com.br\/cbradar\/wp-content\/uploads\/2025\/12\/Punica-granatum_1765509588333.jpg 1280w\" sizes=\"(max-width: 1024px) 100vw, 1024px\" \/><figcaption class=\"wp-element-caption\">Uma das principais propriedades medicinais da casca de rom\u00e3 \u00e9 a sua forte a\u00e7\u00e3o antiss\u00e9ptica e antimicrobiana &#8211; Cr\u00e9ditos: depositphotos.com \/ Tolikoff<\/figcaption><\/figure><\/div>\n\n\n<p>Leia tamb\u00e9m:&nbsp;<a href=\"https:\/\/www.correiobraziliense.com.br\/cbradar\/a-receita-simples-que-muita-gente-comecou-a-usar-para-estimular-o-intestino-naturalmente-logo-pela-manha\/\" target=\"_blank\" rel=\"noopener\">A receita simples que muita gente come\u00e7ou a usar para estimular o intestino naturalmente logo pela manh\u00e3<\/a><\/p>\n\n\n\n<h2 class=\"wp-block-heading\">Como os nutrientes da rom\u00e3 influenciam a circula\u00e7\u00e3o e o cora\u00e7\u00e3o<\/h2>\n\n\n\n<p>Quando se fala em <strong>sa\u00fade do cora\u00e7\u00e3o<\/strong>, o suco de rom\u00e3 aparece como um dos alimentos estudados por seu impacto sobre a <b>circula\u00e7\u00e3o<\/b> e o <b>colesterol<\/b>. Seus antioxidantes podem ajudar a reduzir a oxida\u00e7\u00e3o do LDL, o chamado \u201ccolesterol ruim\u201d, processo ligado \u00e0 forma\u00e7\u00e3o de placas nas <b>art\u00e9rias<\/b>.<\/p>\n\n\n\n<p>Algumas pesquisas apontam ainda para uma discreta redu\u00e7\u00e3o da <b>press\u00e3o<\/b> sist\u00f3lica e melhora da elasticidade dos vasos em quem consome o suco com frequ\u00eancia. Como a inflama\u00e7\u00e3o cr\u00f4nica tamb\u00e9m est\u00e1 ligada \u00e0 <b>hipertens\u00e3o<\/b> e a doen\u00e7as card\u00edacas, o potencial efeito anti-inflamat\u00f3rio da rom\u00e3 entra como mais um ponto <b>positivo<\/b> no cuidado di\u00e1rio.<\/p>\n\n\n\n<h2 class=\"wp-block-heading\">Como incluir o suco de rom\u00e3 na rotina matinal de forma simples e segura<\/h2>\n\n\n\n<p>Se voc\u00ea pensa em adotar o <strong>suco de rom\u00e3<\/strong> como bebida matinal, vale priorizar a vers\u00e3o <b>natural<\/b>, feita em casa, sem excesso de <b>a\u00e7\u00facar<\/b>. Assim, voc\u00ea aproveita melhor os nutrientes da fruta e evita ingredientes desnecess\u00e1rios, comuns em muitos produtos <b>industrializados<\/b>.<\/p>\n\n\n\n<p>Uma forma pr\u00e1tica de integrar o suco ao dia a dia envolve poucos passos b\u00e1sicos, que deixam o preparo r\u00e1pido e bem aproveitado logo pela <b>manh\u00e3<\/b>:<\/p>\n\n\n\n<ol class=\"wp-block-list\">\n<li>Separar rom\u00e3s <b>maduras<\/b> e firmes, de boa <b>proced\u00eancia<\/b>.<\/li>\n\n\n\n<li>Retirar os <b>arilos<\/b> (sementes vermelhas) com cuidado, descartando a parte branca interna mais <b>amarga<\/b>.<\/li>\n\n\n\n<li>Bater as sementes rapidamente com um pouco de <b>\u00e1gua<\/b> filtrada, apenas o suficiente para extrair o <b>l\u00edquido<\/b>.<\/li>\n\n\n\n<li>Coar, se desejado, para reduzir a quantidade de res\u00edduos <b>s\u00f3lidos<\/b>.<\/li>\n\n\n\n<li>Consumir de <b>imediato<\/b>, de prefer\u00eancia pela manh\u00e3, sem armazenamento <b>prolongado<\/b>.<\/li>\n<\/ol>\n\n\n\n<p>Se voc\u00ea gosta de receitas, separamos esse v\u00eddeo do canal <a href=\"https:\/\/www.youtube.com\/@pensandoaocontrario\" target=\"_blank\" rel=\"noreferrer noopener\">pensandoaocontrario<\/a> mostrando mais sobre os benef\u00edcios da rom\u00e3 e como fazer esse suco em casa:<\/p>\n\n\n\n<figure class=\"wp-block-embed is-type-video is-provider-youtube wp-block-embed-youtube wp-embed-aspect-16-9 wp-has-aspect-ratio\"><div class=\"wp-block-embed__wrapper\">\n<div class=\"jeg_video_container jeg_video_content\"><iframe loading=\"lazy\" title=\"SUCO DE ROM\u00c3 ABAIXA A PRESS\u00c3O! TUDO SOBRE O SUCO DA IMORTALIDADE E COMO FAZER DO JEITO CERTO!\" width=\"500\" height=\"281\" src=\"https:\/\/www.youtube.com\/embed\/fdFbI_1XDk4?feature=oembed\" frameborder=\"0\" allow=\"accelerometer; autoplay; clipboard-write; encrypted-media; gyroscope; picture-in-picture; web-share\" referrerpolicy=\"strict-origin-when-cross-origin\" allowfullscreen><\/iframe><\/div>\n<\/div><\/figure>\n\n\n\n<h2 class=\"wp-block-heading\">Quais cuidados s\u00e3o importantes ao usar o suco de rom\u00e3 na hipertens\u00e3o<\/h2>\n\n\n\n<p>Mesmo sendo uma bebida <b>natural<\/b>, o suco de rom\u00e3 n\u00e3o \u00e9 isento de cuidados. Pessoas com <strong>press\u00e3o alta<\/strong>, em uso de <b>medicamentos<\/b> ou com outras doen\u00e7as devem sempre conversar com o m\u00e9dico ou nutricionista antes de mudan\u00e7as mais marcantes na alimenta\u00e7\u00e3o. Isso evita intera\u00e7\u00f5es indesejadas e expectativas irreais sobre o que o suco pode <b>fazer<\/b>.<\/p>\n\n\n\n<p>Para aproveitar melhor o potencial da rom\u00e3, \u00e9 importante que ela fa\u00e7a parte de um pacote de boas <b>pr\u00e1ticas<\/b> no dia a dia, e n\u00e3o seja vista como solu\u00e7\u00e3o <b>milagrosa<\/b> ou isolada. Tamb\u00e9m \u00e9 \u00fatil observar poss\u00edveis desconfortos gastrointestinais em quem j\u00e1 tem sensibilidade, ajustando a <b>quantidade<\/b> consumida.<\/p>\n\n\n\n<h2 class=\"wp-block-heading\">O suco de rom\u00e3 pode substituir rem\u00e9dios para press\u00e3o alta<\/h2>\n\n\n\n<p>Apesar de ser um aliado interessante, o suco de rom\u00e3 n\u00e3o substitui rem\u00e9dios indicados para <em>hipertens\u00e3o<\/em> ou outras doen\u00e7as do <b>cora\u00e7\u00e3o<\/b>. Os medicamentos atuam em mecanismos espec\u00edficos do organismo e n\u00e3o devem ser interrompidos por conta pr\u00f3pria, mesmo que a press\u00e3o pare\u00e7a estar <b>controlada<\/b> em alguns dias.<\/p>\n\n\n\n<figure class=\"wp-block-embed is-type-rich is-provider-pinterest wp-block-embed-pinterest\"><div class=\"wp-block-embed__wrapper\">\n<iframe loading=\"lazy\" title=\"Transform your health routine with nutritious smoothie recipes that support weight loss and overall wellness. Easy-to-make and satisfying, these ideas are perfect for any lifestyle. #SmoothieIdeas #HealthyEating #WeightLoss\" src=\"https:\/\/assets.pinterest.com\/ext\/embed.html?id=7248049395809468&#038;src=oembed\" height=\"899\" width=\"450\" frameborder=\"0\" scrolling=\"no\" ><\/iframe>\n<\/div><\/figure>\n\n\n\n<p>Ele entra como complemento dentro de um conjunto de atitudes simples, mas poderosas, que ajudam a proteger o sistema <b>cardiovascular<\/b> ao longo do tempo:<\/p>\n\n\n\n<ul class=\"wp-block-list\">\n<li>Manter consultas regulares com profissionais <b>habilitados<\/b>.<\/li>\n\n\n\n<li>Monitorar a <b>press\u00e3o<\/b> em casa ou em unidades de <b>sa\u00fade<\/b>.<\/li>\n\n\n\n<li>Evitar o <b>cigarro<\/b> e reduzir o consumo de bebidas <b>alco\u00f3licas<\/b>.<\/li>\n\n\n\n<li>Priorizar alimentos <b>frescos<\/b> e pouco processados no dia a dia.<\/li>\n\n\n\n<li>Praticar <b>atividade<\/b> f\u00edsica adequada \u00e0 sua condi\u00e7\u00e3o de <b>sa\u00fade<\/b>.<\/li>\n<\/ul>\n\n\n\n<p>Assim, o <strong>suco de rom\u00e3<\/strong> pode se encaixar como uma escolha <b>agrad\u00e1vel<\/b> na rotina, ajudando a cuidar da press\u00e3o alta e do cora\u00e7\u00e3o, desde que fa\u00e7a parte de um plano mais amplo de <b>preven\u00e7\u00e3o<\/b> e acompanhamento m\u00e9dico constante. Em conjunto com h\u00e1bitos equilibrados, o consumo regular tende a oferecer benef\u00edcios graduais e sustent\u00e1veis para o bem-estar <b>card\u00edaco<\/b>.<\/p>\n","protected":false},"excerpt":{"rendered":"<p>Imagine come\u00e7ar o dia com uma bebida que, al\u00e9m de refrescante, pode dar uma forcinha para o seu cora\u00e7\u00e3o. \u00c9 assim que o suco de rom\u00e3 tem ganhado espa\u00e7o nas manh\u00e3s de quem busca cuidar melhor da sa\u00fade, especialmente da press\u00e3o arterial. Tradicional em v\u00e1rias culturas, essa fruta passou a ser observada com mais aten\u00e7\u00e3o [&hellip;]<\/p>\n","protected":false},"author":9,"featured_media":203867,"comment_status":"open","ping_status":"open","sticky":false,"template":"","format":"standard","meta":{"_yoast_wpseo_focuskw":"suco de rom\u00e3","_yoast_wpseo_title":"","_yoast_wpseo_metadesc":"Bebida natural tem chamado aten\u00e7\u00e3o por poss\u00edveis efeitos na press\u00e3o arterial e na sa\u00fade do cora\u00e7\u00e3o quando inclu\u00edda na rotina.","jnews-multi-image_gallery":[],"jnews_single_post":{"format":"standard"},"jnews_primary_category":[],"jnews_social_meta":[],"jnews_override_counter":[],"footnotes":""},"categories":[119,4404],"tags":[16229,565,13373],"class_list":["post-209527","post","type-post","status-publish","format-standard","has-post-thumbnail","hentry","category-bem-estar","category-saude","tag-controlar-a-pressao-alta","tag-saude","tag-suco-de-roma"],"yoast_head":"<!-- This site is optimized with the Yoast SEO plugin v24.6 - https:\/\/yoast.com\/wordpress\/plugins\/seo\/ -->\n<title>Esta \u00e9 considerada por muitos a melhor bebida matinal para press\u00e3o alta e sa\u00fade do cora\u00e7\u00e3o - Correio Braziliense - Radar<\/title>\n<meta name=\"description\" content=\"Bebida natural tem chamado aten\u00e7\u00e3o por poss\u00edveis efeitos na press\u00e3o arterial e na sa\u00fade do cora\u00e7\u00e3o quando inclu\u00edda na rotina.\" \/>\n<meta name=\"robots\" content=\"index, follow, max-snippet:-1, max-image-preview:large, max-video-preview:-1\" \/>\n<link rel=\"canonical\" href=\"https:\/\/www.correiobraziliense.com.br\/cbradar\/esta-e-considerada-por-muitos-a-melhor-bebida-matinal-para-pressao-alta-e-saude-do-coracao\/\" \/>\n<meta property=\"og:locale\" content=\"pt_BR\" \/>\n<meta property=\"og:type\" content=\"article\" \/>\n<meta property=\"og:title\" content=\"Esta \u00e9 considerada por muitos a melhor bebida matinal para press\u00e3o alta e sa\u00fade do cora\u00e7\u00e3o - Correio Braziliense - Radar\" \/>\n<meta property=\"og:description\" content=\"Bebida natural tem chamado aten\u00e7\u00e3o por poss\u00edveis efeitos na press\u00e3o arterial e na sa\u00fade do cora\u00e7\u00e3o quando inclu\u00edda na rotina.\" \/>\n<meta property=\"og:url\" content=\"https:\/\/www.correiobraziliense.com.br\/cbradar\/esta-e-considerada-por-muitos-a-melhor-bebida-matinal-para-pressao-alta-e-saude-do-coracao\/\" \/>\n<meta property=\"og:site_name\" content=\"Correio Braziliense - Radar\" \/>\n<meta property=\"article:published_time\" content=\"2026-03-17T13:05:42+00:00\" \/>\n<meta property=\"og:image\" content=\"https:\/\/www.correiobraziliense.com.br\/cbradar\/wp-content\/uploads\/2026\/03\/Gemini_Generated_Image_itaxnbitaxnbitax-2.png\" \/>\n\t<meta property=\"og:image:width\" content=\"1280\" \/>\n\t<meta property=\"og:image:height\" content=\"720\" \/>\n\t<meta property=\"og:image:type\" content=\"image\/png\" \/>\n<meta name=\"author\" content=\"Daniely Cardoso\" \/>\n<meta name=\"twitter:card\" content=\"summary_large_image\" \/>\n<meta name=\"twitter:label1\" content=\"Escrito por\" \/>\n\t<meta name=\"twitter:data1\" content=\"Daniely Cardoso\" \/>\n\t<meta name=\"twitter:label2\" content=\"Est. tempo de leitura\" \/>\n\t<meta name=\"twitter:data2\" content=\"5 minutos\" \/>\n<!-- \/ Yoast SEO plugin. -->","yoast_head_json":{"title":"Esta \u00e9 considerada por muitos a melhor bebida matinal para press\u00e3o alta e sa\u00fade do cora\u00e7\u00e3o - Correio Braziliense - Radar","description":"Bebida natural tem chamado aten\u00e7\u00e3o por poss\u00edveis efeitos na press\u00e3o arterial e na sa\u00fade do cora\u00e7\u00e3o quando inclu\u00edda na rotina.","robots":{"index":"index","follow":"follow","max-snippet":"max-snippet:-1","max-image-preview":"max-image-preview:large","max-video-preview":"max-video-preview:-1"},"canonical":"https:\/\/www.correiobraziliense.com.br\/cbradar\/esta-e-considerada-por-muitos-a-melhor-bebida-matinal-para-pressao-alta-e-saude-do-coracao\/","og_locale":"pt_BR","og_type":"article","og_title":"Esta \u00e9 considerada por muitos a melhor bebida matinal para press\u00e3o alta e sa\u00fade do cora\u00e7\u00e3o - Correio Braziliense - Radar","og_description":"Bebida natural tem chamado aten\u00e7\u00e3o por poss\u00edveis efeitos na press\u00e3o arterial e na sa\u00fade do cora\u00e7\u00e3o quando inclu\u00edda na rotina.","og_url":"https:\/\/www.correiobraziliense.com.br\/cbradar\/esta-e-considerada-por-muitos-a-melhor-bebida-matinal-para-pressao-alta-e-saude-do-coracao\/","og_site_name":"Correio Braziliense - Radar","article_published_time":"2026-03-17T13:05:42+00:00","og_image":[{"width":1280,"height":720,"url":"https:\/\/www.correiobraziliense.com.br\/cbradar\/wp-content\/uploads\/2026\/03\/Gemini_Generated_Image_itaxnbitaxnbitax-2.png","type":"image\/png"}],"author":"Daniely Cardoso","twitter_card":"summary_large_image","twitter_misc":{"Escrito por":"Daniely Cardoso","Est. tempo de leitura":"5 minutos"},"schema":{"@context":"https:\/\/schema.org","@graph":[{"@type":"WebPage","@id":"https:\/\/www.correiobraziliense.com.br\/cbradar\/esta-e-considerada-por-muitos-a-melhor-bebida-matinal-para-pressao-alta-e-saude-do-coracao\/","url":"https:\/\/www.correiobraziliense.com.br\/cbradar\/esta-e-considerada-por-muitos-a-melhor-bebida-matinal-para-pressao-alta-e-saude-do-coracao\/","name":"Esta \u00e9 considerada por muitos a melhor bebida matinal para press\u00e3o alta e sa\u00fade do cora\u00e7\u00e3o - Correio Braziliense - Radar","isPartOf":{"@id":"https:\/\/www.correiobraziliense.com.br\/cbradar\/#website"},"primaryImageOfPage":{"@id":"https:\/\/www.correiobraziliense.com.br\/cbradar\/esta-e-considerada-por-muitos-a-melhor-bebida-matinal-para-pressao-alta-e-saude-do-coracao\/#primaryimage"},"image":{"@id":"https:\/\/www.correiobraziliense.com.br\/cbradar\/esta-e-considerada-por-muitos-a-melhor-bebida-matinal-para-pressao-alta-e-saude-do-coracao\/#primaryimage"},"thumbnailUrl":"https:\/\/www.correiobraziliense.com.br\/cbradar\/wp-content\/uploads\/2026\/03\/Gemini_Generated_Image_itaxnbitaxnbitax-2.png","datePublished":"2026-03-17T13:05:42+00:00","author":{"@id":"https:\/\/www.correiobraziliense.com.br\/cbradar\/#\/schema\/person\/7356666e12ec0ee53f348ee5db227032"},"description":"Bebida natural tem chamado aten\u00e7\u00e3o por poss\u00edveis efeitos na press\u00e3o arterial e na sa\u00fade do cora\u00e7\u00e3o quando inclu\u00edda na rotina.","breadcrumb":{"@id":"https:\/\/www.correiobraziliense.com.br\/cbradar\/esta-e-considerada-por-muitos-a-melhor-bebida-matinal-para-pressao-alta-e-saude-do-coracao\/#breadcrumb"},"inLanguage":"pt-BR","potentialAction":[{"@type":"ReadAction","target":["https:\/\/www.correiobraziliense.com.br\/cbradar\/esta-e-considerada-por-muitos-a-melhor-bebida-matinal-para-pressao-alta-e-saude-do-coracao\/"]}]},{"@type":"ImageObject","inLanguage":"pt-BR","@id":"https:\/\/www.correiobraziliense.com.br\/cbradar\/esta-e-considerada-por-muitos-a-melhor-bebida-matinal-para-pressao-alta-e-saude-do-coracao\/#primaryimage","url":"https:\/\/www.correiobraziliense.com.br\/cbradar\/wp-content\/uploads\/2026\/03\/Gemini_Generated_Image_itaxnbitaxnbitax-2.png","contentUrl":"https:\/\/www.correiobraziliense.com.br\/cbradar\/wp-content\/uploads\/2026\/03\/Gemini_Generated_Image_itaxnbitaxnbitax-2.png","width":1280,"height":720,"caption":"A rom\u00e3 \u00e9 muito citada em estudos sobre inflama\u00e7\u00f5es na boca e garganta, algumas doen\u00e7as articulares e altera\u00e7\u00f5es metab\u00f3licas"},{"@type":"BreadcrumbList","@id":"https:\/\/www.correiobraziliense.com.br\/cbradar\/esta-e-considerada-por-muitos-a-melhor-bebida-matinal-para-pressao-alta-e-saude-do-coracao\/#breadcrumb","itemListElement":[{"@type":"ListItem","position":1,"name":"In\u00edcio","item":"https:\/\/www.correiobraziliense.com.br\/cbradar\/"},{"@type":"ListItem","position":2,"name":"Esta \u00e9 considerada por muitos a melhor bebida matinal para press\u00e3o alta e sa\u00fade do cora\u00e7\u00e3o"}]},{"@type":"WebSite","@id":"https:\/\/www.correiobraziliense.com.br\/cbradar\/#website","url":"https:\/\/www.correiobraziliense.com.br\/cbradar\/","name":"Correio Braziliense - Radar","description":"Acompanhe as \u00faltimas not\u00edcias e fique bem informado sobre tudo o que acontece no Brasil e no mundo.","potentialAction":[{"@type":"SearchAction","target":{"@type":"EntryPoint","urlTemplate":"https:\/\/www.correiobraziliense.com.br\/cbradar\/?s={search_term_string}"},"query-input":{"@type":"PropertyValueSpecification","valueRequired":true,"valueName":"search_term_string"}}],"inLanguage":"pt-BR"},{"@type":"Person","@id":"https:\/\/www.correiobraziliense.com.br\/cbradar\/#\/schema\/person\/7356666e12ec0ee53f348ee5db227032","name":"Daniely Cardoso","image":{"@type":"ImageObject","inLanguage":"pt-BR","@id":"https:\/\/www.correiobraziliense.com.br\/cbradar\/#\/schema\/person\/image\/","url":"https:\/\/secure.gravatar.com\/avatar\/4b80ddbd124d1f071b626d52d62e5dff?s=96&d=mm&r=g","contentUrl":"https:\/\/secure.gravatar.com\/avatar\/4b80ddbd124d1f071b626d52d62e5dff?s=96&d=mm&r=g","caption":"Daniely Cardoso"},"description":"Redatora nos portais CB Radar e EM Foco, formada pela Universidade Federal de Goi\u00e1s, em Goi\u00e2nia. Apaixonada por comunica\u00e7\u00e3o, arte, decora\u00e7\u00e3o e tend\u00eancias, atuo na produ\u00e7\u00e3o de conte\u00fados envolventes sobre curiosidades, moda, beleza e paisagismo, sempre com um olhar atento \u00e0s novidades do momento.","sameAs":["https:\/\/www.correiobraziliense.com.br\/cbradar"],"url":"https:\/\/www.correiobraziliense.com.br\/cbradar\/author\/danielymyth\/"}]}},"_links":{"self":[{"href":"https:\/\/www.correiobraziliense.com.br\/cbradar\/wp-json\/wp\/v2\/posts\/209527","targetHints":{"allow":["GET"]}}],"collection":[{"href":"https:\/\/www.correiobraziliense.com.br\/cbradar\/wp-json\/wp\/v2\/posts"}],"about":[{"href":"https:\/\/www.correiobraziliense.com.br\/cbradar\/wp-json\/wp\/v2\/types\/post"}],"author":[{"embeddable":true,"href":"https:\/\/www.correiobraziliense.com.br\/cbradar\/wp-json\/wp\/v2\/users\/9"}],"replies":[{"embeddable":true,"href":"https:\/\/www.correiobraziliense.com.br\/cbradar\/wp-json\/wp\/v2\/comments?post=209527"}],"version-history":[{"count":2,"href":"https:\/\/www.correiobraziliense.com.br\/cbradar\/wp-json\/wp\/v2\/posts\/209527\/revisions"}],"predecessor-version":[{"id":209564,"href":"https:\/\/www.correiobraziliense.com.br\/cbradar\/wp-json\/wp\/v2\/posts\/209527\/revisions\/209564"}],"wp:featuredmedia":[{"embeddable":true,"href":"https:\/\/www.correiobraziliense.com.br\/cbradar\/wp-json\/wp\/v2\/media\/203867"}],"wp:attachment":[{"href":"https:\/\/www.correiobraziliense.com.br\/cbradar\/wp-json\/wp\/v2\/media?parent=209527"}],"wp:term":[{"taxonomy":"category","embeddable":true,"href":"https:\/\/www.correiobraziliense.com.br\/cbradar\/wp-json\/wp\/v2\/categories?post=209527"},{"taxonomy":"post_tag","embeddable":true,"href":"https:\/\/www.correiobraziliense.com.br\/cbradar\/wp-json\/wp\/v2\/tags?post=209527"}],"curies":[{"name":"wp","href":"https:\/\/api.w.org\/{rel}","templated":true}]}}