{"id":209611,"date":"2026-03-17T06:25:00","date_gmt":"2026-03-17T09:25:00","guid":{"rendered":"https:\/\/www.correiobraziliense.com.br\/cbradar\/?p=209611"},"modified":"2026-03-16T23:06:37","modified_gmt":"2026-03-17T02:06:37","slug":"o-enigma-da-cidade-flutuante-de-1-000-anos-construida-sobre-92-ilhas-artificiais-que-ninguem-sabe-como-foi-erguida-e-tem-lendas-de-dragoes","status":"publish","type":"post","link":"https:\/\/www.correiobraziliense.com.br\/cbradar\/o-enigma-da-cidade-flutuante-de-1-000-anos-construida-sobre-92-ilhas-artificiais-que-ninguem-sabe-como-foi-erguida-e-tem-lendas-de-dragoes\/","title":{"rendered":"A enigm\u00e1tica cidade flutuante erguida h\u00e1 1.000 anos sobre 92 ilhas artificiais que ningu\u00e9m sabe como foi constru\u00edda e guarda at\u00e9 lendas de drag\u00f5es"},"content":{"rendered":"\n<p><strong>Muros emergem da lagoa como costelas de uma civiliza\u00e7\u00e3o afogada<\/strong>. <strong>Nan Madol<\/strong> \u00e9 uma cidade flutuante no litoral sudeste da ilha de <strong>Pohnpei<\/strong>, \u00e9 um labirinto de 92 ilhotas artificiais constru\u00eddas com colunas de rocha vulc\u00e2nica sobre um recife de coral. Nenhuma roda, nenhuma roldana, nenhum metal. Apenas for\u00e7a humana, \u00e1gua salgada e um mist\u00e9rio que a arqueologia ainda n\u00e3o resolveu.<\/p>\n\n\n\n<h2 class=\"wp-block-heading\">O que a ci\u00eancia j\u00e1 confirmou sobre a constru\u00e7\u00e3o?<\/h2>\n\n\n\n<p>Data\u00e7\u00f5es de ur\u00e2nio-t\u00f3rio realizadas pelo arque\u00f3logo <strong>Mark McCoy <\/strong>e publicadas no peri\u00f3dico <em>Quaternary Science Reviews<\/em> em 2016 estabeleceram que a constru\u00e7\u00e3o monumental come\u00e7ou entre <strong>1180<\/strong> e <strong>1200 d.C.<\/strong> Blocos de basalto foram extra\u00eddos de um plugue vulc\u00e2nico no lado oposto de Pohnpei e transportados por mais de 40 km at\u00e9 o recife. Segundo o <a href=\"https:\/\/smarthistory.org\/nan-madol\/\" target=\"_blank\" rel=\"noreferrer noopener\"><strong>Smarthistory<\/strong><\/a>, o peso total do basalto movido ao longo de quatro s\u00e9culos chega a cerca de 750 mil toneladas m\u00e9tricas, uma m\u00e9dia de 1.850 toneladas por ano.<\/p>\n\n\n\n<p><strong>As maiores colunas pesam entre 50 e 90 toneladas e medem at\u00e9 6 metros de comprimento<\/strong>. Elas foram encaixadas sem argamassa, empilhadas em padr\u00e3o cruzado semelhante a uma cabana de toras. As juntas permanecem firmes ap\u00f3s oito s\u00e9culos expostas \u00e0 mar\u00e9 e ao sal. Como os construtores carregaram pedras desse porte por terra, embarcaram-nas em jangadas e flutuaram tudo at\u00e9 o recife, sem resposta definitiva.<\/p>\n\n\n\n<p><strong>Uma cidade de pedra perdida no meio do oceano desafia a ci\u00eancia e a arqueologia com seus mist\u00e9rios monumentais.<\/strong> O v\u00eddeo \u00e9 do canal <strong>Pontos Chave da Hist\u00f3ria<\/strong>, com cerca de <strong>11,6&nbsp;mil inscritos<\/strong> refer\u00eancia com foco em grandes enigmas, e detalha as constru\u00e7\u00f5es, o transporte das pedras e o abandono de Nan Madol:<\/p>\n\n\n\n<figure class=\"wp-block-embed aligncenter is-type-video is-provider-youtube wp-block-embed-youtube wp-embed-aspect-16-9 wp-has-aspect-ratio\"><div class=\"wp-block-embed__wrapper\">\n<div class=\"jeg_video_container jeg_video_content\"><iframe loading=\"lazy\" title=\"Nan Madol: Por Que Essa Cidade Foi Abandonada? E Est\u00e1 Desmoronando em Sil\u00eancio\" width=\"500\" height=\"281\" src=\"https:\/\/www.youtube.com\/embed\/XHpA2p-17J4?feature=oembed\" frameborder=\"0\" allow=\"accelerometer; autoplay; clipboard-write; encrypted-media; gyroscope; picture-in-picture; web-share\" referrerpolicy=\"strict-origin-when-cross-origin\" allowfullscreen><\/iframe><\/div>\n<\/div><\/figure>\n\n\n\n<h2 class=\"wp-block-heading\">De onde vinha o poder dos governantes da cidade flutuante<\/h2>\n\n\n\n<p>A <strong>dinastia Saudeleur<\/strong> governou Pohnpei por cerca de quatro s\u00e9culos a partir de Nan Madol, unificando uma popula\u00e7\u00e3o estimada em 25 mil pessoas. Segundo o <a href=\"https:\/\/www.nps.gov\/places\/nan-madol.htm\" target=\"_blank\" rel=\"noreferrer noopener\"><strong>U.S. National Park Service<\/strong><\/a>, esse sistema representa o primeiro exemplo conhecido de poder pol\u00edtico centralizado no Pac\u00edfico ocidental. A cidade n\u00e3o tinha \u00e1gua doce nem terras cultiv\u00e1veis. Todo alimento e toda \u00e1gua chegavam de canoa, trazidos por plebeus obrigados a sustentar a nobreza isolada no mar.<\/p>\n\n\n\n<p>Esse isolamento era estrat\u00e9gico. Os Saudeleur for\u00e7avam chefes rivais a morar nas ilhotas para vigi\u00e1-los de perto. A separa\u00e7\u00e3o f\u00edsica entre governantes e governados refor\u00e7ava uma aura de autoridade divina que os sacerdotes cultivavam com rituais elaborados.<\/p>\n\n\n<div class=\"wp-block-image\">\n<figure class=\"aligncenter size-full\"><img decoding=\"async\" width=\"1280\" height=\"720\" src=\"https:\/\/www.correiobraziliense.com.br\/cbradar\/wp-content\/uploads\/2026\/03\/aaa-33.png\" alt=\"O enigma da cidade flutuante de 1.000 anos constru\u00edda sobre 92 ilhas artificiais que ningu\u00e9m sabe como foi erguida e tem lendas de drag\u00f5es\" class=\"wp-image-209764\" srcset=\"https:\/\/www.correiobraziliense.com.br\/cbradar\/wp-content\/uploads\/2026\/03\/aaa-33.png 1280w, https:\/\/www.correiobraziliense.com.br\/cbradar\/wp-content\/uploads\/2026\/03\/aaa-33-300x169.png 300w, https:\/\/www.correiobraziliense.com.br\/cbradar\/wp-content\/uploads\/2026\/03\/aaa-33-768x432.png 768w, https:\/\/www.correiobraziliense.com.br\/cbradar\/wp-content\/uploads\/2026\/03\/aaa-33-750x422.png 750w, https:\/\/www.correiobraziliense.com.br\/cbradar\/wp-content\/uploads\/2026\/03\/aaa-33-1140x641.png 1140w\" sizes=\"(max-width: 1280px) 100vw, 1280px\" \/><figcaption class=\"wp-element-caption\">A separa\u00e7\u00e3o f\u00edsica entre governantes e governados refor\u00e7ava uma aura de autoridade divina que os sacerdotes cultivavam com rituais elaborados. \/ Cr\u00e9ditos: Wikip\u00e9dia \/ Wikimedia Commons<\/figcaption><\/figure><\/div>\n\n\n<h2 class=\"wp-block-heading\">A enguia sagrada que decidia o destino da ilha<\/h2>\n\n\n\n<p>Na ilhota de <strong>Idehd<\/strong>, sacerdotes realizavam anualmente a cerim\u00f4nia chamada <strong>Pwung en Sapw<\/strong>. Uma tartaruga marinha era cozida, e suas v\u00edsceras oferecidas a <strong>Nan Samol<\/strong>, uma enguia-moreia gigante mantida em um po\u00e7o de \u00e1gua salgada. Se a enguia aceitasse a oferta, o deus da agricultura estava satisfeito com a conduta dos habitantes. A <a href=\"https:\/\/www.csrmfoundation.org\/new-blog\/2018\/12\/14\/the-sacred-eels-and-turtles-of-nan-madol\" target=\"_blank\" rel=\"noreferrer noopener\"><strong>Cultural Site Research and Management Foundation (CSRM)<\/strong><\/a> documenta que a tartaruga tamb\u00e9m simbolizava os tr\u00eas distritos pol\u00edticos de Pohnpei.<\/p>\n\n\n\n<p>O <a href=\"https:\/\/www.metmuseum.org\/toah\/hd\/nmad\/hd_nmad.htm\" target=\"_blank\" rel=\"noreferrer noopener\"><strong>Metropolitan Museum of Art<\/strong><\/a> destaca que escava\u00e7\u00f5es arqueol\u00f3gicas encontraram vest\u00edgios dos pequenos canais por onde as enguias entravam e restos das tartarugas sacrificiais, confirmando relatos orais transmitidos por s\u00e9culos. Ainda hoje, enguias s\u00e3o consideradas sagradas em Pohnpei e n\u00e3o s\u00e3o consumidas pela popula\u00e7\u00e3o local.<\/p>\n\n\n\n<h2 class=\"wp-block-heading\">Muros de 7,5 metros protegem o t\u00famulo real<\/h2>\n\n\n\n<p>A estrutura mais imponente de Nan Madol \u00e9 <strong>Nandauwas<\/strong>, a ilhota funer\u00e1ria real. Suas paredes de basalto colunar chegam a 7,5 metros de altura e cercam um p\u00e1tio central com a tumba do primeiro Saudeleur. O setor mortu\u00e1rio, chamado <strong>Madol Powe<\/strong>, ocupa 58 das ilhotas e era habitado principalmente por sacerdotes.<\/p>\n\n\n\n<p>A cidade funcionava como um organismo: cada ilhota cumpria um papel definido pela hierarquia Saudeleur. O mapeamento arqueol\u00f3gico revelou ao menos cinco fun\u00e7\u00f5es distintas.<\/p>\n\n\n\n<ul class=\"wp-block-list\">\n<li><strong>Nandauwas<\/strong>: t\u00famulo real do primeiro Saudeleur, protegido por muros de at\u00e9 7,5 metros.<\/li>\n\n\n\n<li><strong>Dapahu<\/strong>: estaleiro onde canoas eram constru\u00eddas para o transporte entre ilhotas.<\/li>\n\n\n\n<li><strong>Peinering<\/strong>: centro de produ\u00e7\u00e3o de \u00f3leo de coco usado em cerim\u00f4nias religiosas.<\/li>\n\n\n\n<li><strong>Idehd<\/strong>: sede do ritual anual da enguia sagrada e dos sacrif\u00edcios de tartaruga.<\/li>\n\n\n\n<li><strong>Pwalahng<\/strong> e <strong>Usendau<\/strong>: postos de comunica\u00e7\u00e3o onde trombetas de concha e tambores transmitiam ordens oficiais.<\/li>\n<\/ul>\n\n\n\n<p>A parte administrativa, <strong>Madol Pah<\/strong>, ficava a sudoeste e abrigava pal\u00e1cios e resid\u00eancias da nobreza. A divis\u00e3o entre setor sagrado e setor pol\u00edtico refor\u00e7ava o controle dos Saudeleur sobre toda a ilha de Pohnpei.<\/p>\n\n\n<div class=\"wp-block-image\">\n<figure class=\"aligncenter size-full\"><img decoding=\"async\" width=\"1280\" height=\"720\" src=\"https:\/\/www.correiobraziliense.com.br\/cbradar\/wp-content\/uploads\/2026\/03\/aaa-31.png\" alt=\"\" class=\"wp-image-209766\" srcset=\"https:\/\/www.correiobraziliense.com.br\/cbradar\/wp-content\/uploads\/2026\/03\/aaa-31.png 1280w, https:\/\/www.correiobraziliense.com.br\/cbradar\/wp-content\/uploads\/2026\/03\/aaa-31-300x169.png 300w, https:\/\/www.correiobraziliense.com.br\/cbradar\/wp-content\/uploads\/2026\/03\/aaa-31-768x432.png 768w, https:\/\/www.correiobraziliense.com.br\/cbradar\/wp-content\/uploads\/2026\/03\/aaa-31-750x422.png 750w, https:\/\/www.correiobraziliense.com.br\/cbradar\/wp-content\/uploads\/2026\/03\/aaa-31-1140x641.png 1140w\" sizes=\"(max-width: 1280px) 100vw, 1280px\" \/><figcaption class=\"wp-element-caption\">A linha do tempo de Nan Madol revela como a cidade passou de centro de poder a ru\u00edna amea\u00e7ada em menos de um mil\u00eanio. \/ Cr\u00e9ditos: Wikip\u00e9dia \/ Wikimedia Commons<\/figcaption><\/figure><\/div>\n\n\n<p><strong>Leia tamb\u00e9m: <a href=\"https:\/\/www.correiobraziliense.com.br\/cbradar\/uma-pequena-italia-no-interior-do-sul-com-2-600-moradores-e-a-maior-produtora-de-uvas-preserva-tradicoes-e-encanta-turistas\/\" target=\"_blank\" rel=\"noreferrer noopener\">Uma pequena It\u00e1lia no interior do Sul com 2.600 moradores \u00e9 a maior produtora de uvas, preserva tradi\u00e7\u00f5es e encanta turistas.<\/a><\/strong><\/p>\n\n\n\n<h2 class=\"wp-block-heading\">Patrim\u00f4nio Mundial e amea\u00e7a simult\u00e2nea<\/h2>\n\n\n\n<p>Em <strong>15 de julho de 2016<\/strong>, a <strong>UNESCO<\/strong> inscreveu Nan Madol na Lista do Patrim\u00f4nio Mundial e, no mesmo ato, na Lista do Patrim\u00f4nio em Perigo, o primeiro s\u00edtio da <strong>Micron\u00e9sia<\/strong> a receber ambas as designa\u00e7\u00f5es. A amea\u00e7a principal \u00e9 o assoreamento dos canais, que acelera o crescimento descontrolado de manguezais. As ra\u00edzes penetram entre as colunas de basalto e desestabilizam muros que resistiram a s\u00e9culos de mar\u00e9s.<\/p>\n\n\n\n<p>O <a href=\"https:\/\/hpo.pohnpeistate.gov.fm\/nan-madol-site\/\" target=\"_blank\" rel=\"noreferrer noopener\"><strong>Pohnpei State Historic Preservation Office<\/strong><\/a> administra o s\u00edtio em parceria com chefes tradicionais Nahnmwarki, que mant\u00eam autoridade costumeira sobre o territ\u00f3rio. A eleva\u00e7\u00e3o do n\u00edvel do mar no Pac\u00edfico adiciona urg\u00eancia: sem interven\u00e7\u00e3o, a cidade que desafiou a engenharia pode sucumbir \u00e0 pr\u00f3pria \u00e1gua que a cerca.<\/p>\n\n\n\n<p>A linha do tempo de Nan Madol revela como a cidade passou de centro de poder a ru\u00edna amea\u00e7ada em menos de um mil\u00eanio.<\/p>\n\n\n\n<div class=\"google-auto-ads-ignore\" style=\"font-family: 'Segoe UI', Roboto, -apple-system, sans-serif; max-width: 850px; margin: 20px auto; box-sizing: border-box; background-color: #ffffff; -webkit-font-smoothing: antialiased; text-rendering: optimizeLegibility;\">\n    \n    <div style=\"background: #fffcfc; border-radius: 20px; overflow: hidden; border: 1px solid #bae6fd; display: flex; flex-direction: column; box-shadow: 0 4px 15px rgba(2, 132, 199, 0.05);\">\n        \n        <div style=\"background: linear-gradient(135deg, #38bdf8 0%, #0284c7 100%); padding: 20px 30px; text-align: left;\">\n            <div style=\"font-size: 24px; font-weight: 800; color: #ffffff; letter-spacing: -0.5px; line-height: 1.2;\">\n                Cronologia e Impactos Hist\u00f3ricos de Nan Madol\n            <\/div>\n            <div style=\"font-size: 14px; color: #e0f2fe; margin-top: 4px; font-weight: 500; opacity: 0.9;\">\n                Principais marcos da &#8220;Veneza do Pac\u00edfico&#8221;, desde sua ascens\u00e3o megal\u00edtica at\u00e9 o reconhecimento global\n            <\/div>\n        <\/div>\n\n        <div style=\"padding: 15px;\">\n            <div style=\"display: grid; width: 100%; grid-template-columns: 0.8fr 1.4fr 2fr; gap: 1px; background-color: #7dd3fc; border-radius: 12px; border: 1px solid #7dd3fc; overflow: hidden;\">\n                \n                <div style=\"background: #f0f9ff; padding: 10px; font-weight: 800; font-size: 11px; text-transform: uppercase; color: #0c4a6e; text-align: center;\">Per\u00edodo<\/div>\n                <div style=\"background: #f0f9ff; padding: 10px; font-weight: 800; font-size: 11px; text-transform: uppercase; color: #0c4a6e; text-align: center;\">Evento<\/div>\n                <div style=\"background: #f0f9ff; padding: 10px; font-weight: 800; font-size: 11px; text-transform: uppercase; color: #0c4a6e; text-align: center;\">Impacto<\/div>\n\n                <div style=\"background: #ffffff; padding: 12px; font-weight: 800; color: #0284c7; font-size: 14px; display: flex; align-items: center; justify-content: center;\">1180-1200 d.C.<\/div>\n                <div style=\"background: #ffffff; padding: 12px; font-size: 13px; color: #1e293b; font-weight: 600; display: flex; align-items: center;\">In\u00edcio da constru\u00e7\u00e3o megal\u00edtica<\/div>\n                <div style=\"background: #ffffff; padding: 12px; font-size: 13px; line-height: 1.4; color: #1e293b; display: flex; align-items: center;\">Basalto transportado por mais de 40 km at\u00e9 o recife de coral.<\/div>\n\n                <div style=\"background: #f8fafc; padding: 12px; font-weight: 800; color: #0284c7; font-size: 14px; display: flex; align-items: center; justify-content: center;\">~1628<\/div>\n                <div style=\"background: #f8fafc; padding: 12px; font-size: 13px; color: #1e293b; font-weight: 600; display: flex; align-items: center;\">Queda da dinastia Saudeleur<\/div>\n                <div style=\"background: #f8fafc; padding: 12px; font-size: 13px; line-height: 1.4; color: #1e293b; display: flex; align-items: center;\">Invas\u00e3o de Isokelekel encerra definitivamente o governo centralizado.<\/div>\n\n                <div style=\"background: #ffffff; padding: 12px; font-weight: 800; color: #0284c7; font-size: 14px; display: flex; align-items: center; justify-content: center;\">1874<\/div>\n                <div style=\"background: #ffffff; padding: 12px; font-size: 13px; color: #1e293b; font-weight: 600; display: flex; align-items: center;\">Primeira descri\u00e7\u00e3o cient\u00edfica<\/div>\n                <div style=\"background: #ffffff; padding: 12px; font-size: 13px; line-height: 1.4; color: #1e293b; display: flex; align-items: center;\">O etn\u00f3grafo polon\u00eas J. S. Kubary documenta detalhadamente as ru\u00ednas.<\/div>\n\n                <div style=\"background: #f8fafc; padding: 12px; font-weight: 800; color: #0284c7; font-size: 14px; display: flex; align-items: center; justify-content: center;\">1985<\/div>\n                <div style=\"background: #f8fafc; padding: 12px; font-size: 13px; color: #1e293b; font-weight: 600; display: flex; align-items: center;\">Marco Hist\u00f3rico Nacional dos EUA<\/div>\n                <div style=\"background: #f8fafc; padding: 12px; font-size: 13px; line-height: 1.4; color: #1e293b; display: flex; align-items: center;\">Prote\u00e7\u00e3o federal garantida como um importante distrito arqueol\u00f3gico.<\/div>\n\n                <div style=\"background: #ffffff; padding: 12px; font-weight: 800; color: #0284c7; font-size: 14px; display: flex; align-items: center; justify-content: center;\">2016<\/div>\n                <div style=\"background: #ffffff; padding: 12px; font-size: 13px; color: #1e293b; font-weight: 600; display: flex; align-items: center;\">Patrim\u00f4nio Mundial (UNESCO)<\/div>\n                <div style=\"background: #ffffff; padding: 12px; font-size: 13px; line-height: 1.4; color: #1e293b; display: flex; align-items: center;\">Reconhecimento global e inclus\u00e3o na Lista do Patrim\u00f4nio em Perigo.<\/div>\n            <\/div>\n        <\/div>\n\n        <div style=\"padding: 10px 30px; background: #f0f9ff; border-top: 1px solid #bae6fd; font-size: 12px; color: #0c4a6e; font-style: italic; display: flex; align-items: center; gap: 8px; font-weight: 600;\">\n            <div style=\"min-width: 6px; height: 6px; background: #0284c7; border-radius: 50%;\"><\/div>\n            Informa\u00e7\u00e3o: Nan Madol \u00e9 a \u00fanica cidade antiga erguida sobre um recife de coral, representando um dos maiores feitos da engenharia oce\u00e2nica da hist\u00f3ria.\n        <\/div>\n        \n    <\/div>\n<\/div>\n\n\n\n<p><em>Fontes: <a href=\"https:\/\/whc.unesco.org\/en\/list\/1503\/\" target=\"_blank\" rel=\"noreferrer noopener\"><strong>UNESCO<\/strong><\/a> e <a href=\"https:\/\/www.nps.gov\/places\/nan-madol.htm\" target=\"_blank\" rel=\"noreferrer noopener\"><strong>U.S. National Park Service<\/strong><\/a>.<\/em><\/p>\n\n\n<div class=\"wp-block-image\">\n<figure class=\"aligncenter size-full\"><img decoding=\"async\" width=\"1280\" height=\"720\" src=\"https:\/\/www.correiobraziliense.com.br\/cbradar\/wp-content\/uploads\/2026\/03\/aaa-32.png\" alt=\"\" class=\"wp-image-209765\" srcset=\"https:\/\/www.correiobraziliense.com.br\/cbradar\/wp-content\/uploads\/2026\/03\/aaa-32.png 1280w, https:\/\/www.correiobraziliense.com.br\/cbradar\/wp-content\/uploads\/2026\/03\/aaa-32-300x169.png 300w, https:\/\/www.correiobraziliense.com.br\/cbradar\/wp-content\/uploads\/2026\/03\/aaa-32-768x432.png 768w, https:\/\/www.correiobraziliense.com.br\/cbradar\/wp-content\/uploads\/2026\/03\/aaa-32-750x422.png 750w, https:\/\/www.correiobraziliense.com.br\/cbradar\/wp-content\/uploads\/2026\/03\/aaa-32-1140x641.png 1140w\" sizes=\"(max-width: 1280px) 100vw, 1280px\" \/><figcaption class=\"wp-element-caption\">Se algum lugar no planeta merece ser visto antes que o oceano decida reclam\u00e1-lo de volta, \u00e9 esse labirinto de pedra perdido na Micron\u00e9sia. \/ Cr\u00e9ditos: Wikip\u00e9dia \/ Wikimedia Commons<\/figcaption><\/figure><\/div>\n\n\n<h2 class=\"wp-block-heading\">A lenda dos feiticeiros e do drag\u00e3o voador<\/h2>\n\n\n\n<p>A tradi\u00e7\u00e3o oral de Pohnpei atribui a funda\u00e7\u00e3o de Nan Madol aos irm\u00e3os <strong>Olisihpa<\/strong> e <strong>Olosohpa<\/strong>, feiticeiros vindos da m\u00edtica terra de <strong>Katau Ocidental<\/strong>. Segundo a <a href=\"https:\/\/whc.unesco.org\/en\/list\/1503\/\" target=\"_blank\" rel=\"noreferrer noopener\"><strong>UNESCO<\/strong><\/a>, os dois teriam navegado em uma grande canoa at\u00e9 encontrar o local ideal para erguer um altar ao deus da agricultura, <strong>Nahnisohn Sahpw<\/strong>. A lenda diz que levitaram as pedras gigantescas com a ajuda de um drag\u00e3o voador.<\/p>\n\n\n\n<p>Quando Olisihpa morreu de velhice, Olosohpa casou-se com uma mulher local e fundou a dinastia Saudeleur, que gerou dezesseis governantes ao longo de doze gera\u00e7\u00f5es. As ru\u00ednas tamb\u00e9m inspiraram a fic\u00e7\u00e3o moderna: o escritor <strong>H.P. Lovecraft<\/strong> usou relatos sobre Nan Madol como base para criar <strong>R&#8217;lyeh<\/strong>, a cidade submersa de Cthulhu.<\/p>\n\n\n\n<h2 class=\"wp-block-heading\">Um enigma de cidade flutuante que o oceano ainda guarda<\/h2>\n\n\n\n<p><strong>Nan Madol \u00e9 uma contradi\u00e7\u00e3o monumental: uma metr\u00f3pole sem \u00e1gua pot\u00e1vel, erguida no mar por um povo sem escrita, sem metal e sem roda. <\/strong>Os muros negros de basalto continuam de p\u00e9 sobre o coral, silenciosos como os construtores que os empilharam pedra por pedra h\u00e1 mais de oito s\u00e9culos.<\/p>\n\n\n\n<p>Se algum lugar no planeta merece ser visto antes que o oceano decida reclam\u00e1-lo de volta, \u00e9 esse labirinto de pedra perdido na Micron\u00e9sia.<\/p>\n","protected":false},"excerpt":{"rendered":"<p>Muros emergem da lagoa como costelas de uma civiliza\u00e7\u00e3o afogada. Nan Madol \u00e9 uma cidade flutuante no litoral sudeste da ilha de Pohnpei, \u00e9 um labirinto de 92 ilhotas artificiais constru\u00eddas com colunas de rocha vulc\u00e2nica sobre um recife de coral. Nenhuma roda, nenhuma roldana, nenhum metal. Apenas for\u00e7a humana, \u00e1gua salgada e um mist\u00e9rio [&hellip;]<\/p>\n","protected":false},"author":8,"featured_media":209840,"comment_status":"open","ping_status":"open","sticky":false,"template":"","format":"standard","meta":{"_yoast_wpseo_focuskw":"cidade flutuante","_yoast_wpseo_title":"","_yoast_wpseo_metadesc":"Constru\u00edda sobre 92 ilhas artificiais h\u00e1 cerca de mil anos, essa cidade flutuante mistura hist\u00f3ria, mist\u00e9rio e antigas lendas de drag\u00f5es.","jnews-multi-image_gallery":[],"jnews_single_post":{"format":"standard"},"jnews_primary_category":[],"jnews_social_meta":[],"jnews_override_counter":[],"footnotes":""},"categories":[108,111],"tags":[16256,16255,16253,16254],"class_list":["post-209611","post","type-post","status-publish","format-standard","has-post-thumbnail","hentry","category-cidades","category-turismo","tag-cidade-antiga","tag-ilha-flutuante","tag-nan-madol","tag-pohnpei"],"yoast_head":"<!-- This site is optimized with the Yoast SEO plugin v24.6 - https:\/\/yoast.com\/wordpress\/plugins\/seo\/ -->\n<title>A enigm\u00e1tica cidade flutuante erguida h\u00e1 1.000 anos sobre 92 ilhas artificiais que ningu\u00e9m sabe como foi constru\u00edda e guarda at\u00e9 lendas de drag\u00f5es - Correio Braziliense - Radar<\/title>\n<meta name=\"description\" content=\"Constru\u00edda sobre 92 ilhas artificiais h\u00e1 cerca de mil anos, essa cidade flutuante mistura hist\u00f3ria, mist\u00e9rio e antigas lendas de drag\u00f5es.\" \/>\n<meta name=\"robots\" content=\"index, follow, max-snippet:-1, max-image-preview:large, max-video-preview:-1\" \/>\n<link rel=\"canonical\" href=\"https:\/\/www.correiobraziliense.com.br\/cbradar\/o-enigma-da-cidade-flutuante-de-1-000-anos-construida-sobre-92-ilhas-artificiais-que-ninguem-sabe-como-foi-erguida-e-tem-lendas-de-dragoes\/\" \/>\n<meta property=\"og:locale\" content=\"pt_BR\" \/>\n<meta property=\"og:type\" content=\"article\" \/>\n<meta property=\"og:title\" content=\"A enigm\u00e1tica cidade flutuante erguida h\u00e1 1.000 anos sobre 92 ilhas artificiais que ningu\u00e9m sabe como foi constru\u00edda e guarda at\u00e9 lendas de drag\u00f5es - Correio Braziliense - Radar\" \/>\n<meta property=\"og:description\" content=\"Constru\u00edda sobre 92 ilhas artificiais h\u00e1 cerca de mil anos, essa cidade flutuante mistura hist\u00f3ria, mist\u00e9rio e antigas lendas de drag\u00f5es.\" \/>\n<meta property=\"og:url\" content=\"https:\/\/www.correiobraziliense.com.br\/cbradar\/o-enigma-da-cidade-flutuante-de-1-000-anos-construida-sobre-92-ilhas-artificiais-que-ninguem-sabe-como-foi-erguida-e-tem-lendas-de-dragoes\/\" \/>\n<meta property=\"og:site_name\" content=\"Correio Braziliense - Radar\" \/>\n<meta property=\"article:published_time\" content=\"2026-03-17T09:25:00+00:00\" \/>\n<meta property=\"og:image\" content=\"https:\/\/www.correiobraziliense.com.br\/cbradar\/wp-content\/uploads\/2026\/03\/aaa-34.png\" \/>\n\t<meta property=\"og:image:width\" content=\"1280\" \/>\n\t<meta property=\"og:image:height\" content=\"720\" \/>\n\t<meta property=\"og:image:type\" content=\"image\/png\" \/>\n<meta name=\"author\" content=\"Maura Pereira\" \/>\n<meta name=\"twitter:card\" content=\"summary_large_image\" \/>\n<meta name=\"twitter:label1\" content=\"Escrito por\" \/>\n\t<meta name=\"twitter:data1\" content=\"Maura Pereira\" \/>\n\t<meta name=\"twitter:label2\" content=\"Est. tempo de leitura\" \/>\n\t<meta name=\"twitter:data2\" content=\"9 minutos\" \/>\n<!-- \/ Yoast SEO plugin. -->","yoast_head_json":{"title":"A enigm\u00e1tica cidade flutuante erguida h\u00e1 1.000 anos sobre 92 ilhas artificiais que ningu\u00e9m sabe como foi constru\u00edda e guarda at\u00e9 lendas de drag\u00f5es - Correio Braziliense - Radar","description":"Constru\u00edda sobre 92 ilhas artificiais h\u00e1 cerca de mil anos, essa cidade flutuante mistura hist\u00f3ria, mist\u00e9rio e antigas lendas de drag\u00f5es.","robots":{"index":"index","follow":"follow","max-snippet":"max-snippet:-1","max-image-preview":"max-image-preview:large","max-video-preview":"max-video-preview:-1"},"canonical":"https:\/\/www.correiobraziliense.com.br\/cbradar\/o-enigma-da-cidade-flutuante-de-1-000-anos-construida-sobre-92-ilhas-artificiais-que-ninguem-sabe-como-foi-erguida-e-tem-lendas-de-dragoes\/","og_locale":"pt_BR","og_type":"article","og_title":"A enigm\u00e1tica cidade flutuante erguida h\u00e1 1.000 anos sobre 92 ilhas artificiais que ningu\u00e9m sabe como foi constru\u00edda e guarda at\u00e9 lendas de drag\u00f5es - Correio Braziliense - Radar","og_description":"Constru\u00edda sobre 92 ilhas artificiais h\u00e1 cerca de mil anos, essa cidade flutuante mistura hist\u00f3ria, mist\u00e9rio e antigas lendas de drag\u00f5es.","og_url":"https:\/\/www.correiobraziliense.com.br\/cbradar\/o-enigma-da-cidade-flutuante-de-1-000-anos-construida-sobre-92-ilhas-artificiais-que-ninguem-sabe-como-foi-erguida-e-tem-lendas-de-dragoes\/","og_site_name":"Correio Braziliense - Radar","article_published_time":"2026-03-17T09:25:00+00:00","og_image":[{"width":1280,"height":720,"url":"https:\/\/www.correiobraziliense.com.br\/cbradar\/wp-content\/uploads\/2026\/03\/aaa-34.png","type":"image\/png"}],"author":"Maura Pereira","twitter_card":"summary_large_image","twitter_misc":{"Escrito por":"Maura Pereira","Est. tempo de leitura":"9 minutos"},"schema":{"@context":"https:\/\/schema.org","@graph":[{"@type":"WebPage","@id":"https:\/\/www.correiobraziliense.com.br\/cbradar\/o-enigma-da-cidade-flutuante-de-1-000-anos-construida-sobre-92-ilhas-artificiais-que-ninguem-sabe-como-foi-erguida-e-tem-lendas-de-dragoes\/","url":"https:\/\/www.correiobraziliense.com.br\/cbradar\/o-enigma-da-cidade-flutuante-de-1-000-anos-construida-sobre-92-ilhas-artificiais-que-ninguem-sabe-como-foi-erguida-e-tem-lendas-de-dragoes\/","name":"A enigm\u00e1tica cidade flutuante erguida h\u00e1 1.000 anos sobre 92 ilhas artificiais que ningu\u00e9m sabe como foi constru\u00edda e guarda at\u00e9 lendas de drag\u00f5es - Correio Braziliense - Radar","isPartOf":{"@id":"https:\/\/www.correiobraziliense.com.br\/cbradar\/#website"},"primaryImageOfPage":{"@id":"https:\/\/www.correiobraziliense.com.br\/cbradar\/o-enigma-da-cidade-flutuante-de-1-000-anos-construida-sobre-92-ilhas-artificiais-que-ninguem-sabe-como-foi-erguida-e-tem-lendas-de-dragoes\/#primaryimage"},"image":{"@id":"https:\/\/www.correiobraziliense.com.br\/cbradar\/o-enigma-da-cidade-flutuante-de-1-000-anos-construida-sobre-92-ilhas-artificiais-que-ninguem-sabe-como-foi-erguida-e-tem-lendas-de-dragoes\/#primaryimage"},"thumbnailUrl":"https:\/\/www.correiobraziliense.com.br\/cbradar\/wp-content\/uploads\/2026\/03\/aaa-34.png","datePublished":"2026-03-17T09:25:00+00:00","author":{"@id":"https:\/\/www.correiobraziliense.com.br\/cbradar\/#\/schema\/person\/4053c651a9bfc785afc6f4cbc9032fd3"},"description":"Constru\u00edda sobre 92 ilhas artificiais h\u00e1 cerca de mil anos, essa cidade flutuante mistura hist\u00f3ria, mist\u00e9rio e antigas lendas de drag\u00f5es.","breadcrumb":{"@id":"https:\/\/www.correiobraziliense.com.br\/cbradar\/o-enigma-da-cidade-flutuante-de-1-000-anos-construida-sobre-92-ilhas-artificiais-que-ninguem-sabe-como-foi-erguida-e-tem-lendas-de-dragoes\/#breadcrumb"},"inLanguage":"pt-BR","potentialAction":[{"@type":"ReadAction","target":["https:\/\/www.correiobraziliense.com.br\/cbradar\/o-enigma-da-cidade-flutuante-de-1-000-anos-construida-sobre-92-ilhas-artificiais-que-ninguem-sabe-como-foi-erguida-e-tem-lendas-de-dragoes\/"]}]},{"@type":"ImageObject","inLanguage":"pt-BR","@id":"https:\/\/www.correiobraziliense.com.br\/cbradar\/o-enigma-da-cidade-flutuante-de-1-000-anos-construida-sobre-92-ilhas-artificiais-que-ninguem-sabe-como-foi-erguida-e-tem-lendas-de-dragoes\/#primaryimage","url":"https:\/\/www.correiobraziliense.com.br\/cbradar\/wp-content\/uploads\/2026\/03\/aaa-34.png","contentUrl":"https:\/\/www.correiobraziliense.com.br\/cbradar\/wp-content\/uploads\/2026\/03\/aaa-34.png","width":1280,"height":720,"caption":"Uma metr\u00f3pole sem \u00e1gua pot\u00e1vel, erguida no mar por um povo sem escrita, sem metal e sem roda. \/ Imagem ilustrativa"},{"@type":"BreadcrumbList","@id":"https:\/\/www.correiobraziliense.com.br\/cbradar\/o-enigma-da-cidade-flutuante-de-1-000-anos-construida-sobre-92-ilhas-artificiais-que-ninguem-sabe-como-foi-erguida-e-tem-lendas-de-dragoes\/#breadcrumb","itemListElement":[{"@type":"ListItem","position":1,"name":"In\u00edcio","item":"https:\/\/www.correiobraziliense.com.br\/cbradar\/"},{"@type":"ListItem","position":2,"name":"A enigm\u00e1tica cidade flutuante erguida h\u00e1 1.000 anos sobre 92 ilhas artificiais que ningu\u00e9m sabe como foi constru\u00edda e guarda at\u00e9 lendas de drag\u00f5es"}]},{"@type":"WebSite","@id":"https:\/\/www.correiobraziliense.com.br\/cbradar\/#website","url":"https:\/\/www.correiobraziliense.com.br\/cbradar\/","name":"Correio Braziliense - Radar","description":"Acompanhe as \u00faltimas not\u00edcias e fique bem informado sobre tudo o que acontece no Brasil e no mundo.","potentialAction":[{"@type":"SearchAction","target":{"@type":"EntryPoint","urlTemplate":"https:\/\/www.correiobraziliense.com.br\/cbradar\/?s={search_term_string}"},"query-input":{"@type":"PropertyValueSpecification","valueRequired":true,"valueName":"search_term_string"}}],"inLanguage":"pt-BR"},{"@type":"Person","@id":"https:\/\/www.correiobraziliense.com.br\/cbradar\/#\/schema\/person\/4053c651a9bfc785afc6f4cbc9032fd3","name":"Maura Pereira","image":{"@type":"ImageObject","inLanguage":"pt-BR","@id":"https:\/\/www.correiobraziliense.com.br\/cbradar\/#\/schema\/person\/image\/","url":"https:\/\/secure.gravatar.com\/avatar\/3effd6bdadfa447f15089c7f7144eaa6?s=96&d=mm&r=g","contentUrl":"https:\/\/secure.gravatar.com\/avatar\/3effd6bdadfa447f15089c7f7144eaa6?s=96&d=mm&r=g","caption":"Maura Pereira"},"sameAs":["https:\/\/www.correiobraziliense.com.br\/"],"url":"https:\/\/www.correiobraziliense.com.br\/cbradar\/author\/mauramyth\/"}]}},"_links":{"self":[{"href":"https:\/\/www.correiobraziliense.com.br\/cbradar\/wp-json\/wp\/v2\/posts\/209611","targetHints":{"allow":["GET"]}}],"collection":[{"href":"https:\/\/www.correiobraziliense.com.br\/cbradar\/wp-json\/wp\/v2\/posts"}],"about":[{"href":"https:\/\/www.correiobraziliense.com.br\/cbradar\/wp-json\/wp\/v2\/types\/post"}],"author":[{"embeddable":true,"href":"https:\/\/www.correiobraziliense.com.br\/cbradar\/wp-json\/wp\/v2\/users\/8"}],"replies":[{"embeddable":true,"href":"https:\/\/www.correiobraziliense.com.br\/cbradar\/wp-json\/wp\/v2\/comments?post=209611"}],"version-history":[{"count":29,"href":"https:\/\/www.correiobraziliense.com.br\/cbradar\/wp-json\/wp\/v2\/posts\/209611\/revisions"}],"predecessor-version":[{"id":209864,"href":"https:\/\/www.correiobraziliense.com.br\/cbradar\/wp-json\/wp\/v2\/posts\/209611\/revisions\/209864"}],"wp:featuredmedia":[{"embeddable":true,"href":"https:\/\/www.correiobraziliense.com.br\/cbradar\/wp-json\/wp\/v2\/media\/209840"}],"wp:attachment":[{"href":"https:\/\/www.correiobraziliense.com.br\/cbradar\/wp-json\/wp\/v2\/media?parent=209611"}],"wp:term":[{"taxonomy":"category","embeddable":true,"href":"https:\/\/www.correiobraziliense.com.br\/cbradar\/wp-json\/wp\/v2\/categories?post=209611"},{"taxonomy":"post_tag","embeddable":true,"href":"https:\/\/www.correiobraziliense.com.br\/cbradar\/wp-json\/wp\/v2\/tags?post=209611"}],"curies":[{"name":"wp","href":"https:\/\/api.w.org\/{rel}","templated":true}]}}