{"id":209613,"date":"2026-03-17T08:25:00","date_gmt":"2026-03-17T11:25:00","guid":{"rendered":"https:\/\/www.correiobraziliense.com.br\/cbradar\/?p=209613"},"modified":"2026-03-17T00:43:31","modified_gmt":"2026-03-17T03:43:31","slug":"uma-vila-na-italia-usa-um-espelho-gigante-no-topo-da-montanha-para-refletir-a-luz-solar-na-cidade-durante-o-inverno","status":"publish","type":"post","link":"https:\/\/www.correiobraziliense.com.br\/cbradar\/uma-vila-na-italia-usa-um-espelho-gigante-no-topo-da-montanha-para-refletir-a-luz-solar-na-cidade-durante-o-inverno\/","title":{"rendered":"Uma vila na It\u00e1lia usa um espelho gigante no topo da montanha para refletir a luz solar na cidade durante o inverno"},"content":{"rendered":"\n<p>Todo ano, em 11 de novembro, o sol desaparece em <strong>Viganella<\/strong>, uma pequena vila na <strong>It\u00e1lia<\/strong>. A sombra projetada pelas montanhas do <strong>Vale Antrona<\/strong>, nos <strong>Alpes italianos<\/strong>, engole a vila inteira e s\u00f3 a libera em 2 de fevereiro. S\u00e3o exatos 83 dias na penumbra. Em 2006, os moradores resolveram o problema com uma ideia que parecia imposs\u00edvel: pendurar um espelho de 40 metros quadrados na encosta oposta para devolver o sol \u00e0 pra\u00e7a principal.<\/p>\n\n\n\n<h2 class=\"wp-block-heading\">Como nasce a ideia de roubar luz do c\u00e9u?<\/h2>\n\n\n\n<p>Em <strong>1999<\/strong>, o arquiteto local <strong>Giacomo Bonzani<\/strong> prop\u00f4s instalar um rel\u00f3gio de sol na fachada da igreja. O prefeito <strong>Pierfranco Midali<\/strong> rejeitou a sugest\u00e3o e fez uma contraproposta mais ambiciosa: trazer o pr\u00f3prio sol de volta \u00e0 vila durante os 83 dias de escurid\u00e3o. Bonzani aceitou o desafio e, com o engenheiro <strong>Gianni Ferrari<\/strong>, projetou um heliostato,<strong> um espelho motorizado capaz de rastrear o movimento solar e redirecionar os raios para baixo.<\/strong><\/p>\n\n\n\n<p>O projeto levou sete anos entre concep\u00e7\u00e3o e inaugura\u00e7\u00e3o. O financiamento de cerca de 100 mil euros veio de patrocinadores p\u00fablicos e privados. Em <strong>17 de dezembro de 2006<\/strong>, o espelho foi ativado pela primeira vez. Bonzani resumiu a aposta em uma frase que circulou pela imprensa europeia: &#8220;Eu tenho f\u00e9 na f\u00edsica&#8221;.<\/p>\n\n\n<div class=\"wp-block-image\">\n<figure class=\"aligncenter size-full\"><img decoding=\"async\" width=\"1280\" height=\"720\" src=\"https:\/\/www.correiobraziliense.com.br\/cbradar\/wp-content\/uploads\/2026\/03\/aaa-37.png\" alt=\"Uma vila na It\u00e1lia usa um espelho gigante no topo da montanha para refletir a luz solar na cidade durante o inverno\" class=\"wp-image-209885\" srcset=\"https:\/\/www.correiobraziliense.com.br\/cbradar\/wp-content\/uploads\/2026\/03\/aaa-37.png 1280w, https:\/\/www.correiobraziliense.com.br\/cbradar\/wp-content\/uploads\/2026\/03\/aaa-37-300x169.png 300w, https:\/\/www.correiobraziliense.com.br\/cbradar\/wp-content\/uploads\/2026\/03\/aaa-37-768x432.png 768w, https:\/\/www.correiobraziliense.com.br\/cbradar\/wp-content\/uploads\/2026\/03\/aaa-37-750x422.png 750w, https:\/\/www.correiobraziliense.com.br\/cbradar\/wp-content\/uploads\/2026\/03\/aaa-37-1140x641.png 1140w\" sizes=\"(max-width: 1280px) 100vw, 1280px\" \/><figcaption class=\"wp-element-caption\">Todo ano, em 11 de novembro, o sol desaparece de Viganella. \/ Imagem ilustrativa<\/figcaption><\/figure><\/div>\n\n\n<h2 class=\"wp-block-heading\">O que o espelho faz e como funciona<\/h2>\n\n\n\n<p>O <strong>Specchio del Sole<\/strong> (Espelho do Sol) \u00e9 uma placa de a\u00e7o polido com 8 metros de largura por 5 de altura, pesando 1,1 tonelada. Foi fixado por helic\u00f3ptero em uma base de concreto ancorada na rocha a cerca de 870 metros acima da vila, na localidade de <strong>Scagiola<\/strong>. Um software controla motores el\u00e9tricos que inclinam e giram o espelho ao longo do dia, acompanhando a trajet\u00f3ria do sol. O sistema garante at\u00e9 seis horas di\u00e1rias de luz refletida na pra\u00e7a central de Viganella.<\/p>\n\n\n\n<div class=\"google-auto-ads-ignore\" style=\"font-family: 'Segoe UI', Roboto, -apple-system, sans-serif; max-width: 850px; margin: 20px auto; box-sizing: border-box; background-color: #ffffff; -webkit-font-smoothing: antialiased; text-rendering: optimizeLegibility;\">\n    \n    <div style=\"background: #fffcfc; border-radius: 20px; overflow: hidden; border: 1px solid #bae6fd; display: flex; flex-direction: column; box-shadow: 0 4px 15px rgba(2, 132, 199, 0.05);\">\n        \n        <div style=\"background: linear-gradient(135deg, #38bdf8 0%, #0284c7 100%); padding: 20px 30px; text-align: left;\">\n            <div style=\"font-size: 24px; font-weight: 800; color: #ffffff; letter-spacing: -0.5px; line-height: 1.2;\">\n                Dados t\u00e9cnicos e especifica\u00e7\u00f5es: O Espelho de Viganella\n            <\/div>\n            <div style=\"font-size: 14px; color: #e0f2fe; margin-top: 4px; font-weight: 500; opacity: 0.9;\">\n                Detalhes da engenharia que superou o bloqueio geogr\u00e1fico para iluminar o vilarejo durante o inverno\n            <\/div>\n        <\/div>\n\n        <div style=\"padding: 15px;\">\n            <div style=\"display: grid; width: 100%; grid-template-columns: 1fr 2fr; gap: 1px; background-color: #7dd3fc; border-radius: 12px; border: 1px solid #7dd3fc; overflow: hidden;\">\n                \n                <div style=\"background: #f0f9ff; padding: 12px; font-weight: 800; font-size: 11px; text-transform: uppercase; color: #0c4a6e; text-align: center;\">Caracter\u00edstica<\/div>\n                <div style=\"background: #f0f9ff; padding: 12px; font-weight: 800; font-size: 11px; text-transform: uppercase; color: #0c4a6e; text-align: center;\">Detalhe T\u00e9cnico<\/div>\n\n                <div style=\"background: #ffffff; padding: 14px; font-weight: 800; color: #0284c7; font-size: 13px; display: flex; align-items: center; justify-content: center; gap: 8px;\">\ud83d\udccf Dimens\u00f5es<\/div>\n                <div style=\"background: #ffffff; padding: 14px; font-size: 14px; color: #1e293b; font-weight: 600; text-align: left;\">8 m x 5 m (\u00c1rea total de 40 m\u00b2)<\/div>\n\n                <div style=\"background: #f8fafc; padding: 14px; font-weight: 800; color: #0284c7; font-size: 13px; display: flex; align-items: center; justify-content: center; gap: 8px;\">\u2696\ufe0f Peso<\/div>\n                <div style=\"background: #f8fafc; padding: 14px; font-size: 14px; color: #1e293b; font-weight: 600; text-align: left;\">1,1 tonelada<\/div>\n\n                <div style=\"background: #ffffff; padding: 14px; font-weight: 800; color: #0284c7; font-size: 13px; display: flex; align-items: center; justify-content: center; gap: 8px;\">\u26f0\ufe0f Altitude<\/div>\n                <div style=\"background: #ffffff; padding: 14px; font-size: 14px; color: #1e293b; font-weight: 600; text-align: left;\">~1.100 m acima do n\u00edvel do mar (Monte Scagiola)<\/div>\n\n                <div style=\"background: #f8fafc; padding: 14px; font-weight: 800; color: #0284c7; font-size: 13px; display: flex; align-items: center; justify-content: center; gap: 8px;\">\ud83d\udcc9 Desn\u00edvel<\/div>\n                <div style=\"background: #f8fafc; padding: 14px; font-size: 14px; color: #1e293b; font-weight: 600; text-align: left;\">~870 m em rela\u00e7\u00e3o \u00e0 pra\u00e7a central do vilarejo<\/div>\n\n                <div style=\"background: #ffffff; padding: 14px; font-weight: 800; color: #0284c7; font-size: 13px; display: flex; align-items: center; justify-content: center; gap: 8px;\">\ud83d\udcb0 Custo<\/div>\n                <div style=\"background: #ffffff; padding: 14px; font-size: 14px; color: #1e293b; font-weight: 600; text-align: left;\">\u20ac100.000 (M\u00e9dia de ~\u20ac540 por habitante na \u00e9poca)<\/div>\n\n                <div style=\"background: #f8fafc; padding: 14px; font-weight: 800; color: #0284c7; font-size: 13px; display: flex; align-items: center; justify-content: center; gap: 8px;\">\ud83d\udcc5 Inaugura\u00e7\u00e3o<\/div>\n                <div style=\"background: #f8fafc; padding: 14px; font-size: 14px; color: #1e293b; font-weight: 600; text-align: left;\">17 de dezembro de 2006<\/div>\n\n                <div style=\"background: #ffffff; padding: 14px; font-weight: 800; color: #0284c7; font-size: 13px; display: flex; align-items: center; justify-content: center; gap: 8px;\">\u2600\ufe0f Efici\u00eancia<\/div>\n                <div style=\"background: #ffffff; padding: 14px; font-size: 14px; color: #1e293b; font-weight: 600; text-align: left;\">At\u00e9 6 horas de luz solar refletida por dia<\/div>\n            <\/div>\n        <\/div>\n\n        <div style=\"padding: 10px 30px; background: #f0f9ff; border-top: 1px solid #bae6fd; font-size: 12px; color: #0c4a6e; font-style: italic; display: flex; align-items: center; gap: 8px; font-weight: 600;\">\n            <div style=\"min-width: 6px; height: 6px; background: #0284c7; border-radius: 50%;\"><\/div>\n            Curiosidade: O espelho \u00e9 controlado por software para rastrear o sol e refleti-lo exatamente na pra\u00e7a central de Viganella.\n        <\/div>\n        \n    <\/div>\n<\/div>\n\n\n\n<p><em>Dados t\u00e9cnicos compilados a partir da <a href=\"https:\/\/en.wikipedia.org\/wiki\/Viganella\" target=\"_blank\" rel=\"noreferrer noopener\"><strong>Wikipedia<\/strong><\/a> e do portal <a href=\"https:\/\/www.visitossola.it\/en\/poi\/the-viganella-mirror\/\" target=\"_blank\" rel=\"noreferrer noopener\"><strong>VisitOssola<\/strong><\/a>.<\/em><\/p>\n\n\n\n<h2 class=\"wp-block-heading\">O efeito que ningu\u00e9m previu na pra\u00e7a vazia<\/h2>\n\n\n\n<p><strong>Antes do espelho, a pra\u00e7a de Viganella ficava deserta durante o inverno.<\/strong> Depois da missa de domingo, ningu\u00e9m ficava do lado de fora. Quando a luz refletida passou a banhar as fachadas de pedra, o comportamento mudou. Os moradores come\u00e7aram a permanecer na pra\u00e7a, conversar e socializar mesmo com temperaturas baixas. O pr\u00f3prio Midali descreveu o fen\u00f4meno: a ideia n\u00e3o tinha base cient\u00edfica, tinha base humana, nascida do desejo de permitir que as pessoas convivessem no inverno. A medicina refor\u00e7a essa intui\u00e7\u00e3o, j\u00e1 que a falta prolongada de luz solar pode desencadear o <strong>transtorno afetivo sazonal (SAD)<\/strong>, condi\u00e7\u00e3o associada a baixos n\u00edveis de vitamina D e altera\u00e7\u00f5es de humor.<\/p>\n\n\n\n<p>O vilarejo, que enfrentava \u00eaxodo rural como tantos outros nos Alpes, ganhou visibilidade internacional. Viganella foi tema de dois filmes: o document\u00e1rio \u00edtalo-canadense <strong>Lo Specchio<\/strong> (2009) e o longa italiano <strong>C&#8217;\u00e8 tempo<\/strong> (2019). A artista multim\u00eddia <strong>Silvia Camporesi<\/strong> subiu a montanha em 2020 para fotografar o espelho de perto, registrando-o como uma escultura solit\u00e1ria na encosta.<\/p>\n\n\n\n<h2 class=\"wp-block-heading\">Quem copiou a ideia e por qu\u00ea?<\/h2>\n\n\n\n<p>O sucesso de Viganella inspirou outras comunidades cercadas por montanhas a buscar a mesma solu\u00e7\u00e3o. Em <strong>2013<\/strong>, a cidade norueguesa de <strong>Rjukan<\/strong> instalou tr\u00eas espelhos heliost\u00e1ticos no topo do monte <strong>Gaustatoppen<\/strong>, iluminando cerca de 600 m\u00b2 da pra\u00e7a central. A ideia original em Rjukan era de <strong>1913<\/strong>, proposta pelo industrial Sam Eyde, mas a tecnologia da \u00e9poca n\u00e3o permitia realiz\u00e1-la.<\/p>\n\n\n\n<ul class=\"wp-block-list\">\n<li><strong>Viganella<\/strong> (<strong>It\u00e1lia<\/strong>, 2006): 1 espelho de 40 m\u00b2, 83 dias sem sol, cerca de 200 habitantes.<\/li>\n\n\n\n<li><strong>Rjukan<\/strong> (<strong>Noruega<\/strong>, 2013): 3 espelhos de 17 m\u00b2 cada, 6 meses sem sol, cerca de 3.400 habitantes.<\/li>\n\n\n\n<li><strong>Rattenberg<\/strong> (<strong>\u00c1ustria<\/strong>): heliostatos menores testados para iluminar ruas do centro hist\u00f3rico.<\/li>\n<\/ul>\n\n\n\n<p>As tr\u00eas experi\u00eancias demonstram que vales estreitos e profundos compartilham o mesmo problema em diferentes latitudes, e que a \u00f3ptica b\u00e1sica pode resolv\u00ea-lo sem grandes emiss\u00f5es de carbono.<\/p>\n\n\n<div class=\"wp-block-image\">\n<figure class=\"aligncenter size-full\"><img decoding=\"async\" width=\"1280\" height=\"720\" src=\"https:\/\/www.correiobraziliense.com.br\/cbradar\/wp-content\/uploads\/2026\/03\/aaa-38.png\" alt=\"Uma vila na It\u00e1lia usa um espelho gigante no topo da montanha para refletir a luz solar na cidade durante o inverno\" class=\"wp-image-209886\" srcset=\"https:\/\/www.correiobraziliense.com.br\/cbradar\/wp-content\/uploads\/2026\/03\/aaa-38.png 1280w, https:\/\/www.correiobraziliense.com.br\/cbradar\/wp-content\/uploads\/2026\/03\/aaa-38-300x169.png 300w, https:\/\/www.correiobraziliense.com.br\/cbradar\/wp-content\/uploads\/2026\/03\/aaa-38-768x432.png 768w, https:\/\/www.correiobraziliense.com.br\/cbradar\/wp-content\/uploads\/2026\/03\/aaa-38-750x422.png 750w, https:\/\/www.correiobraziliense.com.br\/cbradar\/wp-content\/uploads\/2026\/03\/aaa-38-1140x641.png 1140w\" sizes=\"(max-width: 1280px) 100vw, 1280px\" \/><figcaption class=\"wp-element-caption\">Um espelho motorizado capaz de rastrear o movimento solar e redirecionar os raios para baixo. \/ Imagem ilustrativa<\/figcaption><\/figure><\/div>\n\n\n<p><strong>Leia tamb\u00e9m: <a href=\"https:\/\/www.correiobraziliense.com.br\/cbradar\/uma-pequena-italia-no-interior-do-sul-com-2-600-moradores-e-a-maior-produtora-de-uvas-preserva-tradicoes-e-encanta-turistas\/\" target=\"_blank\" rel=\"noreferrer noopener\">Uma pequena It\u00e1lia no interior do Sul com 2.600 moradores \u00e9 a maior produtora de uvas, preserva tradi\u00e7\u00f5es e encanta turistas.<\/a><\/strong><\/p>\n\n\n\n<h2 class=\"wp-block-heading\">Luz refletida sobre pedras centen\u00e1rias<\/h2>\n\n\n\n<p>Viganella existe desde pelo menos o s\u00e9culo XIII, quando mineradores de ferro j\u00e1 escavavam as encostas do Vale Antrona. A igreja paroquial dedicada \u00e0 <strong>Natividade da Virgem Maria<\/strong>, de <strong>1614<\/strong>, guarda esculturas e pinturas que sobreviveram a s\u00e9culos de invernos sombrios. <\/p>\n\n\n\n<p>Hoje a vila pertence ao munic\u00edpio de <strong>Borgomezzavalle<\/strong>, formado em 2016 pela fus\u00e3o com a vizinha <strong>Seppiana<\/strong>. A popula\u00e7\u00e3o caiu ao longo do s\u00e9culo XX e o \u00faltimo censo registrou cerca de 163 moradores, mas o espelho devolveu algo que n\u00fameros n\u00e3o medem: a vontade de ficar do lado de fora quando o inverno aperta.<\/p>\n\n\n\n<p><strong>Se voc\u00ea estiver nos Alpes italianos entre novembro e fevereiro,<\/strong> vale desviar at\u00e9 o Vale Antrona para ver com os pr\u00f3prios olhos um vilarejo que decidiu fabricar seu pr\u00f3prio sol.<\/p>\n","protected":false},"excerpt":{"rendered":"<p>Todo ano, em 11 de novembro, o sol desaparece em Viganella, uma pequena vila na It\u00e1lia. A sombra projetada pelas montanhas do Vale Antrona, nos Alpes italianos, engole a vila inteira e s\u00f3 a libera em 2 de fevereiro. S\u00e3o exatos 83 dias na penumbra. Em 2006, os moradores resolveram o problema com uma ideia [&hellip;]<\/p>\n","protected":false},"author":8,"featured_media":209897,"comment_status":"open","ping_status":"open","sticky":false,"template":"","format":"standard","meta":{"_yoast_wpseo_focuskw":"vila na It\u00e1lia","_yoast_wpseo_title":"","_yoast_wpseo_metadesc":"Em uma vila na It\u00e1lia, um espelho gigante instalado na montanha reflete a luz solar durante o inverno e transforma o cotidiano dos moradores.","jnews-multi-image_gallery":[],"jnews_single_post":{"format":"standard"},"jnews_primary_category":[],"jnews_social_meta":[],"jnews_override_counter":[],"footnotes":""},"categories":[108,111],"tags":[1190,6728,16261],"class_list":["post-209613","post","type-post","status-publish","format-standard","has-post-thumbnail","hentry","category-cidades","category-turismo","tag-italia","tag-luz-solar","tag-viganella"],"yoast_head":"<!-- This site is optimized with the Yoast SEO plugin v24.6 - https:\/\/yoast.com\/wordpress\/plugins\/seo\/ -->\n<title>Uma vila na It\u00e1lia usa um espelho gigante no topo da montanha para refletir a luz solar na cidade durante o inverno - Correio Braziliense - Radar<\/title>\n<meta name=\"description\" content=\"Em uma vila na It\u00e1lia, um espelho gigante instalado na montanha reflete a luz solar durante o inverno e transforma o cotidiano dos moradores.\" \/>\n<meta name=\"robots\" content=\"index, follow, max-snippet:-1, max-image-preview:large, max-video-preview:-1\" \/>\n<link rel=\"canonical\" href=\"https:\/\/www.correiobraziliense.com.br\/cbradar\/uma-vila-na-italia-usa-um-espelho-gigante-no-topo-da-montanha-para-refletir-a-luz-solar-na-cidade-durante-o-inverno\/\" \/>\n<meta property=\"og:locale\" content=\"pt_BR\" \/>\n<meta property=\"og:type\" content=\"article\" \/>\n<meta property=\"og:title\" content=\"Uma vila na It\u00e1lia usa um espelho gigante no topo da montanha para refletir a luz solar na cidade durante o inverno - Correio Braziliense - Radar\" \/>\n<meta property=\"og:description\" content=\"Em uma vila na It\u00e1lia, um espelho gigante instalado na montanha reflete a luz solar durante o inverno e transforma o cotidiano dos moradores.\" \/>\n<meta property=\"og:url\" content=\"https:\/\/www.correiobraziliense.com.br\/cbradar\/uma-vila-na-italia-usa-um-espelho-gigante-no-topo-da-montanha-para-refletir-a-luz-solar-na-cidade-durante-o-inverno\/\" \/>\n<meta property=\"og:site_name\" content=\"Correio Braziliense - Radar\" \/>\n<meta property=\"article:published_time\" content=\"2026-03-17T11:25:00+00:00\" \/>\n<meta property=\"og:image\" content=\"https:\/\/www.correiobraziliense.com.br\/cbradar\/wp-content\/uploads\/2026\/03\/aaa-40.png\" \/>\n\t<meta property=\"og:image:width\" content=\"1280\" \/>\n\t<meta property=\"og:image:height\" content=\"720\" \/>\n\t<meta property=\"og:image:type\" content=\"image\/png\" \/>\n<meta name=\"author\" content=\"Maura Pereira\" \/>\n<meta name=\"twitter:card\" content=\"summary_large_image\" \/>\n<meta name=\"twitter:label1\" content=\"Escrito por\" \/>\n\t<meta name=\"twitter:data1\" content=\"Maura Pereira\" \/>\n\t<meta name=\"twitter:label2\" content=\"Est. tempo de leitura\" \/>\n\t<meta name=\"twitter:data2\" content=\"6 minutos\" \/>\n<!-- \/ Yoast SEO plugin. -->","yoast_head_json":{"title":"Uma vila na It\u00e1lia usa um espelho gigante no topo da montanha para refletir a luz solar na cidade durante o inverno - Correio Braziliense - Radar","description":"Em uma vila na It\u00e1lia, um espelho gigante instalado na montanha reflete a luz solar durante o inverno e transforma o cotidiano dos moradores.","robots":{"index":"index","follow":"follow","max-snippet":"max-snippet:-1","max-image-preview":"max-image-preview:large","max-video-preview":"max-video-preview:-1"},"canonical":"https:\/\/www.correiobraziliense.com.br\/cbradar\/uma-vila-na-italia-usa-um-espelho-gigante-no-topo-da-montanha-para-refletir-a-luz-solar-na-cidade-durante-o-inverno\/","og_locale":"pt_BR","og_type":"article","og_title":"Uma vila na It\u00e1lia usa um espelho gigante no topo da montanha para refletir a luz solar na cidade durante o inverno - Correio Braziliense - Radar","og_description":"Em uma vila na It\u00e1lia, um espelho gigante instalado na montanha reflete a luz solar durante o inverno e transforma o cotidiano dos moradores.","og_url":"https:\/\/www.correiobraziliense.com.br\/cbradar\/uma-vila-na-italia-usa-um-espelho-gigante-no-topo-da-montanha-para-refletir-a-luz-solar-na-cidade-durante-o-inverno\/","og_site_name":"Correio Braziliense - Radar","article_published_time":"2026-03-17T11:25:00+00:00","og_image":[{"width":1280,"height":720,"url":"https:\/\/www.correiobraziliense.com.br\/cbradar\/wp-content\/uploads\/2026\/03\/aaa-40.png","type":"image\/png"}],"author":"Maura Pereira","twitter_card":"summary_large_image","twitter_misc":{"Escrito por":"Maura Pereira","Est. tempo de leitura":"6 minutos"},"schema":{"@context":"https:\/\/schema.org","@graph":[{"@type":"WebPage","@id":"https:\/\/www.correiobraziliense.com.br\/cbradar\/uma-vila-na-italia-usa-um-espelho-gigante-no-topo-da-montanha-para-refletir-a-luz-solar-na-cidade-durante-o-inverno\/","url":"https:\/\/www.correiobraziliense.com.br\/cbradar\/uma-vila-na-italia-usa-um-espelho-gigante-no-topo-da-montanha-para-refletir-a-luz-solar-na-cidade-durante-o-inverno\/","name":"Uma vila na It\u00e1lia usa um espelho gigante no topo da montanha para refletir a luz solar na cidade durante o inverno - Correio Braziliense - Radar","isPartOf":{"@id":"https:\/\/www.correiobraziliense.com.br\/cbradar\/#website"},"primaryImageOfPage":{"@id":"https:\/\/www.correiobraziliense.com.br\/cbradar\/uma-vila-na-italia-usa-um-espelho-gigante-no-topo-da-montanha-para-refletir-a-luz-solar-na-cidade-durante-o-inverno\/#primaryimage"},"image":{"@id":"https:\/\/www.correiobraziliense.com.br\/cbradar\/uma-vila-na-italia-usa-um-espelho-gigante-no-topo-da-montanha-para-refletir-a-luz-solar-na-cidade-durante-o-inverno\/#primaryimage"},"thumbnailUrl":"https:\/\/www.correiobraziliense.com.br\/cbradar\/wp-content\/uploads\/2026\/03\/aaa-40.png","datePublished":"2026-03-17T11:25:00+00:00","author":{"@id":"https:\/\/www.correiobraziliense.com.br\/cbradar\/#\/schema\/person\/4053c651a9bfc785afc6f4cbc9032fd3"},"description":"Em uma vila na It\u00e1lia, um espelho gigante instalado na montanha reflete a luz solar durante o inverno e transforma o cotidiano dos moradores.","breadcrumb":{"@id":"https:\/\/www.correiobraziliense.com.br\/cbradar\/uma-vila-na-italia-usa-um-espelho-gigante-no-topo-da-montanha-para-refletir-a-luz-solar-na-cidade-durante-o-inverno\/#breadcrumb"},"inLanguage":"pt-BR","potentialAction":[{"@type":"ReadAction","target":["https:\/\/www.correiobraziliense.com.br\/cbradar\/uma-vila-na-italia-usa-um-espelho-gigante-no-topo-da-montanha-para-refletir-a-luz-solar-na-cidade-durante-o-inverno\/"]}]},{"@type":"ImageObject","inLanguage":"pt-BR","@id":"https:\/\/www.correiobraziliense.com.br\/cbradar\/uma-vila-na-italia-usa-um-espelho-gigante-no-topo-da-montanha-para-refletir-a-luz-solar-na-cidade-durante-o-inverno\/#primaryimage","url":"https:\/\/www.correiobraziliense.com.br\/cbradar\/wp-content\/uploads\/2026\/03\/aaa-40.png","contentUrl":"https:\/\/www.correiobraziliense.com.br\/cbradar\/wp-content\/uploads\/2026\/03\/aaa-40.png","width":1280,"height":720,"caption":"Os moradores resolveram o problema com uma ideia que parecia imposs\u00edvel: pendurar um espelho de 40 metros quadrados na encosta. \/ Imagem ilustrativa"},{"@type":"BreadcrumbList","@id":"https:\/\/www.correiobraziliense.com.br\/cbradar\/uma-vila-na-italia-usa-um-espelho-gigante-no-topo-da-montanha-para-refletir-a-luz-solar-na-cidade-durante-o-inverno\/#breadcrumb","itemListElement":[{"@type":"ListItem","position":1,"name":"In\u00edcio","item":"https:\/\/www.correiobraziliense.com.br\/cbradar\/"},{"@type":"ListItem","position":2,"name":"Uma vila na It\u00e1lia usa um espelho gigante no topo da montanha para refletir a luz solar na cidade durante o inverno"}]},{"@type":"WebSite","@id":"https:\/\/www.correiobraziliense.com.br\/cbradar\/#website","url":"https:\/\/www.correiobraziliense.com.br\/cbradar\/","name":"Correio Braziliense - Radar","description":"Acompanhe as \u00faltimas not\u00edcias e fique bem informado sobre tudo o que acontece no Brasil e no mundo.","potentialAction":[{"@type":"SearchAction","target":{"@type":"EntryPoint","urlTemplate":"https:\/\/www.correiobraziliense.com.br\/cbradar\/?s={search_term_string}"},"query-input":{"@type":"PropertyValueSpecification","valueRequired":true,"valueName":"search_term_string"}}],"inLanguage":"pt-BR"},{"@type":"Person","@id":"https:\/\/www.correiobraziliense.com.br\/cbradar\/#\/schema\/person\/4053c651a9bfc785afc6f4cbc9032fd3","name":"Maura Pereira","image":{"@type":"ImageObject","inLanguage":"pt-BR","@id":"https:\/\/www.correiobraziliense.com.br\/cbradar\/#\/schema\/person\/image\/","url":"https:\/\/secure.gravatar.com\/avatar\/3effd6bdadfa447f15089c7f7144eaa6?s=96&d=mm&r=g","contentUrl":"https:\/\/secure.gravatar.com\/avatar\/3effd6bdadfa447f15089c7f7144eaa6?s=96&d=mm&r=g","caption":"Maura Pereira"},"sameAs":["https:\/\/www.correiobraziliense.com.br\/"],"url":"https:\/\/www.correiobraziliense.com.br\/cbradar\/author\/mauramyth\/"}]}},"_links":{"self":[{"href":"https:\/\/www.correiobraziliense.com.br\/cbradar\/wp-json\/wp\/v2\/posts\/209613","targetHints":{"allow":["GET"]}}],"collection":[{"href":"https:\/\/www.correiobraziliense.com.br\/cbradar\/wp-json\/wp\/v2\/posts"}],"about":[{"href":"https:\/\/www.correiobraziliense.com.br\/cbradar\/wp-json\/wp\/v2\/types\/post"}],"author":[{"embeddable":true,"href":"https:\/\/www.correiobraziliense.com.br\/cbradar\/wp-json\/wp\/v2\/users\/8"}],"replies":[{"embeddable":true,"href":"https:\/\/www.correiobraziliense.com.br\/cbradar\/wp-json\/wp\/v2\/comments?post=209613"}],"version-history":[{"count":14,"href":"https:\/\/www.correiobraziliense.com.br\/cbradar\/wp-json\/wp\/v2\/posts\/209613\/revisions"}],"predecessor-version":[{"id":209898,"href":"https:\/\/www.correiobraziliense.com.br\/cbradar\/wp-json\/wp\/v2\/posts\/209613\/revisions\/209898"}],"wp:featuredmedia":[{"embeddable":true,"href":"https:\/\/www.correiobraziliense.com.br\/cbradar\/wp-json\/wp\/v2\/media\/209897"}],"wp:attachment":[{"href":"https:\/\/www.correiobraziliense.com.br\/cbradar\/wp-json\/wp\/v2\/media?parent=209613"}],"wp:term":[{"taxonomy":"category","embeddable":true,"href":"https:\/\/www.correiobraziliense.com.br\/cbradar\/wp-json\/wp\/v2\/categories?post=209613"},{"taxonomy":"post_tag","embeddable":true,"href":"https:\/\/www.correiobraziliense.com.br\/cbradar\/wp-json\/wp\/v2\/tags?post=209613"}],"curies":[{"name":"wp","href":"https:\/\/api.w.org\/{rel}","templated":true}]}}