{"id":209623,"date":"2026-03-17T10:25:00","date_gmt":"2026-03-17T13:25:00","guid":{"rendered":"https:\/\/www.correiobraziliense.com.br\/cbradar\/?p=209623"},"modified":"2026-03-17T01:10:26","modified_gmt":"2026-03-17T04:10:26","slug":"a-hollywood-nordestina-tem-mais-de-50-filmes-gravados-no-pequeno-sertao-brasileiro-com-menos-de-5-mil-moradores","status":"publish","type":"post","link":"https:\/\/www.correiobraziliense.com.br\/cbradar\/a-hollywood-nordestina-tem-mais-de-50-filmes-gravados-no-pequeno-sertao-brasileiro-com-menos-de-5-mil-moradores\/","title":{"rendered":"A \u201cHollywood Nordestina\u201d tem mais de 50 filmes gravados no pequeno sert\u00e3o brasileiro com menos de 5 mil moradores"},"content":{"rendered":"\n<p>Um letreiro de 70 metros de comprimento anuncia na estrada: voc\u00ea chegou \u00e0 <strong>Hollywood Nordestina<\/strong>, ou melhor,<em> a <strong>Roli\u00fade Nordestina<\/strong><\/em>. <strong>Cabaceiras<\/strong>, no <strong>Cariri Paraibano<\/strong>, \u00e9 a cidade onde menos chove no <strong>Brasil<\/strong>, e foi justamente essa aridez que atraiu dezenas de equipes de cinema. C\u00e9u limpo o ano inteiro, luz natural abundante e paisagens de caatinga que dispensam cenografia transformaram o munic\u00edpio de pouco mais de 5 mil habitantes em set de filmagem permanente.<\/p>\n\n\n\n<h2 class=\"wp-block-heading\">Por que o cinema escolheu este peda\u00e7o do Cariri?<\/h2>\n\n\n\n<p>A precipita\u00e7\u00e3o m\u00e9dia anual de Cabaceiras fica abaixo de 350 mm, com chuvas concentradas em apenas dois ou tr\u00eas meses. Essa combina\u00e7\u00e3o de sol constante e cen\u00e1rio \u00e1rido lembra as condi\u00e7\u00f5es que tornaram a <strong>Calif\u00f3rnia<\/strong> o ber\u00e7o de <strong>Hollywood<\/strong>. O escritor e pesquisador <strong>Wills Leal<\/strong> percebeu a semelhan\u00e7a e criou o projeto <strong>Roli\u00fade Nordestina<\/strong>, inaugurado em <strong>5 de maio de 2007<\/strong> com o letreiro na entrada da cidade e um <strong>Memorial Cinematogr\u00e1fico<\/strong> no centro hist\u00f3rico.<\/p>\n\n\n\n<p>Desde ent\u00e3o, mais de 50 produ\u00e7\u00f5es audiovisuais usaram Cabaceiras como loca\u00e7\u00e3o, incluindo o filme <strong>O Auto da Compadecida<\/strong> (2000), de <strong>Guel Arraes<\/strong>, <strong>Cinema, Aspirinas e Urubus<\/strong> (2005), de <strong>Marcelo Gomes<\/strong>, e a s\u00e9rie <strong>Onde Nascem os Fortes<\/strong> (2018), da <strong>TV Globo<\/strong>. As fachadas coloniais, a igreja matriz e as ruas de terra batida s\u00e3o transformadas a cada grava\u00e7\u00e3o para se adaptar \u00e0 \u00e9poca e \u00e0 est\u00e9tica de cada obra.<\/p>\n\n\n<div class=\"wp-block-image\">\n<figure class=\"aligncenter size-large\"><img decoding=\"async\" width=\"1024\" height=\"576\" src=\"https:\/\/www.correiobraziliense.com.br\/cbradar\/wp-content\/uploads\/2025\/10\/Santos-Dumont-6-1024x576.png\" alt=\"Fundada em 1835, essa cidade ganhou o apelido de \u201cHollywood Nordestina\u201d por atrair filmes famosos do cinema brasileiro\" class=\"wp-image-128106\" srcset=\"https:\/\/www.correiobraziliense.com.br\/cbradar\/wp-content\/uploads\/2025\/10\/Santos-Dumont-6-1024x576.png 1024w, https:\/\/www.correiobraziliense.com.br\/cbradar\/wp-content\/uploads\/2025\/10\/Santos-Dumont-6-300x169.png 300w, https:\/\/www.correiobraziliense.com.br\/cbradar\/wp-content\/uploads\/2025\/10\/Santos-Dumont-6-768x432.png 768w, https:\/\/www.correiobraziliense.com.br\/cbradar\/wp-content\/uploads\/2025\/10\/Santos-Dumont-6-750x422.png 750w, https:\/\/www.correiobraziliense.com.br\/cbradar\/wp-content\/uploads\/2025\/10\/Santos-Dumont-6-1140x641.png 1140w, https:\/\/www.correiobraziliense.com.br\/cbradar\/wp-content\/uploads\/2025\/10\/Santos-Dumont-6.png 1280w\" sizes=\"(max-width: 1024px) 100vw, 1024px\" \/><figcaption class=\"wp-element-caption\">Cabaceiras tem 6.000 habitantes e \u00e9 um dos munic\u00edpios mais secos do Brasil, cen\u00e1rio de mais de 50 filmes. \/\/ Wikimedia Commons<\/figcaption><\/figure><\/div>\n\n\n<h2 class=\"wp-block-heading\">O que visitar na Roli\u00fade Nordestina<\/h2>\n\n\n\n<p>O roteiro de Cabaceiras combina forma\u00e7\u00f5es geol\u00f3gicas \u00fanicas, patrim\u00f4nio cinematogr\u00e1fico e cultura sertaneja. Os principais pontos ficam entre o centro hist\u00f3rico e a zona rural, a at\u00e9 20 km de dist\u00e2ncia.<\/p>\n\n\n\n<ul class=\"wp-block-list\">\n<li><strong>Lajedo de Pai Mateus<\/strong>: forma\u00e7\u00e3o de granito com blocos arredondados gigantes que parecem flutuar sobre a rocha. A <strong>Pedra do Capacete<\/strong> \u00e9 a mais fotografada. O p\u00f4r do sol no lajedo \u00e9 considerado um dos mais bonitos da <strong>Para\u00edba<\/strong>.<\/li>\n\n\n\n<li><strong>Saca de L\u00e3<\/strong>: monumento geol\u00f3gico com blocos empilhados que lembram fardos de algod\u00e3o. O <strong>Portal da Luz<\/strong>, uma fenda entre as rochas, rende fotografias impressionantes.<\/li>\n\n\n\n<li><strong>Memorial Cinematogr\u00e1fico<\/strong>: acervo com figurinos, cartazes e equipamentos das produ\u00e7\u00f5es gravadas na cidade. Funciona no centro hist\u00f3rico.<\/li>\n\n\n\n<li><strong>Igreja de Nossa Senhora da Concei\u00e7\u00e3o<\/strong>: cen\u00e1rio central de <em>O Auto da Compadecida<\/em>. As fachadas ao redor s\u00e3o repintadas a cada filmagem.<\/li>\n\n\n\n<li><strong>Letreiro Roli\u00fade Nordestina<\/strong>: estrutura de 5 metros de altura e 70 metros de comprimento na entrada da cidade, ao lado do <strong>Morro do Cruzeiro<\/strong>.<\/li>\n<\/ul>\n\n\n\n<p><strong>A &#8220;Hollywood Nordestina&#8221; encanta com suas cores e cen\u00e1rios que imortalizaram cl\u00e1ssicos do cinema brasileiro. <\/strong>O v\u00eddeo \u00e9 do canal <strong>Mundo Sem Fim<\/strong>, refer\u00eancia com mais de <strong>1 milh\u00e3o<\/strong> de inscritos, e apresenta Cabaceiras, os locais de filmagem de <em>O Auto da Compadecida<\/em> e o Lajedo do Pai Mateus:<\/p>\n\n\n\n<figure class=\"wp-block-embed aligncenter is-type-video is-provider-youtube wp-block-embed-youtube wp-embed-aspect-16-9 wp-has-aspect-ratio\"><div class=\"wp-block-embed__wrapper\">\n<div class=\"jeg_video_container jeg_video_content\"><iframe loading=\"lazy\" title=\"CONHECENDO A HOLLYWOOD NORDESTINA | Cabaceiras\" width=\"500\" height=\"281\" src=\"https:\/\/www.youtube.com\/embed\/LjLC9Do7m0U?feature=oembed\" frameborder=\"0\" allow=\"accelerometer; autoplay; clipboard-write; encrypted-media; gyroscope; picture-in-picture; web-share\" referrerpolicy=\"strict-origin-when-cross-origin\" allowfullscreen><\/iframe><\/div>\n<\/div><\/figure>\n\n\n\n<h2 class=\"wp-block-heading\">Bode, cacha\u00e7a e couro: a gastronomia e o artesanato<\/h2>\n\n\n\n<p>Em Cabaceiras, o bode \u00e9 protagonista na mesa e na economia. A <strong>Festa do Bode Rei<\/strong>, realizada todo junho desde 1999, foi reconhecida como <strong>Patrim\u00f4nio Cultural Imaterial da Para\u00edba<\/strong> em 2011. A 26\u00aa edi\u00e7\u00e3o, em 2025, atraiu at\u00e9 200 mil visitantes e movimentou cerca de R$ 20 milh\u00f5es em neg\u00f3cios, segundo o <a href=\"https:\/\/paraiba.pb.gov.br\/noticias\/festa-do-bode-rei-termina-neste-domingo-com-previsao-de-atingir-ate-200-mil-visitantes-e-r-20-mi-em-negocios-1\" target=\"_blank\" rel=\"noreferrer noopener\"><strong>Governo da Para\u00edba<\/strong><\/a>.<\/p>\n\n\n\n<p>A <strong>bodeoca<\/strong> (tapioca recheada com carne de bode) \u00e9 o prato-s\u00edmbolo. Queijos de cabra produzidos pela cooperativa <strong>CAPRIBOV<\/strong> e a cacha\u00e7a <strong>Xixi de Cabrita<\/strong> completam a degusta\u00e7\u00e3o. O artesanato em couro de bode, produzido pela cooperativa <strong>Arteza<\/strong>, inclui bolsas, sand\u00e1lias e cintos vendidos no centro e na feira da Festa do Bode Rei.<\/p>\n\n\n<div class=\"wp-block-image\">\n<figure class=\"aligncenter size-large\"><img decoding=\"async\" width=\"1024\" height=\"576\" src=\"https:\/\/www.correiobraziliense.com.br\/cbradar\/wp-content\/uploads\/2025\/10\/Santos-Dumont-4-1024x576.png\" alt=\"A &quot;Hollywood Nordestina&quot; foi fundada em 1834, fica na Para\u00edba e \u00e9 conhecida por ser cen\u00e1rio de filmes famosos no Brasil\" class=\"wp-image-128108\" srcset=\"https:\/\/www.correiobraziliense.com.br\/cbradar\/wp-content\/uploads\/2025\/10\/Santos-Dumont-4-1024x576.png 1024w, https:\/\/www.correiobraziliense.com.br\/cbradar\/wp-content\/uploads\/2025\/10\/Santos-Dumont-4-300x169.png 300w, https:\/\/www.correiobraziliense.com.br\/cbradar\/wp-content\/uploads\/2025\/10\/Santos-Dumont-4-768x432.png 768w, https:\/\/www.correiobraziliense.com.br\/cbradar\/wp-content\/uploads\/2025\/10\/Santos-Dumont-4-750x422.png 750w, https:\/\/www.correiobraziliense.com.br\/cbradar\/wp-content\/uploads\/2025\/10\/Santos-Dumont-4-1140x641.png 1140w, https:\/\/www.correiobraziliense.com.br\/cbradar\/wp-content\/uploads\/2025\/10\/Santos-Dumont-4.png 1280w\" sizes=\"(max-width: 1024px) 100vw, 1024px\" \/><figcaption class=\"wp-element-caption\">Descubra Cabaceiras, uma cidade de cen\u00e1rio \u00fanico e rica hist\u00f3ria cultural no sert\u00e3o da Para\u00edba. \/\/ Wikipedia<\/figcaption><\/figure><\/div>\n\n\n<p><strong>Leia tamb\u00e9m: <a href=\"https:\/\/www.correiobraziliense.com.br\/cbradar\/uma-pequena-italia-no-interior-do-sul-com-2-600-moradores-e-a-maior-produtora-de-uvas-preserva-tradicoes-e-encanta-turistas\/\" target=\"_blank\" rel=\"noreferrer noopener\">Uma pequena It\u00e1lia no interior do Sul com 2.600 moradores \u00e9 a maior produtora de uvas, preserva tradi\u00e7\u00f5es e encanta turistas.<\/a><\/strong><\/p>\n\n\n\n<h2 class=\"wp-block-heading\">Quando ir e como \u00e9 o clima no sert\u00e3o do Cariri<\/h2>\n\n\n\n<p>O clima semi\u00e1rido garante sol praticamente o ano todo. A temperatura m\u00e9dia gira em torno de 25 \u00b0C, com m\u00e1ximas que podem ultrapassar 38 \u00b0C. A curta esta\u00e7\u00e3o chuvosa concentra-se entre fevereiro e abril.<\/p>\n\n\n\n<div class=\"google-auto-ads-ignore\" style=\"font-family: 'Segoe UI', Roboto, -apple-system, sans-serif; max-width: 850px; margin: 20px auto; box-sizing: border-box; background-color: #ffffff; -webkit-font-smoothing: antialiased; text-rendering: optimizeLegibility;\">\n    \n    <div style=\"background: #fffcfc; border-radius: 20px; overflow: hidden; border: 1px solid #bae6fd; display: flex; flex-direction: column; box-shadow: 0 4px 15px rgba(2, 132, 199, 0.05);\">\n        \n        <div style=\"background: linear-gradient(135deg, #38bdf8 0%, #0284c7 100%); padding: 20px 30px; text-align: left;\">\n            <div style=\"font-size: 24px; font-weight: 800; color: #ffffff; letter-spacing: -0.5px; line-height: 1.2;\">\n                Sazonalidade e condi\u00e7\u00f5es para atividades em Cabaceiras\n            <\/div>\n            <div style=\"font-size: 14px; color: #e0f2fe; margin-top: 4px; font-weight: 500; opacity: 0.9;\">\n                An\u00e1lise clim\u00e1tica detalhada para planejamento de visitas ao Lajedo de Pai Mateus e roteiros na Roli\u00fade Nordestina\n            <\/div>\n        <\/div>\n\n        <div style=\"padding: 15px;\">\n            <div style=\"display: grid; width: 100%; grid-template-columns: 0.9fr 0.8fr 1fr 0.8fr 1.8fr; gap: 1px; background-color: #7dd3fc; border-radius: 12px; border: 1px solid #7dd3fc; overflow: hidden;\">\n                \n                <div style=\"background: #f0f9ff; padding: 10px; font-weight: 800; font-size: 11px; text-transform: uppercase; color: #0c4a6e; text-align: center;\">Per\u00edodo<\/div>\n                <div style=\"background: #f0f9ff; padding: 10px; font-weight: 800; font-size: 11px; text-transform: uppercase; color: #0c4a6e; text-align: center;\">Meses<\/div>\n                <div style=\"background: #f0f9ff; padding: 10px; font-weight: 800; font-size: 11px; text-transform: uppercase; color: #0c4a6e; text-align: center;\">Temperatura<\/div>\n                <div style=\"background: #f0f9ff; padding: 10px; font-weight: 800; font-size: 11px; text-transform: uppercase; color: #0c4a6e; text-align: center;\">Chuva<\/div>\n                <div style=\"background: #f0f9ff; padding: 10px; font-weight: 800; font-size: 11px; text-transform: uppercase; color: #0c4a6e; text-align: center;\">O que fazer<\/div>\n\n                <div style=\"background: #ffffff; padding: 12px; font-weight: 800; color: #0284c7; font-size: 14px; display: flex; align-items: center; justify-content: center; gap: 5px;\">\u26c8\ufe0f Chuvoso<\/div>\n                <div style=\"background: #ffffff; padding: 12px; font-size: 13px; color: #1e293b; font-weight: 600; display: flex; align-items: center; justify-content: center;\">Fev-Abr<\/div>\n                <div style=\"background: #ffffff; padding: 12px; display: flex; align-items: center; justify-content: center; gap: 6px;\">\n                    <span style=\"font-size: 13px; font-weight: 700; color: #1e293b;\">23-30 \u00b0C<\/span>\n                <\/div>\n                <div style=\"background: #ffffff; padding: 12px; font-size: 13px; color: #4b5563; font-weight: 600; display: flex; align-items: center; justify-content: center;\">Moderada<\/div>\n                <div style=\"background: #ffffff; padding: 12px; font-size: 13px; line-height: 1.4; color: #1e293b; display: flex; align-items: center;\">Caatinga verde e lajedos com musgos e pequenas lagoas.<\/div>\n\n                <div style=\"background: #f8fafc; padding: 12px; font-weight: 800; color: #0284c7; font-size: 14px; display: flex; align-items: center; justify-content: center; gap: 5px;\">\u2600\ufe0f Seco<\/div>\n                <div style=\"background: #f8fafc; padding: 12px; font-size: 13px; color: #1e293b; font-weight: 600; display: flex; align-items: center; justify-content: center;\">Mai-Jul<\/div>\n                <div style=\"background: #f8fafc; padding: 12px; display: flex; align-items: center; justify-content: center; gap: 6px;\">\n                    <span style=\"font-size: 13px; font-weight: 700; color: #1e293b;\">22-28 \u00b0C<\/span>\n                <\/div>\n                <div style=\"background: #f8fafc; padding: 12px; font-size: 13px; color: #4b5563; font-weight: 600; display: flex; align-items: center; justify-content: center;\">Baixa<\/div>\n                <div style=\"background: #f8fafc; padding: 12px; font-size: 13px; line-height: 1.4; color: #1e293b; display: flex; align-items: center;\">Participar da tradicional Festa do Bode Rei (junho).<\/div>\n\n                <div style=\"background: #ffffff; padding: 12px; font-weight: 800; color: #0284c7; font-size: 14px; display: flex; align-items: center; justify-content: center; gap: 5px;\">\ud83c\udfdc\ufe0f Estiagem<\/div>\n                <div style=\"background: #ffffff; padding: 12px; font-size: 13px; color: #1e293b; font-weight: 600; display: flex; align-items: center; justify-content: center;\">Ago-Nov<\/div>\n                <div style=\"background: #ffffff; padding: 12px; display: flex; align-items: center; justify-content: center; gap: 6px;\">\n                    <span style=\"font-size: 13px; font-weight: 700; color: #1e293b;\">24-32 \u00b0C<\/span>\n                <\/div>\n                <div style=\"background: #ffffff; padding: 12px; font-size: 13px; color: #4b5563; font-weight: 600; display: flex; align-items: center; justify-content: center;\">M\u00ednima<\/div>\n                <div style=\"background: #ffffff; padding: 12px; font-size: 13px; line-height: 1.4; color: #1e293b; display: flex; align-items: center;\">Trilhas e contempla\u00e7\u00e3o do p\u00f4r do sol cl\u00e1ssico nos lajedos.<\/div>\n\n                <div style=\"background: #f8fafc; padding: 12px; font-weight: 800; color: #0284c7; font-size: 14px; display: flex; align-items: center; justify-content: center; gap: 5px;\">\ud83c\udf24\ufe0f Transi\u00e7\u00e3o<\/div>\n                <div style=\"background: #f8fafc; padding: 12px; font-size: 13px; color: #1e293b; font-weight: 600; display: flex; align-items: center; justify-content: center;\">Dez-Jan<\/div>\n                <div style=\"background: #f8fafc; padding: 12px; display: flex; align-items: center; justify-content: center; gap: 6px;\">\n                    <span style=\"font-size: 13px; font-weight: 700; color: #1e293b;\">24-31 \u00b0C<\/span>\n                <\/div>\n                <div style=\"background: #f8fafc; padding: 12px; font-size: 13px; color: #4b5563; font-weight: 600; display: flex; align-items: center; justify-content: center;\">Irregular<\/div>\n                <div style=\"background: #f8fafc; padding: 12px; font-size: 13px; line-height: 1.4; color: #1e293b; display: flex; align-items: center;\">Festas de fim de ano e roteiros hist\u00f3ricos no centro.<\/div>\n            <\/div>\n        <\/div>\n\n        <div style=\"padding: 10px 30px; background: #f0f9ff; border-top: 1px solid #bae6fd; font-size: 12px; color: #0c4a6e; font-style: italic; display: flex; align-items: center; gap: 8px; font-weight: 600;\">\n            <div style=\"min-width: 6px; height: 6px; background: #0284c7; border-radius: 50%;\"><\/div>\n            Informa\u00e7\u00e3o: O per\u00edodo de seca (junho) oferece o clima mais ameno do ano, sendo perfeito para explorar as forma\u00e7\u00f5es rochosas sem o calor intenso.\n        <\/div>\n        \n    <\/div>\n<\/div>\n\n\n\n<p><em>Temperaturas aproximadas com base no <a href=\"https:\/\/www.climatempo.com.br\/climatologia\/6031\/cabaceiras-pb\" target=\"_blank\" rel=\"noreferrer noopener\"><strong>Climatempo<\/strong><\/a>. Condi\u00e7\u00f5es podem variar.<\/em><\/p>\n\n\n\n<h2 class=\"wp-block-heading\">Como chegar \u00e0 cidade que menos chove no pa\u00eds<\/h2>\n\n\n\n<p>Cabaceiras fica a 180 km de <strong>Jo\u00e3o Pessoa<\/strong> e a 70 km de <strong>Campina Grande<\/strong>. O acesso principal \u00e9 pela <strong>BR-104<\/strong> at\u00e9 <strong>Queimadas<\/strong>, seguindo pela <strong>PB-148<\/strong> at\u00e9 <strong>Boqueir\u00e3o<\/strong> e depois mais 24 km at\u00e9 Cabaceiras. O <strong>Lajedo de Pai Mateus<\/strong> est\u00e1 a 15 km do centro, com metade do trajeto em estrada de terra transit\u00e1vel para carros comuns.<\/p>\n\n\n\n<h2 class=\"wp-block-heading\">O sert\u00e3o que virou set de cinema espera por voc\u00ea<\/h2>\n\n\n\n<p><strong>Cabaceiras prova que a seca pode ser identidade, n\u00e3o obst\u00e1culo. <\/strong>A mesma caatinga que desafiou gera\u00e7\u00f5es de sertanejos hoje atrai cineastas, turistas e curiosos dispostos a caminhar entre pedras gigantes e fachadas de filme.<\/p>\n\n\n\n<p>Voc\u00ea precisa subir o Lajedo de Pai Mateus no fim da tarde e ver o sol pintar as rochas de laranja enquanto a caatinga inteira silencia ao redor.<\/p>\n","protected":false},"excerpt":{"rendered":"<p>Um letreiro de 70 metros de comprimento anuncia na estrada: voc\u00ea chegou \u00e0 Hollywood Nordestina, ou melhor, a Roli\u00fade Nordestina. Cabaceiras, no Cariri Paraibano, \u00e9 a cidade onde menos chove no Brasil, e foi justamente essa aridez que atraiu dezenas de equipes de cinema. C\u00e9u limpo o ano inteiro, luz natural abundante e paisagens de [&hellip;]<\/p>\n","protected":false},"author":8,"featured_media":128129,"comment_status":"open","ping_status":"open","sticky":false,"template":"","format":"standard","meta":{"_yoast_wpseo_focuskw":"Hollywood Nordestina","_yoast_wpseo_title":"","_yoast_wpseo_metadesc":"No sert\u00e3o brasileiro, uma cidade com menos de 5 mil moradores ficou conhecida como Hollywood Nordestina ap\u00f3s receber mais de 50 produ\u00e7\u00f5es.","jnews-multi-image_gallery":[],"jnews_single_post":{"format":"standard"},"jnews_primary_category":[],"jnews_social_meta":[],"jnews_override_counter":[],"footnotes":""},"categories":[108,111],"tags":[225,11224,536],"class_list":["post-209623","post","type-post","status-publish","format-standard","has-post-thumbnail","hentry","category-cidades","category-turismo","tag-brasil","tag-cabaceiras","tag-paraiba"],"yoast_head":"<!-- This site is optimized with the Yoast SEO plugin v24.6 - https:\/\/yoast.com\/wordpress\/plugins\/seo\/ -->\n<title>A \u201cHollywood Nordestina\u201d tem mais de 50 filmes gravados no pequeno sert\u00e3o brasileiro com menos de 5 mil moradores - Correio Braziliense - Radar<\/title>\n<meta name=\"description\" content=\"No sert\u00e3o brasileiro, uma cidade com menos de 5 mil moradores ficou conhecida como Hollywood Nordestina ap\u00f3s receber mais de 50 produ\u00e7\u00f5es.\" \/>\n<meta name=\"robots\" content=\"index, follow, max-snippet:-1, max-image-preview:large, max-video-preview:-1\" \/>\n<link rel=\"canonical\" href=\"https:\/\/www.correiobraziliense.com.br\/cbradar\/a-hollywood-nordestina-tem-mais-de-50-filmes-gravados-no-pequeno-sertao-brasileiro-com-menos-de-5-mil-moradores\/\" \/>\n<meta property=\"og:locale\" content=\"pt_BR\" \/>\n<meta property=\"og:type\" content=\"article\" \/>\n<meta property=\"og:title\" content=\"A \u201cHollywood Nordestina\u201d tem mais de 50 filmes gravados no pequeno sert\u00e3o brasileiro com menos de 5 mil moradores - Correio Braziliense - Radar\" \/>\n<meta property=\"og:description\" content=\"No sert\u00e3o brasileiro, uma cidade com menos de 5 mil moradores ficou conhecida como Hollywood Nordestina ap\u00f3s receber mais de 50 produ\u00e7\u00f5es.\" \/>\n<meta property=\"og:url\" content=\"https:\/\/www.correiobraziliense.com.br\/cbradar\/a-hollywood-nordestina-tem-mais-de-50-filmes-gravados-no-pequeno-sertao-brasileiro-com-menos-de-5-mil-moradores\/\" \/>\n<meta property=\"og:site_name\" content=\"Correio Braziliense - Radar\" \/>\n<meta property=\"article:published_time\" content=\"2026-03-17T13:25:00+00:00\" \/>\n<meta property=\"og:image\" content=\"https:\/\/www.correiobraziliense.com.br\/cbradar\/wp-content\/uploads\/2025\/10\/Roliude-Nordestina-Hollywood-Style.png\" \/>\n\t<meta property=\"og:image:width\" content=\"1280\" \/>\n\t<meta property=\"og:image:height\" content=\"720\" \/>\n\t<meta property=\"og:image:type\" content=\"image\/png\" \/>\n<meta name=\"author\" content=\"Maura Pereira\" \/>\n<meta name=\"twitter:card\" content=\"summary_large_image\" \/>\n<meta name=\"twitter:label1\" content=\"Escrito por\" \/>\n\t<meta name=\"twitter:data1\" content=\"Maura Pereira\" \/>\n\t<meta name=\"twitter:label2\" content=\"Est. tempo de leitura\" \/>\n\t<meta name=\"twitter:data2\" content=\"6 minutos\" \/>\n<!-- \/ Yoast SEO plugin. -->","yoast_head_json":{"title":"A \u201cHollywood Nordestina\u201d tem mais de 50 filmes gravados no pequeno sert\u00e3o brasileiro com menos de 5 mil moradores - Correio Braziliense - Radar","description":"No sert\u00e3o brasileiro, uma cidade com menos de 5 mil moradores ficou conhecida como Hollywood Nordestina ap\u00f3s receber mais de 50 produ\u00e7\u00f5es.","robots":{"index":"index","follow":"follow","max-snippet":"max-snippet:-1","max-image-preview":"max-image-preview:large","max-video-preview":"max-video-preview:-1"},"canonical":"https:\/\/www.correiobraziliense.com.br\/cbradar\/a-hollywood-nordestina-tem-mais-de-50-filmes-gravados-no-pequeno-sertao-brasileiro-com-menos-de-5-mil-moradores\/","og_locale":"pt_BR","og_type":"article","og_title":"A \u201cHollywood Nordestina\u201d tem mais de 50 filmes gravados no pequeno sert\u00e3o brasileiro com menos de 5 mil moradores - Correio Braziliense - Radar","og_description":"No sert\u00e3o brasileiro, uma cidade com menos de 5 mil moradores ficou conhecida como Hollywood Nordestina ap\u00f3s receber mais de 50 produ\u00e7\u00f5es.","og_url":"https:\/\/www.correiobraziliense.com.br\/cbradar\/a-hollywood-nordestina-tem-mais-de-50-filmes-gravados-no-pequeno-sertao-brasileiro-com-menos-de-5-mil-moradores\/","og_site_name":"Correio Braziliense - Radar","article_published_time":"2026-03-17T13:25:00+00:00","og_image":[{"width":1280,"height":720,"url":"https:\/\/www.correiobraziliense.com.br\/cbradar\/wp-content\/uploads\/2025\/10\/Roliude-Nordestina-Hollywood-Style.png","type":"image\/png"}],"author":"Maura Pereira","twitter_card":"summary_large_image","twitter_misc":{"Escrito por":"Maura Pereira","Est. tempo de leitura":"6 minutos"},"schema":{"@context":"https:\/\/schema.org","@graph":[{"@type":"WebPage","@id":"https:\/\/www.correiobraziliense.com.br\/cbradar\/a-hollywood-nordestina-tem-mais-de-50-filmes-gravados-no-pequeno-sertao-brasileiro-com-menos-de-5-mil-moradores\/","url":"https:\/\/www.correiobraziliense.com.br\/cbradar\/a-hollywood-nordestina-tem-mais-de-50-filmes-gravados-no-pequeno-sertao-brasileiro-com-menos-de-5-mil-moradores\/","name":"A \u201cHollywood Nordestina\u201d tem mais de 50 filmes gravados no pequeno sert\u00e3o brasileiro com menos de 5 mil moradores - Correio Braziliense - Radar","isPartOf":{"@id":"https:\/\/www.correiobraziliense.com.br\/cbradar\/#website"},"primaryImageOfPage":{"@id":"https:\/\/www.correiobraziliense.com.br\/cbradar\/a-hollywood-nordestina-tem-mais-de-50-filmes-gravados-no-pequeno-sertao-brasileiro-com-menos-de-5-mil-moradores\/#primaryimage"},"image":{"@id":"https:\/\/www.correiobraziliense.com.br\/cbradar\/a-hollywood-nordestina-tem-mais-de-50-filmes-gravados-no-pequeno-sertao-brasileiro-com-menos-de-5-mil-moradores\/#primaryimage"},"thumbnailUrl":"https:\/\/www.correiobraziliense.com.br\/cbradar\/wp-content\/uploads\/2025\/10\/Roliude-Nordestina-Hollywood-Style.png","datePublished":"2026-03-17T13:25:00+00:00","author":{"@id":"https:\/\/www.correiobraziliense.com.br\/cbradar\/#\/schema\/person\/4053c651a9bfc785afc6f4cbc9032fd3"},"description":"No sert\u00e3o brasileiro, uma cidade com menos de 5 mil moradores ficou conhecida como Hollywood Nordestina ap\u00f3s receber mais de 50 produ\u00e7\u00f5es.","breadcrumb":{"@id":"https:\/\/www.correiobraziliense.com.br\/cbradar\/a-hollywood-nordestina-tem-mais-de-50-filmes-gravados-no-pequeno-sertao-brasileiro-com-menos-de-5-mil-moradores\/#breadcrumb"},"inLanguage":"pt-BR","potentialAction":[{"@type":"ReadAction","target":["https:\/\/www.correiobraziliense.com.br\/cbradar\/a-hollywood-nordestina-tem-mais-de-50-filmes-gravados-no-pequeno-sertao-brasileiro-com-menos-de-5-mil-moradores\/"]}]},{"@type":"ImageObject","inLanguage":"pt-BR","@id":"https:\/\/www.correiobraziliense.com.br\/cbradar\/a-hollywood-nordestina-tem-mais-de-50-filmes-gravados-no-pequeno-sertao-brasileiro-com-menos-de-5-mil-moradores\/#primaryimage","url":"https:\/\/www.correiobraziliense.com.br\/cbradar\/wp-content\/uploads\/2025\/10\/Roliude-Nordestina-Hollywood-Style.png","contentUrl":"https:\/\/www.correiobraziliense.com.br\/cbradar\/wp-content\/uploads\/2025\/10\/Roliude-Nordestina-Hollywood-Style.png","width":1280,"height":720,"caption":"Cabaceiras, PB, \u00e9 conhecida como a \"Roli\u00fade Nordestina\", famosa por suas filmagens e cultura. \/ Gerada por IA"},{"@type":"BreadcrumbList","@id":"https:\/\/www.correiobraziliense.com.br\/cbradar\/a-hollywood-nordestina-tem-mais-de-50-filmes-gravados-no-pequeno-sertao-brasileiro-com-menos-de-5-mil-moradores\/#breadcrumb","itemListElement":[{"@type":"ListItem","position":1,"name":"In\u00edcio","item":"https:\/\/www.correiobraziliense.com.br\/cbradar\/"},{"@type":"ListItem","position":2,"name":"A \u201cHollywood Nordestina\u201d tem mais de 50 filmes gravados no pequeno sert\u00e3o brasileiro com menos de 5 mil moradores"}]},{"@type":"WebSite","@id":"https:\/\/www.correiobraziliense.com.br\/cbradar\/#website","url":"https:\/\/www.correiobraziliense.com.br\/cbradar\/","name":"Correio Braziliense - Radar","description":"Acompanhe as \u00faltimas not\u00edcias e fique bem informado sobre tudo o que acontece no Brasil e no mundo.","potentialAction":[{"@type":"SearchAction","target":{"@type":"EntryPoint","urlTemplate":"https:\/\/www.correiobraziliense.com.br\/cbradar\/?s={search_term_string}"},"query-input":{"@type":"PropertyValueSpecification","valueRequired":true,"valueName":"search_term_string"}}],"inLanguage":"pt-BR"},{"@type":"Person","@id":"https:\/\/www.correiobraziliense.com.br\/cbradar\/#\/schema\/person\/4053c651a9bfc785afc6f4cbc9032fd3","name":"Maura Pereira","image":{"@type":"ImageObject","inLanguage":"pt-BR","@id":"https:\/\/www.correiobraziliense.com.br\/cbradar\/#\/schema\/person\/image\/","url":"https:\/\/secure.gravatar.com\/avatar\/3effd6bdadfa447f15089c7f7144eaa6?s=96&d=mm&r=g","contentUrl":"https:\/\/secure.gravatar.com\/avatar\/3effd6bdadfa447f15089c7f7144eaa6?s=96&d=mm&r=g","caption":"Maura Pereira"},"sameAs":["https:\/\/www.correiobraziliense.com.br\/"],"url":"https:\/\/www.correiobraziliense.com.br\/cbradar\/author\/mauramyth\/"}]}},"_links":{"self":[{"href":"https:\/\/www.correiobraziliense.com.br\/cbradar\/wp-json\/wp\/v2\/posts\/209623","targetHints":{"allow":["GET"]}}],"collection":[{"href":"https:\/\/www.correiobraziliense.com.br\/cbradar\/wp-json\/wp\/v2\/posts"}],"about":[{"href":"https:\/\/www.correiobraziliense.com.br\/cbradar\/wp-json\/wp\/v2\/types\/post"}],"author":[{"embeddable":true,"href":"https:\/\/www.correiobraziliense.com.br\/cbradar\/wp-json\/wp\/v2\/users\/8"}],"replies":[{"embeddable":true,"href":"https:\/\/www.correiobraziliense.com.br\/cbradar\/wp-json\/wp\/v2\/comments?post=209623"}],"version-history":[{"count":10,"href":"https:\/\/www.correiobraziliense.com.br\/cbradar\/wp-json\/wp\/v2\/posts\/209623\/revisions"}],"predecessor-version":[{"id":209907,"href":"https:\/\/www.correiobraziliense.com.br\/cbradar\/wp-json\/wp\/v2\/posts\/209623\/revisions\/209907"}],"wp:featuredmedia":[{"embeddable":true,"href":"https:\/\/www.correiobraziliense.com.br\/cbradar\/wp-json\/wp\/v2\/media\/128129"}],"wp:attachment":[{"href":"https:\/\/www.correiobraziliense.com.br\/cbradar\/wp-json\/wp\/v2\/media?parent=209623"}],"wp:term":[{"taxonomy":"category","embeddable":true,"href":"https:\/\/www.correiobraziliense.com.br\/cbradar\/wp-json\/wp\/v2\/categories?post=209623"},{"taxonomy":"post_tag","embeddable":true,"href":"https:\/\/www.correiobraziliense.com.br\/cbradar\/wp-json\/wp\/v2\/tags?post=209623"}],"curies":[{"name":"wp","href":"https:\/\/api.w.org\/{rel}","templated":true}]}}