{"id":209624,"date":"2026-03-17T11:45:00","date_gmt":"2026-03-17T14:45:00","guid":{"rendered":"https:\/\/www.correiobraziliense.com.br\/cbradar\/?p=209624"},"modified":"2026-03-17T01:54:46","modified_gmt":"2026-03-17T04:54:46","slug":"segundo-ranking-essa-cidade-paranaense-e-a-2a-mais-inteligente-do-brasil-e-atrai-quem-busca-educacao-e-crescimento","status":"publish","type":"post","link":"https:\/\/www.correiobraziliense.com.br\/cbradar\/segundo-ranking-essa-cidade-paranaense-e-a-2a-mais-inteligente-do-brasil-e-atrai-quem-busca-educacao-e-crescimento\/","title":{"rendered":"Segundo ranking, essa cidade paranaense \u00e9 a 2\u00aa mais inteligente do Brasil e atrai quem busca educa\u00e7\u00e3o e crescimento"},"content":{"rendered":"\n<p>A 760 metros de altitude e a 100 km da <strong>Argentina<\/strong>, <strong>Pato Branco<\/strong> entrega no sudoeste do <strong>Paran\u00e1<\/strong> o que muita capital promete e n\u00e3o cumpre: cidade inteligente, ruas limpas, emprego qualificado e parques de verdade a poucos minutos de casa.<\/p>\n\n\n\n<h2 class=\"wp-block-heading\">O pato que virou cidade e nunca mais parou de crescer<\/h2>\n\n\n\n<p>No in\u00edcio do s\u00e9culo XX, o desbravador <strong>Jo\u00e3o Arruda<\/strong> abateu um pato de plumagem branca \u00e0s margens de um afluente do <strong>Rio Chopin<\/strong>. O epis\u00f3dio batizou o rio, que batizou o posto de tel\u00e9grafo instalado pelo governo federal na d\u00e9cada de 1930. Os operadores da linha telegr\u00e1fica entre <strong>Ponta Grossa<\/strong> e <strong>Barrac\u00e3o<\/strong> se referiam ao local como &#8220;Posto do Rio Pato Branco&#8221;, e o nome pegou antes mesmo da emancipa\u00e7\u00e3o, oficializada em <strong>1951<\/strong>.<\/p>\n\n\n\n<p>Fam\u00edlias ga\u00fachas, italianas, alem\u00e3s, polonesas e ucranianas moldaram a identidade da cidade. Essa mistura aparece na gastronomia, nas festas e na hospitalidade que recebe quem chega para ficar. De l\u00e1 para c\u00e1, a popula\u00e7\u00e3o saltou de pouco mais de 40 mil para cerca de 85 mil habitantes, sem perder o ritmo de interior.<\/p>\n\n\n<div class=\"wp-block-image\">\n<figure class=\"aligncenter size-large\"><img decoding=\"async\" width=\"1024\" height=\"576\" src=\"https:\/\/www.correiobraziliense.com.br\/cbradar\/wp-content\/uploads\/2025\/12\/G-2025-12-05T221934.309-1024x576.png\" alt=\"Essa cidade une inova\u00e7\u00e3o tecnol\u00f3gica e qualidade de vida no sudoeste paranaense oferecendo tudo o que \u00e9 necess\u00e1rio para viver bem\" class=\"wp-image-150858\" srcset=\"https:\/\/www.correiobraziliense.com.br\/cbradar\/wp-content\/uploads\/2025\/12\/G-2025-12-05T221934.309-1024x576.png 1024w, https:\/\/www.correiobraziliense.com.br\/cbradar\/wp-content\/uploads\/2025\/12\/G-2025-12-05T221934.309-300x169.png 300w, https:\/\/www.correiobraziliense.com.br\/cbradar\/wp-content\/uploads\/2025\/12\/G-2025-12-05T221934.309-768x432.png 768w, https:\/\/www.correiobraziliense.com.br\/cbradar\/wp-content\/uploads\/2025\/12\/G-2025-12-05T221934.309-750x422.png 750w, https:\/\/www.correiobraziliense.com.br\/cbradar\/wp-content\/uploads\/2025\/12\/G-2025-12-05T221934.309-1140x641.png 1140w, https:\/\/www.correiobraziliense.com.br\/cbradar\/wp-content\/uploads\/2025\/12\/G-2025-12-05T221934.309.png 1280w\" sizes=\"(max-width: 1024px) 100vw, 1024px\" \/><figcaption class=\"wp-element-caption\">Pato Branco inspira com mata nativa exuberante, pores do sol no parque e luzes natalinas m\u00e1gicas que renovam a alma em ref\u00fagio inovador e acolhedor do interior. \/\/ Cr\u00e9ditos: Wikip\u00e9dia<\/figcaption><\/figure><\/div>\n\n\n<h2 class=\"wp-block-heading\">Por que Pato Branco atrai novos moradores?<\/h2>\n\n\n\n<p>O <strong>IDH de 0,782<\/strong> coloca o munic\u00edpio na 4\u00aa posi\u00e7\u00e3o do Paran\u00e1, segundo o <a href=\"https:\/\/patobranco.pr.gov.br\/informacoes-gerais-de-pato-branco\/\" target=\"_blank\" rel=\"noreferrer noopener\"><strong>IBGE<\/strong><\/a>. Sa\u00fade, educa\u00e7\u00e3o e gera\u00e7\u00e3o de renda puxam o \u00edndice para cima. A rede municipal de sa\u00fade conta com tr\u00eas hospitais, UPA 24h e mais de 15 unidades b\u00e1sicas que atendem pacientes de pelo menos 15 cidades vizinhas.<\/p>\n\n\n\n<p>A taxa de escolariza\u00e7\u00e3o entre 6 e 14 anos chega a 98,6%. A <strong>Universidade Tecnol\u00f3gica Federal do Paran\u00e1 (UTFPR)<\/strong> oferece gradua\u00e7\u00f5es, mestrados e doutorados, o que mant\u00e9m uma popula\u00e7\u00e3o jovem e qualificada circulando pela cidade. O setor de tecnologia re\u00fane cerca de 126 empresas de software e hardware, com faturamento estimado em 500 milh\u00f5es de reais por ano. Esse ecossistema rendeu a <strong>Pato Branco o t\u00edtulo de 2\u00aa cidade mais inteligente do Brasil<\/strong> entre munic\u00edpios de at\u00e9 100 mil habitantes no ranking da <strong>Associa\u00e7\u00e3o Nacional das Cidades Inteligentes, Tecnol\u00f3gicas e Inovadoras (ANCITI)<\/strong>, em 2025.<\/p>\n\n\n\n<p><strong>O sudoeste paranaense abriga uma cidade que \u00e9 refer\u00eancia em inova\u00e7\u00e3o e qualidade de vida. <\/strong>O v\u00eddeo \u00e9 do canal <strong>Coisas do Mundo<\/strong>, com mais de <strong>140 mil<\/strong> inscritos, e apresenta o Parque Tecnol\u00f3gico, o Parque do Alvorecer e o espet\u00e1culo natalino:<\/p>\n\n\n\n<figure class=\"wp-block-embed aligncenter is-type-video is-provider-youtube wp-block-embed-youtube wp-embed-aspect-16-9 wp-has-aspect-ratio\"><div class=\"wp-block-embed__wrapper\">\n<div class=\"jeg_video_container jeg_video_content\"><iframe loading=\"lazy\" title=\"PATO BRANCO - PR. Conhe\u00e7a essa joia do Interior Paranaense!\" width=\"500\" height=\"281\" src=\"https:\/\/www.youtube.com\/embed\/z3ufiE0Al8I?feature=oembed\" frameborder=\"0\" allow=\"accelerometer; autoplay; clipboard-write; encrypted-media; gyroscope; picture-in-picture; web-share\" referrerpolicy=\"strict-origin-when-cross-origin\" allowfullscreen><\/iframe><\/div>\n<\/div><\/figure>\n\n\n\n<h2 class=\"wp-block-heading\">Onde o morador encontra lazer e natureza na cidade?<\/h2>\n\n\n\n<p>O dia a dia ganha cor nos espa\u00e7os p\u00fablicos bem cuidados que a prefeitura mant\u00e9m em diferentes bairros. A maioria fica a menos de 15 minutos do centro.<\/p>\n\n\n\n<ul class=\"wp-block-list\">\n<li><strong>Parque do Alvorecer<\/strong>: 107 hectares de mata nativa com trilhas, ciclovia, lagos e pistas emborrachadas para caminhada. Funciona de ter\u00e7a a domingo a partir das 7h.<\/li>\n\n\n\n<li><strong>Largo da Liberdade<\/strong>: complexo esportivo com piscinas, quadras, academia ao ar livre e oficinas gratuitas de nata\u00e7\u00e3o, dan\u00e7a e capoeira.<\/li>\n\n\n\n<li><strong>Pra\u00e7a Presidente Vargas<\/strong>: cora\u00e7\u00e3o da cidade. No fim do ano, recebe o maior desfile natalino do Paran\u00e1, com roda-gigante gratuita e Vila do Papai Noel.<\/li>\n\n\n\n<li><strong>Arena Cl\u00e1udio Petrycoski<\/strong>: casa do <a href=\"https:\/\/patofutsal.com.br\/apresentacao\/\" target=\"_blank\" rel=\"noreferrer noopener\"><strong>Pato Futsal<\/strong><\/a>, bicampe\u00e3o da Liga Nacional (2018 e 2019) e eleito 5\u00ba melhor clube do mundo pela Umbro Futsal Awards.<\/li>\n\n\n\n<li><strong>Par\u00f3quia S\u00e3o Pedro Ap\u00f3stolo<\/strong>: cart\u00e3o-postal amarelo no centro, cercado por jardins que colorem a paisagem urbana.<\/li>\n<\/ul>\n\n\n<div class=\"wp-block-image\">\n<figure class=\"aligncenter size-large\"><img decoding=\"async\" width=\"1024\" height=\"576\" src=\"https:\/\/www.correiobraziliense.com.br\/cbradar\/wp-content\/uploads\/2025\/12\/G-2025-12-05T221923.404-1024x576.png\" alt=\"Essa cidade do Paran\u00e1 surpreende ao oferecer tudo o que \u00e9 necess\u00e1rio para viver com tranquilidade e muitas oportunidades\" class=\"wp-image-150859\" srcset=\"https:\/\/www.correiobraziliense.com.br\/cbradar\/wp-content\/uploads\/2025\/12\/G-2025-12-05T221923.404-1024x576.png 1024w, https:\/\/www.correiobraziliense.com.br\/cbradar\/wp-content\/uploads\/2025\/12\/G-2025-12-05T221923.404-300x169.png 300w, https:\/\/www.correiobraziliense.com.br\/cbradar\/wp-content\/uploads\/2025\/12\/G-2025-12-05T221923.404-768x432.png 768w, https:\/\/www.correiobraziliense.com.br\/cbradar\/wp-content\/uploads\/2025\/12\/G-2025-12-05T221923.404-750x422.png 750w, https:\/\/www.correiobraziliense.com.br\/cbradar\/wp-content\/uploads\/2025\/12\/G-2025-12-05T221923.404-1140x641.png 1140w, https:\/\/www.correiobraziliense.com.br\/cbradar\/wp-content\/uploads\/2025\/12\/G-2025-12-05T221923.404.png 1280w\" sizes=\"(max-width: 1024px) 100vw, 1024px\" \/><figcaption class=\"wp-element-caption\">Em Pato Branco, curta caminhadas no parque, pra\u00e7as animadas e Natal festivo no clima tranquilo e simp\u00e1tico do cora\u00e7\u00e3o tecnol\u00f3gico paranaense! \/\/ Cr\u00e9ditos: Wikip\u00e9dia<\/figcaption><\/figure><\/div>\n\n\n<h2 class=\"wp-block-heading\">Polenta no lugar do p\u00e3o e galeto de col\u00f4nia<\/h2>\n\n\n\n<p>A heran\u00e7a dos imigrantes aparece em cada refei\u00e7\u00e3o. O prato mais original da cidade \u00e9 o Polent\u00f4, criado pela <strong>Pat\u00f4 Lancheria<\/strong>: duas fatias de polenta grelhada na chapa substituem o p\u00e3o e envolvem recheios como costela su\u00edna, picanha, til\u00e1pia e at\u00e9 vers\u00e3o vegetariana. O lanche \u00e9 marca registrada e virou s\u00edmbolo gastron\u00f4mico local.<\/p>\n\n\n\n<ul class=\"wp-block-list\">\n<li><strong>Galeto e massas artesanais<\/strong>: cantinas de tradi\u00e7\u00e3o italiana servem pratos fartos a pre\u00e7os de interior.<\/li>\n\n\n\n<li><strong>Churrasco no fogo de ch\u00e3o<\/strong>: influ\u00eancia ga\u00facha presente nas churrascarias com rod\u00edzio aos domingos.<\/li>\n\n\n\n<li><strong>Caf\u00e9 colonial<\/strong>: cucas alem\u00e3s, bolo de milho verde e geleias caseiras nos caf\u00e9s dos bairros mais antigos.<\/li>\n<\/ul>\n\n\n\n<p><strong>Leia tamb\u00e9m: <a href=\"https:\/\/www.correiobraziliense.com.br\/cbradar\/uma-pequena-italia-no-interior-do-sul-com-2-600-moradores-e-a-maior-produtora-de-uvas-preserva-tradicoes-e-encanta-turistas\/\" target=\"_blank\" rel=\"noreferrer noopener\">Uma pequena It\u00e1lia no interior do Sul com 2.600 moradores \u00e9 a maior produtora de uvas, preserva tradi\u00e7\u00f5es e encanta turistas.<\/a><\/strong><\/p>\n\n\n\n<h2 class=\"wp-block-heading\">Quando o clima favorece cada tipo de programa?<\/h2>\n\n\n\n<p>O clima subtropical garante quatro esta\u00e7\u00f5es bem marcadas. Geadas s\u00e3o comuns entre junho e agosto, e a m\u00ednima hist\u00f3rica chegou a -5,6 \u00b0C em julho de 2006.<\/p>\n\n\n\n<div class=\"google-auto-ads-ignore\" style=\"font-family: 'Segoe UI', Roboto, -apple-system, sans-serif; max-width: 850px; margin: 20px auto; box-sizing: border-box; background-color: #ffffff; -webkit-font-smoothing: antialiased; text-rendering: optimizeLegibility;\">\n    \n    <div style=\"background: #fffcfc; border-radius: 20px; overflow: hidden; border: 1px solid #bae6fd; display: flex; flex-direction: column; box-shadow: 0 4px 15px rgba(2, 132, 199, 0.05);\">\n        \n        <div style=\"background: linear-gradient(135deg, #38bdf8 0%, #0284c7 100%); padding: 20px 30px; text-align: left;\">\n            <div style=\"font-size: 24px; font-weight: 800; color: #ffffff; letter-spacing: -0.5px; line-height: 1.2;\">\n                Sazonalidade e condi\u00e7\u00f5es para atividades em Pato Branco\n            <\/div>\n            <div style=\"font-size: 14px; color: #e0f2fe; margin-top: 4px; font-weight: 500; opacity: 0.9;\">\n                An\u00e1lise clim\u00e1tica detalhada para planejamento de viagens, eventos e lazer no Sudoeste paranaense\n            <\/div>\n        <\/div>\n\n        <div style=\"padding: 15px;\">\n            <div style=\"display: grid; width: 100%; grid-template-columns: 0.8fr 0.7fr 1fr 0.7fr 1.8fr; gap: 1px; background-color: #7dd3fc; border-radius: 12px; border: 1px solid #7dd3fc; overflow: hidden;\">\n                \n                <div style=\"background: #f0f9ff; padding: 10px; font-weight: 800; font-size: 11px; text-transform: uppercase; color: #0c4a6e; text-align: center;\">Esta\u00e7\u00e3o<\/div>\n                <div style=\"background: #f0f9ff; padding: 10px; font-weight: 800; font-size: 11px; text-transform: uppercase; color: #0c4a6e; text-align: center;\">Meses<\/div>\n                <div style=\"background: #f0f9ff; padding: 10px; font-weight: 800; font-size: 11px; text-transform: uppercase; color: #0c4a6e; text-align: center;\">Temperatura<\/div>\n                <div style=\"background: #f0f9ff; padding: 10px; font-weight: 800; font-size: 11px; text-transform: uppercase; color: #0c4a6e; text-align: center;\">Chuva<\/div>\n                <div style=\"background: #f0f9ff; padding: 10px; font-weight: 800; font-size: 11px; text-transform: uppercase; color: #0c4a6e; text-align: center;\">O que fazer<\/div>\n\n                <div style=\"background: #ffffff; padding: 12px; font-weight: 800; color: #0284c7; font-size: 14px; display: flex; align-items: center; justify-content: center; gap: 5px;\">\u2600\ufe0f Ver\u00e3o<\/div>\n                <div style=\"background: #ffffff; padding: 12px; font-size: 13px; color: #1e293b; font-weight: 600; display: flex; align-items: center; justify-content: center;\">Dez-Fev<\/div>\n                <div style=\"background: #ffffff; padding: 12px; display: flex; align-items: center; justify-content: center; gap: 6px;\">\n                    <span style=\"font-size: 13px; font-weight: 700; color: #1e293b;\">18-30 \u00b0C<\/span>\n                <\/div>\n                <div style=\"background: #ffffff; padding: 12px; font-size: 13px; color: #ef4444; font-weight: 600; display: flex; align-items: center; justify-content: center;\">Alta<\/div>\n                <div style=\"background: #ffffff; padding: 12px; font-size: 13px; line-height: 1.4; color: #1e293b; display: flex; align-items: center;\">Parques municipais e a tradicional ilumina\u00e7\u00e3o de Natal em dezembro.<\/div>\n\n                <div style=\"background: #f8fafc; padding: 12px; font-weight: 800; color: #0284c7; font-size: 14px; display: flex; align-items: center; justify-content: center; gap: 5px;\">\ud83c\udf42 Outono<\/div>\n                <div style=\"background: #f8fafc; padding: 12px; font-size: 13px; color: #1e293b; font-weight: 600; display: flex; align-items: center; justify-content: center;\">Mar-Mai<\/div>\n                <div style=\"background: #f8fafc; padding: 12px; display: flex; align-items: center; justify-content: center; gap: 6px;\">\n                    <span style=\"font-size: 13px; font-weight: 700; color: #1e293b;\">14-25 \u00b0C<\/span>\n                <\/div>\n                <div style=\"background: #f8fafc; padding: 12px; font-size: 13px; color: #4b5563; font-weight: 600; display: flex; align-items: center; justify-content: center;\">M\u00e9dia<\/div>\n                <div style=\"background: #f8fafc; padding: 12px; font-size: 13px; line-height: 1.4; color: #1e293b; display: flex; align-items: center;\">Trilhas ecol\u00f3gicas e participa\u00e7\u00e3o em feiras culturais locais.<\/div>\n\n                <div style=\"background: #ffffff; padding: 12px; font-weight: 800; color: #0284c7; font-size: 14px; display: flex; align-items: center; justify-content: center; gap: 5px;\">\u2744\ufe0f Inverno<\/div>\n                <div style=\"background: #ffffff; padding: 12px; font-size: 13px; color: #1e293b; font-weight: 600; display: flex; align-items: center; justify-content: center;\">Jun-Ago<\/div>\n                <div style=\"background: #ffffff; padding: 12px; display: flex; align-items: center; justify-content: center; gap: 6px;\">\n                    <span style=\"font-size: 13px; font-weight: 700; color: #1e293b;\">6-18 \u00b0C<\/span>\n                <\/div>\n                <div style=\"background: #ffffff; padding: 12px; font-size: 13px; color: #4b5563; font-weight: 600; display: flex; align-items: center; justify-content: center;\">Baixa<\/div>\n                <div style=\"background: #ffffff; padding: 12px; font-size: 13px; line-height: 1.4; color: #1e293b; display: flex; align-items: center;\">Temporada de fondues, sopas e jogos de futsal no gin\u00e1sio.<\/div>\n\n                <div style=\"background: #f8fafc; padding: 12px; font-weight: 800; color: #0284c7; font-size: 14px; display: flex; align-items: center; justify-content: center; gap: 5px;\">\ud83c\udf3a Primavera<\/div>\n                <div style=\"background: #f8fafc; padding: 12px; font-size: 13px; color: #1e293b; font-weight: 600; display: flex; align-items: center; justify-content: center;\">Set-Nov<\/div>\n                <div style=\"background: #f8fafc; padding: 12px; display: flex; align-items: center; justify-content: center; gap: 6px;\">\n                    <span style=\"font-size: 13px; font-weight: 700; color: #1e293b;\">14-26 \u00b0C<\/span>\n                <\/div>\n                <div style=\"background: #f8fafc; padding: 12px; font-size: 13px; color: #4b5563; font-weight: 600; display: flex; align-items: center; justify-content: center;\">M\u00e9dia<\/div>\n                <div style=\"background: #f8fafc; padding: 12px; font-size: 13px; line-height: 1.4; color: #1e293b; display: flex; align-items: center;\">Visitar a ExpoPato e contemplar os parques floridos da cidade.<\/div>\n            <\/div>\n        <\/div>\n\n        <div style=\"padding: 10px 30px; background: #f0f9ff; border-top: 1px solid #bae6fd; font-size: 12px; color: #0c4a6e; font-style: italic; display: flex; align-items: center; gap: 8px; font-weight: 600;\">\n            <div style=\"width: 6px; height: 6px; background: #0284c7; border-radius: 50%;\"><\/div>\n            Informa\u00e7\u00e3o: A primavera \u00e9 o auge da movimenta\u00e7\u00e3o na cidade com a ExpoPato, unindo neg\u00f3cios, cultura e clima ameno.\n        <\/div>\n        \n    <\/div>\n<\/div>\n\n\n\n<p><em>Temperaturas aproximadas com base no <a href=\"https:\/\/www.climatempo.com.br\/previsao-do-tempo\/cidade\/1325\/patobranco-pr\" target=\"_blank\" rel=\"noreferrer noopener\"><strong>Climatempo<\/strong><\/a>. Condi\u00e7\u00f5es podem variar.<\/em><\/p>\n\n\n\n<h2 class=\"wp-block-heading\">Como chegar ao sudoeste paranaense?<\/h2>\n\n\n\n<p>Pato Branco fica a 439 km de <strong>Curitiba<\/strong> pelas rodovias <strong>BR-158<\/strong>, <strong>PR-493<\/strong> e <strong>PR-280<\/strong>, cerca de 5h30 de carro. O <strong>Aeroporto Municipal Juvenal Cardoso<\/strong> opera voos regulares para a capital paranaense pela <strong>Azul<\/strong>, o que encurta a viagem para pouco mais de uma hora.<\/p>\n\n\n\n<h2 class=\"wp-block-heading\">Uma cidade que entrega o que promete<\/h2>\n\n\n\n<p><strong>Pato Branco combina emprego qualificado, natureza no meio urbano e um custo de vida que capitais n\u00e3o conseguem oferecer. <\/strong>A cidade cresce sem pressa, mas sem parar, e mant\u00e9m a seguran\u00e7a e a proximidade entre vizinhos que definem o melhor do interior paranaense.<\/p>\n\n\n\n<p>Voc\u00ea precisa conhecer a cidade que nasceu de um pato selvagem e se transformou em refer\u00eancia nacional de qualidade de vida, tecnologia e acolhimento no cora\u00e7\u00e3o do sudoeste do Paran\u00e1.<\/p>\n","protected":false},"excerpt":{"rendered":"<p>A 760 metros de altitude e a 100 km da Argentina, Pato Branco entrega no sudoeste do Paran\u00e1 o que muita capital promete e n\u00e3o cumpre: cidade inteligente, ruas limpas, emprego qualificado e parques de verdade a poucos minutos de casa. O pato que virou cidade e nunca mais parou de crescer No in\u00edcio do [&hellip;]<\/p>\n","protected":false},"author":8,"featured_media":209917,"comment_status":"open","ping_status":"open","sticky":false,"template":"","format":"standard","meta":{"_yoast_wpseo_focuskw":"cidade inteligente","_yoast_wpseo_title":"","_yoast_wpseo_metadesc":"Apontada por ranking como a 2\u00aa mais inteligente do Brasil, essa cidade do Paran\u00e1 atrai moradores em busca de educa\u00e7\u00e3o","jnews-multi-image_gallery":[],"jnews_single_post":{"format":"standard"},"jnews_primary_category":[],"jnews_social_meta":[],"jnews_override_counter":[],"footnotes":""},"categories":[108,111],"tags":[664,10041],"class_list":["post-209624","post","type-post","status-publish","format-standard","has-post-thumbnail","hentry","category-cidades","category-turismo","tag-parana","tag-pato-branco"],"yoast_head":"<!-- This site is optimized with the Yoast SEO plugin v24.6 - https:\/\/yoast.com\/wordpress\/plugins\/seo\/ -->\n<title>Segundo ranking, essa cidade paranaense \u00e9 a 2\u00aa mais inteligente do Brasil e atrai quem busca educa\u00e7\u00e3o e crescimento - Correio Braziliense - Radar<\/title>\n<meta name=\"description\" content=\"Apontada por ranking como a 2\u00aa mais inteligente do Brasil, essa cidade do Paran\u00e1 atrai moradores em busca de educa\u00e7\u00e3o\" \/>\n<meta name=\"robots\" content=\"index, follow, max-snippet:-1, max-image-preview:large, max-video-preview:-1\" \/>\n<link rel=\"canonical\" href=\"https:\/\/www.correiobraziliense.com.br\/cbradar\/segundo-ranking-essa-cidade-paranaense-e-a-2a-mais-inteligente-do-brasil-e-atrai-quem-busca-educacao-e-crescimento\/\" \/>\n<meta property=\"og:locale\" content=\"pt_BR\" \/>\n<meta property=\"og:type\" content=\"article\" \/>\n<meta property=\"og:title\" content=\"Segundo ranking, essa cidade paranaense \u00e9 a 2\u00aa mais inteligente do Brasil e atrai quem busca educa\u00e7\u00e3o e crescimento - Correio Braziliense - Radar\" \/>\n<meta property=\"og:description\" content=\"Apontada por ranking como a 2\u00aa mais inteligente do Brasil, essa cidade do Paran\u00e1 atrai moradores em busca de educa\u00e7\u00e3o\" \/>\n<meta property=\"og:url\" content=\"https:\/\/www.correiobraziliense.com.br\/cbradar\/segundo-ranking-essa-cidade-paranaense-e-a-2a-mais-inteligente-do-brasil-e-atrai-quem-busca-educacao-e-crescimento\/\" \/>\n<meta property=\"og:site_name\" content=\"Correio Braziliense - Radar\" \/>\n<meta property=\"article:published_time\" content=\"2026-03-17T14:45:00+00:00\" \/>\n<meta property=\"og:image\" content=\"https:\/\/www.correiobraziliense.com.br\/cbradar\/wp-content\/uploads\/2026\/03\/aaa-41.png\" \/>\n\t<meta property=\"og:image:width\" content=\"1280\" \/>\n\t<meta property=\"og:image:height\" content=\"720\" \/>\n\t<meta property=\"og:image:type\" content=\"image\/png\" \/>\n<meta name=\"author\" content=\"Maura Pereira\" \/>\n<meta name=\"twitter:card\" content=\"summary_large_image\" \/>\n<meta name=\"twitter:label1\" content=\"Escrito por\" \/>\n\t<meta name=\"twitter:data1\" content=\"Maura Pereira\" \/>\n\t<meta name=\"twitter:label2\" content=\"Est. tempo de leitura\" \/>\n\t<meta name=\"twitter:data2\" content=\"7 minutos\" \/>\n<!-- \/ Yoast SEO plugin. -->","yoast_head_json":{"title":"Segundo ranking, essa cidade paranaense \u00e9 a 2\u00aa mais inteligente do Brasil e atrai quem busca educa\u00e7\u00e3o e crescimento - Correio Braziliense - Radar","description":"Apontada por ranking como a 2\u00aa mais inteligente do Brasil, essa cidade do Paran\u00e1 atrai moradores em busca de educa\u00e7\u00e3o","robots":{"index":"index","follow":"follow","max-snippet":"max-snippet:-1","max-image-preview":"max-image-preview:large","max-video-preview":"max-video-preview:-1"},"canonical":"https:\/\/www.correiobraziliense.com.br\/cbradar\/segundo-ranking-essa-cidade-paranaense-e-a-2a-mais-inteligente-do-brasil-e-atrai-quem-busca-educacao-e-crescimento\/","og_locale":"pt_BR","og_type":"article","og_title":"Segundo ranking, essa cidade paranaense \u00e9 a 2\u00aa mais inteligente do Brasil e atrai quem busca educa\u00e7\u00e3o e crescimento - Correio Braziliense - Radar","og_description":"Apontada por ranking como a 2\u00aa mais inteligente do Brasil, essa cidade do Paran\u00e1 atrai moradores em busca de educa\u00e7\u00e3o","og_url":"https:\/\/www.correiobraziliense.com.br\/cbradar\/segundo-ranking-essa-cidade-paranaense-e-a-2a-mais-inteligente-do-brasil-e-atrai-quem-busca-educacao-e-crescimento\/","og_site_name":"Correio Braziliense - Radar","article_published_time":"2026-03-17T14:45:00+00:00","og_image":[{"width":1280,"height":720,"url":"https:\/\/www.correiobraziliense.com.br\/cbradar\/wp-content\/uploads\/2026\/03\/aaa-41.png","type":"image\/png"}],"author":"Maura Pereira","twitter_card":"summary_large_image","twitter_misc":{"Escrito por":"Maura Pereira","Est. tempo de leitura":"7 minutos"},"schema":{"@context":"https:\/\/schema.org","@graph":[{"@type":"WebPage","@id":"https:\/\/www.correiobraziliense.com.br\/cbradar\/segundo-ranking-essa-cidade-paranaense-e-a-2a-mais-inteligente-do-brasil-e-atrai-quem-busca-educacao-e-crescimento\/","url":"https:\/\/www.correiobraziliense.com.br\/cbradar\/segundo-ranking-essa-cidade-paranaense-e-a-2a-mais-inteligente-do-brasil-e-atrai-quem-busca-educacao-e-crescimento\/","name":"Segundo ranking, essa cidade paranaense \u00e9 a 2\u00aa mais inteligente do Brasil e atrai quem busca educa\u00e7\u00e3o e crescimento - Correio Braziliense - Radar","isPartOf":{"@id":"https:\/\/www.correiobraziliense.com.br\/cbradar\/#website"},"primaryImageOfPage":{"@id":"https:\/\/www.correiobraziliense.com.br\/cbradar\/segundo-ranking-essa-cidade-paranaense-e-a-2a-mais-inteligente-do-brasil-e-atrai-quem-busca-educacao-e-crescimento\/#primaryimage"},"image":{"@id":"https:\/\/www.correiobraziliense.com.br\/cbradar\/segundo-ranking-essa-cidade-paranaense-e-a-2a-mais-inteligente-do-brasil-e-atrai-quem-busca-educacao-e-crescimento\/#primaryimage"},"thumbnailUrl":"https:\/\/www.correiobraziliense.com.br\/cbradar\/wp-content\/uploads\/2026\/03\/aaa-41.png","datePublished":"2026-03-17T14:45:00+00:00","author":{"@id":"https:\/\/www.correiobraziliense.com.br\/cbradar\/#\/schema\/person\/4053c651a9bfc785afc6f4cbc9032fd3"},"description":"Apontada por ranking como a 2\u00aa mais inteligente do Brasil, essa cidade do Paran\u00e1 atrai moradores em busca de educa\u00e7\u00e3o","breadcrumb":{"@id":"https:\/\/www.correiobraziliense.com.br\/cbradar\/segundo-ranking-essa-cidade-paranaense-e-a-2a-mais-inteligente-do-brasil-e-atrai-quem-busca-educacao-e-crescimento\/#breadcrumb"},"inLanguage":"pt-BR","potentialAction":[{"@type":"ReadAction","target":["https:\/\/www.correiobraziliense.com.br\/cbradar\/segundo-ranking-essa-cidade-paranaense-e-a-2a-mais-inteligente-do-brasil-e-atrai-quem-busca-educacao-e-crescimento\/"]}]},{"@type":"ImageObject","inLanguage":"pt-BR","@id":"https:\/\/www.correiobraziliense.com.br\/cbradar\/segundo-ranking-essa-cidade-paranaense-e-a-2a-mais-inteligente-do-brasil-e-atrai-quem-busca-educacao-e-crescimento\/#primaryimage","url":"https:\/\/www.correiobraziliense.com.br\/cbradar\/wp-content\/uploads\/2026\/03\/aaa-41.png","contentUrl":"https:\/\/www.correiobraziliense.com.br\/cbradar\/wp-content\/uploads\/2026\/03\/aaa-41.png","width":1280,"height":720,"caption":"Pato Branco possui o t\u00edtulo de 2\u00aa cidade mais inteligente do Brasil entre munic\u00edpios de at\u00e9 100 mil habitantes no ranking da Associa\u00e7\u00e3o Nacional das Cidades Inteligentes. \/ Imagem ilustrativa"},{"@type":"BreadcrumbList","@id":"https:\/\/www.correiobraziliense.com.br\/cbradar\/segundo-ranking-essa-cidade-paranaense-e-a-2a-mais-inteligente-do-brasil-e-atrai-quem-busca-educacao-e-crescimento\/#breadcrumb","itemListElement":[{"@type":"ListItem","position":1,"name":"In\u00edcio","item":"https:\/\/www.correiobraziliense.com.br\/cbradar\/"},{"@type":"ListItem","position":2,"name":"Segundo ranking, essa cidade paranaense \u00e9 a 2\u00aa mais inteligente do Brasil e atrai quem busca educa\u00e7\u00e3o e crescimento"}]},{"@type":"WebSite","@id":"https:\/\/www.correiobraziliense.com.br\/cbradar\/#website","url":"https:\/\/www.correiobraziliense.com.br\/cbradar\/","name":"Correio Braziliense - Radar","description":"Acompanhe as \u00faltimas not\u00edcias e fique bem informado sobre tudo o que acontece no Brasil e no mundo.","potentialAction":[{"@type":"SearchAction","target":{"@type":"EntryPoint","urlTemplate":"https:\/\/www.correiobraziliense.com.br\/cbradar\/?s={search_term_string}"},"query-input":{"@type":"PropertyValueSpecification","valueRequired":true,"valueName":"search_term_string"}}],"inLanguage":"pt-BR"},{"@type":"Person","@id":"https:\/\/www.correiobraziliense.com.br\/cbradar\/#\/schema\/person\/4053c651a9bfc785afc6f4cbc9032fd3","name":"Maura Pereira","image":{"@type":"ImageObject","inLanguage":"pt-BR","@id":"https:\/\/www.correiobraziliense.com.br\/cbradar\/#\/schema\/person\/image\/","url":"https:\/\/secure.gravatar.com\/avatar\/3effd6bdadfa447f15089c7f7144eaa6?s=96&d=mm&r=g","contentUrl":"https:\/\/secure.gravatar.com\/avatar\/3effd6bdadfa447f15089c7f7144eaa6?s=96&d=mm&r=g","caption":"Maura Pereira"},"sameAs":["https:\/\/www.correiobraziliense.com.br\/"],"url":"https:\/\/www.correiobraziliense.com.br\/cbradar\/author\/mauramyth\/"}]}},"_links":{"self":[{"href":"https:\/\/www.correiobraziliense.com.br\/cbradar\/wp-json\/wp\/v2\/posts\/209624","targetHints":{"allow":["GET"]}}],"collection":[{"href":"https:\/\/www.correiobraziliense.com.br\/cbradar\/wp-json\/wp\/v2\/posts"}],"about":[{"href":"https:\/\/www.correiobraziliense.com.br\/cbradar\/wp-json\/wp\/v2\/types\/post"}],"author":[{"embeddable":true,"href":"https:\/\/www.correiobraziliense.com.br\/cbradar\/wp-json\/wp\/v2\/users\/8"}],"replies":[{"embeddable":true,"href":"https:\/\/www.correiobraziliense.com.br\/cbradar\/wp-json\/wp\/v2\/comments?post=209624"}],"version-history":[{"count":11,"href":"https:\/\/www.correiobraziliense.com.br\/cbradar\/wp-json\/wp\/v2\/posts\/209624\/revisions"}],"predecessor-version":[{"id":209918,"href":"https:\/\/www.correiobraziliense.com.br\/cbradar\/wp-json\/wp\/v2\/posts\/209624\/revisions\/209918"}],"wp:featuredmedia":[{"embeddable":true,"href":"https:\/\/www.correiobraziliense.com.br\/cbradar\/wp-json\/wp\/v2\/media\/209917"}],"wp:attachment":[{"href":"https:\/\/www.correiobraziliense.com.br\/cbradar\/wp-json\/wp\/v2\/media?parent=209624"}],"wp:term":[{"taxonomy":"category","embeddable":true,"href":"https:\/\/www.correiobraziliense.com.br\/cbradar\/wp-json\/wp\/v2\/categories?post=209624"},{"taxonomy":"post_tag","embeddable":true,"href":"https:\/\/www.correiobraziliense.com.br\/cbradar\/wp-json\/wp\/v2\/tags?post=209624"}],"curies":[{"name":"wp","href":"https:\/\/api.w.org\/{rel}","templated":true}]}}