{"id":209627,"date":"2026-03-17T12:45:00","date_gmt":"2026-03-17T15:45:00","guid":{"rendered":"https:\/\/www.correiobraziliense.com.br\/cbradar\/?p=209627"},"modified":"2026-03-17T02:05:08","modified_gmt":"2026-03-17T05:05:08","slug":"a-maior-capital-do-brasil-em-territorio-faz-fronteira-com-a-bolivia-e-ja-falou-ingles","status":"publish","type":"post","link":"https:\/\/www.correiobraziliense.com.br\/cbradar\/a-maior-capital-do-brasil-em-territorio-faz-fronteira-com-a-bolivia-e-ja-falou-ingles\/","title":{"rendered":"A maior capital do Brasil em territ\u00f3rio faz fronteira com a Bol\u00edvia e j\u00e1 falou ingl\u00eas"},"content":{"rendered":"\n<p>Com mais de 34 mil km\u00b2 de \u00e1rea, <strong>Porto Velho<\/strong> \u00e9 maior que a <strong>B\u00e9lgica<\/strong> inteira. A capital de <strong>Rond\u00f4nia<\/strong> nasceu sobre trilhos americanos \u00e0 beira do <strong>Rio Madeira<\/strong> e guarda, entre locomotivas enferrujadas e pores do sol dourados, uma hist\u00f3ria que pouca gente conhece.<\/p>\n\n\n\n<h2 class=\"wp-block-heading\">A ferrovia que deu nome de &#8220;Diabo&#8221; \u00e0 Amaz\u00f4nia<\/h2>\n\n\n\n<p>Em <strong>4 de julho de 1907<\/strong>, o magnata norte-americano <strong>Percival Farquhar<\/strong> fincou os primeiros barrac\u00f5es para construir a <strong>Estrada de Ferro Madeira-Mamor\u00e9 (EFMM)<\/strong>. A obra ligaria Porto Velho a <strong>Guajar\u00e1-Mirim<\/strong> ao longo de 366 km de selva, rios e doen\u00e7as tropicais. As condi\u00e7\u00f5es eram t\u00e3o severas que a ferrovia ganhou o apelido de &#8220;Ferrovia do Diabo&#8221;.<\/p>\n\n\n\n<p>Inaugurada em <strong>1912<\/strong>, a EFMM atraiu trabalhadores de mais de 50 nacionalidades. At\u00e9 a d\u00e9cada de 1920, ordens de servi\u00e7o, card\u00e1pios de restaurantes e o primeiro jornal da cidade, o <em>The Porto Velho Times<\/em>, eram escritos em ingl\u00eas. O idioma funcionou como l\u00edngua franca enquanto engenheiros brit\u00e2nicos e americanos comandavam as opera\u00e7\u00f5es, segundo registros do <a href=\"https:\/\/rondonia.ro.gov.br\/desenvolvimento-e-historico-de-crescimento-marcam-os-108-anos-de-instalacao-de-porto-velho\/\" target=\"_blank\" rel=\"noreferrer noopener\"><strong>Governo de Rond\u00f4nia<\/strong><\/a>.<\/p>\n\n\n<div class=\"wp-block-image\">\n<figure class=\"aligncenter size-large\"><img decoding=\"async\" width=\"1024\" height=\"576\" src=\"https:\/\/www.correiobraziliense.com.br\/cbradar\/wp-content\/uploads\/2026\/01\/aaa-93-1024x576.png\" alt=\"Essa capital da Amaz\u00f4nia na fronteira com a Bol\u00edvia se destaca por energia, agroneg\u00f3cio e log\u00edstica gerando muitas oportunidades\" class=\"wp-image-174266\" srcset=\"https:\/\/www.correiobraziliense.com.br\/cbradar\/wp-content\/uploads\/2026\/01\/aaa-93-1024x576.png 1024w, https:\/\/www.correiobraziliense.com.br\/cbradar\/wp-content\/uploads\/2026\/01\/aaa-93-300x169.png 300w, https:\/\/www.correiobraziliense.com.br\/cbradar\/wp-content\/uploads\/2026\/01\/aaa-93-768x432.png 768w, https:\/\/www.correiobraziliense.com.br\/cbradar\/wp-content\/uploads\/2026\/01\/aaa-93-750x422.png 750w, https:\/\/www.correiobraziliense.com.br\/cbradar\/wp-content\/uploads\/2026\/01\/aaa-93-1140x641.png 1140w, https:\/\/www.correiobraziliense.com.br\/cbradar\/wp-content\/uploads\/2026\/01\/aaa-93.png 1280w\" sizes=\"(max-width: 1024px) 100vw, 1024px\" \/><figcaption class=\"wp-element-caption\">Porto Velho \u00e9 a capital de Rond\u00f4nia, fundada em 1914 para a Estrada de Ferro Madeira-Mamor\u00e9, com popula\u00e7\u00e3o estimada em 518 mil habitantes em 2025. \/\/ Cr\u00e9ditos: Wikip\u00e9dia<\/figcaption><\/figure><\/div>\n\n\n<h2 class=\"wp-block-heading\">Como \u00e9 o dia a dia na capital rondoniense?<\/h2>\n\n\n\n<p>Porto Velho re\u00fane cerca de 460 mil habitantes, conforme o <a href=\"https:\/\/www.ibge.gov.br\/cidades-e-estados\/ro\/porto-velho.html\" target=\"_blank\" rel=\"noreferrer noopener\"><strong>Instituto Brasileiro de Geografia e Estat\u00edstica (IBGE)<\/strong><\/a>. Aproximadamente 40% da popula\u00e7\u00e3o nasceu fora de Rond\u00f4nia, o que torna a cidade uma das capitais mais diversas do Norte. Nordestinos, sulistas, bolivianos e ribeirinhos convivem e misturam sotaques, temperos e costumes.<\/p>\n\n\n\n<p>A economia gira em torno do agroneg\u00f3cio, do com\u00e9rcio forte e da energia gerada pelas usinas hidrel\u00e9tricas do Madeira. O PIB per capita alcan\u00e7ou R$ 55.170 em 2023. A <strong>Universidade Federal de Rond\u00f4nia (UNIR)<\/strong> e o <strong>Instituto Federal de Rond\u00f4nia (IFRO)<\/strong> sustentam a forma\u00e7\u00e3o de m\u00e3o de obra local. A cidade enfrenta desafios s\u00e9rios em saneamento b\u00e1sico e seguran\u00e7a, \u00e1reas em que os \u00edndices ainda ficam abaixo da m\u00e9dia das capitais brasileiras. Mesmo assim, o ritmo de crescimento econ\u00f4mico e os investimentos em infraestrutura v\u00eam mudando o cen\u00e1rio nos \u00faltimos anos.<\/p>\n\n\n\n<p><strong>A maior capital em \u00e1rea do Brasil guarda hist\u00f3rias fascinantes \u00e0s margens do Rio Madeira. <\/strong>O v\u00eddeo \u00e9 do canal <strong>Rol\u00ea Fam\u00edlia<\/strong>, refer\u00eancia com mais de <strong>250 mil<\/strong> inscritos, e apresenta as Tr\u00eas Caixas D&#8217;\u00c1gua, a Estrada de Ferro Madeira-Mamor\u00e9 e a observa\u00e7\u00e3o de aves:<\/p>\n\n\n\n<figure class=\"wp-block-embed aligncenter is-type-video is-provider-youtube wp-block-embed-youtube wp-embed-aspect-16-9 wp-has-aspect-ratio\"><div class=\"wp-block-embed__wrapper\">\n<div class=\"jeg_video_container jeg_video_content\"><iframe loading=\"lazy\" title=\"PORTO VELHO: A Desconhecida Capital de ROND\u00d4NIA\" width=\"500\" height=\"281\" src=\"https:\/\/www.youtube.com\/embed\/NqlGR_LLLIQ?feature=oembed\" frameborder=\"0\" allow=\"accelerometer; autoplay; clipboard-write; encrypted-media; gyroscope; picture-in-picture; web-share\" referrerpolicy=\"strict-origin-when-cross-origin\" allowfullscreen><\/iframe><\/div>\n<\/div><\/figure>\n\n\n\n<h2 class=\"wp-block-heading\">O que visitar entre locomotivas e o Rio Madeira?<\/h2>\n\n\n\n<p>A capital amaz\u00f4nica surpreende quem espera apenas calor e floresta. O patrim\u00f4nio hist\u00f3rico divide espa\u00e7o com parques revitalizados e uma orla que oferece um dos pores do sol mais bonitos do Norte.<\/p>\n\n\n\n<ul class=\"wp-block-list\">\n<li><strong>Complexo da Estrada de Ferro Madeira-Mamor\u00e9<\/strong>: museu interativo com mais de 300 pe\u00e7as, p\u00e1tio de locomotivas hist\u00f3ricas, mirante para o Rio Madeira e passeio de litorina pelos trilhos originais. Entrada gratuita, funcionamento di\u00e1rio.<\/li>\n\n\n\n<li><strong>Pra\u00e7a das Tr\u00eas Caixas D&#8217;\u00c1gua<\/strong>: reservat\u00f3rios met\u00e1licos trazidos dos <strong>Estados Unidos<\/strong> pelos ingleses no in\u00edcio do s\u00e9culo XX, hoje s\u00edmbolo oficial da cidade.<\/li>\n\n\n\n<li><strong>Mercado Cultural<\/strong>: boxes de tacac\u00e1, tapioca e caldeirada, com apresenta\u00e7\u00f5es culturais e vista para o centro hist\u00f3rico.<\/li>\n\n\n\n<li><strong>Ecoparque Pirarucu<\/strong>: \u00e1rea verde revitalizada para caminhadas, esportes e conv\u00edvio familiar.<\/li>\n\n\n\n<li><strong>Passeios de barco pelo Rio Madeira<\/strong>: sa\u00eddas do complexo ferrovi\u00e1rio com vista das comunidades ribeirinhas e da floresta de v\u00e1rzea.<\/li>\n<\/ul>\n\n\n<div class=\"wp-block-image\">\n<figure class=\"aligncenter size-large\"><img decoding=\"async\" width=\"1024\" height=\"576\" src=\"https:\/\/www.correiobraziliense.com.br\/cbradar\/wp-content\/uploads\/2026\/01\/aaa-92-1024x576.png\" alt=\"Essa capital da Amaz\u00f4nia na fronteira com a Bol\u00edvia se destaca por energia, agroneg\u00f3cio e log\u00edstica gerando muitas oportunidades\" class=\"wp-image-174267\" srcset=\"https:\/\/www.correiobraziliense.com.br\/cbradar\/wp-content\/uploads\/2026\/01\/aaa-92-1024x576.png 1024w, https:\/\/www.correiobraziliense.com.br\/cbradar\/wp-content\/uploads\/2026\/01\/aaa-92-300x169.png 300w, https:\/\/www.correiobraziliense.com.br\/cbradar\/wp-content\/uploads\/2026\/01\/aaa-92-768x432.png 768w, https:\/\/www.correiobraziliense.com.br\/cbradar\/wp-content\/uploads\/2026\/01\/aaa-92-750x422.png 750w, https:\/\/www.correiobraziliense.com.br\/cbradar\/wp-content\/uploads\/2026\/01\/aaa-92-1140x641.png 1140w, https:\/\/www.correiobraziliense.com.br\/cbradar\/wp-content\/uploads\/2026\/01\/aaa-92.png 1280w\" sizes=\"(max-width: 1024px) 100vw, 1024px\" \/><figcaption class=\"wp-element-caption\">Em Porto Velho, o Rio Madeira convida para passeios relaxantes e sabores da Amaz\u00f4nia na acolhedora capital rondoniense. \/\/ Cr\u00e9ditos: Wikip\u00e9dia<\/figcaption><\/figure><\/div>\n\n\n<h2 class=\"wp-block-heading\">Tambaqui, tacac\u00e1 e a tremedeira do jambu<\/h2>\n\n\n\n<p>A mesa porto-velhense mistura influ\u00eancias ind\u00edgenas, ribeirinhas, nordestinas e bolivianas. O peixe \u00e9 protagonista absoluto, servido frito, assado na brasa ou em caldeiradas com tucupi e jambu.<\/p>\n\n\n\n<ul class=\"wp-block-list\">\n<li><strong>Tambaqui assado na folha de bananeira<\/strong>: prato-s\u00edmbolo da cidade, servido com pir\u00e3o, bai\u00e3o de dois e farofa nos restaurantes \u00e0 beira do Madeira.<\/li>\n\n\n\n<li><strong>Tacac\u00e1<\/strong>: caldo quente de tucupi com goma de tapioca, camar\u00e3o seco e jambu, que provoca a famosa dorm\u00eancia nos l\u00e1bios. O <strong>Tacac\u00e1 da In\u00eas<\/strong> serve a receita desde 1957.<\/li>\n\n\n\n<li><strong>Caldeirada amazonense<\/strong>: ensopado de dourado ou pirarucu com batata, piment\u00e3o e temperos regionais.<\/li>\n\n\n\n<li><strong>Saltenha<\/strong>: empanada boliviana recheada de carne e caldo, heran\u00e7a da vizinhan\u00e7a com a <strong>Bol\u00edvia<\/strong>, a apenas 328 km por Guajar\u00e1-Mirim.<\/li>\n<\/ul>\n\n\n<div class=\"wp-block-image\">\n<figure class=\"aligncenter size-large\"><img decoding=\"async\" width=\"1024\" height=\"576\" src=\"https:\/\/www.correiobraziliense.com.br\/cbradar\/wp-content\/uploads\/2026\/01\/aaa-90-1024x576.png\" alt=\"Essa capital da Amaz\u00f4nia na fronteira com a Bol\u00edvia se destaca por energia, agroneg\u00f3cio e log\u00edstica gerando muitas oportunidades\" class=\"wp-image-174270\" srcset=\"https:\/\/www.correiobraziliense.com.br\/cbradar\/wp-content\/uploads\/2026\/01\/aaa-90-1024x576.png 1024w, https:\/\/www.correiobraziliense.com.br\/cbradar\/wp-content\/uploads\/2026\/01\/aaa-90-300x169.png 300w, https:\/\/www.correiobraziliense.com.br\/cbradar\/wp-content\/uploads\/2026\/01\/aaa-90-768x432.png 768w, https:\/\/www.correiobraziliense.com.br\/cbradar\/wp-content\/uploads\/2026\/01\/aaa-90-750x422.png 750w, https:\/\/www.correiobraziliense.com.br\/cbradar\/wp-content\/uploads\/2026\/01\/aaa-90-1140x641.png 1140w, https:\/\/www.correiobraziliense.com.br\/cbradar\/wp-content\/uploads\/2026\/01\/aaa-90.png 1280w\" sizes=\"(max-width: 1024px) 100vw, 1024px\" \/><figcaption class=\"wp-element-caption\">Porto Velho ganha destaque com crescimento populacional e investimentos em infraestrutura na capital de Rond\u00f4nia em 2026. \/\/ Cr\u00e9ditos: Wikip\u00e9dia<\/figcaption><\/figure><\/div>\n\n\n<h2 class=\"wp-block-heading\">Quando o clima favorece cada tipo de passeio?<\/h2>\n\n\n\n<p>O clima \u00e9 tropical super\u00famido, com temperatura m\u00e9dia anual de 25,6 \u00b0C e chuvas que ultrapassam 2.000 mm por ano. Entre junho e agosto, massas de ar polar provocam as &#8220;friagens&#8221;, derrubando os term\u00f4metros para abaixo de 15 \u00b0C por alguns dias.<\/p>\n\n\n\n<div class=\"google-auto-ads-ignore\" style=\"font-family: 'Segoe UI', Roboto, -apple-system, sans-serif; max-width: 850px; margin: 20px auto; box-sizing: border-box; background-color: #ffffff; -webkit-font-smoothing: antialiased; text-rendering: optimizeLegibility;\">\n    \n    <div style=\"background: #fffcfc; border-radius: 20px; overflow: hidden; border: 1px solid #bae6fd; display: flex; flex-direction: column; box-shadow: 0 4px 15px rgba(2, 132, 199, 0.05);\">\n        \n        <div style=\"background: linear-gradient(135deg, #38bdf8 0%, #0284c7 100%); padding: 20px 30px; text-align: left;\">\n            <div style=\"font-size: 24px; font-weight: 800; color: #ffffff; letter-spacing: -0.5px; line-height: 1.2;\">\n                Sazonalidade e condi\u00e7\u00f5es para atividades\n            <\/div>\n            <div style=\"font-size: 14px; color: #e0f2fe; margin-top: 4px; font-weight: 500; opacity: 0.9;\">\n                An\u00e1lise clim\u00e1tica detalhada para planejamento de viagem e roteiros de lazer, natureza e aventura\n            <\/div>\n        <\/div>\n\n        <div style=\"padding: 15px;\">\n            <div style=\"display: grid; width: 100%; grid-template-columns: 0.8fr 0.7fr 1fr 0.7fr 1.8fr; gap: 1px; background-color: #7dd3fc; border-radius: 12px; border: 1px solid #7dd3fc; overflow: hidden;\">\n                \n                <div style=\"background: #f0f9ff; padding: 10px; font-weight: 800; font-size: 11px; text-transform: uppercase; color: #0c4a6e; text-align: center;\">Esta\u00e7\u00e3o<\/div>\n                <div style=\"background: #f0f9ff; padding: 10px; font-weight: 800; font-size: 11px; text-transform: uppercase; color: #0c4a6e; text-align: center;\">Meses<\/div>\n                <div style=\"background: #f0f9ff; padding: 10px; font-weight: 800; font-size: 11px; text-transform: uppercase; color: #0c4a6e; text-align: center;\">Temperatura<\/div>\n                <div style=\"background: #f0f9ff; padding: 10px; font-weight: 800; font-size: 11px; text-transform: uppercase; color: #0c4a6e; text-align: center;\">Chuva<\/div>\n                <div style=\"background: #f0f9ff; padding: 10px; font-weight: 800; font-size: 11px; text-transform: uppercase; color: #0c4a6e; text-align: center;\">O que fazer<\/div>\n\n                <div style=\"background: #ffffff; padding: 12px; font-weight: 800; color: #0284c7; font-size: 14px; display: flex; align-items: center; justify-content: center; gap: 5px;\">\ud83c\udf27\ufe0f Chuvosa<\/div>\n                <div style=\"background: #ffffff; padding: 12px; font-size: 13px; color: #1e293b; font-weight: 600; display: flex; align-items: center; justify-content: center;\">Out-Abr<\/div>\n                <div style=\"background: #ffffff; padding: 12px; display: flex; align-items: center; justify-content: center; gap: 6px;\">\n                    <span style=\"font-size: 13px; font-weight: 700; color: #1e293b;\">24-34 \u00b0C<\/span>\n                <\/div>\n                <div style=\"background: #ffffff; padding: 12px; font-size: 13px; color: #ef4444; font-weight: 600; display: flex; align-items: center; justify-content: center;\">Alta<\/div>\n                <div style=\"background: #ffffff; padding: 12px; font-size: 13px; line-height: 1.4; color: #1e293b; display: flex; align-items: center;\">Rios cheios, paisagem exuberantemente verde e passeios de barco explorat\u00f3rios.<\/div>\n\n                <div style=\"background: #f8fafc; padding: 12px; font-weight: 800; color: #0284c7; font-size: 14px; display: flex; align-items: center; justify-content: center; gap: 5px;\">\u2600\ufe0f Seca<\/div>\n                <div style=\"background: #f8fafc; padding: 12px; font-size: 13px; color: #1e293b; font-weight: 600; display: flex; align-items: center; justify-content: center;\">Mai-Set<\/div>\n                <div style=\"background: #f8fafc; padding: 12px; display: flex; align-items: center; justify-content: center; gap: 6px;\">\n                    <span style=\"font-size: 13px; font-weight: 700; color: #1e293b;\">20-33 \u00b0C<\/span>\n                <\/div>\n                <div style=\"background: #f8fafc; padding: 12px; font-size: 13px; color: #4b5563; font-weight: 600; display: flex; align-items: center; justify-content: center;\">Baixa<\/div>\n                <div style=\"background: #f8fafc; padding: 12px; font-size: 13px; line-height: 1.4; color: #1e293b; display: flex; align-items: center;\">Aproveitar praias fluviais, fazer trilhas secas e contemplar o p\u00f4r do sol espetacular no Rio Madeira.<\/div>\n            <\/div>\n        <\/div>\n\n        <div style=\"padding: 10px 30px; background: #f0f9ff; border-top: 1px solid #bae6fd; font-size: 12px; color: #0c4a6e; font-style: italic; display: flex; align-items: center; gap: 8px; font-weight: 600;\">\n            <div style=\"width: 6px; height: 6px; background: #0284c7; border-radius: 50%;\"><\/div>\n            Dica: A esta\u00e7\u00e3o seca \u00e9 ideal para quem busca praias fluviais e trilhas, enquanto a chuvosa oferece paisagens mais verdes e rios naveg\u00e1veis, ideal para passeios de barco descritivos e observa\u00e7\u00e3o de fauna descritiva.\n        <\/div>\n        \n    <\/div>\n<\/div>\n\n\n\n<p><em>Temperaturas aproximadas com base no <a href=\"https:\/\/www.climatempo.com.br\/previsao-do-tempo\/cidade\/343\/portovelho-ro\" target=\"_blank\" rel=\"noreferrer noopener\"><strong>Climatempo<\/strong><\/a>. Condi\u00e7\u00f5es podem variar.<\/em><\/p>\n\n\n\n<h2 class=\"wp-block-heading\">Como chegar \u00e0 capital de Rond\u00f4nia?<\/h2>\n\n\n\n<p>O <strong>Aeroporto Internacional Governador Jorge Teixeira de Oliveira<\/strong> recebe voos regulares de <strong>Bras\u00edlia<\/strong>, <strong>Manaus<\/strong>, <strong>Rio Branco<\/strong> e outras capitais. Por terra, a <strong>BR-364<\/strong> liga Porto Velho a <strong>Cuiab\u00e1<\/strong> (1.456 km) e a <strong>Rio Branco<\/strong> (544 km). Quem vem de barco desce o Madeira a partir de Manaus, numa viagem de tr\u00eas a quatro dias que \u00e9, por si s\u00f3, uma experi\u00eancia amaz\u00f4nica.<\/p>\n\n\n\n<p><strong>Leia tamb\u00e9m: <a href=\"https:\/\/www.correiobraziliense.com.br\/cbradar\/uma-pequena-italia-no-interior-do-sul-com-2-600-moradores-e-a-maior-produtora-de-uvas-preserva-tradicoes-e-encanta-turistas\/\" target=\"_blank\" rel=\"noreferrer noopener\">Uma pequena It\u00e1lia no interior do Sul com 2.600 moradores \u00e9 a maior produtora de uvas, preserva tradi\u00e7\u00f5es e encanta turistas.<\/a><\/strong><\/p>\n\n\n\n<h2 class=\"wp-block-heading\">A capital que pulsa entre trilhos e rio<\/h2>\n\n\n\n<p><strong>Porto Velho carrega contradi\u00e7\u00f5es de uma cidade amaz\u00f4nica em transforma\u00e7\u00e3o: <\/strong>riqueza natural de sobra, economia em expans\u00e3o e desafios urbanos que ainda pedem solu\u00e7\u00e3o. O que n\u00e3o falta \u00e9 personalidade. A mistura de povos, o Rio Madeira tingido de laranja no fim da tarde e uma gastronomia que d\u00e1 dorm\u00eancia na boca fazem desta capital um lugar dif\u00edcil de esquecer.<\/p>\n\n\n\n<p>Voc\u00ea precisa ver de perto o p\u00f4r do sol no Madeira, provar um tacac\u00e1 \u00e0s cinco da tarde e caminhar pelos trilhos onde a Amaz\u00f4nia engoliu uma ferrovia inteira.<\/p>\n","protected":false},"excerpt":{"rendered":"<p>Com mais de 34 mil km\u00b2 de \u00e1rea, Porto Velho \u00e9 maior que a B\u00e9lgica inteira. A capital de Rond\u00f4nia nasceu sobre trilhos americanos \u00e0 beira do Rio Madeira e guarda, entre locomotivas enferrujadas e pores do sol dourados, uma hist\u00f3ria que pouca gente conhece. A ferrovia que deu nome de &#8220;Diabo&#8221; \u00e0 Amaz\u00f4nia Em [&hellip;]<\/p>\n","protected":false},"author":8,"featured_media":191974,"comment_status":"open","ping_status":"open","sticky":false,"template":"","format":"standard","meta":{"_yoast_wpseo_focuskw":"maior capital do brasil","_yoast_wpseo_title":"","_yoast_wpseo_metadesc":"Localizada na fronteira com a Bol\u00edvia, a maior capital do Brasil em territ\u00f3rio j\u00e1 teve o ingl\u00eas como idioma oficial.","jnews-multi-image_gallery":[],"jnews_single_post":{"format":"standard"},"jnews_primary_category":[],"jnews_social_meta":[],"jnews_override_counter":[],"footnotes":""},"categories":[108,111],"tags":[13970,16262],"class_list":["post-209627","post","type-post","status-publish","format-standard","has-post-thumbnail","hentry","category-cidades","category-turismo","tag-porto-velho","tag-rondonia-2"],"yoast_head":"<!-- This site is optimized with the Yoast SEO plugin v24.6 - https:\/\/yoast.com\/wordpress\/plugins\/seo\/ -->\n<title>A maior capital do Brasil em territ\u00f3rio faz fronteira com a Bol\u00edvia e j\u00e1 falou ingl\u00eas - Correio Braziliense - Radar<\/title>\n<meta name=\"description\" content=\"Localizada na fronteira com a Bol\u00edvia, a maior capital do Brasil em territ\u00f3rio j\u00e1 teve o ingl\u00eas como idioma oficial.\" \/>\n<meta name=\"robots\" content=\"index, follow, max-snippet:-1, max-image-preview:large, max-video-preview:-1\" \/>\n<link rel=\"canonical\" href=\"https:\/\/www.correiobraziliense.com.br\/cbradar\/a-maior-capital-do-brasil-em-territorio-faz-fronteira-com-a-bolivia-e-ja-falou-ingles\/\" \/>\n<meta property=\"og:locale\" content=\"pt_BR\" \/>\n<meta property=\"og:type\" content=\"article\" \/>\n<meta property=\"og:title\" content=\"A maior capital do Brasil em territ\u00f3rio faz fronteira com a Bol\u00edvia e j\u00e1 falou ingl\u00eas - Correio Braziliense - Radar\" \/>\n<meta property=\"og:description\" content=\"Localizada na fronteira com a Bol\u00edvia, a maior capital do Brasil em territ\u00f3rio j\u00e1 teve o ingl\u00eas como idioma oficial.\" \/>\n<meta property=\"og:url\" content=\"https:\/\/www.correiobraziliense.com.br\/cbradar\/a-maior-capital-do-brasil-em-territorio-faz-fronteira-com-a-bolivia-e-ja-falou-ingles\/\" \/>\n<meta property=\"og:site_name\" content=\"Correio Braziliense - Radar\" \/>\n<meta property=\"article:published_time\" content=\"2026-03-17T15:45:00+00:00\" \/>\n<meta property=\"og:image\" content=\"https:\/\/www.correiobraziliense.com.br\/cbradar\/wp-content\/uploads\/2026\/02\/aaa-2026-02-12T034002.706.png\" \/>\n\t<meta property=\"og:image:width\" content=\"1280\" \/>\n\t<meta property=\"og:image:height\" content=\"720\" \/>\n\t<meta property=\"og:image:type\" content=\"image\/png\" \/>\n<meta name=\"author\" content=\"Maura Pereira\" \/>\n<meta name=\"twitter:card\" content=\"summary_large_image\" \/>\n<meta name=\"twitter:label1\" content=\"Escrito por\" \/>\n\t<meta name=\"twitter:data1\" content=\"Maura Pereira\" \/>\n\t<meta name=\"twitter:label2\" content=\"Est. tempo de leitura\" \/>\n\t<meta name=\"twitter:data2\" content=\"7 minutos\" \/>\n<!-- \/ Yoast SEO plugin. -->","yoast_head_json":{"title":"A maior capital do Brasil em territ\u00f3rio faz fronteira com a Bol\u00edvia e j\u00e1 falou ingl\u00eas - Correio Braziliense - Radar","description":"Localizada na fronteira com a Bol\u00edvia, a maior capital do Brasil em territ\u00f3rio j\u00e1 teve o ingl\u00eas como idioma oficial.","robots":{"index":"index","follow":"follow","max-snippet":"max-snippet:-1","max-image-preview":"max-image-preview:large","max-video-preview":"max-video-preview:-1"},"canonical":"https:\/\/www.correiobraziliense.com.br\/cbradar\/a-maior-capital-do-brasil-em-territorio-faz-fronteira-com-a-bolivia-e-ja-falou-ingles\/","og_locale":"pt_BR","og_type":"article","og_title":"A maior capital do Brasil em territ\u00f3rio faz fronteira com a Bol\u00edvia e j\u00e1 falou ingl\u00eas - Correio Braziliense - Radar","og_description":"Localizada na fronteira com a Bol\u00edvia, a maior capital do Brasil em territ\u00f3rio j\u00e1 teve o ingl\u00eas como idioma oficial.","og_url":"https:\/\/www.correiobraziliense.com.br\/cbradar\/a-maior-capital-do-brasil-em-territorio-faz-fronteira-com-a-bolivia-e-ja-falou-ingles\/","og_site_name":"Correio Braziliense - Radar","article_published_time":"2026-03-17T15:45:00+00:00","og_image":[{"width":1280,"height":720,"url":"https:\/\/www.correiobraziliense.com.br\/cbradar\/wp-content\/uploads\/2026\/02\/aaa-2026-02-12T034002.706.png","type":"image\/png"}],"author":"Maura Pereira","twitter_card":"summary_large_image","twitter_misc":{"Escrito por":"Maura Pereira","Est. tempo de leitura":"7 minutos"},"schema":{"@context":"https:\/\/schema.org","@graph":[{"@type":"WebPage","@id":"https:\/\/www.correiobraziliense.com.br\/cbradar\/a-maior-capital-do-brasil-em-territorio-faz-fronteira-com-a-bolivia-e-ja-falou-ingles\/","url":"https:\/\/www.correiobraziliense.com.br\/cbradar\/a-maior-capital-do-brasil-em-territorio-faz-fronteira-com-a-bolivia-e-ja-falou-ingles\/","name":"A maior capital do Brasil em territ\u00f3rio faz fronteira com a Bol\u00edvia e j\u00e1 falou ingl\u00eas - Correio Braziliense - Radar","isPartOf":{"@id":"https:\/\/www.correiobraziliense.com.br\/cbradar\/#website"},"primaryImageOfPage":{"@id":"https:\/\/www.correiobraziliense.com.br\/cbradar\/a-maior-capital-do-brasil-em-territorio-faz-fronteira-com-a-bolivia-e-ja-falou-ingles\/#primaryimage"},"image":{"@id":"https:\/\/www.correiobraziliense.com.br\/cbradar\/a-maior-capital-do-brasil-em-territorio-faz-fronteira-com-a-bolivia-e-ja-falou-ingles\/#primaryimage"},"thumbnailUrl":"https:\/\/www.correiobraziliense.com.br\/cbradar\/wp-content\/uploads\/2026\/02\/aaa-2026-02-12T034002.706.png","datePublished":"2026-03-17T15:45:00+00:00","author":{"@id":"https:\/\/www.correiobraziliense.com.br\/cbradar\/#\/schema\/person\/4053c651a9bfc785afc6f4cbc9032fd3"},"description":"Localizada na fronteira com a Bol\u00edvia, a maior capital do Brasil em territ\u00f3rio j\u00e1 teve o ingl\u00eas como idioma oficial.","breadcrumb":{"@id":"https:\/\/www.correiobraziliense.com.br\/cbradar\/a-maior-capital-do-brasil-em-territorio-faz-fronteira-com-a-bolivia-e-ja-falou-ingles\/#breadcrumb"},"inLanguage":"pt-BR","potentialAction":[{"@type":"ReadAction","target":["https:\/\/www.correiobraziliense.com.br\/cbradar\/a-maior-capital-do-brasil-em-territorio-faz-fronteira-com-a-bolivia-e-ja-falou-ingles\/"]}]},{"@type":"ImageObject","inLanguage":"pt-BR","@id":"https:\/\/www.correiobraziliense.com.br\/cbradar\/a-maior-capital-do-brasil-em-territorio-faz-fronteira-com-a-bolivia-e-ja-falou-ingles\/#primaryimage","url":"https:\/\/www.correiobraziliense.com.br\/cbradar\/wp-content\/uploads\/2026\/02\/aaa-2026-02-12T034002.706.png","contentUrl":"https:\/\/www.correiobraziliense.com.br\/cbradar\/wp-content\/uploads\/2026\/02\/aaa-2026-02-12T034002.706.png","width":1280,"height":720,"caption":"Porto Velho tem sua origem ligada a um dos empreendimentos mais ousados do s\u00e9culo XX: a constru\u00e7\u00e3o da Estrada de Ferro Madeira-Mamor\u00e9. \/ Imagem ilustrativa"},{"@type":"BreadcrumbList","@id":"https:\/\/www.correiobraziliense.com.br\/cbradar\/a-maior-capital-do-brasil-em-territorio-faz-fronteira-com-a-bolivia-e-ja-falou-ingles\/#breadcrumb","itemListElement":[{"@type":"ListItem","position":1,"name":"In\u00edcio","item":"https:\/\/www.correiobraziliense.com.br\/cbradar\/"},{"@type":"ListItem","position":2,"name":"A maior capital do Brasil em territ\u00f3rio faz fronteira com a Bol\u00edvia e j\u00e1 falou ingl\u00eas"}]},{"@type":"WebSite","@id":"https:\/\/www.correiobraziliense.com.br\/cbradar\/#website","url":"https:\/\/www.correiobraziliense.com.br\/cbradar\/","name":"Correio Braziliense - Radar","description":"Acompanhe as \u00faltimas not\u00edcias e fique bem informado sobre tudo o que acontece no Brasil e no mundo.","potentialAction":[{"@type":"SearchAction","target":{"@type":"EntryPoint","urlTemplate":"https:\/\/www.correiobraziliense.com.br\/cbradar\/?s={search_term_string}"},"query-input":{"@type":"PropertyValueSpecification","valueRequired":true,"valueName":"search_term_string"}}],"inLanguage":"pt-BR"},{"@type":"Person","@id":"https:\/\/www.correiobraziliense.com.br\/cbradar\/#\/schema\/person\/4053c651a9bfc785afc6f4cbc9032fd3","name":"Maura Pereira","image":{"@type":"ImageObject","inLanguage":"pt-BR","@id":"https:\/\/www.correiobraziliense.com.br\/cbradar\/#\/schema\/person\/image\/","url":"https:\/\/secure.gravatar.com\/avatar\/3effd6bdadfa447f15089c7f7144eaa6?s=96&d=mm&r=g","contentUrl":"https:\/\/secure.gravatar.com\/avatar\/3effd6bdadfa447f15089c7f7144eaa6?s=96&d=mm&r=g","caption":"Maura Pereira"},"sameAs":["https:\/\/www.correiobraziliense.com.br\/"],"url":"https:\/\/www.correiobraziliense.com.br\/cbradar\/author\/mauramyth\/"}]}},"_links":{"self":[{"href":"https:\/\/www.correiobraziliense.com.br\/cbradar\/wp-json\/wp\/v2\/posts\/209627","targetHints":{"allow":["GET"]}}],"collection":[{"href":"https:\/\/www.correiobraziliense.com.br\/cbradar\/wp-json\/wp\/v2\/posts"}],"about":[{"href":"https:\/\/www.correiobraziliense.com.br\/cbradar\/wp-json\/wp\/v2\/types\/post"}],"author":[{"embeddable":true,"href":"https:\/\/www.correiobraziliense.com.br\/cbradar\/wp-json\/wp\/v2\/users\/8"}],"replies":[{"embeddable":true,"href":"https:\/\/www.correiobraziliense.com.br\/cbradar\/wp-json\/wp\/v2\/comments?post=209627"}],"version-history":[{"count":9,"href":"https:\/\/www.correiobraziliense.com.br\/cbradar\/wp-json\/wp\/v2\/posts\/209627\/revisions"}],"predecessor-version":[{"id":209930,"href":"https:\/\/www.correiobraziliense.com.br\/cbradar\/wp-json\/wp\/v2\/posts\/209627\/revisions\/209930"}],"wp:featuredmedia":[{"embeddable":true,"href":"https:\/\/www.correiobraziliense.com.br\/cbradar\/wp-json\/wp\/v2\/media\/191974"}],"wp:attachment":[{"href":"https:\/\/www.correiobraziliense.com.br\/cbradar\/wp-json\/wp\/v2\/media?parent=209627"}],"wp:term":[{"taxonomy":"category","embeddable":true,"href":"https:\/\/www.correiobraziliense.com.br\/cbradar\/wp-json\/wp\/v2\/categories?post=209627"},{"taxonomy":"post_tag","embeddable":true,"href":"https:\/\/www.correiobraziliense.com.br\/cbradar\/wp-json\/wp\/v2\/tags?post=209627"}],"curies":[{"name":"wp","href":"https:\/\/api.w.org\/{rel}","templated":true}]}}