{"id":209629,"date":"2026-03-17T14:05:00","date_gmt":"2026-03-17T17:05:00","guid":{"rendered":"https:\/\/www.correiobraziliense.com.br\/cbradar\/?p=209629"},"modified":"2026-03-17T02:12:45","modified_gmt":"2026-03-17T05:12:45","slug":"a-perola-do-vale-de-sao-paulo-e-surpreendentemente-tranquila-e-une-qualidade-de-vida-com-ar-puro-2","status":"publish","type":"post","link":"https:\/\/www.correiobraziliense.com.br\/cbradar\/a-perola-do-vale-de-sao-paulo-e-surpreendentemente-tranquila-e-une-qualidade-de-vida-com-ar-puro-2\/","title":{"rendered":"A &#8220;P\u00e9rola do Vale&#8221; de S\u00e3o Paulo \u00e9 surpreendentemente tranquila e une qualidade de vida com ar puro"},"content":{"rendered":"\n<p>O nome vem do tupi e significa &#8220;\u00e1rvore fedorenta&#8221;, mas quem chega a <strong>Guararema<\/strong> encontra a &#8220;P\u00e9rola do Vale&#8221; no oposto: uma cidade perfumada de Mata Atl\u00e2ntica, sil\u00eancio e igrejas coloniais \u00e0s margens do <strong>Rio Para\u00edba do Sul<\/strong>, a pouco mais de 80 km da capital paulista.<\/p>\n\n\n\n<h2 class=\"wp-block-heading\">Como \u00e9 viver na P\u00e9rola do Vale do Para\u00edba?<\/h2>\n\n\n\n<p><strong>Guararema tem cerca de 31 mil habitantes e mant\u00e9m o ritmo de cidade pequena<\/strong>, apesar de pertencer \u00e0 Regi\u00e3o Metropolitana de S\u00e3o Paulo. A escolariza\u00e7\u00e3o entre 6 e 14 anos alcan\u00e7a 99,16%, uma das mais altas do estado, conforme o <a href=\"https:\/\/www.ibge.gov.br\/cidades-e-estados\/sp\/guararema.html\" target=\"_blank\" rel=\"noreferrer noopener\"><strong>IBGE<\/strong><\/a>. O PIB per capita ultrapassa R$ 65 mil.<\/p>\n\n\n\n<p>A seguran\u00e7a chama aten\u00e7\u00e3o: entre 2016 e 2018, Guararema registrou apenas um homic\u00eddio, segundo dados oficiais atribu\u00eddos ao monitoramento por c\u00e2meras e \u00e0 colabora\u00e7\u00e3o entre moradores e autoridades. Ruas limpas, pra\u00e7as bem cuidadas e capivaras passeando pela beira do rio comp\u00f5em o cen\u00e1rio cotidiano de quem mora ali.<\/p>\n\n\n<div class=\"wp-block-image\">\n<figure class=\"aligncenter size-large\"><img decoding=\"async\" width=\"1024\" height=\"576\" src=\"https:\/\/www.correiobraziliense.com.br\/cbradar\/wp-content\/uploads\/2025\/12\/Design-sem-nome-96-1-1024x576.png\" alt=\"A &quot;P\u00e9rola do Vale&quot; de S\u00e3o Paulo \u00e9 surpreendentemente tranquila e une qualidade de vida com ar puro\" class=\"wp-image-158816\" srcset=\"https:\/\/www.correiobraziliense.com.br\/cbradar\/wp-content\/uploads\/2025\/12\/Design-sem-nome-96-1-1024x576.png 1024w, https:\/\/www.correiobraziliense.com.br\/cbradar\/wp-content\/uploads\/2025\/12\/Design-sem-nome-96-1-300x169.png 300w, https:\/\/www.correiobraziliense.com.br\/cbradar\/wp-content\/uploads\/2025\/12\/Design-sem-nome-96-1-768x432.png 768w, https:\/\/www.correiobraziliense.com.br\/cbradar\/wp-content\/uploads\/2025\/12\/Design-sem-nome-96-1-750x422.png 750w, https:\/\/www.correiobraziliense.com.br\/cbradar\/wp-content\/uploads\/2025\/12\/Design-sem-nome-96-1-1140x641.png 1140w, https:\/\/www.correiobraziliense.com.br\/cbradar\/wp-content\/uploads\/2025\/12\/Design-sem-nome-96-1.png 1280w\" sizes=\"(max-width: 1024px) 100vw, 1024px\" \/><figcaption class=\"wp-element-caption\">Curta passeios leves de caiaque no Para\u00edba em Guararema-SP, ref\u00fagio gostoso com pra\u00e7as charmosas e brisa tranquila. \/\/ Cr\u00e9ditos: Wikip\u00e9dia<\/figcaption><\/figure><\/div>\n\n\n<h2 class=\"wp-block-heading\">O que visitar entre igrejas coloniais e rochas gigantes?<\/h2>\n\n\n\n<p>A cidade re\u00fane patrim\u00f4nio hist\u00f3rico tombado, parques gratuitos e um passeio de trem que j\u00e1 serviu de cen\u00e1rio para novelas e filmes brasileiros.<\/p>\n\n\n\n<ul class=\"wp-block-list\">\n<li><strong>Igreja Nossa Senhora da Escada<\/strong>: constru\u00edda em taipa de pil\u00e3o em 1734, tombada pelo <strong>Instituto do Patrim\u00f4nio Hist\u00f3rico e Art\u00edstico Nacional (IPHAN)<\/strong> em 1941. Abriga a \u00fanica imagem de <strong>S\u00e3o Longuinho<\/strong> em altar no <strong>Brasil<\/strong>, o santo invocado por quem perdeu algo. A tradi\u00e7\u00e3o manda dar tr\u00eas pulinhos ao encontrar o objeto.<\/li>\n\n\n\n<li><strong>Maria Fuma\u00e7a &#8220;Velha Senhora&#8221;<\/strong>: a Locomotiva 353, a maior a vapor em opera\u00e7\u00e3o no pa\u00eds, percorre 7 km at\u00e9 a Vila de Lu\u00eds Carlos. O passeio dura cerca de 2 horas e funciona aos finais de semana.<\/li>\n\n\n\n<li><strong>Parque Municipal da Pedra Montada<\/strong>: duas rochas de 9 metros sobrepostas como se algu\u00e9m as tivesse empilhado. A Trilha do Tubar\u00e3o leva a outra forma\u00e7\u00e3o curiosa. Entrada gratuita.<\/li>\n\n\n\n<li><strong>Recanto do Am\u00e9rico (Pau D&#8217;Alho)<\/strong>: cart\u00e3o-postal \u00e0 beira do Para\u00edba, com pontes suspensas, ilhas, quiosques e um exemplar centen\u00e1rio de pau-d&#8217;alho com 33 metros de altura.<\/li>\n\n\n\n<li><strong>Pontilh\u00e3o de ferro<\/strong>: estrutura belga de 165 metros montada por ingleses em 1910 sobre o rio. Vista panor\u00e2mica e fotos disputadas nos trilhos.<\/li>\n<\/ul>\n\n\n\n<p><strong>A tranquilidade do interior paulista encontra um cen\u00e1rio repleto de hist\u00f3ria e natureza \u00e0s margens do Rio Para\u00edba do Sul<\/strong>. O v\u00eddeo \u00e9 do canal <strong>De fora em Juiz de Fora<\/strong>, que conta com mais de <strong>100 mil<\/strong> inscritos, e apresenta o passeio de Maria Fuma\u00e7a, a Vila de Lu\u00eds Carlos e o Mirante do Gerb\u00e1sio:<\/p>\n\n\n\n<figure class=\"wp-block-embed aligncenter is-type-video is-provider-youtube wp-block-embed-youtube wp-embed-aspect-16-9 wp-has-aspect-ratio\"><div class=\"wp-block-embed__wrapper\">\n<div class=\"jeg_video_container jeg_video_content\"><iframe loading=\"lazy\" title=\"CONHE\u00c7A GUARAREMA SP: Cidade Tur\u00edstica de S\u00c3O PAULO - com Tati Marmon\" width=\"500\" height=\"281\" src=\"https:\/\/www.youtube.com\/embed\/hdQCfMlRzTA?feature=oembed\" frameborder=\"0\" allow=\"accelerometer; autoplay; clipboard-write; encrypted-media; gyroscope; picture-in-picture; web-share\" referrerpolicy=\"strict-origin-when-cross-origin\" allowfullscreen><\/iframe><\/div>\n<\/div><\/figure>\n\n\n\n<h2 class=\"wp-block-heading\">Sabores de interior com sotaque do vale<\/h2>\n\n\n\n<p>A gastronomia segue o tom acolhedor da cidade. Restaurantes em casar\u00f5es coloniais servem pratos caseiros \u00e0 sombra de mangueiras centen\u00e1rias, muitos com vista para o Para\u00edba.<\/p>\n\n\n\n<ul class=\"wp-block-list\">\n<li><strong>Comida caipira<\/strong>: frango com polenta, leit\u00e3o \u00e0 pururuca e torresmo s\u00e3o cl\u00e1ssicos dos almo\u00e7os de fim de semana.<\/li>\n\n\n\n<li><strong>Caf\u00e9s e docerias artesanais<\/strong>: geleias, cucas e bolos caseiros aparecem no centrinho e na Vila de Lu\u00eds Carlos.<\/li>\n\n\n\n<li><strong>Orqu\u00eddeas e produtos rurais<\/strong>: Guararema se destaca pela produ\u00e7\u00e3o de orqu\u00eddeas e vende mudas em feiras e lojas espalhadas pela cidade.<\/li>\n<\/ul>\n\n\n\n<h2 class=\"wp-block-heading\">Quando o clima favorece cada tipo de passeio?<\/h2>\n\n\n\n<p>O clima subtropical de altitude garante ver\u00f5es quentes com chuvas \u00e0 tarde e invernos secos com manh\u00e3s frias. A varia\u00e7\u00e3o t\u00e9rmica ao longo do dia \u00e9 uma marca da regi\u00e3o do Vale do Para\u00edba.<\/p>\n\n\n\n<div class=\"google-auto-ads-ignore\" style=\"font-family: 'Segoe UI', Roboto, -apple-system, sans-serif; max-width: 850px; margin: 20px auto; box-sizing: border-box; background-color: #ffffff; -webkit-font-smoothing: antialiased; text-rendering: optimizeLegibility;\">\n    \n    <div style=\"background: #fffcfc; border-radius: 20px; overflow: hidden; border: 1px solid #bae6fd; display: flex; flex-direction: column; box-shadow: 0 4px 15px rgba(2, 132, 199, 0.05);\">\n        \n        <div style=\"background: linear-gradient(135deg, #38bdf8 0%, #0284c7 100%); padding: 20px 30px; text-align: left;\">\n            <div style=\"font-size: 24px; font-weight: 800; color: #ffffff; letter-spacing: -0.5px; line-height: 1.2;\">\n                Sazonalidade e condi\u00e7\u00f5es para atividades em Guararema\n            <\/div>\n            <div style=\"font-size: 14px; color: #e0f2fe; margin-top: 4px; font-weight: 500; opacity: 0.9;\">\n                An\u00e1lise clim\u00e1tica detalhada para planejamento de roteiros hist\u00f3ricos, naturais e eventos sazonais\n            <\/div>\n        <\/div>\n\n        <div style=\"padding: 15px;\">\n            <div style=\"display: grid; width: 100%; grid-template-columns: 0.8fr 0.7fr 1fr 0.7fr 1.8fr; gap: 1px; background-color: #7dd3fc; border-radius: 12px; border: 1px solid #7dd3fc; overflow: hidden;\">\n                \n                <div style=\"background: #f0f9ff; padding: 10px; font-weight: 800; font-size: 11px; text-transform: uppercase; color: #0c4a6e; text-align: center;\">Esta\u00e7\u00e3o<\/div>\n                <div style=\"background: #f0f9ff; padding: 10px; font-weight: 800; font-size: 11px; text-transform: uppercase; color: #0c4a6e; text-align: center;\">Meses<\/div>\n                <div style=\"background: #f0f9ff; padding: 10px; font-weight: 800; font-size: 11px; text-transform: uppercase; color: #0c4a6e; text-align: center;\">Temperatura<\/div>\n                <div style=\"background: #f0f9ff; padding: 10px; font-weight: 800; font-size: 11px; text-transform: uppercase; color: #0c4a6e; text-align: center;\">Chuva<\/div>\n                <div style=\"background: #f0f9ff; padding: 10px; font-weight: 800; font-size: 11px; text-transform: uppercase; color: #0c4a6e; text-align: center;\">O que fazer<\/div>\n\n                <div style=\"background: #ffffff; padding: 12px; font-weight: 800; color: #0284c7; font-size: 14px; display: flex; align-items: center; justify-content: center; gap: 5px;\">\u2600\ufe0f Ver\u00e3o<\/div>\n                <div style=\"background: #ffffff; padding: 12px; font-size: 13px; color: #1e293b; font-weight: 600; display: flex; align-items: center; justify-content: center;\">Dez-Fev<\/div>\n                <div style=\"background: #ffffff; padding: 12px; display: flex; align-items: center; justify-content: center; gap: 6px;\">\n                    <span style=\"font-size: 13px; font-weight: 700; color: #1e293b;\">18-32 \u00b0C<\/span>\n                <\/div>\n                <div style=\"background: #ffffff; padding: 12px; font-size: 13px; color: #ef4444; font-weight: 600; display: flex; align-items: center; justify-content: center;\">Alta<\/div>\n                <div style=\"background: #ffffff; padding: 12px; font-size: 13px; line-height: 1.4; color: #1e293b; display: flex; align-items: center;\">Rio Para\u00edba, parques e o espet\u00e1culo do Natal Iluminado.<\/div>\n\n                <div style=\"background: #f8fafc; padding: 12px; font-weight: 800; color: #0284c7; font-size: 14px; display: flex; align-items: center; justify-content: center; gap: 5px;\">\ud83c\udf42 Outono<\/div>\n                <div style=\"background: #f8fafc; padding: 12px; font-size: 13px; color: #1e293b; font-weight: 600; display: flex; align-items: center; justify-content: center;\">Mar-Mai<\/div>\n                <div style=\"background: #f8fafc; padding: 12px; display: flex; align-items: center; justify-content: center; gap: 6px;\">\n                    <span style=\"font-size: 13px; font-weight: 700; color: #1e293b;\">14-28 \u00b0C<\/span>\n                <\/div>\n                <div style=\"background: #f8fafc; padding: 12px; font-size: 13px; color: #4b5563; font-weight: 600; display: flex; align-items: center; justify-content: center;\">M\u00e9dia<\/div>\n                <div style=\"background: #f8fafc; padding: 12px; font-size: 13px; line-height: 1.4; color: #1e293b; display: flex; align-items: center;\">Festa de S\u00e3o Longuinho e trilhas com clima ameno.<\/div>\n\n                <div style=\"background: #ffffff; padding: 12px; font-weight: 800; color: #0284c7; font-size: 14px; display: flex; align-items: center; justify-content: center; gap: 5px;\">\ud83d\ude82 Inverno<\/div>\n                <div style=\"background: #ffffff; padding: 12px; font-size: 13px; color: #1e293b; font-weight: 600; display: flex; align-items: center; justify-content: center;\">Jun-Ago<\/div>\n                <div style=\"background: #ffffff; padding: 12px; display: flex; align-items: center; justify-content: center; gap: 6px;\">\n                    <span style=\"font-size: 13px; font-weight: 700; color: #1e293b;\">10-24 \u00b0C<\/span>\n                <\/div>\n                <div style=\"background: #ffffff; padding: 12px; font-size: 13px; color: #4b5563; font-weight: 600; display: flex; align-items: center; justify-content: center;\">Baixa<\/div>\n                <div style=\"background: #ffffff; padding: 12px; font-size: 13px; line-height: 1.4; color: #1e293b; display: flex; align-items: center;\">Passeio de Maria Fuma\u00e7a, caf\u00e9s e visitas a igrejas hist\u00f3ricas.<\/div>\n\n                <div style=\"background: #f8fafc; padding: 12px; font-weight: 800; color: #0284c7; font-size: 14px; display: flex; align-items: center; justify-content: center; gap: 5px;\">\ud83c\udf38 Primavera<\/div>\n                <div style=\"background: #f8fafc; padding: 12px; font-size: 13px; color: #1e293b; font-weight: 600; display: flex; align-items: center; justify-content: center;\">Set-Nov<\/div>\n                <div style=\"background: #f8fafc; padding: 12px; display: flex; align-items: center; justify-content: center; gap: 6px;\">\n                    <span style=\"font-size: 13px; font-weight: 700; color: #1e293b;\">15-30 \u00b0C<\/span>\n                <\/div>\n                <div style=\"background: #f8fafc; padding: 12px; font-size: 13px; color: #4b5563; font-weight: 600; display: flex; align-items: center; justify-content: center;\">M\u00e9dia<\/div>\n                <div style=\"background: #f8fafc; padding: 12px; font-size: 13px; line-height: 1.4; color: #1e293b; display: flex; align-items: center;\">Mirante do Gerimum, caminhadas e flora\u00e7\u00e3o de orqu\u00eddeas.<\/div>\n            <\/div>\n        <\/div>\n\n        <div style=\"padding: 10px 30px; background: #f0f9ff; border-top: 1px solid #bae6fd; font-size: 12px; color: #0c4a6e; font-style: italic; display: flex; align-items: center; gap: 8px; font-weight: 600;\">\n            <div style=\"width: 6px; height: 6px; background: #0284c7; border-radius: 50%;\"><\/div>\n            Dica: O inverno \u00e9 o per\u00edodo mais seco e ideal para fotografia, enquanto dezembro transforma a cidade com milhares de luzes natalinas sustent\u00e1veis.\n        <\/div>\n        \n    <\/div>\n<\/div>\n\n\n\n<p><em>Temperaturas aproximadas com base no <a href=\"https:\/\/www.climatempo.com.br\/previsao-do-tempo\/cidade\/2313\/guararema-sp\" target=\"_blank\" rel=\"noreferrer noopener\"><strong>Climatempo<\/strong><\/a>. Condi\u00e7\u00f5es podem variar.<\/em><\/p>\n\n\n<div class=\"wp-block-image\">\n<figure class=\"aligncenter size-large\"><img decoding=\"async\" width=\"1024\" height=\"576\" src=\"https:\/\/www.correiobraziliense.com.br\/cbradar\/wp-content\/uploads\/2025\/12\/Guarareamaa-1024x576.png\" alt=\"\" class=\"wp-image-158818\" srcset=\"https:\/\/www.correiobraziliense.com.br\/cbradar\/wp-content\/uploads\/2025\/12\/Guarareamaa-1024x576.png 1024w, https:\/\/www.correiobraziliense.com.br\/cbradar\/wp-content\/uploads\/2025\/12\/Guarareamaa-300x169.png 300w, https:\/\/www.correiobraziliense.com.br\/cbradar\/wp-content\/uploads\/2025\/12\/Guarareamaa-768x432.png 768w, https:\/\/www.correiobraziliense.com.br\/cbradar\/wp-content\/uploads\/2025\/12\/Guarareamaa-750x422.png 750w, https:\/\/www.correiobraziliense.com.br\/cbradar\/wp-content\/uploads\/2025\/12\/Guarareamaa-1140x641.png 1140w, https:\/\/www.correiobraziliense.com.br\/cbradar\/wp-content\/uploads\/2025\/12\/Guarareamaa.png 1280w\" sizes=\"(max-width: 1024px) 100vw, 1024px\" \/><figcaption class=\"wp-element-caption\">Guararema-SP inspira com cachoeiras serenas e trilhas m\u00e1gicas, convidando a paz profunda e aventuras na natureza acolhedora. \/\/ Cr\u00e9ditos: Wikip\u00e9dia<\/figcaption><\/figure><\/div>\n\n\n<h2 class=\"wp-block-heading\">Como chegar \u00e0 P\u00e9rola do Vale saindo de S\u00e3o Paulo?<\/h2>\n\n\n\n<p>Guararema fica a 81 km da capital. O caminho mais r\u00e1pido \u00e9 pela <strong>Rodovia Ayrton Senna<\/strong> at\u00e9 a <strong>Carvalho Pinto<\/strong> (SP-070), com chegada em cerca de 1 hora. Tamb\u00e9m \u00e9 poss\u00edvel acessar pela <strong>Rodovia Presidente Dutra<\/strong> (BR-116). De \u00f4nibus, linhas saem do <strong>Terminal Tiet\u00ea<\/strong> com viagem de aproximadamente 1h20.<\/p>\n\n\n\n<p><strong>Leia tamb\u00e9m: <a href=\"https:\/\/www.correiobraziliense.com.br\/cbradar\/uma-pequena-italia-no-interior-do-sul-com-2-600-moradores-e-a-maior-produtora-de-uvas-preserva-tradicoes-e-encanta-turistas\/\" target=\"_blank\" rel=\"noreferrer noopener\">Uma pequena It\u00e1lia no interior do Sul com 2.600 moradores \u00e9 a maior produtora de uvas, preserva tradi\u00e7\u00f5es e encanta turistas.<\/a><\/strong><\/p>\n\n\n\n<h2 class=\"wp-block-heading\">A cidade que parou no tempo sem parar de encantar<\/h2>\n\n\n\n<p>Guararema guarda igrejas de quase 300 anos, uma locomotiva centen\u00e1ria e rochas que desafiam a l\u00f3gica, tudo emoldurado pela Mata Atl\u00e2ntica e pelas \u00e1guas verdes do Para\u00edba do Sul. \u00c9 o tipo de lugar onde o rel\u00f3gio desacelera, mas o cuidado de quem vive ali nunca para.<\/p>\n\n\n\n<p>Voc\u00ea precisa subir os 81 degraus da Igreja Nossa Senhora D&#8217;Ajuda, pedir algo a S\u00e3o Longuinho e descobrir por que essa cidade a uma hora de S\u00e3o Paulo conquistou o apelido de P\u00e9rola do Vale.<\/p>\n","protected":false},"excerpt":{"rendered":"<p>O nome vem do tupi e significa &#8220;\u00e1rvore fedorenta&#8221;, mas quem chega a Guararema encontra a &#8220;P\u00e9rola do Vale&#8221; no oposto: uma cidade perfumada de Mata Atl\u00e2ntica, sil\u00eancio e igrejas coloniais \u00e0s margens do Rio Para\u00edba do Sul, a pouco mais de 80 km da capital paulista. Como \u00e9 viver na P\u00e9rola do Vale do [&hellip;]<\/p>\n","protected":false},"author":8,"featured_media":194028,"comment_status":"open","ping_status":"open","sticky":false,"template":"","format":"standard","meta":{"_yoast_wpseo_focuskw":"P\u00e9rola do Vale","_yoast_wpseo_title":"","_yoast_wpseo_metadesc":"No interior de S\u00e3o Paulo, a cidade conhecida como P\u00e9rola do Vale se destaca pela tranquilidade, ar puro e qualidade de vida.","jnews-multi-image_gallery":[],"jnews_single_post":{"format":"standard"},"jnews_primary_category":[],"jnews_social_meta":[],"jnews_override_counter":[],"footnotes":""},"categories":[108,111],"tags":[12979,278],"class_list":["post-209629","post","type-post","status-publish","format-standard","has-post-thumbnail","hentry","category-cidades","category-turismo","tag-guararema","tag-sao-paulo"],"yoast_head":"<!-- This site is optimized with the Yoast SEO plugin v24.6 - https:\/\/yoast.com\/wordpress\/plugins\/seo\/ -->\n<title>A &quot;P\u00e9rola do Vale&quot; de S\u00e3o Paulo \u00e9 surpreendentemente tranquila e une qualidade de vida com ar puro - Correio Braziliense - Radar<\/title>\n<meta name=\"description\" content=\"No interior de S\u00e3o Paulo, a cidade conhecida como P\u00e9rola do Vale se destaca pela tranquilidade, ar puro e qualidade de vida.\" \/>\n<meta name=\"robots\" content=\"index, follow, max-snippet:-1, max-image-preview:large, max-video-preview:-1\" \/>\n<link rel=\"canonical\" href=\"https:\/\/www.correiobraziliense.com.br\/cbradar\/a-perola-do-vale-de-sao-paulo-e-surpreendentemente-tranquila-e-une-qualidade-de-vida-com-ar-puro-2\/\" \/>\n<meta property=\"og:locale\" content=\"pt_BR\" \/>\n<meta property=\"og:type\" content=\"article\" \/>\n<meta property=\"og:title\" content=\"A &quot;P\u00e9rola do Vale&quot; de S\u00e3o Paulo \u00e9 surpreendentemente tranquila e une qualidade de vida com ar puro - Correio Braziliense - Radar\" \/>\n<meta property=\"og:description\" content=\"No interior de S\u00e3o Paulo, a cidade conhecida como P\u00e9rola do Vale se destaca pela tranquilidade, ar puro e qualidade de vida.\" \/>\n<meta property=\"og:url\" content=\"https:\/\/www.correiobraziliense.com.br\/cbradar\/a-perola-do-vale-de-sao-paulo-e-surpreendentemente-tranquila-e-une-qualidade-de-vida-com-ar-puro-2\/\" \/>\n<meta property=\"og:site_name\" content=\"Correio Braziliense - Radar\" \/>\n<meta property=\"article:published_time\" content=\"2026-03-17T17:05:00+00:00\" \/>\n<meta property=\"og:image\" content=\"https:\/\/www.correiobraziliense.com.br\/cbradar\/wp-content\/uploads\/2026\/02\/aaa-2026-02-15T045222.146.png\" \/>\n\t<meta property=\"og:image:width\" content=\"1280\" \/>\n\t<meta property=\"og:image:height\" content=\"720\" \/>\n\t<meta property=\"og:image:type\" content=\"image\/png\" \/>\n<meta name=\"author\" content=\"Maura Pereira\" \/>\n<meta name=\"twitter:card\" content=\"summary_large_image\" \/>\n<meta name=\"twitter:label1\" content=\"Escrito por\" \/>\n\t<meta name=\"twitter:data1\" content=\"Maura Pereira\" \/>\n\t<meta name=\"twitter:label2\" content=\"Est. tempo de leitura\" \/>\n\t<meta name=\"twitter:data2\" content=\"6 minutos\" \/>\n<!-- \/ Yoast SEO plugin. -->","yoast_head_json":{"title":"A \"P\u00e9rola do Vale\" de S\u00e3o Paulo \u00e9 surpreendentemente tranquila e une qualidade de vida com ar puro - Correio Braziliense - Radar","description":"No interior de S\u00e3o Paulo, a cidade conhecida como P\u00e9rola do Vale se destaca pela tranquilidade, ar puro e qualidade de vida.","robots":{"index":"index","follow":"follow","max-snippet":"max-snippet:-1","max-image-preview":"max-image-preview:large","max-video-preview":"max-video-preview:-1"},"canonical":"https:\/\/www.correiobraziliense.com.br\/cbradar\/a-perola-do-vale-de-sao-paulo-e-surpreendentemente-tranquila-e-une-qualidade-de-vida-com-ar-puro-2\/","og_locale":"pt_BR","og_type":"article","og_title":"A \"P\u00e9rola do Vale\" de S\u00e3o Paulo \u00e9 surpreendentemente tranquila e une qualidade de vida com ar puro - Correio Braziliense - Radar","og_description":"No interior de S\u00e3o Paulo, a cidade conhecida como P\u00e9rola do Vale se destaca pela tranquilidade, ar puro e qualidade de vida.","og_url":"https:\/\/www.correiobraziliense.com.br\/cbradar\/a-perola-do-vale-de-sao-paulo-e-surpreendentemente-tranquila-e-une-qualidade-de-vida-com-ar-puro-2\/","og_site_name":"Correio Braziliense - Radar","article_published_time":"2026-03-17T17:05:00+00:00","og_image":[{"width":1280,"height":720,"url":"https:\/\/www.correiobraziliense.com.br\/cbradar\/wp-content\/uploads\/2026\/02\/aaa-2026-02-15T045222.146.png","type":"image\/png"}],"author":"Maura Pereira","twitter_card":"summary_large_image","twitter_misc":{"Escrito por":"Maura Pereira","Est. tempo de leitura":"6 minutos"},"schema":{"@context":"https:\/\/schema.org","@graph":[{"@type":"WebPage","@id":"https:\/\/www.correiobraziliense.com.br\/cbradar\/a-perola-do-vale-de-sao-paulo-e-surpreendentemente-tranquila-e-une-qualidade-de-vida-com-ar-puro-2\/","url":"https:\/\/www.correiobraziliense.com.br\/cbradar\/a-perola-do-vale-de-sao-paulo-e-surpreendentemente-tranquila-e-une-qualidade-de-vida-com-ar-puro-2\/","name":"A \"P\u00e9rola do Vale\" de S\u00e3o Paulo \u00e9 surpreendentemente tranquila e une qualidade de vida com ar puro - Correio Braziliense - Radar","isPartOf":{"@id":"https:\/\/www.correiobraziliense.com.br\/cbradar\/#website"},"primaryImageOfPage":{"@id":"https:\/\/www.correiobraziliense.com.br\/cbradar\/a-perola-do-vale-de-sao-paulo-e-surpreendentemente-tranquila-e-une-qualidade-de-vida-com-ar-puro-2\/#primaryimage"},"image":{"@id":"https:\/\/www.correiobraziliense.com.br\/cbradar\/a-perola-do-vale-de-sao-paulo-e-surpreendentemente-tranquila-e-une-qualidade-de-vida-com-ar-puro-2\/#primaryimage"},"thumbnailUrl":"https:\/\/www.correiobraziliense.com.br\/cbradar\/wp-content\/uploads\/2026\/02\/aaa-2026-02-15T045222.146.png","datePublished":"2026-03-17T17:05:00+00:00","author":{"@id":"https:\/\/www.correiobraziliense.com.br\/cbradar\/#\/schema\/person\/4053c651a9bfc785afc6f4cbc9032fd3"},"description":"No interior de S\u00e3o Paulo, a cidade conhecida como P\u00e9rola do Vale se destaca pela tranquilidade, ar puro e qualidade de vida.","breadcrumb":{"@id":"https:\/\/www.correiobraziliense.com.br\/cbradar\/a-perola-do-vale-de-sao-paulo-e-surpreendentemente-tranquila-e-une-qualidade-de-vida-com-ar-puro-2\/#breadcrumb"},"inLanguage":"pt-BR","potentialAction":[{"@type":"ReadAction","target":["https:\/\/www.correiobraziliense.com.br\/cbradar\/a-perola-do-vale-de-sao-paulo-e-surpreendentemente-tranquila-e-une-qualidade-de-vida-com-ar-puro-2\/"]}]},{"@type":"ImageObject","inLanguage":"pt-BR","@id":"https:\/\/www.correiobraziliense.com.br\/cbradar\/a-perola-do-vale-de-sao-paulo-e-surpreendentemente-tranquila-e-une-qualidade-de-vida-com-ar-puro-2\/#primaryimage","url":"https:\/\/www.correiobraziliense.com.br\/cbradar\/wp-content\/uploads\/2026\/02\/aaa-2026-02-15T045222.146.png","contentUrl":"https:\/\/www.correiobraziliense.com.br\/cbradar\/wp-content\/uploads\/2026\/02\/aaa-2026-02-15T045222.146.png","width":1280,"height":720,"caption":"Guararema-SP oferece roteiros familiares com parques acess\u00edveis e fazendas hist\u00f3ricas para experi\u00eancias sustent\u00e1veis. \/ Imagem ilustrativa"},{"@type":"BreadcrumbList","@id":"https:\/\/www.correiobraziliense.com.br\/cbradar\/a-perola-do-vale-de-sao-paulo-e-surpreendentemente-tranquila-e-une-qualidade-de-vida-com-ar-puro-2\/#breadcrumb","itemListElement":[{"@type":"ListItem","position":1,"name":"In\u00edcio","item":"https:\/\/www.correiobraziliense.com.br\/cbradar\/"},{"@type":"ListItem","position":2,"name":"A &#8220;P\u00e9rola do Vale&#8221; de S\u00e3o Paulo \u00e9 surpreendentemente tranquila e une qualidade de vida com ar puro"}]},{"@type":"WebSite","@id":"https:\/\/www.correiobraziliense.com.br\/cbradar\/#website","url":"https:\/\/www.correiobraziliense.com.br\/cbradar\/","name":"Correio Braziliense - Radar","description":"Acompanhe as \u00faltimas not\u00edcias e fique bem informado sobre tudo o que acontece no Brasil e no mundo.","potentialAction":[{"@type":"SearchAction","target":{"@type":"EntryPoint","urlTemplate":"https:\/\/www.correiobraziliense.com.br\/cbradar\/?s={search_term_string}"},"query-input":{"@type":"PropertyValueSpecification","valueRequired":true,"valueName":"search_term_string"}}],"inLanguage":"pt-BR"},{"@type":"Person","@id":"https:\/\/www.correiobraziliense.com.br\/cbradar\/#\/schema\/person\/4053c651a9bfc785afc6f4cbc9032fd3","name":"Maura Pereira","image":{"@type":"ImageObject","inLanguage":"pt-BR","@id":"https:\/\/www.correiobraziliense.com.br\/cbradar\/#\/schema\/person\/image\/","url":"https:\/\/secure.gravatar.com\/avatar\/3effd6bdadfa447f15089c7f7144eaa6?s=96&d=mm&r=g","contentUrl":"https:\/\/secure.gravatar.com\/avatar\/3effd6bdadfa447f15089c7f7144eaa6?s=96&d=mm&r=g","caption":"Maura Pereira"},"sameAs":["https:\/\/www.correiobraziliense.com.br\/"],"url":"https:\/\/www.correiobraziliense.com.br\/cbradar\/author\/mauramyth\/"}]}},"_links":{"self":[{"href":"https:\/\/www.correiobraziliense.com.br\/cbradar\/wp-json\/wp\/v2\/posts\/209629","targetHints":{"allow":["GET"]}}],"collection":[{"href":"https:\/\/www.correiobraziliense.com.br\/cbradar\/wp-json\/wp\/v2\/posts"}],"about":[{"href":"https:\/\/www.correiobraziliense.com.br\/cbradar\/wp-json\/wp\/v2\/types\/post"}],"author":[{"embeddable":true,"href":"https:\/\/www.correiobraziliense.com.br\/cbradar\/wp-json\/wp\/v2\/users\/8"}],"replies":[{"embeddable":true,"href":"https:\/\/www.correiobraziliense.com.br\/cbradar\/wp-json\/wp\/v2\/comments?post=209629"}],"version-history":[{"count":9,"href":"https:\/\/www.correiobraziliense.com.br\/cbradar\/wp-json\/wp\/v2\/posts\/209629\/revisions"}],"predecessor-version":[{"id":209938,"href":"https:\/\/www.correiobraziliense.com.br\/cbradar\/wp-json\/wp\/v2\/posts\/209629\/revisions\/209938"}],"wp:featuredmedia":[{"embeddable":true,"href":"https:\/\/www.correiobraziliense.com.br\/cbradar\/wp-json\/wp\/v2\/media\/194028"}],"wp:attachment":[{"href":"https:\/\/www.correiobraziliense.com.br\/cbradar\/wp-json\/wp\/v2\/media?parent=209629"}],"wp:term":[{"taxonomy":"category","embeddable":true,"href":"https:\/\/www.correiobraziliense.com.br\/cbradar\/wp-json\/wp\/v2\/categories?post=209629"},{"taxonomy":"post_tag","embeddable":true,"href":"https:\/\/www.correiobraziliense.com.br\/cbradar\/wp-json\/wp\/v2\/tags?post=209629"}],"curies":[{"name":"wp","href":"https:\/\/api.w.org\/{rel}","templated":true}]}}