{"id":209630,"date":"2026-03-17T15:25:00","date_gmt":"2026-03-17T18:25:00","guid":{"rendered":"https:\/\/www.correiobraziliense.com.br\/cbradar\/?p=209630"},"modified":"2026-03-17T02:40:23","modified_gmt":"2026-03-17T05:40:23","slug":"a-cidade-mais-fria-do-brasil-ja-registrou-%e2%88%9210-c-a-1-360-metros-e-hoje-brilha-com-vinhos-premiados-em-santa-catarina","status":"publish","type":"post","link":"https:\/\/www.correiobraziliense.com.br\/cbradar\/a-cidade-mais-fria-do-brasil-ja-registrou-%e2%88%9210-c-a-1-360-metros-e-hoje-brilha-com-vinhos-premiados-em-santa-catarina\/","title":{"rendered":"A cidade mais fria do Brasil j\u00e1 registrou \u221210 \u00b0C a 1.360 metros e hoje brilha com vinhos premiados em Santa Catarina"},"content":{"rendered":"\n<p>No topo da serra catarinense, onde os term\u00f4metros j\u00e1 marcaram <strong>-10 \u00b0C<\/strong>, <strong>S\u00e3o Joaquim<\/strong> \u00e9 conhecida como a cidade mais fria do Brasil e transforma seu frio extremo em vinho fino, ma\u00e7\u00e3 com selo de origem e turismo de inverno. Com cerca de 25 mil habitantes e a sede municipal mais alta de <strong>Santa Catarina<\/strong>, a cidade \u00e9 o ponto mais prov\u00e1vel do <strong>Brasil<\/strong> para ver neve.<\/p>\n\n\n\n<h2 class=\"wp-block-heading\">Do tropeirismo \u00e0 Capital Nacional da Ma\u00e7\u00e3<\/h2>\n\n\n\n<p>A ocupa\u00e7\u00e3o da regi\u00e3o come\u00e7ou por volta de 1750, quando desbravadores ga\u00fachos e paulistas subiram a serra em busca de pastagens. O bandeirante <strong>Manoel Joaquim Pinto<\/strong> fundou oficialmente o munic\u00edpio em <strong>7 de maio de 1887<\/strong>. Durante d\u00e9cadas, a economia girou em torno da pecu\u00e1ria extensiva e da extra\u00e7\u00e3o de madeira.<\/p>\n\n\n\n<p>Na d\u00e9cada de 1970, a introdu\u00e7\u00e3o da ma\u00e7\u00e3 <strong>Fuji<\/strong> mudou o perfil da cidade. Trazida do <strong>Jap\u00e3o<\/strong> via <strong>Curitibanos<\/strong> e aperfei\u00e7oada pela <strong>Epagri<\/strong>, a fruta encontrou no clima temperado de S\u00e3o Joaquim o terroir ideal. Hoje, mais de mil pequenos produtores cultivam a fruta, e a cidade carrega o t\u00edtulo de <strong>Capital Nacional da Ma\u00e7\u00e3<\/strong>, com indica\u00e7\u00e3o geogr\u00e1fica reconhecida. A <strong>Festa Nacional da Ma\u00e7\u00e3<\/strong> atrai visitantes para mostras de qualidade da Fuji, queijo serrano, mel de melato de bracatinga e vinhos de altitude, conforme a <a href=\"https:\/\/saojoaquim.sc.gov.br\/pagina-713\/\" target=\"_blank\" rel=\"noreferrer noopener\"><strong>Prefeitura de S\u00e3o Joaquim<\/strong><\/a>.<\/p>\n\n\n<div class=\"wp-block-image\">\n<figure class=\"aligncenter size-large\"><img decoding=\"async\" width=\"1024\" height=\"576\" src=\"https:\/\/www.correiobraziliense.com.br\/cbradar\/wp-content\/uploads\/2026\/01\/aaa-2026-01-19T191122.770-1024x576.png\" alt=\"A cidade mais fria do Brasil j\u00e1 registrou \u221210 \u00b0C a 1.360 metros de altitude e hoje se destaca pelos vinhos em Santa Catarina\" class=\"wp-image-178283\" srcset=\"https:\/\/www.correiobraziliense.com.br\/cbradar\/wp-content\/uploads\/2026\/01\/aaa-2026-01-19T191122.770-1024x576.png 1024w, https:\/\/www.correiobraziliense.com.br\/cbradar\/wp-content\/uploads\/2026\/01\/aaa-2026-01-19T191122.770-300x169.png 300w, https:\/\/www.correiobraziliense.com.br\/cbradar\/wp-content\/uploads\/2026\/01\/aaa-2026-01-19T191122.770-768x432.png 768w, https:\/\/www.correiobraziliense.com.br\/cbradar\/wp-content\/uploads\/2026\/01\/aaa-2026-01-19T191122.770-750x422.png 750w, https:\/\/www.correiobraziliense.com.br\/cbradar\/wp-content\/uploads\/2026\/01\/aaa-2026-01-19T191122.770-1140x641.png 1140w, https:\/\/www.correiobraziliense.com.br\/cbradar\/wp-content\/uploads\/2026\/01\/aaa-2026-01-19T191122.770.png 1280w\" sizes=\"(max-width: 1024px) 100vw, 1024px\" \/><figcaption class=\"wp-element-caption\">Viva o encanto gelado de S\u00e3o Joaquim, terra de neve, arauc\u00e1rias e pomares que inspiram paz e aventuras na maior altitude de SC. \/\/ Wikip\u00e9dia<\/figcaption><\/figure><\/div>\n\n\n<h2 class=\"wp-block-heading\">Como \u00e9 morar onde o Brasil congela?<\/h2>\n\n\n\n<p><strong>S\u00e3o Joaquim tem pouco mais de 25 mil habitantes, segundo o <a href=\"https:\/\/www.ibge.gov.br\/cidades-e-estados\/sc\/sao-joaquim.html\" target=\"_blank\" rel=\"noreferrer noopener\">IBGE<\/a> (Censo 2022).<\/strong> A temperatura m\u00e9dia anual \u00e9 de 13,5 \u00b0C, e no inverno as m\u00ednimas frequentemente ficam abaixo de zero. Geadas cobrem os campos quase todos os dias entre junho e agosto, e os moradores mant\u00eam lareiras e fog\u00f5es a lenha acesos boa parte do ano.<\/p>\n\n\n\n<p><strong>A cidade vive do trip\u00e9 ma\u00e7\u00e3, vinho e turismo.<\/strong> A chegada das vin\u00edcolas a partir dos anos 2000 trouxe investimentos, empregos e visitantes: a regi\u00e3o saltou de 60 mil turistas por ano para mais de 200 mil na \u00faltima d\u00e9cada. A diversidade \u00e9tnica marca o cotidiano: descendentes de portugueses, alem\u00e3es, italianos, japoneses e ga\u00fachos dividem a mesa e as tradi\u00e7\u00f5es. Hot\u00e9is acordam h\u00f3spedes no meio da noite quando come\u00e7a a nevar.<\/p>\n\n\n\n<p><strong>As baixas temperaturas e a possibilidade de neve atraem visitantes em busca de um clima europeu no alto da Serra Catarinense.<\/strong> O v\u00eddeo \u00e9 do canal <strong>Casal da Lavanda<\/strong>, que conta com mais de <strong>200 mil<\/strong> inscritos, e apresenta a Igreja Matriz de S\u00e3o Joaquim, o Mirante dos Pinheiros e a cultura do pinh\u00e3o:<\/p>\n\n\n\n<figure class=\"wp-block-embed aligncenter is-type-video is-provider-youtube wp-block-embed-youtube wp-embed-aspect-16-9 wp-has-aspect-ratio\"><div class=\"wp-block-embed__wrapper\">\n<div class=\"jeg_video_container jeg_video_content\"><iframe loading=\"lazy\" title=\"Conhecendo S\u00e3o Joaquim, a Cidade que Neva todo Ano no Brasil\" width=\"500\" height=\"281\" src=\"https:\/\/www.youtube.com\/embed\/NnvYQaV5ySY?feature=oembed\" frameborder=\"0\" allow=\"accelerometer; autoplay; clipboard-write; encrypted-media; gyroscope; picture-in-picture; web-share\" referrerpolicy=\"strict-origin-when-cross-origin\" allowfullscreen><\/iframe><\/div>\n<\/div><\/figure>\n\n\n\n<h2 class=\"wp-block-heading\">O que fazer entre vinhedos e campos cobertos de gelo?<\/h2>\n\n\n\n<p>S\u00e3o Joaquim oferece atra\u00e7\u00f5es o ano inteiro, mas o inverno e a vindima (janeiro a mar\u00e7o) s\u00e3o os per\u00edodos de maior movimento.<\/p>\n\n\n\n<ul class=\"wp-block-list\">\n<li><strong>Vin\u00edcolas de altitude<\/strong>: a <strong>Quinta da Neve<\/strong>, pioneira na regi\u00e3o, a <strong>Villa Francioni<\/strong>, a <strong>Suzin<\/strong> e a <strong>Villaggio Bassetti<\/strong> oferecem degusta\u00e7\u00f5es, visitas guiadas e almo\u00e7os harmonizados com vista para os vinhedos acima de 1.200 metros.<\/li>\n\n\n\n<li><strong>Igreja Matriz<\/strong>: constru\u00edda inteiramente em pedra basalto entre 1918 e 1935, com esculturas de profetas b\u00edblicos na fachada. Fica na <strong>Pra\u00e7a Jo\u00e3o Ribeiro<\/strong>, centro da cidade.<\/li>\n\n\n\n<li><strong>Belvedere<\/strong>: escadaria no centro com vista panor\u00e2mica dos campos e montanhas a 1.450 metros de altitude.<\/li>\n\n\n\n<li><strong>Cascata do Pirata<\/strong>: queda livre de 15 metros no Rio Postinho, a 17 km do centro pela <strong>SC-438<\/strong>.<\/li>\n\n\n\n<li><strong>Florada das Cerejeiras<\/strong>: entre agosto e setembro, cerejeiras japonesas colorem a cidade de rosa, com o maior conjunto na esta\u00e7\u00e3o experimental da <strong>Epagri<\/strong>.<\/li>\n<\/ul>\n\n\n\n<h2 class=\"wp-block-heading\">Ma\u00e7\u00e3, queijo serrano e vinho no mesmo prato<\/h2>\n\n\n\n<p><strong>A gastronomia joaquinense mistura tradi\u00e7\u00e3o campeira com refinamento de altitude.<\/strong> Quatro produtos da regi\u00e3o possuem selo de indica\u00e7\u00e3o geogr\u00e1fica, algo raro para uma cidade de 25 mil habitantes.<\/p>\n\n\n\n<ul class=\"wp-block-list\">\n<li><strong>Vinhos finos de altitude<\/strong>: Cabernet Sauvignon, Pinot Noir, Chardonnay e a pouco conhecida Rebo, cultivados acima de 900 metros, com reconhecimento nacional e internacional.<\/li>\n\n\n\n<li><strong>Queijo serrano artesanal<\/strong>: produzido com leite cru nas fazendas da serra, maturado naturalmente e protegido por indica\u00e7\u00e3o geogr\u00e1fica.<\/li>\n\n\n\n<li><strong>Ma\u00e7\u00e3 Fuji de S\u00e3o Joaquim<\/strong>: crocante, doce e com colora\u00e7\u00e3o intensa, resultado da amplitude t\u00e9rmica entre dia e noite.<\/li>\n\n\n\n<li><strong>Trutas e entrecot<\/strong>: servidos nos restaurantes do centro, acompanhados de fondue e sopas que aquecem as noites serranas.<\/li>\n<\/ul>\n\n\n<div class=\"wp-block-image\">\n<figure class=\"aligncenter size-large\"><img decoding=\"async\" width=\"1024\" height=\"576\" src=\"https:\/\/www.correiobraziliense.com.br\/cbradar\/wp-content\/uploads\/2026\/01\/aaa-2026-01-19T191130.624-1024x576.png\" alt=\"A cidade mais fria do Brasil j\u00e1 registrou \u221210 \u00b0C a 1.360 metros de altitude e hoje se destaca pelos vinhos em Santa Catarina\" class=\"wp-image-178282\" srcset=\"https:\/\/www.correiobraziliense.com.br\/cbradar\/wp-content\/uploads\/2026\/01\/aaa-2026-01-19T191130.624-1024x576.png 1024w, https:\/\/www.correiobraziliense.com.br\/cbradar\/wp-content\/uploads\/2026\/01\/aaa-2026-01-19T191130.624-300x169.png 300w, https:\/\/www.correiobraziliense.com.br\/cbradar\/wp-content\/uploads\/2026\/01\/aaa-2026-01-19T191130.624-768x432.png 768w, https:\/\/www.correiobraziliense.com.br\/cbradar\/wp-content\/uploads\/2026\/01\/aaa-2026-01-19T191130.624-750x422.png 750w, https:\/\/www.correiobraziliense.com.br\/cbradar\/wp-content\/uploads\/2026\/01\/aaa-2026-01-19T191130.624-1140x641.png 1140w, https:\/\/www.correiobraziliense.com.br\/cbradar\/wp-content\/uploads\/2026\/01\/aaa-2026-01-19T191130.624.png 1280w\" sizes=\"(max-width: 1024px) 100vw, 1024px\" \/><figcaption class=\"wp-element-caption\">Em S\u00e3o Joaquim, explore vin\u00edcolas charmosas, pra\u00e7a congelada e trilhas leves entre arauc\u00e1rias na acolhedora serra de Santa Catarina. \/\/ Cr\u00e9ditos: Wikip\u00e9dia<\/figcaption><\/figure><\/div>\n\n\n<h2 class=\"wp-block-heading\">Quando o clima favorece cada tipo de experi\u00eancia?<\/h2>\n\n\n\n<p>O clima temperado oce\u00e2nico garante ver\u00f5es amenos e invernos rigorosos para o padr\u00e3o brasileiro. Entre 1980 e 2010, a cidade registrou 103 epis\u00f3dios de neve.<\/p>\n\n\n\n<div class=\"google-auto-ads-ignore\" style=\"font-family: 'Segoe UI', Roboto, -apple-system, sans-serif; max-width: 850px; margin: 20px auto; box-sizing: border-box; background-color: #ffffff; -webkit-font-smoothing: antialiased; text-rendering: optimizeLegibility;\">\n    \n    <div style=\"background: #fffcfc; border-radius: 20px; overflow: hidden; border: 1px solid #bae6fd; display: flex; flex-direction: column; box-shadow: 0 4px 15px rgba(2, 132, 199, 0.05);\">\n        \n        <div style=\"background: linear-gradient(135deg, #38bdf8 0%, #0284c7 100%); padding: 20px 30px; text-align: left;\">\n            <div style=\"font-size: 24px; font-weight: 800; color: #ffffff; letter-spacing: -0.5px; line-height: 1.2;\">\n                Sazonalidade e condi\u00e7\u00f5es para atividades na Serra Catarinense\n            <\/div>\n            <div style=\"font-size: 14px; color: #e0f2fe; margin-top: 4px; font-weight: 500; opacity: 0.9;\">\n                An\u00e1lise clim\u00e1tica detalhada para planejamento de roteiros de neve, enoturismo e colheitas de altitude\n            <\/div>\n        <\/div>\n\n        <div style=\"padding: 15px;\">\n            <div style=\"display: grid; width: 100%; grid-template-columns: 0.8fr 0.7fr 1fr 0.7fr 1.8fr; gap: 1px; background-color: #7dd3fc; border-radius: 12px; border: 1px solid #7dd3fc; overflow: hidden;\">\n                \n                <div style=\"background: #f0f9ff; padding: 10px; font-weight: 800; font-size: 11px; text-transform: uppercase; color: #0c4a6e; text-align: center;\">Esta\u00e7\u00e3o<\/div>\n                <div style=\"background: #f0f9ff; padding: 10px; font-weight: 800; font-size: 11px; text-transform: uppercase; color: #0c4a6e; text-align: center;\">Meses<\/div>\n                <div style=\"background: #f0f9ff; padding: 10px; font-weight: 800; font-size: 11px; text-transform: uppercase; color: #0c4a6e; text-align: center;\">Temperatura<\/div>\n                <div style=\"background: #f0f9ff; padding: 10px; font-weight: 800; font-size: 11px; text-transform: uppercase; color: #0c4a6e; text-align: center;\">Chuva<\/div>\n                <div style=\"background: #f0f9ff; padding: 10px; font-weight: 800; font-size: 11px; text-transform: uppercase; color: #0c4a6e; text-align: center;\">O que fazer<\/div>\n\n                <div style=\"background: #ffffff; padding: 12px; font-weight: 800; color: #0284c7; font-size: 14px; display: flex; align-items: center; justify-content: center; gap: 5px;\">\u2600\ufe0f Ver\u00e3o<\/div>\n                <div style=\"background: #ffffff; padding: 12px; font-size: 13px; color: #1e293b; font-weight: 600; display: flex; align-items: center; justify-content: center;\">Dez-Fev<\/div>\n                <div style=\"background: #ffffff; padding: 12px; display: flex; align-items: center; justify-content: center; gap: 6px;\">\n                    <span style=\"font-size: 13px; font-weight: 700; color: #1e293b;\">12-25 \u00b0C<\/span>\n                <\/div>\n                <div style=\"background: #ffffff; padding: 12px; font-size: 13px; color: #4b5563; font-weight: 600; display: flex; align-items: center; justify-content: center;\">Alta<\/div>\n                <div style=\"background: #ffffff; padding: 12px; font-size: 13px; line-height: 1.4; color: #1e293b; display: flex; align-items: center;\">Vindima, visitas a vin\u00edcolas e colheita da ma\u00e7\u00e3.<\/div>\n\n                <div style=\"background: #f8fafc; padding: 12px; font-weight: 800; color: #0284c7; font-size: 14px; display: flex; align-items: center; justify-content: center; gap: 5px;\">\ud83c\udf42 Outono<\/div>\n                <div style=\"background: #f8fafc; padding: 12px; font-size: 13px; color: #1e293b; font-weight: 600; display: flex; align-items: center; justify-content: center;\">Mar-Mai<\/div>\n                <div style=\"background: #f8fafc; padding: 12px; display: flex; align-items: center; justify-content: center; gap: 6px;\">\n                    <span style=\"font-size: 13px; font-weight: 700; color: #1e293b;\">6-18 \u00b0C<\/span>\n                <\/div>\n                <div style=\"background: #f8fafc; padding: 12px; font-size: 13px; color: #4b5563; font-weight: 600; display: flex; align-items: center; justify-content: center;\">M\u00e9dia<\/div>\n                <div style=\"background: #f8fafc; padding: 12px; font-size: 13px; line-height: 1.4; color: #1e293b; display: flex; align-items: center;\">Passeios pelos pomares e paisagens douradas de altitude.<\/div>\n\n                <div style=\"background: #ffffff; padding: 12px; font-weight: 800; color: #0284c7; font-size: 14px; display: flex; align-items: center; justify-content: center; gap: 5px;\">\u2744\ufe0f Inverno<\/div>\n                <div style=\"background: #ffffff; padding: 12px; font-size: 13px; color: #1e293b; font-weight: 600; display: flex; align-items: center; justify-content: center;\">Jun-Ago<\/div>\n                <div style=\"background: #ffffff; padding: 12px; display: flex; align-items: center; justify-content: center; gap: 6px;\">\n                    <span style=\"font-size: 13px; font-weight: 700; color: #1e293b;\">-2-14 \u00b0C<\/span>\n                <\/div>\n                <div style=\"background: #ffffff; padding: 12px; font-size: 13px; color: #4b5563; font-weight: 600; display: flex; align-items: center; justify-content: center;\">M\u00e9dia<\/div>\n                <div style=\"background: #ffffff; padding: 12px; font-size: 13px; line-height: 1.4; color: #1e293b; display: flex; align-items: center;\">Possibilidade de neve, geadas, fondues e lareiras.<\/div>\n\n                <div style=\"background: #f8fafc; padding: 12px; font-weight: 800; color: #0284c7; font-size: 14px; display: flex; align-items: center; justify-content: center; gap: 5px;\">\ud83c\udf38 Primavera<\/div>\n                <div style=\"background: #f8fafc; padding: 12px; font-size: 13px; color: #1e293b; font-weight: 600; display: flex; align-items: center; justify-content: center;\">Set-Nov<\/div>\n                <div style=\"background: #f8fafc; padding: 12px; display: flex; align-items: center; justify-content: center; gap: 6px;\">\n                    <span style=\"font-size: 13px; font-weight: 700; color: #1e293b;\">8-20 \u00b0C<\/span>\n                <\/div>\n                <div style=\"background: #f8fafc; padding: 12px; font-size: 13px; color: #4b5563; font-weight: 600; display: flex; align-items: center; justify-content: center;\">Alta<\/div>\n                <div style=\"background: #f8fafc; padding: 12px; font-size: 13px; line-height: 1.4; color: #1e293b; display: flex; align-items: center;\">Contempla\u00e7\u00e3o da florada das cerejeiras e trilhas.<\/div>\n            <\/div>\n        <\/div>\n\n        <div style=\"padding: 10px 30px; background: #f0f9ff; border-top: 1px solid #bae6fd; font-size: 12px; color: #0c4a6e; font-style: italic; display: flex; align-items: center; gap: 8px; font-weight: 600;\">\n            <div style=\"min-width: 6px; height: 6px; background: #0284c7; border-radius: 50%;\"><\/div>\n            Informa\u00e7\u00e3o: O inverno na regi\u00e3o \u00e9 marcado pela maior probabilidade de precipita\u00e7\u00e3o de neve no Brasil, unindo o charme serrano \u00e0 alta gastronomia.\n        <\/div>\n        \n    <\/div>\n<\/div>\n\n\n\n<p><em>Temperaturas aproximadas com base no <a href=\"https:\/\/www.climatempo.com.br\/previsao-do-tempo\/cidade\/4272\/saojoaquim-sc\" target=\"_blank\" rel=\"noreferrer noopener\"><strong>Climatempo<\/strong><\/a>. Condi\u00e7\u00f5es podem variar.<\/em><\/p>\n\n\n<div class=\"wp-block-image\">\n<figure class=\"aligncenter size-large\"><img decoding=\"async\" width=\"1024\" height=\"576\" src=\"https:\/\/www.correiobraziliense.com.br\/cbradar\/wp-content\/uploads\/2026\/01\/aaa-2026-01-19T192633.589-1024x576.png\" alt=\"A cidade mais fria do Brasil j\u00e1 registrou \u221210 \u00b0C a 1.360 metros de altitude e hoje se destaca pelos vinhos em Santa Catarina\" class=\"wp-image-178285\" srcset=\"https:\/\/www.correiobraziliense.com.br\/cbradar\/wp-content\/uploads\/2026\/01\/aaa-2026-01-19T192633.589-1024x576.png 1024w, https:\/\/www.correiobraziliense.com.br\/cbradar\/wp-content\/uploads\/2026\/01\/aaa-2026-01-19T192633.589-300x169.png 300w, https:\/\/www.correiobraziliense.com.br\/cbradar\/wp-content\/uploads\/2026\/01\/aaa-2026-01-19T192633.589-768x432.png 768w, https:\/\/www.correiobraziliense.com.br\/cbradar\/wp-content\/uploads\/2026\/01\/aaa-2026-01-19T192633.589-750x422.png 750w, https:\/\/www.correiobraziliense.com.br\/cbradar\/wp-content\/uploads\/2026\/01\/aaa-2026-01-19T192633.589-1140x641.png 1140w, https:\/\/www.correiobraziliense.com.br\/cbradar\/wp-content\/uploads\/2026\/01\/aaa-2026-01-19T192633.589.png 1280w\" sizes=\"(max-width: 1024px) 100vw, 1024px\" \/><figcaption class=\"wp-element-caption\">S\u00e3o Joaquim oferece Parque Nacional, Morro da Igreja (1.822m) e eventos como Exponeve para ecoturismo e degusta\u00e7\u00e3o de frutas frescas. \/\/ Cr\u00e9ditos: Wikip\u00e9dia<\/figcaption><\/figure><\/div>\n\n\n<h2 class=\"wp-block-heading\">Como chegar ao topo da serra catarinense?<\/h2>\n\n\n\n<p>S\u00e3o Joaquim fica a 232 km de <strong>Florian\u00f3polis<\/strong> pela <strong>BR-116<\/strong> e <strong>SC-114<\/strong>, cerca de 3h30 de carro. Partindo de <strong>Lages<\/strong>, s\u00e3o 85 km pela SC-114. \u00d4nibus das via\u00e7\u00f5es <strong>Planalto<\/strong> e <strong>Reunidas<\/strong> fazem o trajeto a partir de Lages, Campos Novos e Curitibanos. O aeroporto mais pr\u00f3ximo \u00e9 o de <strong>Florian\u00f3polis<\/strong>.<\/p>\n\n\n\n<p><strong>Leia tamb\u00e9m: <a href=\"https:\/\/www.correiobraziliense.com.br\/cbradar\/uma-pequena-italia-no-interior-do-sul-com-2-600-moradores-e-a-maior-produtora-de-uvas-preserva-tradicoes-e-encanta-turistas\/\" target=\"_blank\" rel=\"noreferrer noopener\">Uma pequena It\u00e1lia no interior do Sul com 2.600 moradores \u00e9 a maior produtora de uvas, preserva tradi\u00e7\u00f5es e encanta turistas.<\/a><\/strong><\/p>\n\n\n\n<h2 class=\"wp-block-heading\">O frio que aquece quem decide ficar<\/h2>\n\n\n\n<p><strong>S\u00e3o Joaquim prova que frio intenso e qualidade de vida podem andar juntos. <\/strong>A cidade que congela no inverno ferve de orgulho com seus vinhos premiados, sua ma\u00e7\u00e3 reconhecida e uma hospitalidade serrana que esquenta qualquer visitante.<\/p>\n\n\n\n<p>Voc\u00ea precisa subir a serra, encarar uma madrugada abaixo de zero e brindar com um Pinot Noir colhido a 1.300 metros para entender por que S\u00e3o Joaquim \u00e9 o destino de inverno mais aut\u00eantico do Brasil.<\/p>\n","protected":false},"excerpt":{"rendered":"<p>No topo da serra catarinense, onde os term\u00f4metros j\u00e1 marcaram -10 \u00b0C, S\u00e3o Joaquim \u00e9 conhecida como a cidade mais fria do Brasil e transforma seu frio extremo em vinho fino, ma\u00e7\u00e3 com selo de origem e turismo de inverno. Com cerca de 25 mil habitantes e a sede municipal mais alta de Santa Catarina, [&hellip;]<\/p>\n","protected":false},"author":8,"featured_media":209960,"comment_status":"open","ping_status":"open","sticky":false,"template":"","format":"standard","meta":{"_yoast_wpseo_focuskw":"cidade mais fria","_yoast_wpseo_title":"","_yoast_wpseo_metadesc":"Em Santa Catarina, a cidade mais fria do Brasil j\u00e1 registrou \u221210 \u00b0C e hoje se destaca nacionalmente pela produ\u00e7\u00e3o de vinhos premiados.","jnews-multi-image_gallery":[],"jnews_single_post":{"format":"standard"},"jnews_primary_category":[],"jnews_social_meta":[],"jnews_override_counter":[],"footnotes":""},"categories":[108,111],"tags":[851,14230],"class_list":["post-209630","post","type-post","status-publish","format-standard","has-post-thumbnail","hentry","category-cidades","category-turismo","tag-santa-catarina","tag-sao-joaquim"],"yoast_head":"<!-- This site is optimized with the Yoast SEO plugin v24.6 - https:\/\/yoast.com\/wordpress\/plugins\/seo\/ -->\n<title>A cidade mais fria do Brasil j\u00e1 registrou \u221210 \u00b0C a 1.360 metros e hoje brilha com vinhos premiados em Santa Catarina - Correio Braziliense - Radar<\/title>\n<meta name=\"description\" content=\"Em Santa Catarina, a cidade mais fria do Brasil j\u00e1 registrou \u221210 \u00b0C e hoje se destaca nacionalmente pela produ\u00e7\u00e3o de vinhos premiados.\" \/>\n<meta name=\"robots\" content=\"index, follow, max-snippet:-1, max-image-preview:large, max-video-preview:-1\" \/>\n<link rel=\"canonical\" href=\"https:\/\/www.correiobraziliense.com.br\/cbradar\/a-cidade-mais-fria-do-brasil-ja-registrou-\u221210-c-a-1-360-metros-e-hoje-brilha-com-vinhos-premiados-em-santa-catarina\/\" \/>\n<meta property=\"og:locale\" content=\"pt_BR\" \/>\n<meta property=\"og:type\" content=\"article\" \/>\n<meta property=\"og:title\" content=\"A cidade mais fria do Brasil j\u00e1 registrou \u221210 \u00b0C a 1.360 metros e hoje brilha com vinhos premiados em Santa Catarina - Correio Braziliense - Radar\" \/>\n<meta property=\"og:description\" content=\"Em Santa Catarina, a cidade mais fria do Brasil j\u00e1 registrou \u221210 \u00b0C e hoje se destaca nacionalmente pela produ\u00e7\u00e3o de vinhos premiados.\" \/>\n<meta property=\"og:url\" content=\"https:\/\/www.correiobraziliense.com.br\/cbradar\/a-cidade-mais-fria-do-brasil-ja-registrou-\u221210-c-a-1-360-metros-e-hoje-brilha-com-vinhos-premiados-em-santa-catarina\/\" \/>\n<meta property=\"og:site_name\" content=\"Correio Braziliense - Radar\" \/>\n<meta property=\"article:published_time\" content=\"2026-03-17T18:25:00+00:00\" \/>\n<meta property=\"og:image\" content=\"https:\/\/www.correiobraziliense.com.br\/cbradar\/wp-content\/uploads\/2026\/03\/aaa-42.png\" \/>\n\t<meta property=\"og:image:width\" content=\"1280\" \/>\n\t<meta property=\"og:image:height\" content=\"720\" \/>\n\t<meta property=\"og:image:type\" content=\"image\/png\" \/>\n<meta name=\"author\" content=\"Maura Pereira\" \/>\n<meta name=\"twitter:card\" content=\"summary_large_image\" \/>\n<meta name=\"twitter:label1\" content=\"Escrito por\" \/>\n\t<meta name=\"twitter:data1\" content=\"Maura Pereira\" \/>\n\t<meta name=\"twitter:label2\" content=\"Est. tempo de leitura\" \/>\n\t<meta name=\"twitter:data2\" content=\"7 minutos\" \/>\n<!-- \/ Yoast SEO plugin. -->","yoast_head_json":{"title":"A cidade mais fria do Brasil j\u00e1 registrou \u221210 \u00b0C a 1.360 metros e hoje brilha com vinhos premiados em Santa Catarina - Correio Braziliense - Radar","description":"Em Santa Catarina, a cidade mais fria do Brasil j\u00e1 registrou \u221210 \u00b0C e hoje se destaca nacionalmente pela produ\u00e7\u00e3o de vinhos premiados.","robots":{"index":"index","follow":"follow","max-snippet":"max-snippet:-1","max-image-preview":"max-image-preview:large","max-video-preview":"max-video-preview:-1"},"canonical":"https:\/\/www.correiobraziliense.com.br\/cbradar\/a-cidade-mais-fria-do-brasil-ja-registrou-\u221210-c-a-1-360-metros-e-hoje-brilha-com-vinhos-premiados-em-santa-catarina\/","og_locale":"pt_BR","og_type":"article","og_title":"A cidade mais fria do Brasil j\u00e1 registrou \u221210 \u00b0C a 1.360 metros e hoje brilha com vinhos premiados em Santa Catarina - Correio Braziliense - Radar","og_description":"Em Santa Catarina, a cidade mais fria do Brasil j\u00e1 registrou \u221210 \u00b0C e hoje se destaca nacionalmente pela produ\u00e7\u00e3o de vinhos premiados.","og_url":"https:\/\/www.correiobraziliense.com.br\/cbradar\/a-cidade-mais-fria-do-brasil-ja-registrou-\u221210-c-a-1-360-metros-e-hoje-brilha-com-vinhos-premiados-em-santa-catarina\/","og_site_name":"Correio Braziliense - Radar","article_published_time":"2026-03-17T18:25:00+00:00","og_image":[{"width":1280,"height":720,"url":"https:\/\/www.correiobraziliense.com.br\/cbradar\/wp-content\/uploads\/2026\/03\/aaa-42.png","type":"image\/png"}],"author":"Maura Pereira","twitter_card":"summary_large_image","twitter_misc":{"Escrito por":"Maura Pereira","Est. tempo de leitura":"7 minutos"},"schema":{"@context":"https:\/\/schema.org","@graph":[{"@type":"WebPage","@id":"https:\/\/www.correiobraziliense.com.br\/cbradar\/a-cidade-mais-fria-do-brasil-ja-registrou-%e2%88%9210-c-a-1-360-metros-e-hoje-brilha-com-vinhos-premiados-em-santa-catarina\/","url":"https:\/\/www.correiobraziliense.com.br\/cbradar\/a-cidade-mais-fria-do-brasil-ja-registrou-%e2%88%9210-c-a-1-360-metros-e-hoje-brilha-com-vinhos-premiados-em-santa-catarina\/","name":"A cidade mais fria do Brasil j\u00e1 registrou \u221210 \u00b0C a 1.360 metros e hoje brilha com vinhos premiados em Santa Catarina - Correio Braziliense - Radar","isPartOf":{"@id":"https:\/\/www.correiobraziliense.com.br\/cbradar\/#website"},"primaryImageOfPage":{"@id":"https:\/\/www.correiobraziliense.com.br\/cbradar\/a-cidade-mais-fria-do-brasil-ja-registrou-%e2%88%9210-c-a-1-360-metros-e-hoje-brilha-com-vinhos-premiados-em-santa-catarina\/#primaryimage"},"image":{"@id":"https:\/\/www.correiobraziliense.com.br\/cbradar\/a-cidade-mais-fria-do-brasil-ja-registrou-%e2%88%9210-c-a-1-360-metros-e-hoje-brilha-com-vinhos-premiados-em-santa-catarina\/#primaryimage"},"thumbnailUrl":"https:\/\/www.correiobraziliense.com.br\/cbradar\/wp-content\/uploads\/2026\/03\/aaa-42.png","datePublished":"2026-03-17T18:25:00+00:00","author":{"@id":"https:\/\/www.correiobraziliense.com.br\/cbradar\/#\/schema\/person\/4053c651a9bfc785afc6f4cbc9032fd3"},"description":"Em Santa Catarina, a cidade mais fria do Brasil j\u00e1 registrou \u221210 \u00b0C e hoje se destaca nacionalmente pela produ\u00e7\u00e3o de vinhos premiados.","breadcrumb":{"@id":"https:\/\/www.correiobraziliense.com.br\/cbradar\/a-cidade-mais-fria-do-brasil-ja-registrou-%e2%88%9210-c-a-1-360-metros-e-hoje-brilha-com-vinhos-premiados-em-santa-catarina\/#breadcrumb"},"inLanguage":"pt-BR","potentialAction":[{"@type":"ReadAction","target":["https:\/\/www.correiobraziliense.com.br\/cbradar\/a-cidade-mais-fria-do-brasil-ja-registrou-%e2%88%9210-c-a-1-360-metros-e-hoje-brilha-com-vinhos-premiados-em-santa-catarina\/"]}]},{"@type":"ImageObject","inLanguage":"pt-BR","@id":"https:\/\/www.correiobraziliense.com.br\/cbradar\/a-cidade-mais-fria-do-brasil-ja-registrou-%e2%88%9210-c-a-1-360-metros-e-hoje-brilha-com-vinhos-premiados-em-santa-catarina\/#primaryimage","url":"https:\/\/www.correiobraziliense.com.br\/cbradar\/wp-content\/uploads\/2026\/03\/aaa-42.png","contentUrl":"https:\/\/www.correiobraziliense.com.br\/cbradar\/wp-content\/uploads\/2026\/03\/aaa-42.png","width":1280,"height":720,"caption":"S\u00e3o Joaquim \u00e9 conhecida como a cidade mais fria do Brasil e transforma seu frio extremo em vinho fino, ma\u00e7\u00e3 com selo de origem e turismo de inverno. \/ Imagem ilustrativa"},{"@type":"BreadcrumbList","@id":"https:\/\/www.correiobraziliense.com.br\/cbradar\/a-cidade-mais-fria-do-brasil-ja-registrou-%e2%88%9210-c-a-1-360-metros-e-hoje-brilha-com-vinhos-premiados-em-santa-catarina\/#breadcrumb","itemListElement":[{"@type":"ListItem","position":1,"name":"In\u00edcio","item":"https:\/\/www.correiobraziliense.com.br\/cbradar\/"},{"@type":"ListItem","position":2,"name":"A cidade mais fria do Brasil j\u00e1 registrou \u221210 \u00b0C a 1.360 metros e hoje brilha com vinhos premiados em Santa Catarina"}]},{"@type":"WebSite","@id":"https:\/\/www.correiobraziliense.com.br\/cbradar\/#website","url":"https:\/\/www.correiobraziliense.com.br\/cbradar\/","name":"Correio Braziliense - Radar","description":"Acompanhe as \u00faltimas not\u00edcias e fique bem informado sobre tudo o que acontece no Brasil e no mundo.","potentialAction":[{"@type":"SearchAction","target":{"@type":"EntryPoint","urlTemplate":"https:\/\/www.correiobraziliense.com.br\/cbradar\/?s={search_term_string}"},"query-input":{"@type":"PropertyValueSpecification","valueRequired":true,"valueName":"search_term_string"}}],"inLanguage":"pt-BR"},{"@type":"Person","@id":"https:\/\/www.correiobraziliense.com.br\/cbradar\/#\/schema\/person\/4053c651a9bfc785afc6f4cbc9032fd3","name":"Maura Pereira","image":{"@type":"ImageObject","inLanguage":"pt-BR","@id":"https:\/\/www.correiobraziliense.com.br\/cbradar\/#\/schema\/person\/image\/","url":"https:\/\/secure.gravatar.com\/avatar\/3effd6bdadfa447f15089c7f7144eaa6?s=96&d=mm&r=g","contentUrl":"https:\/\/secure.gravatar.com\/avatar\/3effd6bdadfa447f15089c7f7144eaa6?s=96&d=mm&r=g","caption":"Maura Pereira"},"sameAs":["https:\/\/www.correiobraziliense.com.br\/"],"url":"https:\/\/www.correiobraziliense.com.br\/cbradar\/author\/mauramyth\/"}]}},"_links":{"self":[{"href":"https:\/\/www.correiobraziliense.com.br\/cbradar\/wp-json\/wp\/v2\/posts\/209630","targetHints":{"allow":["GET"]}}],"collection":[{"href":"https:\/\/www.correiobraziliense.com.br\/cbradar\/wp-json\/wp\/v2\/posts"}],"about":[{"href":"https:\/\/www.correiobraziliense.com.br\/cbradar\/wp-json\/wp\/v2\/types\/post"}],"author":[{"embeddable":true,"href":"https:\/\/www.correiobraziliense.com.br\/cbradar\/wp-json\/wp\/v2\/users\/8"}],"replies":[{"embeddable":true,"href":"https:\/\/www.correiobraziliense.com.br\/cbradar\/wp-json\/wp\/v2\/comments?post=209630"}],"version-history":[{"count":12,"href":"https:\/\/www.correiobraziliense.com.br\/cbradar\/wp-json\/wp\/v2\/posts\/209630\/revisions"}],"predecessor-version":[{"id":209963,"href":"https:\/\/www.correiobraziliense.com.br\/cbradar\/wp-json\/wp\/v2\/posts\/209630\/revisions\/209963"}],"wp:featuredmedia":[{"embeddable":true,"href":"https:\/\/www.correiobraziliense.com.br\/cbradar\/wp-json\/wp\/v2\/media\/209960"}],"wp:attachment":[{"href":"https:\/\/www.correiobraziliense.com.br\/cbradar\/wp-json\/wp\/v2\/media?parent=209630"}],"wp:term":[{"taxonomy":"category","embeddable":true,"href":"https:\/\/www.correiobraziliense.com.br\/cbradar\/wp-json\/wp\/v2\/categories?post=209630"},{"taxonomy":"post_tag","embeddable":true,"href":"https:\/\/www.correiobraziliense.com.br\/cbradar\/wp-json\/wp\/v2\/tags?post=209630"}],"curies":[{"name":"wp","href":"https:\/\/api.w.org\/{rel}","templated":true}]}}