{"id":209631,"date":"2026-03-17T19:15:00","date_gmt":"2026-03-17T22:15:00","guid":{"rendered":"https:\/\/www.correiobraziliense.com.br\/cbradar\/?p=209631"},"modified":"2026-03-17T02:28:05","modified_gmt":"2026-03-17T05:28:05","slug":"a-cidade-que-une-a-forca-da-economia-do-petroleo-com-a-riqueza-cultural-surpreendendo-pela-educacao-acessivel-a-17-km-do-rio","status":"publish","type":"post","link":"https:\/\/www.correiobraziliense.com.br\/cbradar\/a-cidade-que-une-a-forca-da-economia-do-petroleo-com-a-riqueza-cultural-surpreendendo-pela-educacao-acessivel-a-17-km-do-rio\/","title":{"rendered":"A cidade que une a for\u00e7a da economia do petr\u00f3leo com a riqueza cultural surpreendendo pela educa\u00e7\u00e3o acess\u00edvel a 17 km do Rio"},"content":{"rendered":"\n<p>Em <strong>1803<\/strong>, na Fazenda S\u00e3o Paulo, nasceu <strong>Lu\u00eds Alves de Lima e Silva<\/strong>, o homem que ganharia o t\u00edtulo de <strong>Duque de Caxias<\/strong> e se tornaria patrono do Ex\u00e9rcito Brasileiro. Dois s\u00e9culos depois, a cidade que leva seu nome abriga uma das maiores refinarias do pa\u00eds, um teatro projetado por <strong>Oscar Niemeyer<\/strong> e Mata Atl\u00e2ntica preservada no quintal de mais de 800 mil pessoas.<\/p>\n\n\n\n<h2 class=\"wp-block-heading\">Do Caminho do Ouro \u00e0 emancipa\u00e7\u00e3o da Baixada<\/h2>\n\n\n\n<p>A ocupa\u00e7\u00e3o da regi\u00e3o come\u00e7ou no s\u00e9culo XVI, quando sesmarias foram distribu\u00eddas \u00e0s margens dos rios Meriti, Sarapu\u00ed e Igua\u00e7u. A <strong>Igreja Nossa Senhora do Pilar<\/strong>, erguida em <strong>1720<\/strong> com tra\u00e7os barrocos semelhantes aos de <strong>Minas Gerais<\/strong>, marca o ponto onde come\u00e7ava o <strong>Caminho Novo<\/strong>, rota que escoava o ouro mineiro at\u00e9 o porto do <strong>Rio de Janeiro<\/strong>. O templo \u00e9 tombado pelo <a href=\"https:\/\/duquedecaxias.rj.gov.br\/pagina\/prefeitura\/conheca-duque-de-caxias\" target=\"_blank\" rel=\"noreferrer noopener\"><strong>IPHAN<\/strong><\/a>.<\/p>\n\n\n\n<p>Com a decad\u00eancia dos portos fluviais e a chegada da ferrovia no s\u00e9culo XIX, a regi\u00e3o entrou em decl\u00ednio. A virada veio no s\u00e9culo XX: a <strong>Estrada de Ferro Leopoldina<\/strong> reconectou o territ\u00f3rio, e em <strong>31 de dezembro de 1943<\/strong> o distrito se emancipou de <strong>Nova Igua\u00e7u<\/strong>, nascendo oficialmente o munic\u00edpio de Duque de Caxias.<\/p>\n\n\n<div class=\"wp-block-image\">\n<figure class=\"aligncenter size-large\"><img decoding=\"async\" width=\"1024\" height=\"576\" src=\"https:\/\/www.correiobraziliense.com.br\/cbradar\/wp-content\/uploads\/2025\/06\/Edicoes-9-1-1024x576.png\" alt=\"A cidade perto do Rio de Janeiro une a for\u00e7a da economia do petr\u00f3leo com a riqueza cultural surpreendendo pela educa\u00e7\u00e3o acess\u00edvel\" class=\"wp-image-53944\" srcset=\"https:\/\/www.correiobraziliense.com.br\/cbradar\/wp-content\/uploads\/2025\/06\/Edicoes-9-1-1024x576.png 1024w, https:\/\/www.correiobraziliense.com.br\/cbradar\/wp-content\/uploads\/2025\/06\/Edicoes-9-1-300x169.png 300w, https:\/\/www.correiobraziliense.com.br\/cbradar\/wp-content\/uploads\/2025\/06\/Edicoes-9-1-768x432.png 768w, https:\/\/www.correiobraziliense.com.br\/cbradar\/wp-content\/uploads\/2025\/06\/Edicoes-9-1-750x422.png 750w, https:\/\/www.correiobraziliense.com.br\/cbradar\/wp-content\/uploads\/2025\/06\/Edicoes-9-1-1140x641.png 1140w, https:\/\/www.correiobraziliense.com.br\/cbradar\/wp-content\/uploads\/2025\/06\/Edicoes-9-1.png 1280w\" sizes=\"(max-width: 1024px) 100vw, 1024px\" \/><figcaption class=\"wp-element-caption\">Sinta a for\u00e7a da hist\u00f3ria e da ind\u00fastria em Duque de Caxias, terra do patrono do Ex\u00e9rcito Brasileiro. \/\/ Reprodu\u00e7\u00e3o: Wikip\u00e9dia<\/figcaption><\/figure><\/div>\n\n\n<h2 class=\"wp-block-heading\">Como \u00e9 viver na pot\u00eancia econ\u00f4mica da Baixada?<\/h2>\n\n\n\n<p><strong>Duque de Caxias<\/strong> re\u00fane cerca de 808 mil habitantes, a terceira maior popula\u00e7\u00e3o do estado do <strong>Rio de Janeiro<\/strong>, conforme o <a href=\"https:\/\/www.ibge.gov.br\/cidades-e-estados\/rj\/duque-de-caxias.html\" target=\"_blank\" rel=\"noreferrer noopener\"><strong>IBGE<\/strong><\/a> (Censo 2022). O PIB per capita alcan\u00e7a R$ 86.700, acima da m\u00e9dia estadual. A <strong>Refinaria de Duque de Caxias (REDUC)<\/strong>, instalada nos anos 1960, \u00e9 uma das maiores do sistema <strong>Petrobras<\/strong> e responde por grande parte do processamento de g\u00e1s natural do pa\u00eds.<\/p>\n\n\n\n<p>Ao redor da refinaria, consolidou-se um parque industrial com cerca de 810 ind\u00fastrias e 10 mil estabelecimentos comerciais. A posi\u00e7\u00e3o geogr\u00e1fica explica o magnetismo: a cidade fica a 17 km do centro do Rio, cortada pela <strong>Rodovia Washington Lu\u00eds (BR-040)<\/strong>, pelo <strong>Arco Metropolitano<\/strong> e pr\u00f3xima do <strong>Aeroporto Tom Jobim<\/strong>. A <strong>Firjan<\/strong> apontou Duque de Caxias como a cidade que mais exportou no estado em 2021. Apesar da for\u00e7a econ\u00f4mica, o munic\u00edpio enfrenta desafios em saneamento, mobilidade e seguran\u00e7a, temas que seguem na pauta de investimentos p\u00fablicos.<\/p>\n\n\n\n<p>O munic\u00edpio de Duque de Caxias, localizado na Baixada Fluminense, \u00e9 a terceira cidade mais populosa do estado do Rio de Janeiro. O v\u00eddeo \u00e9 do canal <strong>Manu.viagens e curiosidades<\/strong>, com cerca de <strong>5 mil<\/strong> inscritos, e apresenta pontos hist\u00f3ricos, a feira dominical e a import\u00e2ncia industrial da regi\u00e3o:<\/p>\n\n\n\n<figure class=\"wp-block-embed aligncenter is-type-video is-provider-youtube wp-block-embed-youtube wp-embed-aspect-16-9 wp-has-aspect-ratio\"><div class=\"wp-block-embed__wrapper\">\n<div class=\"jeg_video_container jeg_video_content\"><iframe loading=\"lazy\" title=\"CONHE\u00c7A DUQUE DE CAXIAS- Cidade da Baixada Fluminense -RJ\" width=\"500\" height=\"281\" src=\"https:\/\/www.youtube.com\/embed\/FXp3k6uYUqw?feature=oembed\" frameborder=\"0\" allow=\"accelerometer; autoplay; clipboard-write; encrypted-media; gyroscope; picture-in-picture; web-share\" referrerpolicy=\"strict-origin-when-cross-origin\" allowfullscreen><\/iframe><\/div>\n<\/div><\/figure>\n\n\n\n<h2 class=\"wp-block-heading\">Mais de 50% do territ\u00f3rio \u00e9 \u00e1rea verde<\/h2>\n\n\n\n<p>O dado surpreende quem associa Duque de Caxias apenas \u00e0 ind\u00fastria. O terceiro e o quarto distritos, <strong>Imbari\u00ea<\/strong> e <strong>Xer\u00e9m<\/strong>, guardam Mata Atl\u00e2ntica preservada no sop\u00e9 da <strong>Serra dos \u00d3rg\u00e3os<\/strong>, com cachoeiras, trilhas e fauna silvestre.<\/p>\n\n\n\n<ul class=\"wp-block-list\">\n<li><strong>Parque Natural Municipal da Taquara<\/strong>: 20,8 hectares de mata com cachoeiras, lagos e trilhas ecol\u00f3gicas. Abriga o mico-le\u00e3o-dourado, redescoberto na regi\u00e3o em 2006. Funciona de ter\u00e7a a domingo, das 8h \u00e0s 16h.<\/li>\n\n\n\n<li><strong>Centro Cultural Oscar Niemeyer<\/strong>: na <strong>Pra\u00e7a do Pacificador<\/strong>, re\u00fane o <strong>Teatro Municipal Raul Cortez<\/strong> (inaugurado em 2006, capacidade para 440 pessoas) e a Biblioteca Municipal. O palco se abre para a pra\u00e7a no formato &#8220;Boca pra Fora&#8221;, permitindo espet\u00e1culos ao ar livre.<\/li>\n\n\n\n<li><strong>Museu Ci\u00eancia e Vida<\/strong>: \u00fanico planet\u00e1rio de c\u00fapula fixa da <strong>Baixada Fluminense<\/strong>, com exposi\u00e7\u00f5es interativas de f\u00edsica e astronomia.<\/li>\n\n\n\n<li><strong>Museu Hist\u00f3rico de Duque de Caxias<\/strong>: na antiga Fazenda S\u00e3o Paulo, onde nasceu o Pacificador. Acervo com armas da \u00e9poca, utens\u00edlios dom\u00e9sticos e exposi\u00e7\u00f5es sobre a ocupa\u00e7\u00e3o da regi\u00e3o.<\/li>\n\n\n\n<li><strong>Quadra da Grande Rio<\/strong>: a escola de samba \u00e9 uma das mais tradicionais do carnaval carioca e recebe ensaios e eventos que atraem milhares de visitantes.<\/li>\n<\/ul>\n\n\n<div class=\"wp-block-image\">\n<figure class=\"aligncenter size-large\"><img decoding=\"async\" width=\"1024\" height=\"576\" src=\"https:\/\/www.correiobraziliense.com.br\/cbradar\/wp-content\/uploads\/2025\/05\/Duque-de-Caxias_1747877653433-1024x576.jpg\" alt=\"Essa cidade do Rio de Janeiro impressiona com sua qualidade de vida\" class=\"wp-image-41045\" srcset=\"https:\/\/www.correiobraziliense.com.br\/cbradar\/wp-content\/uploads\/2025\/05\/Duque-de-Caxias_1747877653433-1024x576.jpg 1024w, https:\/\/www.correiobraziliense.com.br\/cbradar\/wp-content\/uploads\/2025\/05\/Duque-de-Caxias_1747877653433-300x169.jpg 300w, https:\/\/www.correiobraziliense.com.br\/cbradar\/wp-content\/uploads\/2025\/05\/Duque-de-Caxias_1747877653433-768x432.jpg 768w, https:\/\/www.correiobraziliense.com.br\/cbradar\/wp-content\/uploads\/2025\/05\/Duque-de-Caxias_1747877653433-750x422.jpg 750w, https:\/\/www.correiobraziliense.com.br\/cbradar\/wp-content\/uploads\/2025\/05\/Duque-de-Caxias_1747877653433-1140x641.jpg 1140w, https:\/\/www.correiobraziliense.com.br\/cbradar\/wp-content\/uploads\/2025\/05\/Duque-de-Caxias_1747877653433.jpg 1280w\" sizes=\"(max-width: 1024px) 100vw, 1024px\" \/><figcaption class=\"wp-element-caption\">Duque de Caxias carrega o peso de um PIB bilion\u00e1rio e os desafios de uma metr\u00f3pole em constante transforma\u00e7\u00e3o.  \/\/ Cr\u00e9ditos: depositphotos.com \/ dabldy<\/figcaption><\/figure><\/div>\n\n\n<h2 class=\"wp-block-heading\">Feira de domingo e sabores da Baixada<\/h2>\n\n\n\n<p>A tradicional feira livre do centro, realizada aos domingos nas ruas <strong>Jos\u00e9 de Alvarenga<\/strong> e <strong>Nilo Pe\u00e7anha<\/strong>, \u00e9 uma das maiores do estado. Barraqueiros vendem de tudo: frutas, temperos, roupas, eletr\u00f4nicos e comida de rua preparada na hora.<\/p>\n\n\n\n<ul class=\"wp-block-list\">\n<li><strong>Comida de feira<\/strong>: pastel de camar\u00e3o, espetinho, caldos e tapioca dividem espa\u00e7o com a\u00e7a\u00ed servido em tigelas generosas.<\/li>\n\n\n\n<li><strong>Gastronomia de Xer\u00e9m<\/strong>: restaurantes do distrito servem pratos caseiros com ingredientes da ro\u00e7a, aproveitando a proximidade com a serra.<\/li>\n\n\n\n<li><strong>Samba e boteco<\/strong>: Xer\u00e9m \u00e9 reduto de lendas do samba carioca e mant\u00e9m bares com roda ao vivo nos fins de semana.<\/li>\n<\/ul>\n\n\n\n<h2 class=\"wp-block-heading\">Quando o clima favorece cada tipo de programa?<\/h2>\n\n\n\n<p>O clima tropical traz ver\u00f5es quentes e \u00famidos e invernos amenos. Os distritos de Imbari\u00ea e Xer\u00e9m registram temperaturas mais baixas pela proximidade com a serra.<\/p>\n\n\n\n<div class=\"google-auto-ads-ignore\" style=\"font-family: 'Segoe UI', Roboto, -apple-system, sans-serif; max-width: 850px; margin: 20px auto; box-sizing: border-box; background-color: #ffffff; -webkit-font-smoothing: antialiased; text-rendering: optimizeLegibility;\">\n    \n    <div style=\"background: #fffcfc; border-radius: 20px; overflow: hidden; border: 1px solid #bae6fd; display: flex; flex-direction: column; box-shadow: 0 4px 15px rgba(2, 132, 199, 0.05);\">\n        \n        <div style=\"background: linear-gradient(135deg, #38bdf8 0%, #0284c7 100%); padding: 20px 30px; text-align: left;\">\n            <div style=\"font-size: 24px; font-weight: 800; color: #ffffff; letter-spacing: -0.5px; line-height: 1.2;\">\n                Sazonalidade e condi\u00e7\u00f5es para atividades em Duque de Caxias\n            <\/div>\n            <div style=\"font-size: 14px; color: #e0f2fe; margin-top: 4px; font-weight: 500; opacity: 0.9;\">\n                An\u00e1lise clim\u00e1tica detalhada para planejamento de lazer, cultura e ecoturismo na Baixada Fluminense\n            <\/div>\n        <\/div>\n\n        <div style=\"padding: 15px;\">\n            <div style=\"display: grid; width: 100%; grid-template-columns: 0.8fr 0.7fr 1fr 0.7fr 1.8fr; gap: 1px; background-color: #7dd3fc; border-radius: 12px; border: 1px solid #7dd3fc; overflow: hidden;\">\n                \n                <div style=\"background: #f0f9ff; padding: 10px; font-weight: 800; font-size: 11px; text-transform: uppercase; color: #0c4a6e; text-align: center;\">Esta\u00e7\u00e3o<\/div>\n                <div style=\"background: #f0f9ff; padding: 10px; font-weight: 800; font-size: 11px; text-transform: uppercase; color: #0c4a6e; text-align: center;\">Meses<\/div>\n                <div style=\"background: #f0f9ff; padding: 10px; font-weight: 800; font-size: 11px; text-transform: uppercase; color: #0c4a6e; text-align: center;\">Temperatura<\/div>\n                <div style=\"background: #f0f9ff; padding: 10px; font-weight: 800; font-size: 11px; text-transform: uppercase; color: #0c4a6e; text-align: center;\">Chuva<\/div>\n                <div style=\"background: #f0f9ff; padding: 10px; font-weight: 800; font-size: 11px; text-transform: uppercase; color: #0c4a6e; text-align: center;\">O que fazer<\/div>\n\n                <div style=\"background: #ffffff; padding: 12px; font-weight: 800; color: #0284c7; font-size: 14px; display: flex; align-items: center; justify-content: center; gap: 5px;\">\u2600\ufe0f Ver\u00e3o<\/div>\n                <div style=\"background: #ffffff; padding: 12px; font-size: 13px; color: #1e293b; font-weight: 600; display: flex; align-items: center; justify-content: center;\">Dez-Mar<\/div>\n                <div style=\"background: #ffffff; padding: 12px; display: flex; align-items: center; justify-content: center; gap: 6px;\">\n                    <span style=\"font-size: 13px; font-weight: 700; color: #1e293b;\">22-36 \u00b0C<\/span>\n                <\/div>\n                <div style=\"background: #ffffff; padding: 12px; font-size: 13px; color: #ef4444; font-weight: 600; display: flex; align-items: center; justify-content: center;\">Alta<\/div>\n                <div style=\"background: #ffffff; padding: 12px; font-size: 13px; line-height: 1.4; color: #1e293b; display: flex; align-items: center;\">Cachoeiras da Taquara e Xer\u00e9m para aliviar o calor intenso.<\/div>\n\n                <div style=\"background: #f8fafc; padding: 12px; font-weight: 800; color: #0284c7; font-size: 14px; display: flex; align-items: center; justify-content: center; gap: 5px;\">\ud83c\udf42 Outono<\/div>\n                <div style=\"background: #f8fafc; padding: 12px; font-size: 13px; color: #1e293b; font-weight: 600; display: flex; align-items: center; justify-content: center;\">Abr-Jun<\/div>\n                <div style=\"background: #f8fafc; padding: 12px; display: flex; align-items: center; justify-content: center; gap: 6px;\">\n                    <span style=\"font-size: 13px; font-weight: 700; color: #1e293b;\">18-30 \u00b0C<\/span>\n                <\/div>\n                <div style=\"background: #f8fafc; padding: 12px; font-size: 13px; color: #4b5563; font-weight: 600; display: flex; align-items: center; justify-content: center;\">M\u00e9dia<\/div>\n                <div style=\"background: #f8fafc; padding: 12px; font-size: 13px; line-height: 1.4; color: #1e293b; display: flex; align-items: center;\">Museus, teatros e aproveitar a tradicional feira de domingo.<\/div>\n\n                <div style=\"background: #ffffff; padding: 12px; font-weight: 800; color: #0284c7; font-size: 14px; display: flex; align-items: center; justify-content: center; gap: 5px;\">\u2744\ufe0f Inverno<\/div>\n                <div style=\"background: #ffffff; padding: 12px; font-size: 13px; color: #1e293b; font-weight: 600; display: flex; align-items: center; justify-content: center;\">Jul-Set<\/div>\n                <div style=\"background: #ffffff; padding: 12px; display: flex; align-items: center; justify-content: center; gap: 6px;\">\n                    <span style=\"font-size: 13px; font-weight: 700; color: #1e293b;\">16-27 \u00b0C<\/span>\n                <\/div>\n                <div style=\"background: #ffffff; padding: 12px; font-size: 13px; color: #4b5563; font-weight: 600; display: flex; align-items: center; justify-content: center;\">Baixa<\/div>\n                <div style=\"background: #ffffff; padding: 12px; font-size: 13px; line-height: 1.4; color: #1e293b; display: flex; align-items: center;\">Trilhas na serra e maratona de eventos culturais na cidade.<\/div>\n\n                <div style=\"background: #f8fafc; padding: 12px; font-weight: 800; color: #0284c7; font-size: 14px; display: flex; align-items: center; justify-content: center; gap: 5px;\">\ud83e\udd41 Primavera<\/div>\n                <div style=\"background: #f8fafc; padding: 12px; font-size: 13px; color: #1e293b; font-weight: 600; display: flex; align-items: center; justify-content: center;\">Out-Nov<\/div>\n                <div style=\"background: #f8fafc; padding: 12px; display: flex; align-items: center; justify-content: center; gap: 6px;\">\n                    <span style=\"font-size: 13px; font-weight: 700; color: #1e293b;\">20-33 \u00b0C<\/span>\n                <\/div>\n                <div style=\"background: #f8fafc; padding: 12px; font-size: 13px; color: #4b5563; font-weight: 600; display: flex; align-items: center; justify-content: center;\">M\u00e9dia<\/div>\n                <div style=\"background: #f8fafc; padding: 12px; font-size: 13px; line-height: 1.4; color: #1e293b; display: flex; align-items: center;\">Ensaios da Grande Rio e passeios pelos parques arborizados.<\/div>\n            <\/div>\n        <\/div>\n\n        <div style=\"padding: 10px 30px; background: #f0f9ff; border-top: 1px solid #bae6fd; font-size: 12px; color: #0c4a6e; font-style: italic; display: flex; align-items: center; gap: 8px; font-weight: 600;\">\n            <div style=\"width: 6px; height: 6px; background: #0284c7; border-radius: 50%;\"><\/div>\n            Dica: O ver\u00e3o exige cuidado com as &#8220;chuvas de tarde&#8221;, mas \u00e9 a melhor \u00e9poca para explorar os po\u00e7os de \u00e1guas cristalinas em Xer\u00e9m.\n        <\/div>\n        \n    <\/div>\n<\/div>\n\n\n\n<p><em>Temperaturas aproximadas com base no <a href=\"https:\/\/www.climatempo.com.br\/previsao-do-tempo\/cidade\/321\/duquedecaxias-rj\" target=\"_blank\" rel=\"noreferrer noopener\"><strong>Climatempo<\/strong><\/a>. Condi\u00e7\u00f5es podem variar.<\/em><\/p>\n\n\n<div class=\"wp-block-image\">\n<figure class=\"aligncenter size-large\"><img decoding=\"async\" width=\"1024\" height=\"576\" src=\"https:\/\/www.correiobraziliense.com.br\/cbradar\/wp-content\/uploads\/2025\/06\/Edicoes-10-1024x576.png\" alt=\"\" class=\"wp-image-53956\" srcset=\"https:\/\/www.correiobraziliense.com.br\/cbradar\/wp-content\/uploads\/2025\/06\/Edicoes-10-1024x576.png 1024w, https:\/\/www.correiobraziliense.com.br\/cbradar\/wp-content\/uploads\/2025\/06\/Edicoes-10-300x169.png 300w, https:\/\/www.correiobraziliense.com.br\/cbradar\/wp-content\/uploads\/2025\/06\/Edicoes-10-768x432.png 768w, https:\/\/www.correiobraziliense.com.br\/cbradar\/wp-content\/uploads\/2025\/06\/Edicoes-10-750x422.png 750w, https:\/\/www.correiobraziliense.com.br\/cbradar\/wp-content\/uploads\/2025\/06\/Edicoes-10-1140x641.png 1140w, https:\/\/www.correiobraziliense.com.br\/cbradar\/wp-content\/uploads\/2025\/06\/Edicoes-10.png 1280w\" sizes=\"(max-width: 1024px) 100vw, 1024px\" \/><figcaption class=\"wp-element-caption\">Duque de Caxias \u00e9 l\u00edder econ\u00f4mica na Baixada Fluminense e refer\u00eancia em exporta\u00e7\u00e3o no estado do Rio. \/\/ Reprodu\u00e7\u00e3o: Wikip\u00e9dia<\/figcaption><\/figure><\/div>\n\n\n<h2 class=\"wp-block-heading\">Como chegar \u00e0 maior economia da Baixada?<\/h2>\n\n\n\n<p>Duque de Caxias fica a 17 km do centro do <strong>Rio de Janeiro<\/strong> pela <strong>Avenida Brasil<\/strong> ou pela <strong>Linha Vermelha<\/strong>. A <strong>BR-040 (Washington Lu\u00eds)<\/strong> corta o munic\u00edpio e conecta a cidade a <strong>Petr\u00f3polis<\/strong> e <strong>Juiz de Fora<\/strong>. Trens da <strong>SuperVia<\/strong> ligam o centro de Caxias \u00e0 Central do Brasil em cerca de 40 minutos. O <strong>Aeroporto Tom Jobim (Gale\u00e3o)<\/strong> fica a menos de 20 km.<\/p>\n\n\n\n<p><strong>Leia tamb\u00e9m: <a href=\"https:\/\/www.correiobraziliense.com.br\/cbradar\/uma-pequena-italia-no-interior-do-sul-com-2-600-moradores-e-a-maior-produtora-de-uvas-preserva-tradicoes-e-encanta-turistas\/\" target=\"_blank\" rel=\"noreferrer noopener\">Uma pequena It\u00e1lia no interior do Sul com 2.600 moradores \u00e9 a maior produtora de uvas, preserva tradi\u00e7\u00f5es e encanta turistas.<\/a><\/strong><\/p>\n\n\n\n<h2 class=\"wp-block-heading\">A cidade que move o estado sem parar<\/h2>\n\n\n\n<p><strong>Duque de Caxias carrega o peso de um PIB bilion\u00e1rio e os desafios de uma metr\u00f3pole em constante transforma\u00e7\u00e3o.<\/strong> Entre a refinaria e a cachoeira, entre a feira de domingo e o teatro de Niemeyer, a cidade mostra que a Baixada Fluminense \u00e9 muito mais do que o notici\u00e1rio costuma contar.<\/p>\n\n\n\n<p>Voc\u00ea precisa cruzar a ponte sobre o Meriti, subir at\u00e9 a Taquara para mergulhar numa cachoeira de Mata Atl\u00e2ntica e voltar a tempo de assistir a um espet\u00e1culo na Pra\u00e7a do Pacificador para entender o que Duque de Caxias realmente \u00e9.<\/p>\n","protected":false},"excerpt":{"rendered":"<p>Em 1803, na Fazenda S\u00e3o Paulo, nasceu Lu\u00eds Alves de Lima e Silva, o homem que ganharia o t\u00edtulo de Duque de Caxias e se tornaria patrono do Ex\u00e9rcito Brasileiro. Dois s\u00e9culos depois, a cidade que leva seu nome abriga uma das maiores refinarias do pa\u00eds, um teatro projetado por Oscar Niemeyer e Mata Atl\u00e2ntica [&hellip;]<\/p>\n","protected":false},"author":8,"featured_media":194511,"comment_status":"open","ping_status":"open","sticky":false,"template":"","format":"standard","meta":{"_yoast_wpseo_focuskw":"Rio de Janeiro","_yoast_wpseo_title":"","_yoast_wpseo_metadesc":"A apenas 17 km do Rio de Janeiro, essa cidade combina a for\u00e7a da economia do petr\u00f3leo com cultura rica e educa\u00e7\u00e3o acess\u00edvel.","jnews-multi-image_gallery":[],"jnews_single_post":{"format":"standard"},"jnews_primary_category":[],"jnews_social_meta":[],"jnews_override_counter":[],"footnotes":""},"categories":[108,111],"tags":[5157,304],"class_list":["post-209631","post","type-post","status-publish","format-standard","has-post-thumbnail","hentry","category-cidades","category-turismo","tag-duque-de-caxias","tag-rio-de-janeiro"],"yoast_head":"<!-- This site is optimized with the Yoast SEO plugin v24.6 - https:\/\/yoast.com\/wordpress\/plugins\/seo\/ -->\n<title>A cidade que une a for\u00e7a da economia do petr\u00f3leo com a riqueza cultural surpreendendo pela educa\u00e7\u00e3o acess\u00edvel a 17 km do Rio - Correio Braziliense - Radar<\/title>\n<meta name=\"description\" content=\"A apenas 17 km do Rio de Janeiro, essa cidade combina a for\u00e7a da economia do petr\u00f3leo com cultura rica e educa\u00e7\u00e3o acess\u00edvel.\" \/>\n<meta name=\"robots\" content=\"index, follow, max-snippet:-1, max-image-preview:large, max-video-preview:-1\" \/>\n<link rel=\"canonical\" href=\"https:\/\/www.correiobraziliense.com.br\/cbradar\/a-cidade-que-une-a-forca-da-economia-do-petroleo-com-a-riqueza-cultural-surpreendendo-pela-educacao-acessivel-a-17-km-do-rio\/\" \/>\n<meta property=\"og:locale\" content=\"pt_BR\" \/>\n<meta property=\"og:type\" content=\"article\" \/>\n<meta property=\"og:title\" content=\"A cidade que une a for\u00e7a da economia do petr\u00f3leo com a riqueza cultural surpreendendo pela educa\u00e7\u00e3o acess\u00edvel a 17 km do Rio - Correio Braziliense - Radar\" \/>\n<meta property=\"og:description\" content=\"A apenas 17 km do Rio de Janeiro, essa cidade combina a for\u00e7a da economia do petr\u00f3leo com cultura rica e educa\u00e7\u00e3o acess\u00edvel.\" \/>\n<meta property=\"og:url\" content=\"https:\/\/www.correiobraziliense.com.br\/cbradar\/a-cidade-que-une-a-forca-da-economia-do-petroleo-com-a-riqueza-cultural-surpreendendo-pela-educacao-acessivel-a-17-km-do-rio\/\" \/>\n<meta property=\"og:site_name\" content=\"Correio Braziliense - Radar\" \/>\n<meta property=\"article:published_time\" content=\"2026-03-17T22:15:00+00:00\" \/>\n<meta property=\"og:image\" content=\"https:\/\/www.correiobraziliense.com.br\/cbradar\/wp-content\/uploads\/2026\/02\/aaa-2026-02-16T052934.582.png\" \/>\n\t<meta property=\"og:image:width\" content=\"1280\" \/>\n\t<meta property=\"og:image:height\" content=\"720\" \/>\n\t<meta property=\"og:image:type\" content=\"image\/png\" \/>\n<meta name=\"author\" content=\"Maura Pereira\" \/>\n<meta name=\"twitter:card\" content=\"summary_large_image\" \/>\n<meta name=\"twitter:label1\" content=\"Escrito por\" \/>\n\t<meta name=\"twitter:data1\" content=\"Maura Pereira\" \/>\n\t<meta name=\"twitter:label2\" content=\"Est. tempo de leitura\" \/>\n\t<meta name=\"twitter:data2\" content=\"7 minutos\" \/>\n<!-- \/ Yoast SEO plugin. -->","yoast_head_json":{"title":"A cidade que une a for\u00e7a da economia do petr\u00f3leo com a riqueza cultural surpreendendo pela educa\u00e7\u00e3o acess\u00edvel a 17 km do Rio - Correio Braziliense - Radar","description":"A apenas 17 km do Rio de Janeiro, essa cidade combina a for\u00e7a da economia do petr\u00f3leo com cultura rica e educa\u00e7\u00e3o acess\u00edvel.","robots":{"index":"index","follow":"follow","max-snippet":"max-snippet:-1","max-image-preview":"max-image-preview:large","max-video-preview":"max-video-preview:-1"},"canonical":"https:\/\/www.correiobraziliense.com.br\/cbradar\/a-cidade-que-une-a-forca-da-economia-do-petroleo-com-a-riqueza-cultural-surpreendendo-pela-educacao-acessivel-a-17-km-do-rio\/","og_locale":"pt_BR","og_type":"article","og_title":"A cidade que une a for\u00e7a da economia do petr\u00f3leo com a riqueza cultural surpreendendo pela educa\u00e7\u00e3o acess\u00edvel a 17 km do Rio - Correio Braziliense - Radar","og_description":"A apenas 17 km do Rio de Janeiro, essa cidade combina a for\u00e7a da economia do petr\u00f3leo com cultura rica e educa\u00e7\u00e3o acess\u00edvel.","og_url":"https:\/\/www.correiobraziliense.com.br\/cbradar\/a-cidade-que-une-a-forca-da-economia-do-petroleo-com-a-riqueza-cultural-surpreendendo-pela-educacao-acessivel-a-17-km-do-rio\/","og_site_name":"Correio Braziliense - Radar","article_published_time":"2026-03-17T22:15:00+00:00","og_image":[{"width":1280,"height":720,"url":"https:\/\/www.correiobraziliense.com.br\/cbradar\/wp-content\/uploads\/2026\/02\/aaa-2026-02-16T052934.582.png","type":"image\/png"}],"author":"Maura Pereira","twitter_card":"summary_large_image","twitter_misc":{"Escrito por":"Maura Pereira","Est. tempo de leitura":"7 minutos"},"schema":{"@context":"https:\/\/schema.org","@graph":[{"@type":"WebPage","@id":"https:\/\/www.correiobraziliense.com.br\/cbradar\/a-cidade-que-une-a-forca-da-economia-do-petroleo-com-a-riqueza-cultural-surpreendendo-pela-educacao-acessivel-a-17-km-do-rio\/","url":"https:\/\/www.correiobraziliense.com.br\/cbradar\/a-cidade-que-une-a-forca-da-economia-do-petroleo-com-a-riqueza-cultural-surpreendendo-pela-educacao-acessivel-a-17-km-do-rio\/","name":"A cidade que une a for\u00e7a da economia do petr\u00f3leo com a riqueza cultural surpreendendo pela educa\u00e7\u00e3o acess\u00edvel a 17 km do Rio - Correio Braziliense - Radar","isPartOf":{"@id":"https:\/\/www.correiobraziliense.com.br\/cbradar\/#website"},"primaryImageOfPage":{"@id":"https:\/\/www.correiobraziliense.com.br\/cbradar\/a-cidade-que-une-a-forca-da-economia-do-petroleo-com-a-riqueza-cultural-surpreendendo-pela-educacao-acessivel-a-17-km-do-rio\/#primaryimage"},"image":{"@id":"https:\/\/www.correiobraziliense.com.br\/cbradar\/a-cidade-que-une-a-forca-da-economia-do-petroleo-com-a-riqueza-cultural-surpreendendo-pela-educacao-acessivel-a-17-km-do-rio\/#primaryimage"},"thumbnailUrl":"https:\/\/www.correiobraziliense.com.br\/cbradar\/wp-content\/uploads\/2026\/02\/aaa-2026-02-16T052934.582.png","datePublished":"2026-03-17T22:15:00+00:00","author":{"@id":"https:\/\/www.correiobraziliense.com.br\/cbradar\/#\/schema\/person\/4053c651a9bfc785afc6f4cbc9032fd3"},"description":"A apenas 17 km do Rio de Janeiro, essa cidade combina a for\u00e7a da economia do petr\u00f3leo com cultura rica e educa\u00e7\u00e3o acess\u00edvel.","breadcrumb":{"@id":"https:\/\/www.correiobraziliense.com.br\/cbradar\/a-cidade-que-une-a-forca-da-economia-do-petroleo-com-a-riqueza-cultural-surpreendendo-pela-educacao-acessivel-a-17-km-do-rio\/#breadcrumb"},"inLanguage":"pt-BR","potentialAction":[{"@type":"ReadAction","target":["https:\/\/www.correiobraziliense.com.br\/cbradar\/a-cidade-que-une-a-forca-da-economia-do-petroleo-com-a-riqueza-cultural-surpreendendo-pela-educacao-acessivel-a-17-km-do-rio\/"]}]},{"@type":"ImageObject","inLanguage":"pt-BR","@id":"https:\/\/www.correiobraziliense.com.br\/cbradar\/a-cidade-que-une-a-forca-da-economia-do-petroleo-com-a-riqueza-cultural-surpreendendo-pela-educacao-acessivel-a-17-km-do-rio\/#primaryimage","url":"https:\/\/www.correiobraziliense.com.br\/cbradar\/wp-content\/uploads\/2026\/02\/aaa-2026-02-16T052934.582.png","contentUrl":"https:\/\/www.correiobraziliense.com.br\/cbradar\/wp-content\/uploads\/2026\/02\/aaa-2026-02-16T052934.582.png","width":1280,"height":720,"caption":"Duque de Caxias oferece uma imers\u00e3o na cultura aut\u00eantica da Baixada e na hist\u00f3ria do Brasil. \/ Imagem ilustrativa"},{"@type":"BreadcrumbList","@id":"https:\/\/www.correiobraziliense.com.br\/cbradar\/a-cidade-que-une-a-forca-da-economia-do-petroleo-com-a-riqueza-cultural-surpreendendo-pela-educacao-acessivel-a-17-km-do-rio\/#breadcrumb","itemListElement":[{"@type":"ListItem","position":1,"name":"In\u00edcio","item":"https:\/\/www.correiobraziliense.com.br\/cbradar\/"},{"@type":"ListItem","position":2,"name":"A cidade que une a for\u00e7a da economia do petr\u00f3leo com a riqueza cultural surpreendendo pela educa\u00e7\u00e3o acess\u00edvel a 17 km do Rio"}]},{"@type":"WebSite","@id":"https:\/\/www.correiobraziliense.com.br\/cbradar\/#website","url":"https:\/\/www.correiobraziliense.com.br\/cbradar\/","name":"Correio Braziliense - Radar","description":"Acompanhe as \u00faltimas not\u00edcias e fique bem informado sobre tudo o que acontece no Brasil e no mundo.","potentialAction":[{"@type":"SearchAction","target":{"@type":"EntryPoint","urlTemplate":"https:\/\/www.correiobraziliense.com.br\/cbradar\/?s={search_term_string}"},"query-input":{"@type":"PropertyValueSpecification","valueRequired":true,"valueName":"search_term_string"}}],"inLanguage":"pt-BR"},{"@type":"Person","@id":"https:\/\/www.correiobraziliense.com.br\/cbradar\/#\/schema\/person\/4053c651a9bfc785afc6f4cbc9032fd3","name":"Maura Pereira","image":{"@type":"ImageObject","inLanguage":"pt-BR","@id":"https:\/\/www.correiobraziliense.com.br\/cbradar\/#\/schema\/person\/image\/","url":"https:\/\/secure.gravatar.com\/avatar\/3effd6bdadfa447f15089c7f7144eaa6?s=96&d=mm&r=g","contentUrl":"https:\/\/secure.gravatar.com\/avatar\/3effd6bdadfa447f15089c7f7144eaa6?s=96&d=mm&r=g","caption":"Maura Pereira"},"sameAs":["https:\/\/www.correiobraziliense.com.br\/"],"url":"https:\/\/www.correiobraziliense.com.br\/cbradar\/author\/mauramyth\/"}]}},"_links":{"self":[{"href":"https:\/\/www.correiobraziliense.com.br\/cbradar\/wp-json\/wp\/v2\/posts\/209631","targetHints":{"allow":["GET"]}}],"collection":[{"href":"https:\/\/www.correiobraziliense.com.br\/cbradar\/wp-json\/wp\/v2\/posts"}],"about":[{"href":"https:\/\/www.correiobraziliense.com.br\/cbradar\/wp-json\/wp\/v2\/types\/post"}],"author":[{"embeddable":true,"href":"https:\/\/www.correiobraziliense.com.br\/cbradar\/wp-json\/wp\/v2\/users\/8"}],"replies":[{"embeddable":true,"href":"https:\/\/www.correiobraziliense.com.br\/cbradar\/wp-json\/wp\/v2\/comments?post=209631"}],"version-history":[{"count":10,"href":"https:\/\/www.correiobraziliense.com.br\/cbradar\/wp-json\/wp\/v2\/posts\/209631\/revisions"}],"predecessor-version":[{"id":209953,"href":"https:\/\/www.correiobraziliense.com.br\/cbradar\/wp-json\/wp\/v2\/posts\/209631\/revisions\/209953"}],"wp:featuredmedia":[{"embeddable":true,"href":"https:\/\/www.correiobraziliense.com.br\/cbradar\/wp-json\/wp\/v2\/media\/194511"}],"wp:attachment":[{"href":"https:\/\/www.correiobraziliense.com.br\/cbradar\/wp-json\/wp\/v2\/media?parent=209631"}],"wp:term":[{"taxonomy":"category","embeddable":true,"href":"https:\/\/www.correiobraziliense.com.br\/cbradar\/wp-json\/wp\/v2\/categories?post=209631"},{"taxonomy":"post_tag","embeddable":true,"href":"https:\/\/www.correiobraziliense.com.br\/cbradar\/wp-json\/wp\/v2\/tags?post=209631"}],"curies":[{"name":"wp","href":"https:\/\/api.w.org\/{rel}","templated":true}]}}