{"id":209632,"date":"2026-03-17T21:05:00","date_gmt":"2026-03-18T00:05:00","guid":{"rendered":"https:\/\/www.correiobraziliense.com.br\/cbradar\/?p=209632"},"modified":"2026-03-17T02:36:41","modified_gmt":"2026-03-17T05:36:41","slug":"a-terra-de-gigantes-guarda-dinossauros-de-80-milhoes-de-anos-e-atrai-mineiros-pela-qualidade-de-vida","status":"publish","type":"post","link":"https:\/\/www.correiobraziliense.com.br\/cbradar\/a-terra-de-gigantes-guarda-dinossauros-de-80-milhoes-de-anos-e-atrai-mineiros-pela-qualidade-de-vida\/","title":{"rendered":"A &#8220;Terra de Gigantes&#8221; guarda dinossauros de 80 milh\u00f5es de anos e atrai mineiros pela qualidade de vida"},"content":{"rendered":"\n<p>Em <strong>2024<\/strong>, <strong>Uberaba<\/strong>, tamb\u00e9m apelidada de &#8220;Terra de Gigantes&#8221;, se tornou o primeiro <strong>Geoparque Mundial da UNESCO<\/strong> do Sudeste brasileiro. O selo reconhece tr\u00eas pilares que fazem desta cidade do <strong>Tri\u00e2ngulo Mineiro<\/strong> um caso \u00fanico no mapa: f\u00f3sseis do Cret\u00e1ceo Superior, a capital mundial da gen\u00e9tica zebu\u00edna e o lugar onde o m\u00e9dium <strong>Chico Xavier<\/strong> viveu por mais de quatro d\u00e9cadas.<\/p>\n\n\n\n<h2 class=\"wp-block-heading\">Da Estrada Real \u00e0 capital do Zebu<\/h2>\n\n\n\n<p>A regi\u00e3o come\u00e7ou a ser ocupada por volta de 1810, quando <strong>Ant\u00f4nio Eust\u00e1quio da Silva Oliveira<\/strong> liderou expedi\u00e7\u00f5es pelo sert\u00e3o do Tri\u00e2ngulo. Por Uberaba passava um trecho da <strong>Estrada Real<\/strong>, caminho que ligava <strong>Minas Gerais<\/strong> a <strong>Goi\u00e1s<\/strong> e <strong>S\u00e3o Paulo<\/strong>. O arraial virou munic\u00edpio em <strong>1836<\/strong> e cidade em <strong>1856<\/strong>.<\/p>\n\n\n\n<p>A virada veio em 1889, com a chegada da <strong>Companhia Mogiana de Estradas de Ferro<\/strong>. A ferrovia facilitou a imigra\u00e7\u00e3o europeia e, principalmente, a importa\u00e7\u00e3o de gado zebu\u00edno da <strong>\u00cdndia<\/strong>. Em 1919 surgiu o primeiro registro geneal\u00f3gico de ra\u00e7as zebu\u00ednas do mundo, embri\u00e3o da <strong>Associa\u00e7\u00e3o Brasileira dos Criadores de Zebu (<a href=\"https:\/\/www.abcz.org.br\/a-abcz\/historia\" target=\"_blank\" rel=\"noreferrer noopener\">ABCZ<\/a>)<\/strong>, fundada oficialmente em 1967 e at\u00e9 hoje sediada em Uberaba.<\/p>\n\n\n<div class=\"wp-block-image\">\n<figure class=\"aligncenter size-large\"><img decoding=\"async\" width=\"1024\" height=\"576\" src=\"https:\/\/www.correiobraziliense.com.br\/cbradar\/wp-content\/uploads\/2025\/06\/Uberaba_1749632540693-1024x576.jpg\" alt=\"Uma cidade mineira se tornou um sonho nacional para viver bem com condi\u00e7\u00f5es de vida realmente acima da m\u00e9dia\" class=\"wp-image-51649\" srcset=\"https:\/\/www.correiobraziliense.com.br\/cbradar\/wp-content\/uploads\/2025\/06\/Uberaba_1749632540693-1024x576.jpg 1024w, https:\/\/www.correiobraziliense.com.br\/cbradar\/wp-content\/uploads\/2025\/06\/Uberaba_1749632540693-300x169.jpg 300w, https:\/\/www.correiobraziliense.com.br\/cbradar\/wp-content\/uploads\/2025\/06\/Uberaba_1749632540693-768x432.jpg 768w, https:\/\/www.correiobraziliense.com.br\/cbradar\/wp-content\/uploads\/2025\/06\/Uberaba_1749632540693-750x422.jpg 750w, https:\/\/www.correiobraziliense.com.br\/cbradar\/wp-content\/uploads\/2025\/06\/Uberaba_1749632540693-1140x641.jpg 1140w, https:\/\/www.correiobraziliense.com.br\/cbradar\/wp-content\/uploads\/2025\/06\/Uberaba_1749632540693.jpg 1280w\" sizes=\"(max-width: 1024px) 100vw, 1024px\" \/><figcaption class=\"wp-element-caption\">Explore Uberaba, MG, terra do gigante Zebu e rica em cultura, hist\u00f3ria e natureza vibrante. \/\/ Cr\u00e9ditos: depositphotos.com \/ GersonFortes<\/figcaption><\/figure><\/div>\n\n\n<h2 class=\"wp-block-heading\">Como \u00e9 morar na Terra de Gigantes?<\/h2>\n\n\n\n<p>Uberaba re\u00fane cerca de 337 mil habitantes (Censo 2022) e registra PIB per capita de R$ 59.943, segundo o <a href=\"https:\/\/www.ibge.gov.br\/cidades-e-estados\/mg\/uberaba.html\" target=\"_blank\" rel=\"noreferrer noopener\"><strong>IBGE<\/strong><\/a>. A economia se apoia em tr\u00eas frentes: pecu\u00e1ria de elite, ind\u00fastria de fertilizantes fosfatados e um setor de servi\u00e7os em expans\u00e3o. A <strong>ExpoZebu<\/strong>, realizada desde 1935, \u00e9 a maior feira de gado zebu\u00edno do mundo e movimenta a hotelaria e o com\u00e9rcio entre abril e maio.<\/p>\n\n\n\n<p>A cidade funciona como um centro log\u00edstico para todo o Tri\u00e2ngulo, cortada por rodovias federais e servida pelo <strong>Aeroporto M\u00e1rio de Almeida Franco<\/strong>, com voos para <strong>Belo Horizonte<\/strong> e <strong>S\u00e3o Paulo<\/strong>. A <strong>Universidade Federal do Tri\u00e2ngulo Mineiro (UFTM)<\/strong> e a <strong>Universidade de Uberaba (Uniube)<\/strong> mant\u00eam a cidade jovem e qualificam a m\u00e3o de obra local. Uberaba \u00e9 uma das poucas cidades do interior mineiro com 97,2% de esgotamento sanit\u00e1rio adequado.<\/p>\n\n\n\n<p><strong>Conhecida como a capital do Zebu, Uberaba \u00e9 um importante polo econ\u00f4mico e cultural no Tri\u00e2ngulo Mineiro.<\/strong> O v\u00eddeo \u00e9 do canal <strong>Cidades do Interior<\/strong>, refer\u00eancia com <strong>60 mil<\/strong> inscritos, e detalha a economia rural, a educa\u00e7\u00e3o de alto n\u00edvel com a UFTM e pontos tur\u00edsticos como o Museu dos Dinossauros:<\/p>\n\n\n\n<figure class=\"wp-block-embed aligncenter is-type-video is-provider-youtube wp-block-embed-youtube wp-embed-aspect-16-9 wp-has-aspect-ratio\"><div class=\"wp-block-embed__wrapper\">\n<div class=\"jeg_video_container jeg_video_content\"><iframe loading=\"lazy\" title=\"UBERABA MG - Uma das melhores cidades de Minas Gerais para viver !\" width=\"500\" height=\"281\" src=\"https:\/\/www.youtube.com\/embed\/pV1Fy_pzXhc?feature=oembed\" frameborder=\"0\" allow=\"accelerometer; autoplay; clipboard-write; encrypted-media; gyroscope; picture-in-picture; web-share\" referrerpolicy=\"strict-origin-when-cross-origin\" allowfullscreen><\/iframe><\/div>\n<\/div><\/figure>\n\n\n\n<h2 class=\"wp-block-heading\">O que conhecer entre f\u00f3sseis e vinhedos?<\/h2>\n\n\n\n<p><strong>O Geoparque integra 31 geoss\u00edtios espalhados pelo munic\u00edpio.<\/strong> Combinados ao patrim\u00f4nio religioso e \u00e0 cultura pecu\u00e1ria, formam um roteiro que vai de 80 milh\u00f5es de anos atr\u00e1s at\u00e9 a mesa de um Mercado Municipal bem mineiro.<\/p>\n\n\n\n<ul class=\"wp-block-list\">\n<li><strong>Museu dos Dinossauros (Peir\u00f3polis)<\/strong>: mais de 4 mil pe\u00e7as catalogadas, incluindo r\u00e9plica do <strong>Uberabatitan ribeiroi<\/strong>, o maior dinossauro j\u00e1 encontrado no <strong>Brasil<\/strong>, com 27 metros de comprimento. Ali foi descoberto o primeiro ovo de dinossauro da <strong>Am\u00e9rica do Sul<\/strong>.<\/li>\n\n\n\n<li><strong>Memorial Chico Xavier<\/strong>: integrado ao <strong>Parque Municipal Mata do Carrinho<\/strong> (135 mil m\u00b2 de mata nativa), conta a trajet\u00f3ria do m\u00e9dium que viveu em Uberaba de 1959 at\u00e9 seu falecimento em 2002.<\/li>\n\n\n\n<li><strong>Parque Fernando Costa e Museu do Zebu<\/strong>: sede da ABCZ, com exposi\u00e7\u00f5es interativas sobre a hist\u00f3ria das ra\u00e7as zebu\u00ednas e seu impacto na pecu\u00e1ria mundial.<\/li>\n\n\n\n<li><strong>Igreja de S\u00e3o Domingos<\/strong>: conclu\u00edda em 1904, com interior ricamente decorado, no centro hist\u00f3rico.<\/li>\n\n\n\n<li><strong>Mercado Municipal<\/strong>: ponto de encontro para provar queijos, doces, cacha\u00e7as artesanais e o tradicional p\u00e3o de queijo mineiro.<\/li>\n<\/ul>\n\n\n<div class=\"wp-block-image\">\n<figure class=\"aligncenter size-large\"><img decoding=\"async\" width=\"1024\" height=\"576\" src=\"https:\/\/www.correiobraziliense.com.br\/cbradar\/wp-content\/uploads\/2025\/06\/Uberaba_1749632617335-1024x576.jpg\" alt=\"Do solo dos dinossauros \u00e0 ci\u00eancia moderna, uma cidade de Minas Gerais a 480 km de BH virou refer\u00eancia nacional em qualidade de vida\" class=\"wp-image-51651\" srcset=\"https:\/\/www.correiobraziliense.com.br\/cbradar\/wp-content\/uploads\/2025\/06\/Uberaba_1749632617335-1024x576.jpg 1024w, https:\/\/www.correiobraziliense.com.br\/cbradar\/wp-content\/uploads\/2025\/06\/Uberaba_1749632617335-300x169.jpg 300w, https:\/\/www.correiobraziliense.com.br\/cbradar\/wp-content\/uploads\/2025\/06\/Uberaba_1749632617335-768x432.jpg 768w, https:\/\/www.correiobraziliense.com.br\/cbradar\/wp-content\/uploads\/2025\/06\/Uberaba_1749632617335-750x422.jpg 750w, https:\/\/www.correiobraziliense.com.br\/cbradar\/wp-content\/uploads\/2025\/06\/Uberaba_1749632617335-1140x641.jpg 1140w, https:\/\/www.correiobraziliense.com.br\/cbradar\/wp-content\/uploads\/2025\/06\/Uberaba_1749632617335.jpg 1280w\" sizes=\"(max-width: 1024px) 100vw, 1024px\" \/><figcaption class=\"wp-element-caption\">Uberaba \u00e9 refer\u00eancia em eventos agropecu\u00e1rios, turismo cultural e crescimento econ\u00f4mico sustent\u00e1vel. \/\/ Cr\u00e9ditos: depositphotos.com \/ paulobaqueta<\/figcaption><\/figure><\/div>\n\n\n<h2 class=\"wp-block-heading\">Mesa mineira com tempero de Tri\u00e2ngulo<\/h2>\n\n\n\n<p>A culin\u00e1ria de Uberaba carrega a fartura do interior de Minas e a influ\u00eancia do agroneg\u00f3cio que sustenta a cidade. Restaurantes e lanchonetes do centro servem pratos que misturam tradi\u00e7\u00e3o caipira com ingredientes locais de alta qualidade.<\/p>\n\n\n\n<ul class=\"wp-block-list\">\n<li><strong>P\u00e3o de queijo e feij\u00e3o tropeiro<\/strong>: presentes em qualquer mesa uberabense, do caf\u00e9 da manh\u00e3 ao almo\u00e7o de domingo.<\/li>\n\n\n\n<li><strong>Churrasco de picanha zebu\u00edna<\/strong>: a carne produzida na regi\u00e3o aparece nos card\u00e1pios locais com orgulho e proced\u00eancia.<\/li>\n\n\n\n<li><strong>Doces de leite e goiabada<\/strong>: fabricados artesanalmente e vendidos no Mercado Municipal e nas feiras da cidade.<\/li>\n\n\n\n<li><strong>Cacha\u00e7a mineira<\/strong>: produzida em alambiques dos arredores, presen\u00e7a obrigat\u00f3ria nas prateleiras do Mercado.<\/li>\n<\/ul>\n\n\n\n<h2 class=\"wp-block-heading\">Quando o clima favorece cada tipo de passeio?<\/h2>\n\n\n\n<p><strong>O clima tropical de altitude traz ver\u00f5es quentes e chuvosos e invernos secos com noites frescas. <\/strong>O per\u00edodo seco \u00e9 ideal para visitar os geoss\u00edtios ao ar livre.<\/p>\n\n\n\n<div class=\"google-auto-ads-ignore\" style=\"font-family: 'Segoe UI', Roboto, -apple-system, sans-serif; max-width: 850px; margin: 20px auto; box-sizing: border-box; background-color: #ffffff; -webkit-font-smoothing: antialiased; text-rendering: optimizeLegibility;\">\n    \n    <div style=\"background: #fffcfc; border-radius: 20px; overflow: hidden; border: 1px solid #bae6fd; display: flex; flex-direction: column; box-shadow: 0 4px 15px rgba(2, 132, 199, 0.05);\">\n        \n        <div style=\"background: linear-gradient(135deg, #38bdf8 0%, #0284c7 100%); padding: 20px 30px; text-align: left;\">\n            <div style=\"font-size: 24px; font-weight: 800; color: #ffffff; letter-spacing: -0.5px; line-height: 1.2;\">\n                Sazonalidade e condi\u00e7\u00f5es para atividades em Uberaba\n            <\/div>\n            <div style=\"font-size: 14px; color: #e0f2fe; margin-top: 4px; font-weight: 500; opacity: 0.9;\">\n                An\u00e1lise clim\u00e1tica detalhada para planejamento de roteiros urbanos, geol\u00f3gicos e eventos agropecu\u00e1rios no Tri\u00e2ngulo Mineiro\n            <\/div>\n        <\/div>\n\n        <div style=\"padding: 15px;\">\n            <div style=\"display: grid; width: 100%; grid-template-columns: 1fr 0.9fr 1.1fr 0.9fr 2fr; gap: 1px; background-color: #7dd3fc; border-radius: 12px; border: 1px solid #7dd3fc; overflow: hidden;\">\n                \n                <div style=\"background: #f0f9ff; padding: 10px; font-weight: 800; font-size: 11px; text-transform: uppercase; color: #0c4a6e; text-align: center;\">Esta\u00e7\u00e3o<\/div>\n                <div style=\"background: #f0f9ff; padding: 10px; font-weight: 800; font-size: 11px; text-transform: uppercase; color: #0c4a6e; text-align: center;\">Meses<\/div>\n                <div style=\"background: #f0f9ff; padding: 10px; font-weight: 800; font-size: 11px; text-transform: uppercase; color: #0c4a6e; text-align: center;\">Temperatura<\/div>\n                <div style=\"background: #f0f9ff; padding: 10px; font-weight: 800; font-size: 11px; text-transform: uppercase; color: #0c4a6e; text-align: center;\">Chuva<\/div>\n                <div style=\"background: #f0f9ff; padding: 10px; font-weight: 800; font-size: 11px; text-transform: uppercase; color: #0c4a6e; text-align: center;\">O que fazer<\/div>\n\n                <div style=\"background: #ffffff; padding: 12px; font-weight: 800; color: #0284c7; font-size: 14px; display: flex; align-items: center; justify-content: center; gap: 5px;\">\u2600\ufe0f Ver\u00e3o<\/div>\n                <div style=\"background: #ffffff; padding: 12px; font-size: 13px; color: #1e293b; font-weight: 600; display: flex; align-items: center; justify-content: center;\">Out-Mar<\/div>\n                <div style=\"background: #ffffff; padding: 12px; display: flex; align-items: center; justify-content: center; gap: 6px;\">\n                    <span style=\"font-size: 13px; font-weight: 700; color: #1e293b;\">20-33 \u00b0C<\/span>\n                <\/div>\n                <div style=\"background: #ffffff; padding: 12px; font-size: 13px; color: #4b5563; font-weight: 600; display: flex; align-items: center; justify-content: center;\">Alta<\/div>\n                <div style=\"background: #ffffff; padding: 12px; font-size: 13px; line-height: 1.4; color: #1e293b; display: flex; align-items: center;\">Parques urbanos e o tradicional Mercado Municipal.<\/div>\n\n                <div style=\"background: #f8fafc; padding: 12px; font-weight: 800; color: #0284c7; font-size: 14px; display: flex; align-items: center; justify-content: center; gap: 5px;\">\u26f0\ufe0f Inverno<\/div>\n                <div style=\"background: #f8fafc; padding: 12px; font-size: 13px; color: #1e293b; font-weight: 600; display: flex; align-items: center; justify-content: center;\">Abr-Set<\/div>\n                <div style=\"background: #f8fafc; padding: 12px; display: flex; align-items: center; justify-content: center; gap: 6px;\">\n                    <span style=\"font-size: 13px; font-weight: 700; color: #1e293b;\">12-28 \u00b0C<\/span>\n                <\/div>\n                <div style=\"background: #f8fafc; padding: 12px; font-size: 13px; color: #4b5563; font-weight: 600; display: flex; align-items: center; justify-content: center;\">Baixa<\/div>\n                <div style=\"background: #f8fafc; padding: 12px; font-size: 13px; line-height: 1.4; color: #1e293b; display: flex; align-items: center;\">Explorar Geoss\u00edtios, vivenciar a ExpoZebu (abril-maio) e visitar museus hist\u00f3ricos.<\/div>\n            <\/div>\n        <\/div>\n\n        <div style=\"padding: 10px 30px; background: #f0f9ff; border-top: 1px solid #bae6fd; font-size: 12px; color: #0c4a6e; font-style: italic; display: flex; align-items: center; gap: 8px; font-weight: 600;\">\n            <div style=\"min-width: 6px; height: 6px; background: #0284c7; border-radius: 50%;\"><\/div>\n            Dica: O inverno \u00e9 o per\u00edodo mais seco e agrad\u00e1vel para explorar os geoss\u00edtios do Projeto Geoparque Uberaba e participar da ExpoZebu sem o calor excessivo do ver\u00e3o.\n        <\/div>\n        \n    <\/div>\n<\/div>\n\n\n\n<p><em>Temperaturas aproximadas com base no <a href=\"https:\/\/www.climatempo.com.br\/previsao-do-tempo\/cidade\/226\/uberaba-mg\" target=\"_blank\" rel=\"noreferrer noopener\"><strong>Climatempo<\/strong><\/a>. Condi\u00e7\u00f5es podem variar.<\/em><\/p>\n\n\n\n<h2 class=\"wp-block-heading\">Como chegar ao cora\u00e7\u00e3o do Tri\u00e2ngulo Mineiro?<\/h2>\n\n\n\n<p>Uberaba fica a 481 km de <strong>Belo Horizonte<\/strong> pela <strong>BR-262<\/strong> e a 480 km de <strong>S\u00e3o Paulo<\/strong> pela <strong>SP-330 (Anhanguera)<\/strong>. O <strong>Aeroporto M\u00e1rio de Almeida Franco<\/strong> opera voos regulares para as duas capitais. De <strong>Uberl\u00e2ndia<\/strong>, a vizinha mais conhecida do Tri\u00e2ngulo, s\u00e3o apenas 108 km pela <strong>BR-050<\/strong>.<\/p>\n\n\n\n<p><strong>Leia tamb\u00e9m: <a href=\"https:\/\/www.correiobraziliense.com.br\/cbradar\/uma-pequena-italia-no-interior-do-sul-com-2-600-moradores-e-a-maior-produtora-de-uvas-preserva-tradicoes-e-encanta-turistas\/\" target=\"_blank\" rel=\"noreferrer noopener\">Uma pequena It\u00e1lia no interior do Sul com 2.600 moradores \u00e9 a maior produtora de uvas, preserva tradi\u00e7\u00f5es e encanta turistas.<\/a><\/strong><\/p>\n\n\n\n<h2 class=\"wp-block-heading\">A cidade onde tr\u00eas mundos se encontram<\/h2>\n\n\n\n<p>Uberaba re\u00fane em um s\u00f3 territ\u00f3rio f\u00f3sseis de 80 milh\u00f5es de anos, a gen\u00e9tica bovina mais avan\u00e7ada do planeta e a mem\u00f3ria do maior l\u00edder esp\u00edrita brasileiro. S\u00e3o camadas de hist\u00f3ria que se sobrep\u00f5em como os estratos geol\u00f3gicos de Peir\u00f3polis, cada uma revelando algo surpreendente sobre este peda\u00e7o do Tri\u00e2ngulo Mineiro.<\/p>\n\n\n\n<p>Voc\u00ea precisa pisar no solo onde dinossauros andaram, provar um p\u00e3o de queijo no Mercado Municipal e entender por que Uberaba conquistou um selo que apenas 213 cidades no mundo carregam.<\/p>\n","protected":false},"excerpt":{"rendered":"<p>Em 2024, Uberaba, tamb\u00e9m apelidada de &#8220;Terra de Gigantes&#8221;, se tornou o primeiro Geoparque Mundial da UNESCO do Sudeste brasileiro. O selo reconhece tr\u00eas pilares que fazem desta cidade do Tri\u00e2ngulo Mineiro um caso \u00fanico no mapa: f\u00f3sseis do Cret\u00e1ceo Superior, a capital mundial da gen\u00e9tica zebu\u00edna e o lugar onde o m\u00e9dium Chico Xavier [&hellip;]<\/p>\n","protected":false},"author":8,"featured_media":178901,"comment_status":"open","ping_status":"open","sticky":false,"template":"","format":"standard","meta":{"_yoast_wpseo_focuskw":"Terra de Gigantes","_yoast_wpseo_title":"","_yoast_wpseo_metadesc":"Conhecida como Terra de Gigantes, a cidade mineira abriga f\u00f3sseis de 80 milh\u00f5es de anos e se destaca pela qualidade de vida.","jnews-multi-image_gallery":[],"jnews_single_post":{"format":"standard"},"jnews_primary_category":[],"jnews_social_meta":[],"jnews_override_counter":[],"footnotes":""},"categories":[108,111],"tags":[388,4252],"class_list":["post-209632","post","type-post","status-publish","format-standard","has-post-thumbnail","hentry","category-cidades","category-turismo","tag-minas-gerais","tag-uberaba"],"yoast_head":"<!-- This site is optimized with the Yoast SEO plugin v24.6 - https:\/\/yoast.com\/wordpress\/plugins\/seo\/ -->\n<title>A &quot;Terra de Gigantes&quot; guarda dinossauros de 80 milh\u00f5es de anos e atrai mineiros pela qualidade de vida - Correio Braziliense - Radar<\/title>\n<meta name=\"description\" content=\"Conhecida como Terra de Gigantes, a cidade mineira abriga f\u00f3sseis de 80 milh\u00f5es de anos e se destaca pela qualidade de vida.\" \/>\n<meta name=\"robots\" content=\"index, follow, max-snippet:-1, max-image-preview:large, max-video-preview:-1\" \/>\n<link rel=\"canonical\" href=\"https:\/\/www.correiobraziliense.com.br\/cbradar\/a-terra-de-gigantes-guarda-dinossauros-de-80-milhoes-de-anos-e-atrai-mineiros-pela-qualidade-de-vida\/\" \/>\n<meta property=\"og:locale\" content=\"pt_BR\" \/>\n<meta property=\"og:type\" content=\"article\" \/>\n<meta property=\"og:title\" content=\"A &quot;Terra de Gigantes&quot; guarda dinossauros de 80 milh\u00f5es de anos e atrai mineiros pela qualidade de vida - Correio Braziliense - Radar\" \/>\n<meta property=\"og:description\" content=\"Conhecida como Terra de Gigantes, a cidade mineira abriga f\u00f3sseis de 80 milh\u00f5es de anos e se destaca pela qualidade de vida.\" \/>\n<meta property=\"og:url\" content=\"https:\/\/www.correiobraziliense.com.br\/cbradar\/a-terra-de-gigantes-guarda-dinossauros-de-80-milhoes-de-anos-e-atrai-mineiros-pela-qualidade-de-vida\/\" \/>\n<meta property=\"og:site_name\" content=\"Correio Braziliense - Radar\" \/>\n<meta property=\"article:published_time\" content=\"2026-03-18T00:05:00+00:00\" \/>\n<meta property=\"og:image\" content=\"https:\/\/www.correiobraziliense.com.br\/cbradar\/wp-content\/uploads\/2026\/01\/aaa-2026-01-21T000856.989.png\" \/>\n\t<meta property=\"og:image:width\" content=\"1280\" \/>\n\t<meta property=\"og:image:height\" content=\"720\" \/>\n\t<meta property=\"og:image:type\" content=\"image\/png\" \/>\n<meta name=\"author\" content=\"Maura Pereira\" \/>\n<meta name=\"twitter:card\" content=\"summary_large_image\" \/>\n<meta name=\"twitter:label1\" content=\"Escrito por\" \/>\n\t<meta name=\"twitter:data1\" content=\"Maura Pereira\" \/>\n\t<meta name=\"twitter:label2\" content=\"Est. tempo de leitura\" \/>\n\t<meta name=\"twitter:data2\" content=\"6 minutos\" \/>\n<!-- \/ Yoast SEO plugin. -->","yoast_head_json":{"title":"A \"Terra de Gigantes\" guarda dinossauros de 80 milh\u00f5es de anos e atrai mineiros pela qualidade de vida - Correio Braziliense - Radar","description":"Conhecida como Terra de Gigantes, a cidade mineira abriga f\u00f3sseis de 80 milh\u00f5es de anos e se destaca pela qualidade de vida.","robots":{"index":"index","follow":"follow","max-snippet":"max-snippet:-1","max-image-preview":"max-image-preview:large","max-video-preview":"max-video-preview:-1"},"canonical":"https:\/\/www.correiobraziliense.com.br\/cbradar\/a-terra-de-gigantes-guarda-dinossauros-de-80-milhoes-de-anos-e-atrai-mineiros-pela-qualidade-de-vida\/","og_locale":"pt_BR","og_type":"article","og_title":"A \"Terra de Gigantes\" guarda dinossauros de 80 milh\u00f5es de anos e atrai mineiros pela qualidade de vida - Correio Braziliense - Radar","og_description":"Conhecida como Terra de Gigantes, a cidade mineira abriga f\u00f3sseis de 80 milh\u00f5es de anos e se destaca pela qualidade de vida.","og_url":"https:\/\/www.correiobraziliense.com.br\/cbradar\/a-terra-de-gigantes-guarda-dinossauros-de-80-milhoes-de-anos-e-atrai-mineiros-pela-qualidade-de-vida\/","og_site_name":"Correio Braziliense - Radar","article_published_time":"2026-03-18T00:05:00+00:00","og_image":[{"width":1280,"height":720,"url":"https:\/\/www.correiobraziliense.com.br\/cbradar\/wp-content\/uploads\/2026\/01\/aaa-2026-01-21T000856.989.png","type":"image\/png"}],"author":"Maura Pereira","twitter_card":"summary_large_image","twitter_misc":{"Escrito por":"Maura Pereira","Est. tempo de leitura":"6 minutos"},"schema":{"@context":"https:\/\/schema.org","@graph":[{"@type":"WebPage","@id":"https:\/\/www.correiobraziliense.com.br\/cbradar\/a-terra-de-gigantes-guarda-dinossauros-de-80-milhoes-de-anos-e-atrai-mineiros-pela-qualidade-de-vida\/","url":"https:\/\/www.correiobraziliense.com.br\/cbradar\/a-terra-de-gigantes-guarda-dinossauros-de-80-milhoes-de-anos-e-atrai-mineiros-pela-qualidade-de-vida\/","name":"A \"Terra de Gigantes\" guarda dinossauros de 80 milh\u00f5es de anos e atrai mineiros pela qualidade de vida - Correio Braziliense - Radar","isPartOf":{"@id":"https:\/\/www.correiobraziliense.com.br\/cbradar\/#website"},"primaryImageOfPage":{"@id":"https:\/\/www.correiobraziliense.com.br\/cbradar\/a-terra-de-gigantes-guarda-dinossauros-de-80-milhoes-de-anos-e-atrai-mineiros-pela-qualidade-de-vida\/#primaryimage"},"image":{"@id":"https:\/\/www.correiobraziliense.com.br\/cbradar\/a-terra-de-gigantes-guarda-dinossauros-de-80-milhoes-de-anos-e-atrai-mineiros-pela-qualidade-de-vida\/#primaryimage"},"thumbnailUrl":"https:\/\/www.correiobraziliense.com.br\/cbradar\/wp-content\/uploads\/2026\/01\/aaa-2026-01-21T000856.989.png","datePublished":"2026-03-18T00:05:00+00:00","author":{"@id":"https:\/\/www.correiobraziliense.com.br\/cbradar\/#\/schema\/person\/4053c651a9bfc785afc6f4cbc9032fd3"},"description":"Conhecida como Terra de Gigantes, a cidade mineira abriga f\u00f3sseis de 80 milh\u00f5es de anos e se destaca pela qualidade de vida.","breadcrumb":{"@id":"https:\/\/www.correiobraziliense.com.br\/cbradar\/a-terra-de-gigantes-guarda-dinossauros-de-80-milhoes-de-anos-e-atrai-mineiros-pela-qualidade-de-vida\/#breadcrumb"},"inLanguage":"pt-BR","potentialAction":[{"@type":"ReadAction","target":["https:\/\/www.correiobraziliense.com.br\/cbradar\/a-terra-de-gigantes-guarda-dinossauros-de-80-milhoes-de-anos-e-atrai-mineiros-pela-qualidade-de-vida\/"]}]},{"@type":"ImageObject","inLanguage":"pt-BR","@id":"https:\/\/www.correiobraziliense.com.br\/cbradar\/a-terra-de-gigantes-guarda-dinossauros-de-80-milhoes-de-anos-e-atrai-mineiros-pela-qualidade-de-vida\/#primaryimage","url":"https:\/\/www.correiobraziliense.com.br\/cbradar\/wp-content\/uploads\/2026\/01\/aaa-2026-01-21T000856.989.png","contentUrl":"https:\/\/www.correiobraziliense.com.br\/cbradar\/wp-content\/uploads\/2026\/01\/aaa-2026-01-21T000856.989.png","width":1280,"height":720,"caption":"O Geoparque Uberaba coloca a cidade no mapa mundial da paleontologia."},{"@type":"BreadcrumbList","@id":"https:\/\/www.correiobraziliense.com.br\/cbradar\/a-terra-de-gigantes-guarda-dinossauros-de-80-milhoes-de-anos-e-atrai-mineiros-pela-qualidade-de-vida\/#breadcrumb","itemListElement":[{"@type":"ListItem","position":1,"name":"In\u00edcio","item":"https:\/\/www.correiobraziliense.com.br\/cbradar\/"},{"@type":"ListItem","position":2,"name":"A &#8220;Terra de Gigantes&#8221; guarda dinossauros de 80 milh\u00f5es de anos e atrai mineiros pela qualidade de vida"}]},{"@type":"WebSite","@id":"https:\/\/www.correiobraziliense.com.br\/cbradar\/#website","url":"https:\/\/www.correiobraziliense.com.br\/cbradar\/","name":"Correio Braziliense - Radar","description":"Acompanhe as \u00faltimas not\u00edcias e fique bem informado sobre tudo o que acontece no Brasil e no mundo.","potentialAction":[{"@type":"SearchAction","target":{"@type":"EntryPoint","urlTemplate":"https:\/\/www.correiobraziliense.com.br\/cbradar\/?s={search_term_string}"},"query-input":{"@type":"PropertyValueSpecification","valueRequired":true,"valueName":"search_term_string"}}],"inLanguage":"pt-BR"},{"@type":"Person","@id":"https:\/\/www.correiobraziliense.com.br\/cbradar\/#\/schema\/person\/4053c651a9bfc785afc6f4cbc9032fd3","name":"Maura Pereira","image":{"@type":"ImageObject","inLanguage":"pt-BR","@id":"https:\/\/www.correiobraziliense.com.br\/cbradar\/#\/schema\/person\/image\/","url":"https:\/\/secure.gravatar.com\/avatar\/3effd6bdadfa447f15089c7f7144eaa6?s=96&d=mm&r=g","contentUrl":"https:\/\/secure.gravatar.com\/avatar\/3effd6bdadfa447f15089c7f7144eaa6?s=96&d=mm&r=g","caption":"Maura Pereira"},"sameAs":["https:\/\/www.correiobraziliense.com.br\/"],"url":"https:\/\/www.correiobraziliense.com.br\/cbradar\/author\/mauramyth\/"}]}},"_links":{"self":[{"href":"https:\/\/www.correiobraziliense.com.br\/cbradar\/wp-json\/wp\/v2\/posts\/209632","targetHints":{"allow":["GET"]}}],"collection":[{"href":"https:\/\/www.correiobraziliense.com.br\/cbradar\/wp-json\/wp\/v2\/posts"}],"about":[{"href":"https:\/\/www.correiobraziliense.com.br\/cbradar\/wp-json\/wp\/v2\/types\/post"}],"author":[{"embeddable":true,"href":"https:\/\/www.correiobraziliense.com.br\/cbradar\/wp-json\/wp\/v2\/users\/8"}],"replies":[{"embeddable":true,"href":"https:\/\/www.correiobraziliense.com.br\/cbradar\/wp-json\/wp\/v2\/comments?post=209632"}],"version-history":[{"count":8,"href":"https:\/\/www.correiobraziliense.com.br\/cbradar\/wp-json\/wp\/v2\/posts\/209632\/revisions"}],"predecessor-version":[{"id":209959,"href":"https:\/\/www.correiobraziliense.com.br\/cbradar\/wp-json\/wp\/v2\/posts\/209632\/revisions\/209959"}],"wp:featuredmedia":[{"embeddable":true,"href":"https:\/\/www.correiobraziliense.com.br\/cbradar\/wp-json\/wp\/v2\/media\/178901"}],"wp:attachment":[{"href":"https:\/\/www.correiobraziliense.com.br\/cbradar\/wp-json\/wp\/v2\/media?parent=209632"}],"wp:term":[{"taxonomy":"category","embeddable":true,"href":"https:\/\/www.correiobraziliense.com.br\/cbradar\/wp-json\/wp\/v2\/categories?post=209632"},{"taxonomy":"post_tag","embeddable":true,"href":"https:\/\/www.correiobraziliense.com.br\/cbradar\/wp-json\/wp\/v2\/tags?post=209632"}],"curies":[{"name":"wp","href":"https:\/\/api.w.org\/{rel}","templated":true}]}}