{"id":209731,"date":"2026-03-18T01:25:00","date_gmt":"2026-03-18T04:25:00","guid":{"rendered":"https:\/\/www.correiobraziliense.com.br\/cbradar\/?p=209731"},"modified":"2026-03-17T19:39:32","modified_gmt":"2026-03-17T22:39:32","slug":"4-meses-de-nascimento-com-um-talento-natural-para-criar-ambientes-acolhedores-em-casa","status":"publish","type":"post","link":"https:\/\/www.correiobraziliense.com.br\/cbradar\/4-meses-de-nascimento-com-um-talento-natural-para-criar-ambientes-acolhedores-em-casa\/","title":{"rendered":"4 meses de nascimento com um talento natural para criar ambientes acolhedores em casa"},"content":{"rendered":"\n<p>A habilidade de <strong>criar ambientes acolhedores em casa<\/strong> costuma ser um dom especial e raro para algumas pessoas. A tradi\u00e7\u00e3o cultural aponta que indiv\u00edduos nascidos em quatro \u00e9pocas espec\u00edficas do ano possuem uma facilidade imensa para o design e a harmoniza\u00e7\u00e3o de interiores.<\/p>\n\n\n\n<h2 class=\"wp-block-heading\">Por que a astrologia associa o m\u00eas de nascimento ao conforto do lar?<\/h2>\n\n\n\n<p>A leitura do comportamento humano atrav\u00e9s das estrelas sugere que a posi\u00e7\u00e3o dos astros afeta diretamente a nossa rela\u00e7\u00e3o com o espa\u00e7o f\u00edsico. O per\u00edodo do ano em que nascemos dita prefer\u00eancias sutis por texturas macias, ilumina\u00e7\u00e3o quente e organiza\u00e7\u00e3o espacial.<\/p>\n\n\n\n<p>A <a href=\"https:\/\/pt.wikipedia.org\/wiki\/Astrologia_ocidental\" target=\"_blank\" rel=\"noreferrer noopener\"><strong>Astrologia ocidental<\/strong><\/a> estuda essas inclina\u00e7\u00f5es humanas h\u00e1 s\u00e9culos. Especialistas nesse campo afirmam que os perfis regidos pela terra e pela \u00e1gua valorizam imensamente a seguran\u00e7a emocional que um teto bem estruturado e harmoniosamente decorado oferece aos moradores di\u00e1rios.<\/p>\n\n\n<div class=\"wp-block-image\">\n<figure class=\"aligncenter size-full\"><img decoding=\"async\" width=\"1280\" height=\"720\" src=\"https:\/\/www.correiobraziliense.com.br\/cbradar\/wp-content\/uploads\/2026\/03\/imagem_2026-03-16_185109725.png\" alt=\"M\u00e3os suavizando almofada de linho em ambiente ensolarado.\" class=\"wp-image-209754\" srcset=\"https:\/\/www.correiobraziliense.com.br\/cbradar\/wp-content\/uploads\/2026\/03\/imagem_2026-03-16_185109725.png 1280w, https:\/\/www.correiobraziliense.com.br\/cbradar\/wp-content\/uploads\/2026\/03\/imagem_2026-03-16_185109725-300x169.png 300w, https:\/\/www.correiobraziliense.com.br\/cbradar\/wp-content\/uploads\/2026\/03\/imagem_2026-03-16_185109725-768x432.png 768w, https:\/\/www.correiobraziliense.com.br\/cbradar\/wp-content\/uploads\/2026\/03\/imagem_2026-03-16_185109725-750x422.png 750w, https:\/\/www.correiobraziliense.com.br\/cbradar\/wp-content\/uploads\/2026\/03\/imagem_2026-03-16_185109725-1140x641.png 1140w\" sizes=\"(max-width: 1280px) 100vw, 1280px\" \/><figcaption class=\"wp-element-caption\">M\u00e3os suavizando almofada de linho em ambiente ensolarado.<\/figcaption><\/figure><\/div>\n\n\n<h2 class=\"wp-block-heading\">Quais s\u00e3o as caracter\u00edsticas decorativas dos nascidos em maio?<\/h2>\n\n\n\n<p>Pessoas que nascem em maio carregam uma forte influ\u00eancia terrena, o que reflete fortemente no apre\u00e7o por estabilidade e prazer sensorial pr\u00e1tico. Esses indiv\u00edduos investem muito tempo e recurso escolhendo m\u00f3veis de alta durabilidade e tecidos de toque macio.<\/p>\n\n\n\n<p>O talento natural desse grupo criativo envolve a inclus\u00e3o de elementos org\u00e2nicos nos c\u00f4modos de conviv\u00eancia. Plantas bem cuidadas e paletas de cores neutras formam o pilar da est\u00e9tica para essas pessoas, garantindo uma recep\u00e7\u00e3o calorosa para qualquer visitante rotineiro.<\/p>\n\n\n\n<h2 class=\"wp-block-heading\">Como as pessoas de julho transformam a atmosfera dos espa\u00e7os?<\/h2>\n\n\n\n<p>O m\u00eas de julho abriga indiv\u00edduos extremamente ligados \u00e0s mem\u00f3rias familiares e ao afeto sincero. Para eles, a moradia funciona como um verdadeiro ref\u00fagio emocional contra as exig\u00eancias e agita\u00e7\u00f5es externas do dia a dia nas grandes cidades urbanas.<\/p>\n\n\n\n<p>Eles utilizam fotografias em porta-retratos antigos, mantas espalhadas pelos sof\u00e1s e ilumina\u00e7\u00e3o indireta para aquecer o local visualmente. Essa abordagem puramente sens\u00edvel cria uma sensa\u00e7\u00e3o de pertencimento imediato para quem cruza a porta de entrada principal.<\/p>\n\n\n\n<p>Documentos oficiais do <strong>Conselho de Arquitetura e Urbanismo<\/strong> (<a href=\"https:\/\/caubr.gov.br\/arquitetura-de-interiores-e-o-bem-estar\/\" target=\"_blank\" rel=\"noreferrer noopener\"><strong>CAU<\/strong><\/a>) destacam como escolhas de interiores impactam o bem-estar psicol\u00f3gico humano. Anote os itens favoritos aplicados com maestria por esse grupo afetuoso:<\/p>\n\n\n\n<ul class=\"wp-block-list\">\n<li>Almofadas volumosas em tons past\u00e9is repousadas sobre poltronas de leitura.<\/li>\n\n\n\n<li>Lumin\u00e1rias de piso com l\u00e2mpadas amareladas para a rotina noturna relaxante.<\/li>\n\n\n\n<li>Tapetes felpudos que convidam os moradores a andarem sempre descal\u00e7os.<\/li>\n<\/ul>\n\n\n<div class=\"wp-block-image\">\n<figure class=\"aligncenter size-full\"><img decoding=\"async\" width=\"1280\" height=\"720\" src=\"https:\/\/www.correiobraziliense.com.br\/cbradar\/wp-content\/uploads\/2026\/03\/imagem_2026-03-16_185116438.png\" alt=\"Aparador com fotos de fam\u00edlia sob luz amarelada e quente.\" class=\"wp-image-209752\" srcset=\"https:\/\/www.correiobraziliense.com.br\/cbradar\/wp-content\/uploads\/2026\/03\/imagem_2026-03-16_185116438.png 1280w, https:\/\/www.correiobraziliense.com.br\/cbradar\/wp-content\/uploads\/2026\/03\/imagem_2026-03-16_185116438-300x169.png 300w, https:\/\/www.correiobraziliense.com.br\/cbradar\/wp-content\/uploads\/2026\/03\/imagem_2026-03-16_185116438-768x432.png 768w, https:\/\/www.correiobraziliense.com.br\/cbradar\/wp-content\/uploads\/2026\/03\/imagem_2026-03-16_185116438-750x422.png 750w, https:\/\/www.correiobraziliense.com.br\/cbradar\/wp-content\/uploads\/2026\/03\/imagem_2026-03-16_185116438-1140x641.png 1140w\" sizes=\"(max-width: 1280px) 100vw, 1280px\" \/><figcaption class=\"wp-element-caption\">Aparador com fotos de fam\u00edlia sob luz amarelada e quente.<\/figcaption><\/figure><\/div>\n\n\n<p>Leia tamb\u00e9m: <a href=\"https:\/\/www.correiobraziliense.com.br\/cbradar\/a-fruta-mais-antioxidante-da-natureza-que-ajuda-a-proteger-as-celulas-contra-o-cancer\/\" target=\"_blank\" rel=\"noreferrer noopener\">A fruta mais antioxidante da natureza que ajuda a proteger as c\u00e9lulas contra o c\u00e2ncer<\/a><\/p>\n\n\n\n<h2 class=\"wp-block-heading\">O que faz os nascidos em setembro organizarem lares t\u00e3o harmoniosos?<\/h2>\n\n\n\n<p>Setembro traz uma energia inteiramente voltada para o detalhismo extremo e a limpeza visual cont\u00ednua. Os aniversariantes dessa \u00e9poca n\u00e3o suportam bagun\u00e7a ou excesso de informa\u00e7\u00f5es coloridas, preferindo um estilo altamente funcional para compor os seus espa\u00e7os de descanso.<\/p>\n\n\n\n<p>A beleza aut\u00eantica para esse perfil reside na utilidade real de cada objeto presente na sala ou no quarto. Eles arranjam caixas organizadoras e prateleiras sim\u00e9tricas com facilidade, eliminando o estresse visual e promovendo paz mental instant\u00e2nea.<\/p>\n\n\n\n<h3 class=\"wp-block-heading\">Qual \u00e9 a rela\u00e7\u00e3o direta entre limpeza e acolhimento?<\/h3>\n\n\n\n<p>Um local rigorosamente limpo transmite frescor e convida ao relaxamento profundo e restaurador do corpo. Os nativos de setembro utilizam frequentemente aromas suaves de lavanda e eucalipto para purificar o ar, complementando a arruma\u00e7\u00e3o impec\u00e1vel com est\u00edmulos olfativos altamente prazerosos.<\/p>\n\n\n\n<h2 class=\"wp-block-heading\">Qual \u00e9 o segredo dos nascidos em outubro para a simetria visual?<\/h2>\n\n\n\n<p>O m\u00eas de outubro abriga personalidades apaixonadas pelas artes cl\u00e1ssicas, pelo equil\u00edbrio est\u00e9tico e pelas rela\u00e7\u00f5es sociais amig\u00e1veis. Eles possuem um olho cl\u00ednico natural para combinar quadros, espelhos e pequenos vasos de forma que nenhum canto pare\u00e7a vazio ou sobrecarregado.<\/p>\n\n\n\n<p>O talento principal dessas pessoas envolve arranjar o mobili\u00e1rio principal para favorecer o di\u00e1logo fluido entre os convidados. Posicionar poltronas de frente umas para as outras e manter o centro desimpedido s\u00e3o t\u00e1ticas essenciais, tornando as reuni\u00f5es caseiras muito mais leves.<\/p>\n\n\n<div class=\"wp-block-image\">\n<figure class=\"aligncenter size-full\"><img decoding=\"async\" width=\"1280\" height=\"720\" src=\"https:\/\/www.correiobraziliense.com.br\/cbradar\/wp-content\/uploads\/2026\/03\/imagem_2026-03-16_185122089.png\" alt=\"Vis\u00e3o subjetiva organizando prateleira de madeira com simetria.\" class=\"wp-image-209753\" srcset=\"https:\/\/www.correiobraziliense.com.br\/cbradar\/wp-content\/uploads\/2026\/03\/imagem_2026-03-16_185122089.png 1280w, https:\/\/www.correiobraziliense.com.br\/cbradar\/wp-content\/uploads\/2026\/03\/imagem_2026-03-16_185122089-300x169.png 300w, https:\/\/www.correiobraziliense.com.br\/cbradar\/wp-content\/uploads\/2026\/03\/imagem_2026-03-16_185122089-768x432.png 768w, https:\/\/www.correiobraziliense.com.br\/cbradar\/wp-content\/uploads\/2026\/03\/imagem_2026-03-16_185122089-750x422.png 750w, https:\/\/www.correiobraziliense.com.br\/cbradar\/wp-content\/uploads\/2026\/03\/imagem_2026-03-16_185122089-1140x641.png 1140w\" sizes=\"(max-width: 1280px) 100vw, 1280px\" \/><figcaption class=\"wp-element-caption\">Vis\u00e3o subjetiva organizando prateleira de madeira com simetria.<\/figcaption><\/figure><\/div>\n\n\n<h2 class=\"wp-block-heading\">Como identificar esses padr\u00f5es na sua pr\u00f3pria rotina dom\u00e9stica?<\/h2>\n\n\n\n<p>Observar as escolhas financeiras de consumo ao longo dos anos revela muito sobre a sua conex\u00e3o \u00edntima com o ato de morar. Repare atentamente se voc\u00ea prioriza a compra de itens estritamente decorativos ou se prefere investir o or\u00e7amento em pe\u00e7as puramente funcionais.<\/p>\n\n\n\n<p>Caso n\u00e3o tenha nascido nesses <strong>quatro<\/strong> meses espec\u00edficos, n\u00e3o existe motivo algum para frustra\u00e7\u00e3o pessoal. O gosto apurado pode ser plenamente desenvolvido com paci\u00eancia cont\u00ednua e observa\u00e7\u00e3o constante das belas refer\u00eancias est\u00e9ticas dispon\u00edveis no mercado atual de design de interiores.<\/p>\n","protected":false},"excerpt":{"rendered":"<p>A habilidade de criar ambientes acolhedores em casa costuma ser um dom especial e raro para algumas pessoas. A tradi\u00e7\u00e3o cultural aponta que indiv\u00edduos nascidos em quatro \u00e9pocas espec\u00edficas do ano possuem uma facilidade imensa para o design e a harmoniza\u00e7\u00e3o de interiores. Por que a astrologia associa o m\u00eas de nascimento ao conforto do [&hellip;]<\/p>\n","protected":false},"author":11,"featured_media":210336,"comment_status":"open","ping_status":"open","sticky":false,"template":"","format":"standard","meta":{"_yoast_wpseo_focuskw":"criar ambientes acolhedores em casa","_yoast_wpseo_title":"","_yoast_wpseo_metadesc":"Quer criar ambientes acolhedores em casa? A tradi\u00e7\u00e3o astrol\u00f3gica aponta que pessoas nascidas em quatro meses espec\u00edficos possuem um dom natural para isso.","jnews-multi-image_gallery":[],"jnews_single_post":{"format":"standard"},"jnews_primary_category":[],"jnews_social_meta":[],"jnews_override_counter":[],"footnotes":""},"categories":[143],"tags":[891,6673,16239,7940],"class_list":["post-209731","post","type-post","status-publish","format-standard","has-post-thumbnail","hentry","category-casa-e-decoracao","tag-astrologia","tag-conforto","tag-decoracao-3","tag-meses"],"yoast_head":"<!-- This site is optimized with the Yoast SEO plugin v24.6 - https:\/\/yoast.com\/wordpress\/plugins\/seo\/ -->\n<title>4 meses de nascimento com um talento natural para criar ambientes acolhedores em casa - Correio Braziliense - Radar<\/title>\n<meta name=\"description\" content=\"Quer criar ambientes acolhedores em casa? A tradi\u00e7\u00e3o astrol\u00f3gica aponta que pessoas nascidas em quatro meses espec\u00edficos possuem um dom natural para isso.\" \/>\n<meta name=\"robots\" content=\"index, follow, max-snippet:-1, max-image-preview:large, max-video-preview:-1\" \/>\n<link rel=\"canonical\" href=\"https:\/\/www.correiobraziliense.com.br\/cbradar\/4-meses-de-nascimento-com-um-talento-natural-para-criar-ambientes-acolhedores-em-casa\/\" \/>\n<meta property=\"og:locale\" content=\"pt_BR\" \/>\n<meta property=\"og:type\" content=\"article\" \/>\n<meta property=\"og:title\" content=\"4 meses de nascimento com um talento natural para criar ambientes acolhedores em casa - Correio Braziliense - Radar\" \/>\n<meta property=\"og:description\" content=\"Quer criar ambientes acolhedores em casa? A tradi\u00e7\u00e3o astrol\u00f3gica aponta que pessoas nascidas em quatro meses espec\u00edficos possuem um dom natural para isso.\" \/>\n<meta property=\"og:url\" content=\"https:\/\/www.correiobraziliense.com.br\/cbradar\/4-meses-de-nascimento-com-um-talento-natural-para-criar-ambientes-acolhedores-em-casa\/\" \/>\n<meta property=\"og:site_name\" content=\"Correio Braziliense - Radar\" \/>\n<meta property=\"article:published_time\" content=\"2026-03-18T04:25:00+00:00\" \/>\n<meta property=\"og:image\" content=\"https:\/\/www.correiobraziliense.com.br\/cbradar\/wp-content\/uploads\/2026\/03\/Image_fx-1.png\" \/>\n\t<meta property=\"og:image:width\" content=\"1280\" \/>\n\t<meta property=\"og:image:height\" content=\"720\" \/>\n\t<meta property=\"og:image:type\" content=\"image\/png\" \/>\n<meta name=\"author\" content=\"Paulo Custodio\" \/>\n<meta name=\"twitter:card\" content=\"summary_large_image\" \/>\n<meta name=\"twitter:label1\" content=\"Escrito por\" \/>\n\t<meta name=\"twitter:data1\" content=\"Paulo Custodio\" \/>\n\t<meta name=\"twitter:label2\" content=\"Est. tempo de leitura\" \/>\n\t<meta name=\"twitter:data2\" content=\"5 minutos\" \/>\n<!-- \/ Yoast SEO plugin. -->","yoast_head_json":{"title":"4 meses de nascimento com um talento natural para criar ambientes acolhedores em casa - Correio Braziliense - Radar","description":"Quer criar ambientes acolhedores em casa? A tradi\u00e7\u00e3o astrol\u00f3gica aponta que pessoas nascidas em quatro meses espec\u00edficos possuem um dom natural para isso.","robots":{"index":"index","follow":"follow","max-snippet":"max-snippet:-1","max-image-preview":"max-image-preview:large","max-video-preview":"max-video-preview:-1"},"canonical":"https:\/\/www.correiobraziliense.com.br\/cbradar\/4-meses-de-nascimento-com-um-talento-natural-para-criar-ambientes-acolhedores-em-casa\/","og_locale":"pt_BR","og_type":"article","og_title":"4 meses de nascimento com um talento natural para criar ambientes acolhedores em casa - Correio Braziliense - Radar","og_description":"Quer criar ambientes acolhedores em casa? A tradi\u00e7\u00e3o astrol\u00f3gica aponta que pessoas nascidas em quatro meses espec\u00edficos possuem um dom natural para isso.","og_url":"https:\/\/www.correiobraziliense.com.br\/cbradar\/4-meses-de-nascimento-com-um-talento-natural-para-criar-ambientes-acolhedores-em-casa\/","og_site_name":"Correio Braziliense - Radar","article_published_time":"2026-03-18T04:25:00+00:00","og_image":[{"width":1280,"height":720,"url":"https:\/\/www.correiobraziliense.com.br\/cbradar\/wp-content\/uploads\/2026\/03\/Image_fx-1.png","type":"image\/png"}],"author":"Paulo Custodio","twitter_card":"summary_large_image","twitter_misc":{"Escrito por":"Paulo Custodio","Est. tempo de leitura":"5 minutos"},"schema":{"@context":"https:\/\/schema.org","@graph":[{"@type":"WebPage","@id":"https:\/\/www.correiobraziliense.com.br\/cbradar\/4-meses-de-nascimento-com-um-talento-natural-para-criar-ambientes-acolhedores-em-casa\/","url":"https:\/\/www.correiobraziliense.com.br\/cbradar\/4-meses-de-nascimento-com-um-talento-natural-para-criar-ambientes-acolhedores-em-casa\/","name":"4 meses de nascimento com um talento natural para criar ambientes acolhedores em casa - Correio Braziliense - Radar","isPartOf":{"@id":"https:\/\/www.correiobraziliense.com.br\/cbradar\/#website"},"primaryImageOfPage":{"@id":"https:\/\/www.correiobraziliense.com.br\/cbradar\/4-meses-de-nascimento-com-um-talento-natural-para-criar-ambientes-acolhedores-em-casa\/#primaryimage"},"image":{"@id":"https:\/\/www.correiobraziliense.com.br\/cbradar\/4-meses-de-nascimento-com-um-talento-natural-para-criar-ambientes-acolhedores-em-casa\/#primaryimage"},"thumbnailUrl":"https:\/\/www.correiobraziliense.com.br\/cbradar\/wp-content\/uploads\/2026\/03\/Image_fx-1.png","datePublished":"2026-03-18T04:25:00+00:00","author":{"@id":"https:\/\/www.correiobraziliense.com.br\/cbradar\/#\/schema\/person\/4cec7857301a9a1a2ef249893cd908d3"},"description":"Quer criar ambientes acolhedores em casa? A tradi\u00e7\u00e3o astrol\u00f3gica aponta que pessoas nascidas em quatro meses espec\u00edficos possuem um dom natural para isso.","breadcrumb":{"@id":"https:\/\/www.correiobraziliense.com.br\/cbradar\/4-meses-de-nascimento-com-um-talento-natural-para-criar-ambientes-acolhedores-em-casa\/#breadcrumb"},"inLanguage":"pt-BR","potentialAction":[{"@type":"ReadAction","target":["https:\/\/www.correiobraziliense.com.br\/cbradar\/4-meses-de-nascimento-com-um-talento-natural-para-criar-ambientes-acolhedores-em-casa\/"]}]},{"@type":"ImageObject","inLanguage":"pt-BR","@id":"https:\/\/www.correiobraziliense.com.br\/cbradar\/4-meses-de-nascimento-com-um-talento-natural-para-criar-ambientes-acolhedores-em-casa\/#primaryimage","url":"https:\/\/www.correiobraziliense.com.br\/cbradar\/wp-content\/uploads\/2026\/03\/Image_fx-1.png","contentUrl":"https:\/\/www.correiobraziliense.com.br\/cbradar\/wp-content\/uploads\/2026\/03\/Image_fx-1.png","width":1280,"height":720,"caption":"O design de interiores combina est\u00e9tica, funcionalidade e organiza\u00e7\u00e3o dos espa\u00e7os"},{"@type":"BreadcrumbList","@id":"https:\/\/www.correiobraziliense.com.br\/cbradar\/4-meses-de-nascimento-com-um-talento-natural-para-criar-ambientes-acolhedores-em-casa\/#breadcrumb","itemListElement":[{"@type":"ListItem","position":1,"name":"In\u00edcio","item":"https:\/\/www.correiobraziliense.com.br\/cbradar\/"},{"@type":"ListItem","position":2,"name":"4 meses de nascimento com um talento natural para criar ambientes acolhedores em casa"}]},{"@type":"WebSite","@id":"https:\/\/www.correiobraziliense.com.br\/cbradar\/#website","url":"https:\/\/www.correiobraziliense.com.br\/cbradar\/","name":"Correio Braziliense - Radar","description":"Acompanhe as \u00faltimas not\u00edcias e fique bem informado sobre tudo o que acontece no Brasil e no mundo.","potentialAction":[{"@type":"SearchAction","target":{"@type":"EntryPoint","urlTemplate":"https:\/\/www.correiobraziliense.com.br\/cbradar\/?s={search_term_string}"},"query-input":{"@type":"PropertyValueSpecification","valueRequired":true,"valueName":"search_term_string"}}],"inLanguage":"pt-BR"},{"@type":"Person","@id":"https:\/\/www.correiobraziliense.com.br\/cbradar\/#\/schema\/person\/4cec7857301a9a1a2ef249893cd908d3","name":"Paulo Custodio","image":{"@type":"ImageObject","inLanguage":"pt-BR","@id":"https:\/\/www.correiobraziliense.com.br\/cbradar\/#\/schema\/person\/image\/","url":"https:\/\/secure.gravatar.com\/avatar\/bcd67168d1534e8fcf4f45c726a87cea?s=96&d=mm&r=g","contentUrl":"https:\/\/secure.gravatar.com\/avatar\/bcd67168d1534e8fcf4f45c726a87cea?s=96&d=mm&r=g","caption":"Paulo Custodio"},"sameAs":["https:\/\/www.correiobraziliense.com.br\/cbradar"],"url":"https:\/\/www.correiobraziliense.com.br\/cbradar\/author\/paulomyth\/"}]}},"_links":{"self":[{"href":"https:\/\/www.correiobraziliense.com.br\/cbradar\/wp-json\/wp\/v2\/posts\/209731","targetHints":{"allow":["GET"]}}],"collection":[{"href":"https:\/\/www.correiobraziliense.com.br\/cbradar\/wp-json\/wp\/v2\/posts"}],"about":[{"href":"https:\/\/www.correiobraziliense.com.br\/cbradar\/wp-json\/wp\/v2\/types\/post"}],"author":[{"embeddable":true,"href":"https:\/\/www.correiobraziliense.com.br\/cbradar\/wp-json\/wp\/v2\/users\/11"}],"replies":[{"embeddable":true,"href":"https:\/\/www.correiobraziliense.com.br\/cbradar\/wp-json\/wp\/v2\/comments?post=209731"}],"version-history":[{"count":2,"href":"https:\/\/www.correiobraziliense.com.br\/cbradar\/wp-json\/wp\/v2\/posts\/209731\/revisions"}],"predecessor-version":[{"id":209755,"href":"https:\/\/www.correiobraziliense.com.br\/cbradar\/wp-json\/wp\/v2\/posts\/209731\/revisions\/209755"}],"wp:featuredmedia":[{"embeddable":true,"href":"https:\/\/www.correiobraziliense.com.br\/cbradar\/wp-json\/wp\/v2\/media\/210336"}],"wp:attachment":[{"href":"https:\/\/www.correiobraziliense.com.br\/cbradar\/wp-json\/wp\/v2\/media?parent=209731"}],"wp:term":[{"taxonomy":"category","embeddable":true,"href":"https:\/\/www.correiobraziliense.com.br\/cbradar\/wp-json\/wp\/v2\/categories?post=209731"},{"taxonomy":"post_tag","embeddable":true,"href":"https:\/\/www.correiobraziliense.com.br\/cbradar\/wp-json\/wp\/v2\/tags?post=209731"}],"curies":[{"name":"wp","href":"https:\/\/api.w.org\/{rel}","templated":true}]}}