{"id":209732,"date":"2026-03-18T22:55:00","date_gmt":"2026-03-19T01:55:00","guid":{"rendered":"https:\/\/www.correiobraziliense.com.br\/cbradar\/?p=209732"},"modified":"2026-03-17T14:28:11","modified_gmt":"2026-03-17T17:28:11","slug":"3-meses-de-nascimento-que-costumam-ter-talento-natural-para-decorar-e-organizar-a-casa","status":"publish","type":"post","link":"https:\/\/www.correiobraziliense.com.br\/cbradar\/3-meses-de-nascimento-que-costumam-ter-talento-natural-para-decorar-e-organizar-a-casa\/","title":{"rendered":"3 meses de nascimento que costumam ter talento natural para decorar e organizar a casa"},"content":{"rendered":"\n<p>Ter um <strong>talento natural para decorar a casa<\/strong> transforma completamente a atmosfera do ambiente dom\u00e9stico cotidiano e eleva o humor di\u00e1rio. Especialistas em leitura astral indicam que pessoas nascidas em tr\u00eas \u00e9pocas espec\u00edficas do ano possuem uma facilidade enorme para o design de interiores inteligente.<\/p>\n\n\n\n<h2 class=\"wp-block-heading\">Por que a data de nascimento influencia as escolhas est\u00e9ticas?<\/h2>\n\n\n\n<p>Para a <a href=\"https:\/\/pt.wikipedia.org\/wiki\/Astrologia_ocidental\" target=\"_blank\" rel=\"noreferrer noopener\"><strong>Astrologia ocidental<\/strong><\/a>, o posicionamento dos astros no c\u00e9u afeta a percep\u00e7\u00e3o visual e as prefer\u00eancias de conforto humano ao longo da vida. Cada per\u00edodo espec\u00edfico do ano transmite energias muito sutis que moldam a nossa rela\u00e7\u00e3o direta e \u00edntima com o espa\u00e7o f\u00edsico.<\/p>\n\n\n\n<p>Essa heran\u00e7a cultural milenar sugere que elementos b\u00e1sicos como terra e ar criam perfis totalmente focados na beleza visual e na funcionalidade di\u00e1ria. Indiv\u00edduos sob essas reg\u00eancias tendem a buscar uma harmonia constante nos m\u00ednimos detalhes estruturais dos seus lares.<\/p>\n\n\n<div class=\"wp-block-image\">\n<figure class=\"aligncenter size-full\"><img decoding=\"async\" width=\"1280\" height=\"720\" src=\"https:\/\/www.correiobraziliense.com.br\/cbradar\/wp-content\/uploads\/2026\/03\/imagem_2026-03-16_185429993.png\" alt=\"M\u00e3os sentindo a textura de almofada de linho e madeira.\" class=\"wp-image-209757\" srcset=\"https:\/\/www.correiobraziliense.com.br\/cbradar\/wp-content\/uploads\/2026\/03\/imagem_2026-03-16_185429993.png 1280w, https:\/\/www.correiobraziliense.com.br\/cbradar\/wp-content\/uploads\/2026\/03\/imagem_2026-03-16_185429993-300x169.png 300w, https:\/\/www.correiobraziliense.com.br\/cbradar\/wp-content\/uploads\/2026\/03\/imagem_2026-03-16_185429993-768x432.png 768w, https:\/\/www.correiobraziliense.com.br\/cbradar\/wp-content\/uploads\/2026\/03\/imagem_2026-03-16_185429993-750x422.png 750w, https:\/\/www.correiobraziliense.com.br\/cbradar\/wp-content\/uploads\/2026\/03\/imagem_2026-03-16_185429993-1140x641.png 1140w\" sizes=\"(max-width: 1280px) 100vw, 1280px\" \/><figcaption class=\"wp-element-caption\">M\u00e3os sentindo a textura de almofada de linho e madeira.<\/figcaption><\/figure><\/div>\n\n\n<h2 class=\"wp-block-heading\">Como os nascidos em maio estruturam os seus ambientes?<\/h2>\n\n\n\n<p>Pessoas que celebram anivers\u00e1rio no m\u00eas de maio carregam uma conex\u00e3o profunda com o conforto sensorial e a durabilidade prolongada dos materiais. Esses indiv\u00edduos preferem investir capital em m\u00f3veis robustos de madeira maci\u00e7a e tape\u00e7arias de toque extremamente macio.<\/p>\n\n\n\n<p>A paleta de cores favorita desse grupo seleto envolve tons terrosos suaves que trazem uma estabilidade emocional instant\u00e2nea para os moradores. O espa\u00e7o de conviv\u00eancia deles sempre prioriza a alta qualidade est\u00e9tica firmemente aliada a um acolhimento caloroso para qualquer visitante rotineiro.<\/p>\n\n\n\n<h2 class=\"wp-block-heading\">O que faz as pessoas de setembro serem t\u00e3o organizadas?<\/h2>\n\n\n\n<p>O m\u00eas de setembro concentra mentes altamente anal\u00edticas e inteiramente voltadas para a limpeza visual absoluta dos espa\u00e7os dom\u00e9sticos. Para essas personalidades meticulosas, a verdadeira beleza de um c\u00f4modo reside na funcionalidade estrita e l\u00f3gica de cada pequeno objeto exposto nas prateleiras.<\/p>\n\n\n\n<p>Acompanhe os principais elementos favoritos desse perfil organizador:<\/p>\n\n\n\n<ul class=\"wp-block-list\">\n<li>Caixas modulares r\u00edgidas para esconder fios de aparelhos e pequenos acess\u00f3rios soltos.<\/li>\n\n\n\n<li>Prateleiras sim\u00e9tricas instaladas nas paredes que facilitam a limpeza semanal r\u00e1pida e eficiente.<\/li>\n\n\n\n<li>Aromatizadores sutis de ess\u00eancias naturais para purificar o ar interno e relaxar.<\/li>\n<\/ul>\n\n\n<div class=\"wp-block-image\">\n<figure class=\"aligncenter size-full\"><img decoding=\"async\" width=\"1280\" height=\"720\" src=\"https:\/\/www.correiobraziliense.com.br\/cbradar\/wp-content\/uploads\/2026\/03\/imagem_2026-03-16_185525875.png\" alt=\"Prateleiras organizadas em sala brasileira minimalista.\" class=\"wp-image-209756\" srcset=\"https:\/\/www.correiobraziliense.com.br\/cbradar\/wp-content\/uploads\/2026\/03\/imagem_2026-03-16_185525875.png 1280w, https:\/\/www.correiobraziliense.com.br\/cbradar\/wp-content\/uploads\/2026\/03\/imagem_2026-03-16_185525875-300x169.png 300w, https:\/\/www.correiobraziliense.com.br\/cbradar\/wp-content\/uploads\/2026\/03\/imagem_2026-03-16_185525875-768x432.png 768w, https:\/\/www.correiobraziliense.com.br\/cbradar\/wp-content\/uploads\/2026\/03\/imagem_2026-03-16_185525875-750x422.png 750w, https:\/\/www.correiobraziliense.com.br\/cbradar\/wp-content\/uploads\/2026\/03\/imagem_2026-03-16_185525875-1140x641.png 1140w\" sizes=\"(max-width: 1280px) 100vw, 1280px\" \/><figcaption class=\"wp-element-caption\">Prateleiras organizadas em sala brasileira minimalista.<\/figcaption><\/figure><\/div>\n\n\n<h3 class=\"wp-block-heading\">Existe uma rela\u00e7\u00e3o direta entre limpeza profunda e paz mental?<\/h3>\n\n\n\n<p>Sim, a aus\u00eancia de polui\u00e7\u00e3o visual excessiva diminui a pesada carga de processamento do c\u00e9rebro humano durante as importantes horas de descanso. Os nativos de setembro aplicam essa l\u00f3gica instintivamente na rotina, descartando excessos materiais e mantendo apenas pe\u00e7as que possuam utilidade real.<\/p>\n\n\n\n<p>Leia tamb\u00e9m: <a href=\"https:\/\/www.correiobraziliense.com.br\/cbradar\/a-fruta-mais-antioxidante-da-natureza-que-ajuda-a-proteger-as-celulas-contra-o-cancer\/\" target=\"_blank\" rel=\"noreferrer noopener\">A fruta mais antioxidante da natureza que ajuda a proteger as c\u00e9lulas contra o c\u00e2ncer<\/a><\/p>\n\n\n\n<h2 class=\"wp-block-heading\">Qual \u00e9 o segredo dos nascidos em outubro para o equil\u00edbrio perfeito?<\/h2>\n\n\n\n<p>A \u00e9poca de outubro \u00e9 fortemente regida pelo apre\u00e7o intenso pelas artes cl\u00e1ssicas e pela simetria perfeita nas composi\u00e7\u00f5es residenciais. Indiv\u00edduos nascidos nessa fase possuem um olhar cl\u00ednico instintivo para harmonizar m\u00faltiplos quadros, vasos r\u00fasticos e grandes espelhos de parede.<\/p>\n\n\n\n<p>O objetivo principal dessas mentes criativas \u00e9 montar salas de estar que favore\u00e7am o di\u00e1logo constante e a socializa\u00e7\u00e3o leve entre amigos pr\u00f3ximos. Posicionar luxuosos sof\u00e1s e poltronas ergon\u00f4micas em formatos circulares garante uma integra\u00e7\u00e3o org\u00e2nica que encanta absolutamente todos os convidados.<\/p>\n\n\n<div class=\"wp-block-image\">\n<figure class=\"aligncenter size-full\"><img decoding=\"async\" width=\"1280\" height=\"720\" src=\"https:\/\/www.correiobraziliense.com.br\/cbradar\/wp-content\/uploads\/2026\/03\/imagem_2026-03-16_185633095.png\" alt=\"Vis\u00e3o em primeira pessoa alinhando espelho na parede.\" class=\"wp-image-209758\" srcset=\"https:\/\/www.correiobraziliense.com.br\/cbradar\/wp-content\/uploads\/2026\/03\/imagem_2026-03-16_185633095.png 1280w, https:\/\/www.correiobraziliense.com.br\/cbradar\/wp-content\/uploads\/2026\/03\/imagem_2026-03-16_185633095-300x169.png 300w, https:\/\/www.correiobraziliense.com.br\/cbradar\/wp-content\/uploads\/2026\/03\/imagem_2026-03-16_185633095-768x432.png 768w, https:\/\/www.correiobraziliense.com.br\/cbradar\/wp-content\/uploads\/2026\/03\/imagem_2026-03-16_185633095-750x422.png 750w, https:\/\/www.correiobraziliense.com.br\/cbradar\/wp-content\/uploads\/2026\/03\/imagem_2026-03-16_185633095-1140x641.png 1140w\" sizes=\"(max-width: 1280px) 100vw, 1280px\" \/><figcaption class=\"wp-element-caption\">Vis\u00e3o em primeira pessoa alinhando espelho na parede.<\/figcaption><\/figure><\/div>\n\n\n<h3 class=\"wp-block-heading\">Como a ilumina\u00e7\u00e3o altera a percep\u00e7\u00e3o do conforto no c\u00f4modo?<\/h3>\n\n\n\n<p>O uso estrat\u00e9gico da luz indireta suaviza os contornos dos m\u00f3veis e aquece a temperatura visual do teto e das paredes laterais. Essa t\u00e9cnica cria pequenas ilhas de claridade que guiam o olhar e transmitem uma agrad\u00e1vel sensa\u00e7\u00e3o de ref\u00fagio protetor contra o mundo exterior.<\/p>\n\n\n\n<h2 class=\"wp-block-heading\">Como despertar esse senso est\u00e9tico apurado na sua pr\u00f3pria rotina?<\/h2>\n\n\n\n<p>Mesmo quem n\u00e3o nasceu nesses <strong>tr\u00eas<\/strong> meses consegue desenvolver habilidades not\u00e1veis de composi\u00e7\u00e3o espacial com bastante paci\u00eancia e dedica\u00e7\u00e3o cont\u00ednua. Consumir boas revistas de decora\u00e7\u00e3o e observar a disposi\u00e7\u00e3o geom\u00e9trica de excelentes projetos arquitet\u00f4nicos educa o seu olhar gradativamente ao longo dos anos.<\/p>\n\n\n\n<p>O verdadeiro aconchego s\u00f3 surge de fato quando a resid\u00eancia reflete a identidade aut\u00eantica de quem transita por ela diariamente. Comece arrumando criteriosamente uma \u00fanica estante hoje mesmo e sinta a imensa diferen\u00e7a que a ordem traz para a sua qualidade de vida.<\/p>\n","protected":false},"excerpt":{"rendered":"<p>Ter um talento natural para decorar a casa transforma completamente a atmosfera do ambiente dom\u00e9stico cotidiano e eleva o humor di\u00e1rio. Especialistas em leitura astral indicam que pessoas nascidas em tr\u00eas \u00e9pocas espec\u00edficas do ano possuem uma facilidade enorme para o design de interiores inteligente. Por que a data de nascimento influencia as escolhas est\u00e9ticas? [&hellip;]<\/p>\n","protected":false},"author":11,"featured_media":210333,"comment_status":"open","ping_status":"open","sticky":false,"template":"","format":"standard","meta":{"_yoast_wpseo_focuskw":"talento natural para decorar a casa","_yoast_wpseo_title":"","_yoast_wpseo_metadesc":"Quer criar um ambiente perfeito? A tradi\u00e7\u00e3o astrol\u00f3gica aponta que nascidos em tr\u00eas meses espec\u00edficos dominam a organiza\u00e7\u00e3o de interiores e a est\u00e9tica.","jnews-multi-image_gallery":[],"jnews_single_post":{"format":"standard"},"jnews_primary_category":[],"jnews_social_meta":[],"jnews_override_counter":[],"footnotes":""},"categories":[143],"tags":[891,16239,7940,16240],"class_list":["post-209732","post","type-post","status-publish","format-standard","has-post-thumbnail","hentry","category-casa-e-decoracao","tag-astrologia","tag-decoracao-3","tag-meses","tag-organizacao-2"],"yoast_head":"<!-- This site is optimized with the Yoast SEO plugin v24.6 - https:\/\/yoast.com\/wordpress\/plugins\/seo\/ -->\n<title>3 meses de nascimento que costumam ter talento natural para decorar e organizar a casa - Correio Braziliense - Radar<\/title>\n<meta name=\"description\" content=\"Quer criar um ambiente perfeito? A tradi\u00e7\u00e3o astrol\u00f3gica aponta que nascidos em tr\u00eas meses espec\u00edficos dominam a organiza\u00e7\u00e3o de interiores e a est\u00e9tica.\" \/>\n<meta name=\"robots\" content=\"index, follow, max-snippet:-1, max-image-preview:large, max-video-preview:-1\" \/>\n<link rel=\"canonical\" href=\"https:\/\/www.correiobraziliense.com.br\/cbradar\/3-meses-de-nascimento-que-costumam-ter-talento-natural-para-decorar-e-organizar-a-casa\/\" \/>\n<meta property=\"og:locale\" content=\"pt_BR\" \/>\n<meta property=\"og:type\" content=\"article\" \/>\n<meta property=\"og:title\" content=\"3 meses de nascimento que costumam ter talento natural para decorar e organizar a casa - Correio Braziliense - Radar\" \/>\n<meta property=\"og:description\" content=\"Quer criar um ambiente perfeito? A tradi\u00e7\u00e3o astrol\u00f3gica aponta que nascidos em tr\u00eas meses espec\u00edficos dominam a organiza\u00e7\u00e3o de interiores e a est\u00e9tica.\" \/>\n<meta property=\"og:url\" content=\"https:\/\/www.correiobraziliense.com.br\/cbradar\/3-meses-de-nascimento-que-costumam-ter-talento-natural-para-decorar-e-organizar-a-casa\/\" \/>\n<meta property=\"og:site_name\" content=\"Correio Braziliense - Radar\" \/>\n<meta property=\"article:published_time\" content=\"2026-03-19T01:55:00+00:00\" \/>\n<meta property=\"og:image\" content=\"https:\/\/www.correiobraziliense.com.br\/cbradar\/wp-content\/uploads\/2026\/03\/Image_fx-2.png\" \/>\n\t<meta property=\"og:image:width\" content=\"1280\" \/>\n\t<meta property=\"og:image:height\" content=\"720\" \/>\n\t<meta property=\"og:image:type\" content=\"image\/png\" \/>\n<meta name=\"author\" content=\"Paulo Custodio\" \/>\n<meta name=\"twitter:card\" content=\"summary_large_image\" \/>\n<meta name=\"twitter:label1\" content=\"Escrito por\" \/>\n\t<meta name=\"twitter:data1\" content=\"Paulo Custodio\" \/>\n\t<meta name=\"twitter:label2\" content=\"Est. tempo de leitura\" \/>\n\t<meta name=\"twitter:data2\" content=\"5 minutos\" \/>\n<!-- \/ Yoast SEO plugin. -->","yoast_head_json":{"title":"3 meses de nascimento que costumam ter talento natural para decorar e organizar a casa - Correio Braziliense - Radar","description":"Quer criar um ambiente perfeito? A tradi\u00e7\u00e3o astrol\u00f3gica aponta que nascidos em tr\u00eas meses espec\u00edficos dominam a organiza\u00e7\u00e3o de interiores e a est\u00e9tica.","robots":{"index":"index","follow":"follow","max-snippet":"max-snippet:-1","max-image-preview":"max-image-preview:large","max-video-preview":"max-video-preview:-1"},"canonical":"https:\/\/www.correiobraziliense.com.br\/cbradar\/3-meses-de-nascimento-que-costumam-ter-talento-natural-para-decorar-e-organizar-a-casa\/","og_locale":"pt_BR","og_type":"article","og_title":"3 meses de nascimento que costumam ter talento natural para decorar e organizar a casa - Correio Braziliense - Radar","og_description":"Quer criar um ambiente perfeito? A tradi\u00e7\u00e3o astrol\u00f3gica aponta que nascidos em tr\u00eas meses espec\u00edficos dominam a organiza\u00e7\u00e3o de interiores e a est\u00e9tica.","og_url":"https:\/\/www.correiobraziliense.com.br\/cbradar\/3-meses-de-nascimento-que-costumam-ter-talento-natural-para-decorar-e-organizar-a-casa\/","og_site_name":"Correio Braziliense - Radar","article_published_time":"2026-03-19T01:55:00+00:00","og_image":[{"width":1280,"height":720,"url":"https:\/\/www.correiobraziliense.com.br\/cbradar\/wp-content\/uploads\/2026\/03\/Image_fx-2.png","type":"image\/png"}],"author":"Paulo Custodio","twitter_card":"summary_large_image","twitter_misc":{"Escrito por":"Paulo Custodio","Est. tempo de leitura":"5 minutos"},"schema":{"@context":"https:\/\/schema.org","@graph":[{"@type":"WebPage","@id":"https:\/\/www.correiobraziliense.com.br\/cbradar\/3-meses-de-nascimento-que-costumam-ter-talento-natural-para-decorar-e-organizar-a-casa\/","url":"https:\/\/www.correiobraziliense.com.br\/cbradar\/3-meses-de-nascimento-que-costumam-ter-talento-natural-para-decorar-e-organizar-a-casa\/","name":"3 meses de nascimento que costumam ter talento natural para decorar e organizar a casa - Correio Braziliense - Radar","isPartOf":{"@id":"https:\/\/www.correiobraziliense.com.br\/cbradar\/#website"},"primaryImageOfPage":{"@id":"https:\/\/www.correiobraziliense.com.br\/cbradar\/3-meses-de-nascimento-que-costumam-ter-talento-natural-para-decorar-e-organizar-a-casa\/#primaryimage"},"image":{"@id":"https:\/\/www.correiobraziliense.com.br\/cbradar\/3-meses-de-nascimento-que-costumam-ter-talento-natural-para-decorar-e-organizar-a-casa\/#primaryimage"},"thumbnailUrl":"https:\/\/www.correiobraziliense.com.br\/cbradar\/wp-content\/uploads\/2026\/03\/Image_fx-2.png","datePublished":"2026-03-19T01:55:00+00:00","author":{"@id":"https:\/\/www.correiobraziliense.com.br\/cbradar\/#\/schema\/person\/4cec7857301a9a1a2ef249893cd908d3"},"description":"Quer criar um ambiente perfeito? A tradi\u00e7\u00e3o astrol\u00f3gica aponta que nascidos em tr\u00eas meses espec\u00edficos dominam a organiza\u00e7\u00e3o de interiores e a est\u00e9tica.","breadcrumb":{"@id":"https:\/\/www.correiobraziliense.com.br\/cbradar\/3-meses-de-nascimento-que-costumam-ter-talento-natural-para-decorar-e-organizar-a-casa\/#breadcrumb"},"inLanguage":"pt-BR","potentialAction":[{"@type":"ReadAction","target":["https:\/\/www.correiobraziliense.com.br\/cbradar\/3-meses-de-nascimento-que-costumam-ter-talento-natural-para-decorar-e-organizar-a-casa\/"]}]},{"@type":"ImageObject","inLanguage":"pt-BR","@id":"https:\/\/www.correiobraziliense.com.br\/cbradar\/3-meses-de-nascimento-que-costumam-ter-talento-natural-para-decorar-e-organizar-a-casa\/#primaryimage","url":"https:\/\/www.correiobraziliense.com.br\/cbradar\/wp-content\/uploads\/2026\/03\/Image_fx-2.png","contentUrl":"https:\/\/www.correiobraziliense.com.br\/cbradar\/wp-content\/uploads\/2026\/03\/Image_fx-2.png","width":1280,"height":720,"caption":"O design de interiores busca equilibrar est\u00e9tica, conforto e funcionalidade dos espa\u00e7os"},{"@type":"BreadcrumbList","@id":"https:\/\/www.correiobraziliense.com.br\/cbradar\/3-meses-de-nascimento-que-costumam-ter-talento-natural-para-decorar-e-organizar-a-casa\/#breadcrumb","itemListElement":[{"@type":"ListItem","position":1,"name":"In\u00edcio","item":"https:\/\/www.correiobraziliense.com.br\/cbradar\/"},{"@type":"ListItem","position":2,"name":"3 meses de nascimento que costumam ter talento natural para decorar e organizar a casa"}]},{"@type":"WebSite","@id":"https:\/\/www.correiobraziliense.com.br\/cbradar\/#website","url":"https:\/\/www.correiobraziliense.com.br\/cbradar\/","name":"Correio Braziliense - Radar","description":"Acompanhe as \u00faltimas not\u00edcias e fique bem informado sobre tudo o que acontece no Brasil e no mundo.","potentialAction":[{"@type":"SearchAction","target":{"@type":"EntryPoint","urlTemplate":"https:\/\/www.correiobraziliense.com.br\/cbradar\/?s={search_term_string}"},"query-input":{"@type":"PropertyValueSpecification","valueRequired":true,"valueName":"search_term_string"}}],"inLanguage":"pt-BR"},{"@type":"Person","@id":"https:\/\/www.correiobraziliense.com.br\/cbradar\/#\/schema\/person\/4cec7857301a9a1a2ef249893cd908d3","name":"Paulo Custodio","image":{"@type":"ImageObject","inLanguage":"pt-BR","@id":"https:\/\/www.correiobraziliense.com.br\/cbradar\/#\/schema\/person\/image\/","url":"https:\/\/secure.gravatar.com\/avatar\/bcd67168d1534e8fcf4f45c726a87cea?s=96&d=mm&r=g","contentUrl":"https:\/\/secure.gravatar.com\/avatar\/bcd67168d1534e8fcf4f45c726a87cea?s=96&d=mm&r=g","caption":"Paulo Custodio"},"sameAs":["https:\/\/www.correiobraziliense.com.br\/cbradar"],"url":"https:\/\/www.correiobraziliense.com.br\/cbradar\/author\/paulomyth\/"}]}},"_links":{"self":[{"href":"https:\/\/www.correiobraziliense.com.br\/cbradar\/wp-json\/wp\/v2\/posts\/209732","targetHints":{"allow":["GET"]}}],"collection":[{"href":"https:\/\/www.correiobraziliense.com.br\/cbradar\/wp-json\/wp\/v2\/posts"}],"about":[{"href":"https:\/\/www.correiobraziliense.com.br\/cbradar\/wp-json\/wp\/v2\/types\/post"}],"author":[{"embeddable":true,"href":"https:\/\/www.correiobraziliense.com.br\/cbradar\/wp-json\/wp\/v2\/users\/11"}],"replies":[{"embeddable":true,"href":"https:\/\/www.correiobraziliense.com.br\/cbradar\/wp-json\/wp\/v2\/comments?post=209732"}],"version-history":[{"count":2,"href":"https:\/\/www.correiobraziliense.com.br\/cbradar\/wp-json\/wp\/v2\/posts\/209732\/revisions"}],"predecessor-version":[{"id":209759,"href":"https:\/\/www.correiobraziliense.com.br\/cbradar\/wp-json\/wp\/v2\/posts\/209732\/revisions\/209759"}],"wp:featuredmedia":[{"embeddable":true,"href":"https:\/\/www.correiobraziliense.com.br\/cbradar\/wp-json\/wp\/v2\/media\/210333"}],"wp:attachment":[{"href":"https:\/\/www.correiobraziliense.com.br\/cbradar\/wp-json\/wp\/v2\/media?parent=209732"}],"wp:term":[{"taxonomy":"category","embeddable":true,"href":"https:\/\/www.correiobraziliense.com.br\/cbradar\/wp-json\/wp\/v2\/categories?post=209732"},{"taxonomy":"post_tag","embeddable":true,"href":"https:\/\/www.correiobraziliense.com.br\/cbradar\/wp-json\/wp\/v2\/tags?post=209732"}],"curies":[{"name":"wp","href":"https:\/\/api.w.org\/{rel}","templated":true}]}}