{"id":209817,"date":"2026-03-18T18:05:00","date_gmt":"2026-03-18T21:05:00","guid":{"rendered":"https:\/\/www.correiobraziliense.com.br\/cbradar\/?p=209817"},"modified":"2026-03-17T14:27:26","modified_gmt":"2026-03-17T17:27:26","slug":"psicologos-revelam-o-verdadeiro-significado-de-conduzir-um-veiculo-sempre-sujo","status":"publish","type":"post","link":"https:\/\/www.correiobraziliense.com.br\/cbradar\/psicologos-revelam-o-verdadeiro-significado-de-conduzir-um-veiculo-sempre-sujo\/","title":{"rendered":"Psic\u00f3logos revelam o verdadeiro significado de conduzir um ve\u00edculo sempre sujo"},"content":{"rendered":"\n<p>Compreender os motivos que levam algu\u00e9m a manter um <strong>ve\u00edculo sempre sujo<\/strong> facilita a identifica\u00e7\u00e3o de poss\u00edveis bloqueios emocionais. Especialistas em comportamento humano confirmam que a desorganiza\u00e7\u00e3o extrema do seu autom\u00f3vel costuma refletir diretamente o seu n\u00edvel de esgotamento psicol\u00f3gico rotineiro.<\/p>\n\n\n\n<h2 class=\"wp-block-heading\">Por que a bagun\u00e7a no autom\u00f3vel reflete a nossa mente?<\/h2>\n\n\n\n<p>O carro funciona como uma extens\u00e3o f\u00edsica e muito \u00edntima do nosso espa\u00e7o pessoal di\u00e1rio. Quando a mente enfrenta per\u00edodos de estresse intenso, a capacidade cerebral de priorizar tarefas simples e manter a ordem externa desaparece quase que instantaneamente.<\/p>\n\n\n\n<p>Essa neglig\u00eancia com o ambiente ao redor serve como um espelho cristalino da sobrecarga interna. A falta de energia vital para lavar os tapetes ou recolher embalagens vazias sinaliza que o sistema nervoso central opera no seu limite m\u00e1ximo de toler\u00e2ncia rotineira.<\/p>\n\n\n<div class=\"wp-block-image\">\n<figure class=\"aligncenter size-full\"><img decoding=\"async\" width=\"1280\" height=\"720\" src=\"https:\/\/www.correiobraziliense.com.br\/cbradar\/wp-content\/uploads\/2026\/03\/carro-sujo_1773712601953.jpg\" alt=\"Rela\u00e7\u00e3o entre a bagun\u00e7a no carro e a sa\u00fade mental\" class=\"wp-image-209856\" srcset=\"https:\/\/www.correiobraziliense.com.br\/cbradar\/wp-content\/uploads\/2026\/03\/carro-sujo_1773712601953.jpg 1280w, https:\/\/www.correiobraziliense.com.br\/cbradar\/wp-content\/uploads\/2026\/03\/carro-sujo_1773712601953-300x169.jpg 300w, https:\/\/www.correiobraziliense.com.br\/cbradar\/wp-content\/uploads\/2026\/03\/carro-sujo_1773712601953-768x432.jpg 768w, https:\/\/www.correiobraziliense.com.br\/cbradar\/wp-content\/uploads\/2026\/03\/carro-sujo_1773712601953-750x422.jpg 750w, https:\/\/www.correiobraziliense.com.br\/cbradar\/wp-content\/uploads\/2026\/03\/carro-sujo_1773712601953-1140x641.jpg 1140w\" sizes=\"(max-width: 1280px) 100vw, 1280px\" \/><figcaption class=\"wp-element-caption\">Rela\u00e7\u00e3o entre a bagun\u00e7a no carro e a sa\u00fade mental &#8211; Cr\u00e9ditos: depositphotos.com \/ OlegErin<\/figcaption><\/figure><\/div>\n\n\n<h2 class=\"wp-block-heading\">Quais s\u00e3o os sinais de alerta associados ao ac\u00famulo?<\/h2>\n\n\n\n<p>O ac\u00famulo progressivo de itens desnecess\u00e1rios no banco de tr\u00e1s ou no porta-malas revela uma paralisia na tomada de decis\u00f5es rotineiras. O c\u00e9rebro fadigado simplesmente ignora a sujeira visual para poupar os poucos recursos energ\u00e9ticos biol\u00f3gicos que ainda restam.<\/p>\n\n\n\n<p>Psic\u00f3logos mapeiam padr\u00f5es claros de comportamento que indicam um quadro de sofrimento mental invis\u00edvel. Analise os principais indicativos notados durante o uso di\u00e1rio da dire\u00e7\u00e3o:<\/p>\n\n\n\n<ul class=\"wp-block-list\">\n<li>Garrafas pl\u00e1sticas vazias e embalagens de comida espalhadas debaixo dos bancos.<\/li>\n\n\n\n<li>Roupas sujas, sapatos ou equipamentos esportivos abandonados no porta-malas h\u00e1 semanas.<\/li>\n\n\n\n<li>Poeira espessa no painel e vidros opacos que dificultam a vis\u00e3o perif\u00e9rica.<\/li>\n\n\n\n<li>Recibos de ped\u00e1gio e pap\u00e9is velhos amontoados nos compartimentos pl\u00e1sticos das portas.<\/li>\n<\/ul>\n\n\n\n<p>Leia tamb\u00e9m: <a href=\"https:\/\/www.correiobraziliense.com.br\/cbradar\/a-fruta-mais-antioxidante-da-natureza-que-ajuda-a-proteger-as-celulas-contra-o-cancer\/\" target=\"_blank\" rel=\"noreferrer noopener\">A fruta mais antioxidante da natureza que ajuda a proteger as c\u00e9lulas contra o c\u00e2ncer<\/a><\/p>\n\n\n\n<h2 class=\"wp-block-heading\">Como a exaust\u00e3o emocional afeta a rotina de limpeza?<\/h2>\n\n\n\n<p>A exaust\u00e3o profunda drena a motiva\u00e7\u00e3o prim\u00e1ria necess\u00e1ria para executar manuten\u00e7\u00f5es preventivas b\u00e1sicas. Pessoas enfrentando quadros depressivos relatam uma sensa\u00e7\u00e3o de peso f\u00edsico constante, transformando a simples a\u00e7\u00e3o de esvaziar a lixeira automotiva em um fardo gigantesco e doloroso.<\/p>\n\n\n\n<p>Documentos revisados clinicamente pela <a href=\"https:\/\/www.apa.org\/topics\/stress\" target=\"_blank\" rel=\"noreferrer noopener\"><strong>Associa\u00e7\u00e3o Americana de Psicologia<\/strong><\/a> atestam que o estresse cr\u00f4nico reduz severamente o funcionamento executivo do c\u00e9rebro. Esse bloqueio cognitivo impede o planejamento de etapas sequenciais simples, como agendar uma lavagem completa na sexta-feira.<\/p>\n\n\n\n<h3 class=\"wp-block-heading\">Qual a rela\u00e7\u00e3o direta com a ansiedade severa?<\/h3>\n\n\n\n<p>A ansiedade constante cria uma urg\u00eancia interna que anula a aten\u00e7\u00e3o aos detalhes est\u00e9ticos do transporte di\u00e1rio. O condutor foca apenas na sobreviv\u00eancia imediata e no trajeto percorrido, ignorando totalmente a desordem material crescente ao seu redor durante o trajeto.<\/p>\n\n\n\n<h2 class=\"wp-block-heading\">O que a ci\u00eancia explica sobre a carga cognitiva do ambiente?<\/h2>\n\n\n\n<p>A ci\u00eancia comprova que o excesso de est\u00edmulos visuais desorganizados eleva rapidamente a produ\u00e7\u00e3o de cortisol na corrente sangu\u00ednea. Esse horm\u00f4nio potencializa a fadiga f\u00edsica e diminui drasticamente o foco durante as ultrapassagens e manobras mais complexas no tr\u00e2nsito pesado.<\/p>\n\n\n\n<p>O estudo aprofundado da <a href=\"https:\/\/pt.wikipedia.org\/wiki\/Psicologia_ambiental\" target=\"_blank\" rel=\"noreferrer noopener\"><strong>Psicologia ambiental<\/strong><\/a> detalha como os espa\u00e7os f\u00edsicos interagem com as emo\u00e7\u00f5es humanas. Conduzir cercado por lixo intensifica a irritabilidade natural e piora a qualidade do descanso ap\u00f3s o expediente de trabalho exaustivo.<\/p>\n\n\n<div class=\"wp-block-image\">\n<figure class=\"aligncenter size-full\"><img decoding=\"async\" width=\"1280\" height=\"720\" src=\"https:\/\/www.correiobraziliense.com.br\/cbradar\/wp-content\/uploads\/2026\/03\/imagem_2026-03-16_231043384.png\" alt=\"Rela\u00e7\u00e3o entre a bagun\u00e7a no carro e a sa\u00fade mental\" class=\"wp-image-209865\" srcset=\"https:\/\/www.correiobraziliense.com.br\/cbradar\/wp-content\/uploads\/2026\/03\/imagem_2026-03-16_231043384.png 1280w, https:\/\/www.correiobraziliense.com.br\/cbradar\/wp-content\/uploads\/2026\/03\/imagem_2026-03-16_231043384-300x169.png 300w, https:\/\/www.correiobraziliense.com.br\/cbradar\/wp-content\/uploads\/2026\/03\/imagem_2026-03-16_231043384-768x432.png 768w, https:\/\/www.correiobraziliense.com.br\/cbradar\/wp-content\/uploads\/2026\/03\/imagem_2026-03-16_231043384-750x422.png 750w, https:\/\/www.correiobraziliense.com.br\/cbradar\/wp-content\/uploads\/2026\/03\/imagem_2026-03-16_231043384-1140x641.png 1140w\" sizes=\"(max-width: 1280px) 100vw, 1280px\" \/><figcaption class=\"wp-element-caption\">Rela\u00e7\u00e3o entre a bagun\u00e7a no carro e a sa\u00fade mental<\/figcaption><\/figure><\/div>\n\n\n<p>Leia tamb\u00e9m: <a href=\"https:\/\/www.correiobraziliense.com.br\/cbradar\/a-fruta-mais-antioxidante-da-natureza-que-ajuda-a-proteger-as-celulas-contra-o-cancer\/\" target=\"_blank\" rel=\"noreferrer noopener\">A fruta mais antioxidante da natureza que ajuda a proteger as c\u00e9lulas contra o c\u00e2ncer<\/a><\/p>\n\n\n\n<h3 class=\"wp-block-heading\">Como o cheiro afeta o seu humor na dire\u00e7\u00e3o?<\/h3>\n\n\n\n<p>Odor de comida velha ou de tecidos \u00famidos mofados afeta negativamente o sistema l\u00edmbico do c\u00e9rebro, respons\u00e1vel pelo processamento das emo\u00e7\u00f5es. Um habit\u00e1culo com cheiro agrad\u00e1vel e fresco promove relaxamento muscular e torna as longas viagens urbanas muito menos desgastantes.<\/p>\n\n\n\n<h2 class=\"wp-block-heading\">Como reverter esse quadro e recuperar o controle di\u00e1rio?<\/h2>\n\n\n\n<p>O primeiro passo para quebrar esse ciclo paralisante exige pequenas a\u00e7\u00f5es consistentes e totalmente livres de julgamento pessoal. Retirar apenas uma sacola de lixo por dia reprograma o c\u00e9rebro aos poucos, devolvendo a sensa\u00e7\u00e3o de capacidade realizadora e autonomia plena.<\/p>\n\n\n\n<p>Restaurar a limpeza do seu autom\u00f3vel melhora a autoestima e cria um ref\u00fagio de paz para os percursos di\u00e1rios. O cuidado com o ambiente material reflete o carinho com a pr\u00f3pria sa\u00fade mental, qual pequeno h\u00e1bito de arruma\u00e7\u00e3o voc\u00ea iniciar\u00e1 amanh\u00e3 cedo?<\/p>\n","protected":false},"excerpt":{"rendered":"<p>Compreender os motivos que levam algu\u00e9m a manter um ve\u00edculo sempre sujo facilita a identifica\u00e7\u00e3o de poss\u00edveis bloqueios emocionais. Especialistas em comportamento humano confirmam que a desorganiza\u00e7\u00e3o extrema do seu autom\u00f3vel costuma refletir diretamente o seu n\u00edvel de esgotamento psicol\u00f3gico rotineiro. Por que a bagun\u00e7a no autom\u00f3vel reflete a nossa mente? O carro funciona como [&hellip;]<\/p>\n","protected":false},"author":11,"featured_media":210334,"comment_status":"open","ping_status":"open","sticky":false,"template":"","format":"standard","meta":{"_yoast_wpseo_focuskw":"ve\u00edculo sempre sujo","_yoast_wpseo_title":"","_yoast_wpseo_metadesc":"O seu carro vive desorganizado? Psic\u00f3logos explicam a profunda rela\u00e7\u00e3o entre a bagun\u00e7a di\u00e1ria no tr\u00e2nsito e os altos n\u00edveis de exaust\u00e3o mental cr\u00f4nica.","jnews-multi-image_gallery":[],"jnews_single_post":{"format":"standard"},"jnews_primary_category":[],"jnews_social_meta":[],"jnews_override_counter":[],"footnotes":""},"categories":[119],"tags":[121,16240,7471,10375],"class_list":["post-209817","post","type-post","status-publish","format-standard","has-post-thumbnail","hentry","category-bem-estar","tag-estresse","tag-organizacao-2","tag-psicologia-ambiental","tag-saude-mental-2"],"yoast_head":"<!-- This site is optimized with the Yoast SEO plugin v24.6 - https:\/\/yoast.com\/wordpress\/plugins\/seo\/ -->\n<title>Psic\u00f3logos revelam o verdadeiro significado de conduzir um ve\u00edculo sempre sujo - Correio Braziliense - Radar<\/title>\n<meta name=\"description\" content=\"O seu carro vive desorganizado? Psic\u00f3logos explicam a profunda rela\u00e7\u00e3o entre a bagun\u00e7a di\u00e1ria no tr\u00e2nsito e os altos n\u00edveis de exaust\u00e3o mental cr\u00f4nica.\" \/>\n<meta name=\"robots\" content=\"index, follow, max-snippet:-1, max-image-preview:large, max-video-preview:-1\" \/>\n<link rel=\"canonical\" href=\"https:\/\/www.correiobraziliense.com.br\/cbradar\/psicologos-revelam-o-verdadeiro-significado-de-conduzir-um-veiculo-sempre-sujo\/\" \/>\n<meta property=\"og:locale\" content=\"pt_BR\" \/>\n<meta property=\"og:type\" content=\"article\" \/>\n<meta property=\"og:title\" content=\"Psic\u00f3logos revelam o verdadeiro significado de conduzir um ve\u00edculo sempre sujo - Correio Braziliense - Radar\" \/>\n<meta property=\"og:description\" content=\"O seu carro vive desorganizado? Psic\u00f3logos explicam a profunda rela\u00e7\u00e3o entre a bagun\u00e7a di\u00e1ria no tr\u00e2nsito e os altos n\u00edveis de exaust\u00e3o mental cr\u00f4nica.\" \/>\n<meta property=\"og:url\" content=\"https:\/\/www.correiobraziliense.com.br\/cbradar\/psicologos-revelam-o-verdadeiro-significado-de-conduzir-um-veiculo-sempre-sujo\/\" \/>\n<meta property=\"og:site_name\" content=\"Correio Braziliense - Radar\" \/>\n<meta property=\"article:published_time\" content=\"2026-03-18T21:05:00+00:00\" \/>\n<meta property=\"og:image\" content=\"https:\/\/www.correiobraziliense.com.br\/cbradar\/wp-content\/uploads\/2026\/03\/Image_fx.png\" \/>\n\t<meta property=\"og:image:width\" content=\"1280\" \/>\n\t<meta property=\"og:image:height\" content=\"720\" \/>\n\t<meta property=\"og:image:type\" content=\"image\/png\" \/>\n<meta name=\"author\" content=\"Paulo Custodio\" \/>\n<meta name=\"twitter:card\" content=\"summary_large_image\" \/>\n<meta name=\"twitter:label1\" content=\"Escrito por\" \/>\n\t<meta name=\"twitter:data1\" content=\"Paulo Custodio\" \/>\n\t<meta name=\"twitter:label2\" content=\"Est. tempo de leitura\" \/>\n\t<meta name=\"twitter:data2\" content=\"5 minutos\" \/>\n<!-- \/ Yoast SEO plugin. -->","yoast_head_json":{"title":"Psic\u00f3logos revelam o verdadeiro significado de conduzir um ve\u00edculo sempre sujo - Correio Braziliense - Radar","description":"O seu carro vive desorganizado? Psic\u00f3logos explicam a profunda rela\u00e7\u00e3o entre a bagun\u00e7a di\u00e1ria no tr\u00e2nsito e os altos n\u00edveis de exaust\u00e3o mental cr\u00f4nica.","robots":{"index":"index","follow":"follow","max-snippet":"max-snippet:-1","max-image-preview":"max-image-preview:large","max-video-preview":"max-video-preview:-1"},"canonical":"https:\/\/www.correiobraziliense.com.br\/cbradar\/psicologos-revelam-o-verdadeiro-significado-de-conduzir-um-veiculo-sempre-sujo\/","og_locale":"pt_BR","og_type":"article","og_title":"Psic\u00f3logos revelam o verdadeiro significado de conduzir um ve\u00edculo sempre sujo - Correio Braziliense - Radar","og_description":"O seu carro vive desorganizado? Psic\u00f3logos explicam a profunda rela\u00e7\u00e3o entre a bagun\u00e7a di\u00e1ria no tr\u00e2nsito e os altos n\u00edveis de exaust\u00e3o mental cr\u00f4nica.","og_url":"https:\/\/www.correiobraziliense.com.br\/cbradar\/psicologos-revelam-o-verdadeiro-significado-de-conduzir-um-veiculo-sempre-sujo\/","og_site_name":"Correio Braziliense - Radar","article_published_time":"2026-03-18T21:05:00+00:00","og_image":[{"width":1280,"height":720,"url":"https:\/\/www.correiobraziliense.com.br\/cbradar\/wp-content\/uploads\/2026\/03\/Image_fx.png","type":"image\/png"}],"author":"Paulo Custodio","twitter_card":"summary_large_image","twitter_misc":{"Escrito por":"Paulo Custodio","Est. tempo de leitura":"5 minutos"},"schema":{"@context":"https:\/\/schema.org","@graph":[{"@type":"WebPage","@id":"https:\/\/www.correiobraziliense.com.br\/cbradar\/psicologos-revelam-o-verdadeiro-significado-de-conduzir-um-veiculo-sempre-sujo\/","url":"https:\/\/www.correiobraziliense.com.br\/cbradar\/psicologos-revelam-o-verdadeiro-significado-de-conduzir-um-veiculo-sempre-sujo\/","name":"Psic\u00f3logos revelam o verdadeiro significado de conduzir um ve\u00edculo sempre sujo - Correio Braziliense - Radar","isPartOf":{"@id":"https:\/\/www.correiobraziliense.com.br\/cbradar\/#website"},"primaryImageOfPage":{"@id":"https:\/\/www.correiobraziliense.com.br\/cbradar\/psicologos-revelam-o-verdadeiro-significado-de-conduzir-um-veiculo-sempre-sujo\/#primaryimage"},"image":{"@id":"https:\/\/www.correiobraziliense.com.br\/cbradar\/psicologos-revelam-o-verdadeiro-significado-de-conduzir-um-veiculo-sempre-sujo\/#primaryimage"},"thumbnailUrl":"https:\/\/www.correiobraziliense.com.br\/cbradar\/wp-content\/uploads\/2026\/03\/Image_fx.png","datePublished":"2026-03-18T21:05:00+00:00","author":{"@id":"https:\/\/www.correiobraziliense.com.br\/cbradar\/#\/schema\/person\/4cec7857301a9a1a2ef249893cd908d3"},"description":"O seu carro vive desorganizado? Psic\u00f3logos explicam a profunda rela\u00e7\u00e3o entre a bagun\u00e7a di\u00e1ria no tr\u00e2nsito e os altos n\u00edveis de exaust\u00e3o mental cr\u00f4nica.","breadcrumb":{"@id":"https:\/\/www.correiobraziliense.com.br\/cbradar\/psicologos-revelam-o-verdadeiro-significado-de-conduzir-um-veiculo-sempre-sujo\/#breadcrumb"},"inLanguage":"pt-BR","potentialAction":[{"@type":"ReadAction","target":["https:\/\/www.correiobraziliense.com.br\/cbradar\/psicologos-revelam-o-verdadeiro-significado-de-conduzir-um-veiculo-sempre-sujo\/"]}]},{"@type":"ImageObject","inLanguage":"pt-BR","@id":"https:\/\/www.correiobraziliense.com.br\/cbradar\/psicologos-revelam-o-verdadeiro-significado-de-conduzir-um-veiculo-sempre-sujo\/#primaryimage","url":"https:\/\/www.correiobraziliense.com.br\/cbradar\/wp-content\/uploads\/2026\/03\/Image_fx.png","contentUrl":"https:\/\/www.correiobraziliense.com.br\/cbradar\/wp-content\/uploads\/2026\/03\/Image_fx.png","width":1280,"height":720,"caption":"Ambientes desorganizados podem estar associados a n\u00edveis mais altos de estresse ou cansa\u00e7o mental"},{"@type":"BreadcrumbList","@id":"https:\/\/www.correiobraziliense.com.br\/cbradar\/psicologos-revelam-o-verdadeiro-significado-de-conduzir-um-veiculo-sempre-sujo\/#breadcrumb","itemListElement":[{"@type":"ListItem","position":1,"name":"In\u00edcio","item":"https:\/\/www.correiobraziliense.com.br\/cbradar\/"},{"@type":"ListItem","position":2,"name":"Psic\u00f3logos revelam o verdadeiro significado de conduzir um ve\u00edculo sempre sujo"}]},{"@type":"WebSite","@id":"https:\/\/www.correiobraziliense.com.br\/cbradar\/#website","url":"https:\/\/www.correiobraziliense.com.br\/cbradar\/","name":"Correio Braziliense - Radar","description":"Acompanhe as \u00faltimas not\u00edcias e fique bem informado sobre tudo o que acontece no Brasil e no mundo.","potentialAction":[{"@type":"SearchAction","target":{"@type":"EntryPoint","urlTemplate":"https:\/\/www.correiobraziliense.com.br\/cbradar\/?s={search_term_string}"},"query-input":{"@type":"PropertyValueSpecification","valueRequired":true,"valueName":"search_term_string"}}],"inLanguage":"pt-BR"},{"@type":"Person","@id":"https:\/\/www.correiobraziliense.com.br\/cbradar\/#\/schema\/person\/4cec7857301a9a1a2ef249893cd908d3","name":"Paulo Custodio","image":{"@type":"ImageObject","inLanguage":"pt-BR","@id":"https:\/\/www.correiobraziliense.com.br\/cbradar\/#\/schema\/person\/image\/","url":"https:\/\/secure.gravatar.com\/avatar\/bcd67168d1534e8fcf4f45c726a87cea?s=96&d=mm&r=g","contentUrl":"https:\/\/secure.gravatar.com\/avatar\/bcd67168d1534e8fcf4f45c726a87cea?s=96&d=mm&r=g","caption":"Paulo Custodio"},"sameAs":["https:\/\/www.correiobraziliense.com.br\/cbradar"],"url":"https:\/\/www.correiobraziliense.com.br\/cbradar\/author\/paulomyth\/"}]}},"_links":{"self":[{"href":"https:\/\/www.correiobraziliense.com.br\/cbradar\/wp-json\/wp\/v2\/posts\/209817","targetHints":{"allow":["GET"]}}],"collection":[{"href":"https:\/\/www.correiobraziliense.com.br\/cbradar\/wp-json\/wp\/v2\/posts"}],"about":[{"href":"https:\/\/www.correiobraziliense.com.br\/cbradar\/wp-json\/wp\/v2\/types\/post"}],"author":[{"embeddable":true,"href":"https:\/\/www.correiobraziliense.com.br\/cbradar\/wp-json\/wp\/v2\/users\/11"}],"replies":[{"embeddable":true,"href":"https:\/\/www.correiobraziliense.com.br\/cbradar\/wp-json\/wp\/v2\/comments?post=209817"}],"version-history":[{"count":2,"href":"https:\/\/www.correiobraziliense.com.br\/cbradar\/wp-json\/wp\/v2\/posts\/209817\/revisions"}],"predecessor-version":[{"id":209867,"href":"https:\/\/www.correiobraziliense.com.br\/cbradar\/wp-json\/wp\/v2\/posts\/209817\/revisions\/209867"}],"wp:featuredmedia":[{"embeddable":true,"href":"https:\/\/www.correiobraziliense.com.br\/cbradar\/wp-json\/wp\/v2\/media\/210334"}],"wp:attachment":[{"href":"https:\/\/www.correiobraziliense.com.br\/cbradar\/wp-json\/wp\/v2\/media?parent=209817"}],"wp:term":[{"taxonomy":"category","embeddable":true,"href":"https:\/\/www.correiobraziliense.com.br\/cbradar\/wp-json\/wp\/v2\/categories?post=209817"},{"taxonomy":"post_tag","embeddable":true,"href":"https:\/\/www.correiobraziliense.com.br\/cbradar\/wp-json\/wp\/v2\/tags?post=209817"}],"curies":[{"name":"wp","href":"https:\/\/api.w.org\/{rel}","templated":true}]}}