{"id":20983,"date":"2025-04-09T10:30:00","date_gmt":"2025-04-09T13:30:00","guid":{"rendered":"https:\/\/www.correiobraziliense.com.br\/cbradar\/?p=20983"},"modified":"2025-06-28T18:52:32","modified_gmt":"2025-06-28T21:52:32","slug":"conheca-a-serie-da-netflix-que-esta-deixando-todos-de-cabelo-em-pe","status":"publish","type":"post","link":"https:\/\/www.correiobraziliense.com.br\/cbradar\/conheca-a-serie-da-netflix-que-esta-deixando-todos-de-cabelo-em-pe\/","title":{"rendered":"Conhe\u00e7a a s\u00e9rie da Netflix que est\u00e1 deixando todos de cabelo em p\u00e9"},"content":{"rendered":"\n<p>A miniss\u00e9rie alem\u00e3 &#8220;<strong>Depois da Cabana<\/strong>&#8221; chegou \u00e0 <a href=\"https:\/\/www.correiobraziliense.com.br\/cbradar\/a-serie-perfeita-para-quem-se-apaixonou-por-la-la-land-esta-escondida-na-netflix\/\" target=\"_blank\" rel=\"noreferrer noopener\"><strong>Netflix<\/strong> <\/a>em setembro de 2023 e rapidamente alcan\u00e7ou o topo das produ\u00e7\u00f5es mais assistidas, estabelecendo um novo padr\u00e3o para thrillers psicol\u00f3gicos produzidos fora do eixo anglo-sax\u00e3o. Baseada no best-seller &#8220;<strong>Dear Child<\/strong>&#8221; de <strong>Romy Hausmann<\/strong>, a produ\u00e7\u00e3o representa um marco significativo como a segunda s\u00e9rie original alem\u00e3 da plataforma no pa\u00eds, consolidando o interesse global por narrativas europeias de suspense psicol\u00f3gico.<\/p>\n\n\n\n<p>A trajet\u00f3ria de sucesso reflete mudan\u00e7as importantes no consumo de entretenimento digital, onde audi\u00eancias demonstram crescente receptividade a conte\u00fados subtitulados de alta qualidade. Com seis epis\u00f3dios de aproximadamente 46 minutos cada, &#8220;<strong>Depois da Cabana<\/strong>&#8221; oferece formato ideal para consumo em streaming, permitindo maratona completa sem comprometer a densidade narrativa. A s\u00e9rie conquistou nota 7,5 no <strong>IMDb<\/strong> e reconhecimento cr\u00edtico internacional, demonstrando que produ\u00e7\u00f5es alem\u00e3s podem competir globalmente com or\u00e7amentos menores que blockbusters americanos.<\/p>\n\n\n\n<h2 class=\"wp-block-heading\"><strong>Por que a abordagem narrativa fragmentada fascina tanto o p\u00fablico?<\/strong><\/h2>\n\n\n\n<p>A estrutura narrativa de &#8220;<strong>Depois da Cabana<\/strong>&#8221; utiliza m\u00faltiplas perspectivas temporais para construir um quebra-cabe\u00e7a psicol\u00f3gico que mant\u00e9m espectadores engajados atrav\u00e9s de revela\u00e7\u00f5es graduais. A hist\u00f3ria se inicia com a fuga de <strong>Jasmin<\/strong> (<strong>Kim Riedle<\/strong>), que se fazia passar por <strong>Lena Beck<\/strong>, abrindo investiga\u00e7\u00e3o que conecta seu cativeiro a um desaparecimento ocorrido 13 anos antes. Esta abordagem n\u00e3o-linear permite explora\u00e7\u00e3o profunda de trauma psicol\u00f3gico sem recorrer a reviravoltas sensacionalistas.<\/p>\n\n\n\n<p>A dire\u00e7\u00e3o de <strong>Isabel Kleefeld<\/strong> e <strong>Julian P\u00f6rksen<\/strong> privilegia o desenvolvimento de personagens sobre a\u00e7\u00e3o tradicional, criando tens\u00e3o atrav\u00e9s de revela\u00e7\u00f5es emocionais e descobertas investigativas. O roteiro evita clich\u00eas t\u00edpicos do g\u00eanero thriller, optando por an\u00e1lise psicol\u00f3gica realista dos efeitos do cativeiro prolongado. A trilha sonora de <strong>Gustavo Santaolalla<\/strong>, compositor vencedor do <strong>Oscar<\/strong> por &#8220;<strong>O Segredo de Brokeback Mountain<\/strong>&#8221; e &#8220;<strong>Babel<\/strong>&#8220;, adiciona camada emocional que intensifica momentos de tens\u00e3o sem sobrecarregar a narrativa com dramatiza\u00e7\u00e3o excessiva.<\/p>\n\n\n\n<figure class=\"wp-block-image size-large\"><img decoding=\"async\" width=\"1024\" height=\"576\" src=\"https:\/\/www.correiobraziliense.com.br\/cbradar\/wp-content\/uploads\/2025\/04\/Depois-da-Cabana-2-1024x576.png\" alt=\"Conhe\u00e7a a s\u00e9rie da Netflix que est\u00e1 deixando todos de cabelo em p\u00e9\" class=\"wp-image-20984\" srcset=\"https:\/\/www.correiobraziliense.com.br\/cbradar\/wp-content\/uploads\/2025\/04\/Depois-da-Cabana-2-1024x576.png 1024w, https:\/\/www.correiobraziliense.com.br\/cbradar\/wp-content\/uploads\/2025\/04\/Depois-da-Cabana-2-300x169.png 300w, https:\/\/www.correiobraziliense.com.br\/cbradar\/wp-content\/uploads\/2025\/04\/Depois-da-Cabana-2-768x432.png 768w, https:\/\/www.correiobraziliense.com.br\/cbradar\/wp-content\/uploads\/2025\/04\/Depois-da-Cabana-2-750x422.png 750w, https:\/\/www.correiobraziliense.com.br\/cbradar\/wp-content\/uploads\/2025\/04\/Depois-da-Cabana-2-1140x641.png 1140w, https:\/\/www.correiobraziliense.com.br\/cbradar\/wp-content\/uploads\/2025\/04\/Depois-da-Cabana-2.png 1280w\" sizes=\"(max-width: 1024px) 100vw, 1024px\" \/><figcaption class=\"wp-element-caption\">Depois da Cabana. Fonte: divulga\u00e7\u00e3o \/ Netflix<\/figcaption><\/figure>\n\n\n\n<h2 class=\"wp-block-heading\"><strong>Como a s\u00e9rie retrata cientificamente o trauma p\u00f3s-traum\u00e1tico?<\/strong><\/h2>\n\n\n\n<p>&#8220;<strong>Depois da Cabana<\/strong>&#8221; destaca-se por representa\u00e7\u00e3o precisa e respeitosa do transtorno de estresse p\u00f3s-traum\u00e1tico, evitando glamouriza\u00e7\u00e3o ou simplifica\u00e7\u00e3o excessiva dos sintomas. A s\u00e9rie apresenta diferentes manifesta\u00e7\u00f5es do trauma atrav\u00e9s de personagens diversos: as crian\u00e7as <strong>Hannah<\/strong> (<strong>Naila Schuberth<\/strong>) e <strong>Jonathan<\/strong> (<strong>Sammy Schrein<\/strong>), criadas em cativeiro, demonstram comportamentos adaptativos complexos, enquanto familiares de v\u00edtimas exibem padr\u00f5es de luto prolongado e nega\u00e7\u00e3o.<\/p>\n\n\n\n<p>A produ\u00e7\u00e3o consulta especialistas para garantir autenticidade na representa\u00e7\u00e3o de gatilhos emocionais, flashbacks e mecanismos de defesa psicol\u00f3gica. O personagem de <strong>Hannah<\/strong> merece destaque especial pela performance de <strong>Naila Schuberth<\/strong>, que retrata com sensibilidade uma crian\u00e7a que desenvolveu comportamentos de sobreviv\u00eancia extremamente estruturados. A s\u00e9rie demonstra como v\u00edtimas de sequestro podem internalizar regras impostas por sequestradores, criando conflitos internos complexos mesmo ap\u00f3s liberta\u00e7\u00e3o.<\/p>\n\n\n\n<h2 class=\"wp-block-heading\"><strong>Qual o impacto cultural das produ\u00e7\u00f5es alem\u00e3s na Netflix?<\/strong><\/h2>\n\n\n\n<p>O sucesso de &#8220;<strong>Depois da Cabana<\/strong>&#8221; consolida tend\u00eancia de valoriza\u00e7\u00e3o do conte\u00fado alem\u00e3o na plataforma, iniciada com o fen\u00f4meno global &#8220;<strong>Dark<\/strong>&#8220;. A <strong>Netflix<\/strong> investiu estrategicamente no mercado alem\u00e3o, reconhecendo potencial criativo e t\u00e9cnico de produtores locais para criar narrativas universalmente atrativas. Esta abordagem resulta em custos de produ\u00e7\u00e3o mais controlados comparados a equivalentes americanos, mantendo qualidade t\u00e9cnica e narrativa competitiva.<\/p>\n\n\n\n<p>A recep\u00e7\u00e3o internacional positiva demonstra que audi\u00eancias globais est\u00e3o dispostas a investir tempo em hist\u00f3rias complexas e culturalmente espec\u00edficas, desde que ofere\u00e7am qualidade t\u00e9cnica e emocional. O modelo alem\u00e3o de thriller psicol\u00f3gico, caracterizado por ritmo deliberado e desenvolvimento de personagem profundo, oferece alternativa refrescante ao formato mais acelerado t\u00edpico de produ\u00e7\u00f5es americanas. Esta diversifica\u00e7\u00e3o beneficia tanto consumidores, que t\u00eam acesso a perspectivas narrativas variadas, quanto a <strong>Netflix<\/strong>, que reduz depend\u00eancia de conte\u00fado anglo-sax\u00e3o.<\/p>\n\n\n\n<h2 class=\"wp-block-heading\"><strong>Como a adapta\u00e7\u00e3o liter\u00e1ria preserva a ess\u00eancia do material original?<\/strong><\/h2>\n\n\n\n<p>A transi\u00e7\u00e3o do romance &#8220;<strong>Dear Child<\/strong>&#8221; para formato audiovisual apresentou desafios significativos de condensa\u00e7\u00e3o narrativa sem perder complexidade psicol\u00f3gica. <strong>Romy Hausmann<\/strong> construiu um thriller liter\u00e1rio de quase 400 p\u00e1ginas explorando minuciosamente a psicologia de cada personagem, exigindo escolhas editoriais cuidadosas para adapta\u00e7\u00e3o televisiva. Os roteiristas <strong>Isabel Kleefeld<\/strong> e <strong>Julian P\u00f6rksen<\/strong> priorizaram elementos emocionais centrais sobre detalhes secund\u00e1rios da trama.<\/p>\n\n\n\n<p>Algumas altera\u00e7\u00f5es na adapta\u00e7\u00e3o geraram controv\u00e9rsia entre f\u00e3s do livro original, particularmente modifica\u00e7\u00f5es no desenvolvimento de certos personagens e na cronologia dos eventos. Cr\u00edticos especializados observaram que a s\u00e9rie se distancia em pontos espec\u00edficos do material fonte, abra\u00e7ando elementos mais convencionais do g\u00eanero thriller televisivo. Entretanto, a ess\u00eancia tem\u00e1tica sobre trauma, resili\u00eancia e investiga\u00e7\u00e3o policial permanece intacta, preservando impacto emocional e social da obra original.<\/p>\n\n\n\n<h2 class=\"wp-block-heading\"><strong>Que precedentes a s\u00e9rie estabelece para futuras produ\u00e7\u00f5es europeias?<\/strong><\/h2>\n\n\n\n<p>&#8220;<strong>Depois da Cabana<\/strong>&#8221; demonstra viabilidade comercial de thrillers psicol\u00f3gicos europeus no mercado global de streaming, encorajando investimentos similares em outros pa\u00edses da regi\u00e3o. O sucesso da produ\u00e7\u00e3o alem\u00e3 abre caminho para maior diversidade cultural no cat\u00e1logo da <strong>Netflix<\/strong>, potencialmente influenciando estrat\u00e9gias de conte\u00fado de outras plataformas concorrentes. Esta tend\u00eancia beneficia audi\u00eancias atrav\u00e9s de maior variedade narrativa e cultural.<\/p>\n\n\n\n<p>O modelo de produ\u00e7\u00e3o estabelecido pela s\u00e9rie &#8211; or\u00e7amento controlado, foco em qualidade narrativa, casting local talentoso e temas universalmente relevantes &#8211; pode ser replicado em outras cinematografias europeias. A <strong>Netflix<\/strong> demonstrou disposi\u00e7\u00e3o para investir em conte\u00fado n\u00e3o-angl\u00f3fono quando identifica potencial de alcance global, criando oportunidades para produtores de pa\u00edses tradicionalmente marginalizados na ind\u00fastria audiovisual internacional. O sucesso de &#8220;<strong>Depois da Cabana<\/strong>&#8221; confirma que qualidade storytelling transcende barreiras lingu\u00edsticas e culturais no ambiente digital contempor\u00e2neo.<\/p>\n","protected":false},"excerpt":{"rendered":"<p>A miniss\u00e9rie &#8216;Depois da Cabana&#8217; revela os efeitos do abuso psicol\u00f3gico e seu impacto duradouro. Baseado no livro &#8216;Dear Child&#8217;.<\/p>\n","protected":false},"author":3,"featured_media":20985,"comment_status":"open","ping_status":"open","sticky":false,"template":"","format":"standard","meta":{"_yoast_wpseo_focuskw":"Depois da Cabana","_yoast_wpseo_title":"%%title%%","_yoast_wpseo_metadesc":"A miniss\u00e9rie 'Depois da Cabana' revela os efeitos do abuso psicol\u00f3gico e seu impacto duradouro. Baseado no livro 'Dear Child'.","jnews-multi-image_gallery":[],"jnews_single_post":{"format":"standard"},"jnews_primary_category":[],"jnews_social_meta":[],"jnews_override_counter":[],"footnotes":""},"categories":[140],"post_tag":[141,568],"class_list":["post-20983","post","type-post","status-publish","format-standard","has-post-thumbnail","hentry","category-entretenimento","tag-netflix","tag-series-e-filmes"],"yoast_head":"<!-- This site is optimized with the Yoast SEO plugin v24.6 - https:\/\/yoast.com\/wordpress\/plugins\/seo\/ -->\n<title>Conhe\u00e7a a s\u00e9rie da Netflix que est\u00e1 deixando todos de cabelo em p\u00e9<\/title>\n<meta name=\"description\" content=\"A miniss\u00e9rie &#039;Depois da Cabana&#039; revela os efeitos do abuso psicol\u00f3gico e seu impacto duradouro. Baseado no livro &#039;Dear Child&#039;.\" \/>\n<meta name=\"robots\" content=\"index, follow, max-snippet:-1, max-image-preview:large, max-video-preview:-1\" \/>\n<link rel=\"canonical\" href=\"https:\/\/www.correiobraziliense.com.br\/cbradar\/conheca-a-serie-da-netflix-que-esta-deixando-todos-de-cabelo-em-pe\/\" \/>\n<meta property=\"og:locale\" content=\"pt_BR\" \/>\n<meta property=\"og:type\" content=\"article\" \/>\n<meta property=\"og:title\" content=\"Conhe\u00e7a a s\u00e9rie da Netflix que est\u00e1 deixando todos de cabelo em p\u00e9\" \/>\n<meta property=\"og:description\" content=\"A miniss\u00e9rie &#039;Depois da Cabana&#039; revela os efeitos do abuso psicol\u00f3gico e seu impacto duradouro. Baseado no livro &#039;Dear Child&#039;.\" \/>\n<meta property=\"og:url\" content=\"https:\/\/www.correiobraziliense.com.br\/cbradar\/conheca-a-serie-da-netflix-que-esta-deixando-todos-de-cabelo-em-pe\/\" \/>\n<meta property=\"og:site_name\" content=\"Correio Braziliense - Radar\" \/>\n<meta property=\"article:published_time\" content=\"2025-04-09T13:30:00+00:00\" \/>\n<meta property=\"article:modified_time\" content=\"2025-06-28T21:52:32+00:00\" \/>\n<meta property=\"og:image\" content=\"https:\/\/www.correiobraziliense.com.br\/cbradar\/wp-content\/uploads\/2025\/04\/Depois-da-Cabana.png\" \/>\n\t<meta property=\"og:image:width\" content=\"1280\" \/>\n\t<meta property=\"og:image:height\" content=\"720\" \/>\n\t<meta property=\"og:image:type\" content=\"image\/png\" \/>\n<meta name=\"author\" content=\"Larissa Carvalho\" \/>\n<meta name=\"twitter:card\" content=\"summary_large_image\" \/>\n<meta name=\"twitter:label1\" content=\"Escrito por\" \/>\n\t<meta name=\"twitter:data1\" content=\"Larissa Carvalho\" \/>\n\t<meta name=\"twitter:label2\" content=\"Est. tempo de leitura\" \/>\n\t<meta name=\"twitter:data2\" content=\"6 minutos\" \/>\n<!-- \/ Yoast SEO plugin. -->","yoast_head_json":{"title":"Conhe\u00e7a a s\u00e9rie da Netflix que est\u00e1 deixando todos de cabelo em p\u00e9","description":"A miniss\u00e9rie 'Depois da Cabana' revela os efeitos do abuso psicol\u00f3gico e seu impacto duradouro. Baseado no livro 'Dear Child'.","robots":{"index":"index","follow":"follow","max-snippet":"max-snippet:-1","max-image-preview":"max-image-preview:large","max-video-preview":"max-video-preview:-1"},"canonical":"https:\/\/www.correiobraziliense.com.br\/cbradar\/conheca-a-serie-da-netflix-que-esta-deixando-todos-de-cabelo-em-pe\/","og_locale":"pt_BR","og_type":"article","og_title":"Conhe\u00e7a a s\u00e9rie da Netflix que est\u00e1 deixando todos de cabelo em p\u00e9","og_description":"A miniss\u00e9rie 'Depois da Cabana' revela os efeitos do abuso psicol\u00f3gico e seu impacto duradouro. Baseado no livro 'Dear Child'.","og_url":"https:\/\/www.correiobraziliense.com.br\/cbradar\/conheca-a-serie-da-netflix-que-esta-deixando-todos-de-cabelo-em-pe\/","og_site_name":"Correio Braziliense - Radar","article_published_time":"2025-04-09T13:30:00+00:00","article_modified_time":"2025-06-28T21:52:32+00:00","og_image":[{"width":1280,"height":720,"url":"https:\/\/www.correiobraziliense.com.br\/cbradar\/wp-content\/uploads\/2025\/04\/Depois-da-Cabana.png","type":"image\/png"}],"author":"Larissa Carvalho","twitter_card":"summary_large_image","twitter_misc":{"Escrito por":"Larissa Carvalho","Est. tempo de leitura":"6 minutos"},"schema":{"@context":"https:\/\/schema.org","@graph":[{"@type":"WebPage","@id":"https:\/\/www.correiobraziliense.com.br\/cbradar\/conheca-a-serie-da-netflix-que-esta-deixando-todos-de-cabelo-em-pe\/","url":"https:\/\/www.correiobraziliense.com.br\/cbradar\/conheca-a-serie-da-netflix-que-esta-deixando-todos-de-cabelo-em-pe\/","name":"Conhe\u00e7a a s\u00e9rie da Netflix que est\u00e1 deixando todos de cabelo em p\u00e9","isPartOf":{"@id":"https:\/\/www.correiobraziliense.com.br\/cbradar\/#website"},"primaryImageOfPage":{"@id":"https:\/\/www.correiobraziliense.com.br\/cbradar\/conheca-a-serie-da-netflix-que-esta-deixando-todos-de-cabelo-em-pe\/#primaryimage"},"image":{"@id":"https:\/\/www.correiobraziliense.com.br\/cbradar\/conheca-a-serie-da-netflix-que-esta-deixando-todos-de-cabelo-em-pe\/#primaryimage"},"thumbnailUrl":"https:\/\/www.correiobraziliense.com.br\/cbradar\/wp-content\/uploads\/2025\/04\/Depois-da-Cabana.png","datePublished":"2025-04-09T13:30:00+00:00","dateModified":"2025-06-28T21:52:32+00:00","author":{"@id":"https:\/\/www.correiobraziliense.com.br\/cbradar\/#\/schema\/person\/58422787644df994b53a19d3e56c1513"},"description":"A miniss\u00e9rie 'Depois da Cabana' revela os efeitos do abuso psicol\u00f3gico e seu impacto duradouro. Baseado no livro 'Dear Child'.","breadcrumb":{"@id":"https:\/\/www.correiobraziliense.com.br\/cbradar\/conheca-a-serie-da-netflix-que-esta-deixando-todos-de-cabelo-em-pe\/#breadcrumb"},"inLanguage":"pt-BR","potentialAction":[{"@type":"ReadAction","target":["https:\/\/www.correiobraziliense.com.br\/cbradar\/conheca-a-serie-da-netflix-que-esta-deixando-todos-de-cabelo-em-pe\/"]}]},{"@type":"ImageObject","inLanguage":"pt-BR","@id":"https:\/\/www.correiobraziliense.com.br\/cbradar\/conheca-a-serie-da-netflix-que-esta-deixando-todos-de-cabelo-em-pe\/#primaryimage","url":"https:\/\/www.correiobraziliense.com.br\/cbradar\/wp-content\/uploads\/2025\/04\/Depois-da-Cabana.png","contentUrl":"https:\/\/www.correiobraziliense.com.br\/cbradar\/wp-content\/uploads\/2025\/04\/Depois-da-Cabana.png","width":1280,"height":720,"caption":"Depois da Cabana. Fonte: divulga\u00e7\u00e3o \/ Netflix"},{"@type":"BreadcrumbList","@id":"https:\/\/www.correiobraziliense.com.br\/cbradar\/conheca-a-serie-da-netflix-que-esta-deixando-todos-de-cabelo-em-pe\/#breadcrumb","itemListElement":[{"@type":"ListItem","position":1,"name":"In\u00edcio","item":"https:\/\/www.correiobraziliense.com.br\/cbradar\/"},{"@type":"ListItem","position":2,"name":"Conhe\u00e7a a s\u00e9rie da Netflix que est\u00e1 deixando todos de cabelo em p\u00e9"}]},{"@type":"WebSite","@id":"https:\/\/www.correiobraziliense.com.br\/cbradar\/#website","url":"https:\/\/www.correiobraziliense.com.br\/cbradar\/","name":"Correio Braziliense - Radar","description":"Acompanhe as \u00faltimas not\u00edcias e fique bem informado sobre tudo o que acontece no Brasil e no mundo.","potentialAction":[{"@type":"SearchAction","target":{"@type":"EntryPoint","urlTemplate":"https:\/\/www.correiobraziliense.com.br\/cbradar\/?s={search_term_string}"},"query-input":{"@type":"PropertyValueSpecification","valueRequired":true,"valueName":"search_term_string"}}],"inLanguage":"pt-BR"},{"@type":"Person","@id":"https:\/\/www.correiobraziliense.com.br\/cbradar\/#\/schema\/person\/58422787644df994b53a19d3e56c1513","name":"Larissa Carvalho","image":{"@type":"ImageObject","inLanguage":"pt-BR","@id":"https:\/\/www.correiobraziliense.com.br\/cbradar\/#\/schema\/person\/image\/","url":"https:\/\/secure.gravatar.com\/avatar\/fe4f91a0de32b52a838d0d612abdc1aa?s=96&d=mm&r=g","contentUrl":"https:\/\/secure.gravatar.com\/avatar\/fe4f91a0de32b52a838d0d612abdc1aa?s=96&d=mm&r=g","caption":"Larissa Carvalho"},"url":"https:\/\/www.correiobraziliense.com.br\/cbradar\/author\/larissamyth\/"}]}},"_links":{"self":[{"href":"https:\/\/www.correiobraziliense.com.br\/cbradar\/wp-json\/wp\/v2\/posts\/20983","targetHints":{"allow":["GET"]}}],"collection":[{"href":"https:\/\/www.correiobraziliense.com.br\/cbradar\/wp-json\/wp\/v2\/posts"}],"about":[{"href":"https:\/\/www.correiobraziliense.com.br\/cbradar\/wp-json\/wp\/v2\/types\/post"}],"author":[{"embeddable":true,"href":"https:\/\/www.correiobraziliense.com.br\/cbradar\/wp-json\/wp\/v2\/users\/3"}],"replies":[{"embeddable":true,"href":"https:\/\/www.correiobraziliense.com.br\/cbradar\/wp-json\/wp\/v2\/comments?post=20983"}],"version-history":[{"count":2,"href":"https:\/\/www.correiobraziliense.com.br\/cbradar\/wp-json\/wp\/v2\/posts\/20983\/revisions"}],"predecessor-version":[{"id":61047,"href":"https:\/\/www.correiobraziliense.com.br\/cbradar\/wp-json\/wp\/v2\/posts\/20983\/revisions\/61047"}],"wp:featuredmedia":[{"embeddable":true,"href":"https:\/\/www.correiobraziliense.com.br\/cbradar\/wp-json\/wp\/v2\/media\/20985"}],"wp:attachment":[{"href":"https:\/\/www.correiobraziliense.com.br\/cbradar\/wp-json\/wp\/v2\/media?parent=20983"}],"wp:term":[{"taxonomy":"category","embeddable":true,"href":"https:\/\/www.correiobraziliense.com.br\/cbradar\/wp-json\/wp\/v2\/categories?post=20983"},{"taxonomy":"post_tag","embeddable":true,"href":"https:\/\/www.correiobraziliense.com.br\/cbradar\/wp-json\/wp\/v2\/post_tag?post=20983"}],"curies":[{"name":"wp","href":"https:\/\/api.w.org\/{rel}","templated":true}]}}