{"id":20987,"date":"2025-04-09T15:30:00","date_gmt":"2025-04-09T18:30:00","guid":{"rendered":"https:\/\/www.correiobraziliense.com.br\/cbradar\/?p=20987"},"modified":"2025-06-28T18:59:57","modified_gmt":"2025-06-28T21:59:57","slug":"serie-com-isis-valverde-ganha-destaque-no-disney","status":"publish","type":"post","link":"https:\/\/www.correiobraziliense.com.br\/cbradar\/serie-com-isis-valverde-ganha-destaque-no-disney\/","title":{"rendered":"S\u00e9rie com Isis Valverde ganha destaque no Disney+"},"content":{"rendered":"\n<p>A estreia de &#8220;<strong>Maria e o Canga\u00e7o<\/strong>&#8221; no <strong>Disney+<\/strong> em abril de 2025 representa um marco significativo na <strong><a href=\"https:\/\/www.correiobraziliense.com.br\/cbradar\/a-serie-perfeita-para-quem-se-apaixonou-por-la-la-land-esta-escondida-na-netflix\/\" target=\"_blank\" rel=\"noreferrer noopener\">produ\u00e7\u00e3o <\/a><\/strong>audiovisual brasileira, n\u00e3o apenas por abordar um tema hist\u00f3rico emblem\u00e1tico, mas principalmente por reposicionar o protagonismo feminino nas narrativas de a\u00e7\u00e3o nacionais. A s\u00e9rie de seis epis\u00f3dios, protagonizada por <strong>Isis Valverde<\/strong> no papel de <strong>Maria Bonita<\/strong> e <strong>J\u00falio Andrade<\/strong> como <strong>Lampi\u00e3o<\/strong>, quebra d\u00e9cadas de tradi\u00e7\u00e3o cinematogr\u00e1fica que tradicionalmente centralizava as hist\u00f3rias do canga\u00e7o nas figuras masculinas.<\/p>\n\n\n\n<p>A produ\u00e7\u00e3o se destaca ao adotar uma perspectiva inovadora sobre eventos hist\u00f3ricos amplamente conhecidos, oferecendo um olhar contempor\u00e2neo sobre quest\u00f5es de g\u00eanero e poder no sert\u00e3o nordestino. Inspirada no livro &#8220;<strong>Maria Bonita: Sexo, Viol\u00eancia e Mulheres no Canga\u00e7o<\/strong>&#8221; de <strong>Adriana Negreiros<\/strong>, a s\u00e9rie reconstr\u00f3i a narrativa hist\u00f3rica colocando <strong>Maria Gomes de Oliveira<\/strong> como protagonista ativa de sua pr\u00f3pria hist\u00f3ria, n\u00e3o apenas como companheira de um l\u00edder cangaceiro. Esta abordagem reflete uma tend\u00eancia global de revis\u00e3o hist\u00f3rica atrav\u00e9s da \u00f3tica feminina, mas com particularidades culturais genuinamente brasileiras.<\/p>\n\n\n\n<h2 class=\"wp-block-heading\"><strong>Como a dire\u00e7\u00e3o de S\u00e9rgio Machado revoluciona a est\u00e9tica do g\u00eanero?<\/strong><\/h2>\n\n\n\n<p>A dire\u00e7\u00e3o geral de <strong>S\u00e9rgio Machado<\/strong>, conhecido por filmes como &#8220;<strong>Cidade Baixa<\/strong>&#8221; e &#8220;<strong>Quincas Berro d&#8217;\u00c1gua<\/strong>&#8220;, traz uma linguagem cinematogr\u00e1fica sofisticada que eleva o padr\u00e3o t\u00e9cnico das produ\u00e7\u00f5es nacionais para streaming. A fotografia de <strong>Adrian Teijido<\/strong>, profissional indicado ao <strong>Oscar<\/strong> pelo filme &#8220;<strong>Ainda Estou Aqui<\/strong>&#8220;, utiliza a aridez e a luminosidade do sert\u00e3o como elementos dram\u00e1ticos fundamentais, criando uma est\u00e9tica visual que dialoga tanto com o cinema novo brasileiro quanto com o western contempor\u00e2neo.<\/p>\n\n\n\n<p>As filmagens realizadas em <strong>Cabaceiras<\/strong>, na <strong>Para\u00edba<\/strong> \u2013 conhecida como &#8220;<strong>Roli\u00fade Nordestina<\/strong>&#8221; \u2013, enfrentaram desafios log\u00edsticos consider\u00e1veis devido \u00e0s condi\u00e7\u00f5es clim\u00e1ticas extremas e \u00e0 dist\u00e2ncia dos grandes centros urbanos. No entanto, essas dificuldades resultaram em uma autenticidade visual rara, onde as paisagens naturais do sert\u00e3o funcionam como personagens complementares \u00e0 narrativa. A escolha por loca\u00e7\u00f5es reais, em contraste com est\u00fadios, demonstra o comprometimento da produ\u00e7\u00e3o em oferecer uma experi\u00eancia cinematogr\u00e1fica genu\u00edna e imersiva.<\/p>\n\n\n\n<figure class=\"wp-block-image size-large\"><img decoding=\"async\" width=\"1024\" height=\"576\" src=\"https:\/\/www.correiobraziliense.com.br\/cbradar\/wp-content\/uploads\/2025\/04\/Maria-e-o-Cangaco-2-1024x576.png\" alt=\"S\u00e9rie com Isis Valverde ganha destaque no Disney+\" class=\"wp-image-20988\" srcset=\"https:\/\/www.correiobraziliense.com.br\/cbradar\/wp-content\/uploads\/2025\/04\/Maria-e-o-Cangaco-2-1024x576.png 1024w, https:\/\/www.correiobraziliense.com.br\/cbradar\/wp-content\/uploads\/2025\/04\/Maria-e-o-Cangaco-2-300x169.png 300w, https:\/\/www.correiobraziliense.com.br\/cbradar\/wp-content\/uploads\/2025\/04\/Maria-e-o-Cangaco-2-768x432.png 768w, https:\/\/www.correiobraziliense.com.br\/cbradar\/wp-content\/uploads\/2025\/04\/Maria-e-o-Cangaco-2-750x422.png 750w, https:\/\/www.correiobraziliense.com.br\/cbradar\/wp-content\/uploads\/2025\/04\/Maria-e-o-Cangaco-2-1140x641.png 1140w, https:\/\/www.correiobraziliense.com.br\/cbradar\/wp-content\/uploads\/2025\/04\/Maria-e-o-Cangaco-2.png 1280w\" sizes=\"(max-width: 1024px) 100vw, 1024px\" \/><figcaption class=\"wp-element-caption\">Maria e o Canga\u00e7o. Fonte: divulga\u00e7\u00e3o \/ Star+<\/figcaption><\/figure>\n\n\n\n<h2 class=\"wp-block-heading\"><strong>Qual o impacto da prepara\u00e7\u00e3o de Isis Valverde para o papel?<\/strong><\/h2>\n\n\n\n<p>A prepara\u00e7\u00e3o de <strong>Isis Valverde<\/strong> para interpretar <strong>Maria Bonita<\/strong> envolveu um processo de imers\u00e3o que vai muito al\u00e9m da tradicional decora\u00e7\u00e3o de texto. A atriz dedicou meses estudando documentos hist\u00f3ricos, cartas da \u00e9poca e consultando historiadores especializados no per\u00edodo do canga\u00e7o. Este rigor na pesquisa hist\u00f3rica reflete uma nova gera\u00e7\u00e3o de atores brasileiros que se aprofundam psicologicamente em seus personagens, elevando o n\u00edvel das interpreta\u00e7\u00f5es nacionais.<\/p>\n\n\n\n<p>O diretor <strong>S\u00e9rgio Machado<\/strong> relata que no primeiro dia de filmagem, durante uma cena de parto intensa, pediu para <strong>Isis<\/strong> &#8220;se jogar no ch\u00e3o e comer terra&#8221;, teste que ela executou sem hesita\u00e7\u00e3o. Este epis\u00f3dio ilustra o n\u00edvel de comprometimento f\u00edsico e emocional exigido pelo papel, onde a atriz precisou abandonar qualquer vaidade ou conforto para construir uma personagem visceral e aut\u00eantica. A transforma\u00e7\u00e3o f\u00edsica e psicol\u00f3gica da atriz demonstra como o streaming nacional est\u00e1 investindo em performances que competem internacionalmente em termos de qualidade interpretativa.<\/p>\n\n\n\n<h2 class=\"wp-block-heading\"><strong>De que forma a s\u00e9rie dialoga com as quest\u00f5es sociais contempor\u00e2neas?<\/strong><\/h2>\n\n\n\n<p>&#8220;<strong>Maria e o Canga\u00e7o<\/strong>&#8221; transcende o entretenimento hist\u00f3rico ao abordar quest\u00f5es sociais que permanecem relevantes na sociedade brasileira atual. A s\u00e9rie explora temas como viol\u00eancia de g\u00eanero, machismo estrutural e desigualdade social atrav\u00e9s da \u00f3tica do s\u00e9culo XX, mas com resson\u00e2ncias claras nos debates contempor\u00e2neos sobre direitos femininos e empoderamento. A protagonista n\u00e3o \u00e9 retratada como v\u00edtima das circunst\u00e2ncias, mas como agente ativa de transforma\u00e7\u00e3o social em seu contexto hist\u00f3rico.<\/p>\n\n\n\n<p>A representa\u00e7\u00e3o de <strong>Maria Bonita<\/strong> como mulher alfabetizada que escolheu voluntariamente integrar o canga\u00e7o desconstr\u00f3i estere\u00f3tipos sobre a passividade feminina no sert\u00e3o nordestino. Esta caracteriza\u00e7\u00e3o dialoga diretamente com movimentos feministas atuais, oferecendo um modelo hist\u00f3rico de resist\u00eancia e autodetermina\u00e7\u00e3o. A s\u00e9rie demonstra como narrativas bem constru\u00eddas podem funcionar simultaneamente como entretenimento e ferramenta educativa, promovendo reflex\u00f5es sobre desigualdades que persistem na sociedade brasileira.<\/p>\n\n\n\n<iframe loading=\"lazy\" width=\"560\" height=\"315\" src=\"https:\/\/www.youtube.com\/embed\/GdRNEcKcftk?si=XGQmcfqUYcve_Izm\" title=\"YouTube video player\" frameborder=\"0\" allow=\"accelerometer; autoplay; clipboard-write; encrypted-media; gyroscope; picture-in-picture; web-share\" referrerpolicy=\"strict-origin-when-cross-origin\" allowfullscreen><\/iframe>\n\n\n\n<h2 class=\"wp-block-heading\"><strong>Como o projeto se posiciona no mercado internacional de streaming?<\/strong><\/h2>\n\n\n\n<p>A entrada do <strong>Disney+<\/strong> na produ\u00e7\u00e3o de conte\u00fado nacional estrat\u00e9gico representa uma mudan\u00e7a significativa no panorama do streaming brasileiro. Ao investir em &#8220;<strong>Maria e o Canga\u00e7o<\/strong>&#8220;, a plataforma reconhece o potencial de narrativas autenticamente brasileiras para conquistar audi\u00eancias globais, seguindo a tend\u00eancia iniciada por sucessos como &#8220;<strong>Cidade Invis\u00edvel<\/strong>&#8221; e &#8220;<strong>3%<\/strong>&#8220;. A s\u00e9rie oferece ao p\u00fablico internacional uma perspectiva \u00fanica sobre a hist\u00f3ria brasileira, diferenciando-se de produ\u00e7\u00f5es estadunidenses ou europeias.<\/p>\n\n\n\n<p>O projeto tamb\u00e9m representa uma aposta na qualidade t\u00e9cnica das produ\u00e7\u00f5es nacionais, com padr\u00f5es de fotografia, dire\u00e7\u00e3o e p\u00f3s-produ\u00e7\u00e3o compar\u00e1veis aos melhores conte\u00fados internacionais. A participa\u00e7\u00e3o de <strong>Adrian Teijido<\/strong>, profissional com reconhecimento internacional, garante que a s\u00e9rie atenda aos crit\u00e9rios t\u00e9cnicos exigidos por audi\u00eancias globais. Esta estrat\u00e9gia pode abrir precedentes para futuras coprodu\u00e7\u00f5es entre plataformas internacionais e talentos brasileiros, fortalecendo a ind\u00fastria audiovisual nacional.<\/p>\n\n\n\n<h2 class=\"wp-block-heading\"><strong>Que legado a s\u00e9rie pode deixar para futuras produ\u00e7\u00f5es brasileiras?<\/strong><\/h2>\n\n\n\n<p>&#8220;<strong>Maria e o Canga\u00e7o<\/strong>&#8221; estabelece novos par\u00e2metros para a representa\u00e7\u00e3o hist\u00f3rica no audiovisual brasileiro, demonstrando que \u00e9 poss\u00edvel abordar temas nacionais com sofistica\u00e7\u00e3o t\u00e9cnica e sensibilidade social. A s\u00e9rie prova que narrativas centradas em protagonistas femininas fortes podem conquistar audi\u00eancias diversificadas, abrindo caminho para mais produ\u00e7\u00f5es que explorem outras figuras femininas hist\u00f3ricas brasileiras anteriormente marginalizadas.<\/p>\n\n\n\n<p>O sucesso da produ\u00e7\u00e3o pode influenciar futuras pol\u00edticas de incentivo \u00e0 produ\u00e7\u00e3o audiovisual nacional, demonstrando a viabilidade comercial de investimentos em conte\u00fado original brasileiro de alta qualidade. A s\u00e9rie tamb\u00e9m estabelece precedentes para parcerias entre plataformas internacionais e talentos nacionais, criando um modelo sustent\u00e1vel de desenvolvimento da ind\u00fastria criativa brasileira. O projeto confirma que o Brasil possui compet\u00eancia t\u00e9cnica e criativa para produzir conte\u00fado que compete globalmente, desde que conte com investimento adequado e vis\u00e3o estrat\u00e9gica clara.<\/p>\n","protected":false},"excerpt":{"rendered":"<p>Maria e o Canga\u00e7o traz uma perspectiva in\u00e9dita sobre o canga\u00e7o, com Isis Valverde no papel de uma protagonista feminina forte e inusitada.<\/p>\n","protected":false},"author":3,"featured_media":20989,"comment_status":"open","ping_status":"open","sticky":false,"template":"","format":"standard","meta":{"_yoast_wpseo_focuskw":"Maria e o Canga\u00e7o","_yoast_wpseo_title":"%%title%%","_yoast_wpseo_metadesc":"Maria e o Canga\u00e7o traz uma perspectiva in\u00e9dita sobre o canga\u00e7o, com Isis Valverde no papel de uma protagonista feminina forte e inusitada.","jnews-multi-image_gallery":[],"jnews_single_post":{"format":"standard"},"jnews_primary_category":[],"jnews_social_meta":[],"jnews_override_counter":[],"footnotes":""},"categories":[140],"post_tag":[977,568],"class_list":["post-20987","post","type-post","status-publish","format-standard","has-post-thumbnail","hentry","category-entretenimento","tag-disney","tag-series-e-filmes"],"yoast_head":"<!-- This site is optimized with the Yoast SEO plugin v24.6 - https:\/\/yoast.com\/wordpress\/plugins\/seo\/ -->\n<title>S\u00e9rie com Isis Valverde ganha destaque no Disney+<\/title>\n<meta name=\"description\" content=\"Maria e o Canga\u00e7o traz uma perspectiva in\u00e9dita sobre o canga\u00e7o, com Isis Valverde no papel de uma protagonista feminina forte e inusitada.\" \/>\n<meta name=\"robots\" content=\"index, follow, max-snippet:-1, max-image-preview:large, max-video-preview:-1\" \/>\n<link rel=\"canonical\" href=\"https:\/\/www.correiobraziliense.com.br\/cbradar\/serie-com-isis-valverde-ganha-destaque-no-disney\/\" \/>\n<meta property=\"og:locale\" content=\"pt_BR\" \/>\n<meta property=\"og:type\" content=\"article\" \/>\n<meta property=\"og:title\" content=\"S\u00e9rie com Isis Valverde ganha destaque no Disney+\" \/>\n<meta property=\"og:description\" content=\"Maria e o Canga\u00e7o traz uma perspectiva in\u00e9dita sobre o canga\u00e7o, com Isis Valverde no papel de uma protagonista feminina forte e inusitada.\" \/>\n<meta property=\"og:url\" content=\"https:\/\/www.correiobraziliense.com.br\/cbradar\/serie-com-isis-valverde-ganha-destaque-no-disney\/\" \/>\n<meta property=\"og:site_name\" content=\"Correio Braziliense - Radar\" \/>\n<meta property=\"article:published_time\" content=\"2025-04-09T18:30:00+00:00\" \/>\n<meta property=\"article:modified_time\" content=\"2025-06-28T21:59:57+00:00\" \/>\n<meta property=\"og:image\" content=\"https:\/\/www.correiobraziliense.com.br\/cbradar\/wp-content\/uploads\/2025\/04\/Maria-e-o-Cangaco.png\" \/>\n\t<meta property=\"og:image:width\" content=\"1280\" \/>\n\t<meta property=\"og:image:height\" content=\"720\" \/>\n\t<meta property=\"og:image:type\" content=\"image\/png\" \/>\n<meta name=\"author\" content=\"Larissa Carvalho\" \/>\n<meta name=\"twitter:card\" content=\"summary_large_image\" \/>\n<meta name=\"twitter:label1\" content=\"Escrito por\" \/>\n\t<meta name=\"twitter:data1\" content=\"Larissa Carvalho\" \/>\n\t<meta name=\"twitter:label2\" content=\"Est. tempo de leitura\" \/>\n\t<meta name=\"twitter:data2\" content=\"6 minutos\" \/>\n<!-- \/ Yoast SEO plugin. -->","yoast_head_json":{"title":"S\u00e9rie com Isis Valverde ganha destaque no Disney+","description":"Maria e o Canga\u00e7o traz uma perspectiva in\u00e9dita sobre o canga\u00e7o, com Isis Valverde no papel de uma protagonista feminina forte e inusitada.","robots":{"index":"index","follow":"follow","max-snippet":"max-snippet:-1","max-image-preview":"max-image-preview:large","max-video-preview":"max-video-preview:-1"},"canonical":"https:\/\/www.correiobraziliense.com.br\/cbradar\/serie-com-isis-valverde-ganha-destaque-no-disney\/","og_locale":"pt_BR","og_type":"article","og_title":"S\u00e9rie com Isis Valverde ganha destaque no Disney+","og_description":"Maria e o Canga\u00e7o traz uma perspectiva in\u00e9dita sobre o canga\u00e7o, com Isis Valverde no papel de uma protagonista feminina forte e inusitada.","og_url":"https:\/\/www.correiobraziliense.com.br\/cbradar\/serie-com-isis-valverde-ganha-destaque-no-disney\/","og_site_name":"Correio Braziliense - Radar","article_published_time":"2025-04-09T18:30:00+00:00","article_modified_time":"2025-06-28T21:59:57+00:00","og_image":[{"width":1280,"height":720,"url":"https:\/\/www.correiobraziliense.com.br\/cbradar\/wp-content\/uploads\/2025\/04\/Maria-e-o-Cangaco.png","type":"image\/png"}],"author":"Larissa Carvalho","twitter_card":"summary_large_image","twitter_misc":{"Escrito por":"Larissa Carvalho","Est. tempo de leitura":"6 minutos"},"schema":{"@context":"https:\/\/schema.org","@graph":[{"@type":"WebPage","@id":"https:\/\/www.correiobraziliense.com.br\/cbradar\/serie-com-isis-valverde-ganha-destaque-no-disney\/","url":"https:\/\/www.correiobraziliense.com.br\/cbradar\/serie-com-isis-valverde-ganha-destaque-no-disney\/","name":"S\u00e9rie com Isis Valverde ganha destaque no Disney+","isPartOf":{"@id":"https:\/\/www.correiobraziliense.com.br\/cbradar\/#website"},"primaryImageOfPage":{"@id":"https:\/\/www.correiobraziliense.com.br\/cbradar\/serie-com-isis-valverde-ganha-destaque-no-disney\/#primaryimage"},"image":{"@id":"https:\/\/www.correiobraziliense.com.br\/cbradar\/serie-com-isis-valverde-ganha-destaque-no-disney\/#primaryimage"},"thumbnailUrl":"https:\/\/www.correiobraziliense.com.br\/cbradar\/wp-content\/uploads\/2025\/04\/Maria-e-o-Cangaco.png","datePublished":"2025-04-09T18:30:00+00:00","dateModified":"2025-06-28T21:59:57+00:00","author":{"@id":"https:\/\/www.correiobraziliense.com.br\/cbradar\/#\/schema\/person\/58422787644df994b53a19d3e56c1513"},"description":"Maria e o Canga\u00e7o traz uma perspectiva in\u00e9dita sobre o canga\u00e7o, com Isis Valverde no papel de uma protagonista feminina forte e inusitada.","breadcrumb":{"@id":"https:\/\/www.correiobraziliense.com.br\/cbradar\/serie-com-isis-valverde-ganha-destaque-no-disney\/#breadcrumb"},"inLanguage":"pt-BR","potentialAction":[{"@type":"ReadAction","target":["https:\/\/www.correiobraziliense.com.br\/cbradar\/serie-com-isis-valverde-ganha-destaque-no-disney\/"]}]},{"@type":"ImageObject","inLanguage":"pt-BR","@id":"https:\/\/www.correiobraziliense.com.br\/cbradar\/serie-com-isis-valverde-ganha-destaque-no-disney\/#primaryimage","url":"https:\/\/www.correiobraziliense.com.br\/cbradar\/wp-content\/uploads\/2025\/04\/Maria-e-o-Cangaco.png","contentUrl":"https:\/\/www.correiobraziliense.com.br\/cbradar\/wp-content\/uploads\/2025\/04\/Maria-e-o-Cangaco.png","width":1280,"height":720,"caption":"Maria e o Canga\u00e7o. Fonte: divulga\u00e7\u00e3o \/ Star+"},{"@type":"BreadcrumbList","@id":"https:\/\/www.correiobraziliense.com.br\/cbradar\/serie-com-isis-valverde-ganha-destaque-no-disney\/#breadcrumb","itemListElement":[{"@type":"ListItem","position":1,"name":"In\u00edcio","item":"https:\/\/www.correiobraziliense.com.br\/cbradar\/"},{"@type":"ListItem","position":2,"name":"S\u00e9rie com Isis Valverde ganha destaque no Disney+"}]},{"@type":"WebSite","@id":"https:\/\/www.correiobraziliense.com.br\/cbradar\/#website","url":"https:\/\/www.correiobraziliense.com.br\/cbradar\/","name":"Correio Braziliense - Radar","description":"Acompanhe as \u00faltimas not\u00edcias e fique bem informado sobre tudo o que acontece no Brasil e no mundo.","potentialAction":[{"@type":"SearchAction","target":{"@type":"EntryPoint","urlTemplate":"https:\/\/www.correiobraziliense.com.br\/cbradar\/?s={search_term_string}"},"query-input":{"@type":"PropertyValueSpecification","valueRequired":true,"valueName":"search_term_string"}}],"inLanguage":"pt-BR"},{"@type":"Person","@id":"https:\/\/www.correiobraziliense.com.br\/cbradar\/#\/schema\/person\/58422787644df994b53a19d3e56c1513","name":"Larissa Carvalho","image":{"@type":"ImageObject","inLanguage":"pt-BR","@id":"https:\/\/www.correiobraziliense.com.br\/cbradar\/#\/schema\/person\/image\/","url":"https:\/\/secure.gravatar.com\/avatar\/fe4f91a0de32b52a838d0d612abdc1aa?s=96&d=mm&r=g","contentUrl":"https:\/\/secure.gravatar.com\/avatar\/fe4f91a0de32b52a838d0d612abdc1aa?s=96&d=mm&r=g","caption":"Larissa Carvalho"},"url":"https:\/\/www.correiobraziliense.com.br\/cbradar\/author\/larissamyth\/"}]}},"_links":{"self":[{"href":"https:\/\/www.correiobraziliense.com.br\/cbradar\/wp-json\/wp\/v2\/posts\/20987","targetHints":{"allow":["GET"]}}],"collection":[{"href":"https:\/\/www.correiobraziliense.com.br\/cbradar\/wp-json\/wp\/v2\/posts"}],"about":[{"href":"https:\/\/www.correiobraziliense.com.br\/cbradar\/wp-json\/wp\/v2\/types\/post"}],"author":[{"embeddable":true,"href":"https:\/\/www.correiobraziliense.com.br\/cbradar\/wp-json\/wp\/v2\/users\/3"}],"replies":[{"embeddable":true,"href":"https:\/\/www.correiobraziliense.com.br\/cbradar\/wp-json\/wp\/v2\/comments?post=20987"}],"version-history":[{"count":3,"href":"https:\/\/www.correiobraziliense.com.br\/cbradar\/wp-json\/wp\/v2\/posts\/20987\/revisions"}],"predecessor-version":[{"id":61054,"href":"https:\/\/www.correiobraziliense.com.br\/cbradar\/wp-json\/wp\/v2\/posts\/20987\/revisions\/61054"}],"wp:featuredmedia":[{"embeddable":true,"href":"https:\/\/www.correiobraziliense.com.br\/cbradar\/wp-json\/wp\/v2\/media\/20989"}],"wp:attachment":[{"href":"https:\/\/www.correiobraziliense.com.br\/cbradar\/wp-json\/wp\/v2\/media?parent=20987"}],"wp:term":[{"taxonomy":"category","embeddable":true,"href":"https:\/\/www.correiobraziliense.com.br\/cbradar\/wp-json\/wp\/v2\/categories?post=20987"},{"taxonomy":"post_tag","embeddable":true,"href":"https:\/\/www.correiobraziliense.com.br\/cbradar\/wp-json\/wp\/v2\/post_tag?post=20987"}],"curies":[{"name":"wp","href":"https:\/\/api.w.org\/{rel}","templated":true}]}}