{"id":210088,"date":"2026-03-19T00:55:00","date_gmt":"2026-03-19T03:55:00","guid":{"rendered":"https:\/\/www.correiobraziliense.com.br\/cbradar\/?p=210088"},"modified":"2026-03-18T16:32:26","modified_gmt":"2026-03-18T19:32:26","slug":"a-maioria-das-pessoas-nao-percebe-que-quem-se-afasta-de-certos-familiares-nao-esta-sendo-frio-esta-protegendo-a-propria-saude-emocional","status":"publish","type":"post","link":"https:\/\/www.correiobraziliense.com.br\/cbradar\/a-maioria-das-pessoas-nao-percebe-que-quem-se-afasta-de-certos-familiares-nao-esta-sendo-frio-esta-protegendo-a-propria-saude-emocional\/","title":{"rendered":"A maioria das pessoas n\u00e3o percebe que quem se afasta de certos familiares n\u00e3o est\u00e1 sendo frio, est\u00e1 protegendo a pr\u00f3pria sa\u00fade emocional"},"content":{"rendered":"\n<p>Rela\u00e7\u00f5es familiares s\u00e3o frequentemente vistas como la\u00e7os inquebr\u00e1veis que exigem sacrif\u00edcio pessoal constante, independentemente do desgaste emocional envolvido no processo cotidiano. Contudo, manter a proximidade com parentes t\u00f3xicos pode comprometer seriamente a estabilidade mental de qualquer indiv\u00edduo. Priorizar o pr\u00f3prio bem-estar n\u00e3o \u00e9 um ato de frieza, mas uma medida vital de sobreviv\u00eancia.<\/p>\n\n\n\n<h2 class=\"wp-block-heading\">Como identificar a necessidade de distanciamento afetivo?<\/h2>\n\n\n\n<p>Estabelecer limites saud\u00e1veis em ambientes dom\u00e9sticos disfuncionais costuma ser uma tarefa \u00e1rdua que exige coragem e determina\u00e7\u00e3o emocional profunda hoje em dia. Quando as intera\u00e7\u00f5es s\u00e3o pautadas por cr\u00edticas constantes ou manipula\u00e7\u00f5es psicol\u00f3gicas, o afastamento torna-se a \u00fanica alternativa vi\u00e1vel para preservar a integridade ps\u00edquica. <strong>O autoacolhimento consciente<\/strong> permite que voc\u00ea reconhe\u00e7a o momento exato de buscar sua paz.<\/p>\n\n\n\n<p>Muitas pessoas sofrem em sil\u00eancio por anos, acreditando que o dever familiar deve suplantar o respeito pr\u00f3prio e a dignidade emocional b\u00e1sica. No entanto, a conviv\u00eancia for\u00e7ada com quem desrespeita seus valores essenciais drena a energia vital necess\u00e1ria para outras \u00e1reas produtivas da vida. <strong>A preserva\u00e7\u00e3o da sanidade<\/strong> justifica plenamente a escolha de se distanciar de ambientes hostis e desgastantes.<\/p>\n\n\n\n<p>Em muitas fam\u00edlias, certos comportamentos passam despercebidos, mesmo causando desgaste emocional constante ao longo do tempo. Em um v\u00eddeo do canal <strong>Papo com Anahy D&#8217;Amico<\/strong>, que re\u00fane <strong>2,46 milh\u00f5es de inscritos<\/strong>, s\u00e3o apresentados exemplos claros e reflex\u00f5es que ajudam a identificar padr\u00f5es dif\u00edceis dentro dessas rela\u00e7\u00f5es:<\/p>\n\n\n\n<iframe loading=\"lazy\" width=\"459\" height=\"816\" src=\"https:\/\/www.youtube.com\/embed\/KHF_bSNodDM\" title=\"Com CERTEZA voc\u00ea tem um familiar T\u00d3XICO assim!\" frameborder=\"0\" allow=\"accelerometer; autoplay; clipboard-write; encrypted-media; gyroscope; picture-in-picture; web-share\" referrerpolicy=\"strict-origin-when-cross-origin\" allowfullscreen><\/iframe>\n\n\n\n<h2 class=\"wp-block-heading\">Por que o julgamento social \u00e9 t\u00e3o intenso?<\/h2>\n\n\n\n<p>A <a href=\"https:\/\/www.correiobraziliense.com.br\/cbradar\/voce-trabalha-ou-apenas-performa-produtividade-o-que-byung-chul-han-diz-sobre-a-sociedade-do-cansaco\/\" target=\"_blank\" rel=\"noreferrer noopener\">sociedade <\/a>contempor\u00e2nea idealiza o n\u00facleo familiar como um porto seguro universal, ignorando que muitas vezes ele \u00e9 a fonte prim\u00e1ria de traumas persistentes. Quem decide romper com ciclos de abuso costuma ser rotulado como ingrato ou insens\u00edvel por aqueles que desconhecem a realidade dolorosa dos fatos. <strong>A coragem de ser malvisto<\/strong> \u00e9 necess\u00e1ria para alcan\u00e7ar a verdadeira liberdade interior agora.<\/p>\n\n\n\n<p>Esse estigma social impede que muitas v\u00edtimas busquem ajuda ou estabele\u00e7am o distanciamento necess\u00e1rio para curar feridas psicol\u00f3gicas que foram abertas na inf\u00e2ncia. Entender que o sangue n\u00e3o justifica a perman\u00eancia em situa\u00e7\u00f5es de sofrimento \u00e9 um passo fundamental para o amadurecimento emocional completo. <strong>O respeito aos pr\u00f3prios limites<\/strong> deve ser sempre a b\u00fassola que orienta todas as suas decis\u00f5es.<\/p>\n\n\n\n<h2 class=\"wp-block-heading\">Como o afastamento impacta sua sa\u00fade mental?<\/h2>\n\n\n\n<p>Reduzir o contato com influ\u00eancias negativas dentro da pr\u00f3pria \u00e1rvore geneal\u00f3gica proporciona um al\u00edvio imediato nos n\u00edveis de estresse e ansiedade cotidianos. Sem a necessidade de gerenciar conflitos constantes ou expectativas irreais alheias, a mente encontra espa\u00e7o para o crescimento pessoal e a felicidade genu\u00edna. <strong>A busca por tranquilidade<\/strong> \u00e9 um investimento necess\u00e1rio para quem deseja evoluir hoje.<\/p>\n\n\n\n<p>Para fortalecer sua autonomia emocional e garantir um cotidiano equilibrado, observe atentamente os pilares fundamentais descritos abaixo:<\/p>\n\n\n\n<ul class=\"wp-block-list\">\n<li>Identifique os comportamentos que ativam seus gatilhos de estresse.<\/li>\n\n\n\n<li>Comunique seus limites de forma clara e totalmente assertiva.<\/li>\n\n\n\n<li>Busque apoio em amigos de confian\u00e7a ou profissionais capacitados.<\/li>\n\n\n\n<li>Invista seu tempo em atividades que promovam o autocuidado.<\/li>\n<\/ul>\n\n\n\n<h2 class=\"wp-block-heading\">Qual a diferen\u00e7a entre isolamento e prote\u00e7\u00e3o?<\/h2>\n\n\n\n<p>Diferente do isolamento social depressivo, o distanciamento protetivo \u00e9 uma escolha consciente voltada para a manuten\u00e7\u00e3o do equil\u00edbrio e da paz interior. Enquanto o isolamento fecha portas para o mundo, a prote\u00e7\u00e3o apenas restringe o acesso de pessoas nocivas \u00e0 sua intimidade mais profunda e sagrada. <strong>A seletividade nos relacionamentos<\/strong> \u00e9 um indicativo de alta intelig\u00eancia emocional na pr\u00e1tica.<\/p>\n\n\n\n<p>Escolher quem tem permiss\u00e3o para influenciar seu estado de esp\u00edrito \u00e9 um direito fundamental que todos deveriam exercer sem qualquer tipo de culpa paralisante. Quando voc\u00ea retira o poder de parentes t\u00f3xicos sobre suas emo\u00e7\u00f5es, assume definitivamente o protagonismo da sua pr\u00f3pria trajet\u00f3ria de vida atual. <strong>A autonomia afetiva<\/strong> constr\u00f3i as bases s\u00f3lidas para um futuro muito mais promissor.<\/p>\n\n\n\n<figure class=\"wp-block-image size-full\"><img decoding=\"async\" width=\"1280\" height=\"720\" src=\"https:\/\/www.correiobraziliense.com.br\/cbradar\/wp-content\/uploads\/2026\/03\/Gemini_Generated_Image_9a85j89a85j89a85-1-1.png\" alt=\"A maioria das pessoas n\u00e3o percebe que quem se afasta de certos familiares n\u00e3o est\u00e1 sendo frio, est\u00e1 protegendo a pr\u00f3pria sa\u00fade emocional\" class=\"wp-image-210099\" srcset=\"https:\/\/www.correiobraziliense.com.br\/cbradar\/wp-content\/uploads\/2026\/03\/Gemini_Generated_Image_9a85j89a85j89a85-1-1.png 1280w, https:\/\/www.correiobraziliense.com.br\/cbradar\/wp-content\/uploads\/2026\/03\/Gemini_Generated_Image_9a85j89a85j89a85-1-1-300x169.png 300w, https:\/\/www.correiobraziliense.com.br\/cbradar\/wp-content\/uploads\/2026\/03\/Gemini_Generated_Image_9a85j89a85j89a85-1-1-768x432.png 768w, https:\/\/www.correiobraziliense.com.br\/cbradar\/wp-content\/uploads\/2026\/03\/Gemini_Generated_Image_9a85j89a85j89a85-1-1-750x422.png 750w, https:\/\/www.correiobraziliense.com.br\/cbradar\/wp-content\/uploads\/2026\/03\/Gemini_Generated_Image_9a85j89a85j89a85-1-1-1140x641.png 1140w\" sizes=\"(max-width: 1280px) 100vw, 1280px\" \/><figcaption class=\"wp-element-caption\">Afastar-se da fam\u00edlia pode ser necess\u00e1rio para proteger sua sa\u00fade emocional<\/figcaption><\/figure>\n\n\n\n<h2 class=\"wp-block-heading\">Existe apoio profissional para lidar com rupturas?<\/h2>\n\n\n\n<p>Iniciar o processo de separa\u00e7\u00e3o emocional de familiares exige uma estrutura psicol\u00f3gica que muitas vezes s\u00f3 \u00e9 alcan\u00e7ada com o aux\u00edlio da psicoterapia especializada. O terapeuta atua como um guia neutro, ajudando o indiv\u00edduo a desconstruir culpas ancestrais e a validar seus pr\u00f3prios sentimentos de forma segura. <strong>O fortalecimento da psique<\/strong> \u00e9 o investimento mais rent\u00e1vel de toda a vida.<\/p>\n\n\n\n<p>Institui\u00e7\u00f5es renomadas destacam que o apoio comunit\u00e1rio e cl\u00ednico \u00e9 essencial para superar o trauma gerado por din\u00e2micas familiares abusivas ou desequilibradas ao longo do tempo. Segundo a <strong>Mental Health America<\/strong>, priorizar o autocuidado em rela\u00e7\u00f5es dif\u00edceis \u00e9 o pilar central para evitar transtornos graves. Confira as orienta\u00e7\u00f5es sobre <a href=\"https:\/\/mhanational.org\/resources\/for-family-friends\/\" target=\"_blank\" rel=\"noreferrer noopener\">fam\u00edlia e sa\u00fade emocional<\/a> no portal oficial deles agora mesmo.<\/p>\n","protected":false},"excerpt":{"rendered":"<p>Rela\u00e7\u00f5es familiares s\u00e3o frequentemente vistas como la\u00e7os inquebr\u00e1veis que exigem sacrif\u00edcio pessoal constante, independentemente do desgaste emocional envolvido no processo cotidiano. Contudo, manter a proximidade com parentes t\u00f3xicos pode comprometer seriamente a estabilidade mental de qualquer indiv\u00edduo. Priorizar o pr\u00f3prio bem-estar n\u00e3o \u00e9 um ato de frieza, mas uma medida vital de sobreviv\u00eancia. Como identificar [&hellip;]<\/p>\n","protected":false},"author":21,"featured_media":210093,"comment_status":"open","ping_status":"open","sticky":false,"template":"","format":"standard","meta":{"_yoast_wpseo_focuskw":"Distanciamento familiar e sa\u00fade emocional","_yoast_wpseo_title":"","_yoast_wpseo_metadesc":"Nem toda rela\u00e7\u00e3o familiar \u00e9 saud\u00e1vel, e o distanciamento pode ser necess\u00e1rio para proteger o equil\u00edbrio emocional.","jnews-multi-image_gallery":[],"jnews_single_post":{"format":"standard"},"jnews_primary_category":[],"jnews_social_meta":[],"jnews_override_counter":[],"footnotes":""},"categories":[112],"tags":[206,404,16264,6556],"class_list":["post-210088","post","type-post","status-publish","format-standard","has-post-thumbnail","hentry","category-curiosidades","tag-familia","tag-psicologia","tag-sanidade","tag-saude-emocional"],"yoast_head":"<!-- This site is optimized with the Yoast SEO plugin v24.6 - https:\/\/yoast.com\/wordpress\/plugins\/seo\/ -->\n<title>A maioria das pessoas n\u00e3o percebe que quem se afasta de certos familiares n\u00e3o est\u00e1 sendo frio, est\u00e1 protegendo a pr\u00f3pria sa\u00fade emocional - Correio Braziliense - Radar<\/title>\n<meta name=\"description\" content=\"Nem toda rela\u00e7\u00e3o familiar \u00e9 saud\u00e1vel, e o distanciamento pode ser necess\u00e1rio para proteger o equil\u00edbrio emocional.\" \/>\n<meta name=\"robots\" content=\"index, follow, max-snippet:-1, max-image-preview:large, max-video-preview:-1\" \/>\n<link rel=\"canonical\" href=\"https:\/\/www.correiobraziliense.com.br\/cbradar\/a-maioria-das-pessoas-nao-percebe-que-quem-se-afasta-de-certos-familiares-nao-esta-sendo-frio-esta-protegendo-a-propria-saude-emocional\/\" \/>\n<meta property=\"og:locale\" content=\"pt_BR\" \/>\n<meta property=\"og:type\" content=\"article\" \/>\n<meta property=\"og:title\" content=\"A maioria das pessoas n\u00e3o percebe que quem se afasta de certos familiares n\u00e3o est\u00e1 sendo frio, est\u00e1 protegendo a pr\u00f3pria sa\u00fade emocional - Correio Braziliense - Radar\" \/>\n<meta property=\"og:description\" content=\"Nem toda rela\u00e7\u00e3o familiar \u00e9 saud\u00e1vel, e o distanciamento pode ser necess\u00e1rio para proteger o equil\u00edbrio emocional.\" \/>\n<meta property=\"og:url\" content=\"https:\/\/www.correiobraziliense.com.br\/cbradar\/a-maioria-das-pessoas-nao-percebe-que-quem-se-afasta-de-certos-familiares-nao-esta-sendo-frio-esta-protegendo-a-propria-saude-emocional\/\" \/>\n<meta property=\"og:site_name\" content=\"Correio Braziliense - Radar\" \/>\n<meta property=\"article:published_time\" content=\"2026-03-19T03:55:00+00:00\" \/>\n<meta property=\"og:image\" content=\"https:\/\/www.correiobraziliense.com.br\/cbradar\/wp-content\/uploads\/2026\/03\/Gemini_Generated_Image_5rm3un5rm3un5rm3-1-1.png\" \/>\n\t<meta property=\"og:image:width\" content=\"1280\" \/>\n\t<meta property=\"og:image:height\" content=\"720\" \/>\n\t<meta property=\"og:image:type\" content=\"image\/png\" \/>\n<meta name=\"author\" content=\"Patrick Silva\" \/>\n<meta name=\"twitter:card\" content=\"summary_large_image\" \/>\n<meta name=\"twitter:label1\" content=\"Escrito por\" \/>\n\t<meta name=\"twitter:data1\" content=\"Patrick Silva\" \/>\n\t<meta name=\"twitter:label2\" content=\"Est. tempo de leitura\" \/>\n\t<meta name=\"twitter:data2\" content=\"5 minutos\" \/>\n<!-- \/ Yoast SEO plugin. -->","yoast_head_json":{"title":"A maioria das pessoas n\u00e3o percebe que quem se afasta de certos familiares n\u00e3o est\u00e1 sendo frio, est\u00e1 protegendo a pr\u00f3pria sa\u00fade emocional - Correio Braziliense - Radar","description":"Nem toda rela\u00e7\u00e3o familiar \u00e9 saud\u00e1vel, e o distanciamento pode ser necess\u00e1rio para proteger o equil\u00edbrio emocional.","robots":{"index":"index","follow":"follow","max-snippet":"max-snippet:-1","max-image-preview":"max-image-preview:large","max-video-preview":"max-video-preview:-1"},"canonical":"https:\/\/www.correiobraziliense.com.br\/cbradar\/a-maioria-das-pessoas-nao-percebe-que-quem-se-afasta-de-certos-familiares-nao-esta-sendo-frio-esta-protegendo-a-propria-saude-emocional\/","og_locale":"pt_BR","og_type":"article","og_title":"A maioria das pessoas n\u00e3o percebe que quem se afasta de certos familiares n\u00e3o est\u00e1 sendo frio, est\u00e1 protegendo a pr\u00f3pria sa\u00fade emocional - Correio Braziliense - Radar","og_description":"Nem toda rela\u00e7\u00e3o familiar \u00e9 saud\u00e1vel, e o distanciamento pode ser necess\u00e1rio para proteger o equil\u00edbrio emocional.","og_url":"https:\/\/www.correiobraziliense.com.br\/cbradar\/a-maioria-das-pessoas-nao-percebe-que-quem-se-afasta-de-certos-familiares-nao-esta-sendo-frio-esta-protegendo-a-propria-saude-emocional\/","og_site_name":"Correio Braziliense - Radar","article_published_time":"2026-03-19T03:55:00+00:00","og_image":[{"width":1280,"height":720,"url":"https:\/\/www.correiobraziliense.com.br\/cbradar\/wp-content\/uploads\/2026\/03\/Gemini_Generated_Image_5rm3un5rm3un5rm3-1-1.png","type":"image\/png"}],"author":"Patrick Silva","twitter_card":"summary_large_image","twitter_misc":{"Escrito por":"Patrick Silva","Est. tempo de leitura":"5 minutos"},"schema":{"@context":"https:\/\/schema.org","@graph":[{"@type":"WebPage","@id":"https:\/\/www.correiobraziliense.com.br\/cbradar\/a-maioria-das-pessoas-nao-percebe-que-quem-se-afasta-de-certos-familiares-nao-esta-sendo-frio-esta-protegendo-a-propria-saude-emocional\/","url":"https:\/\/www.correiobraziliense.com.br\/cbradar\/a-maioria-das-pessoas-nao-percebe-que-quem-se-afasta-de-certos-familiares-nao-esta-sendo-frio-esta-protegendo-a-propria-saude-emocional\/","name":"A maioria das pessoas n\u00e3o percebe que quem se afasta de certos familiares n\u00e3o est\u00e1 sendo frio, est\u00e1 protegendo a pr\u00f3pria sa\u00fade emocional - Correio Braziliense - Radar","isPartOf":{"@id":"https:\/\/www.correiobraziliense.com.br\/cbradar\/#website"},"primaryImageOfPage":{"@id":"https:\/\/www.correiobraziliense.com.br\/cbradar\/a-maioria-das-pessoas-nao-percebe-que-quem-se-afasta-de-certos-familiares-nao-esta-sendo-frio-esta-protegendo-a-propria-saude-emocional\/#primaryimage"},"image":{"@id":"https:\/\/www.correiobraziliense.com.br\/cbradar\/a-maioria-das-pessoas-nao-percebe-que-quem-se-afasta-de-certos-familiares-nao-esta-sendo-frio-esta-protegendo-a-propria-saude-emocional\/#primaryimage"},"thumbnailUrl":"https:\/\/www.correiobraziliense.com.br\/cbradar\/wp-content\/uploads\/2026\/03\/Gemini_Generated_Image_5rm3un5rm3un5rm3-1-1.png","datePublished":"2026-03-19T03:55:00+00:00","author":{"@id":"https:\/\/www.correiobraziliense.com.br\/cbradar\/#\/schema\/person\/5440b72be9c7eb74f446c846479dc4da"},"description":"Nem toda rela\u00e7\u00e3o familiar \u00e9 saud\u00e1vel, e o distanciamento pode ser necess\u00e1rio para proteger o equil\u00edbrio emocional.","breadcrumb":{"@id":"https:\/\/www.correiobraziliense.com.br\/cbradar\/a-maioria-das-pessoas-nao-percebe-que-quem-se-afasta-de-certos-familiares-nao-esta-sendo-frio-esta-protegendo-a-propria-saude-emocional\/#breadcrumb"},"inLanguage":"pt-BR","potentialAction":[{"@type":"ReadAction","target":["https:\/\/www.correiobraziliense.com.br\/cbradar\/a-maioria-das-pessoas-nao-percebe-que-quem-se-afasta-de-certos-familiares-nao-esta-sendo-frio-esta-protegendo-a-propria-saude-emocional\/"]}]},{"@type":"ImageObject","inLanguage":"pt-BR","@id":"https:\/\/www.correiobraziliense.com.br\/cbradar\/a-maioria-das-pessoas-nao-percebe-que-quem-se-afasta-de-certos-familiares-nao-esta-sendo-frio-esta-protegendo-a-propria-saude-emocional\/#primaryimage","url":"https:\/\/www.correiobraziliense.com.br\/cbradar\/wp-content\/uploads\/2026\/03\/Gemini_Generated_Image_5rm3un5rm3un5rm3-1-1.png","contentUrl":"https:\/\/www.correiobraziliense.com.br\/cbradar\/wp-content\/uploads\/2026\/03\/Gemini_Generated_Image_5rm3un5rm3un5rm3-1-1.png","width":1280,"height":720,"caption":"Afastar-se da fam\u00edlia pode ser necess\u00e1rio para proteger sua sa\u00fade emocional"},{"@type":"BreadcrumbList","@id":"https:\/\/www.correiobraziliense.com.br\/cbradar\/a-maioria-das-pessoas-nao-percebe-que-quem-se-afasta-de-certos-familiares-nao-esta-sendo-frio-esta-protegendo-a-propria-saude-emocional\/#breadcrumb","itemListElement":[{"@type":"ListItem","position":1,"name":"In\u00edcio","item":"https:\/\/www.correiobraziliense.com.br\/cbradar\/"},{"@type":"ListItem","position":2,"name":"A maioria das pessoas n\u00e3o percebe que quem se afasta de certos familiares n\u00e3o est\u00e1 sendo frio, est\u00e1 protegendo a pr\u00f3pria sa\u00fade emocional"}]},{"@type":"WebSite","@id":"https:\/\/www.correiobraziliense.com.br\/cbradar\/#website","url":"https:\/\/www.correiobraziliense.com.br\/cbradar\/","name":"Correio Braziliense - Radar","description":"Acompanhe as \u00faltimas not\u00edcias e fique bem informado sobre tudo o que acontece no Brasil e no mundo.","potentialAction":[{"@type":"SearchAction","target":{"@type":"EntryPoint","urlTemplate":"https:\/\/www.correiobraziliense.com.br\/cbradar\/?s={search_term_string}"},"query-input":{"@type":"PropertyValueSpecification","valueRequired":true,"valueName":"search_term_string"}}],"inLanguage":"pt-BR"},{"@type":"Person","@id":"https:\/\/www.correiobraziliense.com.br\/cbradar\/#\/schema\/person\/5440b72be9c7eb74f446c846479dc4da","name":"Patrick Silva","image":{"@type":"ImageObject","inLanguage":"pt-BR","@id":"https:\/\/www.correiobraziliense.com.br\/cbradar\/#\/schema\/person\/image\/","url":"https:\/\/secure.gravatar.com\/avatar\/944109df296fc087785c9715fd5f80b2?s=96&d=mm&r=g","contentUrl":"https:\/\/secure.gravatar.com\/avatar\/944109df296fc087785c9715fd5f80b2?s=96&d=mm&r=g","caption":"Patrick Silva"},"sameAs":["https:\/\/www.correiobraziliense.com.br\/cbradar\/"],"url":"https:\/\/www.correiobraziliense.com.br\/cbradar\/author\/patrick-silva\/"}]}},"_links":{"self":[{"href":"https:\/\/www.correiobraziliense.com.br\/cbradar\/wp-json\/wp\/v2\/posts\/210088","targetHints":{"allow":["GET"]}}],"collection":[{"href":"https:\/\/www.correiobraziliense.com.br\/cbradar\/wp-json\/wp\/v2\/posts"}],"about":[{"href":"https:\/\/www.correiobraziliense.com.br\/cbradar\/wp-json\/wp\/v2\/types\/post"}],"author":[{"embeddable":true,"href":"https:\/\/www.correiobraziliense.com.br\/cbradar\/wp-json\/wp\/v2\/users\/21"}],"replies":[{"embeddable":true,"href":"https:\/\/www.correiobraziliense.com.br\/cbradar\/wp-json\/wp\/v2\/comments?post=210088"}],"version-history":[{"count":8,"href":"https:\/\/www.correiobraziliense.com.br\/cbradar\/wp-json\/wp\/v2\/posts\/210088\/revisions"}],"predecessor-version":[{"id":210101,"href":"https:\/\/www.correiobraziliense.com.br\/cbradar\/wp-json\/wp\/v2\/posts\/210088\/revisions\/210101"}],"wp:featuredmedia":[{"embeddable":true,"href":"https:\/\/www.correiobraziliense.com.br\/cbradar\/wp-json\/wp\/v2\/media\/210093"}],"wp:attachment":[{"href":"https:\/\/www.correiobraziliense.com.br\/cbradar\/wp-json\/wp\/v2\/media?parent=210088"}],"wp:term":[{"taxonomy":"category","embeddable":true,"href":"https:\/\/www.correiobraziliense.com.br\/cbradar\/wp-json\/wp\/v2\/categories?post=210088"},{"taxonomy":"post_tag","embeddable":true,"href":"https:\/\/www.correiobraziliense.com.br\/cbradar\/wp-json\/wp\/v2\/tags?post=210088"}],"curies":[{"name":"wp","href":"https:\/\/api.w.org\/{rel}","templated":true}]}}