{"id":210143,"date":"2026-03-18T07:45:00","date_gmt":"2026-03-18T10:45:00","guid":{"rendered":"https:\/\/www.correiobraziliense.com.br\/cbradar\/?p=210143"},"modified":"2026-03-17T13:27:19","modified_gmt":"2026-03-17T16:27:19","slug":"veja-alimentos-ricos-em-luteina-para-proteger-a-visao","status":"publish","type":"post","link":"https:\/\/www.correiobraziliense.com.br\/cbradar\/veja-alimentos-ricos-em-luteina-para-proteger-a-visao\/","title":{"rendered":"Veja alimentos ricos em lute\u00edna para proteger a vis\u00e3o"},"content":{"rendered":"\n<p>Muitas pessoas desconhecem que nutrientes presentes em alimentos do cotidiano podem atuar de forma eficaz na prote\u00e7\u00e3o dos olhos contra doen\u00e7as. A lute\u00edna, um carotenoide de colora\u00e7\u00e3o amarelada, concentra-se principalmente na m\u00e1cula, regi\u00e3o central da retina respons\u00e1vel pela clareza da vis\u00e3o, e tamb\u00e9m est\u00e1 presente no cristalino, onde seu papel antioxidante ajuda a neutralizar radicais livres que podem danificar estruturas oculares ao longo do tempo.<\/p>\n\n\n\n<h2 class=\"wp-block-heading\">Como a lute\u00edna protege contra doen\u00e7as oculares?<\/h2>\n\n\n\n<p>Estudos cient\u00edficos indicam que o consumo regular de lute\u00edna pode retardar a progress\u00e3o de doen\u00e7as como catarata e degenera\u00e7\u00e3o macular, comuns em pessoas idosas. Esse nutriente ajuda a absorver parte da luz azul nociva emitida pelo sol e por dispositivos eletr\u00f4nicos, reduzindo o estresse oxidativo sobre a retina.<\/p>\n\n\n\n<p>No caso do glaucoma, que afeta o nervo \u00f3ptico, manter n\u00edveis adequados de antioxidantes como a lute\u00edna na retina pode oferecer prote\u00e7\u00e3o adicional. Esse cuidado \u00e9 especialmente importante para pessoas com hist\u00f3rico familiar da doen\u00e7a ou outros fatores de risco oculares.<\/p>\n\n\n\n<p>Para compreender melhor <strong>lute\u00edna e zeaxantina e seus benef\u00edcios para a vis\u00e3o<\/strong>, assista ao v\u00eddeo a seguir, no qual o(a) <strong>profissional de sa\u00fade<\/strong> explica o assunto de forma clara e did\u00e1tica no canal <strong>Sa\u00fade em Foco<\/strong>.<\/p>\n\n\n\n<iframe loading=\"lazy\" width=\"1396\" height=\"785\" src=\"https:\/\/www.youtube.com\/embed\/mJEkn2-kdEo\" title=\"Lute\u00edna e Zeaxantina: Tudo Sobre As Vitaminas da Vis\u00e3o\" frameborder=\"0\" allow=\"accelerometer; autoplay; clipboard-write; encrypted-media; gyroscope; picture-in-picture; web-share\" referrerpolicy=\"strict-origin-when-cross-origin\" allowfullscreen><\/iframe>\n\n\n\n<h2 class=\"wp-block-heading\">Por que ingerir lute\u00edna todos os dias?<\/h2>\n\n\n\n<p>A lute\u00edna \u00e9 lipossol\u00favel, ou seja, sua absor\u00e7\u00e3o \u00e9 favorecida quando consumida junto a gorduras saud\u00e1veis. Por isso, refei\u00e7\u00f5es completas, como o almo\u00e7o, que costumam incluir prote\u00ednas, gorduras e vegetais, s\u00e3o momentos estrat\u00e9gicos para garantir uma boa utiliza\u00e7\u00e3o desse nutriente pelo organismo.<\/p>\n\n\n\n<p>Prepara\u00e7\u00f5es como saladas de folhas verdes escuras com azeite de oliva ou pratos que combinam ovos com legumes s\u00e3o formas pr\u00e1ticas de incluir lute\u00edna na rotina. Evitar o consumo em jejum ou em refei\u00e7\u00f5es sem gordura otimiza sua absor\u00e7\u00e3o e potencializa os benef\u00edcios para a vis\u00e3o.<\/p>\n\n\n<div class=\"wp-block-image\">\n<figure class=\"aligncenter size-full\"><img decoding=\"async\" width=\"1280\" height=\"720\" src=\"https:\/\/www.correiobraziliense.com.br\/cbradar\/wp-content\/uploads\/2026\/03\/luteina_1773757274632.jpg\" alt=\"\" class=\"wp-image-210154\" srcset=\"https:\/\/www.correiobraziliense.com.br\/cbradar\/wp-content\/uploads\/2026\/03\/luteina_1773757274632.jpg 1280w, https:\/\/www.correiobraziliense.com.br\/cbradar\/wp-content\/uploads\/2026\/03\/luteina_1773757274632-300x169.jpg 300w, https:\/\/www.correiobraziliense.com.br\/cbradar\/wp-content\/uploads\/2026\/03\/luteina_1773757274632-768x432.jpg 768w, https:\/\/www.correiobraziliense.com.br\/cbradar\/wp-content\/uploads\/2026\/03\/luteina_1773757274632-750x422.jpg 750w, https:\/\/www.correiobraziliense.com.br\/cbradar\/wp-content\/uploads\/2026\/03\/luteina_1773757274632-1140x641.jpg 1140w\" sizes=\"(max-width: 1280px) 100vw, 1280px\" \/><figcaption class=\"wp-element-caption\">Alimentos comuns podem fortalecer a sa\u00fade ocular &#8211; Cr\u00e9ditos: depositphotos.com \/ yana-komisarenko@yandex.ru<\/figcaption><\/figure><\/div>\n\n\n<h2 class=\"wp-block-heading\">Quais alimentos s\u00e3o mais ricos em lute\u00edna?<\/h2>\n\n\n\n<p>A lute\u00edna \u00e9 facilmente encontrada em alimentos acess\u00edveis do dia a dia, permitindo que a maior parte das pessoas atinja uma ingest\u00e3o adequada sem necessidade imediata de suplementos. Abaixo est\u00e3o alguns exemplos de fontes importantes desse nutriente, que podem ser distribu\u00eddas ao longo das refei\u00e7\u00f5es. Veja na tabela a seguir:<\/p>\n\n\n\n<style>\n  .make-wrap{\n    max-width: 760px;\n    margin: 26px auto;\n    padding: 18px;\n    border-radius: 18px;\n    background: linear-gradient(135deg,#fff7fb 0%,#f6f2ff 100%);\n    border: 1px solid #f7d4ea;\n    box-shadow: 0 8px 20px rgba(236,72,153,.12);\n    font-family: system-ui, -apple-system, Segoe UI, Roboto, Helvetica, Arial, sans-serif;\n  }\n\n  .make-title{\n    display:flex; \n    align-items:center; \n    gap:10px;\n    margin:0 0 12px 4px;\n    font-size:1.2rem; \n    font-weight:900; \n    color:#9d174d;\n  }\n\n  .make-table{\n    width:100%;\n    border-collapse:separate;\n    border-spacing:0;\n    overflow:hidden;\n    border-radius:16px;\n    border:1px solid #f7d4ea;\n    background:#fff;\n    font-size:.92rem;\n  }\n\n  .make-table thead th{\n    background:linear-gradient(90deg,#fde7f3 0%,#f8e9ff 100%);\n    padding:12px;\n    color:#7a1e63;\n    font-weight:800;\n    text-align:left;\n    border-bottom:1px solid #f7d4ea;\n  }\n\n  .make-table tbody td{\n    padding:12px;\n    color:#374151;\n    vertical-align:top;\n    border-bottom:1px dashed #f7d4ea;\n  }\n\n  .make-table tbody tr:nth-child(odd){\n    background:#fffaff;\n  }\n\n  .price{\n    display:inline-flex;\n    align-items:center;\n    background:#fff7ed;\n    color:#b45309;\n    padding:6px 10px;\n    border-radius:10px;\n    border:1px solid #fed7aa;\n    font-weight:700;\n    white-space:nowrap;\n  }\n\n  .badge{\n    display:inline-block;\n    background:#fde7f3;\n    color:#c026d3;\n    border:1px solid #fecdd3;\n    padding:4px 10px;\n    border-radius:999px;\n    font-weight:700;\n    font-size:.78rem;\n  }\n\n  @media (max-width:720px){\n    .make-table thead{display:none}\n    .make-table, .make-table tbody, .make-table tr, .make-table td{\n      display:block; \n      width:100%;\n    }\n    .make-table tr{\n      margin-bottom:12px;\n      border:1px solid #f7d4ea;\n      border-radius:14px;\n      overflow:hidden;\n      background:#fff;\n    }\n    .make-table td[data-label]:before{\n      content:attr(data-label);\n      display:block;\n      font-weight:800;\n      color:#7a1e63;\n      margin-bottom:4px;\n    }\n    .make-table tbody td:last-child{border-bottom:none}\n  }\n<\/style>\n\n<div class=\"make-wrap\">\n  <h3 class=\"make-title\">\ud83e\udd66\u2728 Alimentos Ricos em Lute\u00edna<\/h3>\n\n  <table class=\"make-table\">\n    <thead>\n      <tr>\n        <th>Alimento<\/th>\n        <th>Benef\u00edcios e Uso<\/th>\n      <\/tr>\n    <\/thead>\n    <tbody>\n      <tr>\n        <td data-label=\"Alimento\">Espinafre e couve<\/td>\n        <td data-label=\"Benef\u00edcios e Uso\">Principais fontes de lute\u00edna, vers\u00e1teis em saladas, refogados e sucos.<\/td>\n      <\/tr>\n      <tr>\n        <td data-label=\"Alimento\">Gema de ovo<\/td>\n        <td data-label=\"Benef\u00edcios e Uso\">Fornece lute\u00edna altamente biodispon\u00edvel, de f\u00e1cil absor\u00e7\u00e3o pelo organismo.<\/td>\n      <\/tr>\n      <tr>\n        <td data-label=\"Alimento\">Br\u00f3colis<\/td>\n        <td data-label=\"Benef\u00edcios e Uso\">Contribui com lute\u00edna e ainda adiciona fibras e outros antioxidantes \u00e0 dieta.<\/td>\n      <\/tr>\n      <tr>\n        <td data-label=\"Alimento\">Milho, ab\u00f3bora e ervilha<\/td>\n        <td data-label=\"Benef\u00edcios e Uso\">Ingredientes vers\u00e1teis para sopas, pur\u00eas, saladas e acompanhamentos.<\/td>\n      <\/tr>\n    <\/tbody>\n  <\/table>\n\n  <p style=\"margin-top:14px; color:#6b7280; font-size:.9rem;\">\n    \ud83d\udca1 <strong>Dica:<\/strong> Combine diferentes fontes de lute\u00edna no dia a dia para potencializar os benef\u00edcios \u00e0 sa\u00fade.\n  <\/p>\n<\/div>\n\n\n\n\n<h2 class=\"wp-block-heading\">Como identificar problemas oculares precocemente?<\/h2>\n\n\n\n<p>Embora uma alimenta\u00e7\u00e3o rica em lute\u00edna seja aliada na preven\u00e7\u00e3o, \u00e9 essencial ficar atento a sinais de alerta ocular. Dificuldade para enxergar em baixa ilumina\u00e7\u00e3o, vis\u00e3o emba\u00e7ada, sensa\u00e7\u00e3o de cansa\u00e7o visual e halos ao redor das luzes podem indicar catarata, glaucoma ou degenera\u00e7\u00e3o macular.<\/p>\n\n\n\n<p>Pessoas com mais de 50 anos, fumantes, diab\u00e9ticos ou com hist\u00f3rico familiar de doen\u00e7as oculares devem realizar consultas oftalmol\u00f3gicas regulares. Apenas o especialista pode avaliar com precis\u00e3o a <a href=\"https:\/\/www.correiobraziliense.com.br\/cbradar\/pouca-gente-sabe-mas-o-sono-profundo-pode-ajudar-a-proteger-o-cerebro-e-a-pele\/\" target=\"_blank\" rel=\"noreferrer noopener\">sa\u00fade <\/a>dos olhos e orientar estrat\u00e9gias personalizadas de preven\u00e7\u00e3o e tratamento.<\/p>\n\n\n<a href=\"https:\/\/www.instagram.com\/dra.annaluisabf\/\" target=\"_blank\" rel=\"noopener\" style=\"text-decoration: none; color: inherit;\">\n    <span style=\"display: inline-block; border: 1px solid #ccc; border-radius: 10px; padding: 15px; max-width: 550px; font-family: sans-serif; box-shadow: 0 2px 5px rgba(0,0,0,0.1); width: 100%;\">\n\n      <!-- T\u00edtulo -->\n      <span style=\"display: block; margin: 0 0 15px 0; font-weight: bold; color: #2c3e50; text-align: center;\">\n        Entre em contato:\n      <\/span>\n\n      <!-- Linha do perfil -->\n      <span style=\"display: flex; align-items: center; gap: 15px;\">\n        <img decoding=\"async\"\n          src=\"https:\/\/www.correiobraziliense.com.br\/cbradar\/wp-content\/uploads\/2025\/08\/dra_anna_luisa.jpeg\"\n          alt=\"Foto da Dra. Anna Lu\u00edsa\"\n          style=\"border-radius: 50%; width: 80px; height: 80px; object-fit: cover;\"\n        \/>\n        <span style=\"display: flex; flex-direction: column;\">\n          <span style=\"font-size: 18px; font-weight: 700; color: #2c3e50;\">Dra. Anna Lu\u00edsa Barbosa Fernandes<\/span>\n          <span style=\"color: #555;\">CRM-GO 33.271<\/span>\n        <\/span>\n      <\/span>\n\n      <!-- Redes -->\n      <span style=\"display: flex; align-items: center; gap: 10px; margin-top: 12px;\">\n        <img decoding=\"async\" src=\"https:\/\/cdn-icons-png.flaticon.com\/24\/1384\/1384063.png\" alt=\"Instagram\" width=\"24\" height=\"24\" \/>\n        <span style=\"text-decoration: underline; color: #2c3e50;\">@dra.annaluisabf<\/span>\n      <\/span>\n\n    <\/span>\n  <\/a>","protected":false},"excerpt":{"rendered":"<p>Muitas pessoas desconhecem que nutrientes presentes em alimentos do cotidiano podem atuar de forma eficaz na prote\u00e7\u00e3o dos olhos contra doen\u00e7as. A lute\u00edna, um carotenoide de colora\u00e7\u00e3o amarelada, concentra-se principalmente na m\u00e1cula, regi\u00e3o central da retina respons\u00e1vel pela clareza da vis\u00e3o, e tamb\u00e9m est\u00e1 presente no cristalino, onde seu papel antioxidante ajuda a neutralizar radicais [&hellip;]<\/p>\n","protected":false},"author":14,"featured_media":210147,"comment_status":"open","ping_status":"open","sticky":false,"template":"","format":"standard","meta":{"_yoast_wpseo_focuskw":"lute\u00edna","_yoast_wpseo_title":"","_yoast_wpseo_metadesc":"A lute\u00edna \u00e9 um nutriente essencial para os olhos. Veja alimentos que ajudam a proteger a vis\u00e3o e prevenir doen\u00e7as oculares.","jnews-multi-image_gallery":[],"jnews_single_post":{"format":"standard"},"jnews_primary_category":[],"jnews_social_meta":[],"jnews_override_counter":[],"footnotes":""},"categories":[4404],"tags":[120,247,565],"class_list":["post-210143","post","type-post","status-publish","format-standard","has-post-thumbnail","hentry","category-saude","tag-bem-estar","tag-qualidade-de-vida","tag-saude"],"yoast_head":"<!-- This site is optimized with the Yoast SEO plugin v24.6 - https:\/\/yoast.com\/wordpress\/plugins\/seo\/ -->\n<title>Veja alimentos ricos em lute\u00edna para proteger a vis\u00e3o - Correio Braziliense - Radar<\/title>\n<meta name=\"description\" content=\"A lute\u00edna \u00e9 um nutriente essencial para os olhos. Veja alimentos que ajudam a proteger a vis\u00e3o e prevenir doen\u00e7as oculares.\" \/>\n<meta name=\"robots\" content=\"index, follow, max-snippet:-1, max-image-preview:large, max-video-preview:-1\" \/>\n<link rel=\"canonical\" href=\"https:\/\/www.correiobraziliense.com.br\/cbradar\/veja-alimentos-ricos-em-luteina-para-proteger-a-visao\/\" \/>\n<meta property=\"og:locale\" content=\"pt_BR\" \/>\n<meta property=\"og:type\" content=\"article\" \/>\n<meta property=\"og:title\" content=\"Veja alimentos ricos em lute\u00edna para proteger a vis\u00e3o - Correio Braziliense - Radar\" \/>\n<meta property=\"og:description\" content=\"A lute\u00edna \u00e9 um nutriente essencial para os olhos. Veja alimentos que ajudam a proteger a vis\u00e3o e prevenir doen\u00e7as oculares.\" \/>\n<meta property=\"og:url\" content=\"https:\/\/www.correiobraziliense.com.br\/cbradar\/veja-alimentos-ricos-em-luteina-para-proteger-a-visao\/\" \/>\n<meta property=\"og:site_name\" content=\"Correio Braziliense - Radar\" \/>\n<meta property=\"article:published_time\" content=\"2026-03-18T10:45:00+00:00\" \/>\n<meta property=\"og:image\" content=\"https:\/\/www.correiobraziliense.com.br\/cbradar\/wp-content\/uploads\/2026\/03\/luteina_1773757201346.jpg\" \/>\n\t<meta property=\"og:image:width\" content=\"1280\" \/>\n\t<meta property=\"og:image:height\" content=\"720\" \/>\n\t<meta property=\"og:image:type\" content=\"image\/jpeg\" \/>\n<meta name=\"author\" content=\"guilherme_saude\" \/>\n<meta name=\"twitter:card\" content=\"summary_large_image\" \/>\n<meta name=\"twitter:label1\" content=\"Escrito por\" \/>\n\t<meta name=\"twitter:data1\" content=\"guilherme_saude\" \/>\n\t<meta name=\"twitter:label2\" content=\"Est. tempo de leitura\" \/>\n\t<meta name=\"twitter:data2\" content=\"4 minutos\" \/>\n<!-- \/ Yoast SEO plugin. -->","yoast_head_json":{"title":"Veja alimentos ricos em lute\u00edna para proteger a vis\u00e3o - Correio Braziliense - Radar","description":"A lute\u00edna \u00e9 um nutriente essencial para os olhos. Veja alimentos que ajudam a proteger a vis\u00e3o e prevenir doen\u00e7as oculares.","robots":{"index":"index","follow":"follow","max-snippet":"max-snippet:-1","max-image-preview":"max-image-preview:large","max-video-preview":"max-video-preview:-1"},"canonical":"https:\/\/www.correiobraziliense.com.br\/cbradar\/veja-alimentos-ricos-em-luteina-para-proteger-a-visao\/","og_locale":"pt_BR","og_type":"article","og_title":"Veja alimentos ricos em lute\u00edna para proteger a vis\u00e3o - Correio Braziliense - Radar","og_description":"A lute\u00edna \u00e9 um nutriente essencial para os olhos. Veja alimentos que ajudam a proteger a vis\u00e3o e prevenir doen\u00e7as oculares.","og_url":"https:\/\/www.correiobraziliense.com.br\/cbradar\/veja-alimentos-ricos-em-luteina-para-proteger-a-visao\/","og_site_name":"Correio Braziliense - Radar","article_published_time":"2026-03-18T10:45:00+00:00","og_image":[{"width":1280,"height":720,"url":"https:\/\/www.correiobraziliense.com.br\/cbradar\/wp-content\/uploads\/2026\/03\/luteina_1773757201346.jpg","type":"image\/jpeg"}],"author":"guilherme_saude","twitter_card":"summary_large_image","twitter_misc":{"Escrito por":"guilherme_saude","Est. tempo de leitura":"4 minutos"},"schema":{"@context":"https:\/\/schema.org","@graph":[{"@type":"WebPage","@id":"https:\/\/www.correiobraziliense.com.br\/cbradar\/veja-alimentos-ricos-em-luteina-para-proteger-a-visao\/","url":"https:\/\/www.correiobraziliense.com.br\/cbradar\/veja-alimentos-ricos-em-luteina-para-proteger-a-visao\/","name":"Veja alimentos ricos em lute\u00edna para proteger a vis\u00e3o - Correio Braziliense - Radar","isPartOf":{"@id":"https:\/\/www.correiobraziliense.com.br\/cbradar\/#website"},"primaryImageOfPage":{"@id":"https:\/\/www.correiobraziliense.com.br\/cbradar\/veja-alimentos-ricos-em-luteina-para-proteger-a-visao\/#primaryimage"},"image":{"@id":"https:\/\/www.correiobraziliense.com.br\/cbradar\/veja-alimentos-ricos-em-luteina-para-proteger-a-visao\/#primaryimage"},"thumbnailUrl":"https:\/\/www.correiobraziliense.com.br\/cbradar\/wp-content\/uploads\/2026\/03\/luteina_1773757201346.jpg","datePublished":"2026-03-18T10:45:00+00:00","author":{"@id":"https:\/\/www.correiobraziliense.com.br\/cbradar\/#\/schema\/person\/5aa4bf3c8fa699c267933611de12978b"},"description":"A lute\u00edna \u00e9 um nutriente essencial para os olhos. Veja alimentos que ajudam a proteger a vis\u00e3o e prevenir doen\u00e7as oculares.","breadcrumb":{"@id":"https:\/\/www.correiobraziliense.com.br\/cbradar\/veja-alimentos-ricos-em-luteina-para-proteger-a-visao\/#breadcrumb"},"inLanguage":"pt-BR","potentialAction":[{"@type":"ReadAction","target":["https:\/\/www.correiobraziliense.com.br\/cbradar\/veja-alimentos-ricos-em-luteina-para-proteger-a-visao\/"]}]},{"@type":"ImageObject","inLanguage":"pt-BR","@id":"https:\/\/www.correiobraziliense.com.br\/cbradar\/veja-alimentos-ricos-em-luteina-para-proteger-a-visao\/#primaryimage","url":"https:\/\/www.correiobraziliense.com.br\/cbradar\/wp-content\/uploads\/2026\/03\/luteina_1773757201346.jpg","contentUrl":"https:\/\/www.correiobraziliense.com.br\/cbradar\/wp-content\/uploads\/2026\/03\/luteina_1773757201346.jpg","width":1280,"height":720,"caption":"Alimentos com lute\u00edna podem proteger a vis\u00e3o - Cr\u00e9ditos: depositphotos.com \/ natatravel"},{"@type":"BreadcrumbList","@id":"https:\/\/www.correiobraziliense.com.br\/cbradar\/veja-alimentos-ricos-em-luteina-para-proteger-a-visao\/#breadcrumb","itemListElement":[{"@type":"ListItem","position":1,"name":"In\u00edcio","item":"https:\/\/www.correiobraziliense.com.br\/cbradar\/"},{"@type":"ListItem","position":2,"name":"Veja alimentos ricos em lute\u00edna para proteger a vis\u00e3o"}]},{"@type":"WebSite","@id":"https:\/\/www.correiobraziliense.com.br\/cbradar\/#website","url":"https:\/\/www.correiobraziliense.com.br\/cbradar\/","name":"Correio Braziliense - Radar","description":"Acompanhe as \u00faltimas not\u00edcias e fique bem informado sobre tudo o que acontece no Brasil e no mundo.","potentialAction":[{"@type":"SearchAction","target":{"@type":"EntryPoint","urlTemplate":"https:\/\/www.correiobraziliense.com.br\/cbradar\/?s={search_term_string}"},"query-input":{"@type":"PropertyValueSpecification","valueRequired":true,"valueName":"search_term_string"}}],"inLanguage":"pt-BR"},{"@type":"Person","@id":"https:\/\/www.correiobraziliense.com.br\/cbradar\/#\/schema\/person\/5aa4bf3c8fa699c267933611de12978b","name":"guilherme_saude","image":{"@type":"ImageObject","inLanguage":"pt-BR","@id":"https:\/\/www.correiobraziliense.com.br\/cbradar\/#\/schema\/person\/image\/","url":"https:\/\/secure.gravatar.com\/avatar\/df9adfb835d344bc0af109d41756253f?s=96&d=mm&r=g","contentUrl":"https:\/\/secure.gravatar.com\/avatar\/df9adfb835d344bc0af109d41756253f?s=96&d=mm&r=g","caption":"guilherme_saude"},"url":"https:\/\/www.correiobraziliense.com.br\/cbradar\/author\/guilherme_saude\/"}]}},"_links":{"self":[{"href":"https:\/\/www.correiobraziliense.com.br\/cbradar\/wp-json\/wp\/v2\/posts\/210143","targetHints":{"allow":["GET"]}}],"collection":[{"href":"https:\/\/www.correiobraziliense.com.br\/cbradar\/wp-json\/wp\/v2\/posts"}],"about":[{"href":"https:\/\/www.correiobraziliense.com.br\/cbradar\/wp-json\/wp\/v2\/types\/post"}],"author":[{"embeddable":true,"href":"https:\/\/www.correiobraziliense.com.br\/cbradar\/wp-json\/wp\/v2\/users\/14"}],"replies":[{"embeddable":true,"href":"https:\/\/www.correiobraziliense.com.br\/cbradar\/wp-json\/wp\/v2\/comments?post=210143"}],"version-history":[{"count":1,"href":"https:\/\/www.correiobraziliense.com.br\/cbradar\/wp-json\/wp\/v2\/posts\/210143\/revisions"}],"predecessor-version":[{"id":210158,"href":"https:\/\/www.correiobraziliense.com.br\/cbradar\/wp-json\/wp\/v2\/posts\/210143\/revisions\/210158"}],"wp:featuredmedia":[{"embeddable":true,"href":"https:\/\/www.correiobraziliense.com.br\/cbradar\/wp-json\/wp\/v2\/media\/210147"}],"wp:attachment":[{"href":"https:\/\/www.correiobraziliense.com.br\/cbradar\/wp-json\/wp\/v2\/media?parent=210143"}],"wp:term":[{"taxonomy":"category","embeddable":true,"href":"https:\/\/www.correiobraziliense.com.br\/cbradar\/wp-json\/wp\/v2\/categories?post=210143"},{"taxonomy":"post_tag","embeddable":true,"href":"https:\/\/www.correiobraziliense.com.br\/cbradar\/wp-json\/wp\/v2\/tags?post=210143"}],"curies":[{"name":"wp","href":"https:\/\/api.w.org\/{rel}","templated":true}]}}