{"id":210230,"date":"2026-03-18T15:45:00","date_gmt":"2026-03-18T18:45:00","guid":{"rendered":"https:\/\/www.correiobraziliense.com.br\/cbradar\/?p=210230"},"modified":"2026-03-17T15:09:30","modified_gmt":"2026-03-17T18:09:30","slug":"o-grao-antigo-que-muita-gente-esqueceu-e-que-na-verdade-e-um-dos-alimentos-mais-ricos-em-proteina-vegetal","status":"publish","type":"post","link":"https:\/\/www.correiobraziliense.com.br\/cbradar\/o-grao-antigo-que-muita-gente-esqueceu-e-que-na-verdade-e-um-dos-alimentos-mais-ricos-em-proteina-vegetal\/","title":{"rendered":"O gr\u00e3o antigo que muita gente esqueceu e que na verdade \u00e9 um dos alimentos mais ricos em prote\u00edna vegetal"},"content":{"rendered":"\n<p>O amaranto \u00e9 um gr\u00e3o ancestral que est\u00e1 voltando \u00e0s mesas brasileiras por oferecer uma concentra\u00e7\u00e3o proteica superior \u00e0 maioria dos cereais comuns. Cultivado h\u00e1 mil\u00eanios pelas civiliza\u00e7\u00f5es pr\u00e9-colombianas, esse superalimento garante nutrientes essenciais para quem busca vitalidade e sa\u00fade muscular. Integrar esse gr\u00e3o na dieta di\u00e1ria promove benef\u00edcios biol\u00f3gicos surpreendentes.<\/p>\n\n\n\n<h2 class=\"wp-block-heading\">Qual o segredo da for\u00e7a nutricional contida nesse pequeno gr\u00e3o?<\/h2>\n\n\n\n<p>O amaranto destaca-se por possuir todos os amino\u00e1cidos essenciais que o corpo humano n\u00e3o consegue produzir sozinho diariamente. Diferente do trigo ou do arroz, ele oferece uma prote\u00edna completa que auxilia diretamente na recupera\u00e7\u00e3o dos tecidos e no fortalecimento do sistema imunol\u00f3gico. <strong>Ter uma alimenta\u00e7\u00e3o pautada em gr\u00e3os antigos \u00e9 o segredo para a longevidade f\u00edsica<\/strong>.<\/p>\n\n\n\n<p>Al\u00e9m do alto teor proteico, esse gr\u00e3o \u00e9 naturalmente livre de gl\u00faten, tornando-se uma op\u00e7\u00e3o segura para cel\u00edacos ou pessoas sens\u00edveis. A presen\u00e7a de fibras sol\u00faveis ajuda a regular o \u00edndice glic\u00eamico e promove uma sensa\u00e7\u00e3o de saciedade prolongada durante as refei\u00e7\u00f5es principais. <strong>Ajustar o consumo desses nutrientes otimiza o funcionamento do seu metabolismo de forma natural<\/strong>.<\/p>\n\n\n\n<figure class=\"wp-block-image size-full\"><img decoding=\"async\" width=\"1280\" height=\"720\" src=\"https:\/\/www.correiobraziliense.com.br\/cbradar\/wp-content\/uploads\/2026\/03\/Gemini_Generated_Image_4tq5aw4tq5aw4tq5-1-1.png\" alt=\"O gr\u00e3o antigo que muita gente esqueceu e que na verdade \u00e9 um dos alimentos mais ricos em prote\u00edna vegetal\" class=\"wp-image-210244\" srcset=\"https:\/\/www.correiobraziliense.com.br\/cbradar\/wp-content\/uploads\/2026\/03\/Gemini_Generated_Image_4tq5aw4tq5aw4tq5-1-1.png 1280w, https:\/\/www.correiobraziliense.com.br\/cbradar\/wp-content\/uploads\/2026\/03\/Gemini_Generated_Image_4tq5aw4tq5aw4tq5-1-1-300x169.png 300w, https:\/\/www.correiobraziliense.com.br\/cbradar\/wp-content\/uploads\/2026\/03\/Gemini_Generated_Image_4tq5aw4tq5aw4tq5-1-1-768x432.png 768w, https:\/\/www.correiobraziliense.com.br\/cbradar\/wp-content\/uploads\/2026\/03\/Gemini_Generated_Image_4tq5aw4tq5aw4tq5-1-1-750x422.png 750w, https:\/\/www.correiobraziliense.com.br\/cbradar\/wp-content\/uploads\/2026\/03\/Gemini_Generated_Image_4tq5aw4tq5aw4tq5-1-1-1140x641.png 1140w\" sizes=\"(max-width: 1280px) 100vw, 1280px\" \/><figcaption class=\"wp-element-caption\">Amaranto \u00e9 um gr\u00e3o nutritivo que oferece prote\u00ednas completas e benef\u00edcios importantes para a sa\u00fade<\/figcaption><\/figure>\n\n\n\n<h2 class=\"wp-block-heading\">Por que as civiliza\u00e7\u00f5es antigas valorizavam tanto o cultivo do amaranto?<\/h2>\n\n\n\n<p>Os astecas e incas consideravam esse alimento sagrado devido \u00e0 sua incr\u00edvel resist\u00eancia clim\u00e1tica e alto valor energ\u00e9tico constante. Ele era a base da dieta de guerreiros que precisavam de for\u00e7a f\u00edsica extrema para enfrentar batalhas e longas jornadas em altitudes elevadas. <strong>Resgatar esse conhecimento ancestral traz vantagens competitivas para a sa\u00fade moderna de atletas e trabalhadores<\/strong>.<\/p>\n\n\n\n<p>A planta do amaranto \u00e9 extremamente vers\u00e1til e pode ser aproveitada integralmente, desde as sementes ricas em minerais at\u00e9 as folhas verdes nutritivas. Essa caracter\u00edstica tornava o cultivo sustent\u00e1vel e essencial para a sobreviv\u00eancia de popula\u00e7\u00f5es inteiras em per\u00edodos de escassez alimentar severa. <strong>Valorizar a biodiversidade agr\u00edcola \u00e9 fundamental para garantir a seguran\u00e7a alimentar global no futuro pr\u00f3ximo<\/strong>.<\/p>\n\n\n\n<h2 class=\"wp-block-heading\">Como o amaranto atua na preven\u00e7\u00e3o de doen\u00e7as cr\u00f4nicas hoje?<\/h2>\n\n\n\n<p>Estudos indicam que os compostos bioativos presentes no gr\u00e3o auxiliam na redu\u00e7\u00e3o do colesterol ruim e protegem a sa\u00fade do cora\u00e7\u00e3o. A presen\u00e7a de esqualeno, uma subst\u00e2ncia rara em vegetais, atua como um antioxidante poderoso que combate o envelhecimento precoce das c\u00e9lulas humanas. <strong>Prevenir inflama\u00e7\u00f5es internas atrav\u00e9s da dieta \u00e9 a melhor estrat\u00e9gia para uma vida produtiva e saud\u00e1vel<\/strong>.<\/p>\n\n\n\n<p>Analise os principais motivos para incluir este ingrediente poderoso no preparo de suas refei\u00e7\u00f5es di\u00e1rias a partir de agora:<\/p>\n\n\n\n<ul class=\"wp-block-list\">\n<li>Fonte completa de amino\u00e1cidos essenciais.<\/li>\n\n\n\n<li>Redu\u00e7\u00e3o significativa do colesterol LDL.<\/li>\n\n\n\n<li>Controle eficiente da press\u00e3o arterial.<\/li>\n\n\n\n<li>Aumento da imunidade celular biol\u00f3gica.<\/li>\n<\/ul>\n\n\n\n<h2 class=\"wp-block-heading\">Existe uma maneira pr\u00e1tica de preparar este gr\u00e3o na cozinha?<\/h2>\n\n\n\n<p>O preparo do amaranto \u00e9 muito semelhante ao do arroz tradicional, exigindo apenas \u00e1gua fervente e alguns minutos de fogo. Ele pode ser utilizado em saladas, sopas ou at\u00e9 transformado em uma pipoca nutritiva para lanches r\u00e1pidos durante o dia. <strong>Dominar t\u00e9cnicas simples de coc\u00e7\u00e3o facilita a manuten\u00e7\u00e3o de uma dieta equilibrada e muito saborosa para todos<\/strong>.<\/p>\n\n\n\n<p>Outra forma vers\u00e1til de consumo envolve o uso da farinha de amaranto em substitui\u00e7\u00e3o parcial ao trigo em receitas de p\u00e3es e bolos. Essa troca aumenta drasticamente o valor biol\u00f3gico dos alimentos assados, proporcionando mais energia e nutrientes para as crian\u00e7as em fase de crescimento. <strong>Inovar na cozinha com ingredientes saud\u00e1veis \u00e9 um ato de cuidado com a fam\u00edlia<\/strong>.<\/p>\n\n\n\n<p>No v\u00eddeo abaixo do TikTok <strong><em>Goldvita.naturais<\/em><\/strong>, que conta com mais de <strong><em>22 mil <\/em><\/strong>seguidores, ela cita os benef\u00edcios do gr\u00e3o de amaranto:<\/p>\n\n\n\n<blockquote class=\"tiktok-embed\" cite=\"https:\/\/www.tiktok.com\/@goldvita.naturais\/video\/7229102205469576453\" data-video-id=\"7229102205469576453\" style=\"max-width: 605px;min-width: 325px;\" > <section> <a target=\"_blank\" title=\"@goldvita.naturais\" href=\"https:\/\/www.tiktok.com\/@goldvita.naturais?refer=embed\">@goldvita.naturais<\/a> Veja legenda \ud83d\udc47\ud83c\udffb\ud83d\udc47\ud83c\udffb . . O Amaranto \u00e9 uma semente pouco conhecida mas ideal para quem sofre com a doen\u00e7a cel\u00edaca ou e intolerante ao gl\u00faten pois ele \u00e9 um excelente substituto do trigo. Os gr\u00e3os podem ser cozidos e substituir o arroz ou adicionados em saladas e tabules. Os flocos podem ser adicionados em frutas, iogurte, mingau e vitaminas. Seu sabor \u00e9 suave e pode ser usado em preparos doces e salgados. Compre pelo nosso site: www.goldvitanaturais.com Enviamos para todo Brasil <a title=\"amaranto\" target=\"_blank\" href=\"https:\/\/www.tiktok.com\/tag\/amaranto?refer=embed\">#amaranto<\/a> <a title=\"gr\u00e3os\" target=\"_blank\" href=\"https:\/\/www.tiktok.com\/tag\/gr%C3%A3os?refer=embed\">#gr\u00e3os<\/a> <a title=\"alimentacaosaudavelsempre\" target=\"_blank\" href=\"https:\/\/www.tiktok.com\/tag\/alimentacaosaudavelsempre?refer=embed\">#alimentacaosaudavelsempre<\/a> <a title=\"cel\u00edacos\" target=\"_blank\" href=\"https:\/\/www.tiktok.com\/tag\/cel%C3%ADacos?refer=embed\">#cel\u00edacos<\/a> <a title=\"glutenfree\" target=\"_blank\" href=\"https:\/\/www.tiktok.com\/tag\/glutenfree?refer=embed\">#glutenfree<\/a> <a target=\"_blank\" title=\"\u266c som original - Gold Vita \ud83e\udde1\" href=\"https:\/\/www.tiktok.com\/music\/som-original-7229102222754253574?refer=embed\">\u266c som original &#8211; Gold Vita \ud83e\udde1<\/a> <\/section> <\/blockquote> <script async src=\"https:\/\/www.tiktok.com\/embed.js\"><\/script>\n\n\n\n<p>Leia tamb\u00e9m: <a href=\"https:\/\/www.correiobraziliense.com.br\/cbradar\/o-que-o-chocolate-amargo-faz-no-cerebro-e-na-saude-cardiovascular\/\" target=\"_blank\" rel=\"noreferrer noopener\">O que o chocolate amargo faz no c\u00e9rebro e na sa\u00fade cardiovascular<\/a><\/p>\n\n\n\n<h2 class=\"wp-block-heading\">Quais s\u00e3o as recomenda\u00e7\u00f5es oficiais sobre o consumo de pseudocereais?<\/h2>\n\n\n\n<p>Organiza\u00e7\u00f5es globais de sa\u00fade incentivam a diversifica\u00e7\u00e3o da dieta atrav\u00e9s do consumo de pseudocereais como o amaranto e a quinoa regularmente. Esses alimentos s\u00e3o fundamentais para combater a desnutri\u00e7\u00e3o oculta e oferecer alternativas sustent\u00e1veis de prote\u00edna vegetal para a popula\u00e7\u00e3o mundial crescente. <strong>Acompanhar as diretrizes nutricionais modernas garante escolhas alimentares muito mais conscientes e seguras hoje<\/strong>.<\/p>\n\n\n\n<p>A <strong>Organiza\u00e7\u00e3o das Na\u00e7\u00f5es Unidas para a Alimenta\u00e7\u00e3o e a Agricultura<\/strong> destaca que o amaranto \u00e9 um <a href=\"https:\/\/www.fao.org\/home\/en\" target=\"_blank\" rel=\"noreferrer noopener\">cultivo promissor para a seguran\u00e7a nutricional<\/a> em diversas regi\u00f5es do globo. Integrar esse superalimento no card\u00e1pio semanal \u00e9 o primeiro passo para conquistar uma <strong>vida longa, equilibrada e livre de car\u00eancias nutricionais graves<\/strong> em nossa sociedade moderna brasileira.<\/p>\n","protected":false},"excerpt":{"rendered":"<p>O amaranto \u00e9 um gr\u00e3o ancestral que est\u00e1 voltando \u00e0s mesas brasileiras por oferecer uma concentra\u00e7\u00e3o proteica superior \u00e0 maioria dos cereais comuns. Cultivado h\u00e1 mil\u00eanios pelas civiliza\u00e7\u00f5es pr\u00e9-colombianas, esse superalimento garante nutrientes essenciais para quem busca vitalidade e sa\u00fade muscular. Integrar esse gr\u00e3o na dieta di\u00e1ria promove benef\u00edcios biol\u00f3gicos surpreendentes. Qual o segredo da [&hellip;]<\/p>\n","protected":false},"author":21,"featured_media":210241,"comment_status":"open","ping_status":"open","sticky":false,"template":"","format":"standard","meta":{"_yoast_wpseo_focuskw":"amaranto benef\u00edcios","_yoast_wpseo_title":"","_yoast_wpseo_metadesc":"Gr\u00e3o ancestral rico em prote\u00ednas e nutrientes volta a ganhar espa\u00e7o e chama aten\u00e7\u00e3o por seus benef\u00edcios \u00e0 sa\u00fade e \u00e0 alimenta\u00e7\u00e3o","jnews-multi-image_gallery":[],"jnews_single_post":{"format":"standard"},"jnews_primary_category":[],"jnews_social_meta":[],"jnews_override_counter":[],"footnotes":""},"categories":[112],"tags":[281,11569,6811,4801],"class_list":["post-210230","post","type-post","status-publish","format-standard","has-post-thumbnail","hentry","category-curiosidades","tag-alimentacao","tag-grao","tag-proteina-2","tag-proteina-vegetal"],"yoast_head":"<!-- This site is optimized with the Yoast SEO plugin v24.6 - https:\/\/yoast.com\/wordpress\/plugins\/seo\/ -->\n<title>O gr\u00e3o antigo que muita gente esqueceu e que na verdade \u00e9 um dos alimentos mais ricos em prote\u00edna vegetal - Correio Braziliense - Radar<\/title>\n<meta name=\"description\" content=\"Gr\u00e3o ancestral rico em prote\u00ednas e nutrientes volta a ganhar espa\u00e7o e chama aten\u00e7\u00e3o por seus benef\u00edcios \u00e0 sa\u00fade e \u00e0 alimenta\u00e7\u00e3o\" \/>\n<meta name=\"robots\" content=\"index, follow, max-snippet:-1, max-image-preview:large, max-video-preview:-1\" \/>\n<link rel=\"canonical\" href=\"https:\/\/www.correiobraziliense.com.br\/cbradar\/o-grao-antigo-que-muita-gente-esqueceu-e-que-na-verdade-e-um-dos-alimentos-mais-ricos-em-proteina-vegetal\/\" \/>\n<meta property=\"og:locale\" content=\"pt_BR\" \/>\n<meta property=\"og:type\" content=\"article\" \/>\n<meta property=\"og:title\" content=\"O gr\u00e3o antigo que muita gente esqueceu e que na verdade \u00e9 um dos alimentos mais ricos em prote\u00edna vegetal - Correio Braziliense - Radar\" \/>\n<meta property=\"og:description\" content=\"Gr\u00e3o ancestral rico em prote\u00ednas e nutrientes volta a ganhar espa\u00e7o e chama aten\u00e7\u00e3o por seus benef\u00edcios \u00e0 sa\u00fade e \u00e0 alimenta\u00e7\u00e3o\" \/>\n<meta property=\"og:url\" content=\"https:\/\/www.correiobraziliense.com.br\/cbradar\/o-grao-antigo-que-muita-gente-esqueceu-e-que-na-verdade-e-um-dos-alimentos-mais-ricos-em-proteina-vegetal\/\" \/>\n<meta property=\"og:site_name\" content=\"Correio Braziliense - Radar\" \/>\n<meta property=\"article:published_time\" content=\"2026-03-18T18:45:00+00:00\" \/>\n<meta property=\"og:image\" content=\"https:\/\/www.correiobraziliense.com.br\/cbradar\/wp-content\/uploads\/2026\/03\/Gemini_Generated_Image_n8xkvon8xkvon8xk-1-1.png\" \/>\n\t<meta property=\"og:image:width\" content=\"1280\" \/>\n\t<meta property=\"og:image:height\" content=\"720\" \/>\n\t<meta property=\"og:image:type\" content=\"image\/png\" \/>\n<meta name=\"author\" content=\"Patrick Silva\" \/>\n<meta name=\"twitter:card\" content=\"summary_large_image\" \/>\n<meta name=\"twitter:label1\" content=\"Escrito por\" \/>\n\t<meta name=\"twitter:data1\" content=\"Patrick Silva\" \/>\n\t<meta name=\"twitter:label2\" content=\"Est. tempo de leitura\" \/>\n\t<meta name=\"twitter:data2\" content=\"5 minutos\" \/>\n<!-- \/ Yoast SEO plugin. -->","yoast_head_json":{"title":"O gr\u00e3o antigo que muita gente esqueceu e que na verdade \u00e9 um dos alimentos mais ricos em prote\u00edna vegetal - Correio Braziliense - Radar","description":"Gr\u00e3o ancestral rico em prote\u00ednas e nutrientes volta a ganhar espa\u00e7o e chama aten\u00e7\u00e3o por seus benef\u00edcios \u00e0 sa\u00fade e \u00e0 alimenta\u00e7\u00e3o","robots":{"index":"index","follow":"follow","max-snippet":"max-snippet:-1","max-image-preview":"max-image-preview:large","max-video-preview":"max-video-preview:-1"},"canonical":"https:\/\/www.correiobraziliense.com.br\/cbradar\/o-grao-antigo-que-muita-gente-esqueceu-e-que-na-verdade-e-um-dos-alimentos-mais-ricos-em-proteina-vegetal\/","og_locale":"pt_BR","og_type":"article","og_title":"O gr\u00e3o antigo que muita gente esqueceu e que na verdade \u00e9 um dos alimentos mais ricos em prote\u00edna vegetal - Correio Braziliense - Radar","og_description":"Gr\u00e3o ancestral rico em prote\u00ednas e nutrientes volta a ganhar espa\u00e7o e chama aten\u00e7\u00e3o por seus benef\u00edcios \u00e0 sa\u00fade e \u00e0 alimenta\u00e7\u00e3o","og_url":"https:\/\/www.correiobraziliense.com.br\/cbradar\/o-grao-antigo-que-muita-gente-esqueceu-e-que-na-verdade-e-um-dos-alimentos-mais-ricos-em-proteina-vegetal\/","og_site_name":"Correio Braziliense - Radar","article_published_time":"2026-03-18T18:45:00+00:00","og_image":[{"width":1280,"height":720,"url":"https:\/\/www.correiobraziliense.com.br\/cbradar\/wp-content\/uploads\/2026\/03\/Gemini_Generated_Image_n8xkvon8xkvon8xk-1-1.png","type":"image\/png"}],"author":"Patrick Silva","twitter_card":"summary_large_image","twitter_misc":{"Escrito por":"Patrick Silva","Est. tempo de leitura":"5 minutos"},"schema":{"@context":"https:\/\/schema.org","@graph":[{"@type":"WebPage","@id":"https:\/\/www.correiobraziliense.com.br\/cbradar\/o-grao-antigo-que-muita-gente-esqueceu-e-que-na-verdade-e-um-dos-alimentos-mais-ricos-em-proteina-vegetal\/","url":"https:\/\/www.correiobraziliense.com.br\/cbradar\/o-grao-antigo-que-muita-gente-esqueceu-e-que-na-verdade-e-um-dos-alimentos-mais-ricos-em-proteina-vegetal\/","name":"O gr\u00e3o antigo que muita gente esqueceu e que na verdade \u00e9 um dos alimentos mais ricos em prote\u00edna vegetal - Correio Braziliense - Radar","isPartOf":{"@id":"https:\/\/www.correiobraziliense.com.br\/cbradar\/#website"},"primaryImageOfPage":{"@id":"https:\/\/www.correiobraziliense.com.br\/cbradar\/o-grao-antigo-que-muita-gente-esqueceu-e-que-na-verdade-e-um-dos-alimentos-mais-ricos-em-proteina-vegetal\/#primaryimage"},"image":{"@id":"https:\/\/www.correiobraziliense.com.br\/cbradar\/o-grao-antigo-que-muita-gente-esqueceu-e-que-na-verdade-e-um-dos-alimentos-mais-ricos-em-proteina-vegetal\/#primaryimage"},"thumbnailUrl":"https:\/\/www.correiobraziliense.com.br\/cbradar\/wp-content\/uploads\/2026\/03\/Gemini_Generated_Image_n8xkvon8xkvon8xk-1-1.png","datePublished":"2026-03-18T18:45:00+00:00","author":{"@id":"https:\/\/www.correiobraziliense.com.br\/cbradar\/#\/schema\/person\/5440b72be9c7eb74f446c846479dc4da"},"description":"Gr\u00e3o ancestral rico em prote\u00ednas e nutrientes volta a ganhar espa\u00e7o e chama aten\u00e7\u00e3o por seus benef\u00edcios \u00e0 sa\u00fade e \u00e0 alimenta\u00e7\u00e3o","breadcrumb":{"@id":"https:\/\/www.correiobraziliense.com.br\/cbradar\/o-grao-antigo-que-muita-gente-esqueceu-e-que-na-verdade-e-um-dos-alimentos-mais-ricos-em-proteina-vegetal\/#breadcrumb"},"inLanguage":"pt-BR","potentialAction":[{"@type":"ReadAction","target":["https:\/\/www.correiobraziliense.com.br\/cbradar\/o-grao-antigo-que-muita-gente-esqueceu-e-que-na-verdade-e-um-dos-alimentos-mais-ricos-em-proteina-vegetal\/"]}]},{"@type":"ImageObject","inLanguage":"pt-BR","@id":"https:\/\/www.correiobraziliense.com.br\/cbradar\/o-grao-antigo-que-muita-gente-esqueceu-e-que-na-verdade-e-um-dos-alimentos-mais-ricos-em-proteina-vegetal\/#primaryimage","url":"https:\/\/www.correiobraziliense.com.br\/cbradar\/wp-content\/uploads\/2026\/03\/Gemini_Generated_Image_n8xkvon8xkvon8xk-1-1.png","contentUrl":"https:\/\/www.correiobraziliense.com.br\/cbradar\/wp-content\/uploads\/2026\/03\/Gemini_Generated_Image_n8xkvon8xkvon8xk-1-1.png","width":1280,"height":720,"caption":"Amaranto \u00e9 um gr\u00e3o nutritivo que oferece prote\u00ednas completas e benef\u00edcios importantes para a sa\u00fade"},{"@type":"BreadcrumbList","@id":"https:\/\/www.correiobraziliense.com.br\/cbradar\/o-grao-antigo-que-muita-gente-esqueceu-e-que-na-verdade-e-um-dos-alimentos-mais-ricos-em-proteina-vegetal\/#breadcrumb","itemListElement":[{"@type":"ListItem","position":1,"name":"In\u00edcio","item":"https:\/\/www.correiobraziliense.com.br\/cbradar\/"},{"@type":"ListItem","position":2,"name":"O gr\u00e3o antigo que muita gente esqueceu e que na verdade \u00e9 um dos alimentos mais ricos em prote\u00edna vegetal"}]},{"@type":"WebSite","@id":"https:\/\/www.correiobraziliense.com.br\/cbradar\/#website","url":"https:\/\/www.correiobraziliense.com.br\/cbradar\/","name":"Correio Braziliense - Radar","description":"Acompanhe as \u00faltimas not\u00edcias e fique bem informado sobre tudo o que acontece no Brasil e no mundo.","potentialAction":[{"@type":"SearchAction","target":{"@type":"EntryPoint","urlTemplate":"https:\/\/www.correiobraziliense.com.br\/cbradar\/?s={search_term_string}"},"query-input":{"@type":"PropertyValueSpecification","valueRequired":true,"valueName":"search_term_string"}}],"inLanguage":"pt-BR"},{"@type":"Person","@id":"https:\/\/www.correiobraziliense.com.br\/cbradar\/#\/schema\/person\/5440b72be9c7eb74f446c846479dc4da","name":"Patrick Silva","image":{"@type":"ImageObject","inLanguage":"pt-BR","@id":"https:\/\/www.correiobraziliense.com.br\/cbradar\/#\/schema\/person\/image\/","url":"https:\/\/secure.gravatar.com\/avatar\/944109df296fc087785c9715fd5f80b2?s=96&d=mm&r=g","contentUrl":"https:\/\/secure.gravatar.com\/avatar\/944109df296fc087785c9715fd5f80b2?s=96&d=mm&r=g","caption":"Patrick Silva"},"sameAs":["https:\/\/www.correiobraziliense.com.br\/cbradar\/"],"url":"https:\/\/www.correiobraziliense.com.br\/cbradar\/author\/patrick-silva\/"}]}},"_links":{"self":[{"href":"https:\/\/www.correiobraziliense.com.br\/cbradar\/wp-json\/wp\/v2\/posts\/210230","targetHints":{"allow":["GET"]}}],"collection":[{"href":"https:\/\/www.correiobraziliense.com.br\/cbradar\/wp-json\/wp\/v2\/posts"}],"about":[{"href":"https:\/\/www.correiobraziliense.com.br\/cbradar\/wp-json\/wp\/v2\/types\/post"}],"author":[{"embeddable":true,"href":"https:\/\/www.correiobraziliense.com.br\/cbradar\/wp-json\/wp\/v2\/users\/21"}],"replies":[{"embeddable":true,"href":"https:\/\/www.correiobraziliense.com.br\/cbradar\/wp-json\/wp\/v2\/comments?post=210230"}],"version-history":[{"count":2,"href":"https:\/\/www.correiobraziliense.com.br\/cbradar\/wp-json\/wp\/v2\/posts\/210230\/revisions"}],"predecessor-version":[{"id":210246,"href":"https:\/\/www.correiobraziliense.com.br\/cbradar\/wp-json\/wp\/v2\/posts\/210230\/revisions\/210246"}],"wp:featuredmedia":[{"embeddable":true,"href":"https:\/\/www.correiobraziliense.com.br\/cbradar\/wp-json\/wp\/v2\/media\/210241"}],"wp:attachment":[{"href":"https:\/\/www.correiobraziliense.com.br\/cbradar\/wp-json\/wp\/v2\/media?parent=210230"}],"wp:term":[{"taxonomy":"category","embeddable":true,"href":"https:\/\/www.correiobraziliense.com.br\/cbradar\/wp-json\/wp\/v2\/categories?post=210230"},{"taxonomy":"post_tag","embeddable":true,"href":"https:\/\/www.correiobraziliense.com.br\/cbradar\/wp-json\/wp\/v2\/tags?post=210230"}],"curies":[{"name":"wp","href":"https:\/\/api.w.org\/{rel}","templated":true}]}}