{"id":21037,"date":"2025-04-09T10:50:00","date_gmt":"2025-04-09T13:50:00","guid":{"rendered":"https:\/\/www.correiobraziliense.com.br\/cbradar\/?p=21037"},"modified":"2025-04-09T00:35:26","modified_gmt":"2025-04-09T03:35:26","slug":"qual-e-o-valor-da-fortuna-de-sabrina-carpenter","status":"publish","type":"post","link":"https:\/\/www.correiobraziliense.com.br\/cbradar\/qual-e-o-valor-da-fortuna-de-sabrina-carpenter\/","title":{"rendered":"Qual \u00e9 o valor da fortuna de Sabrina Carpenter?"},"content":{"rendered":"\n<p><strong><a href=\"https:\/\/pt.wikipedia.org\/wiki\/Sabrina_Carpenter\" target=\"_blank\" rel=\"noreferrer noopener\">Sabrina Carpenter<\/a><\/strong> \u00e9 um nome que tem ganhado cada vez mais destaque no cen\u00e1rio mundial. Seja pela sua atua\u00e7\u00e3o marcante em s\u00e9ries da <strong><a href=\"https:\/\/www.correiobraziliense.com.br\/cbradar\/as-novidades-de-abril-no-disney-e-o-que-assistir-este-mes\/\" target=\"_blank\" rel=\"noreferrer noopener\">Disney<\/a><\/strong>, por seus \u00e1lbuns de sucesso ou pela sua forte presen\u00e7a nas redes sociais, a jovem artista conquistou uma legi\u00e3o de f\u00e3s ao redor do mundo. Com uma carreira multifacetada e em constante ascens\u00e3o, o p\u00fablico se pergunta qual \u00e9 o verdadeiro alcance de seu sucesso \u2014 especialmente em rela\u00e7\u00e3o \u00e0 sua fortuna e \u00e0s suas fontes de renda.<\/p>\n\n\n\n<p>Este artigo responde \u00e0s principais perguntas sobre a trajet\u00f3ria de <strong>Sabrina Carpenter<\/strong>, passando por sua hist\u00f3ria, in\u00edcio de carreira, maiores feitos e curiosidades. Ao final, revelamos o valor estimado de sua fortuna e explicamos de onde vem sua renda milion\u00e1ria. Acompanhe.<\/p>\n\n\n\n<h2 class=\"wp-block-heading\">Qual \u00e9 a hist\u00f3ria de Sabrina Carpenter?<\/h2>\n\n\n\n<p>Nascida em <strong>11 de maio de 1999<\/strong>, no estado da <strong>Pensilv\u00e2nia<\/strong>, <strong>Estados Unidos<\/strong>, <strong>Sabrina Annlynn Carpenter<\/strong> cresceu em um ambiente familiar que sempre valorizou a criatividade e a express\u00e3o art\u00edstica. Desde cedo, demonstrou interesse pelas artes, principalmente pela m\u00fasica e atua\u00e7\u00e3o, \u00e1reas que viriam a definir sua trajet\u00f3ria. Ela come\u00e7ou a cantar aos <strong>10 anos<\/strong> e ganhou aten\u00e7\u00e3o online por seus v\u00eddeos no<a href=\"https:\/\/www.correiobraziliense.com.br\/cbradar\/veja-a-fortuna-do-artista-que-fez-sucesso-no-youtube-aos-12-anos\/\" target=\"_blank\" rel=\"noreferrer noopener\"> <strong>YouTube<\/strong><\/a>, onde fazia covers de can\u00e7\u00f5es populares.<\/p>\n\n\n\n<p>Com o incentivo dos pais e de suas irm\u00e3s, <strong>Sabrina<\/strong> buscou oportunidades na televis\u00e3o e rapidamente atraiu olhares de diretores de elenco. Sua paix\u00e3o por se apresentar em p\u00fablico logo se transformou em profiss\u00e3o, e com pouco tempo j\u00e1 fazia parte de grandes produ\u00e7\u00f5es. Sua trajet\u00f3ria tem sido marcada por consist\u00eancia, evolu\u00e7\u00e3o e muita dedica\u00e7\u00e3o, caracter\u00edsticas que hoje a colocam como uma das jovens celebridades mais influentes da atualidade.<\/p>\n\n\n<div class=\"wp-block-image\">\n<figure class=\"aligncenter size-large\"><img decoding=\"async\" width=\"1024\" height=\"576\" src=\"https:\/\/www.correiobraziliense.com.br\/cbradar\/wp-content\/uploads\/2025\/04\/sabrina-carpenter_1744168857753-1024x576.jpg\" alt=\"Qual \u00e9 o valor da fortuna de Sabrina Carpenter?\" class=\"wp-image-21039\" srcset=\"https:\/\/www.correiobraziliense.com.br\/cbradar\/wp-content\/uploads\/2025\/04\/sabrina-carpenter_1744168857753-1024x576.jpg 1024w, https:\/\/www.correiobraziliense.com.br\/cbradar\/wp-content\/uploads\/2025\/04\/sabrina-carpenter_1744168857753-300x169.jpg 300w, https:\/\/www.correiobraziliense.com.br\/cbradar\/wp-content\/uploads\/2025\/04\/sabrina-carpenter_1744168857753-768x432.jpg 768w, https:\/\/www.correiobraziliense.com.br\/cbradar\/wp-content\/uploads\/2025\/04\/sabrina-carpenter_1744168857753-750x422.jpg 750w, https:\/\/www.correiobraziliense.com.br\/cbradar\/wp-content\/uploads\/2025\/04\/sabrina-carpenter_1744168857753-1140x641.jpg 1140w, https:\/\/www.correiobraziliense.com.br\/cbradar\/wp-content\/uploads\/2025\/04\/sabrina-carpenter_1744168857753.jpg 1280w\" sizes=\"(max-width: 1024px) 100vw, 1024px\" \/><figcaption class=\"wp-element-caption\">Sabrina Carpenter \/\/ Cr\u00e9ditos: depositphotos.com \/ Image Press Agency<\/figcaption><\/figure><\/div>\n\n\n<h2 class=\"wp-block-heading\">Como foi o in\u00edcio da carreira de Sabrina Carpenter?<\/h2>\n\n\n\n<p>O in\u00edcio da carreira de <strong>Sabrina Carpenter<\/strong> foi marcado por sua entrada na ind\u00fastria do entretenimento ainda na adolesc\u00eancia. Sua estreia profissional aconteceu em <strong>2011<\/strong>, na s\u00e9rie <strong>Law &amp; Order: Special Victims Unit<\/strong>, onde fez uma participa\u00e7\u00e3o especial. No entanto, seu reconhecimento veio de fato quando foi escalada para a s\u00e9rie <strong>Girl Meets World<\/strong>, do canal <strong>Disney Channel<\/strong>, em <strong>2014<\/strong>, no papel de <strong>Maya Hart<\/strong>.<\/p>\n\n\n\n<p>Paralelamente \u00e0 atua\u00e7\u00e3o, <strong>Sabrina<\/strong> iniciou sua carreira musical. Em <strong>2014<\/strong>, lan\u00e7ou seu primeiro EP, intitulado <strong>&#8220;Can&#8217;t Blame a Girl for Trying&#8221;<\/strong>, e chamou a aten\u00e7\u00e3o da cr\u00edtica especializada. Seu talento vocal e carisma levaram-na a assinar com a gravadora <strong>Hollywood Records<\/strong>, consolidando sua posi\u00e7\u00e3o como uma artista promissora tanto na atua\u00e7\u00e3o quanto na m\u00fasica.<\/p>\n\n\n\n<h2 class=\"wp-block-heading\">Quais os maiores sucessos da carreira do Sabrina Carpenter?<\/h2>\n\n\n\n<p>Na m\u00fasica, <strong>Sabrina Carpenter<\/strong> lan\u00e7ou diversos \u00e1lbuns de est\u00fadio, como <strong>&#8220;Eyes Wide Open&#8221;<\/strong> (<strong>2015<\/strong>), <strong>&#8220;Evolution&#8221;<\/strong> (<strong>2016<\/strong>), <strong>&#8220;Singular: Act I&#8221;<\/strong> (<strong>2018<\/strong>) e <strong>&#8220;Singular: Act II&#8221;<\/strong> (<strong>2019<\/strong>). Em <strong>2022<\/strong>, ela lan\u00e7ou o aclamado <strong>&#8220;emails i can\u2019t send&#8221;<\/strong>, que cont\u00e9m o hit <strong>&#8220;Nonsense&#8221;<\/strong>, respons\u00e1vel por viralizar nas redes sociais e solidificar seu status de pop star contempor\u00e2nea.<\/p>\n\n\n\n<p>No audiovisual, al\u00e9m de seu papel ic\u00f4nico na s\u00e9rie <strong>Girl Meets World<\/strong>, <strong>Sabrina<\/strong> atuou em filmes como <strong>&#8220;Tall Girl&#8221;<\/strong>, <strong>&#8220;The Hate U Give&#8221;<\/strong> e <strong>&#8220;Work It&#8221;<\/strong>. Sua versatilidade como atriz \u00e9 frequentemente elogiada, e sua capacidade de transitar entre g\u00eaneros \u2014 do drama \u00e0 com\u00e9dia \u2014 a torna uma figura valiosa em diversas produ\u00e7\u00f5es. Atualmente, ela tamb\u00e9m tem ganhado destaque como influenciadora digital e personalidade p\u00fablica.<\/p>\n\n\n\n<h2 class=\"wp-block-heading\">Quais seus maiores pr\u00eamios e conquistas da carreira?<\/h2>\n\n\n\n<p>Ao longo da carreira, <strong>Sabrina Carpenter<\/strong> acumulou diversas indica\u00e7\u00f5es e premia\u00e7\u00f5es importantes, especialmente voltadas ao p\u00fablico jovem. Ela j\u00e1 foi indicada ao <strong>Radio Disney Music Awards<\/strong>, ao <strong>Teen Choice Awards<\/strong> e ao <strong>MTV Europe Music Awards<\/strong>, ganhando notoriedade n\u00e3o s\u00f3 por sua m\u00fasica, mas tamb\u00e9m por seu estilo e influ\u00eancia entre adolescentes.<\/p>\n\n\n\n<p>Al\u00e9m das premia\u00e7\u00f5es, um de seus maiores feitos foi abrir os shows da turn\u00ea <strong>The Eras Tour<\/strong>, de <strong>Taylor Swift<\/strong>, em diversos pa\u00edses, incluindo o <strong>Brasil<\/strong>, em <strong>2023<\/strong>. Essa oportunidade expandiu ainda mais seu p\u00fablico global e lhe rendeu milhares de novos seguidores e ouvintes. Sua crescente popularidade \u00e9 tamb\u00e9m medida pelo n\u00famero de streamings, com suas m\u00fasicas ultrapassando a marca de <strong>500 milh\u00f5es<\/strong> de reprodu\u00e7\u00f5es no <strong>Spotify<\/strong>.<\/p>\n\n\n\n<h2 class=\"wp-block-heading\">Sabrina Carpenter j\u00e1 se envolveu em pol\u00eamicas?<\/h2>\n\n\n\n<p>Apesar de manter uma imagem positiva, <strong>Sabrina Carpenter<\/strong> esteve envolvida em uma pol\u00eamica midi\u00e1tica relacionada ao tri\u00e2ngulo amoroso com os cantores <strong>Olivia Rodrigo<\/strong> e <strong>Joshua Bassett<\/strong>, em <strong>2021<\/strong>. A can\u00e7\u00e3o <strong>&#8220;drivers license&#8221;<\/strong>, de <strong>Olivia<\/strong>, teria sido inspirada na situa\u00e7\u00e3o, gerando um burburinho nas redes sociais e especula\u00e7\u00f5es por parte da m\u00eddia.<\/p>\n\n\n\n<p><strong>Sabrina<\/strong>, no entanto, lidou com o epis\u00f3dio de maneira profissional, lan\u00e7ando a m\u00fasica <strong>&#8220;Skin&#8221;<\/strong>, interpretada por muitos como uma resposta indireta \u00e0 controv\u00e9rsia. A artista usou a ocasi\u00e3o para refor\u00e7ar a import\u00e2ncia do respeito nas rela\u00e7\u00f5es interpessoais e da sororidade, conquistando ainda mais o carinho de seus f\u00e3s.<\/p>\n\n\n\n<h2 class=\"wp-block-heading\">Quais s\u00e3o as curiosidades sobre Sabrina Carpenter?<\/h2>\n\n\n\n<ol class=\"wp-block-list\">\n<li><strong>Sabrina<\/strong> \u00e9 sobrinha da atriz <strong>Nancy Cartwright<\/strong>, voz da personagem <strong>Bart Simpson<\/strong>.<\/li>\n\n\n\n<li>Ela come\u00e7ou a cantar com apenas <strong>10 anos<\/strong>, usando um est\u00fadio improvisado no por\u00e3o da casa.<\/li>\n\n\n\n<li>Sua primeira m\u00fasica original foi escrita aos <strong>11 anos<\/strong>.<\/li>\n\n\n\n<li>Ela \u00e9 f\u00e3 declarada de <strong>Christina Aguilera<\/strong> e <strong>Adele<\/strong>.<\/li>\n\n\n\n<li><strong>Sabrina<\/strong> tem mais de <strong>30 milh\u00f5es<\/strong> de seguidores no <strong>Instagram<\/strong>.<\/li>\n\n\n\n<li>\u00c9 poliglota e fala fluentemente <strong>ingl\u00eas<\/strong> e <strong>espanhol<\/strong>.<\/li>\n\n\n\n<li>Al\u00e9m de cantar, tamb\u00e9m toca <strong>viol\u00e3o<\/strong> e <strong>piano<\/strong>.<\/li>\n\n\n\n<li>Ela j\u00e1 dublou personagens em desenhos animados, como em <strong>Sofia the First<\/strong>.<\/li>\n\n\n\n<li>\u00c9 ativista de causas sociais e participou de campanhas sobre sa\u00fade mental e empoderamento feminino.<\/li>\n\n\n\n<li>Em 2024, foi confirmada como uma das atra\u00e7\u00f5es do festival <strong>Coachella<\/strong>.<\/li>\n<\/ol>\n\n\n\n<h2 class=\"wp-block-heading\">Qual o valor estimado da fortuna e fontes de renda do Sabrina Carpenter?<\/h2>\n\n\n\n<p>Estima-se que a fortuna de <strong>Sabrina Carpenter<\/strong> esteja avaliada em cerca de <strong>US$ 12 milh\u00f5es<\/strong> (<strong>aproximadamente R$ 60 milh\u00f5es<\/strong>). Esse valor \u00e9 resultado de uma combina\u00e7\u00e3o de diferentes fontes de renda, como sua carreira musical, participa\u00e7\u00f5es em filmes e s\u00e9ries, publicidade, turn\u00eas e acordos de patroc\u00ednio com marcas de renome internacional.<\/p>\n\n\n\n<p>Al\u00e9m disso, <strong>Sabrina<\/strong> investe em moda e beleza, sendo rosto de diversas campanhas publicit\u00e1rias e mantendo parcerias com marcas como <strong>Samsung<\/strong>, <strong>Revlon<\/strong> e <strong>Adidas<\/strong>. Sua presen\u00e7a constante em eventos e nas redes sociais a transforma em uma figura influente, capaz de gerar grande engajamento. Com apenas <strong>25 anos<\/strong>, sua fortuna tende a crescer ainda mais nos pr\u00f3ximos anos, impulsionada por novos projetos e colabora\u00e7\u00f5es globais.<\/p>\n","protected":false},"excerpt":{"rendered":"<p>Sabrina Carpenter \u00e9 um nome que tem ganhado cada vez mais destaque no cen\u00e1rio mundial. Seja pela sua atua\u00e7\u00e3o marcante em s\u00e9ries da Disney, por seus \u00e1lbuns de sucesso ou pela sua forte presen\u00e7a nas redes sociais, a jovem artista conquistou uma legi\u00e3o de f\u00e3s ao redor do mundo. Com uma carreira multifacetada e em [&hellip;]<\/p>\n","protected":false},"author":8,"featured_media":21040,"comment_status":"open","ping_status":"open","sticky":false,"template":"","format":"standard","meta":{"jnews-multi-image_gallery":[],"jnews_single_post":{"format":"standard"},"jnews_primary_category":[],"jnews_social_meta":[],"jnews_override_counter":[],"footnotes":""},"categories":[128,169],"post_tag":[534,2560],"class_list":["post-21037","post","type-post","status-publish","format-standard","has-post-thumbnail","hentry","category-economia","category-noticias","tag-fortunas","tag-sabrina-carpenter"],"yoast_head":"<!-- This site is optimized with the Yoast SEO plugin v24.6 - https:\/\/yoast.com\/wordpress\/plugins\/seo\/ -->\n<title>Qual \u00e9 o valor da fortuna de Sabrina Carpenter? - Correio Braziliense - Radar<\/title>\n<meta name=\"description\" content=\"Descubra quanto vale a fortuna de Sabrina Carpenter e surpreenda-se com o sucesso financeiro da estrela em ascens\u00e3o!\" \/>\n<meta name=\"robots\" content=\"index, follow, max-snippet:-1, max-image-preview:large, max-video-preview:-1\" \/>\n<link rel=\"canonical\" href=\"https:\/\/www.correiobraziliense.com.br\/cbradar\/qual-e-o-valor-da-fortuna-de-sabrina-carpenter\/\" \/>\n<meta property=\"og:locale\" content=\"pt_BR\" \/>\n<meta property=\"og:type\" content=\"article\" \/>\n<meta property=\"og:title\" content=\"Qual \u00e9 o valor da fortuna de Sabrina Carpenter? - Correio Braziliense - Radar\" \/>\n<meta property=\"og:description\" content=\"Descubra quanto vale a fortuna de Sabrina Carpenter e surpreenda-se com o sucesso financeiro da estrela em ascens\u00e3o!\" \/>\n<meta property=\"og:url\" content=\"https:\/\/www.correiobraziliense.com.br\/cbradar\/qual-e-o-valor-da-fortuna-de-sabrina-carpenter\/\" \/>\n<meta property=\"og:site_name\" content=\"Correio Braziliense - Radar\" \/>\n<meta property=\"article:published_time\" content=\"2025-04-09T13:50:00+00:00\" \/>\n<meta property=\"og:image\" content=\"https:\/\/www.correiobraziliense.com.br\/cbradar\/wp-content\/uploads\/2025\/04\/sabrina-carpenter_1744168849867.jpg\" \/>\n\t<meta property=\"og:image:width\" content=\"1280\" \/>\n\t<meta property=\"og:image:height\" content=\"720\" \/>\n\t<meta property=\"og:image:type\" content=\"image\/jpeg\" \/>\n<meta name=\"author\" content=\"Maura Pereira\" \/>\n<meta name=\"twitter:card\" content=\"summary_large_image\" \/>\n<meta name=\"twitter:label1\" content=\"Escrito por\" \/>\n\t<meta name=\"twitter:data1\" content=\"Maura Pereira\" \/>\n\t<meta name=\"twitter:label2\" content=\"Est. tempo de leitura\" \/>\n\t<meta name=\"twitter:data2\" content=\"6 minutos\" \/>\n<!-- \/ Yoast SEO plugin. -->","yoast_head_json":{"title":"Qual \u00e9 o valor da fortuna de Sabrina Carpenter? - Correio Braziliense - Radar","description":"Descubra quanto vale a fortuna de Sabrina Carpenter e surpreenda-se com o sucesso financeiro da estrela em ascens\u00e3o!","robots":{"index":"index","follow":"follow","max-snippet":"max-snippet:-1","max-image-preview":"max-image-preview:large","max-video-preview":"max-video-preview:-1"},"canonical":"https:\/\/www.correiobraziliense.com.br\/cbradar\/qual-e-o-valor-da-fortuna-de-sabrina-carpenter\/","og_locale":"pt_BR","og_type":"article","og_title":"Qual \u00e9 o valor da fortuna de Sabrina Carpenter? - Correio Braziliense - Radar","og_description":"Descubra quanto vale a fortuna de Sabrina Carpenter e surpreenda-se com o sucesso financeiro da estrela em ascens\u00e3o!","og_url":"https:\/\/www.correiobraziliense.com.br\/cbradar\/qual-e-o-valor-da-fortuna-de-sabrina-carpenter\/","og_site_name":"Correio Braziliense - Radar","article_published_time":"2025-04-09T13:50:00+00:00","og_image":[{"width":1280,"height":720,"url":"https:\/\/www.correiobraziliense.com.br\/cbradar\/wp-content\/uploads\/2025\/04\/sabrina-carpenter_1744168849867.jpg","type":"image\/jpeg"}],"author":"Maura Pereira","twitter_card":"summary_large_image","twitter_misc":{"Escrito por":"Maura Pereira","Est. tempo de leitura":"6 minutos"},"schema":{"@context":"https:\/\/schema.org","@graph":[{"@type":"WebPage","@id":"https:\/\/www.correiobraziliense.com.br\/cbradar\/qual-e-o-valor-da-fortuna-de-sabrina-carpenter\/","url":"https:\/\/www.correiobraziliense.com.br\/cbradar\/qual-e-o-valor-da-fortuna-de-sabrina-carpenter\/","name":"Qual \u00e9 o valor da fortuna de Sabrina Carpenter? - Correio Braziliense - Radar","isPartOf":{"@id":"https:\/\/www.correiobraziliense.com.br\/cbradar\/#website"},"primaryImageOfPage":{"@id":"https:\/\/www.correiobraziliense.com.br\/cbradar\/qual-e-o-valor-da-fortuna-de-sabrina-carpenter\/#primaryimage"},"image":{"@id":"https:\/\/www.correiobraziliense.com.br\/cbradar\/qual-e-o-valor-da-fortuna-de-sabrina-carpenter\/#primaryimage"},"thumbnailUrl":"https:\/\/www.correiobraziliense.com.br\/cbradar\/wp-content\/uploads\/2025\/04\/sabrina-carpenter_1744168849867.jpg","datePublished":"2025-04-09T13:50:00+00:00","author":{"@id":"https:\/\/www.correiobraziliense.com.br\/cbradar\/#\/schema\/person\/4053c651a9bfc785afc6f4cbc9032fd3"},"description":"Descubra quanto vale a fortuna de Sabrina Carpenter e surpreenda-se com o sucesso financeiro da estrela em ascens\u00e3o!","breadcrumb":{"@id":"https:\/\/www.correiobraziliense.com.br\/cbradar\/qual-e-o-valor-da-fortuna-de-sabrina-carpenter\/#breadcrumb"},"inLanguage":"pt-BR","potentialAction":[{"@type":"ReadAction","target":["https:\/\/www.correiobraziliense.com.br\/cbradar\/qual-e-o-valor-da-fortuna-de-sabrina-carpenter\/"]}]},{"@type":"ImageObject","inLanguage":"pt-BR","@id":"https:\/\/www.correiobraziliense.com.br\/cbradar\/qual-e-o-valor-da-fortuna-de-sabrina-carpenter\/#primaryimage","url":"https:\/\/www.correiobraziliense.com.br\/cbradar\/wp-content\/uploads\/2025\/04\/sabrina-carpenter_1744168849867.jpg","contentUrl":"https:\/\/www.correiobraziliense.com.br\/cbradar\/wp-content\/uploads\/2025\/04\/sabrina-carpenter_1744168849867.jpg","width":1280,"height":720,"caption":"Sabrina Carpenter \/\/ Cr\u00e9ditos: depositphotos.com \/ Image Press Agency"},{"@type":"BreadcrumbList","@id":"https:\/\/www.correiobraziliense.com.br\/cbradar\/qual-e-o-valor-da-fortuna-de-sabrina-carpenter\/#breadcrumb","itemListElement":[{"@type":"ListItem","position":1,"name":"In\u00edcio","item":"https:\/\/www.correiobraziliense.com.br\/cbradar\/"},{"@type":"ListItem","position":2,"name":"Qual \u00e9 o valor da fortuna de Sabrina Carpenter?"}]},{"@type":"WebSite","@id":"https:\/\/www.correiobraziliense.com.br\/cbradar\/#website","url":"https:\/\/www.correiobraziliense.com.br\/cbradar\/","name":"Correio Braziliense - Radar","description":"Acompanhe as \u00faltimas not\u00edcias e fique bem informado sobre tudo o que acontece no Brasil e no mundo.","potentialAction":[{"@type":"SearchAction","target":{"@type":"EntryPoint","urlTemplate":"https:\/\/www.correiobraziliense.com.br\/cbradar\/?s={search_term_string}"},"query-input":{"@type":"PropertyValueSpecification","valueRequired":true,"valueName":"search_term_string"}}],"inLanguage":"pt-BR"},{"@type":"Person","@id":"https:\/\/www.correiobraziliense.com.br\/cbradar\/#\/schema\/person\/4053c651a9bfc785afc6f4cbc9032fd3","name":"Maura Pereira","image":{"@type":"ImageObject","inLanguage":"pt-BR","@id":"https:\/\/www.correiobraziliense.com.br\/cbradar\/#\/schema\/person\/image\/","url":"https:\/\/secure.gravatar.com\/avatar\/3effd6bdadfa447f15089c7f7144eaa6?s=96&d=mm&r=g","contentUrl":"https:\/\/secure.gravatar.com\/avatar\/3effd6bdadfa447f15089c7f7144eaa6?s=96&d=mm&r=g","caption":"Maura Pereira"},"sameAs":["https:\/\/www.correiobraziliense.com.br\/"],"url":"https:\/\/www.correiobraziliense.com.br\/cbradar\/author\/mauramyth\/"}]}},"_links":{"self":[{"href":"https:\/\/www.correiobraziliense.com.br\/cbradar\/wp-json\/wp\/v2\/posts\/21037","targetHints":{"allow":["GET"]}}],"collection":[{"href":"https:\/\/www.correiobraziliense.com.br\/cbradar\/wp-json\/wp\/v2\/posts"}],"about":[{"href":"https:\/\/www.correiobraziliense.com.br\/cbradar\/wp-json\/wp\/v2\/types\/post"}],"author":[{"embeddable":true,"href":"https:\/\/www.correiobraziliense.com.br\/cbradar\/wp-json\/wp\/v2\/users\/8"}],"replies":[{"embeddable":true,"href":"https:\/\/www.correiobraziliense.com.br\/cbradar\/wp-json\/wp\/v2\/comments?post=21037"}],"version-history":[{"count":5,"href":"https:\/\/www.correiobraziliense.com.br\/cbradar\/wp-json\/wp\/v2\/posts\/21037\/revisions"}],"predecessor-version":[{"id":21047,"href":"https:\/\/www.correiobraziliense.com.br\/cbradar\/wp-json\/wp\/v2\/posts\/21037\/revisions\/21047"}],"wp:featuredmedia":[{"embeddable":true,"href":"https:\/\/www.correiobraziliense.com.br\/cbradar\/wp-json\/wp\/v2\/media\/21040"}],"wp:attachment":[{"href":"https:\/\/www.correiobraziliense.com.br\/cbradar\/wp-json\/wp\/v2\/media?parent=21037"}],"wp:term":[{"taxonomy":"category","embeddable":true,"href":"https:\/\/www.correiobraziliense.com.br\/cbradar\/wp-json\/wp\/v2\/categories?post=21037"},{"taxonomy":"post_tag","embeddable":true,"href":"https:\/\/www.correiobraziliense.com.br\/cbradar\/wp-json\/wp\/v2\/post_tag?post=21037"}],"curies":[{"name":"wp","href":"https:\/\/api.w.org\/{rel}","templated":true}]}}