{"id":210374,"date":"2026-03-17T19:59:42","date_gmt":"2026-03-17T22:59:42","guid":{"rendered":"https:\/\/www.correiobraziliense.com.br\/cbradar\/?p=210374"},"modified":"2026-03-17T19:59:44","modified_gmt":"2026-03-17T22:59:44","slug":"a-geracao-z-mal-consegue-pagar-o-aluguel-hoje-mas-projecoes-indicam-que-38-dos-jovens-serao-os-mais-ricos-da-historia","status":"publish","type":"post","link":"https:\/\/www.correiobraziliense.com.br\/cbradar\/a-geracao-z-mal-consegue-pagar-o-aluguel-hoje-mas-projecoes-indicam-que-38-dos-jovens-serao-os-mais-ricos-da-historia\/","title":{"rendered":"A gera\u00e7\u00e3o Z mal consegue pagar o aluguel hoje, mas proje\u00e7\u00f5es indicam que 38% dos jovens ser\u00e3o os mais ricos da hist\u00f3ria"},"content":{"rendered":"\n<p>Muitos jovens enfrentam dificuldades financeiras extremas para quitar despesas b\u00e1sicas como moradia e alimenta\u00e7\u00e3o no cen\u00e1rio econ\u00f4mico atual. Entretanto, relat\u00f3rios de consultorias globais apontam que essa mesma gera\u00e7\u00e3o herdar\u00e1 fortunas sem precedentes nas pr\u00f3ximas d\u00e9cadas. Entender essa transi\u00e7\u00e3o de riqueza \u00e9 fundamental para planejar um futuro pr\u00f3spero e equilibrado em meio \u00e0s crises.<\/p>\n\n\n\n<h2 class=\"wp-block-heading\">Como a maior transfer\u00eancia de riqueza vai acontecer?<\/h2>\n\n\n\n<p>O fen\u00f4meno conhecido como a grande transfer\u00eancia de riqueza envolve o repasse de trilh\u00f5es de d\u00f3lares das <a href=\"https:\/\/www.correiobraziliense.com.br\/cbradar\/os-nomes-de-bebes-que-atravessaram-geracoes-e-continuam-sendo-escolhas-seguras-para-os-pais\/\" target=\"_blank\" rel=\"noreferrer noopener\">gera\u00e7\u00f5es <\/a>anteriores para os sucessores diretos. Estima-se que im\u00f3veis, investimentos e empresas familiares mudem de m\u00e3os em uma escala jamais vista na hist\u00f3ria da economia mundial. <strong>A sucess\u00e3o patrimonial<\/strong> ser\u00e1 o motor que transformar\u00e1 milh\u00f5es de jovens em milion\u00e1rios.<\/p>\n\n\n\n<p>Embora o custo de vida nas grandes metr\u00f3poles pare\u00e7a insuport\u00e1vel para quem est\u00e1 come\u00e7ando a carreira profissional agora, o horizonte promete mudan\u00e7as dr\u00e1sticas. A acumula\u00e7\u00e3o de capital realizada pelos baby boomers ser\u00e1 injetada diretamente no consumo e em novos neg\u00f3cios digitais liderados por jovens empreendedores. <strong>O destino financeiro<\/strong> dessa parcela da popula\u00e7\u00e3o ser\u00e1 decidido por heran\u00e7as significativas.<\/p>\n\n\n\n<figure class=\"wp-block-image size-full\"><img decoding=\"async\" width=\"1280\" height=\"720\" src=\"https:\/\/www.correiobraziliense.com.br\/cbradar\/wp-content\/uploads\/2026\/03\/Gemini_Generated_Image_ian6xiian6xiian6-1-1.png\" alt=\"A gera\u00e7\u00e3o Z mal consegue pagar o aluguel hoje, mas proje\u00e7\u00f5es indicam que 38% dos jovens ser\u00e3o os mais ricos da hist\u00f3ria\" class=\"wp-image-210395\" srcset=\"https:\/\/www.correiobraziliense.com.br\/cbradar\/wp-content\/uploads\/2026\/03\/Gemini_Generated_Image_ian6xiian6xiian6-1-1.png 1280w, https:\/\/www.correiobraziliense.com.br\/cbradar\/wp-content\/uploads\/2026\/03\/Gemini_Generated_Image_ian6xiian6xiian6-1-1-300x169.png 300w, https:\/\/www.correiobraziliense.com.br\/cbradar\/wp-content\/uploads\/2026\/03\/Gemini_Generated_Image_ian6xiian6xiian6-1-1-768x432.png 768w, https:\/\/www.correiobraziliense.com.br\/cbradar\/wp-content\/uploads\/2026\/03\/Gemini_Generated_Image_ian6xiian6xiian6-1-1-750x422.png 750w, https:\/\/www.correiobraziliense.com.br\/cbradar\/wp-content\/uploads\/2026\/03\/Gemini_Generated_Image_ian6xiian6xiian6-1-1-1140x641.png 1140w\" sizes=\"(max-width: 1280px) 100vw, 1280px\" \/><figcaption class=\"wp-element-caption\">O presente pode ser dif\u00edcil mas algo grande pode mudar o futuro financeiro<\/figcaption><\/figure>\n\n\n\n<h2 class=\"wp-block-heading\">Por que o aluguel alto n\u00e3o impede esse futuro?<\/h2>\n\n\n\n<p>A dificuldade em pagar o aluguel mensal reflete uma disparidade tempor\u00e1ria entre a renda m\u00e9dia atual e a infla\u00e7\u00e3o imobili\u00e1ria global crescente. No entanto, os ativos acumulados por pais e av\u00f3s continuam valorizando, garantindo uma rede de seguran\u00e7a financeira que ser\u00e1 acessada futuramente. <strong>A valoriza\u00e7\u00e3o imobili\u00e1ria<\/strong> acaba servindo como um cofre de longo prazo para os herdeiros atuais.<\/p>\n\n\n\n<p>Enquanto economizam para as contas b\u00e1sicas, muitos integrantes da gera\u00e7\u00e3o Z desenvolvem habilidades digitais valiosas que permitem a gest\u00e3o eficiente do capital futuro. Essa resili\u00eancia financeira adquirida em tempos de escassez prepara os jovens para administrar grandes quantias de dinheiro com maior cautela e intelig\u00eancia estrat\u00e9gica. <strong>A disciplina monet\u00e1ria<\/strong> for\u00e7ada pela crise atual ser\u00e1 um diferencial competitivo.<\/p>\n\n\n\n<h2 class=\"wp-block-heading\">Quais setores ser\u00e3o transformados por esse capital?<\/h2>\n\n\n\n<p>O fluxo massivo de recursos ser\u00e1 direcionado principalmente para investimentos que priorizam a sustentabilidade ambiental e a responsabilidade social corporativa moderna. Os novos bilion\u00e1rios buscam alinhar lucros financeiros com prop\u00f3sitos \u00e9ticos que reflitam seus valores pessoais e coletivos de forma bastante direta. <strong>O capitalismo consciente<\/strong> ganhar\u00e1 for\u00e7a total \u00e0 medida que esses jovens assumirem o controle.<\/p>\n\n\n\n<p>Para compreender as tend\u00eancias que moldar\u00e3o o mercado e garantir que sua vis\u00e3o estrat\u00e9gica esteja alinhada com as novas demandas globais:<\/p>\n\n\n\n<figure class=\"wp-block-image size-full\"><img decoding=\"async\" width=\"1280\" height=\"606\" src=\"https:\/\/www.correiobraziliense.com.br\/cbradar\/wp-content\/uploads\/2026\/03\/convertido-11-1.jpg\" alt=\"\" class=\"wp-image-210398\" srcset=\"https:\/\/www.correiobraziliense.com.br\/cbradar\/wp-content\/uploads\/2026\/03\/convertido-11-1.jpg 1280w, https:\/\/www.correiobraziliense.com.br\/cbradar\/wp-content\/uploads\/2026\/03\/convertido-11-1-300x142.jpg 300w, https:\/\/www.correiobraziliense.com.br\/cbradar\/wp-content\/uploads\/2026\/03\/convertido-11-1-768x364.jpg 768w, https:\/\/www.correiobraziliense.com.br\/cbradar\/wp-content\/uploads\/2026\/03\/convertido-11-1-750x355.jpg 750w, https:\/\/www.correiobraziliense.com.br\/cbradar\/wp-content\/uploads\/2026\/03\/convertido-11-1-1140x540.jpg 1140w\" sizes=\"(max-width: 1280px) 100vw, 1280px\" \/><\/figure>\n\n\n\n<h2 class=\"wp-block-heading\">O que explica a desigualdade entre gera\u00e7\u00f5es?<\/h2>\n\n\n\n<p>A desigualdade atual decorre de pol\u00edticas fiscais que favoreceram a posse de ativos f\u00edsicos em detrimento do trabalho assalariado convencional nas \u00faltimas d\u00e9cadas. Jovens enfrentam um mercado de trabalho competitivo e inflacionado enquanto os detentores de capital viram suas fortunas crescerem exponencialmente sem esfor\u00e7o produtivo. <strong>O desequil\u00edbrio estrutural<\/strong> exige reformas profundas para garantir uma transi\u00e7\u00e3o de riqueza justa.<\/p>\n\n\n\n<p>Mudan\u00e7as demogr\u00e1ficas tamb\u00e9m influenciam a concentra\u00e7\u00e3o de renda, pois fam\u00edlias menores resultam em heran\u00e7as mais concentradas entre poucos sucessores diretos em todo o mundo. Esse fen\u00f4meno intensifica a disparidade entre aqueles que possuem linhagem patrimonial e os que dependem exclusivamente do pr\u00f3prio esfor\u00e7o laboral. <strong>A heran\u00e7a seletiva<\/strong> define quem alcan\u00e7ar\u00e1 o topo da pir\u00e2mide financeira global atual.<\/p>\n\n\n\n<figure class=\"wp-block-image size-full\"><img decoding=\"async\" width=\"1280\" height=\"720\" src=\"https:\/\/www.correiobraziliense.com.br\/cbradar\/wp-content\/uploads\/2026\/03\/Gemini_Generated_Image_btjogbtjogbtjogb-1-1.png\" alt=\"A gera\u00e7\u00e3o Z mal consegue pagar o aluguel hoje, mas proje\u00e7\u00f5es indicam que 38% dos jovens ser\u00e3o os mais ricos da hist\u00f3ria\" class=\"wp-image-210396\" srcset=\"https:\/\/www.correiobraziliense.com.br\/cbradar\/wp-content\/uploads\/2026\/03\/Gemini_Generated_Image_btjogbtjogbtjogb-1-1.png 1280w, https:\/\/www.correiobraziliense.com.br\/cbradar\/wp-content\/uploads\/2026\/03\/Gemini_Generated_Image_btjogbtjogbtjogb-1-1-300x169.png 300w, https:\/\/www.correiobraziliense.com.br\/cbradar\/wp-content\/uploads\/2026\/03\/Gemini_Generated_Image_btjogbtjogbtjogb-1-1-768x432.png 768w, https:\/\/www.correiobraziliense.com.br\/cbradar\/wp-content\/uploads\/2026\/03\/Gemini_Generated_Image_btjogbtjogbtjogb-1-1-750x422.png 750w, https:\/\/www.correiobraziliense.com.br\/cbradar\/wp-content\/uploads\/2026\/03\/Gemini_Generated_Image_btjogbtjogbtjogb-1-1-1140x641.png 1140w\" sizes=\"(max-width: 1280px) 100vw, 1280px\" \/><figcaption class=\"wp-element-caption\">O presente pode ser dif\u00edcil mas algo grande pode mudar o futuro financeiro<\/figcaption><\/figure>\n\n\n\n<h2 class=\"wp-block-heading\">Como garantir a gest\u00e3o dessa fortuna futura?<\/h2>\n\n\n\n<p>A educa\u00e7\u00e3o financeira torna-se o pilar central para evitar o desperd\u00edcio de recursos que levaram gera\u00e7\u00f5es inteiras para serem acumulados com sacrif\u00edcio. Compreender as din\u00e2micas de mercado e os instrumentos de prote\u00e7\u00e3o patrimonial \u00e9 essencial para manter o capital produtivo e gerador de novos empregos. <strong>A intelig\u00eancia financeira<\/strong> protege os jovens herdeiros contra a volatilidade das crises econ\u00f4micas mundiais.<\/p>\n\n\n\n<p>O estudo conduzido pelo <strong><a href=\"https:\/\/institute.bankofamerica.com\/content\/dam\/economic-insights\/genz-new-economic-force.pdf\" target=\"_blank\" rel=\"noreferrer noopener\">Bank of America<\/a><\/strong>, um dos maiores e mais influentes bancos do mundo, analisou as perspectivas para o futuro da Gera\u00e7\u00e3o Z \u2014 que hoje enfrenta dificuldades para comprar uma casa, pagar aluguel ou at\u00e9 mesmo se manter diante do alto custo de vida atual.<\/p>\n","protected":false},"excerpt":{"rendered":"<p>Muitos jovens enfrentam dificuldades financeiras extremas para quitar despesas b\u00e1sicas como moradia e alimenta\u00e7\u00e3o no cen\u00e1rio econ\u00f4mico atual. Entretanto, relat\u00f3rios de consultorias globais apontam que essa mesma gera\u00e7\u00e3o herdar\u00e1 fortunas sem precedentes nas pr\u00f3ximas d\u00e9cadas. Entender essa transi\u00e7\u00e3o de riqueza \u00e9 fundamental para planejar um futuro pr\u00f3spero e equilibrado em meio \u00e0s crises. Como a [&hellip;]<\/p>\n","protected":false},"author":21,"featured_media":210394,"comment_status":"open","ping_status":"open","sticky":false,"template":"","format":"standard","meta":{"_yoast_wpseo_focuskw":"futuro financeiro da gera\u00e7\u00e3o atual hoje","_yoast_wpseo_title":"","_yoast_wpseo_metadesc":"Mesmo enfrentando dificuldades financeiras, hoje uma gera\u00e7\u00e3o pode viver uma virada inesperada nos pr\u00f3ximos anos.","jnews-multi-image_gallery":[],"jnews_single_post":{"format":"standard"},"jnews_primary_category":[],"jnews_social_meta":[],"jnews_override_counter":[],"footnotes":""},"categories":[112],"tags":[2685,10603,4086],"class_list":["post-210374","post","type-post","status-publish","format-standard","has-post-thumbnail","hentry","category-curiosidades","tag-aluguel","tag-geracao","tag-geracao-z"],"yoast_head":"<!-- This site is optimized with the Yoast SEO plugin v24.6 - https:\/\/yoast.com\/wordpress\/plugins\/seo\/ -->\n<title>A gera\u00e7\u00e3o Z mal consegue pagar o aluguel hoje, mas proje\u00e7\u00f5es indicam que 38% dos jovens ser\u00e3o os mais ricos da hist\u00f3ria - Correio Braziliense - Radar<\/title>\n<meta name=\"description\" content=\"Mesmo enfrentando dificuldades financeiras, hoje uma gera\u00e7\u00e3o pode viver uma virada inesperada nos pr\u00f3ximos anos.\" \/>\n<meta name=\"robots\" content=\"index, follow, max-snippet:-1, max-image-preview:large, max-video-preview:-1\" \/>\n<link rel=\"canonical\" href=\"https:\/\/www.correiobraziliense.com.br\/cbradar\/a-geracao-z-mal-consegue-pagar-o-aluguel-hoje-mas-projecoes-indicam-que-38-dos-jovens-serao-os-mais-ricos-da-historia\/\" \/>\n<meta property=\"og:locale\" content=\"pt_BR\" \/>\n<meta property=\"og:type\" content=\"article\" \/>\n<meta property=\"og:title\" content=\"A gera\u00e7\u00e3o Z mal consegue pagar o aluguel hoje, mas proje\u00e7\u00f5es indicam que 38% dos jovens ser\u00e3o os mais ricos da hist\u00f3ria - Correio Braziliense - Radar\" \/>\n<meta property=\"og:description\" content=\"Mesmo enfrentando dificuldades financeiras, hoje uma gera\u00e7\u00e3o pode viver uma virada inesperada nos pr\u00f3ximos anos.\" \/>\n<meta property=\"og:url\" content=\"https:\/\/www.correiobraziliense.com.br\/cbradar\/a-geracao-z-mal-consegue-pagar-o-aluguel-hoje-mas-projecoes-indicam-que-38-dos-jovens-serao-os-mais-ricos-da-historia\/\" \/>\n<meta property=\"og:site_name\" content=\"Correio Braziliense - Radar\" \/>\n<meta property=\"article:published_time\" content=\"2026-03-17T22:59:42+00:00\" \/>\n<meta property=\"article:modified_time\" content=\"2026-03-17T22:59:44+00:00\" \/>\n<meta property=\"og:image\" content=\"https:\/\/www.correiobraziliense.com.br\/cbradar\/wp-content\/uploads\/2026\/03\/Gemini_Generated_Image_p19nywp19nywp19n-1-1.png\" \/>\n\t<meta property=\"og:image:width\" content=\"1280\" \/>\n\t<meta property=\"og:image:height\" content=\"720\" \/>\n\t<meta property=\"og:image:type\" content=\"image\/png\" \/>\n<meta name=\"author\" content=\"Patrick Silva\" \/>\n<meta name=\"twitter:card\" content=\"summary_large_image\" \/>\n<meta name=\"twitter:label1\" content=\"Escrito por\" \/>\n\t<meta name=\"twitter:data1\" content=\"Patrick Silva\" \/>\n\t<meta name=\"twitter:label2\" content=\"Est. tempo de leitura\" \/>\n\t<meta name=\"twitter:data2\" content=\"5 minutos\" \/>\n<!-- \/ Yoast SEO plugin. -->","yoast_head_json":{"title":"A gera\u00e7\u00e3o Z mal consegue pagar o aluguel hoje, mas proje\u00e7\u00f5es indicam que 38% dos jovens ser\u00e3o os mais ricos da hist\u00f3ria - Correio Braziliense - Radar","description":"Mesmo enfrentando dificuldades financeiras, hoje uma gera\u00e7\u00e3o pode viver uma virada inesperada nos pr\u00f3ximos anos.","robots":{"index":"index","follow":"follow","max-snippet":"max-snippet:-1","max-image-preview":"max-image-preview:large","max-video-preview":"max-video-preview:-1"},"canonical":"https:\/\/www.correiobraziliense.com.br\/cbradar\/a-geracao-z-mal-consegue-pagar-o-aluguel-hoje-mas-projecoes-indicam-que-38-dos-jovens-serao-os-mais-ricos-da-historia\/","og_locale":"pt_BR","og_type":"article","og_title":"A gera\u00e7\u00e3o Z mal consegue pagar o aluguel hoje, mas proje\u00e7\u00f5es indicam que 38% dos jovens ser\u00e3o os mais ricos da hist\u00f3ria - Correio Braziliense - Radar","og_description":"Mesmo enfrentando dificuldades financeiras, hoje uma gera\u00e7\u00e3o pode viver uma virada inesperada nos pr\u00f3ximos anos.","og_url":"https:\/\/www.correiobraziliense.com.br\/cbradar\/a-geracao-z-mal-consegue-pagar-o-aluguel-hoje-mas-projecoes-indicam-que-38-dos-jovens-serao-os-mais-ricos-da-historia\/","og_site_name":"Correio Braziliense - Radar","article_published_time":"2026-03-17T22:59:42+00:00","article_modified_time":"2026-03-17T22:59:44+00:00","og_image":[{"width":1280,"height":720,"url":"https:\/\/www.correiobraziliense.com.br\/cbradar\/wp-content\/uploads\/2026\/03\/Gemini_Generated_Image_p19nywp19nywp19n-1-1.png","type":"image\/png"}],"author":"Patrick Silva","twitter_card":"summary_large_image","twitter_misc":{"Escrito por":"Patrick Silva","Est. tempo de leitura":"5 minutos"},"schema":{"@context":"https:\/\/schema.org","@graph":[{"@type":"WebPage","@id":"https:\/\/www.correiobraziliense.com.br\/cbradar\/a-geracao-z-mal-consegue-pagar-o-aluguel-hoje-mas-projecoes-indicam-que-38-dos-jovens-serao-os-mais-ricos-da-historia\/","url":"https:\/\/www.correiobraziliense.com.br\/cbradar\/a-geracao-z-mal-consegue-pagar-o-aluguel-hoje-mas-projecoes-indicam-que-38-dos-jovens-serao-os-mais-ricos-da-historia\/","name":"A gera\u00e7\u00e3o Z mal consegue pagar o aluguel hoje, mas proje\u00e7\u00f5es indicam que 38% dos jovens ser\u00e3o os mais ricos da hist\u00f3ria - Correio Braziliense - Radar","isPartOf":{"@id":"https:\/\/www.correiobraziliense.com.br\/cbradar\/#website"},"primaryImageOfPage":{"@id":"https:\/\/www.correiobraziliense.com.br\/cbradar\/a-geracao-z-mal-consegue-pagar-o-aluguel-hoje-mas-projecoes-indicam-que-38-dos-jovens-serao-os-mais-ricos-da-historia\/#primaryimage"},"image":{"@id":"https:\/\/www.correiobraziliense.com.br\/cbradar\/a-geracao-z-mal-consegue-pagar-o-aluguel-hoje-mas-projecoes-indicam-que-38-dos-jovens-serao-os-mais-ricos-da-historia\/#primaryimage"},"thumbnailUrl":"https:\/\/www.correiobraziliense.com.br\/cbradar\/wp-content\/uploads\/2026\/03\/Gemini_Generated_Image_p19nywp19nywp19n-1-1.png","datePublished":"2026-03-17T22:59:42+00:00","dateModified":"2026-03-17T22:59:44+00:00","author":{"@id":"https:\/\/www.correiobraziliense.com.br\/cbradar\/#\/schema\/person\/5440b72be9c7eb74f446c846479dc4da"},"description":"Mesmo enfrentando dificuldades financeiras, hoje uma gera\u00e7\u00e3o pode viver uma virada inesperada nos pr\u00f3ximos anos.","breadcrumb":{"@id":"https:\/\/www.correiobraziliense.com.br\/cbradar\/a-geracao-z-mal-consegue-pagar-o-aluguel-hoje-mas-projecoes-indicam-que-38-dos-jovens-serao-os-mais-ricos-da-historia\/#breadcrumb"},"inLanguage":"pt-BR","potentialAction":[{"@type":"ReadAction","target":["https:\/\/www.correiobraziliense.com.br\/cbradar\/a-geracao-z-mal-consegue-pagar-o-aluguel-hoje-mas-projecoes-indicam-que-38-dos-jovens-serao-os-mais-ricos-da-historia\/"]}]},{"@type":"ImageObject","inLanguage":"pt-BR","@id":"https:\/\/www.correiobraziliense.com.br\/cbradar\/a-geracao-z-mal-consegue-pagar-o-aluguel-hoje-mas-projecoes-indicam-que-38-dos-jovens-serao-os-mais-ricos-da-historia\/#primaryimage","url":"https:\/\/www.correiobraziliense.com.br\/cbradar\/wp-content\/uploads\/2026\/03\/Gemini_Generated_Image_p19nywp19nywp19n-1-1.png","contentUrl":"https:\/\/www.correiobraziliense.com.br\/cbradar\/wp-content\/uploads\/2026\/03\/Gemini_Generated_Image_p19nywp19nywp19n-1-1.png","width":1280,"height":720,"caption":"O presente pode ser dif\u00edcil mas algo grande pode mudar o futuro financeiro"},{"@type":"BreadcrumbList","@id":"https:\/\/www.correiobraziliense.com.br\/cbradar\/a-geracao-z-mal-consegue-pagar-o-aluguel-hoje-mas-projecoes-indicam-que-38-dos-jovens-serao-os-mais-ricos-da-historia\/#breadcrumb","itemListElement":[{"@type":"ListItem","position":1,"name":"In\u00edcio","item":"https:\/\/www.correiobraziliense.com.br\/cbradar\/"},{"@type":"ListItem","position":2,"name":"A gera\u00e7\u00e3o Z mal consegue pagar o aluguel hoje, mas proje\u00e7\u00f5es indicam que 38% dos jovens ser\u00e3o os mais ricos da hist\u00f3ria"}]},{"@type":"WebSite","@id":"https:\/\/www.correiobraziliense.com.br\/cbradar\/#website","url":"https:\/\/www.correiobraziliense.com.br\/cbradar\/","name":"Correio Braziliense - Radar","description":"Acompanhe as \u00faltimas not\u00edcias e fique bem informado sobre tudo o que acontece no Brasil e no mundo.","potentialAction":[{"@type":"SearchAction","target":{"@type":"EntryPoint","urlTemplate":"https:\/\/www.correiobraziliense.com.br\/cbradar\/?s={search_term_string}"},"query-input":{"@type":"PropertyValueSpecification","valueRequired":true,"valueName":"search_term_string"}}],"inLanguage":"pt-BR"},{"@type":"Person","@id":"https:\/\/www.correiobraziliense.com.br\/cbradar\/#\/schema\/person\/5440b72be9c7eb74f446c846479dc4da","name":"Patrick Silva","image":{"@type":"ImageObject","inLanguage":"pt-BR","@id":"https:\/\/www.correiobraziliense.com.br\/cbradar\/#\/schema\/person\/image\/","url":"https:\/\/secure.gravatar.com\/avatar\/944109df296fc087785c9715fd5f80b2?s=96&d=mm&r=g","contentUrl":"https:\/\/secure.gravatar.com\/avatar\/944109df296fc087785c9715fd5f80b2?s=96&d=mm&r=g","caption":"Patrick Silva"},"sameAs":["https:\/\/www.correiobraziliense.com.br\/cbradar\/"],"url":"https:\/\/www.correiobraziliense.com.br\/cbradar\/author\/patrick-silva\/"}]}},"_links":{"self":[{"href":"https:\/\/www.correiobraziliense.com.br\/cbradar\/wp-json\/wp\/v2\/posts\/210374","targetHints":{"allow":["GET"]}}],"collection":[{"href":"https:\/\/www.correiobraziliense.com.br\/cbradar\/wp-json\/wp\/v2\/posts"}],"about":[{"href":"https:\/\/www.correiobraziliense.com.br\/cbradar\/wp-json\/wp\/v2\/types\/post"}],"author":[{"embeddable":true,"href":"https:\/\/www.correiobraziliense.com.br\/cbradar\/wp-json\/wp\/v2\/users\/21"}],"replies":[{"embeddable":true,"href":"https:\/\/www.correiobraziliense.com.br\/cbradar\/wp-json\/wp\/v2\/comments?post=210374"}],"version-history":[{"count":4,"href":"https:\/\/www.correiobraziliense.com.br\/cbradar\/wp-json\/wp\/v2\/posts\/210374\/revisions"}],"predecessor-version":[{"id":210399,"href":"https:\/\/www.correiobraziliense.com.br\/cbradar\/wp-json\/wp\/v2\/posts\/210374\/revisions\/210399"}],"wp:featuredmedia":[{"embeddable":true,"href":"https:\/\/www.correiobraziliense.com.br\/cbradar\/wp-json\/wp\/v2\/media\/210394"}],"wp:attachment":[{"href":"https:\/\/www.correiobraziliense.com.br\/cbradar\/wp-json\/wp\/v2\/media?parent=210374"}],"wp:term":[{"taxonomy":"category","embeddable":true,"href":"https:\/\/www.correiobraziliense.com.br\/cbradar\/wp-json\/wp\/v2\/categories?post=210374"},{"taxonomy":"post_tag","embeddable":true,"href":"https:\/\/www.correiobraziliense.com.br\/cbradar\/wp-json\/wp\/v2\/tags?post=210374"}],"curies":[{"name":"wp","href":"https:\/\/api.w.org\/{rel}","templated":true}]}}