{"id":210586,"date":"2026-03-19T06:05:00","date_gmt":"2026-03-19T09:05:00","guid":{"rendered":"https:\/\/www.correiobraziliense.com.br\/cbradar\/?p=210586"},"modified":"2026-03-18T09:40:06","modified_gmt":"2026-03-18T12:40:06","slug":"o-remedio-caseiro-mais-poderoso-para-o-figado-que-reduz-gordura-e-melhora-a-digestao","status":"publish","type":"post","link":"https:\/\/www.correiobraziliense.com.br\/cbradar\/o-remedio-caseiro-mais-poderoso-para-o-figado-que-reduz-gordura-e-melhora-a-digestao\/","title":{"rendered":"O rem\u00e9dio caseiro mais poderoso para o f\u00edgado que reduz gordura e melhora a digest\u00e3o"},"content":{"rendered":"\n<p>O f\u00edgado \u00e9 um \u00f3rg\u00e3o vital que atua no metabolismo, armazenamento de nutrientes e filtragem de subst\u00e2ncias t\u00f3xicas, mas pode ser sobrecarregado por alimenta\u00e7\u00e3o inadequada, excesso de \u00e1lcool e uso indiscriminado de medicamentos, gerando sintomas como fadiga, mal-estar e at\u00e9 icter\u00edcia, o que torna essencial adotar h\u00e1bitos saud\u00e1veis e buscar orienta\u00e7\u00e3o profissional ao fazer mudan\u00e7as na dieta ou uso de rem\u00e9dios naturais.<\/p>\n\n\n\n<h2 class=\"wp-block-heading\">Principais rem\u00e9dios caseiros que podem ajudar o f\u00edgado?<\/h2>\n\n\n\n<p>Incorporar algumas bebidas e alimentos espec\u00edficos \u00e0 rotina pode apoiar o funcionamento do f\u00edgado, sem substituir tratamentos m\u00e9dicos. O ch\u00e1 de boldo, por exemplo, auxilia a digest\u00e3o, estimula a produ\u00e7\u00e3o de bile e pode aliviar a sensa\u00e7\u00e3o de peso ap\u00f3s refei\u00e7\u00f5es gordurosas.<\/p>\n\n\n\n<p>A \u00e1gua com lim\u00e3o em jejum ajuda na hidrata\u00e7\u00e3o e fornece vitamina C, nutriente importante para a fun\u00e7\u00e3o hep\u00e1tica. O cardo-mariano, rico em silimarina, a alcachofra, que estimula a produ\u00e7\u00e3o de bile, e a c\u00farcuma, com a\u00e7\u00e3o anti-inflamat\u00f3ria, tamb\u00e9m s\u00e3o <a href=\"https:\/\/pmc.ncbi.nlm.nih.gov\/articles\/PMC10869519\/\" target=\"_blank\" rel=\"noreferrer noopener\">estudados <\/a>por seu potencial efeito protetor sobre as c\u00e9lulas do f\u00edgado.<\/p>\n\n\n\n<p>Para compreender melhor <strong>como melhorar a sa\u00fade do f\u00edgado de forma natural<\/strong>, assista ao v\u00eddeo a seguir, no qual o(a) <strong>profissional de sa\u00fade<\/strong> explica o assunto de forma clara e did\u00e1tica no canal <strong>Sa\u00fade em Foco<\/strong>.<\/p>\n\n\n\n<iframe loading=\"lazy\" width=\"1396\" height=\"785\" src=\"https:\/\/www.youtube.com\/embed\/hVebTbO3I2A\" title=\"Como LIMPAR seu F\u00cdGADO em APENAS 10 DIAS (quase ningu\u00e9m fala)\" frameborder=\"0\" allow=\"accelerometer; autoplay; clipboard-write; encrypted-media; gyroscope; picture-in-picture; web-share\" referrerpolicy=\"strict-origin-when-cross-origin\" allowfullscreen><\/iframe>\n\n\n\n<h2 class=\"wp-block-heading\">Como as folhas verdes auxiliam o funcionamento do f\u00edgado?<\/h2>\n\n\n\n<p>Verduras como couve, espinafre e r\u00facula s\u00e3o fontes de fibras e antioxidantes, favorecendo a elimina\u00e7\u00e3o de toxinas pelo organismo. A ingest\u00e3o regular desses vegetais contribui para o equil\u00edbrio metab\u00f3lico e pode melhorar marcadores de fun\u00e7\u00e3o hep\u00e1tica em longo prazo.<\/p>\n\n\n\n<p>Al\u00e9m das folhas verdes, priorizar alimentos integrais e naturais, com menos aditivos qu\u00edmicos e gorduras ruins, apoia os processos de desintoxica\u00e7\u00e3o. Esse padr\u00e3o alimentar reduz a sobrecarga di\u00e1ria sobre o f\u00edgado e favorece sua capacidade de regenera\u00e7\u00e3o.<\/p>\n\n\n<div class=\"wp-block-image\">\n<figure class=\"aligncenter size-large\"><img decoding=\"async\" width=\"1024\" height=\"576\" src=\"https:\/\/www.correiobraziliense.com.br\/cbradar\/wp-content\/uploads\/2025\/07\/folhas-verdes-salada_1752764592927-1024x576.jpg\" alt=\"\" class=\"wp-image-71309\" srcset=\"https:\/\/www.correiobraziliense.com.br\/cbradar\/wp-content\/uploads\/2025\/07\/folhas-verdes-salada_1752764592927-1024x576.jpg 1024w, https:\/\/www.correiobraziliense.com.br\/cbradar\/wp-content\/uploads\/2025\/07\/folhas-verdes-salada_1752764592927-300x169.jpg 300w, https:\/\/www.correiobraziliense.com.br\/cbradar\/wp-content\/uploads\/2025\/07\/folhas-verdes-salada_1752764592927-768x432.jpg 768w, https:\/\/www.correiobraziliense.com.br\/cbradar\/wp-content\/uploads\/2025\/07\/folhas-verdes-salada_1752764592927-750x422.jpg 750w, https:\/\/www.correiobraziliense.com.br\/cbradar\/wp-content\/uploads\/2025\/07\/folhas-verdes-salada_1752764592927-1140x641.jpg 1140w, https:\/\/www.correiobraziliense.com.br\/cbradar\/wp-content\/uploads\/2025\/07\/folhas-verdes-salada_1752764592927.jpg 1280w\" sizes=\"(max-width: 1024px) 100vw, 1024px\" \/><figcaption class=\"wp-element-caption\">Folhas verdes &#8211; Cr\u00e9ditos: depositphotos.com \/ AntonMatyukha<\/figcaption><\/figure><\/div>\n\n\n<h2 class=\"wp-block-heading\">H\u00e1bitos que devemos evitar para n\u00e3o sobrecarregar o f\u00edgado?<\/h2>\n\n\n\n<p>Alguns comportamentos do dia a dia aumentam o esfor\u00e7o que o f\u00edgado precisa fazer para metabolizar gorduras, a\u00e7\u00facares e subst\u00e2ncias qu\u00edmicas. Frituras, alimentos ultraprocessados e ricos em gordura saturada exigem maior trabalho hep\u00e1tico e favorecem o ac\u00famulo de gordura no \u00f3rg\u00e3o.<\/p>\n\n\n\n<p>Entre os principais h\u00e1bitos que merecem aten\u00e7\u00e3o est\u00e3o:<\/p>\n\n\n\n<style>\n  .make-wrap{\n    max-width: 760px;\n    margin: 26px auto;\n    padding: 18px;\n    border-radius: 18px;\n    background: linear-gradient(135deg,#fff7fb 0%,#f6f2ff 100%);\n    border: 1px solid #f7d4ea;\n    box-shadow: 0 8px 20px rgba(236,72,153,.12);\n    font-family: system-ui, -apple-system, Segoe UI, Roboto, Helvetica, Arial, sans-serif;\n  }\n\n  .make-title{\n    display:flex; \n    align-items:center; \n    gap:10px;\n    margin:0 0 12px 4px;\n    font-size:1.2rem; \n    font-weight:900; \n    color:#9d174d;\n  }\n\n  .make-table{\n    width:100%;\n    border-collapse:separate;\n    border-spacing:0;\n    overflow:hidden;\n    border-radius:16px;\n    border:1px solid #f7d4ea;\n    background:#fff;\n    font-size:.92rem;\n  }\n\n  .make-table thead th{\n    background:linear-gradient(90deg,#fde7f3 0%,#f8e9ff 100%);\n    padding:12px;\n    color:#7a1e63;\n    font-weight:800;\n    text-align:left;\n    border-bottom:1px solid #f7d4ea;\n  }\n\n  .make-table tbody td{\n    padding:12px;\n    color:#374151;\n    vertical-align:top;\n    border-bottom:1px dashed #f7d4ea;\n  }\n\n  .make-table tbody tr:nth-child(odd){\n    background:#fffaff;\n  }\n\n  .price{\n    display:inline-flex;\n    align-items:center;\n    background:#fff7ed;\n    color:#b45309;\n    padding:6px 10px;\n    border-radius:10px;\n    border:1px solid #fed7aa;\n    font-weight:700;\n    white-space:nowrap;\n  }\n\n  .badge{\n    display:inline-block;\n    background:#fde7f3;\n    color:#c026d3;\n    border:1px solid #fecdd3;\n    padding:4px 10px;\n    border-radius:999px;\n    font-weight:700;\n    font-size:.78rem;\n  }\n\n  @media (max-width:720px){\n    .make-table thead{display:none}\n    .make-table, .make-table tbody, .make-table tr, .make-table td{\n      display:block; \n      width:100%;\n    }\n    .make-table tr{\n      margin-bottom:12px;\n      border:1px solid #f7d4ea;\n      border-radius:14px;\n      overflow:hidden;\n      background:#fff;\n    }\n    .make-table td[data-label]:before{\n      content:attr(data-label);\n      display:block;\n      font-weight:800;\n      color:#7a1e63;\n      margin-bottom:4px;\n    }\n    .make-table tbody td:last-child{border-bottom:none}\n  }\n<\/style>\n\n<div class=\"make-wrap\">\n  <h3 class=\"make-title\">\ud83c\udf54\u26a0\ufe0f H\u00e1bitos que prejudicam o f\u00edgado<\/h3>\n\n  <table class=\"make-table\">\n    <thead>\n      <tr>\n        <th>Fator de Risco<\/th>\n        <th>Descri\u00e7\u00e3o<\/th>\n      <\/tr>\n    <\/thead>\n    <tbody>\n      <tr>\n        <td data-label=\"Fator de Risco\"><span class=\"badge\">Alimenta\u00e7\u00e3o<\/span><\/td>\n        <td data-label=\"Descri\u00e7\u00e3o\">Consumo frequente de frituras e fast food ricos em gordura saturada e trans.<\/td>\n      <\/tr>\n      <tr>\n        <td data-label=\"Fator de Risco\"><span class=\"badge\">A\u00e7\u00facar<\/span><\/td>\n        <td data-label=\"Descri\u00e7\u00e3o\">Excesso de a\u00e7\u00facares refinados, doces e refrigerantes, que favorecem esteatose hep\u00e1tica.<\/td>\n      <\/tr>\n      <tr>\n        <td data-label=\"Fator de Risco\"><span class=\"badge\">\u00c1lcool<\/span><\/td>\n        <td data-label=\"Descri\u00e7\u00e3o\">Ingest\u00e3o abusiva de \u00e1lcool, que causa inflama\u00e7\u00e3o e dano \u00e0s c\u00e9lulas do f\u00edgado.<\/td>\n      <\/tr>\n      <tr>\n        <td data-label=\"Fator de Risco\"><span class=\"badge\">Automedica\u00e7\u00e3o<\/span><\/td>\n        <td data-label=\"Descri\u00e7\u00e3o\">Uso de analg\u00e9sicos, anti-inflamat\u00f3rios e suplementos sem orienta\u00e7\u00e3o m\u00e9dica.<\/td>\n      <\/tr>\n    <\/tbody>\n  <\/table>\n\n  <p style=\"margin-top:14px; color:#6b7280; font-size:.9rem;\">\n    \ud83d\udca1 <strong>Dica:<\/strong> Pequenas mudan\u00e7as no dia a dia j\u00e1 ajudam muito a proteger a sa\u00fade do seu f\u00edgado.\n  <\/p>\n<\/div>\n\n\n\n\n<h2 class=\"wp-block-heading\">Quando procurar aux\u00edlio m\u00e9dico para avaliar a sa\u00fade do f\u00edgado?<\/h2>\n\n\n\n<p>Embora ajustes na dieta e uso de rem\u00e9dios caseiros possam ajudar na manuten\u00e7\u00e3o da <a href=\"https:\/\/www.correiobraziliense.com.br\/cbradar\/veja-alimentos-ricos-em-luteina-para-proteger-a-visao\/\" target=\"_blank\" rel=\"noreferrer noopener\">sa\u00fade <\/a>hep\u00e1tica, eles n\u00e3o substituem acompanhamento cl\u00ednico. Sintomas como dor persistente no abdome superior direito, icter\u00edcia, fadiga extrema, enjoo frequente e urina escura exigem avalia\u00e7\u00e3o imediata por um profissional de sa\u00fade.<\/p>\n\n\n\n<p>Exames de sangue, ultrassonografia e, quando necess\u00e1rio, outros testes complementares permitem identificar altera\u00e7\u00f5es ainda em fase inicial. Consultas regulares com um cl\u00ednico, gastroenterologista ou hepatologista ajudam a prevenir complica\u00e7\u00f5es e a definir o tratamento adequado para cada caso.<\/p>\n\n\n<a href=\"https:\/\/www.instagram.com\/dra.annaluisabf\/\" target=\"_blank\" rel=\"noopener\" style=\"text-decoration: none; color: inherit;\">\n    <span style=\"display: inline-block; border: 1px solid #ccc; border-radius: 10px; padding: 15px; max-width: 550px; font-family: sans-serif; box-shadow: 0 2px 5px rgba(0,0,0,0.1); width: 100%;\">\n\n      <!-- T\u00edtulo -->\n      <span style=\"display: block; margin: 0 0 15px 0; font-weight: bold; color: #2c3e50; text-align: center;\">\n        Entre em contato:\n      <\/span>\n\n      <!-- Linha do perfil -->\n      <span style=\"display: flex; align-items: center; gap: 15px;\">\n        <img decoding=\"async\"\n          src=\"https:\/\/www.correiobraziliense.com.br\/cbradar\/wp-content\/uploads\/2025\/08\/dra_anna_luisa.jpeg\"\n          alt=\"Foto da Dra. Anna Lu\u00edsa\"\n          style=\"border-radius: 50%; width: 80px; height: 80px; object-fit: cover;\"\n        \/>\n        <span style=\"display: flex; flex-direction: column;\">\n          <span style=\"font-size: 18px; font-weight: 700; color: #2c3e50;\">Dra. Anna Lu\u00edsa Barbosa Fernandes<\/span>\n          <span style=\"color: #555;\">CRM-GO 33.271<\/span>\n        <\/span>\n      <\/span>\n\n      <!-- Redes -->\n      <span style=\"display: flex; align-items: center; gap: 10px; margin-top: 12px;\">\n        <img decoding=\"async\" src=\"https:\/\/cdn-icons-png.flaticon.com\/24\/1384\/1384063.png\" alt=\"Instagram\" width=\"24\" height=\"24\" \/>\n        <span style=\"text-decoration: underline; color: #2c3e50;\">@dra.annaluisabf<\/span>\n      <\/span>\n\n    <\/span>\n  <\/a>","protected":false},"excerpt":{"rendered":"<p>O f\u00edgado \u00e9 um \u00f3rg\u00e3o vital que atua no metabolismo, armazenamento de nutrientes e filtragem de subst\u00e2ncias t\u00f3xicas, mas pode ser sobrecarregado por alimenta\u00e7\u00e3o inadequada, excesso de \u00e1lcool e uso indiscriminado de medicamentos, gerando sintomas como fadiga, mal-estar e at\u00e9 icter\u00edcia, o que torna essencial adotar h\u00e1bitos saud\u00e1veis e buscar orienta\u00e7\u00e3o profissional ao fazer mudan\u00e7as [&hellip;]<\/p>\n","protected":false},"author":14,"featured_media":151198,"comment_status":"open","ping_status":"open","sticky":false,"template":"","format":"standard","meta":{"_yoast_wpseo_focuskw":"Rem\u00e9dios caseiros para o f\u00edgado","_yoast_wpseo_title":"","_yoast_wpseo_metadesc":"Rem\u00e9dios caseiros para o f\u00edgado que ajudam na digest\u00e3o e reduzem toxinas. Veja o que pode estar faltando na sua rotina","jnews-multi-image_gallery":[],"jnews_single_post":{"format":"standard"},"jnews_primary_category":[],"jnews_social_meta":[],"jnews_override_counter":[],"footnotes":""},"categories":[1],"tags":[281,120,247,1318],"class_list":["post-210586","post","type-post","status-publish","format-standard","has-post-thumbnail","hentry","category-uncategorized","tag-alimentacao","tag-bem-estar","tag-qualidade-de-vida","tag-saude-2"],"yoast_head":"<!-- This site is optimized with the Yoast SEO plugin v24.6 - https:\/\/yoast.com\/wordpress\/plugins\/seo\/ -->\n<title>O rem\u00e9dio caseiro mais poderoso para o f\u00edgado que reduz gordura e melhora a digest\u00e3o - Correio Braziliense - Radar<\/title>\n<meta name=\"description\" content=\"Rem\u00e9dios caseiros para o f\u00edgado que ajudam na digest\u00e3o e reduzem toxinas. Veja o que pode estar faltando na sua rotina\" \/>\n<meta name=\"robots\" content=\"index, follow, max-snippet:-1, max-image-preview:large, max-video-preview:-1\" \/>\n<link rel=\"canonical\" href=\"https:\/\/www.correiobraziliense.com.br\/cbradar\/o-remedio-caseiro-mais-poderoso-para-o-figado-que-reduz-gordura-e-melhora-a-digestao\/\" \/>\n<meta property=\"og:locale\" content=\"pt_BR\" \/>\n<meta property=\"og:type\" content=\"article\" \/>\n<meta property=\"og:title\" content=\"O rem\u00e9dio caseiro mais poderoso para o f\u00edgado que reduz gordura e melhora a digest\u00e3o - Correio Braziliense - Radar\" \/>\n<meta property=\"og:description\" content=\"Rem\u00e9dios caseiros para o f\u00edgado que ajudam na digest\u00e3o e reduzem toxinas. Veja o que pode estar faltando na sua rotina\" \/>\n<meta property=\"og:url\" content=\"https:\/\/www.correiobraziliense.com.br\/cbradar\/o-remedio-caseiro-mais-poderoso-para-o-figado-que-reduz-gordura-e-melhora-a-digestao\/\" \/>\n<meta property=\"og:site_name\" content=\"Correio Braziliense - Radar\" \/>\n<meta property=\"article:published_time\" content=\"2026-03-19T09:05:00+00:00\" \/>\n<meta property=\"og:image\" content=\"https:\/\/www.correiobraziliense.com.br\/cbradar\/wp-content\/uploads\/2025\/12\/Saude-do-Figado_1765050793273.jpg\" \/>\n\t<meta property=\"og:image:width\" content=\"1280\" \/>\n\t<meta property=\"og:image:height\" content=\"720\" \/>\n\t<meta property=\"og:image:type\" content=\"image\/jpeg\" \/>\n<meta name=\"author\" content=\"guilherme_saude\" \/>\n<meta name=\"twitter:card\" content=\"summary_large_image\" \/>\n<meta name=\"twitter:label1\" content=\"Escrito por\" \/>\n\t<meta name=\"twitter:data1\" content=\"guilherme_saude\" \/>\n\t<meta name=\"twitter:label2\" content=\"Est. tempo de leitura\" \/>\n\t<meta name=\"twitter:data2\" content=\"4 minutos\" \/>\n<!-- \/ Yoast SEO plugin. -->","yoast_head_json":{"title":"O rem\u00e9dio caseiro mais poderoso para o f\u00edgado que reduz gordura e melhora a digest\u00e3o - Correio Braziliense - Radar","description":"Rem\u00e9dios caseiros para o f\u00edgado que ajudam na digest\u00e3o e reduzem toxinas. Veja o que pode estar faltando na sua rotina","robots":{"index":"index","follow":"follow","max-snippet":"max-snippet:-1","max-image-preview":"max-image-preview:large","max-video-preview":"max-video-preview:-1"},"canonical":"https:\/\/www.correiobraziliense.com.br\/cbradar\/o-remedio-caseiro-mais-poderoso-para-o-figado-que-reduz-gordura-e-melhora-a-digestao\/","og_locale":"pt_BR","og_type":"article","og_title":"O rem\u00e9dio caseiro mais poderoso para o f\u00edgado que reduz gordura e melhora a digest\u00e3o - Correio Braziliense - Radar","og_description":"Rem\u00e9dios caseiros para o f\u00edgado que ajudam na digest\u00e3o e reduzem toxinas. Veja o que pode estar faltando na sua rotina","og_url":"https:\/\/www.correiobraziliense.com.br\/cbradar\/o-remedio-caseiro-mais-poderoso-para-o-figado-que-reduz-gordura-e-melhora-a-digestao\/","og_site_name":"Correio Braziliense - Radar","article_published_time":"2026-03-19T09:05:00+00:00","og_image":[{"width":1280,"height":720,"url":"https:\/\/www.correiobraziliense.com.br\/cbradar\/wp-content\/uploads\/2025\/12\/Saude-do-Figado_1765050793273.jpg","type":"image\/jpeg"}],"author":"guilherme_saude","twitter_card":"summary_large_image","twitter_misc":{"Escrito por":"guilherme_saude","Est. tempo de leitura":"4 minutos"},"schema":{"@context":"https:\/\/schema.org","@graph":[{"@type":"WebPage","@id":"https:\/\/www.correiobraziliense.com.br\/cbradar\/o-remedio-caseiro-mais-poderoso-para-o-figado-que-reduz-gordura-e-melhora-a-digestao\/","url":"https:\/\/www.correiobraziliense.com.br\/cbradar\/o-remedio-caseiro-mais-poderoso-para-o-figado-que-reduz-gordura-e-melhora-a-digestao\/","name":"O rem\u00e9dio caseiro mais poderoso para o f\u00edgado que reduz gordura e melhora a digest\u00e3o - Correio Braziliense - Radar","isPartOf":{"@id":"https:\/\/www.correiobraziliense.com.br\/cbradar\/#website"},"primaryImageOfPage":{"@id":"https:\/\/www.correiobraziliense.com.br\/cbradar\/o-remedio-caseiro-mais-poderoso-para-o-figado-que-reduz-gordura-e-melhora-a-digestao\/#primaryimage"},"image":{"@id":"https:\/\/www.correiobraziliense.com.br\/cbradar\/o-remedio-caseiro-mais-poderoso-para-o-figado-que-reduz-gordura-e-melhora-a-digestao\/#primaryimage"},"thumbnailUrl":"https:\/\/www.correiobraziliense.com.br\/cbradar\/wp-content\/uploads\/2025\/12\/Saude-do-Figado_1765050793273.jpg","datePublished":"2026-03-19T09:05:00+00:00","author":{"@id":"https:\/\/www.correiobraziliense.com.br\/cbradar\/#\/schema\/person\/5aa4bf3c8fa699c267933611de12978b"},"description":"Rem\u00e9dios caseiros para o f\u00edgado que ajudam na digest\u00e3o e reduzem toxinas. Veja o que pode estar faltando na sua rotina","breadcrumb":{"@id":"https:\/\/www.correiobraziliense.com.br\/cbradar\/o-remedio-caseiro-mais-poderoso-para-o-figado-que-reduz-gordura-e-melhora-a-digestao\/#breadcrumb"},"inLanguage":"pt-BR","potentialAction":[{"@type":"ReadAction","target":["https:\/\/www.correiobraziliense.com.br\/cbradar\/o-remedio-caseiro-mais-poderoso-para-o-figado-que-reduz-gordura-e-melhora-a-digestao\/"]}]},{"@type":"ImageObject","inLanguage":"pt-BR","@id":"https:\/\/www.correiobraziliense.com.br\/cbradar\/o-remedio-caseiro-mais-poderoso-para-o-figado-que-reduz-gordura-e-melhora-a-digestao\/#primaryimage","url":"https:\/\/www.correiobraziliense.com.br\/cbradar\/wp-content\/uploads\/2025\/12\/Saude-do-Figado_1765050793273.jpg","contentUrl":"https:\/\/www.correiobraziliense.com.br\/cbradar\/wp-content\/uploads\/2025\/12\/Saude-do-Figado_1765050793273.jpg","width":1280,"height":720,"caption":"Sa\u00fade do F\u00edgado - Cr\u00e9ditos: depositphotos.com \/ Tharakorn"},{"@type":"BreadcrumbList","@id":"https:\/\/www.correiobraziliense.com.br\/cbradar\/o-remedio-caseiro-mais-poderoso-para-o-figado-que-reduz-gordura-e-melhora-a-digestao\/#breadcrumb","itemListElement":[{"@type":"ListItem","position":1,"name":"In\u00edcio","item":"https:\/\/www.correiobraziliense.com.br\/cbradar\/"},{"@type":"ListItem","position":2,"name":"O rem\u00e9dio caseiro mais poderoso para o f\u00edgado que reduz gordura e melhora a digest\u00e3o"}]},{"@type":"WebSite","@id":"https:\/\/www.correiobraziliense.com.br\/cbradar\/#website","url":"https:\/\/www.correiobraziliense.com.br\/cbradar\/","name":"Correio Braziliense - Radar","description":"Acompanhe as \u00faltimas not\u00edcias e fique bem informado sobre tudo o que acontece no Brasil e no mundo.","potentialAction":[{"@type":"SearchAction","target":{"@type":"EntryPoint","urlTemplate":"https:\/\/www.correiobraziliense.com.br\/cbradar\/?s={search_term_string}"},"query-input":{"@type":"PropertyValueSpecification","valueRequired":true,"valueName":"search_term_string"}}],"inLanguage":"pt-BR"},{"@type":"Person","@id":"https:\/\/www.correiobraziliense.com.br\/cbradar\/#\/schema\/person\/5aa4bf3c8fa699c267933611de12978b","name":"guilherme_saude","image":{"@type":"ImageObject","inLanguage":"pt-BR","@id":"https:\/\/www.correiobraziliense.com.br\/cbradar\/#\/schema\/person\/image\/","url":"https:\/\/secure.gravatar.com\/avatar\/df9adfb835d344bc0af109d41756253f?s=96&d=mm&r=g","contentUrl":"https:\/\/secure.gravatar.com\/avatar\/df9adfb835d344bc0af109d41756253f?s=96&d=mm&r=g","caption":"guilherme_saude"},"url":"https:\/\/www.correiobraziliense.com.br\/cbradar\/author\/guilherme_saude\/"}]}},"_links":{"self":[{"href":"https:\/\/www.correiobraziliense.com.br\/cbradar\/wp-json\/wp\/v2\/posts\/210586","targetHints":{"allow":["GET"]}}],"collection":[{"href":"https:\/\/www.correiobraziliense.com.br\/cbradar\/wp-json\/wp\/v2\/posts"}],"about":[{"href":"https:\/\/www.correiobraziliense.com.br\/cbradar\/wp-json\/wp\/v2\/types\/post"}],"author":[{"embeddable":true,"href":"https:\/\/www.correiobraziliense.com.br\/cbradar\/wp-json\/wp\/v2\/users\/14"}],"replies":[{"embeddable":true,"href":"https:\/\/www.correiobraziliense.com.br\/cbradar\/wp-json\/wp\/v2\/comments?post=210586"}],"version-history":[{"count":1,"href":"https:\/\/www.correiobraziliense.com.br\/cbradar\/wp-json\/wp\/v2\/posts\/210586\/revisions"}],"predecessor-version":[{"id":210608,"href":"https:\/\/www.correiobraziliense.com.br\/cbradar\/wp-json\/wp\/v2\/posts\/210586\/revisions\/210608"}],"wp:featuredmedia":[{"embeddable":true,"href":"https:\/\/www.correiobraziliense.com.br\/cbradar\/wp-json\/wp\/v2\/media\/151198"}],"wp:attachment":[{"href":"https:\/\/www.correiobraziliense.com.br\/cbradar\/wp-json\/wp\/v2\/media?parent=210586"}],"wp:term":[{"taxonomy":"category","embeddable":true,"href":"https:\/\/www.correiobraziliense.com.br\/cbradar\/wp-json\/wp\/v2\/categories?post=210586"},{"taxonomy":"post_tag","embeddable":true,"href":"https:\/\/www.correiobraziliense.com.br\/cbradar\/wp-json\/wp\/v2\/tags?post=210586"}],"curies":[{"name":"wp","href":"https:\/\/api.w.org\/{rel}","templated":true}]}}