{"id":210785,"date":"2026-03-19T00:15:00","date_gmt":"2026-03-19T03:15:00","guid":{"rendered":"https:\/\/www.correiobraziliense.com.br\/cbradar\/?p=210785"},"modified":"2026-03-18T16:32:15","modified_gmt":"2026-03-18T19:32:15","slug":"nutricionista-explica-o-cafe-da-manha-saudavel-nao-comeca-com-pao-branco-comeca-com-proteina-e-fibras","status":"publish","type":"post","link":"https:\/\/www.correiobraziliense.com.br\/cbradar\/nutricionista-explica-o-cafe-da-manha-saudavel-nao-comeca-com-pao-branco-comeca-com-proteina-e-fibras\/","title":{"rendered":"Nutricionista explica: \u201cO caf\u00e9 da manh\u00e3 saud\u00e1vel n\u00e3o come\u00e7a com p\u00e3o branco, come\u00e7a com prote\u00edna e fibras\u201d"},"content":{"rendered":"\n<p>Iniciar o dia com escolhas alimentares inteligentes \u00e9 fundamental para manter a energia est\u00e1vel e evitar picos de insulina prejudiciais \u00e0 sa\u00fade. Substituir o tradicional p\u00e3o branco por combina\u00e7\u00f5es ricas em nutrientes promove maior saciedade e melhora o desempenho metab\u00f3lico. Entender como equilibrar prote\u00ednas e fibras logo cedo transforma completamente sua disposi\u00e7\u00e3o f\u00edsica di\u00e1ria.<\/p>\n\n\n\n<h2 class=\"wp-block-heading\">Como a prote\u00edna age no seu organismo logo cedo?<\/h2>\n\n\n\n<p>Consumir fontes proteicas de alta qualidade ao acordar ajuda na manuten\u00e7\u00e3o da massa muscular e regula os horm\u00f4nios da fome durante toda a manh\u00e3. Esse nutriente exige maior esfor\u00e7o digestivo, o que acelera levemente o metabolismo basal e evita aquelas beliscadas desnecess\u00e1rias antes do almo\u00e7o nutritivo. \u00c9 um h\u00e1bito simples que traz resultados duradouros para seu corpo.<\/p>\n\n\n\n<p>Al\u00e9m disso, as prote\u00ednas fornecem amino\u00e1cidos essenciais para a s\u00edntese de neurotransmissores importantes, como a dopamina, que melhora o foco e o humor. Sem essa base s\u00f3lida, o c\u00e9rebro tende a buscar energia r\u00e1pida em a\u00e7\u00facares refinados, gerando um ciclo vicioso de cansa\u00e7o e irritabilidade. Priorizar ovos ou iogurtes naturais \u00e9 uma <strong>estrat\u00e9gia muito inteligente<\/strong> hoje.<\/p>\n\n\n\n<figure class=\"wp-block-image size-full\"><img decoding=\"async\" width=\"1280\" height=\"720\" src=\"https:\/\/www.correiobraziliense.com.br\/cbradar\/wp-content\/uploads\/2026\/03\/Gemini_Generated_Image_3sabwv3sabwv3sab-1-1.png\" alt=\"Nutricionista explica: \u201cO caf\u00e9 da manh\u00e3 saud\u00e1vel n\u00e3o come\u00e7a com p\u00e3o branco, come\u00e7a com prote\u00edna e fibras\u201d\" class=\"wp-image-210803\" srcset=\"https:\/\/www.correiobraziliense.com.br\/cbradar\/wp-content\/uploads\/2026\/03\/Gemini_Generated_Image_3sabwv3sabwv3sab-1-1.png 1280w, https:\/\/www.correiobraziliense.com.br\/cbradar\/wp-content\/uploads\/2026\/03\/Gemini_Generated_Image_3sabwv3sabwv3sab-1-1-300x169.png 300w, https:\/\/www.correiobraziliense.com.br\/cbradar\/wp-content\/uploads\/2026\/03\/Gemini_Generated_Image_3sabwv3sabwv3sab-1-1-768x432.png 768w, https:\/\/www.correiobraziliense.com.br\/cbradar\/wp-content\/uploads\/2026\/03\/Gemini_Generated_Image_3sabwv3sabwv3sab-1-1-750x422.png 750w, https:\/\/www.correiobraziliense.com.br\/cbradar\/wp-content\/uploads\/2026\/03\/Gemini_Generated_Image_3sabwv3sabwv3sab-1-1-1140x641.png 1140w\" sizes=\"(max-width: 1280px) 100vw, 1280px\" \/><figcaption class=\"wp-element-caption\">Trocar o p\u00e3o branco por op\u00e7\u00f5es nutritivas melhora energia e evita picos de insulina<\/figcaption><\/figure>\n\n\n\n<h2 class=\"wp-block-heading\">Qual \u00e9 o papel das fibras na saciedade prolongada?<\/h2>\n\n\n\n<p>As fibras alimentares retardam a absor\u00e7\u00e3o dos carboidratos, impedindo que o a\u00e7\u00facar no sangue suba bruscamente ap\u00f3s a refei\u00e7\u00e3o matinal inicial. Isso garante um fluxo constante de energia para as c\u00e9lulas, evitando aquela sensa\u00e7\u00e3o de fraqueza que ocorre logo ap\u00f3s comer alimentos processados. Elas tamb\u00e9m s\u00e3o fundamentais para a sa\u00fade intestinal e para o controle do colesterol.<\/p>\n\n\n\n<p>Quando combinadas com uma boa hidrata\u00e7\u00e3o, as fibras formam um gel no est\u00f4mago que aumenta significativamente a percep\u00e7\u00e3o de est\u00f4mago cheio. Esse mecanismo biol\u00f3gico \u00e9 essencial para quem busca gerenciar o peso de forma natural e sem sofrimento. Optar por frutas inteiras e cereais integrais \u00e9 o caminho mais seguro para garantir <strong>bem-estar e vitalidade<\/strong> constante.<\/p>\n\n\n\n<h2 class=\"wp-block-heading\">Quais alimentos s\u00e3o ideais para substituir o p\u00e3o branco?<\/h2>\n\n\n\n<p>Existem diversas alternativas deliciosas que oferecem os nutrientes necess\u00e1rios sem os malef\u00edcios das farinhas altamente refinadas que inflamam o organismo humano. Gr\u00e3os ancestrais e sementes oleaginosas s\u00e3o excelentes exemplos de como diversificar o card\u00e1pio matinal com muito sabor e texturas variadas. Essas trocas inteligentes permitem que voc\u00ea desfrute de uma refei\u00e7\u00e3o prazerosa cuidando da sua sa\u00fade.<\/p>\n\n\n\n<p>Para transformar seu desjejum em uma fonte real de energia est\u00e1vel, considere incluir estas op\u00e7\u00f5es ricas em nutrientes fundamentais:<\/p>\n\n\n\n<ul class=\"wp-block-list\">\n<li>Ovos mexidos com sementes de chia.<\/li>\n\n\n\n<li>Iogurte grego natural com aveia em flocos.<\/li>\n\n\n\n<li>Abacate com torradas de gr\u00e3os integrais.<\/li>\n\n\n\n<li>Omelete de espinafre e queijo branco.<\/li>\n\n\n\n<li>Frutas vermelhas acompanhadas de nozes picadas.<\/li>\n<\/ul>\n\n\n\n<h2 class=\"wp-block-heading\">Por que evitar picos de insulina ao acordar?<\/h2>\n\n\n\n<p>Ingerir carboidratos simples em excesso logo na primeira refei\u00e7\u00e3o causa uma descarga maci\u00e7a de insulina pelo p\u00e2ncreas para processar o a\u00e7\u00facar. Esse processo resulta em um armazenamento mais r\u00e1pido de gordura abdominal e em uma queda brusca de energia pouco tempo depois. Evitar esse sobe e desce hormonal \u00e9 crucial para manter a <strong>sa\u00fade metab\u00f3lica<\/strong> em dia sempre.<\/p>\n\n\n\n<p>O equil\u00edbrio glic\u00eamico est\u00e1 diretamente ligado \u00e0 preven\u00e7\u00e3o de doen\u00e7as cr\u00f4nicas, como o diabetes tipo dois e problemas cardiovasculares graves a longo prazo. Manter os n\u00edveis de glicose est\u00e1veis ajuda a preservar a sensibilidade \u00e0 insulina e garante que o organismo funcione de maneira otimizada. Pequenas mudan\u00e7as na escolha dos ingredientes fazem uma diferen\u00e7a gigantesca na qualidade de vida atual.<\/p>\n\n\n\n<p>No v\u00eddeo abaixo do TikTok <strong><em>Portaldasaudeofc<\/em><\/strong>, que conta com mais de <strong><em>857 mil<\/em><\/strong> seguidores, ele fala sobre o melhor caf\u00e9 da manh\u00e3:<\/p>\n\n\n\n<blockquote class=\"tiktok-embed\" cite=\"https:\/\/www.tiktok.com\/@portaldasaudeofc\/video\/7440980693800193335\" data-video-id=\"7440980693800193335\" style=\"max-width: 605px;min-width: 325px;\" > <section> <a target=\"_blank\" title=\"@portaldasaudeofc\" href=\"https:\/\/www.tiktok.com\/@portaldasaudeofc?refer=embed\">@portaldasaudeofc<\/a> O MELHOR CAF\u00c9 DA MANH\u00c3  \ud83e\ude7a Dr. Tiago Rocha \ud83c\udf99\ufe0f Podmais <a title=\"saude\" target=\"_blank\" href=\"https:\/\/www.tiktok.com\/tag\/saude?refer=embed\">#saude<\/a> <a title=\"saudavel\" target=\"_blank\" href=\"https:\/\/www.tiktok.com\/tag\/saudavel?refer=embed\">#saudavel<\/a> <a title=\"aveia\" target=\"_blank\" href=\"https:\/\/www.tiktok.com\/tag\/aveia?refer=embed\">#aveia<\/a> <a title=\"cafe\" target=\"_blank\" href=\"https:\/\/www.tiktok.com\/tag\/cafe?refer=embed\">#cafe<\/a> <a title=\"alimentos\" target=\"_blank\" href=\"https:\/\/www.tiktok.com\/tag\/alimentos?refer=embed\">#alimentos<\/a> <a title=\"treino\" target=\"_blank\" href=\"https:\/\/www.tiktok.com\/tag\/treino?refer=embed\">#treino<\/a> <a target=\"_blank\" title=\"\u266c som original - Portal da Sa\u00fade\" href=\"https:\/\/www.tiktok.com\/music\/som-original-7440980732947483448?refer=embed\">\u266c som original &#8211; Portal da Sa\u00fade<\/a> <\/section> <\/blockquote> <script async src=\"https:\/\/www.tiktok.com\/embed.js\"><\/script>\n\n\n\n<p>Leia tamb\u00e9m: <a href=\"https:\/\/www.correiobraziliense.com.br\/cbradar\/o-cha-dourado-de-que-muitos-falam-ganha-atencao-por-ajudar-na-digestao-e-fortalecer-a-imunidade\/\" target=\"_blank\" rel=\"noreferrer noopener\">O \u201cch\u00e1 dourado\u201d de que muitos falam ganha aten\u00e7\u00e3o por ajudar na digest\u00e3o e fortalecer a imunidade<\/a><\/p>\n\n\n\n<h2 class=\"wp-block-heading\">O que a ci\u00eancia recomenda para o desjejum perfeito?<\/h2>\n\n\n\n<p>Organiza\u00e7\u00f5es globais de sa\u00fade afirmam que uma dieta equilibrada deve priorizar alimentos integrais e minimizar o consumo de ultraprocessados no caf\u00e9 da manh\u00e3. A inclus\u00e3o de nutrientes diversos favorece a microbiota intestinal, fortalecendo o sistema imunol\u00f3gico contra infec\u00e7\u00f5es e inflama\u00e7\u00f5es silenciosas. \u00c9 necess\u00e1rio olhar para o prato como combust\u00edvel de alta qualidade para as fun\u00e7\u00f5es cerebrais e f\u00edsicas.<\/p>\n\n\n\n<p>Segundo as diretrizes oficiais, o consumo di\u00e1rio de fibras \u00e9 essencial para reduzir riscos de doen\u00e7as cr\u00f4nicas e melhorar a longevidade humana. Substituir p\u00e3es brancos por op\u00e7\u00f5es integrais e prote\u00ednas magras \u00e9 uma recomenda\u00e7\u00e3o padr\u00e3o para manter o peso saud\u00e1vel e a mente alerta. Verifique os guias nutricionais completos e atualizados no site da <a target=\"_blank\" rel=\"noreferrer noopener\" href=\"https:\/\/www.fao.org\/nutrition\/en\/\">Food and Agriculture Organization<\/a>.<\/p>\n","protected":false},"excerpt":{"rendered":"<p>Iniciar o dia com escolhas alimentares inteligentes \u00e9 fundamental para manter a energia est\u00e1vel e evitar picos de insulina prejudiciais \u00e0 sa\u00fade. Substituir o tradicional p\u00e3o branco por combina\u00e7\u00f5es ricas em nutrientes promove maior saciedade e melhora o desempenho metab\u00f3lico. Entender como equilibrar prote\u00ednas e fibras logo cedo transforma completamente sua disposi\u00e7\u00e3o f\u00edsica di\u00e1ria. Como [&hellip;]<\/p>\n","protected":false},"author":21,"featured_media":210802,"comment_status":"open","ping_status":"open","sticky":false,"template":"","format":"standard","meta":{"_yoast_wpseo_focuskw":"substituir p\u00e3o branco no caf\u00e9 da manh\u00e3","_yoast_wpseo_title":"","_yoast_wpseo_metadesc":"Trocas simples no caf\u00e9 da manh\u00e3 ajudam a manter energia est\u00e1vel e evitam picos de insulina ao longo do dia","jnews-multi-image_gallery":[],"jnews_single_post":{"format":"standard"},"jnews_primary_category":[],"jnews_social_meta":[],"jnews_override_counter":[],"footnotes":""},"categories":[119],"tags":[281,4319,2295,6811],"class_list":["post-210785","post","type-post","status-publish","format-standard","has-post-thumbnail","hentry","category-bem-estar","tag-alimentacao","tag-cafe-da-manha","tag-fibras","tag-proteina-2"],"yoast_head":"<!-- This site is optimized with the Yoast SEO plugin v24.6 - https:\/\/yoast.com\/wordpress\/plugins\/seo\/ -->\n<title>Nutricionista explica: \u201cO caf\u00e9 da manh\u00e3 saud\u00e1vel n\u00e3o come\u00e7a com p\u00e3o branco, come\u00e7a com prote\u00edna e fibras\u201d - Correio Braziliense - Radar<\/title>\n<meta name=\"description\" content=\"Trocas simples no caf\u00e9 da manh\u00e3 ajudam a manter energia est\u00e1vel e evitam picos de insulina ao longo do dia\" \/>\n<meta name=\"robots\" content=\"index, follow, max-snippet:-1, max-image-preview:large, max-video-preview:-1\" \/>\n<link rel=\"canonical\" href=\"https:\/\/www.correiobraziliense.com.br\/cbradar\/nutricionista-explica-o-cafe-da-manha-saudavel-nao-comeca-com-pao-branco-comeca-com-proteina-e-fibras\/\" \/>\n<meta property=\"og:locale\" content=\"pt_BR\" \/>\n<meta property=\"og:type\" content=\"article\" \/>\n<meta property=\"og:title\" content=\"Nutricionista explica: \u201cO caf\u00e9 da manh\u00e3 saud\u00e1vel n\u00e3o come\u00e7a com p\u00e3o branco, come\u00e7a com prote\u00edna e fibras\u201d - Correio Braziliense - Radar\" \/>\n<meta property=\"og:description\" content=\"Trocas simples no caf\u00e9 da manh\u00e3 ajudam a manter energia est\u00e1vel e evitam picos de insulina ao longo do dia\" \/>\n<meta property=\"og:url\" content=\"https:\/\/www.correiobraziliense.com.br\/cbradar\/nutricionista-explica-o-cafe-da-manha-saudavel-nao-comeca-com-pao-branco-comeca-com-proteina-e-fibras\/\" \/>\n<meta property=\"og:site_name\" content=\"Correio Braziliense - Radar\" \/>\n<meta property=\"article:published_time\" content=\"2026-03-19T03:15:00+00:00\" \/>\n<meta property=\"og:image\" content=\"https:\/\/www.correiobraziliense.com.br\/cbradar\/wp-content\/uploads\/2026\/03\/Gemini_Generated_Image_7fxgrp7fxgrp7fxg-1-1.png\" \/>\n\t<meta property=\"og:image:width\" content=\"1280\" \/>\n\t<meta property=\"og:image:height\" content=\"720\" \/>\n\t<meta property=\"og:image:type\" content=\"image\/png\" \/>\n<meta name=\"author\" content=\"Patrick Silva\" \/>\n<meta name=\"twitter:card\" content=\"summary_large_image\" \/>\n<meta name=\"twitter:label1\" content=\"Escrito por\" \/>\n\t<meta name=\"twitter:data1\" content=\"Patrick Silva\" \/>\n\t<meta name=\"twitter:label2\" content=\"Est. tempo de leitura\" \/>\n\t<meta name=\"twitter:data2\" content=\"5 minutos\" \/>\n<!-- \/ Yoast SEO plugin. -->","yoast_head_json":{"title":"Nutricionista explica: \u201cO caf\u00e9 da manh\u00e3 saud\u00e1vel n\u00e3o come\u00e7a com p\u00e3o branco, come\u00e7a com prote\u00edna e fibras\u201d - Correio Braziliense - Radar","description":"Trocas simples no caf\u00e9 da manh\u00e3 ajudam a manter energia est\u00e1vel e evitam picos de insulina ao longo do dia","robots":{"index":"index","follow":"follow","max-snippet":"max-snippet:-1","max-image-preview":"max-image-preview:large","max-video-preview":"max-video-preview:-1"},"canonical":"https:\/\/www.correiobraziliense.com.br\/cbradar\/nutricionista-explica-o-cafe-da-manha-saudavel-nao-comeca-com-pao-branco-comeca-com-proteina-e-fibras\/","og_locale":"pt_BR","og_type":"article","og_title":"Nutricionista explica: \u201cO caf\u00e9 da manh\u00e3 saud\u00e1vel n\u00e3o come\u00e7a com p\u00e3o branco, come\u00e7a com prote\u00edna e fibras\u201d - Correio Braziliense - Radar","og_description":"Trocas simples no caf\u00e9 da manh\u00e3 ajudam a manter energia est\u00e1vel e evitam picos de insulina ao longo do dia","og_url":"https:\/\/www.correiobraziliense.com.br\/cbradar\/nutricionista-explica-o-cafe-da-manha-saudavel-nao-comeca-com-pao-branco-comeca-com-proteina-e-fibras\/","og_site_name":"Correio Braziliense - Radar","article_published_time":"2026-03-19T03:15:00+00:00","og_image":[{"width":1280,"height":720,"url":"https:\/\/www.correiobraziliense.com.br\/cbradar\/wp-content\/uploads\/2026\/03\/Gemini_Generated_Image_7fxgrp7fxgrp7fxg-1-1.png","type":"image\/png"}],"author":"Patrick Silva","twitter_card":"summary_large_image","twitter_misc":{"Escrito por":"Patrick Silva","Est. tempo de leitura":"5 minutos"},"schema":{"@context":"https:\/\/schema.org","@graph":[{"@type":"WebPage","@id":"https:\/\/www.correiobraziliense.com.br\/cbradar\/nutricionista-explica-o-cafe-da-manha-saudavel-nao-comeca-com-pao-branco-comeca-com-proteina-e-fibras\/","url":"https:\/\/www.correiobraziliense.com.br\/cbradar\/nutricionista-explica-o-cafe-da-manha-saudavel-nao-comeca-com-pao-branco-comeca-com-proteina-e-fibras\/","name":"Nutricionista explica: \u201cO caf\u00e9 da manh\u00e3 saud\u00e1vel n\u00e3o come\u00e7a com p\u00e3o branco, come\u00e7a com prote\u00edna e fibras\u201d - Correio Braziliense - Radar","isPartOf":{"@id":"https:\/\/www.correiobraziliense.com.br\/cbradar\/#website"},"primaryImageOfPage":{"@id":"https:\/\/www.correiobraziliense.com.br\/cbradar\/nutricionista-explica-o-cafe-da-manha-saudavel-nao-comeca-com-pao-branco-comeca-com-proteina-e-fibras\/#primaryimage"},"image":{"@id":"https:\/\/www.correiobraziliense.com.br\/cbradar\/nutricionista-explica-o-cafe-da-manha-saudavel-nao-comeca-com-pao-branco-comeca-com-proteina-e-fibras\/#primaryimage"},"thumbnailUrl":"https:\/\/www.correiobraziliense.com.br\/cbradar\/wp-content\/uploads\/2026\/03\/Gemini_Generated_Image_7fxgrp7fxgrp7fxg-1-1.png","datePublished":"2026-03-19T03:15:00+00:00","author":{"@id":"https:\/\/www.correiobraziliense.com.br\/cbradar\/#\/schema\/person\/5440b72be9c7eb74f446c846479dc4da"},"description":"Trocas simples no caf\u00e9 da manh\u00e3 ajudam a manter energia est\u00e1vel e evitam picos de insulina ao longo do dia","breadcrumb":{"@id":"https:\/\/www.correiobraziliense.com.br\/cbradar\/nutricionista-explica-o-cafe-da-manha-saudavel-nao-comeca-com-pao-branco-comeca-com-proteina-e-fibras\/#breadcrumb"},"inLanguage":"pt-BR","potentialAction":[{"@type":"ReadAction","target":["https:\/\/www.correiobraziliense.com.br\/cbradar\/nutricionista-explica-o-cafe-da-manha-saudavel-nao-comeca-com-pao-branco-comeca-com-proteina-e-fibras\/"]}]},{"@type":"ImageObject","inLanguage":"pt-BR","@id":"https:\/\/www.correiobraziliense.com.br\/cbradar\/nutricionista-explica-o-cafe-da-manha-saudavel-nao-comeca-com-pao-branco-comeca-com-proteina-e-fibras\/#primaryimage","url":"https:\/\/www.correiobraziliense.com.br\/cbradar\/wp-content\/uploads\/2026\/03\/Gemini_Generated_Image_7fxgrp7fxgrp7fxg-1-1.png","contentUrl":"https:\/\/www.correiobraziliense.com.br\/cbradar\/wp-content\/uploads\/2026\/03\/Gemini_Generated_Image_7fxgrp7fxgrp7fxg-1-1.png","width":1280,"height":720,"caption":"Trocar o p\u00e3o branco por op\u00e7\u00f5es nutritivas melhora energia e evita picos de insulina"},{"@type":"BreadcrumbList","@id":"https:\/\/www.correiobraziliense.com.br\/cbradar\/nutricionista-explica-o-cafe-da-manha-saudavel-nao-comeca-com-pao-branco-comeca-com-proteina-e-fibras\/#breadcrumb","itemListElement":[{"@type":"ListItem","position":1,"name":"In\u00edcio","item":"https:\/\/www.correiobraziliense.com.br\/cbradar\/"},{"@type":"ListItem","position":2,"name":"Nutricionista explica: \u201cO caf\u00e9 da manh\u00e3 saud\u00e1vel n\u00e3o come\u00e7a com p\u00e3o branco, come\u00e7a com prote\u00edna e fibras\u201d"}]},{"@type":"WebSite","@id":"https:\/\/www.correiobraziliense.com.br\/cbradar\/#website","url":"https:\/\/www.correiobraziliense.com.br\/cbradar\/","name":"Correio Braziliense - Radar","description":"Acompanhe as \u00faltimas not\u00edcias e fique bem informado sobre tudo o que acontece no Brasil e no mundo.","potentialAction":[{"@type":"SearchAction","target":{"@type":"EntryPoint","urlTemplate":"https:\/\/www.correiobraziliense.com.br\/cbradar\/?s={search_term_string}"},"query-input":{"@type":"PropertyValueSpecification","valueRequired":true,"valueName":"search_term_string"}}],"inLanguage":"pt-BR"},{"@type":"Person","@id":"https:\/\/www.correiobraziliense.com.br\/cbradar\/#\/schema\/person\/5440b72be9c7eb74f446c846479dc4da","name":"Patrick Silva","image":{"@type":"ImageObject","inLanguage":"pt-BR","@id":"https:\/\/www.correiobraziliense.com.br\/cbradar\/#\/schema\/person\/image\/","url":"https:\/\/secure.gravatar.com\/avatar\/944109df296fc087785c9715fd5f80b2?s=96&d=mm&r=g","contentUrl":"https:\/\/secure.gravatar.com\/avatar\/944109df296fc087785c9715fd5f80b2?s=96&d=mm&r=g","caption":"Patrick Silva"},"sameAs":["https:\/\/www.correiobraziliense.com.br\/cbradar\/"],"url":"https:\/\/www.correiobraziliense.com.br\/cbradar\/author\/patrick-silva\/"}]}},"_links":{"self":[{"href":"https:\/\/www.correiobraziliense.com.br\/cbradar\/wp-json\/wp\/v2\/posts\/210785","targetHints":{"allow":["GET"]}}],"collection":[{"href":"https:\/\/www.correiobraziliense.com.br\/cbradar\/wp-json\/wp\/v2\/posts"}],"about":[{"href":"https:\/\/www.correiobraziliense.com.br\/cbradar\/wp-json\/wp\/v2\/types\/post"}],"author":[{"embeddable":true,"href":"https:\/\/www.correiobraziliense.com.br\/cbradar\/wp-json\/wp\/v2\/users\/21"}],"replies":[{"embeddable":true,"href":"https:\/\/www.correiobraziliense.com.br\/cbradar\/wp-json\/wp\/v2\/comments?post=210785"}],"version-history":[{"count":1,"href":"https:\/\/www.correiobraziliense.com.br\/cbradar\/wp-json\/wp\/v2\/posts\/210785\/revisions"}],"predecessor-version":[{"id":210804,"href":"https:\/\/www.correiobraziliense.com.br\/cbradar\/wp-json\/wp\/v2\/posts\/210785\/revisions\/210804"}],"wp:featuredmedia":[{"embeddable":true,"href":"https:\/\/www.correiobraziliense.com.br\/cbradar\/wp-json\/wp\/v2\/media\/210802"}],"wp:attachment":[{"href":"https:\/\/www.correiobraziliense.com.br\/cbradar\/wp-json\/wp\/v2\/media?parent=210785"}],"wp:term":[{"taxonomy":"category","embeddable":true,"href":"https:\/\/www.correiobraziliense.com.br\/cbradar\/wp-json\/wp\/v2\/categories?post=210785"},{"taxonomy":"post_tag","embeddable":true,"href":"https:\/\/www.correiobraziliense.com.br\/cbradar\/wp-json\/wp\/v2\/tags?post=210785"}],"curies":[{"name":"wp","href":"https:\/\/api.w.org\/{rel}","templated":true}]}}