{"id":210840,"date":"2026-03-18T12:20:00","date_gmt":"2026-03-18T15:20:00","guid":{"rendered":"https:\/\/www.correiobraziliense.com.br\/cbradar\/?p=210840"},"modified":"2026-03-18T12:25:27","modified_gmt":"2026-03-18T15:25:27","slug":"qual-o-masculino-de-mula","status":"publish","type":"post","link":"https:\/\/www.correiobraziliense.com.br\/cbradar\/qual-o-masculino-de-mula\/","title":{"rendered":"Qual o masculino de mula"},"content":{"rendered":"\n<p>Se voc\u00ea est\u00e1 buscando a resposta r\u00e1pida, aqui est\u00e1: o masculino de mula \u00e9 <strong>mulo<\/strong> ou <strong>burro<\/strong>.<\/p>\n\n\n\n<p>Embora a palavra &#8220;burro&#8221; seja frequentemente usada no Brasil como uma ofensa ou g\u00edria para falta de intelig\u00eancia, na biologia e na l\u00edngua portuguesa, ela \u00e9 o termo t\u00e9cnico e exato para designar o macho dessa esp\u00e9cie.<\/p>\n\n\n\n<p>Para entender por que existe tanta confus\u00e3o sobre o nome desses animais, precisamos olhar tanto para a gen\u00e9tica quanto para os registros oficiais do nosso idioma.<\/p>\n\n\n\n<h2 class=\"wp-block-heading\">A biologia por tr\u00e1s do nome: Quem s\u00e3o os pais da mula?<\/h2>\n\n\n\n<p>A confus\u00e3o com os nomes acontece porque a mula e o burro n\u00e3o s\u00e3o uma esp\u00e9cie pura, mas sim animais h\u00edbridos. Eles s\u00e3o o resultado de um cruzamento espec\u00edfico entre duas esp\u00e9cies diferentes:<\/p>\n\n\n\n<ul class=\"wp-block-list\">\n<li><strong>O pai:<\/strong> O jumento (tamb\u00e9m conhecido como asno ou jegue), que tem 62 cromossomos.<\/li>\n\n\n\n<li><strong>A m\u00e3e:<\/strong> A \u00e9gua (a f\u00eamea do cavalo), que tem 64 cromossomos.<\/li>\n<\/ul>\n\n\n\n<p>Quando o jumento cruza com a \u00e9gua, o filhote nasce com 63 cromossomos. Se esse filhote for f\u00eamea, ela \u00e9 chamada de <strong>mula<\/strong>. Se for macho, \u00e9 chamado de <strong>burro<\/strong> ou <strong>mulo<\/strong>. Devido a esse n\u00famero \u00edmpar de cromossomos, tanto a mula quanto o burro s\u00e3o, na imensa maioria das vezes, est\u00e9reis (n\u00e3o conseguem se reproduzir).<\/p>\n\n\n\n<p><em>(Curiosidade: Se o cruzamento for o inverso \u2014 um cavalo macho com uma jumenta f\u00eamea \u2014 o filhote gerado \u00e9 outro animal, chamado de <strong>bardoto<\/strong>).<\/em><\/p>\n\n\n<div class=\"wp-block-image\">\n<figure class=\"aligncenter size-large\"><img decoding=\"async\" width=\"1280\" height=\"698\" src=\"https:\/\/www.correiobraziliense.com.br\/cbradar\/wp-content\/uploads\/2026\/03\/image-3-1280x698.png\" alt=\"\" class=\"wp-image-210847\" srcset=\"https:\/\/www.correiobraziliense.com.br\/cbradar\/wp-content\/uploads\/2026\/03\/image-3-1280x698.png 1280w, https:\/\/www.correiobraziliense.com.br\/cbradar\/wp-content\/uploads\/2026\/03\/image-3-300x164.png 300w, https:\/\/www.correiobraziliense.com.br\/cbradar\/wp-content\/uploads\/2026\/03\/image-3-768x419.png 768w, https:\/\/www.correiobraziliense.com.br\/cbradar\/wp-content\/uploads\/2026\/03\/image-3-750x409.png 750w, https:\/\/www.correiobraziliense.com.br\/cbradar\/wp-content\/uploads\/2026\/03\/image-3-1140x622.png 1140w, https:\/\/www.correiobraziliense.com.br\/cbradar\/wp-content\/uploads\/2026\/03\/image-3.png 1408w\" sizes=\"(max-width: 1280px) 100vw, 1280px\" \/><\/figure><\/div>\n\n\n<h2 class=\"wp-block-heading\">O que dizem as autoridades lingu\u00edsticas brasileiras?<\/h2>\n\n\n\n<p>Para n\u00e3o restar d\u00favidas sobre a validade do termo, basta consultar as maiores refer\u00eancias da nossa l\u00edngua.<\/p>\n\n\n\n<p>O <strong>Vocabul\u00e1rio Ortogr\u00e1fico da L\u00edngua Portuguesa (VOLP)<\/strong>, mantido pela <strong>Academia Brasileira de Letras (ABL)<\/strong>, reconhece oficialmente tanto a palavra &#8220;mulo&#8221; quanto &#8220;burro&#8221; como os substantivos masculinos corretos para fazer par com a mula.<\/p>\n\n\n\n<p>Al\u00e9m disso, grandes obras de refer\u00eancia em sinon\u00edmia e lexicografia no Brasil, como o <strong>Dicion\u00e1rio Houaiss da L\u00edngua Portuguesa<\/strong> e o <strong>Dicion\u00e1rio Aur\u00e9lio<\/strong>, trazem &#8220;mulo&#8221; como o sin\u00f4nimo direto e a forma masculina de mula. O Houaiss, inclusive, detalha a etimologia da palavra, originada do latim <em>mulus<\/em>, refor\u00e7ando que o uso de &#8220;burro&#8221; como xingamento \u00e9 apenas uma constru\u00e7\u00e3o cultural e pejorativa, sem rela\u00e7\u00e3o com a capacidade cognitiva real do animal \u2014 que, ironicamente, \u00e9 considerado pelos tratadores como extremamente inteligente e cauteloso.<\/p>\n\n\n\n<h2 class=\"wp-block-heading\">Resumo pr\u00e1tico dos termos:<\/h2>\n\n\n\n<ul class=\"wp-block-list\">\n<li><strong>Macho da esp\u00e9cie equina:<\/strong> Cavalo<\/li>\n\n\n\n<li><strong>F\u00eamea da esp\u00e9cie equina:<\/strong> \u00c9gua<\/li>\n\n\n\n<li><strong>Macho da esp\u00e9cie asinina:<\/strong> Jumento, asno ou jegue<\/li>\n\n\n\n<li><strong>F\u00eamea da esp\u00e9cie asinina:<\/strong> Jumenta<\/li>\n\n\n\n<li><strong>Filhote h\u00edbrido f\u00eamea (Jumento + \u00c9gua):<\/strong> Mula<\/li>\n\n\n\n<li><strong>Filhote h\u00edbrido macho (Jumento + \u00c9gua):<\/strong> Burro ou mulo<\/li>\n<\/ul>\n","protected":false},"excerpt":{"rendered":"<p>Se voc\u00ea est\u00e1 buscando a resposta r\u00e1pida, aqui est\u00e1: o masculino de mula \u00e9 mulo ou burro. Embora a palavra &#8220;burro&#8221; seja frequentemente usada no Brasil como uma ofensa ou g\u00edria para falta de intelig\u00eancia, na biologia e na l\u00edngua portuguesa, ela \u00e9 o termo t\u00e9cnico e exato para designar o macho dessa esp\u00e9cie. Para [&hellip;]<\/p>\n","protected":false},"author":2,"featured_media":210844,"comment_status":"open","ping_status":"open","sticky":false,"template":"","format":"standard","meta":{"_yoast_wpseo_focuskw":"masculino mula","_yoast_wpseo_title":"","_yoast_wpseo_metadesc":"Afinal, o masculino de mula \u00e9 burro ou mulo? Entenda a resposta da ABL e a biologia por tr\u00e1s desse cruzamento que confunde todo mundo.","jnews-multi-image_gallery":[],"jnews_single_post":{"format":"standard"},"jnews_primary_category":[],"jnews_social_meta":[],"jnews_override_counter":[],"footnotes":""},"categories":[112],"tags":[16325,3915,16323,10902,16324],"class_list":["post-210840","post","type-post","status-publish","format-standard","has-post-thumbnail","hentry","category-curiosidades","tag-abl","tag-biologia","tag-curiosidades-animais","tag-lingua-portuguesa","tag-masculino-de-mula"],"yoast_head":"<!-- This site is optimized with the Yoast SEO plugin v24.6 - https:\/\/yoast.com\/wordpress\/plugins\/seo\/ -->\n<title>Qual o masculino de mula - Correio Braziliense - Radar<\/title>\n<meta name=\"description\" content=\"Afinal, o masculino de mula \u00e9 burro ou mulo? Entenda a resposta da ABL e a biologia por tr\u00e1s desse cruzamento que confunde todo mundo.\" \/>\n<meta name=\"robots\" content=\"index, follow, max-snippet:-1, max-image-preview:large, max-video-preview:-1\" \/>\n<link rel=\"canonical\" href=\"https:\/\/www.correiobraziliense.com.br\/cbradar\/qual-o-masculino-de-mula\/\" \/>\n<meta property=\"og:locale\" content=\"pt_BR\" \/>\n<meta property=\"og:type\" content=\"article\" \/>\n<meta property=\"og:title\" content=\"Qual o masculino de mula - Correio Braziliense - Radar\" \/>\n<meta property=\"og:description\" content=\"Afinal, o masculino de mula \u00e9 burro ou mulo? Entenda a resposta da ABL e a biologia por tr\u00e1s desse cruzamento que confunde todo mundo.\" \/>\n<meta property=\"og:url\" content=\"https:\/\/www.correiobraziliense.com.br\/cbradar\/qual-o-masculino-de-mula\/\" \/>\n<meta property=\"og:site_name\" content=\"Correio Braziliense - Radar\" \/>\n<meta property=\"article:published_time\" content=\"2026-03-18T15:20:00+00:00\" \/>\n<meta property=\"article:modified_time\" content=\"2026-03-18T15:25:27+00:00\" \/>\n<meta property=\"og:image\" content=\"https:\/\/www.correiobraziliense.com.br\/cbradar\/wp-content\/uploads\/2026\/03\/unnamed-83-2.jpg\" \/>\n\t<meta property=\"og:image:width\" content=\"1200\" \/>\n\t<meta property=\"og:image:height\" content=\"628\" \/>\n\t<meta property=\"og:image:type\" content=\"image\/jpeg\" \/>\n<meta name=\"author\" content=\"Jo\u00e3o Victor\" \/>\n<meta name=\"twitter:card\" content=\"summary_large_image\" \/>\n<meta name=\"twitter:label1\" content=\"Escrito por\" \/>\n\t<meta name=\"twitter:data1\" content=\"Jo\u00e3o Victor\" \/>\n\t<meta name=\"twitter:label2\" content=\"Est. tempo de leitura\" \/>\n\t<meta name=\"twitter:data2\" content=\"3 minutos\" \/>\n<!-- \/ Yoast SEO plugin. -->","yoast_head_json":{"title":"Qual o masculino de mula - Correio Braziliense - Radar","description":"Afinal, o masculino de mula \u00e9 burro ou mulo? Entenda a resposta da ABL e a biologia por tr\u00e1s desse cruzamento que confunde todo mundo.","robots":{"index":"index","follow":"follow","max-snippet":"max-snippet:-1","max-image-preview":"max-image-preview:large","max-video-preview":"max-video-preview:-1"},"canonical":"https:\/\/www.correiobraziliense.com.br\/cbradar\/qual-o-masculino-de-mula\/","og_locale":"pt_BR","og_type":"article","og_title":"Qual o masculino de mula - Correio Braziliense - Radar","og_description":"Afinal, o masculino de mula \u00e9 burro ou mulo? Entenda a resposta da ABL e a biologia por tr\u00e1s desse cruzamento que confunde todo mundo.","og_url":"https:\/\/www.correiobraziliense.com.br\/cbradar\/qual-o-masculino-de-mula\/","og_site_name":"Correio Braziliense - Radar","article_published_time":"2026-03-18T15:20:00+00:00","article_modified_time":"2026-03-18T15:25:27+00:00","og_image":[{"width":1200,"height":628,"url":"https:\/\/www.correiobraziliense.com.br\/cbradar\/wp-content\/uploads\/2026\/03\/unnamed-83-2.jpg","type":"image\/jpeg"}],"author":"Jo\u00e3o Victor","twitter_card":"summary_large_image","twitter_misc":{"Escrito por":"Jo\u00e3o Victor","Est. tempo de leitura":"3 minutos"},"schema":{"@context":"https:\/\/schema.org","@graph":[{"@type":"WebPage","@id":"https:\/\/www.correiobraziliense.com.br\/cbradar\/qual-o-masculino-de-mula\/","url":"https:\/\/www.correiobraziliense.com.br\/cbradar\/qual-o-masculino-de-mula\/","name":"Qual o masculino de mula - Correio Braziliense - Radar","isPartOf":{"@id":"https:\/\/www.correiobraziliense.com.br\/cbradar\/#website"},"primaryImageOfPage":{"@id":"https:\/\/www.correiobraziliense.com.br\/cbradar\/qual-o-masculino-de-mula\/#primaryimage"},"image":{"@id":"https:\/\/www.correiobraziliense.com.br\/cbradar\/qual-o-masculino-de-mula\/#primaryimage"},"thumbnailUrl":"https:\/\/www.correiobraziliense.com.br\/cbradar\/wp-content\/uploads\/2026\/03\/unnamed-83-2.jpg","datePublished":"2026-03-18T15:20:00+00:00","dateModified":"2026-03-18T15:25:27+00:00","author":{"@id":"https:\/\/www.correiobraziliense.com.br\/cbradar\/#\/schema\/person\/3718880751cb9505f3c5588976f1d18d"},"description":"Afinal, o masculino de mula \u00e9 burro ou mulo? Entenda a resposta da ABL e a biologia por tr\u00e1s desse cruzamento que confunde todo mundo.","breadcrumb":{"@id":"https:\/\/www.correiobraziliense.com.br\/cbradar\/qual-o-masculino-de-mula\/#breadcrumb"},"inLanguage":"pt-BR","potentialAction":[{"@type":"ReadAction","target":["https:\/\/www.correiobraziliense.com.br\/cbradar\/qual-o-masculino-de-mula\/"]}]},{"@type":"ImageObject","inLanguage":"pt-BR","@id":"https:\/\/www.correiobraziliense.com.br\/cbradar\/qual-o-masculino-de-mula\/#primaryimage","url":"https:\/\/www.correiobraziliense.com.br\/cbradar\/wp-content\/uploads\/2026\/03\/unnamed-83-2.jpg","contentUrl":"https:\/\/www.correiobraziliense.com.br\/cbradar\/wp-content\/uploads\/2026\/03\/unnamed-83-2.jpg","width":1200,"height":628,"caption":"Qual o masculino de mula"},{"@type":"BreadcrumbList","@id":"https:\/\/www.correiobraziliense.com.br\/cbradar\/qual-o-masculino-de-mula\/#breadcrumb","itemListElement":[{"@type":"ListItem","position":1,"name":"In\u00edcio","item":"https:\/\/www.correiobraziliense.com.br\/cbradar\/"},{"@type":"ListItem","position":2,"name":"Qual o masculino de mula"}]},{"@type":"WebSite","@id":"https:\/\/www.correiobraziliense.com.br\/cbradar\/#website","url":"https:\/\/www.correiobraziliense.com.br\/cbradar\/","name":"Correio Braziliense - Radar","description":"Acompanhe as \u00faltimas not\u00edcias e fique bem informado sobre tudo o que acontece no Brasil e no mundo.","potentialAction":[{"@type":"SearchAction","target":{"@type":"EntryPoint","urlTemplate":"https:\/\/www.correiobraziliense.com.br\/cbradar\/?s={search_term_string}"},"query-input":{"@type":"PropertyValueSpecification","valueRequired":true,"valueName":"search_term_string"}}],"inLanguage":"pt-BR"},{"@type":"Person","@id":"https:\/\/www.correiobraziliense.com.br\/cbradar\/#\/schema\/person\/3718880751cb9505f3c5588976f1d18d","name":"Jo\u00e3o Victor","image":{"@type":"ImageObject","inLanguage":"pt-BR","@id":"https:\/\/www.correiobraziliense.com.br\/cbradar\/#\/schema\/person\/image\/","url":"https:\/\/secure.gravatar.com\/avatar\/c70f0bc70a127808cfa0c6bd5694635c?s=96&d=mm&r=g","contentUrl":"https:\/\/secure.gravatar.com\/avatar\/c70f0bc70a127808cfa0c6bd5694635c?s=96&d=mm&r=g","caption":"Jo\u00e3o Victor"},"url":"https:\/\/www.correiobraziliense.com.br\/cbradar\/author\/joao\/"}]}},"_links":{"self":[{"href":"https:\/\/www.correiobraziliense.com.br\/cbradar\/wp-json\/wp\/v2\/posts\/210840","targetHints":{"allow":["GET"]}}],"collection":[{"href":"https:\/\/www.correiobraziliense.com.br\/cbradar\/wp-json\/wp\/v2\/posts"}],"about":[{"href":"https:\/\/www.correiobraziliense.com.br\/cbradar\/wp-json\/wp\/v2\/types\/post"}],"author":[{"embeddable":true,"href":"https:\/\/www.correiobraziliense.com.br\/cbradar\/wp-json\/wp\/v2\/users\/2"}],"replies":[{"embeddable":true,"href":"https:\/\/www.correiobraziliense.com.br\/cbradar\/wp-json\/wp\/v2\/comments?post=210840"}],"version-history":[{"count":1,"href":"https:\/\/www.correiobraziliense.com.br\/cbradar\/wp-json\/wp\/v2\/posts\/210840\/revisions"}],"predecessor-version":[{"id":210852,"href":"https:\/\/www.correiobraziliense.com.br\/cbradar\/wp-json\/wp\/v2\/posts\/210840\/revisions\/210852"}],"wp:featuredmedia":[{"embeddable":true,"href":"https:\/\/www.correiobraziliense.com.br\/cbradar\/wp-json\/wp\/v2\/media\/210844"}],"wp:attachment":[{"href":"https:\/\/www.correiobraziliense.com.br\/cbradar\/wp-json\/wp\/v2\/media?parent=210840"}],"wp:term":[{"taxonomy":"category","embeddable":true,"href":"https:\/\/www.correiobraziliense.com.br\/cbradar\/wp-json\/wp\/v2\/categories?post=210840"},{"taxonomy":"post_tag","embeddable":true,"href":"https:\/\/www.correiobraziliense.com.br\/cbradar\/wp-json\/wp\/v2\/tags?post=210840"}],"curies":[{"name":"wp","href":"https:\/\/api.w.org\/{rel}","templated":true}]}}