{"id":211020,"date":"2026-03-19T01:25:00","date_gmt":"2026-03-19T04:25:00","guid":{"rendered":"https:\/\/www.correiobraziliense.com.br\/cbradar\/?p=211020"},"modified":"2026-03-18T16:32:37","modified_gmt":"2026-03-18T19:32:37","slug":"o-suco-natural-que-ajuda-a-desinchar-e-pode-ser-feito-com-ingredientes-que-voce-ja-tem-em-casa","status":"publish","type":"post","link":"https:\/\/www.correiobraziliense.com.br\/cbradar\/o-suco-natural-que-ajuda-a-desinchar-e-pode-ser-feito-com-ingredientes-que-voce-ja-tem-em-casa\/","title":{"rendered":"O suco natural que ajuda a desinchar e pode ser feito com ingredientes que voc\u00ea j\u00e1 tem em casa"},"content":{"rendered":"\n<p>Voc\u00ea j\u00e1 acordou se sentindo <strong>\u201cestufada\u201d<\/strong>, com a barriga mais <b>inchada<\/b> e os p\u00e9s marcando a meia? Nesses momentos, muita gente busca um <strong>suco natural<\/strong> que ajuda a desinchar como um aliado simples do dia a dia. Sem f\u00f3rmulas complicadas, ele pode ser feito com frutas, ervas e legumes que quase todo mundo tem em casa, ajudando na hidrata\u00e7\u00e3o, digest\u00e3o e elimina\u00e7\u00e3o do excesso de l\u00edquidos.<\/p>\n\n\n\n<h2 class=\"wp-block-heading\">O que \u00e9 o suco natural que ajuda a desinchar e por que ele funciona<\/h2>\n\n\n\n<p>A <b>reten\u00e7\u00e3o<\/b> de l\u00edquidos costuma aparecer por causa de fatores como muito <strong>sal<\/strong> na comida, sedentarismo, altera\u00e7\u00f5es hormonais e pouca \u00e1gua ao longo do dia. O corpo passa a \u201csegurar\u201d mais l\u00edquido, causando incha\u00e7o em pernas, p\u00e9s, m\u00e3os e barriga, al\u00e9m de sensa\u00e7\u00e3o de peso e <b>desconforto<\/b>.<\/p>\n\n\n\n<p>Nesse cen\u00e1rio, o <strong>suco natural<\/strong> que ajuda a desinchar entra como um <b>apoio<\/b> simples, que pode complementar um estilo de vida mais equilibrado. Ele n\u00e3o faz milagres, mas contribui com ingredientes que hidratam, oferecem <strong>minerais<\/strong> e estimulam o funcionamento do organismo.<\/p>\n\n\n<div class=\"wp-block-image\">\n<figure class=\"aligncenter size-large\"><img decoding=\"async\" width=\"1024\" height=\"576\" src=\"https:\/\/www.correiobraziliense.com.br\/cbradar\/wp-content\/uploads\/2026\/01\/suco-verde_1768270192064-1024x576.jpg\" alt=\"\" class=\"wp-image-174257\" srcset=\"https:\/\/www.correiobraziliense.com.br\/cbradar\/wp-content\/uploads\/2026\/01\/suco-verde_1768270192064-1024x576.jpg 1024w, https:\/\/www.correiobraziliense.com.br\/cbradar\/wp-content\/uploads\/2026\/01\/suco-verde_1768270192064-300x169.jpg 300w, https:\/\/www.correiobraziliense.com.br\/cbradar\/wp-content\/uploads\/2026\/01\/suco-verde_1768270192064-768x432.jpg 768w, https:\/\/www.correiobraziliense.com.br\/cbradar\/wp-content\/uploads\/2026\/01\/suco-verde_1768270192064-750x422.jpg 750w, https:\/\/www.correiobraziliense.com.br\/cbradar\/wp-content\/uploads\/2026\/01\/suco-verde_1768270192064-1140x641.jpg 1140w, https:\/\/www.correiobraziliense.com.br\/cbradar\/wp-content\/uploads\/2026\/01\/suco-verde_1768270192064.jpg 1280w\" sizes=\"(max-width: 1024px) 100vw, 1024px\" \/><figcaption class=\"wp-element-caption\">Existem diversas op\u00e7\u00f5es de folhas amargas que podem ser adicionadas ao suco verde para auxiliar a digest\u00e3o &#8211; Cr\u00e9ditos: depositphotos.com \/ MadeleineSteinbach<\/figcaption><\/figure><\/div>\n\n\n<p>Leia tamb\u00e9m:&nbsp;<a href=\"https:\/\/www.correiobraziliense.com.br\/cbradar\/especialista-revela-receita-de-smoothie-de-frutas-vermelhas-que-fortalece-o-coracao\/\" target=\"_blank\" rel=\"noopener\">Especialista revela receita de smoothie de frutas vermelhas que fortalece o cora\u00e7\u00e3o<\/a><\/p>\n\n\n\n<h2 class=\"wp-block-heading\">Como o suco natural que ajuda a desinchar age no corpo<\/h2>\n\n\n\n<p>Esse tipo de suco atua principalmente em tr\u00eas frentes: aumenta a ingest\u00e3o de <b>\u00e1gua<\/b>, oferece minerais que ajudam a equilibrar o <strong>s\u00f3dio<\/strong> e traz compostos que favorecem circula\u00e7\u00e3o e funcionamento do sistema <b>urin\u00e1rio<\/b>. Ingredientes como abacaxi, lim\u00e3o, pepino, gengibre e salsinha s\u00e3o os queridinhos das receitas.<\/p>\n\n\n\n<p>O <strong>abacaxi<\/strong> \u00e9 rico em \u00e1gua e cont\u00e9m bromelina, que auxilia a digest\u00e3o. O pepino tem muita \u00e1gua e <b>pot\u00e1ssio<\/b>, ajudando no equil\u00edbrio de l\u00edquidos. O gengibre \u00e9 conhecido por ser termog\u00eanico e a <strong>salsinha<\/strong> \u00e9 tradicionalmente associada a leve efeito diur\u00e9tico, formando um <em>suco desintoxicante<\/em> saboroso e refrescante.<\/p>\n\n\n\n<h2 class=\"wp-block-heading\">Qual \u00e9 a receita de suco natural para desinchar com ingredientes de casa<\/h2>\n\n\n\n<p>A boa not\u00edcia \u00e9 que o <strong>suco para<\/strong> desinchar pode ser feito com o que j\u00e1 est\u00e1 na geladeira, sem ingredientes caros ou dif\u00edceis. A receita a seguir \u00e9 pr\u00e1tica, r\u00e1pida e pensada para o cotidiano, podendo ser adaptada ao seu <b>gosto<\/b> com pequenas varia\u00e7\u00f5es.<\/p>\n\n\n\n<p><strong>Receita b\u00e1sica<\/strong> de suco natural que ajuda a desinchar<\/p>\n\n\n\n<ul class=\"wp-block-list\">\n<li><b>2 fatias<\/b> m\u00e9dias de abacaxi<\/li>\n\n\n\n<li>1\/2 <strong>pepino<\/strong> com casca bem lavada<\/li>\n\n\n\n<li>Suco de 1 <b>lim\u00e3o<\/b><\/li>\n\n\n\n<li>1 colher de sopa de <strong>salsinha<\/strong> fresca<\/li>\n\n\n\n<li>1 peda\u00e7o pequeno de <b>gengibre<\/b> (cerca de 1 cm)<\/li>\n\n\n\n<li>200 a 250 ml de <strong>\u00e1gua<\/strong> gelada<\/li>\n<\/ul>\n\n\n\n<ol class=\"wp-block-list\">\n<li><b>Lavar bem<\/b> todos os ingredientes em \u00e1gua corrente.<\/li>\n\n\n\n<li>Cortar o <strong>abacaxi<\/strong> e o pepino em peda\u00e7os menores para facilitar o uso no <b>liquidificador<\/b>.<\/li>\n\n\n\n<li>Adicionar ao copo do liquidificador o abacaxi, o pepino, o gengibre, a salsinha, o suco de lim\u00e3o e a <strong>\u00e1gua<\/strong>.<\/li>\n\n\n\n<li><b>Bater bem<\/b> at\u00e9 a mistura ficar homog\u00eanea.<\/li>\n\n\n\n<li>Se necess\u00e1rio, coar levemente, embora manter as <strong>fibras<\/strong> seja interessante para o <b>intestino<\/b>.<\/li>\n<\/ol>\n\n\n\n<p>Esse suco natural <strong>desinchante<\/strong> pode ser consumido de prefer\u00eancia sem a\u00e7\u00facar. Se voc\u00ea ainda sente muita falta do doce, pode colocar um pedacinho de <b>ma\u00e7\u00e3<\/b> ou algumas gotas de ado\u00e7ante natural, sempre com modera\u00e7\u00e3o para manter a proposta <strong>saud\u00e1vel<\/strong>. Separamos esse v\u00eddeo do <a href=\"https:\/\/www.youtube.com\/@tuasaude\" target=\"_blank\" rel=\"noreferrer noopener\">Tua Sa\u00fade<\/a> mostrando mais op\u00e7\u00e3o de suco detox:<\/p>\n\n\n\n<figure class=\"wp-block-embed is-type-video is-provider-youtube wp-block-embed-youtube wp-embed-aspect-16-9 wp-has-aspect-ratio\"><div class=\"wp-block-embed__wrapper\">\n<div class=\"jeg_video_container jeg_video_content\"><iframe loading=\"lazy\" title=\"Nutricionista ensina o melhor SUCO DETOX para emagrecer e desinchar\" width=\"500\" height=\"281\" src=\"https:\/\/www.youtube.com\/embed\/T5d2xIdRQ48?feature=oembed\" frameborder=\"0\" allow=\"accelerometer; autoplay; clipboard-write; encrypted-media; gyroscope; picture-in-picture; web-share\" referrerpolicy=\"strict-origin-when-cross-origin\" allowfullscreen><\/iframe><\/div>\n<\/div><\/figure>\n\n\n\n<h2 class=\"wp-block-heading\">Quando e como consumir o suco natural que ajuda a desinchar no dia a dia<\/h2>\n\n\n\n<p>O melhor hor\u00e1rio \u00e9 aquele que encaixa na sua <strong>rotina<\/strong>, sem virar obriga\u00e7\u00e3o. Algumas pessoas preferem tomar o suco em jejum, logo cedo, para come\u00e7ar o dia hidratando o corpo; outras gostam de consumir \u00e0 tarde, no lugar de refrigerantes ou bebidas <b>industrializadas<\/b>.<\/p>\n\n\n\n<p>Para potencializar o efeito do suco para desinchar a <strong>barriga<\/strong> e o corpo todo, vale combinar a bebida com alguns cuidados simples:<\/p>\n\n\n\n<ul class=\"wp-block-list\">\n<li><strong>Hidrata\u00e7\u00e3o constante:<\/strong> beber \u00e1gua ao longo do dia ajuda o corpo a eliminar <b>l\u00edquidos<\/b>.<\/li>\n\n\n\n<li><strong>Menos sal:<\/strong> reduzir alimentos muito salgados diminui a tend\u00eancia ao <b>incha\u00e7o<\/b>.<\/li>\n\n\n\n<li><strong>Movimento di\u00e1rio:<\/strong> caminhadas leves j\u00e1 estimulam a <b>circula\u00e7\u00e3o<\/b>.<\/li>\n\n\n\n<li><strong>Variedade de ingredientes:<\/strong> alternar frutas e ervas aumenta a diversidade de <b>nutrientes<\/b>.<\/li>\n<\/ul>\n\n\n\n<figure class=\"wp-block-embed is-type-rich is-provider-pinterest wp-block-embed-pinterest\"><div class=\"wp-block-embed__wrapper\">\n<iframe loading=\"lazy\" title=\" \" src=\"https:\/\/assets.pinterest.com\/ext\/embed.html?id=5207355813043839&#038;src=oembed\" height=\"899\" width=\"450\" frameborder=\"0\" scrolling=\"no\" ><\/iframe>\n<\/div><\/figure>\n\n\n\n<h2 class=\"wp-block-heading\">O suco natural que ajuda a desinchar substitui outros cuidados<\/h2>\n\n\n\n<p>Mesmo sendo um grande <strong>aliado<\/strong>, o suco natural que ajuda a desinchar n\u00e3o substitui acompanhamento profissional, medicamentos prescritos ou exames. Se o <b>incha\u00e7o<\/b> \u00e9 intenso, vem acompanhado de dor, falta de ar, cansa\u00e7o extremo ou ganho de peso r\u00e1pido, \u00e9 essencial procurar um <strong>m\u00e9dico<\/strong>.<\/p>\n\n\n\n<p>No dia a dia, por\u00e9m, preparar um suco com abacaxi, pepino, lim\u00e3o, salsinha e gengibre \u00e9 uma forma simples de se <b>cuidar melhor<\/b>. Em poucos minutos, voc\u00ea tem uma bebida natural, refrescante e acess\u00edvel, que pode ajudar o organismo a eliminar l\u00edquidos e trazer uma sensa\u00e7\u00e3o gostosa de <strong>leveza<\/strong> ao longo do dia.<\/p>\n","protected":false},"excerpt":{"rendered":"<p>Voc\u00ea j\u00e1 acordou se sentindo \u201cestufada\u201d, com a barriga mais inchada e os p\u00e9s marcando a meia? Nesses momentos, muita gente busca um suco natural que ajuda a desinchar como um aliado simples do dia a dia. Sem f\u00f3rmulas complicadas, ele pode ser feito com frutas, ervas e legumes que quase todo mundo tem em [&hellip;]<\/p>\n","protected":false},"author":9,"featured_media":211050,"comment_status":"open","ping_status":"open","sticky":false,"template":"","format":"standard","meta":{"_yoast_wpseo_focuskw":"suco natural que ajuda a desinchar","_yoast_wpseo_title":"","_yoast_wpseo_metadesc":"Um suco simples com ingredientes comuns pode ajudar a reduzir o incha\u00e7o e melhorar a sensa\u00e7\u00e3o de leveza no dia","jnews-multi-image_gallery":[],"jnews_single_post":{"format":"standard"},"jnews_primary_category":[],"jnews_social_meta":[],"jnews_override_counter":[],"footnotes":""},"categories":[124,4404],"tags":[511,8776,16348],"class_list":["post-211020","post","type-post","status-publish","format-standard","has-post-thumbnail","hentry","category-beleza","category-saude","tag-receita","tag-suco","tag-suco-natural"],"yoast_head":"<!-- This site is optimized with the Yoast SEO plugin v24.6 - https:\/\/yoast.com\/wordpress\/plugins\/seo\/ -->\n<title>O suco natural que ajuda a desinchar e pode ser feito com ingredientes que voc\u00ea j\u00e1 tem em casa - Correio Braziliense - Radar<\/title>\n<meta name=\"description\" content=\"Um suco simples com ingredientes comuns pode ajudar a reduzir o incha\u00e7o e melhorar a sensa\u00e7\u00e3o de leveza no dia\" \/>\n<meta name=\"robots\" content=\"index, follow, max-snippet:-1, max-image-preview:large, max-video-preview:-1\" \/>\n<link rel=\"canonical\" href=\"https:\/\/www.correiobraziliense.com.br\/cbradar\/o-suco-natural-que-ajuda-a-desinchar-e-pode-ser-feito-com-ingredientes-que-voce-ja-tem-em-casa\/\" \/>\n<meta property=\"og:locale\" content=\"pt_BR\" \/>\n<meta property=\"og:type\" content=\"article\" \/>\n<meta property=\"og:title\" content=\"O suco natural que ajuda a desinchar e pode ser feito com ingredientes que voc\u00ea j\u00e1 tem em casa - Correio Braziliense - Radar\" \/>\n<meta property=\"og:description\" content=\"Um suco simples com ingredientes comuns pode ajudar a reduzir o incha\u00e7o e melhorar a sensa\u00e7\u00e3o de leveza no dia\" \/>\n<meta property=\"og:url\" content=\"https:\/\/www.correiobraziliense.com.br\/cbradar\/o-suco-natural-que-ajuda-a-desinchar-e-pode-ser-feito-com-ingredientes-que-voce-ja-tem-em-casa\/\" \/>\n<meta property=\"og:site_name\" content=\"Correio Braziliense - Radar\" \/>\n<meta property=\"article:published_time\" content=\"2026-03-19T04:25:00+00:00\" \/>\n<meta property=\"og:image\" content=\"https:\/\/www.correiobraziliense.com.br\/cbradar\/wp-content\/uploads\/2026\/03\/suco-de-abacaxi_1773856666128.jpg\" \/>\n\t<meta property=\"og:image:width\" content=\"1280\" \/>\n\t<meta property=\"og:image:height\" content=\"720\" \/>\n\t<meta property=\"og:image:type\" content=\"image\/jpeg\" \/>\n<meta name=\"author\" content=\"Daniely Cardoso\" \/>\n<meta name=\"twitter:card\" content=\"summary_large_image\" \/>\n<meta name=\"twitter:label1\" content=\"Escrito por\" \/>\n\t<meta name=\"twitter:data1\" content=\"Daniely Cardoso\" \/>\n\t<meta name=\"twitter:label2\" content=\"Est. tempo de leitura\" \/>\n\t<meta name=\"twitter:data2\" content=\"5 minutos\" \/>\n<!-- \/ Yoast SEO plugin. -->","yoast_head_json":{"title":"O suco natural que ajuda a desinchar e pode ser feito com ingredientes que voc\u00ea j\u00e1 tem em casa - Correio Braziliense - Radar","description":"Um suco simples com ingredientes comuns pode ajudar a reduzir o incha\u00e7o e melhorar a sensa\u00e7\u00e3o de leveza no dia","robots":{"index":"index","follow":"follow","max-snippet":"max-snippet:-1","max-image-preview":"max-image-preview:large","max-video-preview":"max-video-preview:-1"},"canonical":"https:\/\/www.correiobraziliense.com.br\/cbradar\/o-suco-natural-que-ajuda-a-desinchar-e-pode-ser-feito-com-ingredientes-que-voce-ja-tem-em-casa\/","og_locale":"pt_BR","og_type":"article","og_title":"O suco natural que ajuda a desinchar e pode ser feito com ingredientes que voc\u00ea j\u00e1 tem em casa - Correio Braziliense - Radar","og_description":"Um suco simples com ingredientes comuns pode ajudar a reduzir o incha\u00e7o e melhorar a sensa\u00e7\u00e3o de leveza no dia","og_url":"https:\/\/www.correiobraziliense.com.br\/cbradar\/o-suco-natural-que-ajuda-a-desinchar-e-pode-ser-feito-com-ingredientes-que-voce-ja-tem-em-casa\/","og_site_name":"Correio Braziliense - Radar","article_published_time":"2026-03-19T04:25:00+00:00","og_image":[{"width":1280,"height":720,"url":"https:\/\/www.correiobraziliense.com.br\/cbradar\/wp-content\/uploads\/2026\/03\/suco-de-abacaxi_1773856666128.jpg","type":"image\/jpeg"}],"author":"Daniely Cardoso","twitter_card":"summary_large_image","twitter_misc":{"Escrito por":"Daniely Cardoso","Est. tempo de leitura":"5 minutos"},"schema":{"@context":"https:\/\/schema.org","@graph":[{"@type":"WebPage","@id":"https:\/\/www.correiobraziliense.com.br\/cbradar\/o-suco-natural-que-ajuda-a-desinchar-e-pode-ser-feito-com-ingredientes-que-voce-ja-tem-em-casa\/","url":"https:\/\/www.correiobraziliense.com.br\/cbradar\/o-suco-natural-que-ajuda-a-desinchar-e-pode-ser-feito-com-ingredientes-que-voce-ja-tem-em-casa\/","name":"O suco natural que ajuda a desinchar e pode ser feito com ingredientes que voc\u00ea j\u00e1 tem em casa - Correio Braziliense - Radar","isPartOf":{"@id":"https:\/\/www.correiobraziliense.com.br\/cbradar\/#website"},"primaryImageOfPage":{"@id":"https:\/\/www.correiobraziliense.com.br\/cbradar\/o-suco-natural-que-ajuda-a-desinchar-e-pode-ser-feito-com-ingredientes-que-voce-ja-tem-em-casa\/#primaryimage"},"image":{"@id":"https:\/\/www.correiobraziliense.com.br\/cbradar\/o-suco-natural-que-ajuda-a-desinchar-e-pode-ser-feito-com-ingredientes-que-voce-ja-tem-em-casa\/#primaryimage"},"thumbnailUrl":"https:\/\/www.correiobraziliense.com.br\/cbradar\/wp-content\/uploads\/2026\/03\/suco-de-abacaxi_1773856666128.jpg","datePublished":"2026-03-19T04:25:00+00:00","author":{"@id":"https:\/\/www.correiobraziliense.com.br\/cbradar\/#\/schema\/person\/7356666e12ec0ee53f348ee5db227032"},"description":"Um suco simples com ingredientes comuns pode ajudar a reduzir o incha\u00e7o e melhorar a sensa\u00e7\u00e3o de leveza no dia","breadcrumb":{"@id":"https:\/\/www.correiobraziliense.com.br\/cbradar\/o-suco-natural-que-ajuda-a-desinchar-e-pode-ser-feito-com-ingredientes-que-voce-ja-tem-em-casa\/#breadcrumb"},"inLanguage":"pt-BR","potentialAction":[{"@type":"ReadAction","target":["https:\/\/www.correiobraziliense.com.br\/cbradar\/o-suco-natural-que-ajuda-a-desinchar-e-pode-ser-feito-com-ingredientes-que-voce-ja-tem-em-casa\/"]}]},{"@type":"ImageObject","inLanguage":"pt-BR","@id":"https:\/\/www.correiobraziliense.com.br\/cbradar\/o-suco-natural-que-ajuda-a-desinchar-e-pode-ser-feito-com-ingredientes-que-voce-ja-tem-em-casa\/#primaryimage","url":"https:\/\/www.correiobraziliense.com.br\/cbradar\/wp-content\/uploads\/2026\/03\/suco-de-abacaxi_1773856666128.jpg","contentUrl":"https:\/\/www.correiobraziliense.com.br\/cbradar\/wp-content\/uploads\/2026\/03\/suco-de-abacaxi_1773856666128.jpg","width":1280,"height":720,"caption":"A reten\u00e7\u00e3o de l\u00edquidos costuma aparecer por causa de fatores como muito sal na comida - Cr\u00e9ditos: depositphotos.com \/ oilslo"},{"@type":"BreadcrumbList","@id":"https:\/\/www.correiobraziliense.com.br\/cbradar\/o-suco-natural-que-ajuda-a-desinchar-e-pode-ser-feito-com-ingredientes-que-voce-ja-tem-em-casa\/#breadcrumb","itemListElement":[{"@type":"ListItem","position":1,"name":"In\u00edcio","item":"https:\/\/www.correiobraziliense.com.br\/cbradar\/"},{"@type":"ListItem","position":2,"name":"O suco natural que ajuda a desinchar e pode ser feito com ingredientes que voc\u00ea j\u00e1 tem em casa"}]},{"@type":"WebSite","@id":"https:\/\/www.correiobraziliense.com.br\/cbradar\/#website","url":"https:\/\/www.correiobraziliense.com.br\/cbradar\/","name":"Correio Braziliense - Radar","description":"Acompanhe as \u00faltimas not\u00edcias e fique bem informado sobre tudo o que acontece no Brasil e no mundo.","potentialAction":[{"@type":"SearchAction","target":{"@type":"EntryPoint","urlTemplate":"https:\/\/www.correiobraziliense.com.br\/cbradar\/?s={search_term_string}"},"query-input":{"@type":"PropertyValueSpecification","valueRequired":true,"valueName":"search_term_string"}}],"inLanguage":"pt-BR"},{"@type":"Person","@id":"https:\/\/www.correiobraziliense.com.br\/cbradar\/#\/schema\/person\/7356666e12ec0ee53f348ee5db227032","name":"Daniely Cardoso","image":{"@type":"ImageObject","inLanguage":"pt-BR","@id":"https:\/\/www.correiobraziliense.com.br\/cbradar\/#\/schema\/person\/image\/","url":"https:\/\/secure.gravatar.com\/avatar\/4b80ddbd124d1f071b626d52d62e5dff?s=96&d=mm&r=g","contentUrl":"https:\/\/secure.gravatar.com\/avatar\/4b80ddbd124d1f071b626d52d62e5dff?s=96&d=mm&r=g","caption":"Daniely Cardoso"},"description":"Redatora nos portais CB Radar e EM Foco, formada pela Universidade Federal de Goi\u00e1s, em Goi\u00e2nia. Apaixonada por comunica\u00e7\u00e3o, arte, decora\u00e7\u00e3o e tend\u00eancias, atuo na produ\u00e7\u00e3o de conte\u00fados envolventes sobre curiosidades, moda, beleza e paisagismo, sempre com um olhar atento \u00e0s novidades do momento.","sameAs":["https:\/\/www.correiobraziliense.com.br\/cbradar"],"url":"https:\/\/www.correiobraziliense.com.br\/cbradar\/author\/danielymyth\/"}]}},"_links":{"self":[{"href":"https:\/\/www.correiobraziliense.com.br\/cbradar\/wp-json\/wp\/v2\/posts\/211020","targetHints":{"allow":["GET"]}}],"collection":[{"href":"https:\/\/www.correiobraziliense.com.br\/cbradar\/wp-json\/wp\/v2\/posts"}],"about":[{"href":"https:\/\/www.correiobraziliense.com.br\/cbradar\/wp-json\/wp\/v2\/types\/post"}],"author":[{"embeddable":true,"href":"https:\/\/www.correiobraziliense.com.br\/cbradar\/wp-json\/wp\/v2\/users\/9"}],"replies":[{"embeddable":true,"href":"https:\/\/www.correiobraziliense.com.br\/cbradar\/wp-json\/wp\/v2\/comments?post=211020"}],"version-history":[{"count":2,"href":"https:\/\/www.correiobraziliense.com.br\/cbradar\/wp-json\/wp\/v2\/posts\/211020\/revisions"}],"predecessor-version":[{"id":211051,"href":"https:\/\/www.correiobraziliense.com.br\/cbradar\/wp-json\/wp\/v2\/posts\/211020\/revisions\/211051"}],"wp:featuredmedia":[{"embeddable":true,"href":"https:\/\/www.correiobraziliense.com.br\/cbradar\/wp-json\/wp\/v2\/media\/211050"}],"wp:attachment":[{"href":"https:\/\/www.correiobraziliense.com.br\/cbradar\/wp-json\/wp\/v2\/media?parent=211020"}],"wp:term":[{"taxonomy":"category","embeddable":true,"href":"https:\/\/www.correiobraziliense.com.br\/cbradar\/wp-json\/wp\/v2\/categories?post=211020"},{"taxonomy":"post_tag","embeddable":true,"href":"https:\/\/www.correiobraziliense.com.br\/cbradar\/wp-json\/wp\/v2\/tags?post=211020"}],"curies":[{"name":"wp","href":"https:\/\/api.w.org\/{rel}","templated":true}]}}