{"id":21116,"date":"2025-04-10T13:30:00","date_gmt":"2025-04-10T16:30:00","guid":{"rendered":"https:\/\/www.correiobraziliense.com.br\/cbradar\/?p=21116"},"modified":"2025-04-09T17:23:25","modified_gmt":"2025-04-09T20:23:25","slug":"aprenda-a-plantar-anis-estrelado-e-tenha-essa-especiaria-em-casa","status":"publish","type":"post","link":"https:\/\/www.correiobraziliense.com.br\/cbradar\/aprenda-a-plantar-anis-estrelado-e-tenha-essa-especiaria-em-casa\/","title":{"rendered":"Aprenda a plantar anis-estrelado e tenha essa especiaria em casa"},"content":{"rendered":"\n<p>O anis-estrelado \u00e9 uma especiaria de formato \u00fanico, semelhante a uma estrela, origin\u00e1ria da China. Com um aroma caracter\u00edstico, essa planta tem sido amplamente utilizada na culin\u00e1ria e na medicina tradicional. Sua popularidade se expandiu globalmente, tornando-se um ingrediente essencial em diversas culturas.<\/p>\n\n\n\n<p>Al\u00e9m de seu uso culin\u00e1rio, o anis-estrelado \u00e9 valorizado por suas propriedades medicinais. Ele \u00e9 frequentemente empregado no tratamento de problemas digestivos e respirat\u00f3rios, gra\u00e7as aos seus compostos ativos que oferecem benef\u00edcios \u00e0 sa\u00fade.<\/p>\n\n\n\n<h2 class=\"wp-block-heading\">Como cultivar anis-estrelado?<\/h2>\n\n\n\n<p>O <a href=\"https:\/\/www.correiobraziliense.com.br\/cbradar\/passo-a-passo-para-plantar-baunilha-e-lucrar-com-o-cultivo\/\" target=\"_blank\" rel=\"noreferrer noopener\">cultivo do anis-estrelado<\/a>, cientificamente conhecido como\u00a0<em>Illicium verum<\/em>, \u00e9 relativamente simples. A planta pode ser cultivada tanto em jardins quanto em vasos, utilizando sementes ou estacas vegetativas. O solo ideal deve ser leve, bem drenado e rico em mat\u00e9ria org\u00e2nica, preferencialmente com textura areno-argilosa.<\/p>\n\n\n\n<p>Para um crescimento saud\u00e1vel, \u00e9 importante evitar solos que retenham muita \u00e1gua ou que sejam excessivamente arenosos. O anis-estrelado pode atingir at\u00e9 18 metros de altura, por isso, recomenda-se o plantio no solo com espa\u00e7amento adequado. No entanto, com podas regulares, \u00e9 poss\u00edvel cultiv\u00e1-lo em vasos dentro de casa, desde que receba luz solar direta.<\/p>\n\n\n\n<figure class=\"wp-block-image size-large\"><img decoding=\"async\" width=\"1024\" height=\"576\" src=\"https:\/\/www.correiobraziliense.com.br\/cbradar\/wp-content\/uploads\/2025\/04\/Anis-Estrelado_1744197189175-1024x576.jpg\" alt=\"Aprenda a plantar anis-estrelado e tenha essa especiaria em casa\" class=\"wp-image-21118\" srcset=\"https:\/\/www.correiobraziliense.com.br\/cbradar\/wp-content\/uploads\/2025\/04\/Anis-Estrelado_1744197189175-1024x576.jpg 1024w, https:\/\/www.correiobraziliense.com.br\/cbradar\/wp-content\/uploads\/2025\/04\/Anis-Estrelado_1744197189175-300x169.jpg 300w, https:\/\/www.correiobraziliense.com.br\/cbradar\/wp-content\/uploads\/2025\/04\/Anis-Estrelado_1744197189175-768x432.jpg 768w, https:\/\/www.correiobraziliense.com.br\/cbradar\/wp-content\/uploads\/2025\/04\/Anis-Estrelado_1744197189175-750x422.jpg 750w, https:\/\/www.correiobraziliense.com.br\/cbradar\/wp-content\/uploads\/2025\/04\/Anis-Estrelado_1744197189175-1140x641.jpg 1140w, https:\/\/www.correiobraziliense.com.br\/cbradar\/wp-content\/uploads\/2025\/04\/Anis-Estrelado_1744197189175.jpg 1280w\" sizes=\"(max-width: 1024px) 100vw, 1024px\" \/><figcaption class=\"wp-element-caption\">Anis-estrelado. Cr\u00e9ditos: depositphotos.com \/ luigi58<\/figcaption><\/figure>\n\n\n\n<h2 class=\"wp-block-heading\">Qual \u00e9 o clima ideal para o anis-estrelado?<\/h2>\n\n\n\n<p>Origin\u00e1rio da \u00c1sia, o anis-estrelado adapta-se bem a climas tropicais e subtropicais. No Brasil, ele prospera em regi\u00f5es que oferecem uma boa quantidade de luz solar, essencial para seu desenvolvimento. O plantio pode ser realizado em qualquer \u00e9poca do ano, desde que a temperatura do solo esteja acima de 15\u00baC, sendo a primavera a esta\u00e7\u00e3o mais indicada.<\/p>\n\n\n\n<h2 class=\"wp-block-heading\">Quais s\u00e3o os benef\u00edcios do anis-estrelado para a sa\u00fade?<\/h2>\n\n\n\n<p>O anis-estrelado \u00e9 conhecido por suas propriedades digestivas, antiflatulentas, diur\u00e9ticas e anti-inflamat\u00f3rias. Seus \u00f3leos essenciais e flavonoides atuam na musculatura lisa do trato gastrointestinal e respirat\u00f3rio, ajudando na elimina\u00e7\u00e3o de gases e aliviando c\u00f3licas intestinais.<\/p>\n\n\n\n<p>No entanto, seu consumo deve ser moderado. Mulheres gr\u00e1vidas, lactantes e pessoas com condi\u00e7\u00f5es de sa\u00fade espec\u00edficas devem evitar o uso excessivo. A dosagem recomendada para infus\u00f5es \u00e9 de 0,5 a 2 gramas por litro de \u00e1gua, o que equivale a duas estrelas.<\/p>\n\n\n\n<h2 class=\"wp-block-heading\">Como o anis-estrelado \u00e9 utilizado na culin\u00e1ria?<\/h2>\n\n\n\n<p>Na gastronomia, o anis-estrelado \u00e9 um ingrediente vers\u00e1til que adiciona um toque sofisticado a pratos doces e salgados. No Brasil, \u00e9 comum em caldas para pudim, rabanada e manjar branco. Tamb\u00e9m \u00e9 utilizado em marinadas de carnes e pratos de cozimento longo.<\/p>\n\n\n\n<p>Al\u00e9m de alimentos, o anis-estrelado pode ser incorporado em bebidas como vinhos quentes, ch\u00e1s e drinks, enriquecendo o sabor com seu aroma \u00fanico. \u00c9 importante adicionar a especiaria no in\u00edcio da prepara\u00e7\u00e3o para que libere seu sabor gradualmente.<\/p>\n","protected":false},"excerpt":{"rendered":"<p>Descubra o anis-estrelado, uma especiaria \u00fanica com usos culin\u00e1rios e medicinais. Aprenda sobre seu cultivo.<\/p>\n","protected":false},"author":3,"featured_media":21117,"comment_status":"open","ping_status":"open","sticky":false,"template":"","format":"standard","meta":{"_yoast_wpseo_focuskw":"como plantar anis-estrelado","_yoast_wpseo_title":"%%title%%","_yoast_wpseo_metadesc":"Descubra o anis-estrelado, uma especiaria \u00fanica com usos culin\u00e1rios e medicinais. Aprenda sobre seu cultivo.","jnews-multi-image_gallery":[],"jnews_single_post":{"format":"standard"},"jnews_primary_category":[],"jnews_social_meta":[],"jnews_override_counter":[],"footnotes":""},"categories":[136],"post_tag":[2636,137],"class_list":["post-21116","post","type-post","status-publish","format-standard","has-post-thumbnail","hentry","category-jardinagem","tag-anis-estrelado","tag-como-plantar"],"yoast_head":"<!-- This site is optimized with the Yoast SEO plugin v24.6 - https:\/\/yoast.com\/wordpress\/plugins\/seo\/ -->\n<title>Aprenda a plantar anis-estrelado e tenha essa especiaria em casa<\/title>\n<meta name=\"description\" content=\"Descubra o anis-estrelado, uma especiaria \u00fanica com usos culin\u00e1rios e medicinais. Aprenda sobre seu cultivo.\" \/>\n<meta name=\"robots\" content=\"index, follow, max-snippet:-1, max-image-preview:large, max-video-preview:-1\" \/>\n<link rel=\"canonical\" href=\"https:\/\/www.correiobraziliense.com.br\/cbradar\/aprenda-a-plantar-anis-estrelado-e-tenha-essa-especiaria-em-casa\/\" \/>\n<meta property=\"og:locale\" content=\"pt_BR\" \/>\n<meta property=\"og:type\" content=\"article\" \/>\n<meta property=\"og:title\" content=\"Aprenda a plantar anis-estrelado e tenha essa especiaria em casa\" \/>\n<meta property=\"og:description\" content=\"Descubra o anis-estrelado, uma especiaria \u00fanica com usos culin\u00e1rios e medicinais. Aprenda sobre seu cultivo.\" \/>\n<meta property=\"og:url\" content=\"https:\/\/www.correiobraziliense.com.br\/cbradar\/aprenda-a-plantar-anis-estrelado-e-tenha-essa-especiaria-em-casa\/\" \/>\n<meta property=\"og:site_name\" content=\"Correio Braziliense - Radar\" \/>\n<meta property=\"article:published_time\" content=\"2025-04-10T16:30:00+00:00\" \/>\n<meta property=\"og:image\" content=\"https:\/\/www.correiobraziliense.com.br\/cbradar\/wp-content\/uploads\/2025\/04\/Anis-Estrelado_1744197117557.jpg\" \/>\n\t<meta property=\"og:image:width\" content=\"1280\" \/>\n\t<meta property=\"og:image:height\" content=\"720\" \/>\n\t<meta property=\"og:image:type\" content=\"image\/jpeg\" \/>\n<meta name=\"author\" content=\"Larissa Carvalho\" \/>\n<meta name=\"twitter:card\" content=\"summary_large_image\" \/>\n<meta name=\"twitter:label1\" content=\"Escrito por\" \/>\n\t<meta name=\"twitter:data1\" content=\"Larissa Carvalho\" \/>\n\t<meta name=\"twitter:label2\" content=\"Est. tempo de leitura\" \/>\n\t<meta name=\"twitter:data2\" content=\"3 minutos\" \/>\n<!-- \/ Yoast SEO plugin. -->","yoast_head_json":{"title":"Aprenda a plantar anis-estrelado e tenha essa especiaria em casa","description":"Descubra o anis-estrelado, uma especiaria \u00fanica com usos culin\u00e1rios e medicinais. Aprenda sobre seu cultivo.","robots":{"index":"index","follow":"follow","max-snippet":"max-snippet:-1","max-image-preview":"max-image-preview:large","max-video-preview":"max-video-preview:-1"},"canonical":"https:\/\/www.correiobraziliense.com.br\/cbradar\/aprenda-a-plantar-anis-estrelado-e-tenha-essa-especiaria-em-casa\/","og_locale":"pt_BR","og_type":"article","og_title":"Aprenda a plantar anis-estrelado e tenha essa especiaria em casa","og_description":"Descubra o anis-estrelado, uma especiaria \u00fanica com usos culin\u00e1rios e medicinais. Aprenda sobre seu cultivo.","og_url":"https:\/\/www.correiobraziliense.com.br\/cbradar\/aprenda-a-plantar-anis-estrelado-e-tenha-essa-especiaria-em-casa\/","og_site_name":"Correio Braziliense - Radar","article_published_time":"2025-04-10T16:30:00+00:00","og_image":[{"width":1280,"height":720,"url":"https:\/\/www.correiobraziliense.com.br\/cbradar\/wp-content\/uploads\/2025\/04\/Anis-Estrelado_1744197117557.jpg","type":"image\/jpeg"}],"author":"Larissa Carvalho","twitter_card":"summary_large_image","twitter_misc":{"Escrito por":"Larissa Carvalho","Est. tempo de leitura":"3 minutos"},"schema":{"@context":"https:\/\/schema.org","@graph":[{"@type":"WebPage","@id":"https:\/\/www.correiobraziliense.com.br\/cbradar\/aprenda-a-plantar-anis-estrelado-e-tenha-essa-especiaria-em-casa\/","url":"https:\/\/www.correiobraziliense.com.br\/cbradar\/aprenda-a-plantar-anis-estrelado-e-tenha-essa-especiaria-em-casa\/","name":"Aprenda a plantar anis-estrelado e tenha essa especiaria em casa","isPartOf":{"@id":"https:\/\/www.correiobraziliense.com.br\/cbradar\/#website"},"primaryImageOfPage":{"@id":"https:\/\/www.correiobraziliense.com.br\/cbradar\/aprenda-a-plantar-anis-estrelado-e-tenha-essa-especiaria-em-casa\/#primaryimage"},"image":{"@id":"https:\/\/www.correiobraziliense.com.br\/cbradar\/aprenda-a-plantar-anis-estrelado-e-tenha-essa-especiaria-em-casa\/#primaryimage"},"thumbnailUrl":"https:\/\/www.correiobraziliense.com.br\/cbradar\/wp-content\/uploads\/2025\/04\/Anis-Estrelado_1744197117557.jpg","datePublished":"2025-04-10T16:30:00+00:00","author":{"@id":"https:\/\/www.correiobraziliense.com.br\/cbradar\/#\/schema\/person\/58422787644df994b53a19d3e56c1513"},"description":"Descubra o anis-estrelado, uma especiaria \u00fanica com usos culin\u00e1rios e medicinais. Aprenda sobre seu cultivo.","breadcrumb":{"@id":"https:\/\/www.correiobraziliense.com.br\/cbradar\/aprenda-a-plantar-anis-estrelado-e-tenha-essa-especiaria-em-casa\/#breadcrumb"},"inLanguage":"pt-BR","potentialAction":[{"@type":"ReadAction","target":["https:\/\/www.correiobraziliense.com.br\/cbradar\/aprenda-a-plantar-anis-estrelado-e-tenha-essa-especiaria-em-casa\/"]}]},{"@type":"ImageObject","inLanguage":"pt-BR","@id":"https:\/\/www.correiobraziliense.com.br\/cbradar\/aprenda-a-plantar-anis-estrelado-e-tenha-essa-especiaria-em-casa\/#primaryimage","url":"https:\/\/www.correiobraziliense.com.br\/cbradar\/wp-content\/uploads\/2025\/04\/Anis-Estrelado_1744197117557.jpg","contentUrl":"https:\/\/www.correiobraziliense.com.br\/cbradar\/wp-content\/uploads\/2025\/04\/Anis-Estrelado_1744197117557.jpg","width":1280,"height":720,"caption":"Anis-Estrelado. Cr\u00e9ditos: depositphotos.com \/ gioiak2"},{"@type":"BreadcrumbList","@id":"https:\/\/www.correiobraziliense.com.br\/cbradar\/aprenda-a-plantar-anis-estrelado-e-tenha-essa-especiaria-em-casa\/#breadcrumb","itemListElement":[{"@type":"ListItem","position":1,"name":"In\u00edcio","item":"https:\/\/www.correiobraziliense.com.br\/cbradar\/"},{"@type":"ListItem","position":2,"name":"Aprenda a plantar anis-estrelado e tenha essa especiaria em casa"}]},{"@type":"WebSite","@id":"https:\/\/www.correiobraziliense.com.br\/cbradar\/#website","url":"https:\/\/www.correiobraziliense.com.br\/cbradar\/","name":"Correio Braziliense - Radar","description":"Acompanhe as \u00faltimas not\u00edcias e fique bem informado sobre tudo o que acontece no Brasil e no mundo.","potentialAction":[{"@type":"SearchAction","target":{"@type":"EntryPoint","urlTemplate":"https:\/\/www.correiobraziliense.com.br\/cbradar\/?s={search_term_string}"},"query-input":{"@type":"PropertyValueSpecification","valueRequired":true,"valueName":"search_term_string"}}],"inLanguage":"pt-BR"},{"@type":"Person","@id":"https:\/\/www.correiobraziliense.com.br\/cbradar\/#\/schema\/person\/58422787644df994b53a19d3e56c1513","name":"Larissa Carvalho","image":{"@type":"ImageObject","inLanguage":"pt-BR","@id":"https:\/\/www.correiobraziliense.com.br\/cbradar\/#\/schema\/person\/image\/","url":"https:\/\/secure.gravatar.com\/avatar\/fe4f91a0de32b52a838d0d612abdc1aa?s=96&d=mm&r=g","contentUrl":"https:\/\/secure.gravatar.com\/avatar\/fe4f91a0de32b52a838d0d612abdc1aa?s=96&d=mm&r=g","caption":"Larissa Carvalho"},"url":"https:\/\/www.correiobraziliense.com.br\/cbradar\/author\/larissamyth\/"}]}},"_links":{"self":[{"href":"https:\/\/www.correiobraziliense.com.br\/cbradar\/wp-json\/wp\/v2\/posts\/21116","targetHints":{"allow":["GET"]}}],"collection":[{"href":"https:\/\/www.correiobraziliense.com.br\/cbradar\/wp-json\/wp\/v2\/posts"}],"about":[{"href":"https:\/\/www.correiobraziliense.com.br\/cbradar\/wp-json\/wp\/v2\/types\/post"}],"author":[{"embeddable":true,"href":"https:\/\/www.correiobraziliense.com.br\/cbradar\/wp-json\/wp\/v2\/users\/3"}],"replies":[{"embeddable":true,"href":"https:\/\/www.correiobraziliense.com.br\/cbradar\/wp-json\/wp\/v2\/comments?post=21116"}],"version-history":[{"count":1,"href":"https:\/\/www.correiobraziliense.com.br\/cbradar\/wp-json\/wp\/v2\/posts\/21116\/revisions"}],"predecessor-version":[{"id":21119,"href":"https:\/\/www.correiobraziliense.com.br\/cbradar\/wp-json\/wp\/v2\/posts\/21116\/revisions\/21119"}],"wp:featuredmedia":[{"embeddable":true,"href":"https:\/\/www.correiobraziliense.com.br\/cbradar\/wp-json\/wp\/v2\/media\/21117"}],"wp:attachment":[{"href":"https:\/\/www.correiobraziliense.com.br\/cbradar\/wp-json\/wp\/v2\/media?parent=21116"}],"wp:term":[{"taxonomy":"category","embeddable":true,"href":"https:\/\/www.correiobraziliense.com.br\/cbradar\/wp-json\/wp\/v2\/categories?post=21116"},{"taxonomy":"post_tag","embeddable":true,"href":"https:\/\/www.correiobraziliense.com.br\/cbradar\/wp-json\/wp\/v2\/post_tag?post=21116"}],"curies":[{"name":"wp","href":"https:\/\/api.w.org\/{rel}","templated":true}]}}