{"id":21120,"date":"2025-04-10T20:30:00","date_gmt":"2025-04-10T23:30:00","guid":{"rendered":"https:\/\/www.correiobraziliense.com.br\/cbradar\/?p=21120"},"modified":"2025-04-09T17:21:03","modified_gmt":"2025-04-09T20:21:03","slug":"saiba-como-plantar-hortela-em-casa-e-tenha-uma-horta-fresca","status":"publish","type":"post","link":"https:\/\/www.correiobraziliense.com.br\/cbradar\/saiba-como-plantar-hortela-em-casa-e-tenha-uma-horta-fresca\/","title":{"rendered":"Saiba como plantar hortel\u00e3 em casa e tenha uma horta fresca"},"content":{"rendered":"\n<p>A hortel\u00e3 \u00e9 uma planta vers\u00e1til, amplamente reconhecida por seu aroma refrescante e sabor marcante. Popular tanto na culin\u00e1ria quanto na medicina tradicional, essa erva \u00e9 uma escolha excelente para quem deseja cultivar plantas em casa. Origin\u00e1ria de regi\u00f5es temperadas, a hortel\u00e3 foi introduzida no Brasil por imigrantes japoneses e rapidamente se adaptou ao clima local.<\/p>\n\n\n\n<p>Al\u00e9m de ser uma planta de f\u00e1cil cultivo, a hortel\u00e3 pode ser plantada em diversos recipientes, incluindo garrafas PET, o que a torna ideal para ambientes urbanos com espa\u00e7o limitado. Este artigo explora as <a href=\"https:\/\/www.correiobraziliense.com.br\/cbradar\/como-plantar-lavanda-em-vaso-e-perfumar-a-casa-naturalmente\/\" target=\"_blank\" rel=\"noreferrer noopener\">melhores pr\u00e1ticas para o cultivo<\/a> da hortel\u00e3, desde a escolha do recipiente at\u00e9 os cuidados di\u00e1rios necess\u00e1rios para garantir uma planta saud\u00e1vel e produtiva.<\/p>\n\n\n\n<h2 class=\"wp-block-heading\">Como plantar hortel\u00e3 em garrafa PET?<\/h2>\n\n\n\n<p>Para iniciar o cultivo da hortel\u00e3 em garrafa PET, \u00e9 importante escolher um recipiente adequado. Recomenda-se cortar a garrafa a uma altura de 30 cent\u00edmetros e perfurar a parte inferior para facilitar a drenagem. Ap\u00f3s preparar o recipiente, adicione terra vegetal, deixando cerca de tr\u00eas dedos de espa\u00e7o antes de chegar \u00e0 borda da garrafa.<\/p>\n\n\n\n<p>O plantio pode ser feito utilizando uma muda j\u00e1 pronta ou um ramo de uma planta existente. No caso de optar por um ramo, escolha um com aproximadamente 15 cent\u00edmetros de comprimento e cerca de quatro folhas. \u00c9 importante fazer tr\u00eas n\u00f3s no ramo, pois essa \u00e9 a parte que deve ser enterrada para enraizar adequadamente.<\/p>\n\n\n\n<figure class=\"wp-block-image size-large\"><img decoding=\"async\" width=\"1024\" height=\"576\" src=\"https:\/\/www.correiobraziliense.com.br\/cbradar\/wp-content\/uploads\/2025\/04\/hortela_1744197317886-1024x576.jpg\" alt=\"Saiba como plantar hortel\u00e3 em casa e tenha uma horta fresca\" class=\"wp-image-21122\" srcset=\"https:\/\/www.correiobraziliense.com.br\/cbradar\/wp-content\/uploads\/2025\/04\/hortela_1744197317886-1024x576.jpg 1024w, https:\/\/www.correiobraziliense.com.br\/cbradar\/wp-content\/uploads\/2025\/04\/hortela_1744197317886-300x169.jpg 300w, https:\/\/www.correiobraziliense.com.br\/cbradar\/wp-content\/uploads\/2025\/04\/hortela_1744197317886-768x432.jpg 768w, https:\/\/www.correiobraziliense.com.br\/cbradar\/wp-content\/uploads\/2025\/04\/hortela_1744197317886-750x422.jpg 750w, https:\/\/www.correiobraziliense.com.br\/cbradar\/wp-content\/uploads\/2025\/04\/hortela_1744197317886-1140x641.jpg 1140w, https:\/\/www.correiobraziliense.com.br\/cbradar\/wp-content\/uploads\/2025\/04\/hortela_1744197317886.jpg 1280w\" sizes=\"(max-width: 1024px) 100vw, 1024px\" \/><figcaption class=\"wp-element-caption\">Hortel\u00e3. Cr\u00e9ditos: depositphotos.com \/ anskuw<\/figcaption><\/figure>\n\n\n\n<h2 class=\"wp-block-heading\">Hortel\u00e3 precisa de luz solar?<\/h2>\n\n\n\n<p>Sim, a hortel\u00e3 necessita de luz solar para se desenvolver corretamente. O ideal \u00e9 posicionar o recipiente em um local bem iluminado. A falta de luz pode fazer com que a planta cres\u00e7a verticalmente, resultando em uma hortel\u00e3 alta e com poucas folhas. Portanto, garantir que a planta receba luz solar suficiente \u00e9 crucial para seu crescimento saud\u00e1vel.<\/p>\n\n\n\n<h2 class=\"wp-block-heading\">Quais s\u00e3o os cuidados com a irriga\u00e7\u00e3o?<\/h2>\n\n\n\n<p>A hortel\u00e3 tamb\u00e9m precisa de uma quantidade adequada de \u00e1gua para prosperar. A frequ\u00eancia de irriga\u00e7\u00e3o pode variar de acordo com o clima da regi\u00e3o. Em dias quentes e secos, \u00e9 essencial regar a planta regularmente para evitar que murche. J\u00e1 em climas mais amenos ou frios, o intervalo entre as regas pode ser maior.<\/p>\n\n\n\n<p>Uma dica \u00fatil \u00e9 adicionar \u00e1gua aos poucos at\u00e9 que comece a escorrer pela garrafa. Isso ajuda a determinar a quantidade ideal de \u00e1gua, evitando o excesso que pode retirar nutrientes do solo rapidamente.<\/p>\n\n\n\n<h2 class=\"wp-block-heading\">Por que a poda da hortel\u00e3 \u00e9 importante?<\/h2>\n\n\n\n<p>A poda regular \u00e9 fundamental para o desenvolvimento saud\u00e1vel da hortel\u00e3. Como a planta tende a enraizar e formar novos ramos ao tocar o solo, a poda ajuda a controlar seu crescimento e a evitar que o sistema radicular ocupe todo o espa\u00e7o dispon\u00edvel na garrafa PET.<\/p>\n\n\n\n<p>Recomenda-se cortar os ramos secund\u00e1rios pr\u00f3ximos ao caule principal a cada dois meses. Isso n\u00e3o apenas mant\u00e9m a planta compacta, mas tamb\u00e9m estimula o crescimento de novos brotos, garantindo uma colheita cont\u00ednua de folhas frescas.<\/p>\n\n\n\n<h2 class=\"wp-block-heading\">Benef\u00edcios da hortel\u00e3 na alimenta\u00e7\u00e3o<\/h2>\n\n\n\n<p>Al\u00e9m de suas qualidades arom\u00e1ticas, a hortel\u00e3 oferece diversos benef\u00edcios \u00e0 sa\u00fade. Suas folhas s\u00e3o ricas em vitaminas e minerais, contribuindo para a digest\u00e3o e ajudando no combate a n\u00e1useas e enjoos. A hortel\u00e3 tamb\u00e9m possui propriedades antibacterianas, antif\u00fangicas e anti-inflamat\u00f3rias, tornando-a uma adi\u00e7\u00e3o valiosa \u00e0 dieta di\u00e1ria.<\/p>\n\n\n\n<p>Dispon\u00edvel em supermercados e feiras, a hortel\u00e3 pode ser encontrada fresca ou desidratada, sendo uma op\u00e7\u00e3o pr\u00e1tica e saud\u00e1vel para enriquecer pratos e bebidas.<\/p>\n","protected":false},"excerpt":{"rendered":"<p>Aprenda a cultivar hortel\u00e3 facilmente em garrafas PET. Dicas de plantio, cuidados e poda para uma erva arom\u00e1tica e saud\u00e1vel em seu pr\u00f3prio lar.<\/p>\n","protected":false},"author":3,"featured_media":21121,"comment_status":"open","ping_status":"open","sticky":false,"template":"","format":"standard","meta":{"_yoast_wpseo_focuskw":"como plantar hortel\u00e3","_yoast_wpseo_title":"%%title%%","_yoast_wpseo_metadesc":"Aprenda a cultivar hortel\u00e3 facilmente em garrafas PET. Dicas de plantio, cuidados e poda para uma erva arom\u00e1tica e saud\u00e1vel em seu pr\u00f3prio lar.","jnews-multi-image_gallery":[],"jnews_single_post":{"format":"standard"},"jnews_primary_category":[],"jnews_social_meta":[],"jnews_override_counter":[],"footnotes":""},"categories":[136],"tags":[137,625],"class_list":["post-21120","post","type-post","status-publish","format-standard","has-post-thumbnail","hentry","category-jardinagem","tag-como-plantar","tag-hortela"],"yoast_head":"<!-- This site is optimized with the Yoast SEO plugin v24.6 - https:\/\/yoast.com\/wordpress\/plugins\/seo\/ -->\n<title>Saiba como plantar hortel\u00e3 em casa e tenha uma horta fresca<\/title>\n<meta name=\"description\" content=\"Aprenda a cultivar hortel\u00e3 facilmente em garrafas PET. Dicas de plantio, cuidados e poda para uma erva arom\u00e1tica e saud\u00e1vel em seu pr\u00f3prio lar.\" \/>\n<meta name=\"robots\" content=\"index, follow, max-snippet:-1, max-image-preview:large, max-video-preview:-1\" \/>\n<link rel=\"canonical\" href=\"https:\/\/www.correiobraziliense.com.br\/cbradar\/saiba-como-plantar-hortela-em-casa-e-tenha-uma-horta-fresca\/\" \/>\n<meta property=\"og:locale\" content=\"pt_BR\" \/>\n<meta property=\"og:type\" content=\"article\" \/>\n<meta property=\"og:title\" content=\"Saiba como plantar hortel\u00e3 em casa e tenha uma horta fresca\" \/>\n<meta property=\"og:description\" content=\"Aprenda a cultivar hortel\u00e3 facilmente em garrafas PET. Dicas de plantio, cuidados e poda para uma erva arom\u00e1tica e saud\u00e1vel em seu pr\u00f3prio lar.\" \/>\n<meta property=\"og:url\" content=\"https:\/\/www.correiobraziliense.com.br\/cbradar\/saiba-como-plantar-hortela-em-casa-e-tenha-uma-horta-fresca\/\" \/>\n<meta property=\"og:site_name\" content=\"Correio Braziliense - Radar\" \/>\n<meta property=\"article:published_time\" content=\"2025-04-10T23:30:00+00:00\" \/>\n<meta property=\"og:image\" content=\"https:\/\/www.correiobraziliense.com.br\/cbradar\/wp-content\/uploads\/2025\/04\/hortela_1744197282187.jpg\" \/>\n\t<meta property=\"og:image:width\" content=\"1280\" \/>\n\t<meta property=\"og:image:height\" content=\"720\" \/>\n\t<meta property=\"og:image:type\" content=\"image\/jpeg\" \/>\n<meta name=\"author\" content=\"Larissa Carvalho\" \/>\n<meta name=\"twitter:card\" content=\"summary_large_image\" \/>\n<meta name=\"twitter:label1\" content=\"Escrito por\" \/>\n\t<meta name=\"twitter:data1\" content=\"Larissa Carvalho\" \/>\n\t<meta name=\"twitter:label2\" content=\"Est. tempo de leitura\" \/>\n\t<meta name=\"twitter:data2\" content=\"4 minutos\" \/>\n<!-- \/ Yoast SEO plugin. -->","yoast_head_json":{"title":"Saiba como plantar hortel\u00e3 em casa e tenha uma horta fresca","description":"Aprenda a cultivar hortel\u00e3 facilmente em garrafas PET. Dicas de plantio, cuidados e poda para uma erva arom\u00e1tica e saud\u00e1vel em seu pr\u00f3prio lar.","robots":{"index":"index","follow":"follow","max-snippet":"max-snippet:-1","max-image-preview":"max-image-preview:large","max-video-preview":"max-video-preview:-1"},"canonical":"https:\/\/www.correiobraziliense.com.br\/cbradar\/saiba-como-plantar-hortela-em-casa-e-tenha-uma-horta-fresca\/","og_locale":"pt_BR","og_type":"article","og_title":"Saiba como plantar hortel\u00e3 em casa e tenha uma horta fresca","og_description":"Aprenda a cultivar hortel\u00e3 facilmente em garrafas PET. Dicas de plantio, cuidados e poda para uma erva arom\u00e1tica e saud\u00e1vel em seu pr\u00f3prio lar.","og_url":"https:\/\/www.correiobraziliense.com.br\/cbradar\/saiba-como-plantar-hortela-em-casa-e-tenha-uma-horta-fresca\/","og_site_name":"Correio Braziliense - Radar","article_published_time":"2025-04-10T23:30:00+00:00","og_image":[{"width":1280,"height":720,"url":"https:\/\/www.correiobraziliense.com.br\/cbradar\/wp-content\/uploads\/2025\/04\/hortela_1744197282187.jpg","type":"image\/jpeg"}],"author":"Larissa Carvalho","twitter_card":"summary_large_image","twitter_misc":{"Escrito por":"Larissa Carvalho","Est. tempo de leitura":"4 minutos"},"schema":{"@context":"https:\/\/schema.org","@graph":[{"@type":"WebPage","@id":"https:\/\/www.correiobraziliense.com.br\/cbradar\/saiba-como-plantar-hortela-em-casa-e-tenha-uma-horta-fresca\/","url":"https:\/\/www.correiobraziliense.com.br\/cbradar\/saiba-como-plantar-hortela-em-casa-e-tenha-uma-horta-fresca\/","name":"Saiba como plantar hortel\u00e3 em casa e tenha uma horta fresca","isPartOf":{"@id":"https:\/\/www.correiobraziliense.com.br\/cbradar\/#website"},"primaryImageOfPage":{"@id":"https:\/\/www.correiobraziliense.com.br\/cbradar\/saiba-como-plantar-hortela-em-casa-e-tenha-uma-horta-fresca\/#primaryimage"},"image":{"@id":"https:\/\/www.correiobraziliense.com.br\/cbradar\/saiba-como-plantar-hortela-em-casa-e-tenha-uma-horta-fresca\/#primaryimage"},"thumbnailUrl":"https:\/\/www.correiobraziliense.com.br\/cbradar\/wp-content\/uploads\/2025\/04\/hortela_1744197282187.jpg","datePublished":"2025-04-10T23:30:00+00:00","author":{"@id":"https:\/\/www.correiobraziliense.com.br\/cbradar\/#\/schema\/person\/58422787644df994b53a19d3e56c1513"},"description":"Aprenda a cultivar hortel\u00e3 facilmente em garrafas PET. Dicas de plantio, cuidados e poda para uma erva arom\u00e1tica e saud\u00e1vel em seu pr\u00f3prio lar.","breadcrumb":{"@id":"https:\/\/www.correiobraziliense.com.br\/cbradar\/saiba-como-plantar-hortela-em-casa-e-tenha-uma-horta-fresca\/#breadcrumb"},"inLanguage":"pt-BR","potentialAction":[{"@type":"ReadAction","target":["https:\/\/www.correiobraziliense.com.br\/cbradar\/saiba-como-plantar-hortela-em-casa-e-tenha-uma-horta-fresca\/"]}]},{"@type":"ImageObject","inLanguage":"pt-BR","@id":"https:\/\/www.correiobraziliense.com.br\/cbradar\/saiba-como-plantar-hortela-em-casa-e-tenha-uma-horta-fresca\/#primaryimage","url":"https:\/\/www.correiobraziliense.com.br\/cbradar\/wp-content\/uploads\/2025\/04\/hortela_1744197282187.jpg","contentUrl":"https:\/\/www.correiobraziliense.com.br\/cbradar\/wp-content\/uploads\/2025\/04\/hortela_1744197282187.jpg","width":1280,"height":720,"caption":"Hortel\u00e3. Cr\u00e9ditos: depositphotos.com \/ Niko-2"},{"@type":"BreadcrumbList","@id":"https:\/\/www.correiobraziliense.com.br\/cbradar\/saiba-como-plantar-hortela-em-casa-e-tenha-uma-horta-fresca\/#breadcrumb","itemListElement":[{"@type":"ListItem","position":1,"name":"In\u00edcio","item":"https:\/\/www.correiobraziliense.com.br\/cbradar\/"},{"@type":"ListItem","position":2,"name":"Saiba como plantar hortel\u00e3 em casa e tenha uma horta fresca"}]},{"@type":"WebSite","@id":"https:\/\/www.correiobraziliense.com.br\/cbradar\/#website","url":"https:\/\/www.correiobraziliense.com.br\/cbradar\/","name":"Correio Braziliense - Radar","description":"Acompanhe as \u00faltimas not\u00edcias e fique bem informado sobre tudo o que acontece no Brasil e no mundo.","potentialAction":[{"@type":"SearchAction","target":{"@type":"EntryPoint","urlTemplate":"https:\/\/www.correiobraziliense.com.br\/cbradar\/?s={search_term_string}"},"query-input":{"@type":"PropertyValueSpecification","valueRequired":true,"valueName":"search_term_string"}}],"inLanguage":"pt-BR"},{"@type":"Person","@id":"https:\/\/www.correiobraziliense.com.br\/cbradar\/#\/schema\/person\/58422787644df994b53a19d3e56c1513","name":"Larissa Carvalho","image":{"@type":"ImageObject","inLanguage":"pt-BR","@id":"https:\/\/www.correiobraziliense.com.br\/cbradar\/#\/schema\/person\/image\/","url":"https:\/\/secure.gravatar.com\/avatar\/fe4f91a0de32b52a838d0d612abdc1aa?s=96&d=mm&r=g","contentUrl":"https:\/\/secure.gravatar.com\/avatar\/fe4f91a0de32b52a838d0d612abdc1aa?s=96&d=mm&r=g","caption":"Larissa Carvalho"},"url":"https:\/\/www.correiobraziliense.com.br\/cbradar\/author\/larissamyth\/"}]}},"_links":{"self":[{"href":"https:\/\/www.correiobraziliense.com.br\/cbradar\/wp-json\/wp\/v2\/posts\/21120","targetHints":{"allow":["GET"]}}],"collection":[{"href":"https:\/\/www.correiobraziliense.com.br\/cbradar\/wp-json\/wp\/v2\/posts"}],"about":[{"href":"https:\/\/www.correiobraziliense.com.br\/cbradar\/wp-json\/wp\/v2\/types\/post"}],"author":[{"embeddable":true,"href":"https:\/\/www.correiobraziliense.com.br\/cbradar\/wp-json\/wp\/v2\/users\/3"}],"replies":[{"embeddable":true,"href":"https:\/\/www.correiobraziliense.com.br\/cbradar\/wp-json\/wp\/v2\/comments?post=21120"}],"version-history":[{"count":1,"href":"https:\/\/www.correiobraziliense.com.br\/cbradar\/wp-json\/wp\/v2\/posts\/21120\/revisions"}],"predecessor-version":[{"id":21123,"href":"https:\/\/www.correiobraziliense.com.br\/cbradar\/wp-json\/wp\/v2\/posts\/21120\/revisions\/21123"}],"wp:featuredmedia":[{"embeddable":true,"href":"https:\/\/www.correiobraziliense.com.br\/cbradar\/wp-json\/wp\/v2\/media\/21121"}],"wp:attachment":[{"href":"https:\/\/www.correiobraziliense.com.br\/cbradar\/wp-json\/wp\/v2\/media?parent=21120"}],"wp:term":[{"taxonomy":"category","embeddable":true,"href":"https:\/\/www.correiobraziliense.com.br\/cbradar\/wp-json\/wp\/v2\/categories?post=21120"},{"taxonomy":"post_tag","embeddable":true,"href":"https:\/\/www.correiobraziliense.com.br\/cbradar\/wp-json\/wp\/v2\/tags?post=21120"}],"curies":[{"name":"wp","href":"https:\/\/api.w.org\/{rel}","templated":true}]}}