{"id":21177,"date":"2025-04-10T17:10:00","date_gmt":"2025-04-10T20:10:00","guid":{"rendered":"https:\/\/www.correiobraziliense.com.br\/cbradar\/?p=21177"},"modified":"2025-07-01T09:42:39","modified_gmt":"2025-07-01T12:42:39","slug":"novo-temporada-de-andor-ganha-trailer-eletrizante-veja","status":"publish","type":"post","link":"https:\/\/www.correiobraziliense.com.br\/cbradar\/novo-temporada-de-andor-ganha-trailer-eletrizante-veja\/","title":{"rendered":"Novo temporada de Andor ganha trailer eletrizante, veja"},"content":{"rendered":"\n<p>A aguardada segunda <strong><a href=\"https:\/\/www.correiobraziliense.com.br\/cbradar\/a-serie-mais-estranha-e-emocionante-que-voce-vai-assistir-na-netflix\/\" target=\"_blank\" rel=\"noreferrer noopener\">temporada <\/a><\/strong>de <strong>Andor<\/strong> estreou no <strong>Disney+<\/strong> em 22 de abril de 2025, trazendo uma inova\u00e7\u00e3o no formato de lan\u00e7amento que promete redefinir a experi\u00eancia dos f\u00e3s de <strong>Star Wars<\/strong>. A s\u00e9rie despede-se com 12 epis\u00f3dios organizados em quatro blocos semanais de tr\u00eas cap\u00edtulos cada, cobrindo quatro anos na vida de <strong>Cassian Andor<\/strong>. Cada bloco representa um ano espec\u00edfico, criando saltos temporais estrat\u00e9gicos que intensificam a narrativa.<\/p>\n\n\n\n<p>Esse formato in\u00e9dito surge como necessidade narrativa, considerando que os planos originais inclu\u00edam cinco temporadas. O showrunner <strong>Tony Gilroy<\/strong> condensou a hist\u00f3ria em duas temporadas, exigindo um ritmo acelerado para conectar diretamente com <strong>Rogue One<\/strong>. A estrat\u00e9gia visa manter o p\u00fablico engajado enquanto desenvolve a complexa constru\u00e7\u00e3o da <strong>Alian\u00e7a Rebelde<\/strong>, oferecendo blocos narrativos coesos que funcionam como mini-arcos temporais.<\/p>\n\n\n\n<h2 class=\"wp-block-heading\"><strong>Como Diego Luna consolidou sua trajet\u00f3ria internacional?<\/strong><\/h2>\n\n\n\n<p><strong>Diego Luna<\/strong> retorna ao papel que definiu sua entrada definitiva no universo <strong>Star Wars<\/strong>, mas sua trajet\u00f3ria at\u00e9 <strong>Cassian Andor<\/strong> revela um percurso not\u00e1vel. Nascido em 1979 na <strong>Cidade do M\u00e9xico<\/strong>, <strong>Luna<\/strong> come\u00e7ou a carreira ainda crian\u00e7a na novela <strong>El Abuelo y Yo<\/strong> (1992), trabalhando ao lado de seu amigo de inf\u00e2ncia <strong>Gael Garc\u00eda Bernal<\/strong>. Essa parceria duradoura levaria \u00e0 funda\u00e7\u00e3o da <strong>Canana Films<\/strong> em 2005, produtora focada em temas sociais latino-americanos.<\/p>\n\n\n\n<p>O reconhecimento internacional chegou com <strong>Y tu mam\u00e1 tambi\u00e9n<\/strong> (2001), dirigido por <strong>Alfonso Cuar\u00f3n<\/strong>, filme que <strong>Luna<\/strong> considera seu trabalho mais importante at\u00e9 hoje. A obra abriu portas para <strong>Hollywood<\/strong>, mas o ator manteve suas ra\u00edzes mexicanas, alternando entre produ\u00e7\u00f5es americanas e projetos nativos. <strong>Rogue One<\/strong> (2016) marcou sua estreia em <strong>Star Wars<\/strong>, papel que inicialmente considerou uma brincadeira quando recebeu o convite. A performance como <strong>Cassian Andor<\/strong> n\u00e3o apenas conquistou f\u00e3s globalmente, mas tamb\u00e9m lhe garantiu protagonismo em uma das s\u00e9ries mais aclamadas da franquia.<\/p>\n\n\n\n<iframe loading=\"lazy\" width=\"560\" height=\"315\" src=\"https:\/\/www.youtube.com\/embed\/UUYsdfaFOVc?si=euY5q6e9V1TKo-9y\" title=\"YouTube video player\" frameborder=\"0\" allow=\"accelerometer; autoplay; clipboard-write; encrypted-media; gyroscope; picture-in-picture; web-share\" referrerpolicy=\"strict-origin-when-cross-origin\" allowfullscreen><\/iframe>\n\n\n\n<h2 class=\"wp-block-heading\"><strong>Que elementos t\u00e9cnicos diferenciam esta produ\u00e7\u00e3o?<\/strong><\/h2>\n\n\n\n<p>A segunda temporada de <strong>Andor<\/strong> beneficia-se de uma produ\u00e7\u00e3o refinada, com foco especial na trilha sonora de <strong>Nicholas Britell<\/strong>. O compositor, indicado m\u00faltiplas vezes ao <strong>Oscar<\/strong> por trabalhos como <strong>Moonlight<\/strong> e <strong>Se a Rua Beale Falasse<\/strong>, venceu o <strong>Emmy<\/strong> por <strong>Succession<\/strong>. Sua abordagem musical em <strong>Andor<\/strong> combina elementos orquestrais tradicionais com sonoridades eletr\u00f4nicas, criando uma atmosfera que equilibra grandiosidade \u00e9pica com intimidade emocional.<\/p>\n\n\n\n<p>A fotografia e dire\u00e7\u00e3o de arte mant\u00eam o padr\u00e3o estabelecido na primeira temporada, priorizando loca\u00e7\u00f5es pr\u00e1ticas e efeitos f\u00edsicos sobre recursos digitais excessivos. Essa escolha est\u00e9tica refor\u00e7a o tom realista que diferencia <strong>Andor<\/strong> de outras produ\u00e7\u00f5es <strong>Star Wars<\/strong>. As grava\u00e7\u00f5es, iniciadas em novembro de 2022, foram interrompidas pela greve dos roteiristas, retomadas apenas em fevereiro de 2024. O hiato permitiu refinamentos no roteiro e maior aten\u00e7\u00e3o aos detalhes visuais.<\/p>\n\n\n\n<figure class=\"wp-block-image size-large\"><img decoding=\"async\" width=\"1024\" height=\"576\" src=\"https:\/\/www.correiobraziliense.com.br\/cbradar\/wp-content\/uploads\/2025\/04\/Andor-1024x576.png\" alt=\"Novo tease da segunda temporada de Andor ganha trailer eletrizante, veja\" class=\"wp-image-21229\" srcset=\"https:\/\/www.correiobraziliense.com.br\/cbradar\/wp-content\/uploads\/2025\/04\/Andor-1024x576.png 1024w, https:\/\/www.correiobraziliense.com.br\/cbradar\/wp-content\/uploads\/2025\/04\/Andor-300x169.png 300w, https:\/\/www.correiobraziliense.com.br\/cbradar\/wp-content\/uploads\/2025\/04\/Andor-768x432.png 768w, https:\/\/www.correiobraziliense.com.br\/cbradar\/wp-content\/uploads\/2025\/04\/Andor-750x422.png 750w, https:\/\/www.correiobraziliense.com.br\/cbradar\/wp-content\/uploads\/2025\/04\/Andor-1140x641.png 1140w, https:\/\/www.correiobraziliense.com.br\/cbradar\/wp-content\/uploads\/2025\/04\/Andor.png 1280w\" sizes=\"(max-width: 1024px) 100vw, 1024px\" \/><figcaption class=\"wp-element-caption\">Andor. Fonte: divulga\u00e7\u00e3o \/ Disney+<\/figcaption><\/figure>\n\n\n\n<h2 class=\"wp-block-heading\"><strong>Quais personagens retornam para o desfecho?<\/strong><\/h2>\n\n\n\n<p>O elenco principal retorna com <strong>Diego Luna<\/strong>, <strong>Genevieve O&#8217;Reilly<\/strong> como <strong>Mon Mothma<\/strong>, <strong>Adria Arjona<\/strong>, <strong>Denise Gough<\/strong>, <strong>Stellan Skarsg\u00e5rd<\/strong> e <strong>Kyle Soller<\/strong>. A segunda temporada tamb\u00e9m traz rostos conhecidos de <strong>Rogue One<\/strong>, incluindo <strong>Ben Mendelsohn<\/strong> como <strong>Orson Krennic<\/strong> e <strong>Forest Whitaker<\/strong> como <strong>Saw Gerrera<\/strong>. Essas participa\u00e7\u00f5es criam pontes diretas com o filme de 2016, preparando o terreno para a transi\u00e7\u00e3o narrativa.<\/p>\n\n\n\n<p><strong>Mon Mothma<\/strong> ganha destaque especial nesta temporada, com <strong>Genevieve O&#8217;Reilly<\/strong> expandindo a complexidade pol\u00edtica da personagem. A atriz j\u00e1 havia interpretado a l\u00edder rebelde em <strong>A Vingan\u00e7a dos Sith<\/strong> e <strong>Rogue One<\/strong>, trazendo continuidade ao arco. A presen\u00e7a desses personagens estabelecidos permite que a s\u00e9rie explore as camadas pol\u00edticas da rebeli\u00e3o, tema central que distingue <strong>Andor<\/strong> de outras produ\u00e7\u00f5es da franquia.<\/p>\n\n\n\n<h2 class=\"wp-block-heading\"><strong>Por que esta despedida marca um marco na franquia?<\/strong><\/h2>\n\n\n\n<p><strong>Andor<\/strong> estabelece novo padr\u00e3o de qualidade para s\u00e9ries <strong>Star Wars<\/strong>, priorizando narrativa adulta e desenvolvimento de personagens sobre espet\u00e1culo visual. A s\u00e9rie conquistou 96% de aprova\u00e7\u00e3o da cr\u00edtica, sendo considerada por muitos como a melhor produ\u00e7\u00e3o televisiva da franquia. Seu sucesso demonstra que o p\u00fablico aceita abordagens mais maduras e politicamente complexas dentro do universo <strong>Star Wars<\/strong>.<\/p>\n\n\n\n<p>A despedida em 2025 coincide com um momento de renova\u00e7\u00e3o para a franquia, com m\u00faltiplas s\u00e9ries em desenvolvimento. <strong>Andor<\/strong> serve como refer\u00eancia de qualidade, provando que investimento em roteiro e atua\u00e7\u00e3o supera depend\u00eancia de efeitos especiais. A s\u00e9rie tamb\u00e9m valida o formato de streaming para <strong>Star Wars<\/strong>, abrindo precedentes para futuras produ\u00e7\u00f5es epis\u00f3dicas. <strong>Diego Luna<\/strong> expressou gratid\u00e3o pela oportunidade de explorar <strong>Cassian<\/strong> por quase uma d\u00e9cada, per\u00edodo que redefiniu sua carreira e solidificou sua posi\u00e7\u00e3o como embaixador latino-americano em grandes franquias globais.<\/p>\n","protected":false},"excerpt":{"rendered":"<p>A aguardada segunda temporada de &#8216;Andor&#8217;, ambientada no universo de Star Wars, estreia em abril de 2025.<\/p>\n","protected":false},"author":3,"featured_media":21228,"comment_status":"open","ping_status":"open","sticky":false,"template":"","format":"standard","meta":{"_yoast_wpseo_focuskw":"segunda temporada Andor","_yoast_wpseo_title":"%%title%%","_yoast_wpseo_metadesc":"A aguardada segunda temporada de 'Andor', ambientada no universo de Star Wars, estreia em abril de 2025.","jnews-multi-image_gallery":[],"jnews_single_post":{"format":"standard"},"jnews_primary_category":[],"jnews_social_meta":[],"jnews_override_counter":[],"footnotes":""},"categories":[140],"post_tag":[3087,568],"class_list":["post-21177","post","type-post","status-publish","format-standard","has-post-thumbnail","hentry","category-entretenimento","tag-andor","tag-series-e-filmes"],"yoast_head":"<!-- This site is optimized with the Yoast SEO plugin v24.6 - https:\/\/yoast.com\/wordpress\/plugins\/seo\/ -->\n<title>Novo temporada de Andor ganha trailer eletrizante, veja<\/title>\n<meta name=\"description\" content=\"A aguardada segunda temporada de &#039;Andor&#039;, ambientada no universo de Star Wars, estreia em abril de 2025.\" \/>\n<meta name=\"robots\" content=\"index, follow, max-snippet:-1, max-image-preview:large, max-video-preview:-1\" \/>\n<link rel=\"canonical\" href=\"https:\/\/www.correiobraziliense.com.br\/cbradar\/novo-temporada-de-andor-ganha-trailer-eletrizante-veja\/\" \/>\n<meta property=\"og:locale\" content=\"pt_BR\" \/>\n<meta property=\"og:type\" content=\"article\" \/>\n<meta property=\"og:title\" content=\"Novo temporada de Andor ganha trailer eletrizante, veja\" \/>\n<meta property=\"og:description\" content=\"A aguardada segunda temporada de &#039;Andor&#039;, ambientada no universo de Star Wars, estreia em abril de 2025.\" \/>\n<meta property=\"og:url\" content=\"https:\/\/www.correiobraziliense.com.br\/cbradar\/novo-temporada-de-andor-ganha-trailer-eletrizante-veja\/\" \/>\n<meta property=\"og:site_name\" content=\"Correio Braziliense - Radar\" \/>\n<meta property=\"article:published_time\" content=\"2025-04-10T20:10:00+00:00\" \/>\n<meta property=\"article:modified_time\" content=\"2025-07-01T12:42:39+00:00\" \/>\n<meta property=\"og:image\" content=\"https:\/\/www.correiobraziliense.com.br\/cbradar\/wp-content\/uploads\/2025\/04\/Andor-2.png\" \/>\n\t<meta property=\"og:image:width\" content=\"1280\" \/>\n\t<meta property=\"og:image:height\" content=\"720\" \/>\n\t<meta property=\"og:image:type\" content=\"image\/png\" \/>\n<meta name=\"author\" content=\"Larissa Carvalho\" \/>\n<meta name=\"twitter:card\" content=\"summary_large_image\" \/>\n<meta name=\"twitter:label1\" content=\"Escrito por\" \/>\n\t<meta name=\"twitter:data1\" content=\"Larissa Carvalho\" \/>\n\t<meta name=\"twitter:label2\" content=\"Est. tempo de leitura\" \/>\n\t<meta name=\"twitter:data2\" content=\"5 minutos\" \/>\n<!-- \/ Yoast SEO plugin. -->","yoast_head_json":{"title":"Novo temporada de Andor ganha trailer eletrizante, veja","description":"A aguardada segunda temporada de 'Andor', ambientada no universo de Star Wars, estreia em abril de 2025.","robots":{"index":"index","follow":"follow","max-snippet":"max-snippet:-1","max-image-preview":"max-image-preview:large","max-video-preview":"max-video-preview:-1"},"canonical":"https:\/\/www.correiobraziliense.com.br\/cbradar\/novo-temporada-de-andor-ganha-trailer-eletrizante-veja\/","og_locale":"pt_BR","og_type":"article","og_title":"Novo temporada de Andor ganha trailer eletrizante, veja","og_description":"A aguardada segunda temporada de 'Andor', ambientada no universo de Star Wars, estreia em abril de 2025.","og_url":"https:\/\/www.correiobraziliense.com.br\/cbradar\/novo-temporada-de-andor-ganha-trailer-eletrizante-veja\/","og_site_name":"Correio Braziliense - Radar","article_published_time":"2025-04-10T20:10:00+00:00","article_modified_time":"2025-07-01T12:42:39+00:00","og_image":[{"width":1280,"height":720,"url":"https:\/\/www.correiobraziliense.com.br\/cbradar\/wp-content\/uploads\/2025\/04\/Andor-2.png","type":"image\/png"}],"author":"Larissa Carvalho","twitter_card":"summary_large_image","twitter_misc":{"Escrito por":"Larissa Carvalho","Est. tempo de leitura":"5 minutos"},"schema":{"@context":"https:\/\/schema.org","@graph":[{"@type":"WebPage","@id":"https:\/\/www.correiobraziliense.com.br\/cbradar\/novo-temporada-de-andor-ganha-trailer-eletrizante-veja\/","url":"https:\/\/www.correiobraziliense.com.br\/cbradar\/novo-temporada-de-andor-ganha-trailer-eletrizante-veja\/","name":"Novo temporada de Andor ganha trailer eletrizante, veja","isPartOf":{"@id":"https:\/\/www.correiobraziliense.com.br\/cbradar\/#website"},"primaryImageOfPage":{"@id":"https:\/\/www.correiobraziliense.com.br\/cbradar\/novo-temporada-de-andor-ganha-trailer-eletrizante-veja\/#primaryimage"},"image":{"@id":"https:\/\/www.correiobraziliense.com.br\/cbradar\/novo-temporada-de-andor-ganha-trailer-eletrizante-veja\/#primaryimage"},"thumbnailUrl":"https:\/\/www.correiobraziliense.com.br\/cbradar\/wp-content\/uploads\/2025\/04\/Andor-2.png","datePublished":"2025-04-10T20:10:00+00:00","dateModified":"2025-07-01T12:42:39+00:00","author":{"@id":"https:\/\/www.correiobraziliense.com.br\/cbradar\/#\/schema\/person\/58422787644df994b53a19d3e56c1513"},"description":"A aguardada segunda temporada de 'Andor', ambientada no universo de Star Wars, estreia em abril de 2025.","breadcrumb":{"@id":"https:\/\/www.correiobraziliense.com.br\/cbradar\/novo-temporada-de-andor-ganha-trailer-eletrizante-veja\/#breadcrumb"},"inLanguage":"pt-BR","potentialAction":[{"@type":"ReadAction","target":["https:\/\/www.correiobraziliense.com.br\/cbradar\/novo-temporada-de-andor-ganha-trailer-eletrizante-veja\/"]}]},{"@type":"ImageObject","inLanguage":"pt-BR","@id":"https:\/\/www.correiobraziliense.com.br\/cbradar\/novo-temporada-de-andor-ganha-trailer-eletrizante-veja\/#primaryimage","url":"https:\/\/www.correiobraziliense.com.br\/cbradar\/wp-content\/uploads\/2025\/04\/Andor-2.png","contentUrl":"https:\/\/www.correiobraziliense.com.br\/cbradar\/wp-content\/uploads\/2025\/04\/Andor-2.png","width":1280,"height":720,"caption":"Andor. Fonte: divulga\u00e7\u00e3o \/ Disney+"},{"@type":"BreadcrumbList","@id":"https:\/\/www.correiobraziliense.com.br\/cbradar\/novo-temporada-de-andor-ganha-trailer-eletrizante-veja\/#breadcrumb","itemListElement":[{"@type":"ListItem","position":1,"name":"In\u00edcio","item":"https:\/\/www.correiobraziliense.com.br\/cbradar\/"},{"@type":"ListItem","position":2,"name":"Novo temporada de Andor ganha trailer eletrizante, veja"}]},{"@type":"WebSite","@id":"https:\/\/www.correiobraziliense.com.br\/cbradar\/#website","url":"https:\/\/www.correiobraziliense.com.br\/cbradar\/","name":"Correio Braziliense - Radar","description":"Acompanhe as \u00faltimas not\u00edcias e fique bem informado sobre tudo o que acontece no Brasil e no mundo.","potentialAction":[{"@type":"SearchAction","target":{"@type":"EntryPoint","urlTemplate":"https:\/\/www.correiobraziliense.com.br\/cbradar\/?s={search_term_string}"},"query-input":{"@type":"PropertyValueSpecification","valueRequired":true,"valueName":"search_term_string"}}],"inLanguage":"pt-BR"},{"@type":"Person","@id":"https:\/\/www.correiobraziliense.com.br\/cbradar\/#\/schema\/person\/58422787644df994b53a19d3e56c1513","name":"Larissa Carvalho","image":{"@type":"ImageObject","inLanguage":"pt-BR","@id":"https:\/\/www.correiobraziliense.com.br\/cbradar\/#\/schema\/person\/image\/","url":"https:\/\/secure.gravatar.com\/avatar\/fe4f91a0de32b52a838d0d612abdc1aa?s=96&d=mm&r=g","contentUrl":"https:\/\/secure.gravatar.com\/avatar\/fe4f91a0de32b52a838d0d612abdc1aa?s=96&d=mm&r=g","caption":"Larissa Carvalho"},"url":"https:\/\/www.correiobraziliense.com.br\/cbradar\/author\/larissamyth\/"}]}},"_links":{"self":[{"href":"https:\/\/www.correiobraziliense.com.br\/cbradar\/wp-json\/wp\/v2\/posts\/21177","targetHints":{"allow":["GET"]}}],"collection":[{"href":"https:\/\/www.correiobraziliense.com.br\/cbradar\/wp-json\/wp\/v2\/posts"}],"about":[{"href":"https:\/\/www.correiobraziliense.com.br\/cbradar\/wp-json\/wp\/v2\/types\/post"}],"author":[{"embeddable":true,"href":"https:\/\/www.correiobraziliense.com.br\/cbradar\/wp-json\/wp\/v2\/users\/3"}],"replies":[{"embeddable":true,"href":"https:\/\/www.correiobraziliense.com.br\/cbradar\/wp-json\/wp\/v2\/comments?post=21177"}],"version-history":[{"count":4,"href":"https:\/\/www.correiobraziliense.com.br\/cbradar\/wp-json\/wp\/v2\/posts\/21177\/revisions"}],"predecessor-version":[{"id":62605,"href":"https:\/\/www.correiobraziliense.com.br\/cbradar\/wp-json\/wp\/v2\/posts\/21177\/revisions\/62605"}],"wp:featuredmedia":[{"embeddable":true,"href":"https:\/\/www.correiobraziliense.com.br\/cbradar\/wp-json\/wp\/v2\/media\/21228"}],"wp:attachment":[{"href":"https:\/\/www.correiobraziliense.com.br\/cbradar\/wp-json\/wp\/v2\/media?parent=21177"}],"wp:term":[{"taxonomy":"category","embeddable":true,"href":"https:\/\/www.correiobraziliense.com.br\/cbradar\/wp-json\/wp\/v2\/categories?post=21177"},{"taxonomy":"post_tag","embeddable":true,"href":"https:\/\/www.correiobraziliense.com.br\/cbradar\/wp-json\/wp\/v2\/post_tag?post=21177"}],"curies":[{"name":"wp","href":"https:\/\/api.w.org\/{rel}","templated":true}]}}