{"id":21215,"date":"2025-04-10T06:30:00","date_gmt":"2025-04-10T09:30:00","guid":{"rendered":"https:\/\/www.correiobraziliense.com.br\/cbradar\/?p=21215"},"modified":"2025-04-09T17:25:40","modified_gmt":"2025-04-09T20:25:40","slug":"veja-quais-cidades-estao-liderando-no-ranking-de-busca-por-imoveis","status":"publish","type":"post","link":"https:\/\/www.correiobraziliense.com.br\/cbradar\/veja-quais-cidades-estao-liderando-no-ranking-de-busca-por-imoveis\/","title":{"rendered":"Veja quais cidades est\u00e3o liderando no ranking de busca por im\u00f3veis"},"content":{"rendered":"\n<p>O <strong>\u00cdndice de Demanda Imobili\u00e1ria <\/strong>(<strong>IDI<\/strong>&#8211;<strong>Brasil<\/strong>) \u00e9 uma ferramenta desenvolvida para analisar e identificar as tend\u00eancias de procura por im\u00f3veis em diversas cidades brasileiras. Divulgado trimestralmente, o \u00edndice \u00e9 fruto de uma parceria entre o Ecossistema Sienge, CV CRM, Grupo Prospecta e a <a href=\"https:\/\/cbic.org.br\/\" target=\"_blank\" rel=\"noreferrer noopener\"><strong>C\u00e2mara Brasileira da Ind\u00fastria da Constru\u00e7\u00e3o<\/strong> (<strong>CBIC<\/strong>)<\/a>. O objetivo principal do IDI \u00e9 fornecer dados precisos e atualizados sobre o mercado imobili\u00e1rio, permitindo que empresas e entidades do setor tomem decis\u00f5es informadas.<\/p>\n\n\n\n<h2 class=\"wp-block-heading\"><strong>Quais cidades lideram a demanda por im\u00f3veis em 2025?<\/strong><\/h2>\n\n\n\n<p>No primeiro trimestre de 2025, as cidades de <strong>Curitiba, Goi\u00e2nia e S\u00e3o Paulo <\/strong>se destacaram como as mais procuradas para aquisi\u00e7\u00e3o de im\u00f3veis. Curitiba, que j\u00e1 liderava o \u00edndice no final de 2024, continua a mostrar forte demanda, especialmente entre fam\u00edlias com renda entre R$ 2 mil e R$ 12 mil. Goi\u00e2nia, por sua vez, lidera o segmento de renda m\u00e9dia, que abrange fam\u00edlias com renda de R$ 12 mil a R$ 24 mil. J\u00e1 S\u00e3o Paulo \u00e9 a cidade mais buscada por fam\u00edlias de alto padr\u00e3o, com renda superior a R$ 24 mil.<\/p>\n\n\n\n<figure class=\"wp-block-image size-large\"><img decoding=\"async\" width=\"1024\" height=\"576\" src=\"https:\/\/www.correiobraziliense.com.br\/cbradar\/wp-content\/uploads\/2025\/04\/cidade_1744206679543-1024x576.jpg\" alt=\"Veja quais cidades est\u00e3o liderando no ranking de busca por im\u00f3veis\" class=\"wp-image-21226\" srcset=\"https:\/\/www.correiobraziliense.com.br\/cbradar\/wp-content\/uploads\/2025\/04\/cidade_1744206679543-1024x576.jpg 1024w, https:\/\/www.correiobraziliense.com.br\/cbradar\/wp-content\/uploads\/2025\/04\/cidade_1744206679543-300x169.jpg 300w, https:\/\/www.correiobraziliense.com.br\/cbradar\/wp-content\/uploads\/2025\/04\/cidade_1744206679543-768x432.jpg 768w, https:\/\/www.correiobraziliense.com.br\/cbradar\/wp-content\/uploads\/2025\/04\/cidade_1744206679543-750x422.jpg 750w, https:\/\/www.correiobraziliense.com.br\/cbradar\/wp-content\/uploads\/2025\/04\/cidade_1744206679543-1140x641.jpg 1140w, https:\/\/www.correiobraziliense.com.br\/cbradar\/wp-content\/uploads\/2025\/04\/cidade_1744206679543.jpg 1280w\" sizes=\"(max-width: 1024px) 100vw, 1024px\" \/><figcaption class=\"wp-element-caption\">cidade.Cr\u00e9ditos: depositphotos.com \/ AlexKozachenko<\/figcaption><\/figure>\n\n\n\n<h2 class=\"wp-block-heading\"><strong>Como o IDI-Brasil influencia o mercado imobili\u00e1rio?<\/strong><\/h2>\n\n\n\n<p>O IDI-Brasil desempenha um papel crucial na orienta\u00e7\u00e3o de estrat\u00e9gias empresariais e na formula\u00e7\u00e3o de pol\u00edticas p\u00fablicas. Ao fornecer dados detalhados sobre a demanda por im\u00f3veis, o \u00edndice ajuda a identificar \u00e1reas com potencial de crescimento e a planejar lan\u00e7amentos imobili\u00e1rios de forma mais eficaz. Al\u00e9m disso, o IDI \u00e9 uma ferramenta valiosa para programas habitacionais, como o &#8220;Minha Casa, Minha Vida&#8221;, ao destacar as necessidades habitacionais de diferentes faixas de renda.<\/p>\n\n\n\n<h2 class=\"wp-block-heading\"><strong>Quais s\u00e3o os fatores que influenciam a demanda por im\u00f3veis?<\/strong><\/h2>\n\n\n\n<p>A demanda por im\u00f3veis \u00e9 influenciada por uma variedade de fatores, incluindo planos diretores municipais, n\u00edveis de renda, taxas de emprego e a informalidade no mercado de trabalho. O IDI-Brasil considera todos esses elementos ao avaliar a procura por im\u00f3veis em diferentes regi\u00f5es. O \u00edndice tamb\u00e9m leva em conta dados transacionais reais, como ofertas de terceiros e a procura ativa por im\u00f3veis, para fornecer uma vis\u00e3o abrangente do mercado.<\/p>\n\n\n\n<h2 class=\"wp-block-heading\"><strong>Por que o IDI-Brasil \u00e9 importante para o setor imobili\u00e1rio?<\/strong><\/h2>\n\n\n\n<p>O IDI-Brasil \u00e9 uma ferramenta essencial para o setor imobili\u00e1rio, pois oferece insights valiosos sobre as tend\u00eancias de demanda em todo o pa\u00eds. Com base nesses dados, empresas podem ajustar suas estrat\u00e9gias de marketing e vendas, enquanto entidades governamentais podem desenvolver pol\u00edticas habitacionais mais eficazes. Al\u00e9m disso, o \u00edndice ajuda a identificar demandas reprimidas, permitindo que o setor se antecipe \u00e0s necessidades do mercado e promova o desenvolvimento sustent\u00e1vel das cidades.<\/p>\n","protected":false},"excerpt":{"rendered":"<p>O IDI-Brasil oferece insights valiosos sobre tend\u00eancias de demanda imobili\u00e1ria em todo o pa\u00eds, ajudando empresas e governo a tomarem decis\u00f5es.<\/p>\n","protected":false},"author":3,"featured_media":21225,"comment_status":"open","ping_status":"open","sticky":false,"template":"","format":"standard","meta":{"_yoast_wpseo_focuskw":"busca por im\u00f3veis","_yoast_wpseo_title":"%%title%%","_yoast_wpseo_metadesc":"O IDI-Brasil oferece insights valiosos sobre tend\u00eancias de demanda imobili\u00e1ria em todo o pa\u00eds, ajudando empresas e governo a tomarem decis\u00f5es.","jnews-multi-image_gallery":[],"jnews_single_post":{"format":"standard"},"jnews_primary_category":[],"jnews_social_meta":[],"jnews_override_counter":[],"footnotes":""},"categories":[108],"tags":[109,448],"class_list":["post-21215","post","type-post","status-publish","format-standard","has-post-thumbnail","hentry","category-cidades","tag-cidades","tag-imoveis"],"yoast_head":"<!-- This site is optimized with the Yoast SEO plugin v24.6 - https:\/\/yoast.com\/wordpress\/plugins\/seo\/ -->\n<title>Veja quais cidades est\u00e3o liderando no ranking de busca por im\u00f3veis<\/title>\n<meta name=\"description\" content=\"O IDI-Brasil oferece insights valiosos sobre tend\u00eancias de demanda imobili\u00e1ria em todo o pa\u00eds, ajudando empresas e governo a tomarem decis\u00f5es.\" \/>\n<meta name=\"robots\" content=\"index, follow, max-snippet:-1, max-image-preview:large, max-video-preview:-1\" \/>\n<link rel=\"canonical\" href=\"https:\/\/www.correiobraziliense.com.br\/cbradar\/veja-quais-cidades-estao-liderando-no-ranking-de-busca-por-imoveis\/\" \/>\n<meta property=\"og:locale\" content=\"pt_BR\" \/>\n<meta property=\"og:type\" content=\"article\" \/>\n<meta property=\"og:title\" content=\"Veja quais cidades est\u00e3o liderando no ranking de busca por im\u00f3veis\" \/>\n<meta property=\"og:description\" content=\"O IDI-Brasil oferece insights valiosos sobre tend\u00eancias de demanda imobili\u00e1ria em todo o pa\u00eds, ajudando empresas e governo a tomarem decis\u00f5es.\" \/>\n<meta property=\"og:url\" content=\"https:\/\/www.correiobraziliense.com.br\/cbradar\/veja-quais-cidades-estao-liderando-no-ranking-de-busca-por-imoveis\/\" \/>\n<meta property=\"og:site_name\" content=\"Correio Braziliense - Radar\" \/>\n<meta property=\"article:published_time\" content=\"2025-04-10T09:30:00+00:00\" \/>\n<meta property=\"og:image\" content=\"https:\/\/www.correiobraziliense.com.br\/cbradar\/wp-content\/uploads\/2025\/04\/cidade_1744206578718.jpg\" \/>\n\t<meta property=\"og:image:width\" content=\"1280\" \/>\n\t<meta property=\"og:image:height\" content=\"720\" \/>\n\t<meta property=\"og:image:type\" content=\"image\/jpeg\" \/>\n<meta name=\"author\" content=\"Larissa Carvalho\" \/>\n<meta name=\"twitter:card\" content=\"summary_large_image\" \/>\n<meta name=\"twitter:label1\" content=\"Escrito por\" \/>\n\t<meta name=\"twitter:data1\" content=\"Larissa Carvalho\" \/>\n\t<meta name=\"twitter:label2\" content=\"Est. tempo de leitura\" \/>\n\t<meta name=\"twitter:data2\" content=\"3 minutos\" \/>\n<!-- \/ Yoast SEO plugin. -->","yoast_head_json":{"title":"Veja quais cidades est\u00e3o liderando no ranking de busca por im\u00f3veis","description":"O IDI-Brasil oferece insights valiosos sobre tend\u00eancias de demanda imobili\u00e1ria em todo o pa\u00eds, ajudando empresas e governo a tomarem decis\u00f5es.","robots":{"index":"index","follow":"follow","max-snippet":"max-snippet:-1","max-image-preview":"max-image-preview:large","max-video-preview":"max-video-preview:-1"},"canonical":"https:\/\/www.correiobraziliense.com.br\/cbradar\/veja-quais-cidades-estao-liderando-no-ranking-de-busca-por-imoveis\/","og_locale":"pt_BR","og_type":"article","og_title":"Veja quais cidades est\u00e3o liderando no ranking de busca por im\u00f3veis","og_description":"O IDI-Brasil oferece insights valiosos sobre tend\u00eancias de demanda imobili\u00e1ria em todo o pa\u00eds, ajudando empresas e governo a tomarem decis\u00f5es.","og_url":"https:\/\/www.correiobraziliense.com.br\/cbradar\/veja-quais-cidades-estao-liderando-no-ranking-de-busca-por-imoveis\/","og_site_name":"Correio Braziliense - Radar","article_published_time":"2025-04-10T09:30:00+00:00","og_image":[{"width":1280,"height":720,"url":"https:\/\/www.correiobraziliense.com.br\/cbradar\/wp-content\/uploads\/2025\/04\/cidade_1744206578718.jpg","type":"image\/jpeg"}],"author":"Larissa Carvalho","twitter_card":"summary_large_image","twitter_misc":{"Escrito por":"Larissa Carvalho","Est. tempo de leitura":"3 minutos"},"schema":{"@context":"https:\/\/schema.org","@graph":[{"@type":"WebPage","@id":"https:\/\/www.correiobraziliense.com.br\/cbradar\/veja-quais-cidades-estao-liderando-no-ranking-de-busca-por-imoveis\/","url":"https:\/\/www.correiobraziliense.com.br\/cbradar\/veja-quais-cidades-estao-liderando-no-ranking-de-busca-por-imoveis\/","name":"Veja quais cidades est\u00e3o liderando no ranking de busca por im\u00f3veis","isPartOf":{"@id":"https:\/\/www.correiobraziliense.com.br\/cbradar\/#website"},"primaryImageOfPage":{"@id":"https:\/\/www.correiobraziliense.com.br\/cbradar\/veja-quais-cidades-estao-liderando-no-ranking-de-busca-por-imoveis\/#primaryimage"},"image":{"@id":"https:\/\/www.correiobraziliense.com.br\/cbradar\/veja-quais-cidades-estao-liderando-no-ranking-de-busca-por-imoveis\/#primaryimage"},"thumbnailUrl":"https:\/\/www.correiobraziliense.com.br\/cbradar\/wp-content\/uploads\/2025\/04\/cidade_1744206578718.jpg","datePublished":"2025-04-10T09:30:00+00:00","author":{"@id":"https:\/\/www.correiobraziliense.com.br\/cbradar\/#\/schema\/person\/58422787644df994b53a19d3e56c1513"},"description":"O IDI-Brasil oferece insights valiosos sobre tend\u00eancias de demanda imobili\u00e1ria em todo o pa\u00eds, ajudando empresas e governo a tomarem decis\u00f5es.","breadcrumb":{"@id":"https:\/\/www.correiobraziliense.com.br\/cbradar\/veja-quais-cidades-estao-liderando-no-ranking-de-busca-por-imoveis\/#breadcrumb"},"inLanguage":"pt-BR","potentialAction":[{"@type":"ReadAction","target":["https:\/\/www.correiobraziliense.com.br\/cbradar\/veja-quais-cidades-estao-liderando-no-ranking-de-busca-por-imoveis\/"]}]},{"@type":"ImageObject","inLanguage":"pt-BR","@id":"https:\/\/www.correiobraziliense.com.br\/cbradar\/veja-quais-cidades-estao-liderando-no-ranking-de-busca-por-imoveis\/#primaryimage","url":"https:\/\/www.correiobraziliense.com.br\/cbradar\/wp-content\/uploads\/2025\/04\/cidade_1744206578718.jpg","contentUrl":"https:\/\/www.correiobraziliense.com.br\/cbradar\/wp-content\/uploads\/2025\/04\/cidade_1744206578718.jpg","width":1280,"height":720,"caption":"cidade.Cr\u00e9ditos: depositphotos.com \/ AlexShadyuk"},{"@type":"BreadcrumbList","@id":"https:\/\/www.correiobraziliense.com.br\/cbradar\/veja-quais-cidades-estao-liderando-no-ranking-de-busca-por-imoveis\/#breadcrumb","itemListElement":[{"@type":"ListItem","position":1,"name":"In\u00edcio","item":"https:\/\/www.correiobraziliense.com.br\/cbradar\/"},{"@type":"ListItem","position":2,"name":"Veja quais cidades est\u00e3o liderando no ranking de busca por im\u00f3veis"}]},{"@type":"WebSite","@id":"https:\/\/www.correiobraziliense.com.br\/cbradar\/#website","url":"https:\/\/www.correiobraziliense.com.br\/cbradar\/","name":"Correio Braziliense - Radar","description":"Acompanhe as \u00faltimas not\u00edcias e fique bem informado sobre tudo o que acontece no Brasil e no mundo.","potentialAction":[{"@type":"SearchAction","target":{"@type":"EntryPoint","urlTemplate":"https:\/\/www.correiobraziliense.com.br\/cbradar\/?s={search_term_string}"},"query-input":{"@type":"PropertyValueSpecification","valueRequired":true,"valueName":"search_term_string"}}],"inLanguage":"pt-BR"},{"@type":"Person","@id":"https:\/\/www.correiobraziliense.com.br\/cbradar\/#\/schema\/person\/58422787644df994b53a19d3e56c1513","name":"Larissa Carvalho","image":{"@type":"ImageObject","inLanguage":"pt-BR","@id":"https:\/\/www.correiobraziliense.com.br\/cbradar\/#\/schema\/person\/image\/","url":"https:\/\/secure.gravatar.com\/avatar\/fe4f91a0de32b52a838d0d612abdc1aa?s=96&d=mm&r=g","contentUrl":"https:\/\/secure.gravatar.com\/avatar\/fe4f91a0de32b52a838d0d612abdc1aa?s=96&d=mm&r=g","caption":"Larissa Carvalho"},"url":"https:\/\/www.correiobraziliense.com.br\/cbradar\/author\/larissamyth\/"}]}},"_links":{"self":[{"href":"https:\/\/www.correiobraziliense.com.br\/cbradar\/wp-json\/wp\/v2\/posts\/21215","targetHints":{"allow":["GET"]}}],"collection":[{"href":"https:\/\/www.correiobraziliense.com.br\/cbradar\/wp-json\/wp\/v2\/posts"}],"about":[{"href":"https:\/\/www.correiobraziliense.com.br\/cbradar\/wp-json\/wp\/v2\/types\/post"}],"author":[{"embeddable":true,"href":"https:\/\/www.correiobraziliense.com.br\/cbradar\/wp-json\/wp\/v2\/users\/3"}],"replies":[{"embeddable":true,"href":"https:\/\/www.correiobraziliense.com.br\/cbradar\/wp-json\/wp\/v2\/comments?post=21215"}],"version-history":[{"count":2,"href":"https:\/\/www.correiobraziliense.com.br\/cbradar\/wp-json\/wp\/v2\/posts\/21215\/revisions"}],"predecessor-version":[{"id":21385,"href":"https:\/\/www.correiobraziliense.com.br\/cbradar\/wp-json\/wp\/v2\/posts\/21215\/revisions\/21385"}],"wp:featuredmedia":[{"embeddable":true,"href":"https:\/\/www.correiobraziliense.com.br\/cbradar\/wp-json\/wp\/v2\/media\/21225"}],"wp:attachment":[{"href":"https:\/\/www.correiobraziliense.com.br\/cbradar\/wp-json\/wp\/v2\/media?parent=21215"}],"wp:term":[{"taxonomy":"category","embeddable":true,"href":"https:\/\/www.correiobraziliense.com.br\/cbradar\/wp-json\/wp\/v2\/categories?post=21215"},{"taxonomy":"post_tag","embeddable":true,"href":"https:\/\/www.correiobraziliense.com.br\/cbradar\/wp-json\/wp\/v2\/tags?post=21215"}],"curies":[{"name":"wp","href":"https:\/\/api.w.org\/{rel}","templated":true}]}}