{"id":21235,"date":"2025-04-10T19:30:00","date_gmt":"2025-04-10T22:30:00","guid":{"rendered":"https:\/\/www.correiobraziliense.com.br\/cbradar\/?p=21235"},"modified":"2025-07-01T09:48:09","modified_gmt":"2025-07-01T12:48:09","slug":"nova-temporada-de-entrevista-com-o-vampiro-e-confirmada-veja-data","status":"publish","type":"post","link":"https:\/\/www.correiobraziliense.com.br\/cbradar\/nova-temporada-de-entrevista-com-o-vampiro-e-confirmada-veja-data\/","title":{"rendered":"Nova temporada de &#8220;Entrevista com o Vampiro&#8221; \u00e9 confirmada, veja data"},"content":{"rendered":"\n<p>A <strong>AMC<\/strong> confirmou oficialmente que <strong>Entrevista com o Vampiro<\/strong> voltar\u00e1 para sua terceira temporada em 2026, marcando uma transforma\u00e7\u00e3o radical na <strong><a href=\"https:\/\/www.correiobraziliense.com.br\/cbradar\/a-serie-mais-estranha-e-emocionante-que-voce-vai-assistir-na-netflix\/\" target=\"_blank\" rel=\"noreferrer noopener\">narrativa<\/a><\/strong>. A nova fase abandonar\u00e1 completamente o formato de entrevista para focar na perspectiva de <strong>Lestat de Lioncourt<\/strong>, interpretado por <strong>Sam Reid<\/strong>, que assumir\u00e1 o protagonismo como uma estrela do rock imortal. A mudan\u00e7a representa um dos saltos narrativos mais ousados da televis\u00e3o contempor\u00e2nea, baseando-se no segundo livro de <strong>Anne Rice<\/strong>, <strong>O Vampiro Lestat<\/strong>.<\/p>\n\n\n\n<p>A produ\u00e7\u00e3o j\u00e1 iniciou as filmagens em <strong>Toronto<\/strong> durante junho de 2025, com <strong>Rolin Jones<\/strong> retornando como criador e showrunner. O projeto promete redefinir completamente a est\u00e9tica visual da s\u00e9rie, abandonando o tom contemplativo das duas primeiras temporadas para abra\u00e7ar a energia fren\u00e9tica do mundo do rock. <strong>Jones<\/strong> declarou que os espectadores sentir\u00e3o como se <strong>Lestat<\/strong> tivesse &#8220;sequestrado&#8221; a s\u00e9rie, alterando fundamentalmente a experi\u00eancia visual e narrativa.<\/p>\n\n\n\n<h2 class=\"wp-block-heading\"><strong>Como Sam Reid se preparou para o desafio musical?<\/strong><\/h2>\n\n\n\n<p><strong>Sam Reid<\/strong> enfrenta seu maior desafio interpretativo ao transformar <strong>Lestat<\/strong> de antagonista manipulador em astro musical carism\u00e1tico. O ator australiano de 38 anos precisou expandir suas habilidades musicais, trabalhando intensivamente com o compositor <strong>Daniel Hart<\/strong> para desenvolver as can\u00e7\u00f5es originais da temporada. <strong>Reid<\/strong> j\u00e1 demonstrou sua versatilidade vocal em &#8220;Come to Me&#8221; e &#8220;Long Face&#8221;, m\u00fasicas que estabelecem o tom rockstar para a nova fase.<\/p>\n\n\n\n<p>A prepara\u00e7\u00e3o envolveu sess\u00f5es extensas de canto e piano, al\u00e9m de estudos sobre performers ic\u00f4nicos como <strong>David Bowie<\/strong> durante a era <strong>Ziggy Stardust<\/strong> e <strong>T. Rex<\/strong>. <strong>Reid<\/strong> revelou que sua abordagem vocal para <strong>Lestat<\/strong> sempre foi intencionalmente &#8220;estranha e et\u00e9rea&#8221;, refletindo a natureza imitativa do vampiro. Agora, essa caracter\u00edstica ganha nova dimens\u00e3o no palco, onde <strong>Lestat<\/strong> pode expressar sua teatralidade natural. O ator tamb\u00e9m precisou dominar a presen\u00e7a de palco, algo que sua forma\u00e7\u00e3o teatral na <strong>London Academy of Music and Dramatic Art<\/strong> facilitou consideravelmente.<\/p>\n\n\n\n<iframe loading=\"lazy\" width=\"560\" height=\"315\" src=\"https:\/\/www.youtube.com\/embed\/khBcT3S1hPM?si=YuYFGvWXPcpDMYsE\" title=\"YouTube video player\" frameborder=\"0\" allow=\"accelerometer; autoplay; clipboard-write; encrypted-media; gyroscope; picture-in-picture; web-share\" referrerpolicy=\"strict-origin-when-cross-origin\" allowfullscreen><\/iframe>\n\n\n\n<h2 class=\"wp-block-heading\"><strong>Que mudan\u00e7as estruturais esperar na nova temporada?<\/strong><\/h2>\n\n\n\n<p>A terceira temporada representa uma ruptura completa com a estrutura narrativa anterior. Enquanto as duas primeiras temporadas funcionavam como flashbacks de <strong>Louis de Pointe du Lac<\/strong> (<strong>Jacob Anderson<\/strong>), a nova fase adota perspectiva linear focada em <strong>Lestat<\/strong>. A hist\u00f3ria cobrir\u00e1 m\u00faltiplas \u00e9pocas da vida do vampiro, desde sua transforma\u00e7\u00e3o na Fran\u00e7a at\u00e9 sua ascens\u00e3o como fen\u00f4meno musical contempor\u00e2neo.<\/p>\n\n\n\n<p><strong>Rolin Jones<\/strong> e sua equipe criativa prometem incorporar elementos dos livros <strong>A Rainha dos Condenados<\/strong> e <strong>O Vampiro Armand<\/strong>, expandindo o universo al\u00e9m da narrativa principal. Novos personagens incluem <strong>Gabrielle<\/strong> (m\u00e3e de <strong>Lestat<\/strong>), <strong>Magnus<\/strong> (seu criador), <strong>Marius<\/strong> (vampiro ancestral) e <strong>Akasha<\/strong> e <strong>Enkil<\/strong> (os primeiros vampiros conhecidos). Essa expans\u00e3o do elenco permitir\u00e1 que a s\u00e9rie explore milhares de anos de hist\u00f3ria vampiresca, algo que as temporadas anteriores apenas sugeriram.<\/p>\n\n\n\n<figure class=\"wp-block-image size-large\"><img decoding=\"async\" width=\"1024\" height=\"576\" src=\"https:\/\/www.correiobraziliense.com.br\/cbradar\/wp-content\/uploads\/2025\/04\/Entrevista-com-o-Vampiro-1024x576.png\" alt=\"Nova temporada de &quot;Entrevista com o Vampiro&quot; \u00e9 confirmada, veja data\" class=\"wp-image-21241\" srcset=\"https:\/\/www.correiobraziliense.com.br\/cbradar\/wp-content\/uploads\/2025\/04\/Entrevista-com-o-Vampiro-1024x576.png 1024w, https:\/\/www.correiobraziliense.com.br\/cbradar\/wp-content\/uploads\/2025\/04\/Entrevista-com-o-Vampiro-300x169.png 300w, https:\/\/www.correiobraziliense.com.br\/cbradar\/wp-content\/uploads\/2025\/04\/Entrevista-com-o-Vampiro-768x432.png 768w, https:\/\/www.correiobraziliense.com.br\/cbradar\/wp-content\/uploads\/2025\/04\/Entrevista-com-o-Vampiro-750x422.png 750w, https:\/\/www.correiobraziliense.com.br\/cbradar\/wp-content\/uploads\/2025\/04\/Entrevista-com-o-Vampiro-1140x641.png 1140w, https:\/\/www.correiobraziliense.com.br\/cbradar\/wp-content\/uploads\/2025\/04\/Entrevista-com-o-Vampiro.png 1280w\" sizes=\"(max-width: 1024px) 100vw, 1024px\" \/><figcaption class=\"wp-element-caption\">Entrevista com o Vampiro. Fonte: divulga\u00e7\u00e3o \/ Prime Video<\/figcaption><\/figure>\n\n\n\n<h2 class=\"wp-block-heading\"><strong>Por que esta transforma\u00e7\u00e3o marca um marco na franquia?<\/strong><\/h2>\n\n\n\n<p>A decis\u00e3o de centrar a narrativa em <strong>Lestat<\/strong> reflete tanto o sucesso cr\u00edtico de <strong>Sam Reid<\/strong> quanto a necessidade de renova\u00e7\u00e3o ap\u00f3s duas temporadas intensas. <strong>Reid<\/strong> recebeu indica\u00e7\u00e3o ao <strong>Critics&#8217; Choice Television Award<\/strong> por sua performance, sendo elogiado pela cr\u00edtica como superior \u00e0 interpreta\u00e7\u00e3o de <strong>Tom Cruise<\/strong> no filme de 1994. Sua capacidade de alternar entre charme sedutor e crueldade manipuladora estabeleceu nova refer\u00eancia para o personagem.<\/p>\n\n\n\n<p>A transforma\u00e7\u00e3o tamb\u00e9m responde \u00e0 demanda dos f\u00e3s por explora\u00e7\u00e3o mais profunda do universo de <strong>Anne Rice<\/strong>. A <strong>AMC<\/strong> investiu pesadamente no <strong>Universo Imortal<\/strong>, incluindo <strong>Mayfair Witches<\/strong> e a pr\u00f3xima s\u00e9rie <strong>The Talamasca<\/strong>. <strong>Entrevista com o Vampiro<\/strong> funciona como \u00e2ncora deste universo expandido, estabelecendo funda\u00e7\u00f5es narrativas para futuras conex\u00f5es entre as propriedades. A s\u00e9rie j\u00e1 arrecadou mais de 150 milh\u00f5es em vendas de livros relacionados, demonstrando o impacto comercial da adapta\u00e7\u00e3o.<\/p>\n\n\n\n<h2 class=\"wp-block-heading\"><strong>Qual o legado esperado para esta nova fase?<\/strong><\/h2>\n\n\n\n<p>A terceira temporada de <strong>Entrevista com o Vampiro<\/strong> possui potencial para redefinir adapta\u00e7\u00f5es televisivas de literatura g\u00f3tica. <strong>Jones<\/strong> declarou inten\u00e7\u00e3o de criar &#8220;uma pequena obra-prima pop&#8221;, comparando suas ambi\u00e7\u00f5es aos musicais <strong>Hedwig and the Angry Inch<\/strong> e <strong>Rocky Horror Picture Show<\/strong>. Essa abordagem h\u00edbrida entre drama vampiresco e musical rock representa territ\u00f3rio inexplorado na televis\u00e3o premium.<\/p>\n\n\n\n<p><strong>Sam Reid<\/strong> expressou gratid\u00e3o pela oportunidade de explorar <strong>Lestat<\/strong> de forma t\u00e3o abrangente, algo que nem <strong>Tom Cruise<\/strong>, nem <strong>Stuart Townsend<\/strong> conseguiram em suas vers\u00f5es cinematogr\u00e1ficas. A s\u00e9rie televisiva permite o desenvolvimento de arcos narrativos imposs\u00edveis no formato filme, considerando especialmente a complexidade do material original. O sucesso desta temporada determinar\u00e1 se a <strong>AMC<\/strong> continuar\u00e1 expandindo o universo de <strong>Rice<\/strong> ou se <strong>Entrevista com o Vampiro<\/strong> permanecer\u00e1 como projeto isolado dentro do <strong>Universo Imortal<\/strong>.<\/p>\n","protected":false},"excerpt":{"rendered":"<p>A aguardada terceira temporada de Entrevista com o Vampiro, baseada nos romances de Anne Rice, ser\u00e1 lan\u00e7ada em 2026.<\/p>\n","protected":false},"author":3,"featured_media":21240,"comment_status":"open","ping_status":"open","sticky":false,"template":"","format":"standard","meta":{"_yoast_wpseo_focuskw":"Entrevista com o Vampiro","_yoast_wpseo_title":"%%title%%","_yoast_wpseo_metadesc":"A aguardada terceira temporada de Entrevista com o Vampiro, baseada nos romances de Anne Rice, ser\u00e1 lan\u00e7ada em 2026.","jnews-multi-image_gallery":[],"jnews_single_post":{"format":"standard"},"jnews_primary_category":[],"jnews_social_meta":[],"jnews_override_counter":[],"footnotes":""},"categories":[140],"post_tag":[3085,568],"class_list":["post-21235","post","type-post","status-publish","format-standard","has-post-thumbnail","hentry","category-entretenimento","tag-entrevista-com-o-vampiro","tag-series-e-filmes"],"yoast_head":"<!-- This site is optimized with the Yoast SEO plugin v24.6 - https:\/\/yoast.com\/wordpress\/plugins\/seo\/ -->\n<title>Nova temporada de &quot;Entrevista com o Vampiro&quot; \u00e9 confirmada, veja data<\/title>\n<meta name=\"description\" content=\"A aguardada terceira temporada de Entrevista com o Vampiro, baseada nos romances de Anne Rice, ser\u00e1 lan\u00e7ada em 2026.\" \/>\n<meta name=\"robots\" content=\"index, follow, max-snippet:-1, max-image-preview:large, max-video-preview:-1\" \/>\n<link rel=\"canonical\" href=\"https:\/\/www.correiobraziliense.com.br\/cbradar\/nova-temporada-de-entrevista-com-o-vampiro-e-confirmada-veja-data\/\" \/>\n<meta property=\"og:locale\" content=\"pt_BR\" \/>\n<meta property=\"og:type\" content=\"article\" \/>\n<meta property=\"og:title\" content=\"Nova temporada de &quot;Entrevista com o Vampiro&quot; \u00e9 confirmada, veja data\" \/>\n<meta property=\"og:description\" content=\"A aguardada terceira temporada de Entrevista com o Vampiro, baseada nos romances de Anne Rice, ser\u00e1 lan\u00e7ada em 2026.\" \/>\n<meta property=\"og:url\" content=\"https:\/\/www.correiobraziliense.com.br\/cbradar\/nova-temporada-de-entrevista-com-o-vampiro-e-confirmada-veja-data\/\" \/>\n<meta property=\"og:site_name\" content=\"Correio Braziliense - Radar\" \/>\n<meta property=\"article:published_time\" content=\"2025-04-10T22:30:00+00:00\" \/>\n<meta property=\"article:modified_time\" content=\"2025-07-01T12:48:09+00:00\" \/>\n<meta property=\"og:image\" content=\"https:\/\/www.correiobraziliense.com.br\/cbradar\/wp-content\/uploads\/2025\/04\/Entrevista-com-o-Vampiro-2.png\" \/>\n\t<meta property=\"og:image:width\" content=\"1280\" \/>\n\t<meta property=\"og:image:height\" content=\"720\" \/>\n\t<meta property=\"og:image:type\" content=\"image\/png\" \/>\n<meta name=\"author\" content=\"Larissa Carvalho\" \/>\n<meta name=\"twitter:card\" content=\"summary_large_image\" \/>\n<meta name=\"twitter:label1\" content=\"Escrito por\" \/>\n\t<meta name=\"twitter:data1\" content=\"Larissa Carvalho\" \/>\n\t<meta name=\"twitter:label2\" content=\"Est. tempo de leitura\" \/>\n\t<meta name=\"twitter:data2\" content=\"5 minutos\" \/>\n<!-- \/ Yoast SEO plugin. -->","yoast_head_json":{"title":"Nova temporada de \"Entrevista com o Vampiro\" \u00e9 confirmada, veja data","description":"A aguardada terceira temporada de Entrevista com o Vampiro, baseada nos romances de Anne Rice, ser\u00e1 lan\u00e7ada em 2026.","robots":{"index":"index","follow":"follow","max-snippet":"max-snippet:-1","max-image-preview":"max-image-preview:large","max-video-preview":"max-video-preview:-1"},"canonical":"https:\/\/www.correiobraziliense.com.br\/cbradar\/nova-temporada-de-entrevista-com-o-vampiro-e-confirmada-veja-data\/","og_locale":"pt_BR","og_type":"article","og_title":"Nova temporada de \"Entrevista com o Vampiro\" \u00e9 confirmada, veja data","og_description":"A aguardada terceira temporada de Entrevista com o Vampiro, baseada nos romances de Anne Rice, ser\u00e1 lan\u00e7ada em 2026.","og_url":"https:\/\/www.correiobraziliense.com.br\/cbradar\/nova-temporada-de-entrevista-com-o-vampiro-e-confirmada-veja-data\/","og_site_name":"Correio Braziliense - Radar","article_published_time":"2025-04-10T22:30:00+00:00","article_modified_time":"2025-07-01T12:48:09+00:00","og_image":[{"width":1280,"height":720,"url":"https:\/\/www.correiobraziliense.com.br\/cbradar\/wp-content\/uploads\/2025\/04\/Entrevista-com-o-Vampiro-2.png","type":"image\/png"}],"author":"Larissa Carvalho","twitter_card":"summary_large_image","twitter_misc":{"Escrito por":"Larissa Carvalho","Est. tempo de leitura":"5 minutos"},"schema":{"@context":"https:\/\/schema.org","@graph":[{"@type":"WebPage","@id":"https:\/\/www.correiobraziliense.com.br\/cbradar\/nova-temporada-de-entrevista-com-o-vampiro-e-confirmada-veja-data\/","url":"https:\/\/www.correiobraziliense.com.br\/cbradar\/nova-temporada-de-entrevista-com-o-vampiro-e-confirmada-veja-data\/","name":"Nova temporada de \"Entrevista com o Vampiro\" \u00e9 confirmada, veja data","isPartOf":{"@id":"https:\/\/www.correiobraziliense.com.br\/cbradar\/#website"},"primaryImageOfPage":{"@id":"https:\/\/www.correiobraziliense.com.br\/cbradar\/nova-temporada-de-entrevista-com-o-vampiro-e-confirmada-veja-data\/#primaryimage"},"image":{"@id":"https:\/\/www.correiobraziliense.com.br\/cbradar\/nova-temporada-de-entrevista-com-o-vampiro-e-confirmada-veja-data\/#primaryimage"},"thumbnailUrl":"https:\/\/www.correiobraziliense.com.br\/cbradar\/wp-content\/uploads\/2025\/04\/Entrevista-com-o-Vampiro-2.png","datePublished":"2025-04-10T22:30:00+00:00","dateModified":"2025-07-01T12:48:09+00:00","author":{"@id":"https:\/\/www.correiobraziliense.com.br\/cbradar\/#\/schema\/person\/58422787644df994b53a19d3e56c1513"},"description":"A aguardada terceira temporada de Entrevista com o Vampiro, baseada nos romances de Anne Rice, ser\u00e1 lan\u00e7ada em 2026.","breadcrumb":{"@id":"https:\/\/www.correiobraziliense.com.br\/cbradar\/nova-temporada-de-entrevista-com-o-vampiro-e-confirmada-veja-data\/#breadcrumb"},"inLanguage":"pt-BR","potentialAction":[{"@type":"ReadAction","target":["https:\/\/www.correiobraziliense.com.br\/cbradar\/nova-temporada-de-entrevista-com-o-vampiro-e-confirmada-veja-data\/"]}]},{"@type":"ImageObject","inLanguage":"pt-BR","@id":"https:\/\/www.correiobraziliense.com.br\/cbradar\/nova-temporada-de-entrevista-com-o-vampiro-e-confirmada-veja-data\/#primaryimage","url":"https:\/\/www.correiobraziliense.com.br\/cbradar\/wp-content\/uploads\/2025\/04\/Entrevista-com-o-Vampiro-2.png","contentUrl":"https:\/\/www.correiobraziliense.com.br\/cbradar\/wp-content\/uploads\/2025\/04\/Entrevista-com-o-Vampiro-2.png","width":1280,"height":720,"caption":"Entrevista com o Vampiro. Fonte: divulga\u00e7\u00e3o \/ Prime Video"},{"@type":"BreadcrumbList","@id":"https:\/\/www.correiobraziliense.com.br\/cbradar\/nova-temporada-de-entrevista-com-o-vampiro-e-confirmada-veja-data\/#breadcrumb","itemListElement":[{"@type":"ListItem","position":1,"name":"In\u00edcio","item":"https:\/\/www.correiobraziliense.com.br\/cbradar\/"},{"@type":"ListItem","position":2,"name":"Nova temporada de &#8220;Entrevista com o Vampiro&#8221; \u00e9 confirmada, veja data"}]},{"@type":"WebSite","@id":"https:\/\/www.correiobraziliense.com.br\/cbradar\/#website","url":"https:\/\/www.correiobraziliense.com.br\/cbradar\/","name":"Correio Braziliense - Radar","description":"Acompanhe as \u00faltimas not\u00edcias e fique bem informado sobre tudo o que acontece no Brasil e no mundo.","potentialAction":[{"@type":"SearchAction","target":{"@type":"EntryPoint","urlTemplate":"https:\/\/www.correiobraziliense.com.br\/cbradar\/?s={search_term_string}"},"query-input":{"@type":"PropertyValueSpecification","valueRequired":true,"valueName":"search_term_string"}}],"inLanguage":"pt-BR"},{"@type":"Person","@id":"https:\/\/www.correiobraziliense.com.br\/cbradar\/#\/schema\/person\/58422787644df994b53a19d3e56c1513","name":"Larissa Carvalho","image":{"@type":"ImageObject","inLanguage":"pt-BR","@id":"https:\/\/www.correiobraziliense.com.br\/cbradar\/#\/schema\/person\/image\/","url":"https:\/\/secure.gravatar.com\/avatar\/fe4f91a0de32b52a838d0d612abdc1aa?s=96&d=mm&r=g","contentUrl":"https:\/\/secure.gravatar.com\/avatar\/fe4f91a0de32b52a838d0d612abdc1aa?s=96&d=mm&r=g","caption":"Larissa Carvalho"},"url":"https:\/\/www.correiobraziliense.com.br\/cbradar\/author\/larissamyth\/"}]}},"_links":{"self":[{"href":"https:\/\/www.correiobraziliense.com.br\/cbradar\/wp-json\/wp\/v2\/posts\/21235","targetHints":{"allow":["GET"]}}],"collection":[{"href":"https:\/\/www.correiobraziliense.com.br\/cbradar\/wp-json\/wp\/v2\/posts"}],"about":[{"href":"https:\/\/www.correiobraziliense.com.br\/cbradar\/wp-json\/wp\/v2\/types\/post"}],"author":[{"embeddable":true,"href":"https:\/\/www.correiobraziliense.com.br\/cbradar\/wp-json\/wp\/v2\/users\/3"}],"replies":[{"embeddable":true,"href":"https:\/\/www.correiobraziliense.com.br\/cbradar\/wp-json\/wp\/v2\/comments?post=21235"}],"version-history":[{"count":2,"href":"https:\/\/www.correiobraziliense.com.br\/cbradar\/wp-json\/wp\/v2\/posts\/21235\/revisions"}],"predecessor-version":[{"id":62609,"href":"https:\/\/www.correiobraziliense.com.br\/cbradar\/wp-json\/wp\/v2\/posts\/21235\/revisions\/62609"}],"wp:featuredmedia":[{"embeddable":true,"href":"https:\/\/www.correiobraziliense.com.br\/cbradar\/wp-json\/wp\/v2\/media\/21240"}],"wp:attachment":[{"href":"https:\/\/www.correiobraziliense.com.br\/cbradar\/wp-json\/wp\/v2\/media?parent=21235"}],"wp:term":[{"taxonomy":"category","embeddable":true,"href":"https:\/\/www.correiobraziliense.com.br\/cbradar\/wp-json\/wp\/v2\/categories?post=21235"},{"taxonomy":"post_tag","embeddable":true,"href":"https:\/\/www.correiobraziliense.com.br\/cbradar\/wp-json\/wp\/v2\/post_tag?post=21235"}],"curies":[{"name":"wp","href":"https:\/\/api.w.org\/{rel}","templated":true}]}}