{"id":21349,"date":"2025-04-10T11:10:00","date_gmt":"2025-04-10T14:10:00","guid":{"rendered":"https:\/\/www.correiobraziliense.com.br\/cbradar\/?p=21349"},"modified":"2025-04-09T15:39:19","modified_gmt":"2025-04-09T18:39:19","slug":"7-dicas-cruciais-para-plantar-suculentas-em-vaso","status":"publish","type":"post","link":"https:\/\/www.correiobraziliense.com.br\/cbradar\/7-dicas-cruciais-para-plantar-suculentas-em-vaso\/","title":{"rendered":"7 dicas cruciais para plantar suculentas em vaso"},"content":{"rendered":"\n<p>As <strong>suculentas<\/strong> s\u00e3o <a href=\"https:\/\/www.correiobraziliense.com.br\/cbradar\/conheca-as-flores-que-mais-florescem-em-locais-ensoralados\/\" target=\"_blank\" rel=\"noreferrer noopener\">plantas <\/a>adoradas por sua resist\u00eancia, beleza e versatilidade. Com uma grande variedade de formas, tamanhos e cores, elas s\u00e3o perfeitas para cultivar em vasos, seja em espa\u00e7os pequenos, como varandas e mesas, ou em \u00e1reas externas. Al\u00e9m disso, as suculentas s\u00e3o de f\u00e1cil manuten\u00e7\u00e3o, ideais para quem busca plantas pr\u00e1ticas e decorativas.<\/p>\n\n\n\n<p>Neste artigo, voc\u00ea aprender\u00e1 <strong>como plantar suculentas em vaso<\/strong> de forma simples, para garantir que suas plantas cres\u00e7am saud\u00e1veis e bonitas, com o m\u00ednimo de esfor\u00e7o.<\/p>\n\n\n\n<h2 class=\"wp-block-heading\">Qual \u00e9 o clima e ambiente ideal para cultivar em vaso?<\/h2>\n\n\n\n<p>As <strong>suculentas<\/strong> s\u00e3o plantas adaptadas a climas secos e quentes, o que as torna ideais para quem mora em regi\u00f5es com temperaturas elevadas e baixa umidade.<\/p>\n\n\n\n<h3 class=\"wp-block-heading\">Clima ideal:<\/h3>\n\n\n\n<ul class=\"wp-block-list\">\n<li><strong>Temperatura<\/strong>: As suculentas preferem temperaturas entre <strong>18\u00b0C e 30\u00b0C<\/strong>.<\/li>\n\n\n\n<li><strong>Evitar<\/strong>: Exposi\u00e7\u00e3o a geadas, ventos frios e locais com alta umidade.<\/li>\n\n\n\n<li><strong>Exposi\u00e7\u00e3o solar<\/strong>: Essas plantas adoram o <strong>sol direto<\/strong> e precisam de pelo menos <strong>4 a 6 horas de luz solar por dia<\/strong> para crescerem saud\u00e1veis.<\/li>\n<\/ul>\n\n\n\n<p>Se voc\u00ea estiver cultivando suculentas dentro de casa, escolha um local com boa ilumina\u00e7\u00e3o natural, como perto de janelas voltadas para o <strong>norte<\/strong> ou <strong>oeste<\/strong>.<\/p>\n\n\n\n<h2 class=\"wp-block-heading\">Como escolher o vaso ideal?<\/h2>\n\n\n\n<p>O vaso ideal para suculentas precisa ser <strong>grande o suficiente<\/strong> para acomodar as ra\u00edzes, mas n\u00e3o t\u00e3o grande que retenha \u00e1gua em excesso. Aqui est\u00e3o algumas dicas para escolher o vaso perfeito:<\/p>\n\n\n\n<h3 class=\"wp-block-heading\">Tamanho do vaso:<\/h3>\n\n\n\n<ul class=\"wp-block-list\">\n<li>O vaso deve ser um pouco maior que a planta, permitindo que ela cres\u00e7a sem sufocar as ra\u00edzes.<\/li>\n\n\n\n<li>A altura do vaso deve ser de pelo menos <strong>10 a 15 cm<\/strong>, dependendo do tamanho da planta.<\/li>\n<\/ul>\n\n\n\n<h3 class=\"wp-block-heading\">Material do vaso:<\/h3>\n\n\n\n<ul class=\"wp-block-list\">\n<li><strong>Vasos de cer\u00e2mica, barro ou terracota<\/strong> s\u00e3o os mais indicados, pois permitem a evapora\u00e7\u00e3o da \u00e1gua, prevenindo o ac\u00famulo de umidade nas ra\u00edzes.<\/li>\n\n\n\n<li>Evite vasos de pl\u00e1stico, pois eles podem reter muita \u00e1gua e prejudicar as suculentas.<\/li>\n<\/ul>\n\n\n\n<h3 class=\"wp-block-heading\">Drenagem:<\/h3>\n\n\n\n<ul class=\"wp-block-list\">\n<li>Escolha vasos com <strong>furos de drenagem<\/strong> no fundo. As suculentas n\u00e3o toleram ra\u00edzes encharcadas, por isso a drenagem \u00e9 essencial para evitar o apodrecimento das ra\u00edzes.<\/li>\n<\/ul>\n\n\n\n<h2 class=\"wp-block-heading\">Como preparar o solo?<\/h2>\n\n\n\n<p>O solo \u00e9 um fator crucial para o sucesso no cultivo de suculentas. Elas preferem solos bem drenados, leves e arenosos. Aqui est\u00e1 como preparar a mistura ideal:<\/p>\n\n\n\n<h3 class=\"wp-block-heading\">Mistura de solo:<\/h3>\n\n\n\n<ul class=\"wp-block-list\">\n<li><strong>3 partes de terra comum<\/strong><\/li>\n\n\n\n<li><strong>2 partes de areia grossa<\/strong><\/li>\n\n\n\n<li><strong>1 parte de perlita ou pedrinhas<\/strong> para melhorar a drenagem<\/li>\n<\/ul>\n\n\n\n<p>Voc\u00ea pode tamb\u00e9m comprar um substrato pronto para suculentas em lojas especializadas, que j\u00e1 vem com a composi\u00e7\u00e3o ideal para essas plantas.<\/p>\n\n\n\n<h2 class=\"wp-block-heading\">Como plantar em vaso?<\/h2>\n\n\n\n<p>Agora que voc\u00ea tem o vaso e o solo ideais, \u00e9 hora de plantar suas suculentas. Aqui est\u00e1 um passo a passo simples para plantar com sucesso:<\/p>\n\n\n\n<h3 class=\"wp-block-heading\">Passo 1: Prepara\u00e7\u00e3o do vaso<\/h3>\n\n\n\n<ul class=\"wp-block-list\">\n<li>Coloque uma camada de pedras ou cacos de cer\u00e2mica no fundo do vaso para ajudar na drenagem.<\/li>\n\n\n\n<li>Encha o vaso com a mistura de solo preparada, deixando cerca de 2 a 3 cm abaixo da borda do vaso.<\/li>\n<\/ul>\n\n\n\n<h3 class=\"wp-block-heading\">Passo 2: Plantio<\/h3>\n\n\n\n<ul class=\"wp-block-list\">\n<li>Retire a suculenta do recipiente original com cuidado, evitando danificar as ra\u00edzes.<\/li>\n\n\n\n<li>Coloque a planta no centro do vaso e ajuste a quantidade de solo ao redor das ra\u00edzes, pressionando levemente para fix\u00e1-la no lugar.<\/li>\n\n\n\n<li>Complete com mais terra at\u00e9 a base da planta, garantindo que a raiz fique coberta, mas o caule n\u00e3o esteja enterrado.<\/li>\n<\/ul>\n\n\n\n<h3 class=\"wp-block-heading\">Passo 3: Rega<\/h3>\n\n\n\n<ul class=\"wp-block-list\">\n<li>Ap\u00f3s o plantio, regue levemente as suculentas. N\u00e3o exagere na \u00e1gua, pois elas preferem solo seco entre as regas.<\/li>\n<\/ul>\n\n\n<div class=\"wp-block-image\">\n<figure class=\"aligncenter size-large\"><img decoding=\"async\" width=\"1024\" height=\"576\" src=\"https:\/\/www.correiobraziliense.com.br\/cbradar\/wp-content\/uploads\/2025\/02\/mini-estufa-_1740238205512-1024x576.jpg\" alt=\"\" class=\"wp-image-5129\" srcset=\"https:\/\/www.correiobraziliense.com.br\/cbradar\/wp-content\/uploads\/2025\/02\/mini-estufa-_1740238205512-1024x576.jpg 1024w, https:\/\/www.correiobraziliense.com.br\/cbradar\/wp-content\/uploads\/2025\/02\/mini-estufa-_1740238205512-300x169.jpg 300w, https:\/\/www.correiobraziliense.com.br\/cbradar\/wp-content\/uploads\/2025\/02\/mini-estufa-_1740238205512-768x432.jpg 768w, https:\/\/www.correiobraziliense.com.br\/cbradar\/wp-content\/uploads\/2025\/02\/mini-estufa-_1740238205512-750x422.jpg 750w, https:\/\/www.correiobraziliense.com.br\/cbradar\/wp-content\/uploads\/2025\/02\/mini-estufa-_1740238205512-1140x641.jpg 1140w, https:\/\/www.correiobraziliense.com.br\/cbradar\/wp-content\/uploads\/2025\/02\/mini-estufa-_1740238205512.jpg 1280w\" sizes=\"(max-width: 1024px) 100vw, 1024px\" \/><figcaption class=\"wp-element-caption\">Suculentas &#8211; Cr\u00e9ditos: depositphotos.com \/ xuanhuongho<\/figcaption><\/figure><\/div>\n\n\n<h2 class=\"wp-block-heading\">Como cuidar das suculentas em vaso?<\/h2>\n\n\n\n<p>As <strong>suculentas<\/strong> s\u00e3o plantas de baixo custo e manuten\u00e7\u00e3o, mas alguns cuidados s\u00e3o necess\u00e1rios para garantir que cres\u00e7am saud\u00e1veis e bonitas.<\/p>\n\n\n\n<h3 class=\"wp-block-heading\">Rega:<\/h3>\n\n\n\n<ul class=\"wp-block-list\">\n<li>As suculentas preferem <strong>solo seco<\/strong> entre as regas. Regue somente quando o solo estiver completamente seco.<\/li>\n\n\n\n<li>Durante o inverno, diminua a frequ\u00eancia de rega, pois as suculentas entram em um per\u00edodo de dorm\u00eancia.<\/li>\n\n\n\n<li>Evite molhar as folhas, pois a \u00e1gua nas folhas pode causar o apodrecimento.<\/li>\n<\/ul>\n\n\n\n<h3 class=\"wp-block-heading\">Exposi\u00e7\u00e3o solar:<\/h3>\n\n\n\n<ul class=\"wp-block-list\">\n<li>Coloque suas suculentas em um local com <strong>luz direta<\/strong> por pelo menos <strong>4 horas<\/strong> por dia. Elas adoram o sol e suas folhas crescer\u00e3o mais coloridas e firmes.<\/li>\n<\/ul>\n\n\n\n<h3 class=\"wp-block-heading\">Fertiliza\u00e7\u00e3o:<\/h3>\n\n\n\n<ul class=\"wp-block-list\">\n<li>N\u00e3o \u00e9 necess\u00e1rio fertilizar frequentemente, mas voc\u00ea pode aplicar um fertilizante <strong>rico em pot\u00e1ssio<\/strong> uma vez por m\u00eas, durante a temporada de crescimento (primavera e ver\u00e3o).<\/li>\n\n\n\n<li>Use fertilizantes l\u00edquidos dilu\u00eddos para evitar sobrecarregar as plantas com nutrientes.<\/li>\n<\/ul>\n\n\n\n<h3 class=\"wp-block-heading\">Poda e manuten\u00e7\u00e3o:<\/h3>\n\n\n\n<ul class=\"wp-block-list\">\n<li><strong>Retire folhas secas<\/strong> ou danificadas regularmente para manter a planta saud\u00e1vel.<\/li>\n\n\n\n<li>Se a planta estiver crescendo muito ou fora de forma, pode ser necess\u00e1rio <strong>podar<\/strong> para manter a apar\u00eancia compacta e bem distribu\u00edda.<\/li>\n<\/ul>\n\n\n\n<h2 class=\"wp-block-heading\">Quando e como replantar?<\/h2>\n\n\n\n<p>As suculentas precisam ser replantadas quando atingem o tamanho m\u00e1ximo do vaso ou quando o solo perde a sua qualidade. O replantio pode ser feito de 1 a 2 anos, dependendo do crescimento da planta.<\/p>\n\n\n\n<h3 class=\"wp-block-heading\">Como replantar:<\/h3>\n\n\n\n<ul class=\"wp-block-list\">\n<li>Escolha um vaso um pouco maior, mantendo o mesmo tipo de solo.<\/li>\n\n\n\n<li>Remova a planta do vaso antigo com cuidado para n\u00e3o danificar as ra\u00edzes.<\/li>\n\n\n\n<li>Plante a suculenta no novo vaso da mesma forma que no plantio inicial.<\/li>\n<\/ul>\n\n\n\n<h2 class=\"wp-block-heading\">FAQ <\/h2>\n\n\n\n<p><strong>1. Qual o melhor lugar para colocar suculentas em casa?<\/strong><br>As suculentas precisam de <strong>luz solar direta<\/strong> por pelo menos 4 a 6 horas por dia. Coloque-as em janelas voltadas para o norte ou oeste, onde recebam boa ilumina\u00e7\u00e3o.<\/p>\n\n\n\n<p><strong>2. Como saber quando regar as suculentas?<\/strong><br>Regue quando o solo estiver <strong>completamente seco<\/strong>. Teste o solo com os dedos para verificar a umidade antes de regar novamente.<\/p>\n\n\n\n<p><strong>3. Suculentas precisam de fertilizante?<\/strong><br>As suculentas n\u00e3o exigem muitos nutrientes. Use fertilizante <strong>dilu\u00eddo<\/strong> uma vez por m\u00eas durante a primavera e o ver\u00e3o.<\/p>\n\n\n\n<p><strong>4. Por que minha suculenta est\u00e1 murchando?<\/strong><br>Se as suculentas est\u00e3o murchando, pode ser um sinal de <strong>excesso de \u00e1gua<\/strong>. As ra\u00edzes podem estar apodrecendo devido \u00e0 drenagem inadequada.<\/p>\n\n\n\n<p><strong>5. Posso cultivar v\u00e1rias suculentas no mesmo vaso?<\/strong><br>Sim, voc\u00ea pode cultivar v\u00e1rias suculentas no mesmo vaso, desde que o vaso seja grande o suficiente para acomod\u00e1-las e garantir boa drenagem.<\/p>\n","protected":false},"excerpt":{"rendered":"<p>As suculentas s\u00e3o plantas adoradas por sua resist\u00eancia, beleza e versatilidade. Com uma grande variedade de formas, tamanhos e cores, elas s\u00e3o perfeitas para cultivar em vasos, seja em espa\u00e7os pequenos, como varandas e mesas, ou em \u00e1reas externas. Al\u00e9m disso, as suculentas s\u00e3o de f\u00e1cil manuten\u00e7\u00e3o, ideais para quem busca plantas pr\u00e1ticas e decorativas. [&hellip;]<\/p>\n","protected":false},"author":9,"featured_media":21356,"comment_status":"open","ping_status":"open","sticky":false,"template":"","format":"standard","meta":{"_yoast_wpseo_focuskw":"suculentas","_yoast_wpseo_title":"%%title%% %%page%%","_yoast_wpseo_metadesc":"Aprenda como plantar e cuidar de suculentas em vaso com dicas pr\u00e1ticas para criar um jardim compacto e cheio de estilo.","jnews-multi-image_gallery":[],"jnews_single_post":{"format":"standard"},"jnews_primary_category":[],"jnews_social_meta":[],"jnews_override_counter":[],"footnotes":""},"categories":[136],"post_tag":[3069,3070,1363,3068],"class_list":["post-21349","post","type-post","status-publish","format-standard","has-post-thumbnail","hentry","category-jardinagem","tag-cuidar-de-suculentas","tag-dicas-de-suculentas","tag-suculentas","tag-suculentas-em-vaso"],"yoast_head":"<!-- This site is optimized with the Yoast SEO plugin v24.6 - https:\/\/yoast.com\/wordpress\/plugins\/seo\/ -->\n<title>7 dicas cruciais para plantar suculentas em vaso<\/title>\n<meta name=\"description\" content=\"Aprenda como plantar e cuidar de suculentas em vaso com dicas pr\u00e1ticas para criar um jardim compacto e cheio de estilo.\" \/>\n<meta name=\"robots\" content=\"index, follow, max-snippet:-1, max-image-preview:large, max-video-preview:-1\" \/>\n<link rel=\"canonical\" href=\"https:\/\/www.correiobraziliense.com.br\/cbradar\/7-dicas-cruciais-para-plantar-suculentas-em-vaso\/\" \/>\n<meta property=\"og:locale\" content=\"pt_BR\" \/>\n<meta property=\"og:type\" content=\"article\" \/>\n<meta property=\"og:title\" content=\"7 dicas cruciais para plantar suculentas em vaso\" \/>\n<meta property=\"og:description\" content=\"Aprenda como plantar e cuidar de suculentas em vaso com dicas pr\u00e1ticas para criar um jardim compacto e cheio de estilo.\" \/>\n<meta property=\"og:url\" content=\"https:\/\/www.correiobraziliense.com.br\/cbradar\/7-dicas-cruciais-para-plantar-suculentas-em-vaso\/\" \/>\n<meta property=\"og:site_name\" content=\"Correio Braziliense - Radar\" \/>\n<meta property=\"article:published_time\" content=\"2025-04-10T14:10:00+00:00\" \/>\n<meta property=\"og:image\" content=\"https:\/\/www.correiobraziliense.com.br\/cbradar\/wp-content\/uploads\/2025\/04\/suculentas_1744223876734.jpg\" \/>\n\t<meta property=\"og:image:width\" content=\"1280\" \/>\n\t<meta property=\"og:image:height\" content=\"720\" \/>\n\t<meta property=\"og:image:type\" content=\"image\/jpeg\" \/>\n<meta name=\"author\" content=\"Daniely Cardoso\" \/>\n<meta name=\"twitter:card\" content=\"summary_large_image\" \/>\n<meta name=\"twitter:label1\" content=\"Escrito por\" \/>\n\t<meta name=\"twitter:data1\" content=\"Daniely Cardoso\" \/>\n\t<meta name=\"twitter:label2\" content=\"Est. tempo de leitura\" \/>\n\t<meta name=\"twitter:data2\" content=\"6 minutos\" \/>\n<!-- \/ Yoast SEO plugin. -->","yoast_head_json":{"title":"7 dicas cruciais para plantar suculentas em vaso","description":"Aprenda como plantar e cuidar de suculentas em vaso com dicas pr\u00e1ticas para criar um jardim compacto e cheio de estilo.","robots":{"index":"index","follow":"follow","max-snippet":"max-snippet:-1","max-image-preview":"max-image-preview:large","max-video-preview":"max-video-preview:-1"},"canonical":"https:\/\/www.correiobraziliense.com.br\/cbradar\/7-dicas-cruciais-para-plantar-suculentas-em-vaso\/","og_locale":"pt_BR","og_type":"article","og_title":"7 dicas cruciais para plantar suculentas em vaso","og_description":"Aprenda como plantar e cuidar de suculentas em vaso com dicas pr\u00e1ticas para criar um jardim compacto e cheio de estilo.","og_url":"https:\/\/www.correiobraziliense.com.br\/cbradar\/7-dicas-cruciais-para-plantar-suculentas-em-vaso\/","og_site_name":"Correio Braziliense - Radar","article_published_time":"2025-04-10T14:10:00+00:00","og_image":[{"width":1280,"height":720,"url":"https:\/\/www.correiobraziliense.com.br\/cbradar\/wp-content\/uploads\/2025\/04\/suculentas_1744223876734.jpg","type":"image\/jpeg"}],"author":"Daniely Cardoso","twitter_card":"summary_large_image","twitter_misc":{"Escrito por":"Daniely Cardoso","Est. tempo de leitura":"6 minutos"},"schema":{"@context":"https:\/\/schema.org","@graph":[{"@type":"WebPage","@id":"https:\/\/www.correiobraziliense.com.br\/cbradar\/7-dicas-cruciais-para-plantar-suculentas-em-vaso\/","url":"https:\/\/www.correiobraziliense.com.br\/cbradar\/7-dicas-cruciais-para-plantar-suculentas-em-vaso\/","name":"7 dicas cruciais para plantar suculentas em vaso","isPartOf":{"@id":"https:\/\/www.correiobraziliense.com.br\/cbradar\/#website"},"primaryImageOfPage":{"@id":"https:\/\/www.correiobraziliense.com.br\/cbradar\/7-dicas-cruciais-para-plantar-suculentas-em-vaso\/#primaryimage"},"image":{"@id":"https:\/\/www.correiobraziliense.com.br\/cbradar\/7-dicas-cruciais-para-plantar-suculentas-em-vaso\/#primaryimage"},"thumbnailUrl":"https:\/\/www.correiobraziliense.com.br\/cbradar\/wp-content\/uploads\/2025\/04\/suculentas_1744223876734.jpg","datePublished":"2025-04-10T14:10:00+00:00","author":{"@id":"https:\/\/www.correiobraziliense.com.br\/cbradar\/#\/schema\/person\/7356666e12ec0ee53f348ee5db227032"},"description":"Aprenda como plantar e cuidar de suculentas em vaso com dicas pr\u00e1ticas para criar um jardim compacto e cheio de estilo.","breadcrumb":{"@id":"https:\/\/www.correiobraziliense.com.br\/cbradar\/7-dicas-cruciais-para-plantar-suculentas-em-vaso\/#breadcrumb"},"inLanguage":"pt-BR","potentialAction":[{"@type":"ReadAction","target":["https:\/\/www.correiobraziliense.com.br\/cbradar\/7-dicas-cruciais-para-plantar-suculentas-em-vaso\/"]}]},{"@type":"ImageObject","inLanguage":"pt-BR","@id":"https:\/\/www.correiobraziliense.com.br\/cbradar\/7-dicas-cruciais-para-plantar-suculentas-em-vaso\/#primaryimage","url":"https:\/\/www.correiobraziliense.com.br\/cbradar\/wp-content\/uploads\/2025\/04\/suculentas_1744223876734.jpg","contentUrl":"https:\/\/www.correiobraziliense.com.br\/cbradar\/wp-content\/uploads\/2025\/04\/suculentas_1744223876734.jpg","width":1280,"height":720,"caption":"Suculentas - Cr\u00e9ditos: depositphotos.com \/ Hannamariah"},{"@type":"BreadcrumbList","@id":"https:\/\/www.correiobraziliense.com.br\/cbradar\/7-dicas-cruciais-para-plantar-suculentas-em-vaso\/#breadcrumb","itemListElement":[{"@type":"ListItem","position":1,"name":"In\u00edcio","item":"https:\/\/www.correiobraziliense.com.br\/cbradar\/"},{"@type":"ListItem","position":2,"name":"7 dicas cruciais para plantar suculentas em vaso"}]},{"@type":"WebSite","@id":"https:\/\/www.correiobraziliense.com.br\/cbradar\/#website","url":"https:\/\/www.correiobraziliense.com.br\/cbradar\/","name":"Correio Braziliense - Radar","description":"Acompanhe as \u00faltimas not\u00edcias e fique bem informado sobre tudo o que acontece no Brasil e no mundo.","potentialAction":[{"@type":"SearchAction","target":{"@type":"EntryPoint","urlTemplate":"https:\/\/www.correiobraziliense.com.br\/cbradar\/?s={search_term_string}"},"query-input":{"@type":"PropertyValueSpecification","valueRequired":true,"valueName":"search_term_string"}}],"inLanguage":"pt-BR"},{"@type":"Person","@id":"https:\/\/www.correiobraziliense.com.br\/cbradar\/#\/schema\/person\/7356666e12ec0ee53f348ee5db227032","name":"Daniely Cardoso","image":{"@type":"ImageObject","inLanguage":"pt-BR","@id":"https:\/\/www.correiobraziliense.com.br\/cbradar\/#\/schema\/person\/image\/","url":"https:\/\/secure.gravatar.com\/avatar\/4b80ddbd124d1f071b626d52d62e5dff?s=96&d=mm&r=g","contentUrl":"https:\/\/secure.gravatar.com\/avatar\/4b80ddbd124d1f071b626d52d62e5dff?s=96&d=mm&r=g","caption":"Daniely Cardoso"},"description":"Redatora nos portais CB Radar e EM Foco, formada pela Universidade Federal de Goi\u00e1s, em Goi\u00e2nia. Apaixonada por comunica\u00e7\u00e3o, arte, decora\u00e7\u00e3o e tend\u00eancias, atuo na produ\u00e7\u00e3o de conte\u00fados envolventes sobre curiosidades, moda, beleza e paisagismo, sempre com um olhar atento \u00e0s novidades do momento.","sameAs":["https:\/\/www.correiobraziliense.com.br\/cbradar"],"url":"https:\/\/www.correiobraziliense.com.br\/cbradar\/author\/danielymyth\/"}]}},"_links":{"self":[{"href":"https:\/\/www.correiobraziliense.com.br\/cbradar\/wp-json\/wp\/v2\/posts\/21349","targetHints":{"allow":["GET"]}}],"collection":[{"href":"https:\/\/www.correiobraziliense.com.br\/cbradar\/wp-json\/wp\/v2\/posts"}],"about":[{"href":"https:\/\/www.correiobraziliense.com.br\/cbradar\/wp-json\/wp\/v2\/types\/post"}],"author":[{"embeddable":true,"href":"https:\/\/www.correiobraziliense.com.br\/cbradar\/wp-json\/wp\/v2\/users\/9"}],"replies":[{"embeddable":true,"href":"https:\/\/www.correiobraziliense.com.br\/cbradar\/wp-json\/wp\/v2\/comments?post=21349"}],"version-history":[{"count":3,"href":"https:\/\/www.correiobraziliense.com.br\/cbradar\/wp-json\/wp\/v2\/posts\/21349\/revisions"}],"predecessor-version":[{"id":21357,"href":"https:\/\/www.correiobraziliense.com.br\/cbradar\/wp-json\/wp\/v2\/posts\/21349\/revisions\/21357"}],"wp:featuredmedia":[{"embeddable":true,"href":"https:\/\/www.correiobraziliense.com.br\/cbradar\/wp-json\/wp\/v2\/media\/21356"}],"wp:attachment":[{"href":"https:\/\/www.correiobraziliense.com.br\/cbradar\/wp-json\/wp\/v2\/media?parent=21349"}],"wp:term":[{"taxonomy":"category","embeddable":true,"href":"https:\/\/www.correiobraziliense.com.br\/cbradar\/wp-json\/wp\/v2\/categories?post=21349"},{"taxonomy":"post_tag","embeddable":true,"href":"https:\/\/www.correiobraziliense.com.br\/cbradar\/wp-json\/wp\/v2\/post_tag?post=21349"}],"curies":[{"name":"wp","href":"https:\/\/api.w.org\/{rel}","templated":true}]}}