{"id":21404,"date":"2025-04-10T22:10:00","date_gmt":"2025-04-11T01:10:00","guid":{"rendered":"https:\/\/www.correiobraziliense.com.br\/cbradar\/?p=21404"},"modified":"2025-04-09T17:20:36","modified_gmt":"2025-04-09T20:20:36","slug":"polo-norte-comeca-a-mudar-de-lugar-veja-projecao","status":"publish","type":"post","link":"https:\/\/www.correiobraziliense.com.br\/cbradar\/polo-norte-comeca-a-mudar-de-lugar-veja-projecao\/","title":{"rendered":"Polo Norte come\u00e7a a mudar de lugar, veja proje\u00e7\u00e3o"},"content":{"rendered":"\n<p>As mudan\u00e7as clim\u00e1ticas est\u00e3o provocando transforma\u00e7\u00f5es significativas no planeta, e uma das consequ\u00eancias mais alarmantes \u00e9 a poss\u00edvel altera\u00e7\u00e3o na localiza\u00e7\u00e3o dos polos geogr\u00e1ficos da Terra. Estudos recentes indicam que o derretimento das camadas de gelo, impulsionado pelo aumento das temperaturas globais, pode levar a uma redistribui\u00e7\u00e3o da massa oce\u00e2nica, resultando em uma mudan\u00e7a nos polos norte e sul.<\/p>\n\n\n\n<p>Essa mudan\u00e7a nos polos geogr\u00e1ficos pode ter implica\u00e7\u00f5es significativas para a navega\u00e7\u00e3o por sat\u00e9lite e outras tecnologias que dependem de uma localiza\u00e7\u00e3o precisa. A altera\u00e7\u00e3o do eixo de rota\u00e7\u00e3o da Terra, prevista para ocorrer at\u00e9 2100, pode deslocar os polos em at\u00e9 27 metros, afetando sistemas de comunica\u00e7\u00e3o e navega\u00e7\u00e3o global.<\/p>\n\n\n\n<h2 class=\"wp-block-heading\">Como o derretimento do gelo afeta os polos geogr\u00e1ficos?<\/h2>\n\n\n\n<p>O derretimento das camadas de gelo, especialmente na Groenl\u00e2ndia e na Ant\u00e1rtida, desempenha um papel crucial na mudan\u00e7a dos polos geogr\u00e1ficos. \u00c0 medida que o gelo derrete, a massa de \u00e1gua \u00e9 redistribu\u00edda nos oceanos, alterando o equil\u00edbrio da Terra. Este fen\u00f4meno pode provocar uma oscila\u00e7\u00e3o no eixo de rota\u00e7\u00e3o do planeta, deslocando os polos geogr\u00e1ficos.<\/p>\n\n\n\n<p>Os cientistas explicam que, embora algumas oscila\u00e7\u00f5es sejam naturais e previs\u00edveis, a atividade humana intensificou essas mudan\u00e7as. O aumento das emiss\u00f5es de gases de efeito estufa tem acelerado o aquecimento global, exacerbando o derretimento do gelo e, consequentemente, a redistribui\u00e7\u00e3o da massa oce\u00e2nica.<\/p>\n\n\n\n<figure class=\"wp-block-image size-large\"><img decoding=\"async\" width=\"1024\" height=\"576\" src=\"https:\/\/www.correiobraziliense.com.br\/cbradar\/wp-content\/uploads\/2025\/04\/polo-norte_1744229960593-1024x576.jpg\" alt=\"Polo Norte come\u00e7a a mudar de lugar, veja proje\u00e7\u00e3o\" class=\"wp-image-21406\" srcset=\"https:\/\/www.correiobraziliense.com.br\/cbradar\/wp-content\/uploads\/2025\/04\/polo-norte_1744229960593-1024x576.jpg 1024w, https:\/\/www.correiobraziliense.com.br\/cbradar\/wp-content\/uploads\/2025\/04\/polo-norte_1744229960593-300x169.jpg 300w, https:\/\/www.correiobraziliense.com.br\/cbradar\/wp-content\/uploads\/2025\/04\/polo-norte_1744229960593-768x432.jpg 768w, https:\/\/www.correiobraziliense.com.br\/cbradar\/wp-content\/uploads\/2025\/04\/polo-norte_1744229960593-750x422.jpg 750w, https:\/\/www.correiobraziliense.com.br\/cbradar\/wp-content\/uploads\/2025\/04\/polo-norte_1744229960593-1140x642.jpg 1140w, https:\/\/www.correiobraziliense.com.br\/cbradar\/wp-content\/uploads\/2025\/04\/polo-norte_1744229960593.jpg 1279w\" sizes=\"(max-width: 1024px) 100vw, 1024px\" \/><figcaption class=\"wp-element-caption\">Polo Norte. Cr\u00e9ditos: depositphotos.com \/ Elenarts<\/figcaption><\/figure>\n\n\n\n<h2 class=\"wp-block-heading\">Quais s\u00e3o as proje\u00e7\u00f5es para o futuro dos polos geogr\u00e1ficos?<\/h2>\n\n\n\n<p>Pesquisadores da ETH Zurich, na Su\u00ed\u00e7a, analisaram o movimento dos polos de 1900 a 2018 e projetaram cen\u00e1rios futuros baseados no derretimento das camadas de gelo. No pior cen\u00e1rio, o Polo Norte poderia se deslocar at\u00e9 27 metros para o oeste at\u00e9 2100. Em um cen\u00e1rio mais otimista, o deslocamento seria de 12 metros em rela\u00e7\u00e3o \u00e0 sua posi\u00e7\u00e3o em 1900.<\/p>\n\n\n\n<p>Essas proje\u00e7\u00f5es s\u00e3o baseadas em diferentes cen\u00e1rios de mudan\u00e7as clim\u00e1ticas, levando em conta o impacto humano no aquecimento global. O estudo destaca a import\u00e2ncia de mitigar as emiss\u00f5es de gases de efeito estufa para limitar o derretimento do gelo e, assim, minimizar as mudan\u00e7as nos polos geogr\u00e1ficos.<\/p>\n\n\n\n<h2 class=\"wp-block-heading\">Quais s\u00e3o as implica\u00e7\u00f5es para a navega\u00e7\u00e3o e tecnologia?<\/h2>\n\n\n\n<p>A mudan\u00e7a nos polos geogr\u00e1ficos pode ter consequ\u00eancias significativas para a navega\u00e7\u00e3o por sat\u00e9lite e outras tecnologias que dependem de uma localiza\u00e7\u00e3o precisa. O deslocamento do eixo de rota\u00e7\u00e3o da Terra pode dificultar a identifica\u00e7\u00e3o da localiza\u00e7\u00e3o de espa\u00e7onaves no espa\u00e7o e afetar a precis\u00e3o dos sistemas de navega\u00e7\u00e3o global.<\/p>\n\n\n\n<p>Al\u00e9m disso, a altera\u00e7\u00e3o dos polos geogr\u00e1ficos pode impactar as comunica\u00e7\u00f5es, j\u00e1 que muitos sistemas dependem de uma localiza\u00e7\u00e3o geogr\u00e1fica est\u00e1vel para funcionar corretamente. Isso ressalta a necessidade de adapta\u00e7\u00e3o tecnol\u00f3gica e de estrat\u00e9gias de mitiga\u00e7\u00e3o para lidar com as mudan\u00e7as clim\u00e1ticas em curso.<\/p>\n\n\n\n<h2 class=\"wp-block-heading\">Impacto das mudan\u00e7as clim\u00e1ticas<\/h2>\n\n\n\n<p>O estudo sobre o impacto das mudan\u00e7as clim\u00e1ticas nos polos geogr\u00e1ficos da Terra destaca a urg\u00eancia de a\u00e7\u00f5es para mitigar o aquecimento global. A redistribui\u00e7\u00e3o da massa oce\u00e2nica e o derretimento das camadas de gelo s\u00e3o fen\u00f4menos que podem alterar significativamente a geografia do planeta, com implica\u00e7\u00f5es profundas para a tecnologia e a navega\u00e7\u00e3o. A conscientiza\u00e7\u00e3o e a a\u00e7\u00e3o global s\u00e3o essenciais para enfrentar esses desafios e proteger o futuro do nosso planeta.<\/p>\n","protected":false},"excerpt":{"rendered":"<p>As mudan\u00e7as clim\u00e1ticas alteram os polos geogr\u00e1ficos, impactando a navega\u00e7\u00e3o e tecnologia. Derretimento do gelo e redistribui\u00e7\u00e3o da massa.<\/p>\n","protected":false},"author":3,"featured_media":21405,"comment_status":"open","ping_status":"open","sticky":false,"template":"","format":"standard","meta":{"_yoast_wpseo_focuskw":"polo norte","_yoast_wpseo_title":"%%title%%","_yoast_wpseo_metadesc":"As mudan\u00e7as clim\u00e1ticas alteram os polos geogr\u00e1ficos, impactando a navega\u00e7\u00e3o e tecnologia. Derretimento do gelo e redistribui\u00e7\u00e3o da massa.","jnews-multi-image_gallery":[],"jnews_single_post":{"format":"standard"},"jnews_primary_category":[],"jnews_social_meta":[],"jnews_override_counter":[],"footnotes":""},"categories":[112],"tags":[3083],"class_list":["post-21404","post","type-post","status-publish","format-standard","has-post-thumbnail","hentry","category-curiosidades","tag-polo-norte"],"yoast_head":"<!-- This site is optimized with the Yoast SEO plugin v24.6 - https:\/\/yoast.com\/wordpress\/plugins\/seo\/ -->\n<title>Polo Norte come\u00e7a a mudar de lugar, veja proje\u00e7\u00e3o<\/title>\n<meta name=\"description\" content=\"As mudan\u00e7as clim\u00e1ticas alteram os polos geogr\u00e1ficos, impactando a navega\u00e7\u00e3o e tecnologia. Derretimento do gelo e redistribui\u00e7\u00e3o da massa.\" \/>\n<meta name=\"robots\" content=\"index, follow, max-snippet:-1, max-image-preview:large, max-video-preview:-1\" \/>\n<link rel=\"canonical\" href=\"https:\/\/www.correiobraziliense.com.br\/cbradar\/polo-norte-comeca-a-mudar-de-lugar-veja-projecao\/\" \/>\n<meta property=\"og:locale\" content=\"pt_BR\" \/>\n<meta property=\"og:type\" content=\"article\" \/>\n<meta property=\"og:title\" content=\"Polo Norte come\u00e7a a mudar de lugar, veja proje\u00e7\u00e3o\" \/>\n<meta property=\"og:description\" content=\"As mudan\u00e7as clim\u00e1ticas alteram os polos geogr\u00e1ficos, impactando a navega\u00e7\u00e3o e tecnologia. Derretimento do gelo e redistribui\u00e7\u00e3o da massa.\" \/>\n<meta property=\"og:url\" content=\"https:\/\/www.correiobraziliense.com.br\/cbradar\/polo-norte-comeca-a-mudar-de-lugar-veja-projecao\/\" \/>\n<meta property=\"og:site_name\" content=\"Correio Braziliense - Radar\" \/>\n<meta property=\"article:published_time\" content=\"2025-04-11T01:10:00+00:00\" \/>\n<meta property=\"og:image\" content=\"https:\/\/www.correiobraziliense.com.br\/cbradar\/wp-content\/uploads\/2025\/04\/polo-norte_1744229899505.jpg\" \/>\n\t<meta property=\"og:image:width\" content=\"1280\" \/>\n\t<meta property=\"og:image:height\" content=\"720\" \/>\n\t<meta property=\"og:image:type\" content=\"image\/jpeg\" \/>\n<meta name=\"author\" content=\"Larissa Carvalho\" \/>\n<meta name=\"twitter:card\" content=\"summary_large_image\" \/>\n<meta name=\"twitter:label1\" content=\"Escrito por\" \/>\n\t<meta name=\"twitter:data1\" content=\"Larissa Carvalho\" \/>\n\t<meta name=\"twitter:label2\" content=\"Est. tempo de leitura\" \/>\n\t<meta name=\"twitter:data2\" content=\"4 minutos\" \/>\n<!-- \/ Yoast SEO plugin. -->","yoast_head_json":{"title":"Polo Norte come\u00e7a a mudar de lugar, veja proje\u00e7\u00e3o","description":"As mudan\u00e7as clim\u00e1ticas alteram os polos geogr\u00e1ficos, impactando a navega\u00e7\u00e3o e tecnologia. Derretimento do gelo e redistribui\u00e7\u00e3o da massa.","robots":{"index":"index","follow":"follow","max-snippet":"max-snippet:-1","max-image-preview":"max-image-preview:large","max-video-preview":"max-video-preview:-1"},"canonical":"https:\/\/www.correiobraziliense.com.br\/cbradar\/polo-norte-comeca-a-mudar-de-lugar-veja-projecao\/","og_locale":"pt_BR","og_type":"article","og_title":"Polo Norte come\u00e7a a mudar de lugar, veja proje\u00e7\u00e3o","og_description":"As mudan\u00e7as clim\u00e1ticas alteram os polos geogr\u00e1ficos, impactando a navega\u00e7\u00e3o e tecnologia. Derretimento do gelo e redistribui\u00e7\u00e3o da massa.","og_url":"https:\/\/www.correiobraziliense.com.br\/cbradar\/polo-norte-comeca-a-mudar-de-lugar-veja-projecao\/","og_site_name":"Correio Braziliense - Radar","article_published_time":"2025-04-11T01:10:00+00:00","og_image":[{"width":1280,"height":720,"url":"https:\/\/www.correiobraziliense.com.br\/cbradar\/wp-content\/uploads\/2025\/04\/polo-norte_1744229899505.jpg","type":"image\/jpeg"}],"author":"Larissa Carvalho","twitter_card":"summary_large_image","twitter_misc":{"Escrito por":"Larissa Carvalho","Est. tempo de leitura":"4 minutos"},"schema":{"@context":"https:\/\/schema.org","@graph":[{"@type":"WebPage","@id":"https:\/\/www.correiobraziliense.com.br\/cbradar\/polo-norte-comeca-a-mudar-de-lugar-veja-projecao\/","url":"https:\/\/www.correiobraziliense.com.br\/cbradar\/polo-norte-comeca-a-mudar-de-lugar-veja-projecao\/","name":"Polo Norte come\u00e7a a mudar de lugar, veja proje\u00e7\u00e3o","isPartOf":{"@id":"https:\/\/www.correiobraziliense.com.br\/cbradar\/#website"},"primaryImageOfPage":{"@id":"https:\/\/www.correiobraziliense.com.br\/cbradar\/polo-norte-comeca-a-mudar-de-lugar-veja-projecao\/#primaryimage"},"image":{"@id":"https:\/\/www.correiobraziliense.com.br\/cbradar\/polo-norte-comeca-a-mudar-de-lugar-veja-projecao\/#primaryimage"},"thumbnailUrl":"https:\/\/www.correiobraziliense.com.br\/cbradar\/wp-content\/uploads\/2025\/04\/polo-norte_1744229899505.jpg","datePublished":"2025-04-11T01:10:00+00:00","author":{"@id":"https:\/\/www.correiobraziliense.com.br\/cbradar\/#\/schema\/person\/58422787644df994b53a19d3e56c1513"},"description":"As mudan\u00e7as clim\u00e1ticas alteram os polos geogr\u00e1ficos, impactando a navega\u00e7\u00e3o e tecnologia. Derretimento do gelo e redistribui\u00e7\u00e3o da massa.","breadcrumb":{"@id":"https:\/\/www.correiobraziliense.com.br\/cbradar\/polo-norte-comeca-a-mudar-de-lugar-veja-projecao\/#breadcrumb"},"inLanguage":"pt-BR","potentialAction":[{"@type":"ReadAction","target":["https:\/\/www.correiobraziliense.com.br\/cbradar\/polo-norte-comeca-a-mudar-de-lugar-veja-projecao\/"]}]},{"@type":"ImageObject","inLanguage":"pt-BR","@id":"https:\/\/www.correiobraziliense.com.br\/cbradar\/polo-norte-comeca-a-mudar-de-lugar-veja-projecao\/#primaryimage","url":"https:\/\/www.correiobraziliense.com.br\/cbradar\/wp-content\/uploads\/2025\/04\/polo-norte_1744229899505.jpg","contentUrl":"https:\/\/www.correiobraziliense.com.br\/cbradar\/wp-content\/uploads\/2025\/04\/polo-norte_1744229899505.jpg","width":1280,"height":720,"caption":"Polo Norte. Cr\u00e9ditos: depositphotos.com \/ tifonimages"},{"@type":"BreadcrumbList","@id":"https:\/\/www.correiobraziliense.com.br\/cbradar\/polo-norte-comeca-a-mudar-de-lugar-veja-projecao\/#breadcrumb","itemListElement":[{"@type":"ListItem","position":1,"name":"In\u00edcio","item":"https:\/\/www.correiobraziliense.com.br\/cbradar\/"},{"@type":"ListItem","position":2,"name":"Polo Norte come\u00e7a a mudar de lugar, veja proje\u00e7\u00e3o"}]},{"@type":"WebSite","@id":"https:\/\/www.correiobraziliense.com.br\/cbradar\/#website","url":"https:\/\/www.correiobraziliense.com.br\/cbradar\/","name":"Correio Braziliense - Radar","description":"Acompanhe as \u00faltimas not\u00edcias e fique bem informado sobre tudo o que acontece no Brasil e no mundo.","potentialAction":[{"@type":"SearchAction","target":{"@type":"EntryPoint","urlTemplate":"https:\/\/www.correiobraziliense.com.br\/cbradar\/?s={search_term_string}"},"query-input":{"@type":"PropertyValueSpecification","valueRequired":true,"valueName":"search_term_string"}}],"inLanguage":"pt-BR"},{"@type":"Person","@id":"https:\/\/www.correiobraziliense.com.br\/cbradar\/#\/schema\/person\/58422787644df994b53a19d3e56c1513","name":"Larissa Carvalho","image":{"@type":"ImageObject","inLanguage":"pt-BR","@id":"https:\/\/www.correiobraziliense.com.br\/cbradar\/#\/schema\/person\/image\/","url":"https:\/\/secure.gravatar.com\/avatar\/fe4f91a0de32b52a838d0d612abdc1aa?s=96&d=mm&r=g","contentUrl":"https:\/\/secure.gravatar.com\/avatar\/fe4f91a0de32b52a838d0d612abdc1aa?s=96&d=mm&r=g","caption":"Larissa Carvalho"},"url":"https:\/\/www.correiobraziliense.com.br\/cbradar\/author\/larissamyth\/"}]}},"_links":{"self":[{"href":"https:\/\/www.correiobraziliense.com.br\/cbradar\/wp-json\/wp\/v2\/posts\/21404","targetHints":{"allow":["GET"]}}],"collection":[{"href":"https:\/\/www.correiobraziliense.com.br\/cbradar\/wp-json\/wp\/v2\/posts"}],"about":[{"href":"https:\/\/www.correiobraziliense.com.br\/cbradar\/wp-json\/wp\/v2\/types\/post"}],"author":[{"embeddable":true,"href":"https:\/\/www.correiobraziliense.com.br\/cbradar\/wp-json\/wp\/v2\/users\/3"}],"replies":[{"embeddable":true,"href":"https:\/\/www.correiobraziliense.com.br\/cbradar\/wp-json\/wp\/v2\/comments?post=21404"}],"version-history":[{"count":1,"href":"https:\/\/www.correiobraziliense.com.br\/cbradar\/wp-json\/wp\/v2\/posts\/21404\/revisions"}],"predecessor-version":[{"id":21407,"href":"https:\/\/www.correiobraziliense.com.br\/cbradar\/wp-json\/wp\/v2\/posts\/21404\/revisions\/21407"}],"wp:featuredmedia":[{"embeddable":true,"href":"https:\/\/www.correiobraziliense.com.br\/cbradar\/wp-json\/wp\/v2\/media\/21405"}],"wp:attachment":[{"href":"https:\/\/www.correiobraziliense.com.br\/cbradar\/wp-json\/wp\/v2\/media?parent=21404"}],"wp:term":[{"taxonomy":"category","embeddable":true,"href":"https:\/\/www.correiobraziliense.com.br\/cbradar\/wp-json\/wp\/v2\/categories?post=21404"},{"taxonomy":"post_tag","embeddable":true,"href":"https:\/\/www.correiobraziliense.com.br\/cbradar\/wp-json\/wp\/v2\/tags?post=21404"}],"curies":[{"name":"wp","href":"https:\/\/api.w.org\/{rel}","templated":true}]}}