{"id":21413,"date":"2025-04-10T09:50:00","date_gmt":"2025-04-10T12:50:00","guid":{"rendered":"https:\/\/www.correiobraziliense.com.br\/cbradar\/?p=21413"},"modified":"2025-06-30T13:44:25","modified_gmt":"2025-06-30T16:44:25","slug":"robert-pattinson-pode-ser-incluido-no-elenco-de-duna-3","status":"publish","type":"post","link":"https:\/\/www.correiobraziliense.com.br\/cbradar\/robert-pattinson-pode-ser-incluido-no-elenco-de-duna-3\/","title":{"rendered":"Robert Pattinson pode ser inclu\u00eddo no elenco de Duna 3"},"content":{"rendered":"\n<p>Prepare-se para mais uma jornada \u00e9pica no deserto de <strong>Arrakis<\/strong>. <strong>Denis Villeneuve<\/strong> est\u00e1 finalizando o roteiro de <em><strong><a href=\"https:\/\/www.max.com\/br\/pt\/movies\/duna\/e7dc7b3a-a494-4ef1-8107-f4308aa6bbf7\" target=\"_blank\" rel=\"noreferrer noopener\">Duna<\/a>: Messias<\/strong><\/em>, o terceiro filme da franquia que j\u00e1 faturou mais de 1 bilh\u00e3o de d\u00f3lares mundialmente. E a novidade que est\u00e1 agitando os f\u00e3s \u00e9 a poss\u00edvel entrada de <strong><a href=\"https:\/\/www.correiobraziliense.com.br\/cbradar\/robert-pattinson-da-detalhes-sobre-as-gravacoes-de-batman-2\/\" target=\"_blank\" rel=\"noreferrer noopener\">Robert Pattinson<\/a><\/strong> no elenco como vil\u00e3o principal.<\/p>\n\n\n\n<p>O ator de <em><strong>Batman<\/strong><\/em> e <em><strong>Crep\u00fasculo<\/strong><\/em> est\u00e1 sendo cotado para interpretar <strong>Scytale<\/strong>, um dos antagonistas mais intrigantes dos livros de <strong>Frank Herbert<\/strong>. Embora ainda n\u00e3o tenha sido feita uma proposta oficial, os rumores est\u00e3o ganhando for\u00e7a em <strong>Hollywood<\/strong>. <strong>Pattinson<\/strong> j\u00e1 tem a agenda lotada com <em><strong>A Odisseia<\/strong><\/em> de <strong>Christopher Nolan<\/strong> e a sequ\u00eancia de <em><strong>Batman<\/strong><\/em>, mas parece que sempre h\u00e1 espa\u00e7o para entrar no universo de <strong>Duna<\/strong>.<\/p>\n\n\n\n<h2 class=\"wp-block-heading\">Quem \u00e9 Scytale e por que ele \u00e9 t\u00e3o perigoso?<\/h2>\n\n\n\n<p><strong>Scytale<\/strong> n\u00e3o \u00e9 um vil\u00e3o qualquer. Ele pertence aos <strong>Tleilaxu<\/strong>, um povo misterioso conhecido por suas habilidades de engenharia gen\u00e9tica. O mais impressionante \u00e9 que <strong>Scytale<\/strong> \u00e9 um <strong>Face Dancer<\/strong>, ou seja, ele pode mudar completamente de apar\u00eancia e se passar por outras pessoas. Imagina o caos que isso pode causar?<\/p>\n\n\n\n<p>No livro <em><strong>Duna: Messias<\/strong><\/em>, <strong>Scytale<\/strong> faz parte de uma conspira\u00e7\u00e3o gigante para derrubar <strong>Paul Atreides<\/strong> do trono imperial. Ele \u00e9 mestre em manipula\u00e7\u00e3o e sabe exatamente como atacar os pontos fracos do imperador. Com a capacidade de se transformar em qualquer pessoa, ele pode infiltrar no c\u00edrculo mais pr\u00f3ximo de <strong>Paul<\/strong> e causar estragos por dentro.<\/p>\n\n\n\n<h2 class=\"wp-block-heading\">Como ser\u00e1 a hist\u00f3ria de Duna: Messias?<\/h2>\n\n\n\n<p><em><strong>Duna: Messias<\/strong><\/em> vai se passar 12 anos depois dos eventos do segundo filme. <strong>Paul Atreides<\/strong> agora \u00e9 o imperador do universo conhecido, mas descobriu que ter todo esse poder n\u00e3o \u00e9 t\u00e3o legal quanto parecia. Ele est\u00e1 casado com a <strong>Princesa Irulan<\/strong> (<strong>Florence Pugh<\/strong>), mas ainda mant\u00e9m uma rela\u00e7\u00e3o complicada com <strong>Chani<\/strong> (<strong>Zendaya<\/strong>).<\/p>\n\n\n\n<p>O problema \u00e9 que o jihad religioso que <strong>Paul<\/strong> desencadeou saiu completamente do controle. Bilh\u00f5es de pessoas morreram em seu nome, e agora ele precisa lidar com as consequ\u00eancias. \u00c9 nesse cen\u00e1rio que <strong>Scytale<\/strong> e outros conspiradores v\u00e3o tentar derrubar o imperador. A hist\u00f3ria promete ser mais sombria e psicol\u00f3gica que os filmes anteriores.<\/p>\n\n\n\n<h2 class=\"wp-block-heading\">Quando come\u00e7a a produ\u00e7\u00e3o do terceiro filme?<\/h2>\n\n\n\n<p>As filmagens de <em><strong>Duna: Messias<\/strong><\/em> devem come\u00e7ar no ver\u00e3o de 2025, muito mais cedo do que <strong>Villeneuve<\/strong> havia planejado inicialmente. <strong>Florence Pugh<\/strong> j\u00e1 confirmou que vai voltar para as grava\u00e7\u00f5es neste ano. A <strong>Warner Bros.<\/strong> j\u00e1 marcou a data de estreia para 18 de dezembro de 2026.<\/p>\n\n\n\n<p><strong>Villeneuve<\/strong> mudou de ideia sobre esperar alguns anos para fazer o terceiro filme. Ele ficou t\u00e3o empolgado com a recep\u00e7\u00e3o de <em><strong>Duna: Parte Dois<\/strong><\/em> que resolveu acelerar o processo. O diretor j\u00e1 disse que este ser\u00e1 seu \u00faltimo filme da franquia <strong>Duna<\/strong>, ent\u00e3o ele quer garantir que vai terminar a hist\u00f3ria de <strong>Paul Atreides<\/strong> da melhor forma poss\u00edvel.<\/p>\n\n\n\n<h2 class=\"wp-block-heading\">Quem mais vai voltar para o terceiro filme?<\/h2>\n\n\n\n<figure class=\"wp-block-embed aligncenter is-type-video is-provider-youtube wp-block-embed-youtube wp-embed-aspect-16-9 wp-has-aspect-ratio\"><div class=\"wp-block-embed__wrapper\">\n<div class=\"jeg_video_container jeg_video_content\"><iframe loading=\"lazy\" title=\"Duna - Trailer Oficial\" width=\"500\" height=\"281\" src=\"https:\/\/www.youtube.com\/embed\/hfLkFZWFmLM?feature=oembed\" frameborder=\"0\" allow=\"accelerometer; autoplay; clipboard-write; encrypted-media; gyroscope; picture-in-picture; web-share\" referrerpolicy=\"strict-origin-when-cross-origin\" allowfullscreen><\/iframe><\/div>\n<\/div><\/figure>\n\n\n\n<p>Praticamente todo mundo que voc\u00ea ama da franquia vai estar de volta. <strong>Timoth\u00e9e Chalamet<\/strong> e <strong>Zendaya<\/strong> s\u00e3o confirmados como <strong>Paul<\/strong> e <strong>Chani<\/strong>. <strong>Jason Momoa<\/strong> tamb\u00e9m vai retornar como <strong>Duncan Idaho<\/strong>, mesmo tendo morrido no primeiro filme. Nos livros, ele \u00e9 ressuscitado como um clone pelos <strong>Tleilaxu<\/strong>.<\/p>\n\n\n\n<p><strong>Florence Pugh<\/strong> volta como <strong>Princesa Irulan<\/strong> e <strong>Anya Taylor-Joy<\/strong> deve ter uma participa\u00e7\u00e3o maior como <strong>Alia<\/strong>, a irm\u00e3 de <strong>Paul<\/strong>. O elenco de <strong>Duna<\/strong> sempre foi impressionante, com nomes como <strong>Josh Brolin<\/strong>, <strong>Rebecca Ferguson<\/strong> e <strong>Javier Bardem<\/strong>. Se <strong>Robert Pattinson<\/strong> realmente entrar, o filme vai ter um dos elencos mais estrelados de <strong>Hollywood<\/strong>.<\/p>\n\n\n\n<h2 class=\"wp-block-heading\">O que esperar do futuro da franquia Duna?<\/h2>\n\n\n\n<p><strong>Denis Villeneuve<\/strong> j\u00e1 deixou claro que <em><strong>Duna: Messias<\/strong><\/em> ser\u00e1 seu \u00faltimo filme da s\u00e9rie. Depois disso, ele quer se dedicar a outros projetos. Mas isso n\u00e3o significa que a franquia <strong>Duna<\/strong> vai acabar. A <strong>Legendary Pictures<\/strong> pode muito bem continuar adaptando os outros livros de <strong>Frank Herbert<\/strong> com um novo diretor.<\/p>\n\n\n\n<p>Tamb\u00e9m tem a s\u00e9rie <em><strong>Duna: Profecia<\/strong><\/em> na <strong>Max<\/strong>, que conta a hist\u00f3ria 10 mil anos antes dos filmes. O universo de <strong>Duna<\/strong> \u00e9 gigantesco e tem material suficiente para d\u00e9cadas de entretenimento. Por enquanto, o foco est\u00e1 em fazer <em><strong>Duna: Messias<\/strong><\/em> ser um final \u00e9pico para a trilogia de <strong>Villeneuve<\/strong>. E com <strong>Robert Pattinson<\/strong> possivelmente no elenco, as expectativas s\u00f3 aumentam.<\/p>\n","protected":false},"excerpt":{"rendered":"<p>Prepare-se para mais uma jornada \u00e9pica no deserto de Arrakis. Denis Villeneuve est\u00e1 finalizando o roteiro de Duna: Messias, o terceiro filme da franquia que j\u00e1 faturou mais de 1 bilh\u00e3o de d\u00f3lares mundialmente. E a novidade que est\u00e1 agitando os f\u00e3s \u00e9 a poss\u00edvel entrada de Robert Pattinson no elenco como vil\u00e3o principal. O [&hellip;]<\/p>\n","protected":false},"author":8,"featured_media":2454,"comment_status":"open","ping_status":"open","sticky":false,"template":"","format":"standard","meta":{"_yoast_wpseo_focuskw":"Duna","_yoast_wpseo_title":"","_yoast_wpseo_metadesc":"Confira a veracidade dos rumores sobre Robert Pattinson no elenco de \"Duna 3\". Descubra tudo sobre o filme, elenco e futuro da franquia!","jnews-multi-image_gallery":[],"jnews_single_post":{"format":"standard"},"jnews_primary_category":[],"jnews_social_meta":[],"jnews_override_counter":[],"footnotes":""},"categories":[140],"post_tag":[2586,559,568],"class_list":["post-21413","post","type-post","status-publish","format-standard","has-post-thumbnail","hentry","category-entretenimento","tag-duna","tag-robert-pattinson","tag-series-e-filmes"],"yoast_head":"<!-- This site is optimized with the Yoast SEO plugin v24.6 - https:\/\/yoast.com\/wordpress\/plugins\/seo\/ -->\n<title>Robert Pattinson pode ser inclu\u00eddo no elenco de Duna 3 - Correio Braziliense - Radar<\/title>\n<meta name=\"description\" content=\"Confira a veracidade dos rumores sobre Robert Pattinson no elenco de &quot;Duna 3&quot;. Descubra tudo sobre o filme, elenco e futuro da franquia!\" \/>\n<meta name=\"robots\" content=\"index, follow, max-snippet:-1, max-image-preview:large, max-video-preview:-1\" \/>\n<link rel=\"canonical\" href=\"https:\/\/www.correiobraziliense.com.br\/cbradar\/robert-pattinson-pode-ser-incluido-no-elenco-de-duna-3\/\" \/>\n<meta property=\"og:locale\" content=\"pt_BR\" \/>\n<meta property=\"og:type\" content=\"article\" \/>\n<meta property=\"og:title\" content=\"Robert Pattinson pode ser inclu\u00eddo no elenco de Duna 3 - Correio Braziliense - Radar\" \/>\n<meta property=\"og:description\" content=\"Confira a veracidade dos rumores sobre Robert Pattinson no elenco de &quot;Duna 3&quot;. Descubra tudo sobre o filme, elenco e futuro da franquia!\" \/>\n<meta property=\"og:url\" content=\"https:\/\/www.correiobraziliense.com.br\/cbradar\/robert-pattinson-pode-ser-incluido-no-elenco-de-duna-3\/\" \/>\n<meta property=\"og:site_name\" content=\"Correio Braziliense - Radar\" \/>\n<meta property=\"article:published_time\" content=\"2025-04-10T12:50:00+00:00\" \/>\n<meta property=\"article:modified_time\" content=\"2025-06-30T16:44:25+00:00\" \/>\n<meta property=\"og:image\" content=\"https:\/\/www.correiobraziliense.com.br\/cbradar\/wp-content\/uploads\/2025\/02\/Robert-Pattinson_1739493288146.jpg\" \/>\n\t<meta property=\"og:image:width\" content=\"1280\" \/>\n\t<meta property=\"og:image:height\" content=\"720\" \/>\n\t<meta property=\"og:image:type\" content=\"image\/jpeg\" \/>\n<meta name=\"author\" content=\"Maura Pereira\" \/>\n<meta name=\"twitter:card\" content=\"summary_large_image\" \/>\n<meta name=\"twitter:label1\" content=\"Escrito por\" \/>\n\t<meta name=\"twitter:data1\" content=\"Maura Pereira\" \/>\n\t<meta name=\"twitter:label2\" content=\"Est. tempo de leitura\" \/>\n\t<meta name=\"twitter:data2\" content=\"5 minutos\" \/>\n<!-- \/ Yoast SEO plugin. -->","yoast_head_json":{"title":"Robert Pattinson pode ser inclu\u00eddo no elenco de Duna 3 - Correio Braziliense - Radar","description":"Confira a veracidade dos rumores sobre Robert Pattinson no elenco de \"Duna 3\". Descubra tudo sobre o filme, elenco e futuro da franquia!","robots":{"index":"index","follow":"follow","max-snippet":"max-snippet:-1","max-image-preview":"max-image-preview:large","max-video-preview":"max-video-preview:-1"},"canonical":"https:\/\/www.correiobraziliense.com.br\/cbradar\/robert-pattinson-pode-ser-incluido-no-elenco-de-duna-3\/","og_locale":"pt_BR","og_type":"article","og_title":"Robert Pattinson pode ser inclu\u00eddo no elenco de Duna 3 - Correio Braziliense - Radar","og_description":"Confira a veracidade dos rumores sobre Robert Pattinson no elenco de \"Duna 3\". Descubra tudo sobre o filme, elenco e futuro da franquia!","og_url":"https:\/\/www.correiobraziliense.com.br\/cbradar\/robert-pattinson-pode-ser-incluido-no-elenco-de-duna-3\/","og_site_name":"Correio Braziliense - Radar","article_published_time":"2025-04-10T12:50:00+00:00","article_modified_time":"2025-06-30T16:44:25+00:00","og_image":[{"width":1280,"height":720,"url":"https:\/\/www.correiobraziliense.com.br\/cbradar\/wp-content\/uploads\/2025\/02\/Robert-Pattinson_1739493288146.jpg","type":"image\/jpeg"}],"author":"Maura Pereira","twitter_card":"summary_large_image","twitter_misc":{"Escrito por":"Maura Pereira","Est. tempo de leitura":"5 minutos"},"schema":{"@context":"https:\/\/schema.org","@graph":[{"@type":"WebPage","@id":"https:\/\/www.correiobraziliense.com.br\/cbradar\/robert-pattinson-pode-ser-incluido-no-elenco-de-duna-3\/","url":"https:\/\/www.correiobraziliense.com.br\/cbradar\/robert-pattinson-pode-ser-incluido-no-elenco-de-duna-3\/","name":"Robert Pattinson pode ser inclu\u00eddo no elenco de Duna 3 - Correio Braziliense - Radar","isPartOf":{"@id":"https:\/\/www.correiobraziliense.com.br\/cbradar\/#website"},"primaryImageOfPage":{"@id":"https:\/\/www.correiobraziliense.com.br\/cbradar\/robert-pattinson-pode-ser-incluido-no-elenco-de-duna-3\/#primaryimage"},"image":{"@id":"https:\/\/www.correiobraziliense.com.br\/cbradar\/robert-pattinson-pode-ser-incluido-no-elenco-de-duna-3\/#primaryimage"},"thumbnailUrl":"https:\/\/www.correiobraziliense.com.br\/cbradar\/wp-content\/uploads\/2025\/02\/Robert-Pattinson_1739493288146.jpg","datePublished":"2025-04-10T12:50:00+00:00","dateModified":"2025-06-30T16:44:25+00:00","author":{"@id":"https:\/\/www.correiobraziliense.com.br\/cbradar\/#\/schema\/person\/4053c651a9bfc785afc6f4cbc9032fd3"},"description":"Confira a veracidade dos rumores sobre Robert Pattinson no elenco de \"Duna 3\". Descubra tudo sobre o filme, elenco e futuro da franquia!","breadcrumb":{"@id":"https:\/\/www.correiobraziliense.com.br\/cbradar\/robert-pattinson-pode-ser-incluido-no-elenco-de-duna-3\/#breadcrumb"},"inLanguage":"pt-BR","potentialAction":[{"@type":"ReadAction","target":["https:\/\/www.correiobraziliense.com.br\/cbradar\/robert-pattinson-pode-ser-incluido-no-elenco-de-duna-3\/"]}]},{"@type":"ImageObject","inLanguage":"pt-BR","@id":"https:\/\/www.correiobraziliense.com.br\/cbradar\/robert-pattinson-pode-ser-incluido-no-elenco-de-duna-3\/#primaryimage","url":"https:\/\/www.correiobraziliense.com.br\/cbradar\/wp-content\/uploads\/2025\/02\/Robert-Pattinson_1739493288146.jpg","contentUrl":"https:\/\/www.correiobraziliense.com.br\/cbradar\/wp-content\/uploads\/2025\/02\/Robert-Pattinson_1739493288146.jpg","width":1280,"height":720,"caption":"Robert Pattinson \/\/ Cr\u00e9ditos: depositphotos.com \/ PopularImages"},{"@type":"BreadcrumbList","@id":"https:\/\/www.correiobraziliense.com.br\/cbradar\/robert-pattinson-pode-ser-incluido-no-elenco-de-duna-3\/#breadcrumb","itemListElement":[{"@type":"ListItem","position":1,"name":"In\u00edcio","item":"https:\/\/www.correiobraziliense.com.br\/cbradar\/"},{"@type":"ListItem","position":2,"name":"Robert Pattinson pode ser inclu\u00eddo no elenco de Duna 3"}]},{"@type":"WebSite","@id":"https:\/\/www.correiobraziliense.com.br\/cbradar\/#website","url":"https:\/\/www.correiobraziliense.com.br\/cbradar\/","name":"Correio Braziliense - Radar","description":"Acompanhe as \u00faltimas not\u00edcias e fique bem informado sobre tudo o que acontece no Brasil e no mundo.","potentialAction":[{"@type":"SearchAction","target":{"@type":"EntryPoint","urlTemplate":"https:\/\/www.correiobraziliense.com.br\/cbradar\/?s={search_term_string}"},"query-input":{"@type":"PropertyValueSpecification","valueRequired":true,"valueName":"search_term_string"}}],"inLanguage":"pt-BR"},{"@type":"Person","@id":"https:\/\/www.correiobraziliense.com.br\/cbradar\/#\/schema\/person\/4053c651a9bfc785afc6f4cbc9032fd3","name":"Maura Pereira","image":{"@type":"ImageObject","inLanguage":"pt-BR","@id":"https:\/\/www.correiobraziliense.com.br\/cbradar\/#\/schema\/person\/image\/","url":"https:\/\/secure.gravatar.com\/avatar\/3effd6bdadfa447f15089c7f7144eaa6?s=96&d=mm&r=g","contentUrl":"https:\/\/secure.gravatar.com\/avatar\/3effd6bdadfa447f15089c7f7144eaa6?s=96&d=mm&r=g","caption":"Maura Pereira"},"sameAs":["https:\/\/www.correiobraziliense.com.br\/"],"url":"https:\/\/www.correiobraziliense.com.br\/cbradar\/author\/mauramyth\/"}]}},"_links":{"self":[{"href":"https:\/\/www.correiobraziliense.com.br\/cbradar\/wp-json\/wp\/v2\/posts\/21413","targetHints":{"allow":["GET"]}}],"collection":[{"href":"https:\/\/www.correiobraziliense.com.br\/cbradar\/wp-json\/wp\/v2\/posts"}],"about":[{"href":"https:\/\/www.correiobraziliense.com.br\/cbradar\/wp-json\/wp\/v2\/types\/post"}],"author":[{"embeddable":true,"href":"https:\/\/www.correiobraziliense.com.br\/cbradar\/wp-json\/wp\/v2\/users\/8"}],"replies":[{"embeddable":true,"href":"https:\/\/www.correiobraziliense.com.br\/cbradar\/wp-json\/wp\/v2\/comments?post=21413"}],"version-history":[{"count":6,"href":"https:\/\/www.correiobraziliense.com.br\/cbradar\/wp-json\/wp\/v2\/posts\/21413\/revisions"}],"predecessor-version":[{"id":62255,"href":"https:\/\/www.correiobraziliense.com.br\/cbradar\/wp-json\/wp\/v2\/posts\/21413\/revisions\/62255"}],"wp:featuredmedia":[{"embeddable":true,"href":"https:\/\/www.correiobraziliense.com.br\/cbradar\/wp-json\/wp\/v2\/media\/2454"}],"wp:attachment":[{"href":"https:\/\/www.correiobraziliense.com.br\/cbradar\/wp-json\/wp\/v2\/media?parent=21413"}],"wp:term":[{"taxonomy":"category","embeddable":true,"href":"https:\/\/www.correiobraziliense.com.br\/cbradar\/wp-json\/wp\/v2\/categories?post=21413"},{"taxonomy":"post_tag","embeddable":true,"href":"https:\/\/www.correiobraziliense.com.br\/cbradar\/wp-json\/wp\/v2\/post_tag?post=21413"}],"curies":[{"name":"wp","href":"https:\/\/api.w.org\/{rel}","templated":true}]}}