{"id":21421,"date":"2025-04-11T07:30:00","date_gmt":"2025-04-11T10:30:00","guid":{"rendered":"https:\/\/www.correiobraziliense.com.br\/cbradar\/?p=21421"},"modified":"2025-04-10T20:32:14","modified_gmt":"2025-04-10T23:32:14","slug":"conheca-a-cidade-onde-moradores-sinalizam-buracos-nas-ruas-com-flores","status":"publish","type":"post","link":"https:\/\/www.correiobraziliense.com.br\/cbradar\/conheca-a-cidade-onde-moradores-sinalizam-buracos-nas-ruas-com-flores\/","title":{"rendered":"Conhe\u00e7a a cidade onde moradores sinalizam buracos nas ruas com flores"},"content":{"rendered":"\n<p>Na vibrante e ca\u00f3tica <strong>Mumbai<\/strong>, maior cidade da <strong>\u00cdndia<\/strong>, os buracos nas ruas s\u00e3o t\u00e3o comuns quanto os climas quentes e o tr\u00e2nsito intenso. Mas o que n\u00e3o \u00e9 t\u00e3o comum assim \u00e9 a forma como os moradores come\u00e7aram a <strong>chamar aten\u00e7\u00e3o para esses buracos<\/strong>: colocando <strong>vasos de plantas, flores ou at\u00e9 pequenos jardins improvisados<\/strong> dentro deles.<\/p>\n\n\n\n<p>Essa forma criativa, bem-humorada e visualmente impactante de protestar se espalhou pela cidade e virou <strong>um s\u00edmbolo de ativismo urbano pac\u00edfico<\/strong>, mostrando como as pessoas podem transformar descaso em arte \u2014 e humor em cr\u00edtica.<\/p>\n\n\n\n<h2 class=\"wp-block-heading\">Como surgiu a ideia de usar flores nos buracos?<\/h2>\n\n\n\n<p>Tudo come\u00e7ou com <strong>ativistas locais e artistas urbanos<\/strong>, cansados da demora do governo em reparar as ruas esburacadas. A estrat\u00e9gia:<\/p>\n\n\n\n<ul class=\"wp-block-list\">\n<li>Consiste em <strong>plantar flores diretamente dentro dos buracos<\/strong>, com terra, vasos ou at\u00e9 enfeites<\/li>\n\n\n\n<li>Algumas pessoas deixam <strong>mensagens engra\u00e7adas ou ir\u00f4nicas<\/strong>, como \u201cflorescem melhor que as promessas\u201d<\/li>\n\n\n\n<li>Em casos maiores, s\u00e3o criadas <strong>minijardins com cactos ou plantas resistentes ao calor<\/strong><\/li>\n\n\n\n<li>Os buracos \u201cdecorados\u201d s\u00e3o fotografados e <strong>compartilhados nas redes sociais<\/strong>, gerando press\u00e3o p\u00fablica para os reparos<\/li>\n<\/ul>\n\n\n\n<p>A t\u00e1tica rapidamente viralizou e passou a ser <strong>replicada por moradores comuns em diversos bairros<\/strong>.<\/p>\n\n\n\n<figure class=\"wp-block-image size-large\"><img decoding=\"async\" width=\"1024\" height=\"576\" src=\"https:\/\/www.correiobraziliense.com.br\/cbradar\/wp-content\/uploads\/2025\/04\/Mumbai_1744239128261-1024x576.jpg\" alt=\"Conhe\u00e7a a cidade onde moradores sinalizam buracos nas ruas com flores\" class=\"wp-image-21423\" srcset=\"https:\/\/www.correiobraziliense.com.br\/cbradar\/wp-content\/uploads\/2025\/04\/Mumbai_1744239128261-1024x576.jpg 1024w, https:\/\/www.correiobraziliense.com.br\/cbradar\/wp-content\/uploads\/2025\/04\/Mumbai_1744239128261-300x169.jpg 300w, https:\/\/www.correiobraziliense.com.br\/cbradar\/wp-content\/uploads\/2025\/04\/Mumbai_1744239128261-768x432.jpg 768w, https:\/\/www.correiobraziliense.com.br\/cbradar\/wp-content\/uploads\/2025\/04\/Mumbai_1744239128261-750x422.jpg 750w, https:\/\/www.correiobraziliense.com.br\/cbradar\/wp-content\/uploads\/2025\/04\/Mumbai_1744239128261-1140x641.jpg 1140w, https:\/\/www.correiobraziliense.com.br\/cbradar\/wp-content\/uploads\/2025\/04\/Mumbai_1744239128261.jpg 1280w\" sizes=\"(max-width: 1024px) 100vw, 1024px\" \/><figcaption class=\"wp-element-caption\">Mumbai. Cr\u00e9ditos: depositphotos.com \/ yellowcrest<\/figcaption><\/figure>\n\n\n\n<h2 class=\"wp-block-heading\">Por que essa ideia funciona t\u00e3o bem em Mumbai?<\/h2>\n\n\n\n<ul class=\"wp-block-list\">\n<li><strong>Chama aten\u00e7\u00e3o visual e emocional<\/strong>, destacando o problema com leveza, mas sem perder a cr\u00edtica<\/li>\n\n\n\n<li>Evita acidentes, j\u00e1 que <strong>as flores funcionam como alerta visual aos motoristas e pedestres<\/strong><\/li>\n\n\n\n<li>Gera engajamento da comunidade e <strong>transforma revolta em criatividade<\/strong><\/li>\n\n\n\n<li>Pressiona autoridades sem confronto direto, criando <strong>respostas mais r\u00e1pidas do poder p\u00fablico<\/strong><\/li>\n<\/ul>\n\n\n\n<p>Al\u00e9m disso, a a\u00e7\u00e3o revela o <strong>esp\u00edrito resiliente e inventivo da popula\u00e7\u00e3o de Mumbai<\/strong>, que n\u00e3o se rende facilmente ao abandono urbano.<\/p>\n\n\n\n<h2 class=\"wp-block-heading\">Curiosidades sobre os \u201cburacos floridos\u201d de Mumbai<\/h2>\n\n\n\n<ul class=\"wp-block-list\">\n<li>Algumas flores plantadas resistem por <strong>semanas ou at\u00e9 meses<\/strong>, sendo regadas por moradores locais<\/li>\n\n\n\n<li>Houve casos em que <strong>os buracos viraram pontos de foto e reportagem<\/strong>, for\u00e7ando consertos imediatos<\/li>\n\n\n\n<li>A iniciativa inspirou outras cidades indianas, como <strong>Bangalore e Hyderabad<\/strong><\/li>\n\n\n\n<li>Artistas come\u00e7aram a fazer <strong>interven\u00e7\u00f5es mais elaboradas<\/strong>, com esculturas e luzes nos buracos<\/li>\n\n\n\n<li>O movimento gerou at\u00e9 um <strong>mapa colaborativo dos buracos com jardins<\/strong>, dispon\u00edvel online<\/li>\n<\/ul>\n\n\n\n<p>Mumbai mostra que <strong>nem sempre \u00e9 preciso gritar para ser ouvido \u2014 \u00e0s vezes, uma flor no lugar certo j\u00e1 diz tudo.<\/strong><\/p>\n","protected":false},"excerpt":{"rendered":"<p>Em Mumbai, moradores colocam flores em buracos nas ruas para protestar e alertar. Descubra como um gesto criativo virou s\u00edmbolo de cidadania urbana.<\/p>\n","protected":false},"author":3,"featured_media":21422,"comment_status":"open","ping_status":"open","sticky":false,"template":"","format":"standard","meta":{"_yoast_wpseo_focuskw":"cidade buracos flores","_yoast_wpseo_title":"%%title%%","_yoast_wpseo_metadesc":"Em Mumbai, moradores colocam flores em buracos nas ruas para protestar e alertar. Descubra como um gesto criativo virou s\u00edmbolo de cidadania urbana.","jnews-multi-image_gallery":[],"jnews_single_post":{"format":"standard"},"jnews_primary_category":[],"jnews_social_meta":[],"jnews_override_counter":[],"footnotes":""},"categories":[108],"tags":[109],"class_list":["post-21421","post","type-post","status-publish","format-standard","has-post-thumbnail","hentry","category-cidades","tag-cidades"],"yoast_head":"<!-- This site is optimized with the Yoast SEO plugin v24.6 - https:\/\/yoast.com\/wordpress\/plugins\/seo\/ -->\n<title>Conhe\u00e7a a cidade onde moradores sinalizam buracos nas ruas com flores<\/title>\n<meta name=\"description\" content=\"Em Mumbai, moradores colocam flores em buracos nas ruas para protestar e alertar. Descubra como um gesto criativo virou s\u00edmbolo de cidadania urbana.\" \/>\n<meta name=\"robots\" content=\"index, follow, max-snippet:-1, max-image-preview:large, max-video-preview:-1\" \/>\n<link rel=\"canonical\" href=\"https:\/\/www.correiobraziliense.com.br\/cbradar\/conheca-a-cidade-onde-moradores-sinalizam-buracos-nas-ruas-com-flores\/\" \/>\n<meta property=\"og:locale\" content=\"pt_BR\" \/>\n<meta property=\"og:type\" content=\"article\" \/>\n<meta property=\"og:title\" content=\"Conhe\u00e7a a cidade onde moradores sinalizam buracos nas ruas com flores\" \/>\n<meta property=\"og:description\" content=\"Em Mumbai, moradores colocam flores em buracos nas ruas para protestar e alertar. Descubra como um gesto criativo virou s\u00edmbolo de cidadania urbana.\" \/>\n<meta property=\"og:url\" content=\"https:\/\/www.correiobraziliense.com.br\/cbradar\/conheca-a-cidade-onde-moradores-sinalizam-buracos-nas-ruas-com-flores\/\" \/>\n<meta property=\"og:site_name\" content=\"Correio Braziliense - Radar\" \/>\n<meta property=\"article:published_time\" content=\"2025-04-11T10:30:00+00:00\" \/>\n<meta property=\"og:image\" content=\"https:\/\/www.correiobraziliense.com.br\/cbradar\/wp-content\/uploads\/2025\/04\/Mumbai_1744239105449.jpg\" \/>\n\t<meta property=\"og:image:width\" content=\"1280\" \/>\n\t<meta property=\"og:image:height\" content=\"720\" \/>\n\t<meta property=\"og:image:type\" content=\"image\/jpeg\" \/>\n<meta name=\"author\" content=\"Larissa Carvalho\" \/>\n<meta name=\"twitter:card\" content=\"summary_large_image\" \/>\n<meta name=\"twitter:label1\" content=\"Escrito por\" \/>\n\t<meta name=\"twitter:data1\" content=\"Larissa Carvalho\" \/>\n\t<meta name=\"twitter:label2\" content=\"Est. tempo de leitura\" \/>\n\t<meta name=\"twitter:data2\" content=\"3 minutos\" \/>\n<!-- \/ Yoast SEO plugin. -->","yoast_head_json":{"title":"Conhe\u00e7a a cidade onde moradores sinalizam buracos nas ruas com flores","description":"Em Mumbai, moradores colocam flores em buracos nas ruas para protestar e alertar. Descubra como um gesto criativo virou s\u00edmbolo de cidadania urbana.","robots":{"index":"index","follow":"follow","max-snippet":"max-snippet:-1","max-image-preview":"max-image-preview:large","max-video-preview":"max-video-preview:-1"},"canonical":"https:\/\/www.correiobraziliense.com.br\/cbradar\/conheca-a-cidade-onde-moradores-sinalizam-buracos-nas-ruas-com-flores\/","og_locale":"pt_BR","og_type":"article","og_title":"Conhe\u00e7a a cidade onde moradores sinalizam buracos nas ruas com flores","og_description":"Em Mumbai, moradores colocam flores em buracos nas ruas para protestar e alertar. Descubra como um gesto criativo virou s\u00edmbolo de cidadania urbana.","og_url":"https:\/\/www.correiobraziliense.com.br\/cbradar\/conheca-a-cidade-onde-moradores-sinalizam-buracos-nas-ruas-com-flores\/","og_site_name":"Correio Braziliense - Radar","article_published_time":"2025-04-11T10:30:00+00:00","og_image":[{"width":1280,"height":720,"url":"https:\/\/www.correiobraziliense.com.br\/cbradar\/wp-content\/uploads\/2025\/04\/Mumbai_1744239105449.jpg","type":"image\/jpeg"}],"author":"Larissa Carvalho","twitter_card":"summary_large_image","twitter_misc":{"Escrito por":"Larissa Carvalho","Est. tempo de leitura":"3 minutos"},"schema":{"@context":"https:\/\/schema.org","@graph":[{"@type":"WebPage","@id":"https:\/\/www.correiobraziliense.com.br\/cbradar\/conheca-a-cidade-onde-moradores-sinalizam-buracos-nas-ruas-com-flores\/","url":"https:\/\/www.correiobraziliense.com.br\/cbradar\/conheca-a-cidade-onde-moradores-sinalizam-buracos-nas-ruas-com-flores\/","name":"Conhe\u00e7a a cidade onde moradores sinalizam buracos nas ruas com flores","isPartOf":{"@id":"https:\/\/www.correiobraziliense.com.br\/cbradar\/#website"},"primaryImageOfPage":{"@id":"https:\/\/www.correiobraziliense.com.br\/cbradar\/conheca-a-cidade-onde-moradores-sinalizam-buracos-nas-ruas-com-flores\/#primaryimage"},"image":{"@id":"https:\/\/www.correiobraziliense.com.br\/cbradar\/conheca-a-cidade-onde-moradores-sinalizam-buracos-nas-ruas-com-flores\/#primaryimage"},"thumbnailUrl":"https:\/\/www.correiobraziliense.com.br\/cbradar\/wp-content\/uploads\/2025\/04\/Mumbai_1744239105449.jpg","datePublished":"2025-04-11T10:30:00+00:00","author":{"@id":"https:\/\/www.correiobraziliense.com.br\/cbradar\/#\/schema\/person\/58422787644df994b53a19d3e56c1513"},"description":"Em Mumbai, moradores colocam flores em buracos nas ruas para protestar e alertar. Descubra como um gesto criativo virou s\u00edmbolo de cidadania urbana.","breadcrumb":{"@id":"https:\/\/www.correiobraziliense.com.br\/cbradar\/conheca-a-cidade-onde-moradores-sinalizam-buracos-nas-ruas-com-flores\/#breadcrumb"},"inLanguage":"pt-BR","potentialAction":[{"@type":"ReadAction","target":["https:\/\/www.correiobraziliense.com.br\/cbradar\/conheca-a-cidade-onde-moradores-sinalizam-buracos-nas-ruas-com-flores\/"]}]},{"@type":"ImageObject","inLanguage":"pt-BR","@id":"https:\/\/www.correiobraziliense.com.br\/cbradar\/conheca-a-cidade-onde-moradores-sinalizam-buracos-nas-ruas-com-flores\/#primaryimage","url":"https:\/\/www.correiobraziliense.com.br\/cbradar\/wp-content\/uploads\/2025\/04\/Mumbai_1744239105449.jpg","contentUrl":"https:\/\/www.correiobraziliense.com.br\/cbradar\/wp-content\/uploads\/2025\/04\/Mumbai_1744239105449.jpg","width":1280,"height":720,"caption":"Mumbai. Cr\u00e9ditos: depositphotos.com \/ snehitdesign"},{"@type":"BreadcrumbList","@id":"https:\/\/www.correiobraziliense.com.br\/cbradar\/conheca-a-cidade-onde-moradores-sinalizam-buracos-nas-ruas-com-flores\/#breadcrumb","itemListElement":[{"@type":"ListItem","position":1,"name":"In\u00edcio","item":"https:\/\/www.correiobraziliense.com.br\/cbradar\/"},{"@type":"ListItem","position":2,"name":"Conhe\u00e7a a cidade onde moradores sinalizam buracos nas ruas com flores"}]},{"@type":"WebSite","@id":"https:\/\/www.correiobraziliense.com.br\/cbradar\/#website","url":"https:\/\/www.correiobraziliense.com.br\/cbradar\/","name":"Correio Braziliense - Radar","description":"Acompanhe as \u00faltimas not\u00edcias e fique bem informado sobre tudo o que acontece no Brasil e no mundo.","potentialAction":[{"@type":"SearchAction","target":{"@type":"EntryPoint","urlTemplate":"https:\/\/www.correiobraziliense.com.br\/cbradar\/?s={search_term_string}"},"query-input":{"@type":"PropertyValueSpecification","valueRequired":true,"valueName":"search_term_string"}}],"inLanguage":"pt-BR"},{"@type":"Person","@id":"https:\/\/www.correiobraziliense.com.br\/cbradar\/#\/schema\/person\/58422787644df994b53a19d3e56c1513","name":"Larissa Carvalho","image":{"@type":"ImageObject","inLanguage":"pt-BR","@id":"https:\/\/www.correiobraziliense.com.br\/cbradar\/#\/schema\/person\/image\/","url":"https:\/\/secure.gravatar.com\/avatar\/fe4f91a0de32b52a838d0d612abdc1aa?s=96&d=mm&r=g","contentUrl":"https:\/\/secure.gravatar.com\/avatar\/fe4f91a0de32b52a838d0d612abdc1aa?s=96&d=mm&r=g","caption":"Larissa Carvalho"},"url":"https:\/\/www.correiobraziliense.com.br\/cbradar\/author\/larissamyth\/"}]}},"_links":{"self":[{"href":"https:\/\/www.correiobraziliense.com.br\/cbradar\/wp-json\/wp\/v2\/posts\/21421","targetHints":{"allow":["GET"]}}],"collection":[{"href":"https:\/\/www.correiobraziliense.com.br\/cbradar\/wp-json\/wp\/v2\/posts"}],"about":[{"href":"https:\/\/www.correiobraziliense.com.br\/cbradar\/wp-json\/wp\/v2\/types\/post"}],"author":[{"embeddable":true,"href":"https:\/\/www.correiobraziliense.com.br\/cbradar\/wp-json\/wp\/v2\/users\/3"}],"replies":[{"embeddable":true,"href":"https:\/\/www.correiobraziliense.com.br\/cbradar\/wp-json\/wp\/v2\/comments?post=21421"}],"version-history":[{"count":1,"href":"https:\/\/www.correiobraziliense.com.br\/cbradar\/wp-json\/wp\/v2\/posts\/21421\/revisions"}],"predecessor-version":[{"id":21424,"href":"https:\/\/www.correiobraziliense.com.br\/cbradar\/wp-json\/wp\/v2\/posts\/21421\/revisions\/21424"}],"wp:featuredmedia":[{"embeddable":true,"href":"https:\/\/www.correiobraziliense.com.br\/cbradar\/wp-json\/wp\/v2\/media\/21422"}],"wp:attachment":[{"href":"https:\/\/www.correiobraziliense.com.br\/cbradar\/wp-json\/wp\/v2\/media?parent=21421"}],"wp:term":[{"taxonomy":"category","embeddable":true,"href":"https:\/\/www.correiobraziliense.com.br\/cbradar\/wp-json\/wp\/v2\/categories?post=21421"},{"taxonomy":"post_tag","embeddable":true,"href":"https:\/\/www.correiobraziliense.com.br\/cbradar\/wp-json\/wp\/v2\/tags?post=21421"}],"curies":[{"name":"wp","href":"https:\/\/api.w.org\/{rel}","templated":true}]}}