{"id":21429,"date":"2025-04-11T18:30:00","date_gmt":"2025-04-11T21:30:00","guid":{"rendered":"https:\/\/www.correiobraziliense.com.br\/cbradar\/?p=21429"},"modified":"2025-04-10T20:30:14","modified_gmt":"2025-04-10T23:30:14","slug":"conheca-a-cidade-onde-existe-um-dia-do-silencio-total-nas-ruas","status":"publish","type":"post","link":"https:\/\/www.correiobraziliense.com.br\/cbradar\/conheca-a-cidade-onde-existe-um-dia-do-silencio-total-nas-ruas\/","title":{"rendered":"Conhe\u00e7a a cidade onde existe um \u201cdia do sil\u00eancio total\u201d nas ruas"},"content":{"rendered":"\n<p>Na serena e espiritual <strong>Thimphu<\/strong>, capital do <strong>But\u00e3o<\/strong>, h\u00e1 um dia especial no calend\u00e1rio urbano em que o barulho simplesmente <strong>desaparece das ruas<\/strong>. Chamado informalmente de <strong>\u201cDia do Sil\u00eancio\u201d<\/strong>, trata-se de uma iniciativa cultural e ambiental onde <strong>carros particulares s\u00e3o proibidos de circular, buzinas s\u00e3o desencorajadas e o tr\u00e1fego \u00e9 reduzido ao m\u00ednimo<\/strong>.<\/p>\n\n\n\n<p>Nesse dia, a cidade se transforma em um o\u00e1sis de paz auditiva, incentivando os moradores a <strong>caminhar, meditar, usar bicicletas e se reconectar com o ambiente urbano de forma mais consciente<\/strong>.<\/p>\n\n\n\n<h2 class=\"wp-block-heading\">Como funciona o \u201cDia do Sil\u00eancio\u201d em Thimphu?<\/h2>\n\n\n\n<ul class=\"wp-block-list\">\n<li>Acontece geralmente <strong>uma vez por m\u00eas<\/strong>, em datas definidas pelo governo local<\/li>\n\n\n\n<li>\u00c9 proibida a circula\u00e7\u00e3o de <strong>ve\u00edculos particulares<\/strong>, exceto servi\u00e7os essenciais (ambul\u00e2ncias, transporte p\u00fablico e emerg\u00eancias)<\/li>\n\n\n\n<li>Buzinas, m\u00fasica alta em lojas e at\u00e9 megafones s\u00e3o <strong>fortemente desencorajados<\/strong><\/li>\n\n\n\n<li>Escolas e comunidades locais promovem <strong>atividades de mindfulness, medita\u00e7\u00e3o e caminhadas coletivas<\/strong><\/li>\n\n\n\n<li>A prefeitura organiza <strong>a\u00e7\u00f5es educativas sobre polui\u00e7\u00e3o sonora e bem-estar urbano<\/strong><\/li>\n<\/ul>\n\n\n\n<p>A proposta \u00e9 vivida n\u00e3o como imposi\u00e7\u00e3o, mas como <strong>um convite ao sil\u00eancio volunt\u00e1rio e coletivo<\/strong>.<\/p>\n\n\n\n<figure class=\"wp-block-image size-large\"><img decoding=\"async\" width=\"1024\" height=\"576\" src=\"https:\/\/www.correiobraziliense.com.br\/cbradar\/wp-content\/uploads\/2025\/04\/Thimphu_1744239459384-1024x576.jpg\" alt=\"Conhe\u00e7a a cidade onde existe um \u201cdia do sil\u00eancio total\u201d nas ruas\" class=\"wp-image-21431\" srcset=\"https:\/\/www.correiobraziliense.com.br\/cbradar\/wp-content\/uploads\/2025\/04\/Thimphu_1744239459384-1024x576.jpg 1024w, https:\/\/www.correiobraziliense.com.br\/cbradar\/wp-content\/uploads\/2025\/04\/Thimphu_1744239459384-300x169.jpg 300w, https:\/\/www.correiobraziliense.com.br\/cbradar\/wp-content\/uploads\/2025\/04\/Thimphu_1744239459384-768x432.jpg 768w, https:\/\/www.correiobraziliense.com.br\/cbradar\/wp-content\/uploads\/2025\/04\/Thimphu_1744239459384-750x422.jpg 750w, https:\/\/www.correiobraziliense.com.br\/cbradar\/wp-content\/uploads\/2025\/04\/Thimphu_1744239459384-1140x641.jpg 1140w, https:\/\/www.correiobraziliense.com.br\/cbradar\/wp-content\/uploads\/2025\/04\/Thimphu_1744239459384.jpg 1280w\" sizes=\"(max-width: 1024px) 100vw, 1024px\" \/><figcaption class=\"wp-element-caption\">Thimphu. Cr\u00e9ditos: depositphotos.com \/ RealityImages<\/figcaption><\/figure>\n\n\n\n<h2 class=\"wp-block-heading\">Por que Thimphu promove um dia de sil\u00eancio?<\/h2>\n\n\n\n<p>A iniciativa reflete os princ\u00edpios do But\u00e3o, onde o desenvolvimento \u00e9 medido n\u00e3o pelo PIB, mas pela <strong>Felicidade Interna Bruta (FIB)<\/strong>. O objetivo inclui:<\/p>\n\n\n\n<ul class=\"wp-block-list\">\n<li><strong>Reduzir o estresse urbano causado pelo barulho constante<\/strong><\/li>\n\n\n\n<li>Estimular o uso de <strong>modos de transporte n\u00e3o poluentes<\/strong><\/li>\n\n\n\n<li>Refor\u00e7ar valores culturais ligados \u00e0 <strong>contempla\u00e7\u00e3o, respeito e introspec\u00e7\u00e3o<\/strong><\/li>\n\n\n\n<li>Criar um espa\u00e7o de pausa na rotina, promovendo <strong>reflex\u00e3o e bem-estar emocional<\/strong><\/li>\n<\/ul>\n\n\n\n<p>Al\u00e9m disso, a proposta refor\u00e7a o compromisso do pa\u00eds com <strong>a sustentabilidade ambiental e o equil\u00edbrio espiritual da popula\u00e7\u00e3o<\/strong>.<\/p>\n\n\n\n<h2 class=\"wp-block-heading\">Curiosidades sobre o Dia do Sil\u00eancio em Thimphu<\/h2>\n\n\n\n<ul class=\"wp-block-list\">\n<li>Muitos moradores <strong>preparam refei\u00e7\u00f5es coletivas e compartilham em \u00e1reas p\u00fablicas<\/strong> nesse dia<\/li>\n\n\n\n<li>H\u00e1 monast\u00e9rios que oferecem <strong>sess\u00f5es gratuitas de medita\u00e7\u00e3o ao ar livre<\/strong><\/li>\n\n\n\n<li>Os poucos t\u00e1xis em circula\u00e7\u00e3o costumam ser <strong>h\u00edbridos ou el\u00e9tricos<\/strong>, com circula\u00e7\u00e3o limitada<\/li>\n\n\n\n<li>\u00c9 comum ver <strong>fam\u00edlias inteiras caminhando pelas ruas normalmente ocupadas por carros<\/strong><\/li>\n\n\n\n<li>O sucesso da iniciativa tem gerado <strong>interesse de cidades como Katmandu e Lhasa<\/strong><\/li>\n<\/ul>\n\n\n\n<p>Thimphu mostra que <strong>o sil\u00eancio tamb\u00e9m pode ser um gesto de cidadania \u2014 e que desacelerar, nem que seja por um dia, pode transformar a rela\u00e7\u00e3o entre a cidade e seus moradores.<\/strong><\/p>\n","protected":false},"excerpt":{"rendered":"<p>Em Thimphu, But\u00e3o, h\u00e1 um dia dedicado ao sil\u00eancio nas ruas. Descubra a cidade onde o barulho para e o bem-estar coletivo ganha espa\u00e7o.<\/p>\n","protected":false},"author":3,"featured_media":21430,"comment_status":"open","ping_status":"open","sticky":false,"template":"","format":"standard","meta":{"_yoast_wpseo_focuskw":"cidade dia do sil\u00eancio","_yoast_wpseo_title":"%%title%%","_yoast_wpseo_metadesc":"Em Thimphu, But\u00e3o, h\u00e1 um dia dedicado ao sil\u00eancio nas ruas. Descubra a cidade onde o barulho para e o bem-estar coletivo ganha espa\u00e7o.","jnews-multi-image_gallery":[],"jnews_single_post":{"format":"standard"},"jnews_primary_category":[],"jnews_social_meta":[],"jnews_override_counter":[],"footnotes":""},"categories":[108],"tags":[109],"class_list":["post-21429","post","type-post","status-publish","format-standard","has-post-thumbnail","hentry","category-cidades","tag-cidades"],"yoast_head":"<!-- This site is optimized with the Yoast SEO plugin v24.6 - https:\/\/yoast.com\/wordpress\/plugins\/seo\/ -->\n<title>Conhe\u00e7a a cidade onde existe um \u201cdia do sil\u00eancio total\u201d nas ruas<\/title>\n<meta name=\"description\" content=\"Em Thimphu, But\u00e3o, h\u00e1 um dia dedicado ao sil\u00eancio nas ruas. Descubra a cidade onde o barulho para e o bem-estar coletivo ganha espa\u00e7o.\" \/>\n<meta name=\"robots\" content=\"index, follow, max-snippet:-1, max-image-preview:large, max-video-preview:-1\" \/>\n<link rel=\"canonical\" href=\"https:\/\/www.correiobraziliense.com.br\/cbradar\/conheca-a-cidade-onde-existe-um-dia-do-silencio-total-nas-ruas\/\" \/>\n<meta property=\"og:locale\" content=\"pt_BR\" \/>\n<meta property=\"og:type\" content=\"article\" \/>\n<meta property=\"og:title\" content=\"Conhe\u00e7a a cidade onde existe um \u201cdia do sil\u00eancio total\u201d nas ruas\" \/>\n<meta property=\"og:description\" content=\"Em Thimphu, But\u00e3o, h\u00e1 um dia dedicado ao sil\u00eancio nas ruas. Descubra a cidade onde o barulho para e o bem-estar coletivo ganha espa\u00e7o.\" \/>\n<meta property=\"og:url\" content=\"https:\/\/www.correiobraziliense.com.br\/cbradar\/conheca-a-cidade-onde-existe-um-dia-do-silencio-total-nas-ruas\/\" \/>\n<meta property=\"og:site_name\" content=\"Correio Braziliense - Radar\" \/>\n<meta property=\"article:published_time\" content=\"2025-04-11T21:30:00+00:00\" \/>\n<meta property=\"og:image\" content=\"https:\/\/www.correiobraziliense.com.br\/cbradar\/wp-content\/uploads\/2025\/04\/Thimphu_1744239434467.jpg\" \/>\n\t<meta property=\"og:image:width\" content=\"1280\" \/>\n\t<meta property=\"og:image:height\" content=\"720\" \/>\n\t<meta property=\"og:image:type\" content=\"image\/jpeg\" \/>\n<meta name=\"author\" content=\"Larissa Carvalho\" \/>\n<meta name=\"twitter:card\" content=\"summary_large_image\" \/>\n<meta name=\"twitter:label1\" content=\"Escrito por\" \/>\n\t<meta name=\"twitter:data1\" content=\"Larissa Carvalho\" \/>\n\t<meta name=\"twitter:label2\" content=\"Est. tempo de leitura\" \/>\n\t<meta name=\"twitter:data2\" content=\"3 minutos\" \/>\n<!-- \/ Yoast SEO plugin. -->","yoast_head_json":{"title":"Conhe\u00e7a a cidade onde existe um \u201cdia do sil\u00eancio total\u201d nas ruas","description":"Em Thimphu, But\u00e3o, h\u00e1 um dia dedicado ao sil\u00eancio nas ruas. Descubra a cidade onde o barulho para e o bem-estar coletivo ganha espa\u00e7o.","robots":{"index":"index","follow":"follow","max-snippet":"max-snippet:-1","max-image-preview":"max-image-preview:large","max-video-preview":"max-video-preview:-1"},"canonical":"https:\/\/www.correiobraziliense.com.br\/cbradar\/conheca-a-cidade-onde-existe-um-dia-do-silencio-total-nas-ruas\/","og_locale":"pt_BR","og_type":"article","og_title":"Conhe\u00e7a a cidade onde existe um \u201cdia do sil\u00eancio total\u201d nas ruas","og_description":"Em Thimphu, But\u00e3o, h\u00e1 um dia dedicado ao sil\u00eancio nas ruas. Descubra a cidade onde o barulho para e o bem-estar coletivo ganha espa\u00e7o.","og_url":"https:\/\/www.correiobraziliense.com.br\/cbradar\/conheca-a-cidade-onde-existe-um-dia-do-silencio-total-nas-ruas\/","og_site_name":"Correio Braziliense - Radar","article_published_time":"2025-04-11T21:30:00+00:00","og_image":[{"width":1280,"height":720,"url":"https:\/\/www.correiobraziliense.com.br\/cbradar\/wp-content\/uploads\/2025\/04\/Thimphu_1744239434467.jpg","type":"image\/jpeg"}],"author":"Larissa Carvalho","twitter_card":"summary_large_image","twitter_misc":{"Escrito por":"Larissa Carvalho","Est. tempo de leitura":"3 minutos"},"schema":{"@context":"https:\/\/schema.org","@graph":[{"@type":"WebPage","@id":"https:\/\/www.correiobraziliense.com.br\/cbradar\/conheca-a-cidade-onde-existe-um-dia-do-silencio-total-nas-ruas\/","url":"https:\/\/www.correiobraziliense.com.br\/cbradar\/conheca-a-cidade-onde-existe-um-dia-do-silencio-total-nas-ruas\/","name":"Conhe\u00e7a a cidade onde existe um \u201cdia do sil\u00eancio total\u201d nas ruas","isPartOf":{"@id":"https:\/\/www.correiobraziliense.com.br\/cbradar\/#website"},"primaryImageOfPage":{"@id":"https:\/\/www.correiobraziliense.com.br\/cbradar\/conheca-a-cidade-onde-existe-um-dia-do-silencio-total-nas-ruas\/#primaryimage"},"image":{"@id":"https:\/\/www.correiobraziliense.com.br\/cbradar\/conheca-a-cidade-onde-existe-um-dia-do-silencio-total-nas-ruas\/#primaryimage"},"thumbnailUrl":"https:\/\/www.correiobraziliense.com.br\/cbradar\/wp-content\/uploads\/2025\/04\/Thimphu_1744239434467.jpg","datePublished":"2025-04-11T21:30:00+00:00","author":{"@id":"https:\/\/www.correiobraziliense.com.br\/cbradar\/#\/schema\/person\/58422787644df994b53a19d3e56c1513"},"description":"Em Thimphu, But\u00e3o, h\u00e1 um dia dedicado ao sil\u00eancio nas ruas. Descubra a cidade onde o barulho para e o bem-estar coletivo ganha espa\u00e7o.","breadcrumb":{"@id":"https:\/\/www.correiobraziliense.com.br\/cbradar\/conheca-a-cidade-onde-existe-um-dia-do-silencio-total-nas-ruas\/#breadcrumb"},"inLanguage":"pt-BR","potentialAction":[{"@type":"ReadAction","target":["https:\/\/www.correiobraziliense.com.br\/cbradar\/conheca-a-cidade-onde-existe-um-dia-do-silencio-total-nas-ruas\/"]}]},{"@type":"ImageObject","inLanguage":"pt-BR","@id":"https:\/\/www.correiobraziliense.com.br\/cbradar\/conheca-a-cidade-onde-existe-um-dia-do-silencio-total-nas-ruas\/#primaryimage","url":"https:\/\/www.correiobraziliense.com.br\/cbradar\/wp-content\/uploads\/2025\/04\/Thimphu_1744239434467.jpg","contentUrl":"https:\/\/www.correiobraziliense.com.br\/cbradar\/wp-content\/uploads\/2025\/04\/Thimphu_1744239434467.jpg","width":1280,"height":720,"caption":"Thimphu. Cr\u00e9ditos: depositphotos.com \/ ultramansk"},{"@type":"BreadcrumbList","@id":"https:\/\/www.correiobraziliense.com.br\/cbradar\/conheca-a-cidade-onde-existe-um-dia-do-silencio-total-nas-ruas\/#breadcrumb","itemListElement":[{"@type":"ListItem","position":1,"name":"In\u00edcio","item":"https:\/\/www.correiobraziliense.com.br\/cbradar\/"},{"@type":"ListItem","position":2,"name":"Conhe\u00e7a a cidade onde existe um \u201cdia do sil\u00eancio total\u201d nas ruas"}]},{"@type":"WebSite","@id":"https:\/\/www.correiobraziliense.com.br\/cbradar\/#website","url":"https:\/\/www.correiobraziliense.com.br\/cbradar\/","name":"Correio Braziliense - Radar","description":"Acompanhe as \u00faltimas not\u00edcias e fique bem informado sobre tudo o que acontece no Brasil e no mundo.","potentialAction":[{"@type":"SearchAction","target":{"@type":"EntryPoint","urlTemplate":"https:\/\/www.correiobraziliense.com.br\/cbradar\/?s={search_term_string}"},"query-input":{"@type":"PropertyValueSpecification","valueRequired":true,"valueName":"search_term_string"}}],"inLanguage":"pt-BR"},{"@type":"Person","@id":"https:\/\/www.correiobraziliense.com.br\/cbradar\/#\/schema\/person\/58422787644df994b53a19d3e56c1513","name":"Larissa Carvalho","image":{"@type":"ImageObject","inLanguage":"pt-BR","@id":"https:\/\/www.correiobraziliense.com.br\/cbradar\/#\/schema\/person\/image\/","url":"https:\/\/secure.gravatar.com\/avatar\/fe4f91a0de32b52a838d0d612abdc1aa?s=96&d=mm&r=g","contentUrl":"https:\/\/secure.gravatar.com\/avatar\/fe4f91a0de32b52a838d0d612abdc1aa?s=96&d=mm&r=g","caption":"Larissa Carvalho"},"url":"https:\/\/www.correiobraziliense.com.br\/cbradar\/author\/larissamyth\/"}]}},"_links":{"self":[{"href":"https:\/\/www.correiobraziliense.com.br\/cbradar\/wp-json\/wp\/v2\/posts\/21429","targetHints":{"allow":["GET"]}}],"collection":[{"href":"https:\/\/www.correiobraziliense.com.br\/cbradar\/wp-json\/wp\/v2\/posts"}],"about":[{"href":"https:\/\/www.correiobraziliense.com.br\/cbradar\/wp-json\/wp\/v2\/types\/post"}],"author":[{"embeddable":true,"href":"https:\/\/www.correiobraziliense.com.br\/cbradar\/wp-json\/wp\/v2\/users\/3"}],"replies":[{"embeddable":true,"href":"https:\/\/www.correiobraziliense.com.br\/cbradar\/wp-json\/wp\/v2\/comments?post=21429"}],"version-history":[{"count":1,"href":"https:\/\/www.correiobraziliense.com.br\/cbradar\/wp-json\/wp\/v2\/posts\/21429\/revisions"}],"predecessor-version":[{"id":21432,"href":"https:\/\/www.correiobraziliense.com.br\/cbradar\/wp-json\/wp\/v2\/posts\/21429\/revisions\/21432"}],"wp:featuredmedia":[{"embeddable":true,"href":"https:\/\/www.correiobraziliense.com.br\/cbradar\/wp-json\/wp\/v2\/media\/21430"}],"wp:attachment":[{"href":"https:\/\/www.correiobraziliense.com.br\/cbradar\/wp-json\/wp\/v2\/media?parent=21429"}],"wp:term":[{"taxonomy":"category","embeddable":true,"href":"https:\/\/www.correiobraziliense.com.br\/cbradar\/wp-json\/wp\/v2\/categories?post=21429"},{"taxonomy":"post_tag","embeddable":true,"href":"https:\/\/www.correiobraziliense.com.br\/cbradar\/wp-json\/wp\/v2\/tags?post=21429"}],"curies":[{"name":"wp","href":"https:\/\/api.w.org\/{rel}","templated":true}]}}