{"id":21433,"date":"2025-04-11T20:10:00","date_gmt":"2025-04-11T23:10:00","guid":{"rendered":"https:\/\/www.correiobraziliense.com.br\/cbradar\/?p=21433"},"modified":"2025-04-10T20:29:37","modified_gmt":"2025-04-10T23:29:37","slug":"conheca-a-cidade-onde-lojas-oferecem-desconto-para-quem-vem-de-transporte-publico","status":"publish","type":"post","link":"https:\/\/www.correiobraziliense.com.br\/cbradar\/conheca-a-cidade-onde-lojas-oferecem-desconto-para-quem-vem-de-transporte-publico\/","title":{"rendered":"Conhe\u00e7a a cidade onde lojas oferecem desconto para quem vem de transporte p\u00fablico"},"content":{"rendered":"\n<p>Em <strong>Zurique<\/strong>, uma das cidades mais organizadas e sustent\u00e1veis da <strong>Su\u00ed\u00e7a<\/strong>, fazer compras pode sair mais barato se voc\u00ea deixar o carro em casa. Diversas lojas da cidade participam de uma iniciativa onde <strong>clientes que chegam de transporte p\u00fablico recebem descontos especiais ou brindes<\/strong>, incentivando uma <strong>mobilidade urbana mais limpa e consciente<\/strong>.<\/p>\n\n\n\n<p>Essa a\u00e7\u00e3o integra comerciantes locais, prefeitura e operadores de transporte para <strong>recompensar h\u00e1bitos sustent\u00e1veis<\/strong> e reduzir o tr\u00e2nsito e a polui\u00e7\u00e3o.<\/p>\n\n\n\n<h2 class=\"wp-block-heading\">Como funcionam os descontos para quem usa transporte p\u00fablico?<\/h2>\n\n\n\n<p>O programa \u00e9 simples e eficaz:<\/p>\n\n\n\n<ul class=\"wp-block-list\">\n<li>Ao apresentar um <strong>bilhete v\u00e1lido de trem, metr\u00f4, bonde ou \u00f4nibus<\/strong> do dia da compra, o cliente recebe <strong>desconto ou brinde nas lojas participantes<\/strong><\/li>\n\n\n\n<li>Alguns estabelecimentos oferecem <strong>at\u00e9 10% de desconto<\/strong>, outros brindes como caf\u00e9s, sacolas ecol\u00f3gicas ou cupons para compras futuras<\/li>\n\n\n\n<li>A participa\u00e7\u00e3o \u00e9 <strong>volunt\u00e1ria<\/strong>, e as lojas que aderem exibem um <strong>selo na vitrine ou balc\u00e3o<\/strong> com o aviso<\/li>\n\n\n\n<li>A iniciativa \u00e9 v\u00e1lida principalmente em <strong>zonas comerciais e durante datas comemorativas ou eventos culturais<\/strong><\/li>\n<\/ul>\n\n\n\n<p>\u00c9 uma forma de valorizar quem contribui para a cidade de forma sustent\u00e1vel.<\/p>\n\n\n\n<figure class=\"wp-block-image size-large\"><img decoding=\"async\" width=\"1024\" height=\"576\" src=\"https:\/\/www.correiobraziliense.com.br\/cbradar\/wp-content\/uploads\/2025\/04\/Zurique_1744239813030-1024x576.jpg\" alt=\"Conhe\u00e7a a cidade onde lojas oferecem desconto para quem vem de transporte p\u00fablico\" class=\"wp-image-21435\" srcset=\"https:\/\/www.correiobraziliense.com.br\/cbradar\/wp-content\/uploads\/2025\/04\/Zurique_1744239813030-1024x576.jpg 1024w, https:\/\/www.correiobraziliense.com.br\/cbradar\/wp-content\/uploads\/2025\/04\/Zurique_1744239813030-300x169.jpg 300w, https:\/\/www.correiobraziliense.com.br\/cbradar\/wp-content\/uploads\/2025\/04\/Zurique_1744239813030-768x432.jpg 768w, https:\/\/www.correiobraziliense.com.br\/cbradar\/wp-content\/uploads\/2025\/04\/Zurique_1744239813030-750x422.jpg 750w, https:\/\/www.correiobraziliense.com.br\/cbradar\/wp-content\/uploads\/2025\/04\/Zurique_1744239813030-1140x641.jpg 1140w, https:\/\/www.correiobraziliense.com.br\/cbradar\/wp-content\/uploads\/2025\/04\/Zurique_1744239813030.jpg 1280w\" sizes=\"(max-width: 1024px) 100vw, 1024px\" \/><figcaption class=\"wp-element-caption\">Zurique. Cr\u00e9ditos: depositphotos.com \/ happyalex<\/figcaption><\/figure>\n\n\n\n<h2 class=\"wp-block-heading\">Por que Zurique adotou essa ideia?<\/h2>\n\n\n\n<p>A a\u00e7\u00e3o tem v\u00e1rios objetivos urbanos e sociais:<\/p>\n\n\n\n<ul class=\"wp-block-list\">\n<li><strong>Reduzir o uso de carros no centro da cidade<\/strong>, onde o espa\u00e7o \u00e9 limitado<\/li>\n\n\n\n<li><strong>Estimular o com\u00e9rcio local<\/strong>, criando benef\u00edcios exclusivos para clientes que usam o transporte p\u00fablico<\/li>\n\n\n\n<li><strong>Promover h\u00e1bitos mais ecol\u00f3gicos<\/strong>, alinhados com a pol\u00edtica su\u00ed\u00e7a de neutralidade de carbono<\/li>\n\n\n\n<li>Criar um elo entre <strong>mobilidade, consumo consciente e qualidade de vida urbana<\/strong><\/li>\n<\/ul>\n\n\n\n<p>Al\u00e9m disso, \u00e9 uma forma elegante e pr\u00e1tica de <strong>premiar quem ajuda a cidade a funcionar melhor.<\/strong><\/p>\n\n\n\n<h2 class=\"wp-block-heading\">Curiosidades sobre a iniciativa em Zurique<\/h2>\n\n\n\n<ul class=\"wp-block-list\">\n<li>A campanha \u00e9 chamada de <strong>&#8220;Kauf mit Ticket&#8221;<\/strong> (Compre com bilhete)<\/li>\n\n\n\n<li>Algumas lojas fazem parcerias com o sistema de transporte para <strong>sortear assinaturas mensais ou recargas<\/strong><\/li>\n\n\n\n<li>O modelo j\u00e1 foi testado em <strong>Basel e Berna<\/strong>, com resultados positivos<\/li>\n\n\n\n<li>Estudantes recebem <strong>descontos cumulativos<\/strong>, se usarem transporte p\u00fablico e apresentarem carteirinha<\/li>\n\n\n\n<li>A ideia inspirou iniciativas semelhantes em <strong>Amsterd\u00e3, Viena e at\u00e9 em bairros de T\u00f3quio<\/strong><\/li>\n<\/ul>\n\n\n\n<p>Zurique mostra que <strong>o futuro das cidades passa por pequenas escolhas inteligentes<\/strong> \u2014 e que uma simples passagem de trem pode render mais do que uma viagem: pode significar <strong>consumo consciente e incentivo \u00e0 sustentabilidade.<\/strong><\/p>\n","protected":false},"excerpt":{"rendered":"<p>Em Zurique, Su\u00ed\u00e7a, lojas d\u00e3o desconto para quem usa transporte p\u00fablico. Conhe\u00e7a a cidade onde mobilidade sustent\u00e1vel vale at\u00e9 nas compras.<\/p>\n","protected":false},"author":3,"featured_media":21434,"comment_status":"open","ping_status":"open","sticky":false,"template":"","format":"standard","meta":{"_yoast_wpseo_focuskw":"cidade desconto transporte","_yoast_wpseo_title":"%%title%%","_yoast_wpseo_metadesc":"Em Zurique, Su\u00ed\u00e7a, lojas d\u00e3o desconto para quem usa transporte p\u00fablico. Conhe\u00e7a a cidade onde mobilidade sustent\u00e1vel vale at\u00e9 nas compras.","jnews-multi-image_gallery":[],"jnews_single_post":{"format":"standard"},"jnews_primary_category":[],"jnews_social_meta":[],"jnews_override_counter":[],"footnotes":""},"categories":[108],"tags":[109],"class_list":["post-21433","post","type-post","status-publish","format-standard","has-post-thumbnail","hentry","category-cidades","tag-cidades"],"yoast_head":"<!-- This site is optimized with the Yoast SEO plugin v24.6 - https:\/\/yoast.com\/wordpress\/plugins\/seo\/ -->\n<title>Conhe\u00e7a a cidade onde lojas oferecem desconto para quem vem de transporte p\u00fablico<\/title>\n<meta name=\"description\" content=\"Em Zurique, Su\u00ed\u00e7a, lojas d\u00e3o desconto para quem usa transporte p\u00fablico. Conhe\u00e7a a cidade onde mobilidade sustent\u00e1vel vale at\u00e9 nas compras.\" \/>\n<meta name=\"robots\" content=\"index, follow, max-snippet:-1, max-image-preview:large, max-video-preview:-1\" \/>\n<link rel=\"canonical\" href=\"https:\/\/www.correiobraziliense.com.br\/cbradar\/conheca-a-cidade-onde-lojas-oferecem-desconto-para-quem-vem-de-transporte-publico\/\" \/>\n<meta property=\"og:locale\" content=\"pt_BR\" \/>\n<meta property=\"og:type\" content=\"article\" \/>\n<meta property=\"og:title\" content=\"Conhe\u00e7a a cidade onde lojas oferecem desconto para quem vem de transporte p\u00fablico\" \/>\n<meta property=\"og:description\" content=\"Em Zurique, Su\u00ed\u00e7a, lojas d\u00e3o desconto para quem usa transporte p\u00fablico. Conhe\u00e7a a cidade onde mobilidade sustent\u00e1vel vale at\u00e9 nas compras.\" \/>\n<meta property=\"og:url\" content=\"https:\/\/www.correiobraziliense.com.br\/cbradar\/conheca-a-cidade-onde-lojas-oferecem-desconto-para-quem-vem-de-transporte-publico\/\" \/>\n<meta property=\"og:site_name\" content=\"Correio Braziliense - Radar\" \/>\n<meta property=\"article:published_time\" content=\"2025-04-11T23:10:00+00:00\" \/>\n<meta property=\"og:image\" content=\"https:\/\/www.correiobraziliense.com.br\/cbradar\/wp-content\/uploads\/2025\/04\/Zurique_1744239789768.jpg\" \/>\n\t<meta property=\"og:image:width\" content=\"1280\" \/>\n\t<meta property=\"og:image:height\" content=\"720\" \/>\n\t<meta property=\"og:image:type\" content=\"image\/jpeg\" \/>\n<meta name=\"author\" content=\"Larissa Carvalho\" \/>\n<meta name=\"twitter:card\" content=\"summary_large_image\" \/>\n<meta name=\"twitter:label1\" content=\"Escrito por\" \/>\n\t<meta name=\"twitter:data1\" content=\"Larissa Carvalho\" \/>\n\t<meta name=\"twitter:label2\" content=\"Est. tempo de leitura\" \/>\n\t<meta name=\"twitter:data2\" content=\"3 minutos\" \/>\n<!-- \/ Yoast SEO plugin. -->","yoast_head_json":{"title":"Conhe\u00e7a a cidade onde lojas oferecem desconto para quem vem de transporte p\u00fablico","description":"Em Zurique, Su\u00ed\u00e7a, lojas d\u00e3o desconto para quem usa transporte p\u00fablico. Conhe\u00e7a a cidade onde mobilidade sustent\u00e1vel vale at\u00e9 nas compras.","robots":{"index":"index","follow":"follow","max-snippet":"max-snippet:-1","max-image-preview":"max-image-preview:large","max-video-preview":"max-video-preview:-1"},"canonical":"https:\/\/www.correiobraziliense.com.br\/cbradar\/conheca-a-cidade-onde-lojas-oferecem-desconto-para-quem-vem-de-transporte-publico\/","og_locale":"pt_BR","og_type":"article","og_title":"Conhe\u00e7a a cidade onde lojas oferecem desconto para quem vem de transporte p\u00fablico","og_description":"Em Zurique, Su\u00ed\u00e7a, lojas d\u00e3o desconto para quem usa transporte p\u00fablico. Conhe\u00e7a a cidade onde mobilidade sustent\u00e1vel vale at\u00e9 nas compras.","og_url":"https:\/\/www.correiobraziliense.com.br\/cbradar\/conheca-a-cidade-onde-lojas-oferecem-desconto-para-quem-vem-de-transporte-publico\/","og_site_name":"Correio Braziliense - Radar","article_published_time":"2025-04-11T23:10:00+00:00","og_image":[{"width":1280,"height":720,"url":"https:\/\/www.correiobraziliense.com.br\/cbradar\/wp-content\/uploads\/2025\/04\/Zurique_1744239789768.jpg","type":"image\/jpeg"}],"author":"Larissa Carvalho","twitter_card":"summary_large_image","twitter_misc":{"Escrito por":"Larissa Carvalho","Est. tempo de leitura":"3 minutos"},"schema":{"@context":"https:\/\/schema.org","@graph":[{"@type":"WebPage","@id":"https:\/\/www.correiobraziliense.com.br\/cbradar\/conheca-a-cidade-onde-lojas-oferecem-desconto-para-quem-vem-de-transporte-publico\/","url":"https:\/\/www.correiobraziliense.com.br\/cbradar\/conheca-a-cidade-onde-lojas-oferecem-desconto-para-quem-vem-de-transporte-publico\/","name":"Conhe\u00e7a a cidade onde lojas oferecem desconto para quem vem de transporte p\u00fablico","isPartOf":{"@id":"https:\/\/www.correiobraziliense.com.br\/cbradar\/#website"},"primaryImageOfPage":{"@id":"https:\/\/www.correiobraziliense.com.br\/cbradar\/conheca-a-cidade-onde-lojas-oferecem-desconto-para-quem-vem-de-transporte-publico\/#primaryimage"},"image":{"@id":"https:\/\/www.correiobraziliense.com.br\/cbradar\/conheca-a-cidade-onde-lojas-oferecem-desconto-para-quem-vem-de-transporte-publico\/#primaryimage"},"thumbnailUrl":"https:\/\/www.correiobraziliense.com.br\/cbradar\/wp-content\/uploads\/2025\/04\/Zurique_1744239789768.jpg","datePublished":"2025-04-11T23:10:00+00:00","author":{"@id":"https:\/\/www.correiobraziliense.com.br\/cbradar\/#\/schema\/person\/58422787644df994b53a19d3e56c1513"},"description":"Em Zurique, Su\u00ed\u00e7a, lojas d\u00e3o desconto para quem usa transporte p\u00fablico. Conhe\u00e7a a cidade onde mobilidade sustent\u00e1vel vale at\u00e9 nas compras.","breadcrumb":{"@id":"https:\/\/www.correiobraziliense.com.br\/cbradar\/conheca-a-cidade-onde-lojas-oferecem-desconto-para-quem-vem-de-transporte-publico\/#breadcrumb"},"inLanguage":"pt-BR","potentialAction":[{"@type":"ReadAction","target":["https:\/\/www.correiobraziliense.com.br\/cbradar\/conheca-a-cidade-onde-lojas-oferecem-desconto-para-quem-vem-de-transporte-publico\/"]}]},{"@type":"ImageObject","inLanguage":"pt-BR","@id":"https:\/\/www.correiobraziliense.com.br\/cbradar\/conheca-a-cidade-onde-lojas-oferecem-desconto-para-quem-vem-de-transporte-publico\/#primaryimage","url":"https:\/\/www.correiobraziliense.com.br\/cbradar\/wp-content\/uploads\/2025\/04\/Zurique_1744239789768.jpg","contentUrl":"https:\/\/www.correiobraziliense.com.br\/cbradar\/wp-content\/uploads\/2025\/04\/Zurique_1744239789768.jpg","width":1280,"height":720,"caption":"Zurique. Cr\u00e9ditos: depositphotos.com \/ happyalex"},{"@type":"BreadcrumbList","@id":"https:\/\/www.correiobraziliense.com.br\/cbradar\/conheca-a-cidade-onde-lojas-oferecem-desconto-para-quem-vem-de-transporte-publico\/#breadcrumb","itemListElement":[{"@type":"ListItem","position":1,"name":"In\u00edcio","item":"https:\/\/www.correiobraziliense.com.br\/cbradar\/"},{"@type":"ListItem","position":2,"name":"Conhe\u00e7a a cidade onde lojas oferecem desconto para quem vem de transporte p\u00fablico"}]},{"@type":"WebSite","@id":"https:\/\/www.correiobraziliense.com.br\/cbradar\/#website","url":"https:\/\/www.correiobraziliense.com.br\/cbradar\/","name":"Correio Braziliense - Radar","description":"Acompanhe as \u00faltimas not\u00edcias e fique bem informado sobre tudo o que acontece no Brasil e no mundo.","potentialAction":[{"@type":"SearchAction","target":{"@type":"EntryPoint","urlTemplate":"https:\/\/www.correiobraziliense.com.br\/cbradar\/?s={search_term_string}"},"query-input":{"@type":"PropertyValueSpecification","valueRequired":true,"valueName":"search_term_string"}}],"inLanguage":"pt-BR"},{"@type":"Person","@id":"https:\/\/www.correiobraziliense.com.br\/cbradar\/#\/schema\/person\/58422787644df994b53a19d3e56c1513","name":"Larissa Carvalho","image":{"@type":"ImageObject","inLanguage":"pt-BR","@id":"https:\/\/www.correiobraziliense.com.br\/cbradar\/#\/schema\/person\/image\/","url":"https:\/\/secure.gravatar.com\/avatar\/fe4f91a0de32b52a838d0d612abdc1aa?s=96&d=mm&r=g","contentUrl":"https:\/\/secure.gravatar.com\/avatar\/fe4f91a0de32b52a838d0d612abdc1aa?s=96&d=mm&r=g","caption":"Larissa Carvalho"},"url":"https:\/\/www.correiobraziliense.com.br\/cbradar\/author\/larissamyth\/"}]}},"_links":{"self":[{"href":"https:\/\/www.correiobraziliense.com.br\/cbradar\/wp-json\/wp\/v2\/posts\/21433","targetHints":{"allow":["GET"]}}],"collection":[{"href":"https:\/\/www.correiobraziliense.com.br\/cbradar\/wp-json\/wp\/v2\/posts"}],"about":[{"href":"https:\/\/www.correiobraziliense.com.br\/cbradar\/wp-json\/wp\/v2\/types\/post"}],"author":[{"embeddable":true,"href":"https:\/\/www.correiobraziliense.com.br\/cbradar\/wp-json\/wp\/v2\/users\/3"}],"replies":[{"embeddable":true,"href":"https:\/\/www.correiobraziliense.com.br\/cbradar\/wp-json\/wp\/v2\/comments?post=21433"}],"version-history":[{"count":1,"href":"https:\/\/www.correiobraziliense.com.br\/cbradar\/wp-json\/wp\/v2\/posts\/21433\/revisions"}],"predecessor-version":[{"id":21436,"href":"https:\/\/www.correiobraziliense.com.br\/cbradar\/wp-json\/wp\/v2\/posts\/21433\/revisions\/21436"}],"wp:featuredmedia":[{"embeddable":true,"href":"https:\/\/www.correiobraziliense.com.br\/cbradar\/wp-json\/wp\/v2\/media\/21434"}],"wp:attachment":[{"href":"https:\/\/www.correiobraziliense.com.br\/cbradar\/wp-json\/wp\/v2\/media?parent=21433"}],"wp:term":[{"taxonomy":"category","embeddable":true,"href":"https:\/\/www.correiobraziliense.com.br\/cbradar\/wp-json\/wp\/v2\/categories?post=21433"},{"taxonomy":"post_tag","embeddable":true,"href":"https:\/\/www.correiobraziliense.com.br\/cbradar\/wp-json\/wp\/v2\/tags?post=21433"}],"curies":[{"name":"wp","href":"https:\/\/api.w.org\/{rel}","templated":true}]}}