{"id":21441,"date":"2025-04-11T22:50:00","date_gmt":"2025-04-12T01:50:00","guid":{"rendered":"https:\/\/www.correiobraziliense.com.br\/cbradar\/?p=21441"},"modified":"2025-04-10T20:28:56","modified_gmt":"2025-04-10T23:28:56","slug":"conheca-a-cidade-onde-os-moradores-podem-alugar-cabras-para-cortar-o-mato","status":"publish","type":"post","link":"https:\/\/www.correiobraziliense.com.br\/cbradar\/conheca-a-cidade-onde-os-moradores-podem-alugar-cabras-para-cortar-o-mato\/","title":{"rendered":"Conhe\u00e7a a cidade onde os moradores podem &#8220;alugar&#8221; cabras para cortar o mato"},"content":{"rendered":"\n<p>Na inovadora e ecologicamente consciente <strong>San Francisco<\/strong>, na <strong>Calif\u00f3rnia (EUA)<\/strong>, o cuidado com \u00e1reas verdes ganhou um toque r\u00fastico e surpreendente: <strong>os moradores e \u00f3rg\u00e3os p\u00fablicos podem \u201calugar\u201d cabras para cortar o mato em terrenos, encostas e parques<\/strong>. Sim, ao inv\u00e9s de cortadores barulhentos, as cabras fazem o servi\u00e7o de forma natural, silenciosa e eficiente \u2014 e ainda encantam quem passa.<\/p>\n\n\n\n<p>A pr\u00e1tica mistura <strong>sustentabilidade, manejo ecol\u00f3gico e economia urbana<\/strong>, tornando-se cada vez mais popular em \u00e1reas urbanas da cidade.<\/p>\n\n\n\n<h2 class=\"wp-block-heading\">Como funciona o aluguel de cabras em San Francisco?<\/h2>\n\n\n\n<p>O processo \u00e9 mais simples do que parece:<\/p>\n\n\n\n<ul class=\"wp-block-list\">\n<li>Empresas especializadas, como a <strong>City Grazing<\/strong>, oferecem <strong>rebanhos treinados de cabras<\/strong> para pastagem urbana<\/li>\n\n\n\n<li>O contratante (pessoa f\u00edsica, condom\u00ednio ou prefeitura) indica a \u00e1rea onde o mato est\u00e1 alto ou dif\u00edcil de manejar<\/li>\n\n\n\n<li>As cabras s\u00e3o levadas ao local com cercas m\u00f3veis e supervisionadas por <strong>\u201cpastores urbanos\u201d<\/strong><\/li>\n\n\n\n<li>Elas <strong>comem ervas daninhas, grama alta, folhas secas e at\u00e9 pequenos arbustos<\/strong>, tudo sem impacto ambiental<\/li>\n\n\n\n<li>Ao final do \u201caluguel\u201d, as cabras s\u00e3o recolhidas e levadas de volta \u00e0s fazendas parceiras<\/li>\n<\/ul>\n\n\n\n<p>Al\u00e9m de eficaz, a iniciativa se tornou <strong>um atrativo para vizinhos, crian\u00e7as e curiosos<\/strong>.<\/p>\n\n\n\n<figure class=\"wp-block-image size-large\"><img decoding=\"async\" width=\"1024\" height=\"576\" src=\"https:\/\/www.correiobraziliense.com.br\/cbradar\/wp-content\/uploads\/2025\/04\/San-Francisco_1744240067056-1024x576.jpg\" alt=\"Conhe\u00e7a a cidade onde os moradores podem &quot;alugar&quot; cabras para cortar o mato\" class=\"wp-image-21443\" srcset=\"https:\/\/www.correiobraziliense.com.br\/cbradar\/wp-content\/uploads\/2025\/04\/San-Francisco_1744240067056-1024x576.jpg 1024w, https:\/\/www.correiobraziliense.com.br\/cbradar\/wp-content\/uploads\/2025\/04\/San-Francisco_1744240067056-300x169.jpg 300w, https:\/\/www.correiobraziliense.com.br\/cbradar\/wp-content\/uploads\/2025\/04\/San-Francisco_1744240067056-768x432.jpg 768w, https:\/\/www.correiobraziliense.com.br\/cbradar\/wp-content\/uploads\/2025\/04\/San-Francisco_1744240067056-750x422.jpg 750w, https:\/\/www.correiobraziliense.com.br\/cbradar\/wp-content\/uploads\/2025\/04\/San-Francisco_1744240067056-1140x641.jpg 1140w, https:\/\/www.correiobraziliense.com.br\/cbradar\/wp-content\/uploads\/2025\/04\/San-Francisco_1744240067056.jpg 1280w\" sizes=\"(max-width: 1024px) 100vw, 1024px\" \/><figcaption class=\"wp-element-caption\">San Francisco. Cr\u00e9ditos: depositphotos.com \/ sepavone<\/figcaption><\/figure>\n\n\n\n<h2 class=\"wp-block-heading\">Por que San Francisco adotou esse m\u00e9todo?<\/h2>\n\n\n\n<p>A cidade tem investido fortemente em <strong>solu\u00e7\u00f5es sustent\u00e1veis e inovadoras<\/strong>. O uso de cabras surgiu como alternativa para:<\/p>\n\n\n\n<ul class=\"wp-block-list\">\n<li><strong>Reduzir o uso de m\u00e1quinas e pesticidas qu\u00edmicos<\/strong><\/li>\n\n\n\n<li>Diminuir os custos de manuten\u00e7\u00e3o de \u00e1reas verdes em terrenos inclinados e de dif\u00edcil acesso<\/li>\n\n\n\n<li><strong>Prevenir inc\u00eandios florestais<\/strong>, eliminando vegeta\u00e7\u00e3o seca de forma natural<\/li>\n\n\n\n<li>Engajar a comunidade em pr\u00e1ticas ecol\u00f3gicas vis\u00edveis e educativas<\/li>\n<\/ul>\n\n\n\n<p>Al\u00e9m disso, as cabras <strong>n\u00e3o poluem, s\u00e3o silenciosas e geram zero emiss\u00e3o de carbono<\/strong>.<\/p>\n\n\n\n<h2 class=\"wp-block-heading\">Curiosidades sobre o aluguel de cabras em San Francisco<\/h2>\n\n\n\n<ul class=\"wp-block-list\">\n<li>Cada cabra pode comer <strong>at\u00e9 5 kg de vegeta\u00e7\u00e3o por dia<\/strong><\/li>\n\n\n\n<li>Os rebanhos s\u00e3o compostos por cabras resgatadas de abate ou abandono<\/li>\n\n\n\n<li>As \u00e1reas mais atendidas s\u00e3o <strong>colinas, parques e at\u00e9 terrenos de escolas p\u00fablicas<\/strong><\/li>\n\n\n\n<li>O aluguel \u00e9 cobrado por \u00e1rea e tempo de pastagem, <strong>com pre\u00e7os competitivos ao corte convencional<\/strong><\/li>\n\n\n\n<li>A pr\u00e1tica inspirou a\u00e7\u00f5es semelhantes em <strong>Portland, Seattle e at\u00e9 cidades europeias como Barcelona<\/strong><\/li>\n<\/ul>\n\n\n\n<p>San Francisco mostra que <strong>a inova\u00e7\u00e3o urbana pode ter quatro patas, um apetite voraz e ser totalmente ecol\u00f3gica \u2014 provando que, \u00e0s vezes, o futuro vem&#8230; mastigando.<\/strong><\/p>\n","protected":false},"excerpt":{"rendered":"<p>Em San Francisco, moradores podem alugar cabras para cortar o mato. Conhe\u00e7a a cidade onde pastagem natural virou solu\u00e7\u00e3o urbana ecol\u00f3gica e charmosa.<\/p>\n","protected":false},"author":3,"featured_media":21442,"comment_status":"open","ping_status":"open","sticky":false,"template":"","format":"standard","meta":{"_yoast_wpseo_focuskw":"cidade alugar cabras","_yoast_wpseo_title":"%%title%%","_yoast_wpseo_metadesc":"Em San Francisco, moradores podem alugar cabras para cortar o mato. Conhe\u00e7a a cidade onde pastagem natural virou solu\u00e7\u00e3o urbana ecol\u00f3gica e charmosa.","jnews-multi-image_gallery":[],"jnews_single_post":{"format":"standard"},"jnews_primary_category":[],"jnews_social_meta":[],"jnews_override_counter":[],"footnotes":""},"categories":[108],"tags":[109],"class_list":["post-21441","post","type-post","status-publish","format-standard","has-post-thumbnail","hentry","category-cidades","tag-cidades"],"yoast_head":"<!-- This site is optimized with the Yoast SEO plugin v24.6 - https:\/\/yoast.com\/wordpress\/plugins\/seo\/ -->\n<title>Conhe\u00e7a a cidade onde os moradores podem &quot;alugar&quot; cabras para cortar o mato<\/title>\n<meta name=\"description\" content=\"Em San Francisco, moradores podem alugar cabras para cortar o mato. Conhe\u00e7a a cidade onde pastagem natural virou solu\u00e7\u00e3o urbana ecol\u00f3gica e charmosa.\" \/>\n<meta name=\"robots\" content=\"index, follow, max-snippet:-1, max-image-preview:large, max-video-preview:-1\" \/>\n<link rel=\"canonical\" href=\"https:\/\/www.correiobraziliense.com.br\/cbradar\/conheca-a-cidade-onde-os-moradores-podem-alugar-cabras-para-cortar-o-mato\/\" \/>\n<meta property=\"og:locale\" content=\"pt_BR\" \/>\n<meta property=\"og:type\" content=\"article\" \/>\n<meta property=\"og:title\" content=\"Conhe\u00e7a a cidade onde os moradores podem &quot;alugar&quot; cabras para cortar o mato\" \/>\n<meta property=\"og:description\" content=\"Em San Francisco, moradores podem alugar cabras para cortar o mato. Conhe\u00e7a a cidade onde pastagem natural virou solu\u00e7\u00e3o urbana ecol\u00f3gica e charmosa.\" \/>\n<meta property=\"og:url\" content=\"https:\/\/www.correiobraziliense.com.br\/cbradar\/conheca-a-cidade-onde-os-moradores-podem-alugar-cabras-para-cortar-o-mato\/\" \/>\n<meta property=\"og:site_name\" content=\"Correio Braziliense - Radar\" \/>\n<meta property=\"article:published_time\" content=\"2025-04-12T01:50:00+00:00\" \/>\n<meta property=\"og:image\" content=\"https:\/\/www.correiobraziliense.com.br\/cbradar\/wp-content\/uploads\/2025\/04\/San-Francisco_1744240040066.jpg\" \/>\n\t<meta property=\"og:image:width\" content=\"1280\" \/>\n\t<meta property=\"og:image:height\" content=\"720\" \/>\n\t<meta property=\"og:image:type\" content=\"image\/jpeg\" \/>\n<meta name=\"author\" content=\"Larissa Carvalho\" \/>\n<meta name=\"twitter:card\" content=\"summary_large_image\" \/>\n<meta name=\"twitter:label1\" content=\"Escrito por\" \/>\n\t<meta name=\"twitter:data1\" content=\"Larissa Carvalho\" \/>\n\t<meta name=\"twitter:label2\" content=\"Est. tempo de leitura\" \/>\n\t<meta name=\"twitter:data2\" content=\"3 minutos\" \/>\n<!-- \/ Yoast SEO plugin. -->","yoast_head_json":{"title":"Conhe\u00e7a a cidade onde os moradores podem \"alugar\" cabras para cortar o mato","description":"Em San Francisco, moradores podem alugar cabras para cortar o mato. Conhe\u00e7a a cidade onde pastagem natural virou solu\u00e7\u00e3o urbana ecol\u00f3gica e charmosa.","robots":{"index":"index","follow":"follow","max-snippet":"max-snippet:-1","max-image-preview":"max-image-preview:large","max-video-preview":"max-video-preview:-1"},"canonical":"https:\/\/www.correiobraziliense.com.br\/cbradar\/conheca-a-cidade-onde-os-moradores-podem-alugar-cabras-para-cortar-o-mato\/","og_locale":"pt_BR","og_type":"article","og_title":"Conhe\u00e7a a cidade onde os moradores podem \"alugar\" cabras para cortar o mato","og_description":"Em San Francisco, moradores podem alugar cabras para cortar o mato. Conhe\u00e7a a cidade onde pastagem natural virou solu\u00e7\u00e3o urbana ecol\u00f3gica e charmosa.","og_url":"https:\/\/www.correiobraziliense.com.br\/cbradar\/conheca-a-cidade-onde-os-moradores-podem-alugar-cabras-para-cortar-o-mato\/","og_site_name":"Correio Braziliense - Radar","article_published_time":"2025-04-12T01:50:00+00:00","og_image":[{"width":1280,"height":720,"url":"https:\/\/www.correiobraziliense.com.br\/cbradar\/wp-content\/uploads\/2025\/04\/San-Francisco_1744240040066.jpg","type":"image\/jpeg"}],"author":"Larissa Carvalho","twitter_card":"summary_large_image","twitter_misc":{"Escrito por":"Larissa Carvalho","Est. tempo de leitura":"3 minutos"},"schema":{"@context":"https:\/\/schema.org","@graph":[{"@type":"WebPage","@id":"https:\/\/www.correiobraziliense.com.br\/cbradar\/conheca-a-cidade-onde-os-moradores-podem-alugar-cabras-para-cortar-o-mato\/","url":"https:\/\/www.correiobraziliense.com.br\/cbradar\/conheca-a-cidade-onde-os-moradores-podem-alugar-cabras-para-cortar-o-mato\/","name":"Conhe\u00e7a a cidade onde os moradores podem \"alugar\" cabras para cortar o mato","isPartOf":{"@id":"https:\/\/www.correiobraziliense.com.br\/cbradar\/#website"},"primaryImageOfPage":{"@id":"https:\/\/www.correiobraziliense.com.br\/cbradar\/conheca-a-cidade-onde-os-moradores-podem-alugar-cabras-para-cortar-o-mato\/#primaryimage"},"image":{"@id":"https:\/\/www.correiobraziliense.com.br\/cbradar\/conheca-a-cidade-onde-os-moradores-podem-alugar-cabras-para-cortar-o-mato\/#primaryimage"},"thumbnailUrl":"https:\/\/www.correiobraziliense.com.br\/cbradar\/wp-content\/uploads\/2025\/04\/San-Francisco_1744240040066.jpg","datePublished":"2025-04-12T01:50:00+00:00","author":{"@id":"https:\/\/www.correiobraziliense.com.br\/cbradar\/#\/schema\/person\/58422787644df994b53a19d3e56c1513"},"description":"Em San Francisco, moradores podem alugar cabras para cortar o mato. Conhe\u00e7a a cidade onde pastagem natural virou solu\u00e7\u00e3o urbana ecol\u00f3gica e charmosa.","breadcrumb":{"@id":"https:\/\/www.correiobraziliense.com.br\/cbradar\/conheca-a-cidade-onde-os-moradores-podem-alugar-cabras-para-cortar-o-mato\/#breadcrumb"},"inLanguage":"pt-BR","potentialAction":[{"@type":"ReadAction","target":["https:\/\/www.correiobraziliense.com.br\/cbradar\/conheca-a-cidade-onde-os-moradores-podem-alugar-cabras-para-cortar-o-mato\/"]}]},{"@type":"ImageObject","inLanguage":"pt-BR","@id":"https:\/\/www.correiobraziliense.com.br\/cbradar\/conheca-a-cidade-onde-os-moradores-podem-alugar-cabras-para-cortar-o-mato\/#primaryimage","url":"https:\/\/www.correiobraziliense.com.br\/cbradar\/wp-content\/uploads\/2025\/04\/San-Francisco_1744240040066.jpg","contentUrl":"https:\/\/www.correiobraziliense.com.br\/cbradar\/wp-content\/uploads\/2025\/04\/San-Francisco_1744240040066.jpg","width":1280,"height":720,"caption":"San Francisco. Cr\u00e9ditos: depositphotos.com \/ dell640"},{"@type":"BreadcrumbList","@id":"https:\/\/www.correiobraziliense.com.br\/cbradar\/conheca-a-cidade-onde-os-moradores-podem-alugar-cabras-para-cortar-o-mato\/#breadcrumb","itemListElement":[{"@type":"ListItem","position":1,"name":"In\u00edcio","item":"https:\/\/www.correiobraziliense.com.br\/cbradar\/"},{"@type":"ListItem","position":2,"name":"Conhe\u00e7a a cidade onde os moradores podem &#8220;alugar&#8221; cabras para cortar o mato"}]},{"@type":"WebSite","@id":"https:\/\/www.correiobraziliense.com.br\/cbradar\/#website","url":"https:\/\/www.correiobraziliense.com.br\/cbradar\/","name":"Correio Braziliense - Radar","description":"Acompanhe as \u00faltimas not\u00edcias e fique bem informado sobre tudo o que acontece no Brasil e no mundo.","potentialAction":[{"@type":"SearchAction","target":{"@type":"EntryPoint","urlTemplate":"https:\/\/www.correiobraziliense.com.br\/cbradar\/?s={search_term_string}"},"query-input":{"@type":"PropertyValueSpecification","valueRequired":true,"valueName":"search_term_string"}}],"inLanguage":"pt-BR"},{"@type":"Person","@id":"https:\/\/www.correiobraziliense.com.br\/cbradar\/#\/schema\/person\/58422787644df994b53a19d3e56c1513","name":"Larissa Carvalho","image":{"@type":"ImageObject","inLanguage":"pt-BR","@id":"https:\/\/www.correiobraziliense.com.br\/cbradar\/#\/schema\/person\/image\/","url":"https:\/\/secure.gravatar.com\/avatar\/fe4f91a0de32b52a838d0d612abdc1aa?s=96&d=mm&r=g","contentUrl":"https:\/\/secure.gravatar.com\/avatar\/fe4f91a0de32b52a838d0d612abdc1aa?s=96&d=mm&r=g","caption":"Larissa Carvalho"},"url":"https:\/\/www.correiobraziliense.com.br\/cbradar\/author\/larissamyth\/"}]}},"_links":{"self":[{"href":"https:\/\/www.correiobraziliense.com.br\/cbradar\/wp-json\/wp\/v2\/posts\/21441","targetHints":{"allow":["GET"]}}],"collection":[{"href":"https:\/\/www.correiobraziliense.com.br\/cbradar\/wp-json\/wp\/v2\/posts"}],"about":[{"href":"https:\/\/www.correiobraziliense.com.br\/cbradar\/wp-json\/wp\/v2\/types\/post"}],"author":[{"embeddable":true,"href":"https:\/\/www.correiobraziliense.com.br\/cbradar\/wp-json\/wp\/v2\/users\/3"}],"replies":[{"embeddable":true,"href":"https:\/\/www.correiobraziliense.com.br\/cbradar\/wp-json\/wp\/v2\/comments?post=21441"}],"version-history":[{"count":1,"href":"https:\/\/www.correiobraziliense.com.br\/cbradar\/wp-json\/wp\/v2\/posts\/21441\/revisions"}],"predecessor-version":[{"id":21444,"href":"https:\/\/www.correiobraziliense.com.br\/cbradar\/wp-json\/wp\/v2\/posts\/21441\/revisions\/21444"}],"wp:featuredmedia":[{"embeddable":true,"href":"https:\/\/www.correiobraziliense.com.br\/cbradar\/wp-json\/wp\/v2\/media\/21442"}],"wp:attachment":[{"href":"https:\/\/www.correiobraziliense.com.br\/cbradar\/wp-json\/wp\/v2\/media?parent=21441"}],"wp:term":[{"taxonomy":"category","embeddable":true,"href":"https:\/\/www.correiobraziliense.com.br\/cbradar\/wp-json\/wp\/v2\/categories?post=21441"},{"taxonomy":"post_tag","embeddable":true,"href":"https:\/\/www.correiobraziliense.com.br\/cbradar\/wp-json\/wp\/v2\/tags?post=21441"}],"curies":[{"name":"wp","href":"https:\/\/api.w.org\/{rel}","templated":true}]}}