{"id":21445,"date":"2025-04-12T07:30:00","date_gmt":"2025-04-12T10:30:00","guid":{"rendered":"https:\/\/www.correiobraziliense.com.br\/cbradar\/?p=21445"},"modified":"2025-04-11T22:16:03","modified_gmt":"2025-04-12T01:16:03","slug":"conheca-a-cidade-onde-criancas-decidem-parte-do-orcamento-municipal","status":"publish","type":"post","link":"https:\/\/www.correiobraziliense.com.br\/cbradar\/conheca-a-cidade-onde-criancas-decidem-parte-do-orcamento-municipal\/","title":{"rendered":"Conhe\u00e7a a cidade onde crian\u00e7as decidem parte do or\u00e7amento municipal"},"content":{"rendered":"\n<p>Na democr\u00e1tica e inovadora <strong>Grenoble<\/strong>, no sudeste da <strong>Fran\u00e7a<\/strong>, a participa\u00e7\u00e3o cidad\u00e3 come\u00e7a cedo \u2014 literalmente. A cidade implantou um modelo pioneiro onde <strong>crian\u00e7as participam ativamente da decis\u00e3o sobre parte do or\u00e7amento municipal<\/strong>, opinando e votando em projetos que impactam seu cotidiano, como escolas, pra\u00e7as, bibliotecas e espa\u00e7os de lazer.<\/p>\n\n\n\n<p>Essa experi\u00eancia de <strong>or\u00e7amento participativo infantil<\/strong> \u00e9 levada a s\u00e9rio, com processos organizados, acompanhamento pedag\u00f3gico e resultados reais que <strong>influenciam diretamente a gest\u00e3o da cidade<\/strong>.<\/p>\n\n\n\n<h2 class=\"wp-block-heading\">Como funciona o or\u00e7amento participativo infantil em Grenoble?<\/h2>\n\n\n\n<p>O programa \u00e9 conduzido de forma organizada e educativa:<\/p>\n\n\n\n<ul class=\"wp-block-list\">\n<li>Crian\u00e7as de <strong>8 a 12 anos<\/strong>, estudantes das escolas p\u00fablicas da cidade, <strong>s\u00e3o convidadas a participar de assembleias e oficinas<\/strong><\/li>\n\n\n\n<li>Elas aprendem como funciona o or\u00e7amento p\u00fablico e s\u00e3o incentivadas a <strong>apresentar ideias para melhorar seu bairro ou escola<\/strong><\/li>\n\n\n\n<li>As propostas v\u00e3o desde <strong>parquinhos e hortas escolares<\/strong> at\u00e9 bibliotecas m\u00f3veis e espa\u00e7os de recrea\u00e7\u00e3o para todos<\/li>\n\n\n\n<li>Ap\u00f3s debate e avalia\u00e7\u00e3o t\u00e9cnica da viabilidade, os pr\u00f3prios alunos <strong>votam nas melhores ideias<\/strong><\/li>\n\n\n\n<li>Os projetos escolhidos s\u00e3o <strong>realmente executados pela prefeitura<\/strong>, com placas e reconhecimento aos jovens autores<\/li>\n<\/ul>\n\n\n\n<p>A cada ciclo, <strong>centenas de crian\u00e7as participam<\/strong>, transformando seu entorno com protagonismo.<\/p>\n\n\n\n<figure class=\"wp-block-image size-large\"><img decoding=\"async\" width=\"1024\" height=\"576\" src=\"https:\/\/www.correiobraziliense.com.br\/cbradar\/wp-content\/uploads\/2025\/04\/Grenoble_1744240181305-1024x576.jpg\" alt=\"Conhe\u00e7a a cidade onde crian\u00e7as decidem parte do or\u00e7amento municipal\" class=\"wp-image-21447\" srcset=\"https:\/\/www.correiobraziliense.com.br\/cbradar\/wp-content\/uploads\/2025\/04\/Grenoble_1744240181305-1024x576.jpg 1024w, https:\/\/www.correiobraziliense.com.br\/cbradar\/wp-content\/uploads\/2025\/04\/Grenoble_1744240181305-300x169.jpg 300w, https:\/\/www.correiobraziliense.com.br\/cbradar\/wp-content\/uploads\/2025\/04\/Grenoble_1744240181305-768x432.jpg 768w, https:\/\/www.correiobraziliense.com.br\/cbradar\/wp-content\/uploads\/2025\/04\/Grenoble_1744240181305-750x422.jpg 750w, https:\/\/www.correiobraziliense.com.br\/cbradar\/wp-content\/uploads\/2025\/04\/Grenoble_1744240181305-1140x641.jpg 1140w, https:\/\/www.correiobraziliense.com.br\/cbradar\/wp-content\/uploads\/2025\/04\/Grenoble_1744240181305.jpg 1280w\" sizes=\"(max-width: 1024px) 100vw, 1024px\" \/><figcaption class=\"wp-element-caption\">Grenoble. Cr\u00e9ditos: depositphotos.com \/ skazarphoto<\/figcaption><\/figure>\n\n\n\n<h2 class=\"wp-block-heading\">Por que Grenoble apostou nas crian\u00e7as como decisores?<\/h2>\n\n\n\n<p>A proposta faz parte de um plano maior de <strong>cidadania ativa e educa\u00e7\u00e3o democr\u00e1tica<\/strong>, com objetivos como:<\/p>\n\n\n\n<ul class=\"wp-block-list\">\n<li>Ensinar desde cedo sobre <strong>direitos, deveres e processos p\u00fablicos<\/strong><\/li>\n\n\n\n<li>Criar senso de pertencimento, responsabilidade e <strong>orgulho pelo espa\u00e7o urbano<\/strong><\/li>\n\n\n\n<li>Estimular o di\u00e1logo, a criatividade e a <strong>empatia na tomada de decis\u00f5es coletivas<\/strong><\/li>\n\n\n\n<li>Formar gera\u00e7\u00f5es mais conscientes, participativas e engajadas politicamente<\/li>\n<\/ul>\n\n\n\n<p>Al\u00e9m disso, a cidade reconhece que <strong>as crian\u00e7as vivem e sentem a cidade de um jeito \u00fanico \u2014 e suas ideias costumam ser pr\u00e1ticas, criativas e inclusivas<\/strong>.<\/p>\n\n\n\n<h2 class=\"wp-block-heading\">Curiosidades sobre o projeto de Grenoble<\/h2>\n\n\n\n<ul class=\"wp-block-list\">\n<li>Uma das propostas mais votadas foi a <strong>cria\u00e7\u00e3o de cabanas de leitura em parques p\u00fablicos<\/strong><\/li>\n\n\n\n<li>As crian\u00e7as participam de <strong>cerim\u00f4nias de entrega dos projetos<\/strong> e acompanham sua execu\u00e7\u00e3o<\/li>\n\n\n\n<li>O or\u00e7amento destinado ao programa <strong>\u00e9 fixado anualmente<\/strong> e pode representar at\u00e9 <strong>5% do total dedicado a espa\u00e7os educacionais e p\u00fablicos<\/strong><\/li>\n\n\n\n<li>Outras cidades francesas, como Nantes e Lyon, estudam <strong>replicar o modelo<\/strong><\/li>\n\n\n\n<li>Os pais e professores relatam <strong>aumento no interesse das crian\u00e7as por temas como pol\u00edtica, meio ambiente e urbanismo<\/strong><\/li>\n<\/ul>\n\n\n\n<p>Grenoble mostra que <strong>cidadania se aprende praticando \u2014 e que dar voz \u00e0s crian\u00e7as \u00e9 apostar num futuro urbano mais justo, criativo e verdadeiramente participativo.<\/strong><\/p>\n","protected":false},"excerpt":{"rendered":"<p>Em Grenoble, Fran\u00e7a, crian\u00e7as ajudam a decidir o or\u00e7amento da cidade. Conhe\u00e7a o projeto onde a inf\u00e2ncia tamb\u00e9m planeja o futuro urbano.<\/p>\n","protected":false},"author":3,"featured_media":21446,"comment_status":"open","ping_status":"open","sticky":false,"template":"","format":"standard","meta":{"_yoast_wpseo_focuskw":"cidade crian\u00e7as or\u00e7amento","_yoast_wpseo_title":"%%title%%","_yoast_wpseo_metadesc":"Em Grenoble, Fran\u00e7a, crian\u00e7as ajudam a decidir o or\u00e7amento da cidade. Conhe\u00e7a o projeto onde a inf\u00e2ncia tamb\u00e9m planeja o futuro urbano.","jnews-multi-image_gallery":[],"jnews_single_post":{"format":"standard"},"jnews_primary_category":[],"jnews_social_meta":[],"jnews_override_counter":[],"footnotes":""},"categories":[108],"tags":[109],"class_list":["post-21445","post","type-post","status-publish","format-standard","has-post-thumbnail","hentry","category-cidades","tag-cidades"],"yoast_head":"<!-- This site is optimized with the Yoast SEO plugin v24.6 - https:\/\/yoast.com\/wordpress\/plugins\/seo\/ -->\n<title>Conhe\u00e7a a cidade onde crian\u00e7as decidem parte do or\u00e7amento municipal<\/title>\n<meta name=\"description\" content=\"Em Grenoble, Fran\u00e7a, crian\u00e7as ajudam a decidir o or\u00e7amento da cidade. Conhe\u00e7a o projeto onde a inf\u00e2ncia tamb\u00e9m planeja o futuro urbano.\" \/>\n<meta name=\"robots\" content=\"index, follow, max-snippet:-1, max-image-preview:large, max-video-preview:-1\" \/>\n<link rel=\"canonical\" href=\"https:\/\/www.correiobraziliense.com.br\/cbradar\/conheca-a-cidade-onde-criancas-decidem-parte-do-orcamento-municipal\/\" \/>\n<meta property=\"og:locale\" content=\"pt_BR\" \/>\n<meta property=\"og:type\" content=\"article\" \/>\n<meta property=\"og:title\" content=\"Conhe\u00e7a a cidade onde crian\u00e7as decidem parte do or\u00e7amento municipal\" \/>\n<meta property=\"og:description\" content=\"Em Grenoble, Fran\u00e7a, crian\u00e7as ajudam a decidir o or\u00e7amento da cidade. Conhe\u00e7a o projeto onde a inf\u00e2ncia tamb\u00e9m planeja o futuro urbano.\" \/>\n<meta property=\"og:url\" content=\"https:\/\/www.correiobraziliense.com.br\/cbradar\/conheca-a-cidade-onde-criancas-decidem-parte-do-orcamento-municipal\/\" \/>\n<meta property=\"og:site_name\" content=\"Correio Braziliense - Radar\" \/>\n<meta property=\"article:published_time\" content=\"2025-04-12T10:30:00+00:00\" \/>\n<meta property=\"og:image\" content=\"https:\/\/www.correiobraziliense.com.br\/cbradar\/wp-content\/uploads\/2025\/04\/Grenoble_1744240159327.jpg\" \/>\n\t<meta property=\"og:image:width\" content=\"1280\" \/>\n\t<meta property=\"og:image:height\" content=\"720\" \/>\n\t<meta property=\"og:image:type\" content=\"image\/jpeg\" \/>\n<meta name=\"author\" content=\"Larissa Carvalho\" \/>\n<meta name=\"twitter:card\" content=\"summary_large_image\" \/>\n<meta name=\"twitter:label1\" content=\"Escrito por\" \/>\n\t<meta name=\"twitter:data1\" content=\"Larissa Carvalho\" \/>\n\t<meta name=\"twitter:label2\" content=\"Est. tempo de leitura\" \/>\n\t<meta name=\"twitter:data2\" content=\"3 minutos\" \/>\n<!-- \/ Yoast SEO plugin. -->","yoast_head_json":{"title":"Conhe\u00e7a a cidade onde crian\u00e7as decidem parte do or\u00e7amento municipal","description":"Em Grenoble, Fran\u00e7a, crian\u00e7as ajudam a decidir o or\u00e7amento da cidade. Conhe\u00e7a o projeto onde a inf\u00e2ncia tamb\u00e9m planeja o futuro urbano.","robots":{"index":"index","follow":"follow","max-snippet":"max-snippet:-1","max-image-preview":"max-image-preview:large","max-video-preview":"max-video-preview:-1"},"canonical":"https:\/\/www.correiobraziliense.com.br\/cbradar\/conheca-a-cidade-onde-criancas-decidem-parte-do-orcamento-municipal\/","og_locale":"pt_BR","og_type":"article","og_title":"Conhe\u00e7a a cidade onde crian\u00e7as decidem parte do or\u00e7amento municipal","og_description":"Em Grenoble, Fran\u00e7a, crian\u00e7as ajudam a decidir o or\u00e7amento da cidade. Conhe\u00e7a o projeto onde a inf\u00e2ncia tamb\u00e9m planeja o futuro urbano.","og_url":"https:\/\/www.correiobraziliense.com.br\/cbradar\/conheca-a-cidade-onde-criancas-decidem-parte-do-orcamento-municipal\/","og_site_name":"Correio Braziliense - Radar","article_published_time":"2025-04-12T10:30:00+00:00","og_image":[{"width":1280,"height":720,"url":"https:\/\/www.correiobraziliense.com.br\/cbradar\/wp-content\/uploads\/2025\/04\/Grenoble_1744240159327.jpg","type":"image\/jpeg"}],"author":"Larissa Carvalho","twitter_card":"summary_large_image","twitter_misc":{"Escrito por":"Larissa Carvalho","Est. tempo de leitura":"3 minutos"},"schema":{"@context":"https:\/\/schema.org","@graph":[{"@type":"WebPage","@id":"https:\/\/www.correiobraziliense.com.br\/cbradar\/conheca-a-cidade-onde-criancas-decidem-parte-do-orcamento-municipal\/","url":"https:\/\/www.correiobraziliense.com.br\/cbradar\/conheca-a-cidade-onde-criancas-decidem-parte-do-orcamento-municipal\/","name":"Conhe\u00e7a a cidade onde crian\u00e7as decidem parte do or\u00e7amento municipal","isPartOf":{"@id":"https:\/\/www.correiobraziliense.com.br\/cbradar\/#website"},"primaryImageOfPage":{"@id":"https:\/\/www.correiobraziliense.com.br\/cbradar\/conheca-a-cidade-onde-criancas-decidem-parte-do-orcamento-municipal\/#primaryimage"},"image":{"@id":"https:\/\/www.correiobraziliense.com.br\/cbradar\/conheca-a-cidade-onde-criancas-decidem-parte-do-orcamento-municipal\/#primaryimage"},"thumbnailUrl":"https:\/\/www.correiobraziliense.com.br\/cbradar\/wp-content\/uploads\/2025\/04\/Grenoble_1744240159327.jpg","datePublished":"2025-04-12T10:30:00+00:00","author":{"@id":"https:\/\/www.correiobraziliense.com.br\/cbradar\/#\/schema\/person\/58422787644df994b53a19d3e56c1513"},"description":"Em Grenoble, Fran\u00e7a, crian\u00e7as ajudam a decidir o or\u00e7amento da cidade. Conhe\u00e7a o projeto onde a inf\u00e2ncia tamb\u00e9m planeja o futuro urbano.","breadcrumb":{"@id":"https:\/\/www.correiobraziliense.com.br\/cbradar\/conheca-a-cidade-onde-criancas-decidem-parte-do-orcamento-municipal\/#breadcrumb"},"inLanguage":"pt-BR","potentialAction":[{"@type":"ReadAction","target":["https:\/\/www.correiobraziliense.com.br\/cbradar\/conheca-a-cidade-onde-criancas-decidem-parte-do-orcamento-municipal\/"]}]},{"@type":"ImageObject","inLanguage":"pt-BR","@id":"https:\/\/www.correiobraziliense.com.br\/cbradar\/conheca-a-cidade-onde-criancas-decidem-parte-do-orcamento-municipal\/#primaryimage","url":"https:\/\/www.correiobraziliense.com.br\/cbradar\/wp-content\/uploads\/2025\/04\/Grenoble_1744240159327.jpg","contentUrl":"https:\/\/www.correiobraziliense.com.br\/cbradar\/wp-content\/uploads\/2025\/04\/Grenoble_1744240159327.jpg","width":1280,"height":720,"caption":"Grenoble. Cr\u00e9ditos: depositphotos.com \/ Riska_Parakeet"},{"@type":"BreadcrumbList","@id":"https:\/\/www.correiobraziliense.com.br\/cbradar\/conheca-a-cidade-onde-criancas-decidem-parte-do-orcamento-municipal\/#breadcrumb","itemListElement":[{"@type":"ListItem","position":1,"name":"In\u00edcio","item":"https:\/\/www.correiobraziliense.com.br\/cbradar\/"},{"@type":"ListItem","position":2,"name":"Conhe\u00e7a a cidade onde crian\u00e7as decidem parte do or\u00e7amento municipal"}]},{"@type":"WebSite","@id":"https:\/\/www.correiobraziliense.com.br\/cbradar\/#website","url":"https:\/\/www.correiobraziliense.com.br\/cbradar\/","name":"Correio Braziliense - Radar","description":"Acompanhe as \u00faltimas not\u00edcias e fique bem informado sobre tudo o que acontece no Brasil e no mundo.","potentialAction":[{"@type":"SearchAction","target":{"@type":"EntryPoint","urlTemplate":"https:\/\/www.correiobraziliense.com.br\/cbradar\/?s={search_term_string}"},"query-input":{"@type":"PropertyValueSpecification","valueRequired":true,"valueName":"search_term_string"}}],"inLanguage":"pt-BR"},{"@type":"Person","@id":"https:\/\/www.correiobraziliense.com.br\/cbradar\/#\/schema\/person\/58422787644df994b53a19d3e56c1513","name":"Larissa Carvalho","image":{"@type":"ImageObject","inLanguage":"pt-BR","@id":"https:\/\/www.correiobraziliense.com.br\/cbradar\/#\/schema\/person\/image\/","url":"https:\/\/secure.gravatar.com\/avatar\/fe4f91a0de32b52a838d0d612abdc1aa?s=96&d=mm&r=g","contentUrl":"https:\/\/secure.gravatar.com\/avatar\/fe4f91a0de32b52a838d0d612abdc1aa?s=96&d=mm&r=g","caption":"Larissa Carvalho"},"url":"https:\/\/www.correiobraziliense.com.br\/cbradar\/author\/larissamyth\/"}]}},"_links":{"self":[{"href":"https:\/\/www.correiobraziliense.com.br\/cbradar\/wp-json\/wp\/v2\/posts\/21445","targetHints":{"allow":["GET"]}}],"collection":[{"href":"https:\/\/www.correiobraziliense.com.br\/cbradar\/wp-json\/wp\/v2\/posts"}],"about":[{"href":"https:\/\/www.correiobraziliense.com.br\/cbradar\/wp-json\/wp\/v2\/types\/post"}],"author":[{"embeddable":true,"href":"https:\/\/www.correiobraziliense.com.br\/cbradar\/wp-json\/wp\/v2\/users\/3"}],"replies":[{"embeddable":true,"href":"https:\/\/www.correiobraziliense.com.br\/cbradar\/wp-json\/wp\/v2\/comments?post=21445"}],"version-history":[{"count":1,"href":"https:\/\/www.correiobraziliense.com.br\/cbradar\/wp-json\/wp\/v2\/posts\/21445\/revisions"}],"predecessor-version":[{"id":21448,"href":"https:\/\/www.correiobraziliense.com.br\/cbradar\/wp-json\/wp\/v2\/posts\/21445\/revisions\/21448"}],"wp:featuredmedia":[{"embeddable":true,"href":"https:\/\/www.correiobraziliense.com.br\/cbradar\/wp-json\/wp\/v2\/media\/21446"}],"wp:attachment":[{"href":"https:\/\/www.correiobraziliense.com.br\/cbradar\/wp-json\/wp\/v2\/media?parent=21445"}],"wp:term":[{"taxonomy":"category","embeddable":true,"href":"https:\/\/www.correiobraziliense.com.br\/cbradar\/wp-json\/wp\/v2\/categories?post=21445"},{"taxonomy":"post_tag","embeddable":true,"href":"https:\/\/www.correiobraziliense.com.br\/cbradar\/wp-json\/wp\/v2\/tags?post=21445"}],"curies":[{"name":"wp","href":"https:\/\/api.w.org\/{rel}","templated":true}]}}